{"id":114999,"date":"2020-01-29T06:44:27","date_gmt":"2020-01-29T05:44:27","guid":{"rendered":"https:\/\/www.radiopiu.net\/wordpress\/?p=114999"},"modified":"2020-01-29T06:44:20","modified_gmt":"2020-01-29T05:44:20","slug":"eccolo-lhub-veneto-delle-dolomiti-di-luiss-business-school","status":"publish","type":"post","link":"https:\/\/www.radiopiu.net\/wordpress\/eccolo-lhub-veneto-delle-dolomiti-di-luiss-business-school\/","title":{"rendered":"ECCOLO: L&#8217;HUB VENETO DELLE DOLOMITI DI LUISS BUSINESS SCHOOL"},"content":{"rendered":"<p>&nbsp;<\/p>\n<p><strong>BELLUNO<\/strong>\u00a0 Inaugurato il nuovo polo di alta formazione rivolto alle imprese presenti nel Nord Est.\u00a0 Alla cerimonia di taglio del nastro della sede di Palazzo Bembo sono intervenuti il governatore della Regione Veneto, Luca Zaia, il presidente della Provincia di Belluno, Roberto Padrin, il sindaco di Belluno, Jacopo Massaro, la presidente di Confindustria Belluno Dolomiti, Maria Lorraine Berton, il presidente di Confindustria e Luiss, Vincenzo Boccia, e il presidente della Luiss Business School, Luigi Abete.e del territorio e dei destinatari.<\/p>\n<h3>DALLA REDAZIONE DI RADIO CLUB 103,\u00a0 BARBARA PAOLAZZI<\/h3>\n<audio class=\"wp-audio-shortcode\" id=\"audio-114999-1\" preload=\"none\" style=\"width: 100%;\" controls=\"controls\"><source type=\"audio\/mpeg\" src=\"https:\/\/www.radiopiu.net\/wordpress\/wp-content\/uploads\/2020\/01\/SERVIZIO-LUISS.mp3?_=1\" \/><a href=\"https:\/\/www.radiopiu.net\/wordpress\/wp-content\/uploads\/2020\/01\/SERVIZIO-LUISS.mp3\">https:\/\/www.radiopiu.net\/wordpress\/wp-content\/uploads\/2020\/01\/SERVIZIO-LUISS.mp3<\/a><\/audio>\n<h2><\/h2>\n<h2><span style=\"color: #ff0000;\">HANNO DETTO<\/span><\/h2>\n<p><strong>FEDERICO D&#8217;INCA<em>&#8216;<\/em><\/strong><em> \u201cL\u2019Hub \u2018Veneto delle Dolomiti\u2019 della Luiss Business School offre un importante contributo per lo sviluppo del territorio e rappresenta uno strumento di crescita e di formazione per i giovani\u201d. \u201cnei prossimi giorni sar\u00e0 anche approvata la Legge Olimpica da parte del Consiglio dei Ministri che diventer\u00e0 il tassello fondamentale per iniziare a lavorare sulle Olimpiadi del 2026: \u00e8 un\u2019altra promessa mantenuta da parte del Governo. Su questa Legge mi sono impegnato assieme al Ministro per lo Sport Vincenzo Spadafora\u201d.<\/em><\/p>\n<blockquote><p><em><strong>VINCENZO BOCCIA:<\/strong> \u00abLa Luiss conferma e rafforza la propria missione di essere vicina alle imprese&#8221; ha commentato il presidente di Confindustria e Luiss, Vincenzo Boccia.<\/em><\/p>\n<p><em><strong>LUIGI ABETE<\/strong> \u00abLuiss Business School si pone come punto di riferimento per la formazione in una regione ricca di eccellenze imprenditoriali e industriali&#8221;<\/em><\/p><\/blockquote>\n<p>&nbsp;<\/p>\n<p>&nbsp;<\/p>\n<div class=\"page-title-breadcrumbs\">\n<div class=\"page-title-breadcrumbs\">\n<p><a class=\"dt-pswp-item\" href=\"https:\/\/www.radiopiu.net\/wordpress\/wp-content\/uploads\/2020\/01\/1696d822-735a-4bf7-ba98-5f43fac29b41.jpg\" data-dt-img-description=\"\" data-large_image_width=\"1440\" data-large_image_height=\"960\"><img loading=\"lazy\" decoding=\"async\" class=\"alignnone wp-image-114990\" src=\"https:\/\/www.radiopiu.net\/wordpress\/wp-content\/uploads\/2020\/01\/1696d822-735a-4bf7-ba98-5f43fac29b41-300x200.jpg\" alt=\"\" width=\"200\" height=\"133\" srcset=\"https:\/\/www.radiopiu.net\/wordpress\/wp-content\/uploads\/2020\/01\/1696d822-735a-4bf7-ba98-5f43fac29b41-300x200.jpg 300w, https:\/\/www.radiopiu.net\/wordpress\/wp-content\/uploads\/2020\/01\/1696d822-735a-4bf7-ba98-5f43fac29b41-1024x683.jpg 1024w, https:\/\/www.radiopiu.net\/wordpress\/wp-content\/uploads\/2020\/01\/1696d822-735a-4bf7-ba98-5f43fac29b41-768x512.jpg 768w, https:\/\/www.radiopiu.net\/wordpress\/wp-content\/uploads\/2020\/01\/1696d822-735a-4bf7-ba98-5f43fac29b41.jpg 1440w\" sizes=\"auto, (max-width: 200px) 100vw, 200px\" \/><\/a><a class=\"dt-pswp-item\" href=\"https:\/\/www.radiopiu.net\/wordpress\/wp-content\/uploads\/2020\/01\/4684b170-4b35-47bc-b3c7-54815387b3bf.jpg\" data-dt-img-description=\"\" data-large_image_width=\"1440\" data-large_image_height=\"960\"><img loading=\"lazy\" decoding=\"async\" class=\"alignnone wp-image-114991\" src=\"https:\/\/www.radiopiu.net\/wordpress\/wp-content\/uploads\/2020\/01\/4684b170-4b35-47bc-b3c7-54815387b3bf-300x200.jpg\" alt=\"\" width=\"200\" height=\"133\" srcset=\"https:\/\/www.radiopiu.net\/wordpress\/wp-content\/uploads\/2020\/01\/4684b170-4b35-47bc-b3c7-54815387b3bf-300x200.jpg 300w, https:\/\/www.radiopiu.net\/wordpress\/wp-content\/uploads\/2020\/01\/4684b170-4b35-47bc-b3c7-54815387b3bf-1024x683.jpg 1024w, https:\/\/www.radiopiu.net\/wordpress\/wp-content\/uploads\/2020\/01\/4684b170-4b35-47bc-b3c7-54815387b3bf-768x512.jpg 768w, https:\/\/www.radiopiu.net\/wordpress\/wp-content\/uploads\/2020\/01\/4684b170-4b35-47bc-b3c7-54815387b3bf.jpg 1440w\" sizes=\"auto, (max-width: 200px) 100vw, 200px\" \/><\/a><\/p>\n<\/div>\n<\/div>\n<p><a class=\"dt-pswp-item\" href=\"https:\/\/www.radiopiu.net\/wordpress\/wp-content\/uploads\/2020\/01\/a8f2531e-2eda-477b-9244-c6a745350b5b.jpg\" data-dt-img-description=\"\" data-large_image_width=\"1440\" data-large_image_height=\"960\"><img loading=\"lazy\" decoding=\"async\" class=\"alignnone wp-image-114987\" src=\"https:\/\/www.radiopiu.net\/wordpress\/wp-content\/uploads\/2020\/01\/a8f2531e-2eda-477b-9244-c6a745350b5b-300x200.jpg\" alt=\"\" width=\"174\" height=\"116\" srcset=\"https:\/\/www.radiopiu.net\/wordpress\/wp-content\/uploads\/2020\/01\/a8f2531e-2eda-477b-9244-c6a745350b5b-300x200.jpg 300w, https:\/\/www.radiopiu.net\/wordpress\/wp-content\/uploads\/2020\/01\/a8f2531e-2eda-477b-9244-c6a745350b5b-1024x683.jpg 1024w, https:\/\/www.radiopiu.net\/wordpress\/wp-content\/uploads\/2020\/01\/a8f2531e-2eda-477b-9244-c6a745350b5b-768x512.jpg 768w, https:\/\/www.radiopiu.net\/wordpress\/wp-content\/uploads\/2020\/01\/a8f2531e-2eda-477b-9244-c6a745350b5b.jpg 1440w\" sizes=\"auto, (max-width: 174px) 100vw, 174px\" \/><\/a><a class=\"dt-pswp-item\" href=\"https:\/\/www.radiopiu.net\/wordpress\/wp-content\/uploads\/2020\/01\/3bbc84b1-505d-4e4f-b51c-17ae8b12d017.jpg\" data-dt-img-description=\"\" data-large_image_width=\"1600\" data-large_image_height=\"1200\"><img loading=\"lazy\" decoding=\"async\" class=\"alignnone wp-image-114988\" src=\"https:\/\/www.radiopiu.net\/wordpress\/wp-content\/uploads\/2020\/01\/3bbc84b1-505d-4e4f-b51c-17ae8b12d017-300x225.jpg\" alt=\"\" width=\"155\" height=\"116\" srcset=\"https:\/\/www.radiopiu.net\/wordpress\/wp-content\/uploads\/2020\/01\/3bbc84b1-505d-4e4f-b51c-17ae8b12d017-300x225.jpg 300w, https:\/\/www.radiopiu.net\/wordpress\/wp-content\/uploads\/2020\/01\/3bbc84b1-505d-4e4f-b51c-17ae8b12d017-1024x768.jpg 1024w, https:\/\/www.radiopiu.net\/wordpress\/wp-content\/uploads\/2020\/01\/3bbc84b1-505d-4e4f-b51c-17ae8b12d017-768x576.jpg 768w, https:\/\/www.radiopiu.net\/wordpress\/wp-content\/uploads\/2020\/01\/3bbc84b1-505d-4e4f-b51c-17ae8b12d017-1536x1152.jpg 1536w, https:\/\/www.radiopiu.net\/wordpress\/wp-content\/uploads\/2020\/01\/3bbc84b1-505d-4e4f-b51c-17ae8b12d017.jpg 1600w\" sizes=\"auto, (max-width: 155px) 100vw, 155px\" \/><\/a><a class=\"dt-pswp-item\" href=\"https:\/\/www.radiopiu.net\/wordpress\/wp-content\/uploads\/2020\/01\/b5912f2c-bfec-4b76-8194-c03f2af62406.jpg\" data-dt-img-description=\"\" data-large_image_width=\"1440\" data-large_image_height=\"960\"><img loading=\"lazy\" decoding=\"async\" class=\"alignnone wp-image-114989\" src=\"https:\/\/www.radiopiu.net\/wordpress\/wp-content\/uploads\/2020\/01\/b5912f2c-bfec-4b76-8194-c03f2af62406-300x200.jpg\" alt=\"\" width=\"174\" height=\"116\" srcset=\"https:\/\/www.radiopiu.net\/wordpress\/wp-content\/uploads\/2020\/01\/b5912f2c-bfec-4b76-8194-c03f2af62406-300x200.jpg 300w, https:\/\/www.radiopiu.net\/wordpress\/wp-content\/uploads\/2020\/01\/b5912f2c-bfec-4b76-8194-c03f2af62406-1024x683.jpg 1024w, https:\/\/www.radiopiu.net\/wordpress\/wp-content\/uploads\/2020\/01\/b5912f2c-bfec-4b76-8194-c03f2af62406-768x512.jpg 768w, https:\/\/www.radiopiu.net\/wordpress\/wp-content\/uploads\/2020\/01\/b5912f2c-bfec-4b76-8194-c03f2af62406.jpg 1440w\" sizes=\"auto, (max-width: 174px) 100vw, 174px\" \/><\/a><\/p>\n<p><strong>FOTO, Luca Zanfron.<\/strong><\/p>\n<h1><\/h1>\n<h3>E NEL POMERIGGIO L&#8217;ASSEMBLEA DI CONFINDUSTRIA BELLUNO_DOLOMITI<\/h3>\n<p><strong>la Relazione della Presidente Lorraine Berton all\u2019Assemblea Generale 2020 di Confindustria Belluno Dolomiti<\/strong><\/p>\n<div class=\"su-document su-u-responsive-media-no\"><iframe loading=\"lazy\" src=\"\/\/docs.google.com\/viewer?embedded=true&url=https:\/\/www.radiopiu.net\/wordpress\/wp-content\/uploads\/2020\/01\/RELAZIONE_PRESIDENTE_LBERTON_STAMPA-1.pdf\" width=\"600\" height=\"800\" class=\"su-document\" title=\"cc\"><\/iframe><\/div>\n<p>&nbsp;<\/p>\n<p>&nbsp;<\/p>\n","protected":false},"excerpt":{"rendered":"<p>&nbsp; BELLUNO\u00a0 Inaugurato il nuovo polo di alta formazione rivolto alle imprese presenti nel Nord Est.\u00a0 Alla cerimonia di taglio del nastro della sede di Palazzo Bembo sono intervenuti il governatore della Regione Veneto, Luca Zaia, il presidente della Provincia di Belluno, Roberto Padrin, il sindaco di Belluno, Jacopo Massaro, la presidente di Confindustria Belluno&hellip;<\/p>\n","protected":false},"author":1,"featured_media":114991,"comment_status":"closed","ping_status":"closed","sticky":false,"template":"","format":"standard","meta":{"_monsterinsights_skip_tracking":false,"_monsterinsights_sitenote_active":false,"_monsterinsights_sitenote_note":"","_monsterinsights_sitenote_category":0,"footnotes":""},"categories":[49],"tags":[],"class_list":["post-114999","post","type-post","status-publish","format-standard","has-post-thumbnail","hentry","category-news-18","category-49","description-off"],"img_url":"https:\/\/www.radiopiu.net\/wordpress\/wp-content\/uploads\/2020\/01\/4684b170-4b35-47bc-b3c7-54815387b3bf.jpg","_links":{"self":[{"href":"https:\/\/www.radiopiu.net\/wordpress\/wp-json\/wp\/v2\/posts\/114999","targetHints":{"allow":["GET"]}}],"collection":[{"href":"https:\/\/www.radiopiu.net\/wordpress\/wp-json\/wp\/v2\/posts"}],"about":[{"href":"https:\/\/www.radiopiu.net\/wordpress\/wp-json\/wp\/v2\/types\/post"}],"author":[{"embeddable":true,"href":"https:\/\/www.radiopiu.net\/wordpress\/wp-json\/wp\/v2\/users\/1"}],"replies":[{"embeddable":true,"href":"https:\/\/www.radiopiu.net\/wordpress\/wp-json\/wp\/v2\/comments?post=114999"}],"version-history":[{"count":0,"href":"https:\/\/www.radiopiu.net\/wordpress\/wp-json\/wp\/v2\/posts\/114999\/revisions"}],"wp:featuredmedia":[{"embeddable":true,"href":"https:\/\/www.radiopiu.net\/wordpress\/wp-json\/wp\/v2\/media\/114991"}],"wp:attachment":[{"href":"https:\/\/www.radiopiu.net\/wordpress\/wp-json\/wp\/v2\/media?parent=114999"}],"wp:term":[{"taxonomy":"category","embeddable":true,"href":"https:\/\/www.radiopiu.net\/wordpress\/wp-json\/wp\/v2\/categories?post=114999"},{"taxonomy":"post_tag","embeddable":true,"href":"https:\/\/www.radiopiu.net\/wordpress\/wp-json\/wp\/v2\/tags?post=114999"}],"curies":[{"name":"wp","href":"https:\/\/api.w.org\/{rel}","templated":true}]}}