{"id":115121,"date":"2020-01-30T05:39:20","date_gmt":"2020-01-30T04:39:20","guid":{"rendered":"https:\/\/www.radiopiu.net\/wordpress\/?p=115121"},"modified":"2020-01-30T09:48:26","modified_gmt":"2020-01-30T08:48:26","slug":"gp","status":"publish","type":"post","link":"https:\/\/www.radiopiu.net\/wordpress\/gp\/","title":{"rendered":"GIORNALE RADIOPIU 30 GENNAIO 2020 direttore Mirko Mezzacasa"},"content":{"rendered":"<p>&nbsp;<\/p>\n<hr \/>\n<p>&nbsp;<\/p>\n<p><span style=\"color: #0000ff;\"><strong>IL NUOVO CANALE RADIO PIU INFORMAZIONE<\/strong><\/span><\/p>\n<p><strong>per ricevere sul tuo telefono le notizie dalla redazione di Radio Pi\u00f9. Gli aggiornamenti in tempo reale. <\/strong><span style=\"color: #0000ff;\">\u00a0<\/span><span style=\"color: #0000ff;\">RADIO PIU INFORMAZIONE\u00a0<a href=\"https:\/\/t.me\/radiopiu\"> https:\/\/t.me\/radiopiu<\/a><\/span><\/p>\n<p>&nbsp;<\/p>\n<hr \/>\n<p>&nbsp;<\/p>\n<p>&nbsp;<\/p>\n<h2><span style=\"color: #ff0000;\">OGGI, STRADE CHIUSE\u00a0<\/span><\/h2>\n<p><strong>PROVINCIALE 3 VAL IMPERINA, FINO\u00a0 AL 7 FEBBRAIO CHIUSURA DALLE 8 ALLE 9.45, 10-11.45, 13,30-15.15 E 15.30-1730. SOLO NEI GIORNI FERIALI DAL LUNEDI AL VENERDI. localita&#8217; Corde Mole tra Rivamonte e Gosaldo dove sono previste le operazioni di taglio alberi<\/strong><\/p>\n<p><strong>563 di SALESEI tra PIAN DI SALESEI E SALESEI\u00a0 FINO AL 21 febbraio esclusi festivi e prefestivi INTERDIZIONE TOTALE AL TRAFFICO dalle 9 alle 17 per rimozione schianti. negli altri orari senso unico con semaforo<\/strong><\/p>\n<p><strong>PONTE NELLE ALPI <em>Dal 3 febbraio e fino al 27 marzo, il traffico della statale 50, all&#8217;altezza dell&#8217;innesto con via dei Zattieri (che verr\u00e0 chiusa), sar\u00e0 deviato nel tratto di nuova rotatoria realizzata all&#8217;interno dell&#8217;area ex Comedil.<\/em><\/strong><\/p>\n<p>&nbsp;<\/p>\n<p>&nbsp;<\/p>\n<hr \/>\n<p>&nbsp;<\/p>\n<p>&nbsp;<\/p>\n<h2>MUORE A 18 ANNI PER UN MALORE,\u00a0 PERCHE&#8217; ?<\/h2>\n<p><a class=\"dt-pswp-item\" href=\"https:\/\/www.radiopiu.net\/wordpress\/wp-content\/uploads\/2020\/01\/gdfggdf.jpg\" data-dt-img-description=\"\" data-large_image_width=\"960\" data-large_image_height=\"540\"><img loading=\"lazy\" decoding=\"async\" class=\"alignnone wp-image-115186 size-full\" src=\"https:\/\/www.radiopiu.net\/wordpress\/wp-content\/uploads\/2020\/01\/gdfggdf.jpg\" alt=\"\" width=\"960\" height=\"540\" srcset=\"https:\/\/www.radiopiu.net\/wordpress\/wp-content\/uploads\/2020\/01\/gdfggdf.jpg 960w, https:\/\/www.radiopiu.net\/wordpress\/wp-content\/uploads\/2020\/01\/gdfggdf-300x169.jpg 300w, https:\/\/www.radiopiu.net\/wordpress\/wp-content\/uploads\/2020\/01\/gdfggdf-768x432.jpg 768w\" sizes=\"auto, (max-width: 960px) 100vw, 960px\" \/><\/a><\/p>\n<p><strong><a class=\"dt-pswp-item\" href=\"https:\/\/www.radiopiu.net\/wordpress\/wp-content\/uploads\/2020\/01\/69550841_376682259945471_5458964224183107584_n.jpg\" data-dt-img-description=\"\" data-large_image_width=\"959\" data-large_image_height=\"960\"><img loading=\"lazy\" decoding=\"async\" class=\"wp-image-115191 alignleft\" src=\"https:\/\/www.radiopiu.net\/wordpress\/wp-content\/uploads\/2020\/01\/69550841_376682259945471_5458964224183107584_n-300x300.jpg\" alt=\"\" width=\"97\" height=\"97\" srcset=\"https:\/\/www.radiopiu.net\/wordpress\/wp-content\/uploads\/2020\/01\/69550841_376682259945471_5458964224183107584_n-300x300.jpg 300w, https:\/\/www.radiopiu.net\/wordpress\/wp-content\/uploads\/2020\/01\/69550841_376682259945471_5458964224183107584_n-150x150.jpg 150w, https:\/\/www.radiopiu.net\/wordpress\/wp-content\/uploads\/2020\/01\/69550841_376682259945471_5458964224183107584_n-768x769.jpg 768w, https:\/\/www.radiopiu.net\/wordpress\/wp-content\/uploads\/2020\/01\/69550841_376682259945471_5458964224183107584_n.jpg 959w\" sizes=\"auto, (max-width: 97px) 100vw, 97px\" \/><\/a><\/strong><\/p>\n<p><strong>ALPAGO<\/strong> E&#8217; morta l&#8217;altra notte\u00a0 in Alpago nella sua casa di Tignes in seguito ad un malore, una tragedia per l&#8217;Alpago dove Lisa Collazuol \u00e8 nata e cresciuta. Era un&#8217;atleta del Rugby Alpago, studiava a Vittorio Veneto. Lascia la mamma Natasha, il pap\u00e0 Enrico e il fratello Alex.<\/p>\n<blockquote><p>La scorsa settimana un intervento chirurgico (mercoledi scorso per appendicite all&#8217;ospedale di Belluno) e ieri avrebbe dovuto ritornare a scuola. Comunit\u00e0 attonita, si attende l&#8217;autopsia per dare una spiegazione alla morte di una giovane di soli 18 anni. E&#8217; stata la mamma Natasha a rendersi conto di quanto accaduto quando ieri mattina ha provato a svegliare Lisa, ma era gi\u00e0 in arresto cardiaco e tutti i tentativi per riportarla in vita sono risultati vani. Anche per pap\u00e0 Enrico \u00e8 una morte inspiegabile soprattutto perch\u00e9 la sera aveva visto la figlia serena, lamentava un lieve male al braccio ma nulla che avesse potuto far presagire al peggio.<\/p><\/blockquote>\n<p>Disperato Enrico Schirru, presidente del Rugby Alpago Asd.Lisa Collazuol portava la maglia della squadra, il pap\u00e0 Enrico \u00e8 dirigente e allenatore. Anche la mamma ha sempre collaborato con la societ\u00e0,\u00a0 seguendo la cucina del club per le cene del venerd\u00ec sera. Sospese tutte le attivit\u00e0 nel ricordo di Lisa.<\/p>\n<h3>SUI SOCIAL TANTI MESSAGGI&#8230;<\/h3>\n<p><strong>A LISA&#8230;<\/strong><\/p>\n<p><em>&#8220;E non mi restano davvero parole. Oggi ancora meno,non riesco ad esprimere ci\u00f2 che nonostante i mille litigi sei stata per me. Oggi non sei pi\u00f9 tra di noi fisicamente ma vivi nei nostri cuori per sempre\u00a0 Non mi resta che dirti grazie piccolo angelo per tutti i momenti belli ma anche brutti che abbiamo passato assieme,oggi stai volando lass\u00f9 dove quando alzeremo lo sguardo ti vedremo brillare,ti vedremo giocare ed insegnare le mosse del rugby \u00a0come tu sai fare. Ciao piccola<span class=\"text_exposed_hide\">&#8230;&#8221; <strong>Cristiana<\/strong><\/span><\/em><\/p>\n<p><em>&#8220;E..ora chi mi racconter\u00e0 tutte le news,cosa far\u00f2 al beach rugby senza te non \u00e8 giusto &#8230;.ci mancherai e tanto&#8221; <strong>Marta<\/strong><\/em><\/p>\n<p><em>&#8220;Rester\u00e0 sempre viva nei nostri cuori.. Grande dolomitica rugby&#8230;<\/em>&#8221; <strong>Marica<\/strong><\/p>\n<p>&nbsp;<\/p>\n<p>&nbsp;<\/p>\n<p>&nbsp;<\/p>\n<hr \/>\n<h2><\/h2>\n<p>&nbsp;<\/p>\n<blockquote>\n<h2>FERMATI SUL BOSCON CON L&#8217;AUTO PIENA DI SUPER ALCOOLICI RUBATI NEL POMERIGGIO<\/h2>\n<\/blockquote>\n<blockquote>\n<h3><em>Due rumeni denunciati per furto e ricettazione\u00a0 di liquori per oltre 800 euro<\/em><\/h3>\n<\/blockquote>\n<p><a class=\"dt-pswp-item\" href=\"https:\/\/www.radiopiu.net\/wordpress\/wp-content\/uploads\/2020\/01\/a73be891-5cb8-4a35-9d1a-ebca844e959f.jpg\" data-dt-img-description=\"\" data-large_image_width=\"320\" data-large_image_height=\"212\"><img loading=\"lazy\" decoding=\"async\" class=\" wp-image-115109 alignleft\" src=\"https:\/\/www.radiopiu.net\/wordpress\/wp-content\/uploads\/2020\/01\/a73be891-5cb8-4a35-9d1a-ebca844e959f-300x199.jpg\" alt=\"\" width=\"207\" height=\"137\" srcset=\"https:\/\/www.radiopiu.net\/wordpress\/wp-content\/uploads\/2020\/01\/a73be891-5cb8-4a35-9d1a-ebca844e959f-300x199.jpg 300w, https:\/\/www.radiopiu.net\/wordpress\/wp-content\/uploads\/2020\/01\/a73be891-5cb8-4a35-9d1a-ebca844e959f.jpg 320w\" sizes=\"auto, (max-width: 207px) 100vw, 207px\" \/><\/a><strong>BELLUNO<\/strong> Due cittadini rumeni M.E. 30 anni, e M.N. 26 domiciliati in provincia di Verona sono stati denunciati a piede libero dai Carabinieri del Norm.<\/p>\n<p>All&#8217;interno\u00a0 dell&#8217;auto (nel corso di un controllo lungo la strada del Boscon)\u00a0 i militari hanno trovato 21 bottiglie di liquore di elevato valore. I due non hanno saputo giustificarne il possesso. Gli alcoolici &#8211; anche bottiglie di champagne &#8211;\u00a0 sono il bottino di\u00a0 furti perpetrati nel pomeriggio\u00a0 al supermercato Kanguro di Belluno e in altri esercizi commerciali.\u00a0 Gli accertamenti dei Carabinieri continuano per risalire agli esercizi commerciali dove sono state rubate altre bottiglie oltre al supermercato Kanguro.<\/p>\n<p>&nbsp;<\/p>\n<p>&nbsp;<\/p>\n<hr \/>\n<p>&nbsp;<\/p>\n<p>&nbsp;<\/p>\n<h2>TRE SOCIETA&#8217; E SEI BELLUNESI COINVOLTE NELLA FRODE DELL&#8217;IVA<\/h2>\n<p><strong>BELLUNO<\/strong> La Guardia di finanza di Bolzano ha scoperto una frode all&#8217;Iva nel settore del commercio di prodotti petroliferi. Il Gip ha cos\u00ec disposto un sequestro preventivo di 1,3 milioni di euro presso vari istituti bancari del nord Italia. Sei persone, tutte bellunesi, sono state segnalate alla procura.\u00a0 Emettevano fatture false tra aziende tra loro diverse, il boss un novantenne di Belluno intestatario delle societ\u00e0\u00a0 gestite dalla figlia.<\/p>\n<p>&nbsp;<\/p>\n<p>&nbsp;<\/p>\n<hr \/>\n<h2><\/h2>\n<p>&nbsp;<\/p>\n<h3>ARRESTATI DUE GHANESI PER SEQUESTRO E RAPINA<\/h3>\n<p><strong>\u00a0TREVISO<\/strong> E.K., 28 anni, italiano di origine ghanese, e O.A.M., 31 anni, cittadino ghanese sono stati arrestati dai Carabinieri di Castelfranco. Due ragazze, entrambi diciassettenni e originarie di Sospirolo e Borgo Valbelluna, erano in un appartamento di via Vittorio Veneto a Resana, dove abita E.K., insieme all&#8217;amico pi\u00f9 anziano.Il padrone di casa si sarebbe accorto che erano spariti dei soldi, di qui l&#8217;accusa agli ospiti con minacce, un coltello e botte. Per le due 17enni\u00a0 traumi e contusioni con una prognosi di una decina di giorni. Per il momento E.K. e O.A.M. hanno rimediato dal giudice per le indagini preliminari l&#8217;obbligo di dimora a Resana e l&#8217;obbligo di firma alla caserma dei carabinieri. Non \u00e8 da escludere che le ragazze siano state trattenute contro la loro volont\u00e0 all&#8217;interno dell&#8217;appartamento.<\/p>\n<p>&nbsp;<\/p>\n<p>&nbsp;<\/p>\n<hr \/>\n<p>&nbsp;<\/p>\n<p><strong>COLLE SANTA LUCIA.<\/strong> Nell&#8217;agosto di 5 anni f\u00e0 Giuliano Tiziano, operaio del Consorzio Triveneto Rocciatori di Fonzaso, precipit\u00f2 dal paravalanghe,\u00a0 Il presidente Diego Dalla Rosa \u00e8 in tribunale a rispondere di lesioni colpose. Tiziani\u00a0 dall&#8217;Inail ha avuto 10 mila euro e non si \u00e8 costituito parte civile. Riport\u00f2\u00a0 trauma cranico con contusioni cerebrali multiple e trauma facciale per un totale di 189 giorni di prognosi. \u00c8 tornato al lavoro, ma alcune delle lesioni sono permanenti.\u00a0 Diego Dalla Rosa \u00e8 difeso dall&#8217;avvocato Licini,\u00a0 i testimoni della difesa saranno in aula prossimamente. (Corriere delle Alpi).<\/p>\n<p>&nbsp;<\/p>\n<hr \/>\n<p>&nbsp;<\/p>\n<p>&nbsp;<\/p>\n<blockquote>\n<h2>CAI DI AGORDO IN PRIMA LINEA, A SCUOLA SUI SENTIERI<\/h2>\n<\/blockquote>\n<p><strong><a class=\"dt-pswp-item\" href=\"https:\/\/www.radiopiu.net\/wordpress\/wp-content\/uploads\/2020\/01\/2ff1a30c-f2b3-4a6c-92d2-19df58df1d6d.jpg\" data-dt-img-description=\"\" data-large_image_width=\"960\" data-large_image_height=\"539\"><img loading=\"lazy\" decoding=\"async\" class=\"size-medium wp-image-115139 alignleft\" src=\"https:\/\/www.radiopiu.net\/wordpress\/wp-content\/uploads\/2020\/01\/2ff1a30c-f2b3-4a6c-92d2-19df58df1d6d-300x168.jpg\" alt=\"\" width=\"300\" height=\"168\" srcset=\"https:\/\/www.radiopiu.net\/wordpress\/wp-content\/uploads\/2020\/01\/2ff1a30c-f2b3-4a6c-92d2-19df58df1d6d-300x168.jpg 300w, https:\/\/www.radiopiu.net\/wordpress\/wp-content\/uploads\/2020\/01\/2ff1a30c-f2b3-4a6c-92d2-19df58df1d6d-768x431.jpg 768w, https:\/\/www.radiopiu.net\/wordpress\/wp-content\/uploads\/2020\/01\/2ff1a30c-f2b3-4a6c-92d2-19df58df1d6d.jpg 960w\" sizes=\"auto, (max-width: 300px) 100vw, 300px\" \/><\/a>AGORDO<\/strong> &#8220;Alternanza Scuola-Lavoro sui sentieri CAI&#8221; \u00e8 l\u2019esperienza che gli studenti delle scuole secondarie di secondo grado e i giovani sono chiamati a svolgere per conoscere e vivere da protagonisti l\u2019ambiente montano. Il progetto \u00e8\u00a0 ideato dal CAI Veneto, insieme alle sezioni locali di Agordo, Belluno, Treviso e Cimolais, e dalla SAT Centrale. Sar\u00e0 realizzato nell&#8217;estate 2020 grazie anche al supporto della Fondazione Dolomiti UNESCO.\u00a0 Coinvolti oltre 60 studenti di Treviso che saranno chiamati ad un intervento di ripristino e manutenzione di alcuni sentieri CAI nella zona di Agordo. I ragazzi dell\u2019alpinismo giovanile effettueranno un percorso formativo che culminer\u00e0 in un campo di\u00a0 quattro giornate dedicate alla manutenzione dei sentieri. Nel giugno scorso decine di giovani hanno imparato a gestire i sentieri intorno al Pelmo.<\/p>\n<p>FOTO: newsletter Fondazione Dolomiti UNESCO &#8211; Gennaio 2020<\/p>\n<p>&nbsp;<\/p>\n<p>&nbsp;<\/p>\n<hr \/>\n<h2><\/h2>\n<h2><\/h2>\n<h2>AGORDO NON SOLO AUTOVELOX MA CONTROLLO DEL TERRITORIO<\/h2>\n<p><strong><a class=\"dt-pswp-item\" href=\"https:\/\/www.radiopiu.net\/wordpress\/wp-content\/uploads\/2020\/01\/download-9.jpg\" data-dt-img-description=\"\" data-large_image_width=\"194\" data-large_image_height=\"259\"><img loading=\"lazy\" decoding=\"async\" class=\"size-full wp-image-115157 alignleft\" src=\"https:\/\/www.radiopiu.net\/wordpress\/wp-content\/uploads\/2020\/01\/download-9.jpg\" alt=\"\" width=\"194\" height=\"259\" \/><\/a>AGORDO<\/strong> A pochi giorni dal termine naturale della precedente legislatura il sindaco di Agordo, Sisto Da Roit, aveva preannunciato in consiglio comunale una spesa da oltre 30 mila euro per dotare la citt\u00e0 di due nuovi autovelox,\u00a0 a Bries di Agordo e in localit\u00e0 Pragrande lungo la regionale 203 agordina, dove il traffico \u00e8 certamente maggiore rispetto a Veran (verso La Valle lungo la 347 del Duran e Cereda).\u00a0Due autovelox della nuova generazione in sostituzione dei contenitori in\u00a0 lamiera che oggi costeggiano la 203 agordina, cio\u00e8 come a Vare di San Tomaso dove \u00e8 in corso il montaggio del nuovo impianto. Il sindaco di Agordo Roberto Chissal\u00e8 conferma che quella spesa al momento \u00e8 congelata, non sar\u00e0 cambiato nessun autovelox. <em>&#8220;Stiamo pensando anche ad altro non solo al controllo della velocit\u00e0 con l&#8217;autovelox, ci sono anche altre iniziative che fanno da deterrente alla velocit\u00e0 e anche a garantire la sicurezza&#8221; <\/em>Lo chiarisce il sindaco Roberto Chissal\u00e8 che anticipa come il pensiero dell&#8217;attuale gruppo di Governo sia quello di un maggiore presidio del territorio usando al meglio le risorse umane disponibili.<em>\u00a0&#8220;Tra l&#8217;altro &#8211; dice il sindaco &#8211; ora siamo alle prese con un problema, un vigile in meno visto che a fine anno uno dei due ha raggiunto l&#8217;et\u00e0 pensionabile. A breve ci saranno i concorsi&#8221;.<\/em> Ad Agordo il capitolo &#8220;sanzioni&#8221; almeno con riferimento agli ultimi anni somma non pi\u00f9 di 30 mila euro, ben diverso da altri Comuni che con le sanzioni danno una bella sistemata al bilancio, si presume comunque destinando il denaro delle contravvenzioni al miglioramento e alla sicurezza della viabilit\u00e0. (MM)<\/p>\n<p>&nbsp;<\/p>\n<p>&nbsp;<\/p>\n<p>&nbsp;<\/p>\n<hr \/>\n<h2><\/h2>\n<p>&nbsp;<\/p>\n<h2>GIORNATA OLIMPICA, IL GIORNO DOPO<\/h2>\n<p><strong><a class=\"dt-pswp-item\" href=\"https:\/\/www.radiopiu.net\/wordpress\/wp-content\/uploads\/2020\/01\/96e66955-ae47-413b-b22a-697036198a60.jpg\" data-dt-img-description=\"\" data-large_image_width=\"1440\" data-large_image_height=\"1080\"><img loading=\"lazy\" decoding=\"async\" class=\"wp-image-115074 alignleft\" src=\"https:\/\/www.radiopiu.net\/wordpress\/wp-content\/uploads\/2020\/01\/96e66955-ae47-413b-b22a-697036198a60-300x225.jpg\" alt=\"\" width=\"183\" height=\"137\" srcset=\"https:\/\/www.radiopiu.net\/wordpress\/wp-content\/uploads\/2020\/01\/96e66955-ae47-413b-b22a-697036198a60-300x225.jpg 300w, https:\/\/www.radiopiu.net\/wordpress\/wp-content\/uploads\/2020\/01\/96e66955-ae47-413b-b22a-697036198a60-1024x768.jpg 1024w, https:\/\/www.radiopiu.net\/wordpress\/wp-content\/uploads\/2020\/01\/96e66955-ae47-413b-b22a-697036198a60-768x576.jpg 768w, https:\/\/www.radiopiu.net\/wordpress\/wp-content\/uploads\/2020\/01\/96e66955-ae47-413b-b22a-697036198a60.jpg 1440w\" sizes=\"auto, (max-width: 183px) 100vw, 183px\" \/><\/a>BELLUNO<\/strong> Il primo pensiero della presidente di Confindustria Lorraine Berton alle centinaia di imprenditori che hanno partecipato al doppio appuntamento di Confindustria Belluno Dolomiti, un grazie esteso ai relatori della tavola rotonda. <em>\u00abLa forte partecipazione che abbiamo registrato marted\u00ec significa che c\u2019\u00e8 voglia di futuro, ma soprattutto che noi imprenditori abbiamo progetti chiari per il nostro territorio e che vogliamo essere ascoltati&#8221;.<\/em> LUISS BUSINESS SCHOOL Berton ricorda come la macchina organizzativa stia lavorando a pieno regime per iniziare con i primi corsi in primavera:<em> \u00abUn dispiegamento di forze enorme e\u00a0 prezioso supporto del direttore generale della Luiss Giovanni Lo Storto, alleato fondamentale nella sfida che stiamo portando avanti sul fronte delle competenze\u00bb.<\/em><\/p>\n<p>&nbsp;<\/p>\n<p>&nbsp;<\/p>\n<p>&nbsp;<\/p>\n<hr \/>\n<p>&nbsp;<\/p>\n<p>&nbsp;<\/p>\n<h3>LA PROVINCIA AGLI STATI GENERALI DELLA MONTAGNA<\/h3>\n<blockquote><p><em>&#8220;Vogliamo &#8211; dice Padrin-\u00a0 che l\u2019attenzione verso la montagna possa conoscere la prima sperimentazione proprio nel nostro territorio&#8221;<\/em><\/p><\/blockquote>\n<p><strong><a class=\"dt-pswp-item\" href=\"https:\/\/www.radiopiu.net\/wordpress\/wp-content\/uploads\/2015\/10\/roberto-padrin-2.jpg\" data-dt-img-description=\"\" data-large_image_width=\"201\" data-large_image_height=\"237\"><img loading=\"lazy\" decoding=\"async\" class=\"wp-image-11554 alignleft\" src=\"https:\/\/www.radiopiu.net\/wordpress\/wp-content\/uploads\/2015\/10\/roberto-padrin-2.jpg\" alt=\"\" width=\"124\" height=\"146\" \/><\/a>BELLUNO<\/strong> Il presidente Padrin parteciper\u00e0 ai lavori degli Stati Generali non solo come presidente della Provincia di Belluno, ma anche in qualit\u00e0 di relatore delegato dall\u2019Upi (l\u2019Unione delle Province d\u2019Italia) con l\u2019obiettivo di contrastare lo spopolamento e dare un futuro al territorio, avviando un programma. <em>\u00ab\u00c8 per me un\u2019onore e una responsabilit\u00e0 grande poter rappresentare tutte le aree montane del nostro Paese &#8211; continua il presidente Padrin -. La montagna costituisce la gran parte del territorio nazionale, dalle Alpi agli Appennini. E quindi diventa importante questa rinnovata attenzione alle cosiddette \u201cterre alte\u201d.\u00a0 <\/em>Padrin \u00e8 convinto servano politiche forti per aiutare le aree montane a crescere e avere parit\u00e0 di accesso ai servizi rispetto alla pianura. <strong>IL PRECEDENTE<\/strong> Il presidente Padrin ha gi\u00e0 reso partecipe della problematica il ministro Boccia, in occasione dell\u2019incontro di dicembre in cui la Provincia di Belluno ha consegnato un report sullo spopolamento con alcune azioni chiave per risolvere il problema demografico.<\/p>\n<p>&nbsp;<\/p>\n<p>&nbsp;<\/p>\n<hr \/>\n<p>&nbsp;<\/p>\n<h3><\/h3>\n<h3>DIFESA DEL SUOLO, LA PROVINCIA PROCEDE NONOSTANTE LA CARENZA DI PERSONALE.<\/h3>\n<p><strong><a class=\"dt-pswp-item\" href=\"https:\/\/www.radiopiu.net\/wordpress\/wp-content\/uploads\/2019\/02\/Massimo-Bortoluzzi-consigliere-provinciale.jpg\" data-dt-img-description=\"\" data-large_image_width=\"247\" data-large_image_height=\"300\"><img loading=\"lazy\" decoding=\"async\" class=\"wp-image-75298 alignleft\" src=\"https:\/\/www.radiopiu.net\/wordpress\/wp-content\/uploads\/2019\/02\/Massimo-Bortoluzzi-consigliere-provinciale-247x300.jpg\" alt=\"\" width=\"107\" height=\"130\" \/><\/a>BELLUNO<\/strong> La Provincia di Belluno ha definito tre accordi di programma con i Comuni di Seren del Grappa, Cesiomaggiore e Comelico Superiore per altrettante operazioni di messa in sicurezza del territorio. Si tratta di accordi che prevedono l\u2019erogazione di risorse da parte della Provincia a favore dei Comuni per finanziare o cofinanziare interventi di difesa del suolo. <em>\u00abPer sopperire alle carenze organiche che non ci consentono una gestione diretta dei lavori -spiega il consigliere Massimo Bortoluzzi- abbiamo predisposto una modalit\u00e0 snella di erogazione di risorse per finanziare alcuni interventi importanti in aree periferiche della provincia&#8221;. <\/em><strong>I LAVORI\u00a0 <\/strong>120mila euro del progetto di consolidamento della strada in localit\u00e0 Orsera in Val Canzoi (Cesiomaggiore);\u00a0 80mila euro del piano di stabilizzazione del versante sopra il cimitero di Candide (Comelico Superiore); e infine\u00a0 cofinanziamento da 85mila euro della demolizione di un masso ciclopico lungo la strada della Valle di Seren (in Comune di Seren del Grappa).<\/p>\n<p>&nbsp;<\/p>\n<p>&nbsp;<\/p>\n<hr \/>\n<p>&nbsp;<\/p>\n<p>&nbsp;<\/p>\n<h2>ALLA MATERNA DI ROCCA PIETORE LA DONAZIONE CISL-SCUOLA<\/h2>\n<p><strong>DAL CORRIERE DELLE ALPI OGGI IN EDICOLA, GIANNI SANTOMASO<\/strong><\/p>\n<audio class=\"wp-audio-shortcode\" id=\"audio-115121-1\" preload=\"none\" style=\"width: 100%;\" controls=\"controls\"><source type=\"audio\/mpeg\" src=\"https:\/\/www.radiopiu.net\/wordpress\/wp-content\/uploads\/2020\/01\/GIANNI-ROCCA.mp3?_=1\" \/><a href=\"https:\/\/www.radiopiu.net\/wordpress\/wp-content\/uploads\/2020\/01\/GIANNI-ROCCA.mp3\">https:\/\/www.radiopiu.net\/wordpress\/wp-content\/uploads\/2020\/01\/GIANNI-ROCCA.mp3<\/a><\/audio>\n<p>&nbsp;<\/p>\n\n\t\t\t<style type='text\/css'>\n\t\t\t\t#gallery-1 {\n\t\t\t\t\tmargin: auto;\n\t\t\t\t}\n\t\t\t\t#gallery-1 .gallery-item {\n\t\t\t\t\tfloat: left;\n\t\t\t\t\tmargin-top: 10px;\n\t\t\t\t\ttext-align: center;\n\t\t\t\t\twidth: 33%;\n\t\t\t\t}\n\t\t\t\t#gallery-1 img {\n\t\t\t\t\tborder: 2px solid #cfcfcf;\n\t\t\t\t}\n\t\t\t\t#gallery-1 .gallery-caption {\n\t\t\t\t\tmargin-left: 0;\n\t\t\t\t}\n\t\t\t\t\/* see gallery_shortcode() in wp-includes\/media.php *\/\n\t\t\t<\/style>\n\t\t<div id='gallery-1' class='dt-gallery-container gallery galleryid-115121 gallery-columns-3 gallery-size-thumbnail'><dl class='gallery-item'>\n\t\t\t\t<dt class='gallery-icon landscape'>\n\t\t\t\t\t<a class=\"rollover\" href='https:\/\/www.radiopiu.net\/wordpress\/gp\/cc5f300c-3df0-4503-aa81-297ff38790c8\/'><img loading=\"lazy\" decoding=\"async\" width=\"150\" height=\"150\" src=\"https:\/\/www.radiopiu.net\/wordpress\/wp-content\/uploads\/2020\/01\/cc5f300c-3df0-4503-aa81-297ff38790c8-150x150.jpg\" class=\"attachment-thumbnail size-thumbnail\" alt=\"\" \/><\/a>\n\t\t\t\t<\/dt><\/dl><dl class='gallery-item'>\n\t\t\t\t<dt class='gallery-icon landscape'>\n\t\t\t\t\t<a class=\"rollover\" href='https:\/\/www.radiopiu.net\/wordpress\/gp\/9971c1f3-b09a-4391-8f6a-64fd7a9e3d2e\/'><img loading=\"lazy\" decoding=\"async\" width=\"150\" height=\"150\" src=\"https:\/\/www.radiopiu.net\/wordpress\/wp-content\/uploads\/2020\/01\/9971c1f3-b09a-4391-8f6a-64fd7a9e3d2e-150x150.jpg\" class=\"attachment-thumbnail size-thumbnail\" alt=\"\" \/><\/a>\n\t\t\t\t<\/dt><\/dl><dl class='gallery-item'>\n\t\t\t\t<dt class='gallery-icon portrait'>\n\t\t\t\t\t<a class=\"rollover\" href='https:\/\/www.radiopiu.net\/wordpress\/alla-materna-di-rocca-pietore-la-donazione-cisl-scuola\/abd7fb6e-b39e-40f7-9a6b-0dab260a2cdd\/'><img loading=\"lazy\" decoding=\"async\" width=\"150\" height=\"150\" src=\"https:\/\/www.radiopiu.net\/wordpress\/wp-content\/uploads\/2020\/01\/abd7fb6e-b39e-40f7-9a6b-0dab260a2cdd-150x150.jpg\" class=\"attachment-thumbnail size-thumbnail\" alt=\"\" \/><\/a>\n\t\t\t\t<\/dt><\/dl><br style=\"clear: both\" \/>\n\t\t\t<\/div>\n\n<blockquote><p><em><span style=\"color: #000000; font-family: Helvetica;\">La scuola c\u2019\u00e8 e la scuola \u00e8 in ogni angolo d\u2019Italia. Anche &#8211; e soprattutto &#8211; a Sottoguda, frazione di Rocca Pietore, dove esiste e resiste eroicamente una scuola dell\u2019infanzia che ospita 14 bambini che hanno vissuto in prima persona, <a class=\"dt-pswp-item\" href=\"https:\/\/www.radiopiu.net\/wordpress\/wp-content\/uploads\/2020\/01\/29.01.20_Scuola_RoccaPietore1.jpeg\" data-dt-img-description=\"\" data-large_image_width=\"1600\" data-large_image_height=\"900\"><img loading=\"lazy\" decoding=\"async\" class=\" wp-image-115134 alignleft\" src=\"https:\/\/www.radiopiu.net\/wordpress\/wp-content\/uploads\/2020\/01\/29.01.20_Scuola_RoccaPietore1-300x169.jpeg\" alt=\"\" width=\"211\" height=\"119\" srcset=\"https:\/\/www.radiopiu.net\/wordpress\/wp-content\/uploads\/2020\/01\/29.01.20_Scuola_RoccaPietore1-300x169.jpeg 300w, https:\/\/www.radiopiu.net\/wordpress\/wp-content\/uploads\/2020\/01\/29.01.20_Scuola_RoccaPietore1-1024x576.jpeg 1024w, https:\/\/www.radiopiu.net\/wordpress\/wp-content\/uploads\/2020\/01\/29.01.20_Scuola_RoccaPietore1-768x432.jpeg 768w, https:\/\/www.radiopiu.net\/wordpress\/wp-content\/uploads\/2020\/01\/29.01.20_Scuola_RoccaPietore1-1536x864.jpeg 1536w, https:\/\/www.radiopiu.net\/wordpress\/wp-content\/uploads\/2020\/01\/29.01.20_Scuola_RoccaPietore1.jpeg 1600w\" sizes=\"auto, (max-width: 211px) 100vw, 211px\" \/><\/a>con le loro famiglie e le insegnanti, il dramma della tempesta Vaia nell\u2019ottobre 2018<\/span><\/em><\/p><\/blockquote>\n<p><strong>ROCCA PIETORE<\/strong> Giornata di festa per i bimbi di Rocca Pietore che con i loro insegnanti sono anche i protagonisti del cortometraggio sulla tempesta Vaia e di alcune immagini, disegni e racconti scelti per animare il mese di gennaio del calendario Cisl Scuola del 2019, hanno ricevuto un dono prezioso dalla Cisl Scuola, un pacco pieno di libri didattici che andranno ad arricchire la biblioteca scolastica, un segno di riconoscenza per la lezione di solidariet\u00e0 data attraverso il sorriso e il racconto dei piccoli alunni. Il dono \u00e8 stato consegnato ai bambini, alle maestre e al personale Ata della scuola di <a class=\"dt-pswp-item\" href=\"https:\/\/www.radiopiu.net\/wordpress\/wp-content\/uploads\/2020\/01\/29.01.20_Scuola_RoccaPietore3.jpeg\" data-dt-img-description=\"\" data-large_image_width=\"1600\" data-large_image_height=\"800\"><img loading=\"lazy\" decoding=\"async\" class=\" wp-image-115133 alignright\" src=\"https:\/\/www.radiopiu.net\/wordpress\/wp-content\/uploads\/2020\/01\/29.01.20_Scuola_RoccaPietore3-300x150.jpeg\" alt=\"\" width=\"262\" height=\"131\" srcset=\"https:\/\/www.radiopiu.net\/wordpress\/wp-content\/uploads\/2020\/01\/29.01.20_Scuola_RoccaPietore3-300x150.jpeg 300w, https:\/\/www.radiopiu.net\/wordpress\/wp-content\/uploads\/2020\/01\/29.01.20_Scuola_RoccaPietore3-1024x512.jpeg 1024w, https:\/\/www.radiopiu.net\/wordpress\/wp-content\/uploads\/2020\/01\/29.01.20_Scuola_RoccaPietore3-768x384.jpeg 768w, https:\/\/www.radiopiu.net\/wordpress\/wp-content\/uploads\/2020\/01\/29.01.20_Scuola_RoccaPietore3-1536x768.jpeg 1536w, https:\/\/www.radiopiu.net\/wordpress\/wp-content\/uploads\/2020\/01\/29.01.20_Scuola_RoccaPietore3.jpeg 1600w\" sizes=\"auto, (max-width: 262px) 100vw, 262px\" \/><\/a>Sottoguda con il sindaco di Rocca Pietore Andrea De Bernardin, il segretario generale aggiunto della Cisl Scuola Belluno Treviso Lorella Benvegn\u00f9, e il segretario generale aggiunto della Cisl Belluno Treviso Rudy Roffar\u00e8.<\/p>\n<blockquote><p><em><span style=\"color: #000000; font-family: Helvetica;\">\u201cPer la Cisl Scuola territoriale &#8211; commenta Lorella Benvegn\u00f9 &#8211; si tratta di una occasione importante per dimostrare solidariet\u00e0 alla comunit\u00e0 rocchesana.<\/span><span style=\"color: #000000; font-family: Helvetica;\">\u00a0La scuola \u00e8 un servizio fondamentale<\/span><span style=\"color: #000000; font-family: TimesNewRomanPSMT;\">,<\/span><span style=\"color: #000000; font-family: Helvetica;\"> ma anche il cuore pulsante della comunit\u00e0, soprattutto in queste realt\u00e0 cos\u00ec piccole\u201d.<\/span><\/em><\/p><\/blockquote>\n<p><strong>VIDEO Sindaco di Rocca Pietore e Lorella Benvegn\u00f9 della Cisl scuola<\/strong><\/p>\n<div align=\"left\">\n<div style=\"width: 640px;\" class=\"wp-video\"><video class=\"wp-video-shortcode\" id=\"video-115121-1\" width=\"640\" height=\"352\" preload=\"metadata\" controls=\"controls\"><source type=\"video\/mp4\" src=\"https:\/\/www.radiopiu.net\/wordpress\/wp-content\/uploads\/2020\/01\/WhatsApp-Video-2020-01-29-at-13.42.26.mp4?_=1\" \/><a href=\"https:\/\/www.radiopiu.net\/wordpress\/wp-content\/uploads\/2020\/01\/WhatsApp-Video-2020-01-29-at-13.42.26.mp4\">https:\/\/www.radiopiu.net\/wordpress\/wp-content\/uploads\/2020\/01\/WhatsApp-Video-2020-01-29-at-13.42.26.mp4<\/a><\/video><\/div>\n<\/div>\n<div align=\"left\"><\/div>\n<div align=\"left\">La materna con i suoi alunni dai 3 ai 6 anni, \u00e8 stata protagonista di \u201cHo visto tre lampade rotte\u201d, un cortometraggio realizzato da Giovanni Panozzo per la Cisl Scuola nell\u2019ambito di \u201cLa scuola c\u2019\u00e8. La scuola \u00e8\u201d, progetto che illumina quelle realt\u00e0 territoriali che possono apparire minori, ma sono parte della Repubblica, rese tali a pieno titolo anche dalla presenza della scuola in ogni angolo del <a class=\"dt-pswp-item\" href=\"https:\/\/www.radiopiu.net\/wordpress\/wp-content\/uploads\/2020\/01\/29.01.20_Scuola_RoccaPietore.jpeg\" data-dt-img-description=\"\" data-large_image_width=\"1600\" data-large_image_height=\"800\"><img loading=\"lazy\" decoding=\"async\" class=\"size-medium wp-image-115131 alignleft\" src=\"https:\/\/www.radiopiu.net\/wordpress\/wp-content\/uploads\/2020\/01\/29.01.20_Scuola_RoccaPietore-300x150.jpeg\" alt=\"\" width=\"300\" height=\"150\" srcset=\"https:\/\/www.radiopiu.net\/wordpress\/wp-content\/uploads\/2020\/01\/29.01.20_Scuola_RoccaPietore-300x150.jpeg 300w, https:\/\/www.radiopiu.net\/wordpress\/wp-content\/uploads\/2020\/01\/29.01.20_Scuola_RoccaPietore-1024x512.jpeg 1024w, https:\/\/www.radiopiu.net\/wordpress\/wp-content\/uploads\/2020\/01\/29.01.20_Scuola_RoccaPietore-768x384.jpeg 768w, https:\/\/www.radiopiu.net\/wordpress\/wp-content\/uploads\/2020\/01\/29.01.20_Scuola_RoccaPietore-1536x768.jpeg 1536w, https:\/\/www.radiopiu.net\/wordpress\/wp-content\/uploads\/2020\/01\/29.01.20_Scuola_RoccaPietore.jpeg 1600w\" sizes=\"auto, (max-width: 300px) 100vw, 300px\" \/><\/a>Paese. Anche l\u00e0 dove lo Stato talvolta fatica a esserci, la scuola c\u2019\u00e8, come centro di aggregazione, di mutuo incoraggiamento e di solidariet\u00e0.<\/div>\n<div align=\"left\"><\/div>\n<div align=\"left\"><\/div>\n<blockquote>\n<div align=\"left\"><em><span style=\"color: #000000; font-family: Helvetica;\">\u201cIl filmato sottolinea l\u2019amore della comunit\u00e0 per la sua terra e per la sua scuola &#8211; aggiunge Rudy Roffar\u00e8 -. Lo spopolamento di queste terre alte e complicate si combatte anche in questo modo, rafforzando l\u2019idea di comunit\u00e0 e di solidariet\u00e0&#8221;\u201d.<\/span><\/em><\/div>\n<\/blockquote>\n<p>&nbsp;<\/p>\n<p>&nbsp;<\/p>\n<hr \/>\n<p>&nbsp;<\/p>\n<p>&nbsp;<\/p>\n<h1>BOSCHI DA RIALZARE, IMPEGNO PER I COMUNI<\/h1>\n\n\t\t\t<style type='text\/css'>\n\t\t\t\t#gallery-2 {\n\t\t\t\t\tmargin: auto;\n\t\t\t\t}\n\t\t\t\t#gallery-2 .gallery-item {\n\t\t\t\t\tfloat: left;\n\t\t\t\t\tmargin-top: 10px;\n\t\t\t\t\ttext-align: center;\n\t\t\t\t\twidth: 33%;\n\t\t\t\t}\n\t\t\t\t#gallery-2 img {\n\t\t\t\t\tborder: 2px solid #cfcfcf;\n\t\t\t\t}\n\t\t\t\t#gallery-2 .gallery-caption {\n\t\t\t\t\tmargin-left: 0;\n\t\t\t\t}\n\t\t\t\t\/* see gallery_shortcode() in wp-includes\/media.php *\/\n\t\t\t<\/style>\n\t\t<div id='gallery-2' class='dt-gallery-container gallery galleryid-115121 gallery-columns-3 gallery-size-thumbnail'><dl class='gallery-item'>\n\t\t\t\t<dt class='gallery-icon landscape'>\n\t\t\t\t\t<a class=\"rollover\" href='https:\/\/www.radiopiu.net\/wordpress\/giornale-radiopiu-29-gennaio-2020-direttore-mirko-mezzacasa\/fda90a85-2695-4dd8-a106-370fb4956a24\/'><img loading=\"lazy\" decoding=\"async\" width=\"150\" height=\"150\" src=\"https:\/\/www.radiopiu.net\/wordpress\/wp-content\/uploads\/2020\/01\/fda90a85-2695-4dd8-a106-370fb4956a24-150x150.jpg\" class=\"attachment-thumbnail size-thumbnail\" alt=\"\" \/><\/a>\n\t\t\t\t<\/dt><\/dl><dl class='gallery-item'>\n\t\t\t\t<dt class='gallery-icon landscape'>\n\t\t\t\t\t<a class=\"rollover\" href='https:\/\/www.radiopiu.net\/wordpress\/giornale-radiopiu-28-gennaio-2020\/82a4b0b0-7d2a-45cb\/'><img loading=\"lazy\" decoding=\"async\" width=\"150\" height=\"150\" src=\"https:\/\/www.radiopiu.net\/wordpress\/wp-content\/uploads\/2020\/01\/82a4b0b0-7d2a-45cb-150x150.jpg\" class=\"attachment-thumbnail size-thumbnail\" alt=\"\" \/><\/a>\n\t\t\t\t<\/dt><\/dl><dl class='gallery-item'>\n\t\t\t\t<dt class='gallery-icon landscape'>\n\t\t\t\t\t<a class=\"rollover\" href='https:\/\/www.radiopiu.net\/wordpress\/continua-lesbosco-a-forcella-aurine\/esbosco-forcella-aurine-1\/'><img loading=\"lazy\" decoding=\"async\" width=\"150\" height=\"150\" src=\"https:\/\/www.radiopiu.net\/wordpress\/wp-content\/uploads\/2020\/01\/esbosco-forcella-aurine-1-150x150.jpeg\" class=\"attachment-thumbnail size-thumbnail\" alt=\"\" \/><\/a>\n\t\t\t\t<\/dt><\/dl><br style=\"clear: both\" \/>\n\t\t\t<\/div>\n\n<p><strong>DI GIANNI SANTOMASO<\/strong><\/p>\n<audio class=\"wp-audio-shortcode\" id=\"audio-115121-2\" preload=\"none\" style=\"width: 100%;\" controls=\"controls\"><source type=\"audio\/mpeg\" src=\"https:\/\/www.radiopiu.net\/wordpress\/wp-content\/uploads\/2020\/01\/GIANNI-BOSCHI.mp3?_=2\" \/><a href=\"https:\/\/www.radiopiu.net\/wordpress\/wp-content\/uploads\/2020\/01\/GIANNI-BOSCHI.mp3\">https:\/\/www.radiopiu.net\/wordpress\/wp-content\/uploads\/2020\/01\/GIANNI-BOSCHI.mp3<\/a><\/audio>\n<h2><\/h2>\n<p>&nbsp;<\/p>\n<p>&nbsp;<\/p>\n<hr \/>\n<h2><\/h2>\n<h3>LA FISARMONICA DI FRANCESCA DA IL &#8220;LA&#8221; AL SECONDO TRIMESTRE DELL&#8217; UNIVERSITA&#8217; ADULTI-ANZIANI<\/h3>\n<p><strong>di Loris Santomaso<\/strong><\/p>\n<p><strong>AGORDO<\/strong> Sar\u00e0 Francesca Gallo, la famosa musicista trevigiana, nota anche per essere l\u2019unica donna in Italia che costruisce interamente a mano fisarmoniche nella sua bottega di Treviso, ad aprire, marted\u00ec 4 febbraio, alle 15, in sala don Tamis, il ciclo di lezioni del secondo trimestre del 24\u00b0 anno accademico alla sezione di Agordo dell\u2019Universit\u00e0 Adulti\/Anziani. Impegnata da tempo a divulgare e valorizzare le nostre migliori tradizioni popolari, nel suo intervento racconter\u00e0 il suo originale mestiere e il suo stretto rapporto con l&#8217;Agordino, culminato con la realizzazione del film documentario \u00abLa voce del bosco\u00bb di Dimitri Feltrin, girato nel dopo Vaia fra la conca agordina e la valle del Bi\u00f3is, con protagonisti anche alcuni personaggi della vallata, gi\u00e0 presentato con successo a Treviso, Belluno e Falcade. Riprendono dunque, come di consueto dopo la pausa natalizia, gli incontri settimanali del marted\u00ec, in sala don Tamis di via 27 aprile, dalle 15 alle 17, secondo il programma predisposto dal Comitato di gestione, coordinato da Gabriele Bernardi, reso sempre possibile dalla disponibilit\u00e0 disinteressata di qualificati docenti (indicati fra parentesi), ai quali il Comitato rivolge un sentito ringraziamento. Marted\u00ec 11 febbraio: Vivere con i robot (Attilio Menia); 15 febbraio: ore 17 al Centro parrocchiale \u201cVincenzo Savio\u201d rappresentazione teatrale: \u00abLa Locandiera\u00bb di Carlo Goldoni, commedia in tre atti con \u00abI Sedeg\u00f2t\u00bb di Santa Giustina Bellunese; 18 febbraio: Il sacco del diavolo (Andrea Da Cort\u00e0); 25 febbraio: Socrate: vivere e morire filosoficamente (Lisa De Luca) e La Linea Gialla (Giuseppe Colferai-Antonio Zanetti), brindisi di Carnevale; 3 marzo: La guerra dei Forti (Giuseppe Colferai-Antonio Zanetti) e Le carte di credito (Giovanni De Gasperi); 10 marzo: Le erbe medicinali locali (Mauro Raffa) e Aquileia: in preparazione alla visita (Lidia Rui); 17 marzo: Elettrosmog: la minaccia invisibile (Laura Masiero); 24 marzo: Le pi\u00f9 frequenti domande rivolte all\u2019Ematologo (Orietta Fontanive) e La famiglia Piloni: dall\u2019arrivo dei Longobardi al XX secolo (Marco Perale); 31 marzo: Truffe on line (Giovanni De Gasperi) e \u00abLa Passione del Signore secondo Giovanni\u00bb, versione in dialetto bellunese di Thomas Pellegrini (Giacomo Mazzorana); 7 aprile: \u00abSe l\u2019acqua ride&#8230;\u00bb (Paolo Malaguti); 14 aprile: Il delirium (o stato confusionale) (Giampaolo Ben) e Zoldo: le barche dei Casal (Fabio Santin); 21 aprile: Alluvioni a confronto: 1966-2018 (Vittorio Fenti); 28 aprile: A tavola con i Romani (Fiorella Candiani) e Le statue parlanti di Roma (Francesca Ceccarelli). Proseguono anche le attivit\u00e0 complementari: laboratori artistico (Laura Ballis, tutti i gioved\u00ec) e di informatica (Enza Dagai). Previste pure gite d\u2019istruzione e uscite a: Aquileia per visita alla basilica e musei archeologico e paleocristiano; San Tomaso Agordino, nuovo sistema digitale del Planetario, ed eventuale altra uscita in luogo e data da stabilire.<\/p>\n<h3>LEGGI IL PROGRAMMA COMPLETO<\/h3>\n<div class=\"su-document su-u-responsive-media-no\"><iframe loading=\"lazy\" src=\"\/\/docs.google.com\/viewer?embedded=true&url=https:\/\/www.radiopiu.net\/wordpress\/wp-content\/uploads\/2020\/01\/Programma-UAA_Agordo-2-2019-20-1.pdf\" width=\"600\" height=\"800\" class=\"su-document\" title=\"cc\"><\/iframe><\/div>\n<p>&nbsp;<\/p>\n<p>&nbsp;<\/p>\n<hr \/>\n<p>&nbsp;<\/p>\n<p>&nbsp;<\/p>\n<h2>LEGGE OLIMPICA, D\u2019INCA\u2019: GOVERNO RISPETTA I TEMPI, SOSTENIBILITA\u2019 E ATTENZIONE ALL\u2019AMBIENTE<\/h2>\n<p>&nbsp;<\/p>\n<p><strong>ROMA E&#8217; di ieri la dichiarazione del\u00a0Ministro per i Rapporti con il Parlamento Federico D&#8217;Inc\u00e0<\/strong>\u00a0<em>\u201cIl Governo rispetta gli impegni e dimostra di credere fortemente nella sfida delle Olimpiadi invernali del 2026: questa sera in Cdm abbiamo infatti avviato l\u2019esame del decreto legge che contiene le misure per adeguare e potenziare gli impianti e le infrastrutture esistenti, migliorare la mobilit\u00e0 sul territorio, promuovere l\u2019accoglienza e l\u2019assistenza sanitaria. Ci faremo trovare pronti per questo importantissimo evento sportivo, mettendo al centro di tutti gli interventi che verranno programmati, la sostenibilit\u00e0 economica e ambientale attraverso strutture in grado di valorizzare il territorio anche negli anni futuri. L&#8217;obiettivo \u00e8 giungere quanto prima all&#8217;approvazione di un testo che sar\u00e0 immediatamente efficace. Per tutti i territori che diventeranno palcoscenico di questo appuntamento si tratta di una scommessa economica, sociale e culturale che deve essere sostenuta attraverso tutti gli strumenti che abbiamo, con ricadute importantissime per tutto il Paese\u201d<\/em>:<\/p>\n<p>&nbsp;<\/p>\n<p>&nbsp;<\/p>\n<hr \/>\n<p>&nbsp;<\/p>\n<p>&nbsp;<\/p>\n<h2>AUTONOMIA.\u00a0 ALLA CAMERA IL PRESIDENTE ZAIA IN AUDIZIONE<\/h2>\n<p><strong>VENEZIA<\/strong> Oggi alla Camera dei Deputati, di fronte alla Commissione parlamentare per le questioni regionali, si svolger\u00e0 l\u2019audizione del Presidente della Regione, Luca Zaia, sul processo di attuazione del regionalismo differenziato<\/p>\n<p>&nbsp;<\/p>\n<p>&nbsp;<\/p>\n<hr \/>\n<h2><\/h2>\n<h2>LUXOTTICA: FEBBRAIO &#8220;STRAORDINARIO&#8221; MA NON PER TUTTI<\/h2>\n<p><strong>AGORDO<\/strong> Riecco lo straordinario incentivato, quello che in busta paga vale pi\u00f9 del doppio. Un primo sabato, a febbraio splittatto in due sabati nel turno matturino per l&#8217;Area finitura iniettato (5minuti) \/ Stamperia iniettato. Giornate di straordinari incentivati : Sabato 15 febbraio (solo turni mattina, giornata, part time e posticipo per il terzo turno il 17 febbraio dalle 00.00 alle 6.00), Sabato 22 febbraio (solo turni mattina). NESSUN ALTRO REPARTO LAVORER\u00c0 IN STRAORDINARIO INCENTIVATO.<\/p>\n<p>&nbsp;<\/p>\n<p>&nbsp;<\/p>\n<hr \/>\n<p>&nbsp;<\/p>\n<p>&nbsp;<\/p>\n<h3>FRANCESCA GALLO ALLA CASA DELLA GIOVENTU&#8217; CON LA SUA FISARMONICA A LA VOCE DEL BOSCO<\/h3>\n<p><a class=\"dt-pswp-item\" href=\"https:\/\/www.radiopiu.net\/wordpress\/wp-content\/uploads\/2020\/01\/AGORDO-Francesca-Gallo.jpg\" data-dt-img-description=\"\" data-large_image_width=\"1476\" data-large_image_height=\"1330\"><img loading=\"lazy\" decoding=\"async\" class=\" wp-image-115211 alignleft\" src=\"https:\/\/www.radiopiu.net\/wordpress\/wp-content\/uploads\/2020\/01\/AGORDO-Francesca-Gallo-300x270.jpg\" alt=\"\" width=\"259\" height=\"233\" srcset=\"https:\/\/www.radiopiu.net\/wordpress\/wp-content\/uploads\/2020\/01\/AGORDO-Francesca-Gallo-300x270.jpg 300w, https:\/\/www.radiopiu.net\/wordpress\/wp-content\/uploads\/2020\/01\/AGORDO-Francesca-Gallo-1024x923.jpg 1024w, https:\/\/www.radiopiu.net\/wordpress\/wp-content\/uploads\/2020\/01\/AGORDO-Francesca-Gallo-768x692.jpg 768w, https:\/\/www.radiopiu.net\/wordpress\/wp-content\/uploads\/2020\/01\/AGORDO-Francesca-Gallo.jpg 1476w\" sizes=\"auto, (max-width: 259px) 100vw, 259px\" \/><\/a><\/p>\n<p><strong>\u00a0il messaggio di Don Fabiano Del Favero<\/strong><\/p>\n<p><strong>RIVAMONTE <\/strong><em>\u201cLa voce del bosco\u201d: gi\u00e0 il titolo \u00e8 eloquente ed alcuni di noi lo hanno sentito nominare\u2026 Si tratta di un filmato a cura di Dimitri Feltrin con Francesca Gallo, prodotto lo scorso anno. E\u2019 sguardo sulla nostra realt\u00e0 di montagna, specie dopo quello che abbiamo vissuto dopo l\u2019avvento di Vaia. E\u2019 voce di quello che siamo e viviamo in questo nostro territorio; eloquente \u00e8 un\u2019espressione che ad un certo punto si sente ripetere\u2026 si tratta di \u201calberi che non hanno bisogno del bosco\u2026hanno bisogno della comunit\u00e0!\u201d. E noi siamo queste comunit\u00e0! Ecco quindi l\u2019invito per sabato 01 febbraio alle ore 20 presso la Casa della Giovent\u00f9 di Rivamonte per una serata all\u2019insegna dello sguardo sul ci\u00f2 che ci circonda e quel che ha da dirci\u2026sempre! Vi aspettiamo, in collaborazione con l\u2019ass. \u201cFare Cultura Agordina\u201d. Don Fabiano\u00a0<\/em><\/p>\n<p>&nbsp;<\/p>\n<hr \/>\n<h2><\/h2>\n<h2><span style=\"color: #ff0000;\">IERI SERA ALLA RADIO&#8230;. DA CANALE D&#8217;AGORDO\u00a0<\/span><\/h2>\n<blockquote class=\"wp-embedded-content\" data-secret=\"Lno8VYoy3b\"><p><a href=\"https:\/\/www.radiopiu.net\/wordpress\/la-giornata-della-memoria-a-canale-dagordo-la-registrazione-integrale\/\">LA GIORNATA DELLA MEMORIA A CANALE D&#8217;AGORDO, LA REGISTRAZIONE INTEGRALE<\/a><\/p><\/blockquote>\n<p><iframe loading=\"lazy\" title=\"&#8220;LA GIORNATA DELLA MEMORIA A CANALE D&#8217;AGORDO, LA REGISTRAZIONE INTEGRALE&#8221; &#8212; Radio Pi\u00f9\" class=\"wp-embedded-content\" sandbox=\"allow-scripts\" security=\"restricted\" style=\"position: absolute; clip: rect(1px, 1px, 1px, 1px);\" src=\"https:\/\/www.radiopiu.net\/wordpress\/la-giornata-della-memoria-a-canale-dagordo-la-registrazione-integrale\/embed\/#?secret=Lno8VYoy3b\" data-secret=\"Lno8VYoy3b\" width=\"600\" height=\"338\" frameborder=\"0\" marginwidth=\"0\" marginheight=\"0\" scrolling=\"no\"><\/iframe><\/p>\n<h2><\/h2>\n<p>&nbsp;<\/p>\n<hr \/>\n<h2><\/h2>\n<h2><span style=\"color: #ff0000;\">LE DIRETTE FACEBOOK DI RADIO PIU, IERI SERA DALLA DON TAMIS<\/span><\/h2>\n<blockquote class=\"wp-embedded-content\" data-secret=\"GwKV2deWs7\"><p><a href=\"https:\/\/www.radiopiu.net\/wordpress\/cv\/\">CONVIVIUM 2020,  TESTIMONIANZA TOCCANTE CONSIGLI E PREVENZIONE<\/a><\/p><\/blockquote>\n<p><iframe loading=\"lazy\" title=\"&#8220;CONVIVIUM 2020,  TESTIMONIANZA TOCCANTE CONSIGLI E PREVENZIONE&#8221; &#8212; Radio Pi\u00f9\" class=\"wp-embedded-content\" sandbox=\"allow-scripts\" security=\"restricted\" style=\"position: absolute; clip: rect(1px, 1px, 1px, 1px);\" src=\"https:\/\/www.radiopiu.net\/wordpress\/cv\/embed\/#?secret=GwKV2deWs7\" data-secret=\"GwKV2deWs7\" width=\"600\" height=\"338\" frameborder=\"0\" marginwidth=\"0\" marginheight=\"0\" scrolling=\"no\"><\/iframe><\/p>\n<h2><\/h2>\n<p>&nbsp;<\/p>\n<hr \/>\n<h2><\/h2>\n<p>&nbsp;<\/p>\n<h2>TRASPORTO SCOLASTICO, IL COMUNE PENSA ALLE FRAZIONI DISTANTI<\/h2>\n<h2><a class=\"dt-pswp-item\" href=\"https:\/\/www.radiopiu.net\/wordpress\/wp-content\/uploads\/2020\/01\/4634105_2030_scuol.jpg\" data-dt-img-description=\"\" data-large_image_width=\"620\" data-large_image_height=\"340\"><img loading=\"lazy\" decoding=\"async\" class=\"size-medium wp-image-115218 alignleft\" src=\"https:\/\/www.radiopiu.net\/wordpress\/wp-content\/uploads\/2020\/01\/4634105_2030_scuol-300x165.jpg\" alt=\"\" width=\"300\" height=\"165\" srcset=\"https:\/\/www.radiopiu.net\/wordpress\/wp-content\/uploads\/2020\/01\/4634105_2030_scuol-300x165.jpg 300w, https:\/\/www.radiopiu.net\/wordpress\/wp-content\/uploads\/2020\/01\/4634105_2030_scuol.jpg 620w\" sizes=\"auto, (max-width: 300px) 100vw, 300px\" \/><\/a><\/h2>\n<p>&nbsp;<\/p>\n<p>&nbsp;<\/p>\n<p>&nbsp;<\/p>\n<p><strong>BORGOVALBELLUNA<\/strong><\/p>\n<p><strong>di DAMIANO TORMEN<\/strong><\/p>\n<p>&nbsp;<\/p>\n<audio class=\"wp-audio-shortcode\" id=\"audio-115121-3\" preload=\"none\" style=\"width: 100%;\" controls=\"controls\"><source type=\"audio\/mpeg\" src=\"https:\/\/www.radiopiu.net\/wordpress\/wp-content\/uploads\/2020\/01\/damiano-scuola.mp3?_=3\" \/><a href=\"https:\/\/www.radiopiu.net\/wordpress\/wp-content\/uploads\/2020\/01\/damiano-scuola.mp3\">https:\/\/www.radiopiu.net\/wordpress\/wp-content\/uploads\/2020\/01\/damiano-scuola.mp3<\/a><\/audio>\n<h2><\/h2>\n<p>&nbsp;<\/p>\n<h2><\/h2>\n<hr \/>\n<h2><\/h2>\n<p>&nbsp;<\/p>\n<h2>QUESTA SERA A CENCENIGHE GIOVEDI<\/h2>\n<h3>VOLA IL PETTIROSSO DEL VOLONTARIO<\/h3>\n<p><strong> <img loading=\"lazy\" decoding=\"async\" class=\"alignleft\" src=\"https:\/\/www.radiopiu.net\/wordpress\/wp-content\/uploads\/2016\/03\/cucc-pettirosso-15.jpg\" width=\"176\" height=\"88\" \/><\/strong><\/p>\n<p>&nbsp;<\/p>\n<p><strong>CENCENIGHE\u00a0<\/strong> Sta per iniziare il corso per diventare volontari della Pettirosso Agordino, gli ultimi dettagli con la presidente Sonia d&#8217;Agostini.<\/p>\n<audio class=\"wp-audio-shortcode\" id=\"audio-115121-4\" preload=\"none\" style=\"width: 100%;\" controls=\"controls\"><source type=\"audio\/mpeg\" src=\"https:\/\/www.radiopiu.net\/wordpress\/wp-content\/uploads\/2020\/01\/sonia-d-agostini-pettirosso-gr-scade-30-gennaio.mp3?_=4\" \/><a href=\"https:\/\/www.radiopiu.net\/wordpress\/wp-content\/uploads\/2020\/01\/sonia-d-agostini-pettirosso-gr-scade-30-gennaio.mp3\">https:\/\/www.radiopiu.net\/wordpress\/wp-content\/uploads\/2020\/01\/sonia-d-agostini-pettirosso-gr-scade-30-gennaio.mp3<\/a><\/audio>\n<h2><\/h2>\n<p>&nbsp;<\/p>\n<hr \/>\n<h2><\/h2>\n<p>&nbsp;<\/p>\n<h3>ASSUNZIONE A TEMPO INDETERMINATO PER 56 OPERATORI SANITARI<\/h3>\n<p><strong><a class=\"dt-pswp-item\" href=\"https:\/\/www.radiopiu.net\/wordpress\/wp-content\/uploads\/2018\/06\/oss-infermiere-rapporto-funzionale.jpg\" data-dt-img-description=\"\" data-large_image_width=\"1200\" data-large_image_height=\"630\"><img loading=\"lazy\" decoding=\"async\" class=\" wp-image-51574 alignleft\" src=\"https:\/\/www.radiopiu.net\/wordpress\/wp-content\/uploads\/2018\/06\/oss-infermiere-rapporto-funzionale-300x158.jpg\" alt=\"\" width=\"235\" height=\"124\" srcset=\"https:\/\/www.radiopiu.net\/wordpress\/wp-content\/uploads\/2018\/06\/oss-infermiere-rapporto-funzionale-300x158.jpg 300w, https:\/\/www.radiopiu.net\/wordpress\/wp-content\/uploads\/2018\/06\/oss-infermiere-rapporto-funzionale-768x403.jpg 768w, https:\/\/www.radiopiu.net\/wordpress\/wp-content\/uploads\/2018\/06\/oss-infermiere-rapporto-funzionale-1024x538.jpg 1024w, https:\/\/www.radiopiu.net\/wordpress\/wp-content\/uploads\/2018\/06\/oss-infermiere-rapporto-funzionale.jpg 1200w\" sizes=\"auto, (max-width: 235px) 100vw, 235px\" \/><\/a>BELLUNO<\/strong> L\u2019Azienda ULSS 1 Dolomiti assume operatori sanitari a tempo indeterminato: 27 infermieri (cat. D) &#8211; 6 ostetriche\/ostetrici (cat. D) &#8211; 23 Operatori socio sanitari ( categoria Bs), assunzioni che rientrano nel programma di acquisizione di risorse umane aziendale del 4\u00b0 trimestre 2019, autorizzato dalla Regione del Veneto. 14 infermieri saranno assunti in sostituzione di dipendenti cessati dal servizio, mentre gli altri 13 verranno assunti in aggiunta andando ad implementare il personale infermieristico degli Ospedali e dei Distretti di Belluno e Feltre. L\u2019assunzione delle ostetriche, due neo assunti andranno a ricoprire i posti lasciati vacanti da dipendenti cessati dal servizio mentre quattro operatori verranno assunti extra turn over. Per quanto riguarda i 23 operatori socio sanitari,12 verranno assunti \u201cextra turn over\u201d, per rinforzare gli organici degli ospedali provinciali. <em>\u201cLe assunzioni che si andranno a perfezionare nelle prossime settimane avranno un impatto molto positivo sull\u2019organizzazione delle attivit\u00e0 ospedaliere e distrettuali, questo garantir\u00e0 una qualit\u00e0 assistenziale sempre pi\u00f9 elevata \u201d <\/em>lo dice il direttore generale Adriano Rasi Caldogno.<\/p>\n<p>&nbsp;<\/p>\n<p>&nbsp;<\/p>\n<hr \/>\n<h2><\/h2>\n<p>&nbsp;<\/p>\n<p>&nbsp;<\/p>\n<h2>PROMEMORIA, 1 FEBBRAIO ORE 14.00 LINEA BIANCA<\/h2>\n<h2><span style=\"color: #ff0000;\"><a class=\"dt-pswp-item\" href=\"https:\/\/www.radiopiu.net\/wordpress\/wp-content\/uploads\/2020\/01\/84568975_2751582408265476_6996457585805099008_n.png\" data-dt-img-description=\"\" data-large_image_width=\"697\" data-large_image_height=\"774\"><img loading=\"lazy\" decoding=\"async\" class=\"alignnone wp-image-115169 size-full\" src=\"https:\/\/www.radiopiu.net\/wordpress\/wp-content\/uploads\/2020\/01\/84568975_2751582408265476_6996457585805099008_n.png\" alt=\"\" width=\"697\" height=\"774\" srcset=\"https:\/\/www.radiopiu.net\/wordpress\/wp-content\/uploads\/2020\/01\/84568975_2751582408265476_6996457585805099008_n.png 697w, https:\/\/www.radiopiu.net\/wordpress\/wp-content\/uploads\/2020\/01\/84568975_2751582408265476_6996457585805099008_n-270x300.png 270w\" sizes=\"auto, (max-width: 697px) 100vw, 697px\" \/><\/a><\/span><\/h2>\n<p>&nbsp;<\/p>\n<p>&nbsp;<\/p>\n<hr \/>\n<p>&nbsp;<\/p>\n<p>&nbsp;<\/p>\n<h2><span style=\"color: #ff0000;\">IERI ALLA RADIO<\/span><\/h2>\n<blockquote>\n<h1>I RACCONTI DI PAOLO SOPPELSA SESTA PUNTATA<\/h1>\n<\/blockquote>\n<h3>NOTTI D&#8217;INVERNO<\/h3>\n<p>AUDIO<\/p>\n<audio class=\"wp-audio-shortcode\" id=\"audio-115121-5\" preload=\"none\" style=\"width: 100%;\" controls=\"controls\"><source type=\"audio\/mpeg\" src=\"https:\/\/www.radiopiu.net\/wordpress\/wp-content\/uploads\/2020\/01\/paolo-inverno.mp3?_=5\" \/><a href=\"https:\/\/www.radiopiu.net\/wordpress\/wp-content\/uploads\/2020\/01\/paolo-inverno.mp3\">https:\/\/www.radiopiu.net\/wordpress\/wp-content\/uploads\/2020\/01\/paolo-inverno.mp3<\/a><\/audio>\n<p>&nbsp;<\/p>\n<p><a class=\"dt-pswp-item\" href=\"https:\/\/www.radiopiu.net\/wordpress\/wp-content\/uploads\/2020\/01\/3c3755b7-4374-4801-85d4-161b2dc9afbd.jpg\" data-dt-img-description=\"\" data-large_image_width=\"960\" data-large_image_height=\"720\"><img loading=\"lazy\" decoding=\"async\" class=\" wp-image-114944 alignleft\" src=\"https:\/\/www.radiopiu.net\/wordpress\/wp-content\/uploads\/2020\/01\/3c3755b7-4374-4801-85d4-161b2dc9afbd-300x225.jpg\" alt=\"\" width=\"243\" height=\"182\" srcset=\"https:\/\/www.radiopiu.net\/wordpress\/wp-content\/uploads\/2020\/01\/3c3755b7-4374-4801-85d4-161b2dc9afbd-300x225.jpg 300w, https:\/\/www.radiopiu.net\/wordpress\/wp-content\/uploads\/2020\/01\/3c3755b7-4374-4801-85d4-161b2dc9afbd-768x576.jpg 768w, https:\/\/www.radiopiu.net\/wordpress\/wp-content\/uploads\/2020\/01\/3c3755b7-4374-4801-85d4-161b2dc9afbd.jpg 960w\" sizes=\"auto, (max-width: 243px) 100vw, 243px\" \/><\/a>Succede. Specialmente nelle lunghe e fredde sere d\u2019inverno. In quei momenti che precedono il sonno e la mente \u00e8 finalmente libera di vagare nell&#8217;infinito dei ricordi. Ed \u00e8 allora che si riscoprono emozioni seppellite dal tempo e consumate dalla vita che scorre. Storie semplici, come quella di un bambino che dorme nella \u201cstua\u201d di una casa in mezzo ai monti. Nel cuore della notte apre gli occhi e scende dal \u201cfornel\u201d. Tre passi ed \u00e8 alla finestra che ha la vista sulla val Cordevole. Si appoggia con i gomiti sul davanzale di legno e scosta la tenda a fiori. Tende l&#8217;orecchio, ed in quel silenzio sente lo scorrere del Ru da Ghisel dall&#8217;altra parte della valle. Lo sguardo corre oltre i rami rinsecchiti del ciliegio e vede la sagoma scura ed enorme del Pelsa. Nel cielo limpido di gennaio un&#8217;infinit\u00e0 di stelle. Un quarto di luna illumina le cime di Ambrusogn imbiancate dalla neve. Il \u201cfornel\u201d \u00e8 ancora tiepido ed emana il suo calore cos\u00ec diverso da quello dei termosifoni delle case di citt\u00e0. Fuori, i larici di fianco al tabi\u00e0 ondeggiano leggermente, spinti dal vento freddo che scende dalle cime circostanti. Il bambino decide di ritornare al caldo sul \u201cfornel\u201d, si infila sotto il piumone ed osserva la forma scura dell&#8217;abete i cui rami sfiorano i vetri dell&#8217;altra finestra della stua. L&#8217;oscillare ipnotico del grande albero rapisce la mente del piccolo. Che lentamente scivola nei sogni. Quelli stessi sogni che ancora accompagnano quel bambino, che nel frattempo \u00e8 cresciuto ed ormai ha la barba bianca. Ma che ogni sera, prima di dormire, si perde nel ricordo di quelle notti lontane passate fra le mura di quella casa in mezzo ai monti.<\/p>\n<p>&nbsp;<\/p>\n<p>&nbsp;<\/p>\n<hr \/>\n<p>&nbsp;<\/p>\n<p>&nbsp;<\/p>\n<h3>AXEL DA ARABBA\u00a0 E&#8217; CON LA CITTA&#8217; DELLA SPERANZA DI PADOVA<\/h3>\n<p><a class=\"dt-pswp-item\" href=\"https:\/\/www.radiopiu.net\/wordpress\/wp-content\/uploads\/2020\/01\/58770246-568f-45af-b5b4-8329acb51350.jpg\" data-dt-img-description=\"\" data-large_image_width=\"1165\" data-large_image_height=\"827\"><img loading=\"lazy\" decoding=\"async\" class=\" wp-image-115011 alignleft\" src=\"https:\/\/www.radiopiu.net\/wordpress\/wp-content\/uploads\/2020\/01\/58770246-568f-45af-b5b4-8329acb51350-300x213.jpg\" alt=\"\" width=\"218\" height=\"155\" srcset=\"https:\/\/www.radiopiu.net\/wordpress\/wp-content\/uploads\/2020\/01\/58770246-568f-45af-b5b4-8329acb51350-300x213.jpg 300w, https:\/\/www.radiopiu.net\/wordpress\/wp-content\/uploads\/2020\/01\/58770246-568f-45af-b5b4-8329acb51350-1024x727.jpg 1024w, https:\/\/www.radiopiu.net\/wordpress\/wp-content\/uploads\/2020\/01\/58770246-568f-45af-b5b4-8329acb51350-768x545.jpg 768w, https:\/\/www.radiopiu.net\/wordpress\/wp-content\/uploads\/2020\/01\/58770246-568f-45af-b5b4-8329acb51350.jpg 1165w\" sizes=\"auto, (max-width: 218px) 100vw, 218px\" \/><\/a><strong>LIVINALLONGO<\/strong> Il campione delle due ruote Axel Bassani, che parteciper\u00e0 al campionato mondiale superbike dal prossimo 27 marzo, diventa testimonial della fondazione Citta&#8217; della Speranza di Padova, che sostiene i bambini affetti da patologie oncologiche o malattie rare.<\/p>\n<blockquote><p>Per parlare di questo, e per incontrare tifosi e pubblico, Axel sara&#8217; con la sua moto domenica 2 febbraio alle 11.30 al rifugio Gorza nel comprensorio sciistico di Arabba. i dettagli nell&#8217;intervista.<\/p><\/blockquote>\n<audio class=\"wp-audio-shortcode\" id=\"audio-115121-6\" preload=\"none\" style=\"width: 100%;\" controls=\"controls\"><source type=\"audio\/mpeg\" src=\"https:\/\/www.radiopiu.net\/wordpress\/wp-content\/uploads\/2020\/01\/axel-bassani-rifugio-gorza-scade-domenica.mp3?_=6\" \/><a href=\"https:\/\/www.radiopiu.net\/wordpress\/wp-content\/uploads\/2020\/01\/axel-bassani-rifugio-gorza-scade-domenica.mp3\">https:\/\/www.radiopiu.net\/wordpress\/wp-content\/uploads\/2020\/01\/axel-bassani-rifugio-gorza-scade-domenica.mp3<\/a><\/audio>\n<p>&nbsp;<\/p>\n<p>&nbsp;<\/p>\n<hr \/>\n<p>&nbsp;<\/p>\n<p>&nbsp;<\/p>\n<blockquote class=\"wp-embedded-content\" data-secret=\"IIggJZ5ctP\"><p><a href=\"https:\/\/www.radiopiu.net\/wordpress\/belluno-la-parrocchia-don-bosco-ricorda-il-patrono-con-una-festa-di-renato-bona\/\">BELLUNO. LA PARROCCHIA DON BOSCO RICORDA IL PATRONO CON UNA FESTA di RENATO BONA<\/a><\/p><\/blockquote>\n<p><iframe loading=\"lazy\" title=\"&#8220;BELLUNO. LA PARROCCHIA DON BOSCO RICORDA IL PATRONO CON UNA FESTA di RENATO BONA&#8221; &#8212; Radio Pi\u00f9\" class=\"wp-embedded-content\" sandbox=\"allow-scripts\" security=\"restricted\" style=\"position: absolute; clip: rect(1px, 1px, 1px, 1px);\" src=\"https:\/\/www.radiopiu.net\/wordpress\/belluno-la-parrocchia-don-bosco-ricorda-il-patrono-con-una-festa-di-renato-bona\/embed\/#?secret=IIggJZ5ctP\" data-secret=\"IIggJZ5ctP\" width=\"600\" height=\"338\" frameborder=\"0\" marginwidth=\"0\" marginheight=\"0\" scrolling=\"no\"><\/iframe><\/p>\n<p>&nbsp;<\/p>\n<p>&nbsp;<\/p>\n<p>&nbsp;<\/p>\n<p>&nbsp;<\/p>\n<p><a class=\"dt-pswp-item\" href=\"https:\/\/www.radiopiu.net\/wordpress\/wp-content\/uploads\/2018\/09\/appuntamenti.jpeg\" data-dt-img-description=\"\" data-large_image_width=\"800\" data-large_image_height=\"100\"><img loading=\"lazy\" decoding=\"async\" class=\"alignnone wp-image-61958 size-full\" src=\"https:\/\/www.radiopiu.net\/wordpress\/wp-content\/uploads\/2018\/09\/appuntamenti.jpeg\" alt=\"\" width=\"800\" height=\"100\" srcset=\"https:\/\/www.radiopiu.net\/wordpress\/wp-content\/uploads\/2018\/09\/appuntamenti.jpeg 800w, https:\/\/www.radiopiu.net\/wordpress\/wp-content\/uploads\/2018\/09\/appuntamenti-300x38.jpeg 300w, https:\/\/www.radiopiu.net\/wordpress\/wp-content\/uploads\/2018\/09\/appuntamenti-768x96.jpeg 768w\" sizes=\"auto, (max-width: 800px) 100vw, 800px\" \/><\/a><\/p>\n<p>&nbsp;<\/p>\n<p><strong>BELLUNO<\/strong> L&#8217;Associazione Culturale Centro Upm organizza per\u00a0 domani alle 20,30 nella sala Un Noce di via Barozzi la conferenza di presentazione di Viviana Presicce &#8220;Tutto quello che vuoi sapere sulla nascita, il misterioso viaggio di una nuova vita&#8221;:<\/p>\n<p>&nbsp;<\/p>\n<p><strong>BELLUNO<\/strong> \u201cPortare armonia nel corpo attraverso il piacere del movimento\u201d, dalle Ande alle Dolomiti, dopo la riuscita esperienza dello scorso anno. Questo l\u2019obiettivo del tour europeo di Ramon Nestor Vega a Belluno, con l\u2019evento di danza psico-espressiva, aperta al pubblico, sabato, dalle 14.30 alle 19, palestra presso il centro commerciale della Veneggia. Ramon Vega \u00e8 presidente della societ\u00e0 argentina di Bonding Psychotherapy \u201cEl Abrazo-Primario\u201d . Per partecipare all\u2019evento del 29 febbraio, fino all\u2019esaurimento dei posti, basta iscriversi contattando Fondazione Progetto Uomo di Belluno.<\/p>\n<p>&nbsp;<\/p>\n<p><strong>AGORDO<\/strong> Domenica escursione a Malga Civertaghe sulle Pale di San Martino con la sezione agordina del Cai. Ritrovo alle 7.30 presso la sede, 8.45 inizio escursione da San Martino di Castrozza. Tempo 4-5 ore, dislivello 520 metri. Informazioni e iscrizioni 380 6983040<\/p>\n<p>&nbsp;<\/p>\n<p>&nbsp;<\/p>\n<hr \/>\n<h2><\/h2>\n<p>&nbsp;<\/p>\n<h2><span style=\"color: #ff0000;\">IERI ALLA RADIO la terza puntata di SEI A CASA con Lucia Soccol<\/span><\/h2>\n<audio class=\"wp-audio-shortcode\" id=\"audio-115121-7\" preload=\"none\" style=\"width: 100%;\" controls=\"controls\"><source type=\"audio\/mpeg\" src=\"https:\/\/www.radiopiu.net\/wordpress\/wp-content\/uploads\/2020\/01\/sei-a-casa-terza-puntata-2.mp3?_=7\" \/><a href=\"https:\/\/www.radiopiu.net\/wordpress\/wp-content\/uploads\/2020\/01\/sei-a-casa-terza-puntata-2.mp3\">https:\/\/www.radiopiu.net\/wordpress\/wp-content\/uploads\/2020\/01\/sei-a-casa-terza-puntata-2.mp3<\/a><\/audio>\n<p>&nbsp;<\/p>\n<p><strong>ASCOLTA LE PUNTATE PRECEDENTI DAL PODCAST RADIOPIU<\/strong><\/p>\n<blockquote class=\"wp-embedded-content\" data-secret=\"P87DtWRMuo\"><p><a href=\"https:\/\/www.radiopiu.net\/wordpress\/ieri-alla-radio-sei-a-casa\/\">SEI A CASA, CON LUCIA SOCCOL. SPECIALE A PUNTATE.<\/a><\/p><\/blockquote>\n<p><iframe loading=\"lazy\" title=\"&#8220;SEI A CASA, CON LUCIA SOCCOL. SPECIALE A PUNTATE.&#8221; &#8212; Radio Pi\u00f9\" class=\"wp-embedded-content\" sandbox=\"allow-scripts\" security=\"restricted\" style=\"position: absolute; clip: rect(1px, 1px, 1px, 1px);\" src=\"https:\/\/www.radiopiu.net\/wordpress\/ieri-alla-radio-sei-a-casa\/embed\/#?secret=P87DtWRMuo\" data-secret=\"P87DtWRMuo\" width=\"600\" height=\"338\" frameborder=\"0\" marginwidth=\"0\" marginheight=\"0\" scrolling=\"no\"><\/iframe><\/p>\n<p>&nbsp;<\/p>\n<p>&nbsp;<\/p>\n<hr \/>\n<h2><\/h2>\n<p>&nbsp;<\/p>\n<h2><span style=\"color: #ff0000;\"><a class=\"dt-pswp-item\" href=\"https:\/\/www.radiopiu.net\/wordpress\/wp-content\/uploads\/2018\/01\/PAOLO-CHISSALE.jpg\" data-dt-img-description=\"\" data-large_image_width=\"275\" data-large_image_height=\"183\"><img loading=\"lazy\" decoding=\"async\" class=\" wp-image-41679 alignleft\" src=\"https:\/\/www.radiopiu.net\/wordpress\/wp-content\/uploads\/2018\/01\/PAOLO-CHISSALE.jpg\" alt=\"\" width=\"84\" height=\"56\" \/><\/a>IERI ALLA RADIO CISL LA VOCE DEI LAVORATORI, CON PAOLO CHISSALE&#8217;, RSU LUXOTTICA AGORDO<\/span><\/h2>\n<audio class=\"wp-audio-shortcode\" id=\"audio-115121-8\" preload=\"none\" style=\"width: 100%;\" controls=\"controls\"><source type=\"audio\/mpeg\" src=\"https:\/\/www.radiopiu.net\/wordpress\/wp-content\/uploads\/2020\/01\/CISL.mp3?_=8\" \/><a href=\"https:\/\/www.radiopiu.net\/wordpress\/wp-content\/uploads\/2020\/01\/CISL.mp3\">https:\/\/www.radiopiu.net\/wordpress\/wp-content\/uploads\/2020\/01\/CISL.mp3<\/a><\/audio>\n<h2><\/h2>\n<p>&nbsp;<\/p>\n<hr \/>\n<h2><\/h2>\n<p>&nbsp;<\/p>\n<p>&nbsp;<\/p>\n<h2><span style=\"color: #ff0000;\">IERI ALLA RADIO conteme na berta&#8230; Daniela Lena e Loris Santomaso<\/span><\/h2>\n<p><strong>DAL LUNEDI AL VENERDI ALLE 9.10 E ALLE 18.10<\/strong><\/p>\n<p><strong>AGORDO<\/strong>\u00a0Tredici puntate, 13 berte raccontate alla radio da Daniela Lena (la vecia popa de Agort) e Loris Santomaso. Sono contenute in un Cd. RadioPi\u00f9 far\u00e0 conoscere il gran lavoro delle insegnanti della Scuola Primaria Tito Livio Burattini. Libro e Cd sono in distribuzione presso la scuola e l\u2019ufficio turistico. Il ricavato finanzier\u00e0 le iniziative della scuola di Agordo.<\/p>\n<blockquote class=\"wp-embedded-content\" data-secret=\"TYaFCfr6tX\"><p><a href=\"https:\/\/www.radiopiu.net\/wordpress\/i-quatro-ciodi-magici\/\">I quatro ci\u00f2di magici<\/a><\/p><\/blockquote>\n<p><iframe loading=\"lazy\" title=\"&#8220;I quatro ci\u00f2di magici&#8221; &#8212; Radio Pi\u00f9\" class=\"wp-embedded-content\" sandbox=\"allow-scripts\" security=\"restricted\" style=\"position: absolute; clip: rect(1px, 1px, 1px, 1px);\" src=\"https:\/\/www.radiopiu.net\/wordpress\/i-quatro-ciodi-magici\/embed\/#?secret=TYaFCfr6tX\" data-secret=\"TYaFCfr6tX\" width=\"600\" height=\"338\" frameborder=\"0\" marginwidth=\"0\" marginheight=\"0\" scrolling=\"no\"><\/iframe><\/p>\n<p>&nbsp;<\/p>\n<p>&nbsp;<\/p>\n<hr \/>\n<p>&nbsp;<\/p>\n<p>&nbsp;<\/p>\n<p>&nbsp;<\/p>\n<h2><span style=\"color: #ff0000;\">IERI ALLA RADIO<\/span><\/h2>\n<p><strong>DUE MINUTI UN LIBRO, OGNI GIORNO ALLE 9.40 E 17.50<\/strong><\/p>\n<blockquote class=\"wp-embedded-content\" data-secret=\"tRXE4K3O6N\"><p><a href=\"https:\/\/www.radiopiu.net\/wordpress\/il-pittore-di-anime\/\">IL PITTORE DI ANIME<\/a><\/p><\/blockquote>\n<p><iframe loading=\"lazy\" title=\"&#8220;IL PITTORE DI ANIME&#8221; &#8212; Radio Pi\u00f9\" class=\"wp-embedded-content\" sandbox=\"allow-scripts\" security=\"restricted\" style=\"position: absolute; clip: rect(1px, 1px, 1px, 1px);\" src=\"https:\/\/www.radiopiu.net\/wordpress\/il-pittore-di-anime\/embed\/#?secret=tRXE4K3O6N\" data-secret=\"tRXE4K3O6N\" width=\"600\" height=\"338\" frameborder=\"0\" marginwidth=\"0\" marginheight=\"0\" scrolling=\"no\"><\/iframe><\/p>\n<p>&nbsp;<\/p>\n<p>&nbsp;<\/p>\n<p>&nbsp;<\/p>\n<p>&nbsp;<\/p>\n<div class=\"page-title-breadcrumbs\">\n<div class=\"page-title-breadcrumbs\">\n<p class=\"photoswipe-wrapper\"><a class=\"dt-pswp-item pspw-wrap-ready\" href=\"https:\/\/www.radiopiu.net\/wordpress\/wp-content\/uploads\/2018\/09\/viabilita.jpeg\" data-dt-img-description=\"\" data-large_image_width=\"800\" data-large_image_height=\"100\"><img loading=\"lazy\" decoding=\"async\" class=\"wp-image-61954 size-full aligncenter\" src=\"https:\/\/www.radiopiu.net\/wordpress\/wp-content\/uploads\/2018\/09\/viabilita.jpeg\" sizes=\"auto, (max-width: 800px) 100vw, 800px\" srcset=\"https:\/\/www.radiopiu.net\/wordpress\/wp-content\/uploads\/2018\/09\/viabilita.jpeg 800w, https:\/\/www.radiopiu.net\/wordpress\/wp-content\/uploads\/2018\/09\/viabilita-300x38.jpeg 300w, https:\/\/www.radiopiu.net\/wordpress\/wp-content\/uploads\/2018\/09\/viabilita-768x96.jpeg 768w\" alt=\"\" width=\"800\" height=\"100\" \/><\/a><\/p>\n<\/div>\n<\/div>\n<p>&nbsp;<\/p>\n<div class=\"page-title-breadcrumbs\">\n<div class=\"page-title-breadcrumbs\">\n<div data-offset-key=\"5n5nl-0-0\">\n<div data-offset-key=\"5n5nl-0-0\">\n<div data-offset-key=\"5n5nl-0-0\">\n<div data-offset-key=\"5n5nl-0-0\">\n<p><strong class=\"photoswipe-wrapper\"><a class=\"dt-pswp-item pspw-wrap-ready\" href=\"https:\/\/www.radiopiu.net\/wordpress\/wp-content\/uploads\/2020\/01\/1a378919-7098-4c32-8e84-973d3339d943.jpg\" data-dt-img-description=\"\" data-large_image_width=\"600\" data-large_image_height=\"800\"><img loading=\"lazy\" decoding=\"async\" class=\" wp-image-114498 alignleft\" src=\"https:\/\/www.radiopiu.net\/wordpress\/wp-content\/uploads\/2020\/01\/1a378919-7098-4c32-8e84-973d3339d943-225x300.jpg\" sizes=\"auto, (max-width: 164px) 100vw, 164px\" srcset=\"https:\/\/www.radiopiu.net\/wordpress\/wp-content\/uploads\/2020\/01\/1a378919-7098-4c32-8e84-973d3339d943-225x300.jpg 225w, https:\/\/www.radiopiu.net\/wordpress\/wp-content\/uploads\/2020\/01\/1a378919-7098-4c32-8e84-973d3339d943.jpg 600w\" alt=\"\" width=\"164\" height=\"219\" \/><\/a><\/strong><\/p>\n<p><strong>PROVINCIALE 3 VAL IMPERINA, FINO\u00a0 AL 7 FEBBRAIO CHIUSURA DALLE 8 ALLE 9.45, 10-11.45, 13,30-15.15 E 15.30-1730. SOLO NEI GIORNI FERIALI DAL LUNEDI AL VENERDI.<\/strong><\/p>\n<p><strong>PROVINCIALE 563 DI SALESEI, LIVINALLONGO DEL COL DI LANA\u00a0<\/strong>FINO \u00a0AL 24 (ESCLUSI SABATO E DOMENICA) dalle 9 alle 17 interdizione totale al traffico, nei rimanenti periodi senso unico alternato per taglio alberi in localit\u00e0 Pian di Salesei e Salesei<\/p>\n<p><strong>346 SAN PELLEGRINO A CANALE D\u2019AGORDO\u00a0<\/strong>La Mora dal 13 gennaio al 29 febbraio senso unico con semaforo anche sabato e domenica<\/p>\n<p><strong class=\"photoswipe-wrapper\"><a class=\"dt-pswp-item pspw-wrap-ready\" href=\"https:\/\/www.radiopiu.net\/wordpress\/wp-content\/uploads\/2020\/01\/WhatsApp-Image-2020-01-26-at-10.38.54.jpeg\" data-dt-img-description=\"\" data-large_image_width=\"899\" data-large_image_height=\"1599\"><img loading=\"lazy\" decoding=\"async\" class=\"size-medium wp-image-114697 alignleft\" src=\"https:\/\/www.radiopiu.net\/wordpress\/wp-content\/uploads\/2020\/01\/WhatsApp-Image-2020-01-26-at-10.38.54-169x300.jpeg\" sizes=\"auto, (max-width: 169px) 100vw, 169px\" srcset=\"https:\/\/www.radiopiu.net\/wordpress\/wp-content\/uploads\/2020\/01\/WhatsApp-Image-2020-01-26-at-10.38.54-169x300.jpeg 169w, https:\/\/www.radiopiu.net\/wordpress\/wp-content\/uploads\/2020\/01\/WhatsApp-Image-2020-01-26-at-10.38.54-576x1024.jpeg 576w, https:\/\/www.radiopiu.net\/wordpress\/wp-content\/uploads\/2020\/01\/WhatsApp-Image-2020-01-26-at-10.38.54-768x1366.jpeg 768w, https:\/\/www.radiopiu.net\/wordpress\/wp-content\/uploads\/2020\/01\/WhatsApp-Image-2020-01-26-at-10.38.54-864x1536.jpeg 864w, https:\/\/www.radiopiu.net\/wordpress\/wp-content\/uploads\/2020\/01\/WhatsApp-Image-2020-01-26-at-10.38.54.jpeg 899w\" alt=\"\" width=\"169\" height=\"300\" \/><\/a>203 AGORDINA, LOCALITA\u2019 LA MUDA<\/strong>\u00a0DAL 13 GENNAIO AL 31 MARZO ESCLUSI FESTIVI E PREFESTIVI DALLE 7.30 ALLE 8.30 E DALLE 16.30 ALLE 17.30 SENSO UNICO ALTERNATO CON MOVIERI O SEMAFORI<\/p>\n<p><strong>PROVINCIALE 20 VAL FIORENTINA\u00a0<\/strong>\u00a0LOCALITA\u2019 SOLATOR\u00a0 DAL 13 GENNAIO AL 29 MAGGIO (COMPRESI FESTIVI E PREFESTIVI) SENSO UNICO ALTERNATO REGOLATO DA SEMAFORO O MOVIERI PER ADEGUAMENTO CARREGGIATA<\/p>\n<p><strong>641 PASSO FEDAIA ROCCA PIETORE<\/strong>\u00a0da martedi 7 gennaio al 6 marzo senso unico alternato regolato da semaforo per tratti di 30 metri. esclusi sabato e domenica<\/p>\n<p><strong>203 AGORDINA TAIBON AGORDINO<\/strong>\u00a0dal 7 al 30 gennaio dalle 7 alle 19 senso unico alternato regolato da semaforo. esclusi festivi e prefestivi<\/p>\n<\/div>\n<\/div>\n<\/div>\n<\/div>\n<p><strong>30 PANORAMICA COMELICO<\/strong>\u00a0dal 27 al 31 gennaio INTERRUZIONE TOTALE DELLA VIABILITA\u2019 IN LOCALITA\u2019 GIANIGUI PER TAGLIO BOSCO: CHIUSA DAL LUNEDI AL VENERDI DALLE 8 ALLE 12 E DALLE 13.30 ALLE 17, IL SABATO DALLE 8 ALLA 12<\/p>\n<\/div>\n<\/div>\n<p>&nbsp;<\/p>\n<p>&nbsp;<\/p>\n<p>&nbsp;<\/p>\n<p>&nbsp;<\/p>\n<p>&nbsp;<\/p>\n<p>&nbsp;<\/p>\n<p>&nbsp;<\/p>\n<p>&nbsp;<\/p>\n<h3 class=\"photoswipe-wrapper\"><a class=\"dt-pswp-item pspw-wrap-ready\" href=\"https:\/\/www.radiopiu.net\/wordpress\/wp-content\/uploads\/2018\/09\/sport.jpg\" data-dt-img-description=\"\" data-large_image_width=\"800\" data-large_image_height=\"100\"><img loading=\"lazy\" decoding=\"async\" class=\"wp-image-60761 size-full aligncenter\" src=\"https:\/\/www.radiopiu.net\/wordpress\/wp-content\/uploads\/2018\/09\/sport.jpg\" sizes=\"auto, (max-width: 800px) 100vw, 800px\" srcset=\"https:\/\/www.radiopiu.net\/wordpress\/wp-content\/uploads\/2018\/09\/sport.jpg 800w, https:\/\/www.radiopiu.net\/wordpress\/wp-content\/uploads\/2018\/09\/sport-300x38.jpg 300w, https:\/\/www.radiopiu.net\/wordpress\/wp-content\/uploads\/2018\/09\/sport-768x96.jpg 768w\" alt=\"\" width=\"800\" height=\"100\" \/><\/a><\/h3>\n<h3><\/h3>\n<blockquote>\n<h1 class=\"p1\"><span class=\"s1\">STASERA L\u2019ALLEGHE AL DE TONI<\/span><\/h1>\n<\/blockquote>\n<p class=\"p1\"><span class=\"s1\"><a class=\"dt-pswp-item\" href=\"https:\/\/www.radiopiu.net\/wordpress\/wp-content\/uploads\/2019\/08\/logo-alleghe-hockey.png\" data-dt-img-description=\"\" data-large_image_width=\"547\" data-large_image_height=\"512\"><img loading=\"lazy\" decoding=\"async\" class=\"size-medium wp-image-95699 alignright\" src=\"https:\/\/www.radiopiu.net\/wordpress\/wp-content\/uploads\/2019\/08\/logo-alleghe-hockey-300x281.png\" alt=\"\" width=\"300\" height=\"281\" srcset=\"https:\/\/www.radiopiu.net\/wordpress\/wp-content\/uploads\/2019\/08\/logo-alleghe-hockey-300x281.png 300w, https:\/\/www.radiopiu.net\/wordpress\/wp-content\/uploads\/2019\/08\/logo-alleghe-hockey.png 547w\" sizes=\"auto, (max-width: 300px) 100vw, 300px\" \/><\/a>Vietato sbagliare. L\u2019Alleghe Hockey torna in campo questa sera per la quarta giornata del Qualification Round della IHL. Le civette sono chiamate ad una vittoria per rimanere in corsa per la qualificazione alla fase finale del campionato. Dopo la lunga pausa di 15 giorni, i ragazzi di Matikainen sono tornati in campo sabato scorso ed hanno perso malamente contro il Caldaro. 9 a 2 per gli altoatesini che hanno sfruttato al meglio un secondo tempo in cui gli agordini hanno spento la luce. Stasera al De Toni di Alleghe arriva l\u2019Unterland Cavaliers. Sulla carta una partita alla portata delle civette che da ora in poi non possono pi\u00f9 sbagliare una partita. Sar\u00e0 una settimana impegnativa che vedr\u00e0 gli alleghesi in campo anche sabato nella lunga trasferta a Como. La testa intanto \u00e8 concentrata per l\u2019impegno odierno contro la squadra di Egna. Ingaggio alle 20:30 e diretta su Radio Pi\u00f9 all\u2019interno di \u201cHockey Al Punto Giusto\u201d<\/span><\/p>\n<p>&nbsp;<\/p>\n<p>&nbsp;<\/p>\n<p>&nbsp;<\/p>\n<p>&nbsp;<\/p>\n<p>&nbsp;<\/p>\n<hr \/>\n<p>&nbsp;<\/p>\n<p>&nbsp;<\/p>\n<p>&nbsp;<\/p>\n<blockquote>\n<h1 class=\"p1\"><span class=\"s1\">FIORI BARP, UNA STAGIONE DA INCORNICIARE<\/span><\/h1>\n<\/blockquote>\n<p class=\"p1\"><span class=\"s1\"><a class=\"dt-pswp-item\" href=\"https:\/\/www.radiopiu.net\/wordpress\/wp-content\/uploads\/2020\/01\/fiori-barp.png\" data-dt-img-description=\"\" data-large_image_width=\"334\" data-large_image_height=\"475\"><img loading=\"lazy\" decoding=\"async\" class=\"size-medium wp-image-115201 alignleft\" src=\"https:\/\/www.radiopiu.net\/wordpress\/wp-content\/uploads\/2020\/01\/fiori-barp-211x300.png\" alt=\"\" width=\"211\" height=\"300\" srcset=\"https:\/\/www.radiopiu.net\/wordpress\/wp-content\/uploads\/2020\/01\/fiori-barp-211x300.png 211w, https:\/\/www.radiopiu.net\/wordpress\/wp-content\/uploads\/2020\/01\/fiori-barp.png 334w\" sizes=\"auto, (max-width: 211px) 100vw, 211px\" \/><\/a>Si pu\u00f2 dire che la stagione 2019\/2020 del Fiori Barp sta andando oltre le aspettative. La squadra di De Battista si sta comportando egregiamente nel campionato di Prima Categoria. Tra le bellunesi del girone G solo il Limana sta facendo meglio essendo in vetta alla classifica con 44 punti. I bluarancio del Mas di Sedico occupano la terza posizione con 38 punti. 12 vittorie, 2 pareggi e 5 sconfitte, questo il rullino di marcia in questo momento. Nelle partite casalinghe una sola sconfitta, la formazione pi\u00f9 imbattuta tra le mura amiche. Un\u2019ottima stagione per la squadra del presidente Fant con un roster formato anche da agordini. Tra questi spicca Joseph Masoch, figlio del pluriscudettato gosaldino Viviano, che con i suoi 8 gol \u00e8 il secondo miglior realizzatore della squadra. In rosa anche Omar Palla, il portiere di Vallada fino allo scorso anno tra le fila dell\u2019Agordina che in questa stagione ha optato per una categoria superiore. <\/span><\/p>\n<p>&nbsp;<\/p>\n<p>&nbsp;<\/p>\n<p>&nbsp;<\/p>\n<p>&nbsp;<\/p>\n<p>&nbsp;<\/p>\n<p>&nbsp;<\/p>\n<p>&nbsp;<\/p>\n<p>&nbsp;<\/p>\n<p>&nbsp;<\/p>\n<p>&nbsp;<\/p>\n<p><center><\/center><center><\/center><center><a class=\"dt-pswp-item\" href=\"https:\/\/www.radiopiu.net\/wordpress\/wp-content\/uploads\/2018\/09\/WhatsApp-Image-2018-09-20-at-16.04.06.jpeg\" data-dt-img-description=\"\" data-large_image_width=\"800\" data-large_image_height=\"100\"><img loading=\"lazy\" decoding=\"async\" class=\"aligncenter wp-image-61378 size-full\" src=\"https:\/\/www.radiopiu.net\/wordpress\/wp-content\/uploads\/2018\/09\/WhatsApp-Image-2018-09-20-at-16.04.06.jpeg\" alt=\"\" width=\"800\" height=\"100\" srcset=\"https:\/\/www.radiopiu.net\/wordpress\/wp-content\/uploads\/2018\/09\/WhatsApp-Image-2018-09-20-at-16.04.06.jpeg 800w, https:\/\/www.radiopiu.net\/wordpress\/wp-content\/uploads\/2018\/09\/WhatsApp-Image-2018-09-20-at-16.04.06-300x38.jpeg 300w, https:\/\/www.radiopiu.net\/wordpress\/wp-content\/uploads\/2018\/09\/WhatsApp-Image-2018-09-20-at-16.04.06-768x96.jpeg 768w\" sizes=\"auto, (max-width: 800px) 100vw, 800px\" \/><\/a><\/center><center><\/center><center><\/center><center><b>Giovedi 30<\/b><\/center><b>Tempo atteso: <\/b>Tempo stabile ed in prevalenza soleggiato, con temporaneo passaggio di sottili nubi alte al primo mattino e sopratutto nel pomeriggio, quando le velature del cielo saranno assai pi\u00f9 estese. Clima assai freddo durante la notte, con apice del gelo nelle valli, mentre il clima torner\u00e0 a mitigarsi sensibilmente in giornata, specie in quota.<br \/>\n<b>Precipitazioni: <\/b>Assenti (0%).<br \/>\n<b>Temperature: <\/b>Minime in lieve ripresa in quota ed in calo nelle valli; massime in sensibile aumento in quota, stazionarie nelle valli dolomitiche ed in leggero calo nei fondovalle prealpini e nei settori in ombra. Son previste massimi di 5\/6\u00b0C nei fondovalle prealpini, di 4\/5\u00b0C a 1000\/1200 m, mentre i valori saranno pi\u00f9 bassi nelle valli in ombra. Sulle Prealpi a 1500 m minima -2\u00b0C massima 2\u00b0C, a 2000 m minima -5\u00b0C massima 0\u00b0C, sulle Dolomiti a 2000 m minima -7\u00b0C massima 0\u00b0C, a 3000 m minima -13\u00b0C massima -3\u00b0C.<br \/>\n<b>Venti: <\/b>Nelle valli in prevalenza deboli di direzione variabile, con consueti rinforzi per brezze notturne in alcuni settori a ridosso della pedemontana; in quota deboli\/moderati da nord-ovest fino sui 2500 m, moderati\/tesi alle quote pi\u00f9 alte, a 5-20 km\/h a 2000 m e 25-35 km\/h a 3000 m.<\/p>\n<hr \/>\n<p><center><b>Venerdi 31<\/b><\/center><b>Tempo atteso: <\/b>Tempo ben soleggiato con cielo sereno, aria tersa ed ottima visibilit\u00e0. Non esclusa qualche eventuale sottile nube alta. Clima assai pi\u00f9 mite in quota, anche di notte, e particolarmente mite nei fondovalle durane il giorno, ad eccezione delle valli in ombra.<br \/>\n<b>Precipitazioni: <\/b>Assenti (0%).<br \/>\n<b>Temperature: <\/b>In generale rialzo, eccetto calo delle minime nei fondovalle prealpini e nei settori in ombra, con inversione termica notturna. Sulle Prealpi a 1500 m minima 2\u00b0C massima 7\u00b0C, a 2000 m minima 1\u00b0C massima 5\u00b0C, sulle Dolomiti a 2000 m minima 0\u00b0C massima 6\u00b0C, a 3000 m minima -3\u00b0C massima 1\u00b0C.<br \/>\n<b>Venti: <\/b>Nelle valli in prevalenza deboli di direzione variabile, con consueti rinforzi per brezze notturne su in alcuni settori a ridosso della pedemontana; in quota deboli\/moderati da nord-ovest, a tratti anche tesi oltre i 2500 m tra la notte ed il primo mattino, poi in sensibile attenuazione, a 5-15 km\/h a 2000 m e 15-40 km\/h a 3000 m.<\/p>\n<hr \/>\n<p><center><b>Sabato 1<\/b><\/center>Ben soleggiato con prime velature del cielo entro la tarda mattinata. Al pomeriggio maggiore nuvolosit\u00e0 per nubi medio-alte stratiformi sempre pi\u00f9 estese su tutti i settori ed in grado di mascherare totalmente il sole. Temperature minime in aumento e massime in leggera flessione. Venti deboli\/moderati da ovest nord-ovest in quota; deboli di direzione variabile nelle valli, con qualche rinforzo per le consuete brezze notturne.<\/p>\n<hr \/>\n<p><center><b>Domenica 2<\/b><\/center>In prevalenza soleggiato su gran parte della montagna veneta, qualche temporaneo annuvolamento sulle Dolomiti settentrionali al primo mattino, localmente associato a qualche burrasca di neve sulle cime di confine con l&#8217;alto Adige e l&#8217;Austria, prima che il sole predomini anche l\u00ec. Temperature in temporaneo calo in quota ed in aumento nelle valli, anche per episodi di Foehn. Venti tesi da nord-ovest in quota, a tratti anche forti. Previsore: R.L.Th.<\/p>\n","protected":false},"excerpt":{"rendered":"<p>&nbsp; &nbsp; IL NUOVO CANALE RADIO PIU INFORMAZIONE per ricevere sul tuo telefono le notizie dalla redazione di Radio Pi\u00f9. Gli aggiornamenti in tempo reale. \u00a0RADIO PIU INFORMAZIONE\u00a0 https:\/\/t.me\/radiopiu &nbsp; &nbsp; &nbsp; OGGI, STRADE CHIUSE\u00a0 PROVINCIALE 3 VAL IMPERINA, FINO\u00a0 AL 7 FEBBRAIO CHIUSURA DALLE 8 ALLE 9.45, 10-11.45, 13,30-15.15 E 15.30-1730. SOLO NEI GIORNI&hellip;<\/p>\n","protected":false},"author":1,"featured_media":115191,"comment_status":"closed","ping_status":"closed","sticky":false,"template":"","format":"standard","meta":{"_monsterinsights_skip_tracking":false,"_monsterinsights_sitenote_active":false,"_monsterinsights_sitenote_note":"","_monsterinsights_sitenote_category":0,"footnotes":""},"categories":[51,86,49],"tags":[],"class_list":["post-115121","post","type-post","status-publish","format-standard","has-post-thumbnail","hentry","category-evidenza-top","category-gr","category-news-18","category-51","category-86","category-49","description-off"],"img_url":"https:\/\/www.radiopiu.net\/wordpress\/wp-content\/uploads\/2020\/01\/69550841_376682259945471_5458964224183107584_n.jpg","_links":{"self":[{"href":"https:\/\/www.radiopiu.net\/wordpress\/wp-json\/wp\/v2\/posts\/115121","targetHints":{"allow":["GET"]}}],"collection":[{"href":"https:\/\/www.radiopiu.net\/wordpress\/wp-json\/wp\/v2\/posts"}],"about":[{"href":"https:\/\/www.radiopiu.net\/wordpress\/wp-json\/wp\/v2\/types\/post"}],"author":[{"embeddable":true,"href":"https:\/\/www.radiopiu.net\/wordpress\/wp-json\/wp\/v2\/users\/1"}],"replies":[{"embeddable":true,"href":"https:\/\/www.radiopiu.net\/wordpress\/wp-json\/wp\/v2\/comments?post=115121"}],"version-history":[{"count":0,"href":"https:\/\/www.radiopiu.net\/wordpress\/wp-json\/wp\/v2\/posts\/115121\/revisions"}],"wp:featuredmedia":[{"embeddable":true,"href":"https:\/\/www.radiopiu.net\/wordpress\/wp-json\/wp\/v2\/media\/115191"}],"wp:attachment":[{"href":"https:\/\/www.radiopiu.net\/wordpress\/wp-json\/wp\/v2\/media?parent=115121"}],"wp:term":[{"taxonomy":"category","embeddable":true,"href":"https:\/\/www.radiopiu.net\/wordpress\/wp-json\/wp\/v2\/categories?post=115121"},{"taxonomy":"post_tag","embeddable":true,"href":"https:\/\/www.radiopiu.net\/wordpress\/wp-json\/wp\/v2\/tags?post=115121"}],"curies":[{"name":"wp","href":"https:\/\/api.w.org\/{rel}","templated":true}]}}