{"id":115149,"date":"2020-01-29T16:11:05","date_gmt":"2020-01-29T15:11:05","guid":{"rendered":"https:\/\/www.radiopiu.net\/wordpress\/?p=115149"},"modified":"2020-01-29T16:11:05","modified_gmt":"2020-01-29T15:11:05","slug":"assunzione-a-tempo-indeterminato-per-56-operatori-sanitari","status":"publish","type":"post","link":"https:\/\/www.radiopiu.net\/wordpress\/assunzione-a-tempo-indeterminato-per-56-operatori-sanitari\/","title":{"rendered":"ASSUNZIONE A TEMPO INDETERMINATO PER 56 OPERATORI SANITARI"},"content":{"rendered":"<p><strong><a class=\"dt-pswp-item\" href=\"https:\/\/www.radiopiu.net\/wordpress\/wp-content\/uploads\/2018\/06\/oss-infermiere-rapporto-funzionale.jpg\" data-dt-img-description=\"\" data-large_image_width=\"1200\" data-large_image_height=\"630\"><img loading=\"lazy\" decoding=\"async\" class=\" wp-image-51574 alignleft\" src=\"https:\/\/www.radiopiu.net\/wordpress\/wp-content\/uploads\/2018\/06\/oss-infermiere-rapporto-funzionale-300x158.jpg\" alt=\"\" width=\"235\" height=\"124\" srcset=\"https:\/\/www.radiopiu.net\/wordpress\/wp-content\/uploads\/2018\/06\/oss-infermiere-rapporto-funzionale-300x158.jpg 300w, https:\/\/www.radiopiu.net\/wordpress\/wp-content\/uploads\/2018\/06\/oss-infermiere-rapporto-funzionale-768x403.jpg 768w, https:\/\/www.radiopiu.net\/wordpress\/wp-content\/uploads\/2018\/06\/oss-infermiere-rapporto-funzionale-1024x538.jpg 1024w, https:\/\/www.radiopiu.net\/wordpress\/wp-content\/uploads\/2018\/06\/oss-infermiere-rapporto-funzionale.jpg 1200w\" sizes=\"auto, (max-width: 235px) 100vw, 235px\" \/><\/a>BELLUNO<\/strong> L\u2019Azienda ULSS 1 Dolomiti assume operatori sanitari a tempo indeterminato: 27 infermieri (cat. D) &#8211; 6 ostetriche\/ostetrici (cat. D) &#8211; 23 Operatori socio sanitari ( categoria Bs), assunzioni che rientrano nel programma di acquisizione di risorse umane aziendale del 4\u00b0 trimestre 2019, autorizzato dalla Regione del Veneto. 14 infermieri saranno assunti in sostituzione di dipendenti cessati dal servizio, mentre gli altri 13 verranno assunti in aggiunta andando ad implementare il personale infermieristico degli Ospedali e dei Distretti di Belluno e Feltre. L\u2019assunzione delle ostetriche, due neo assunti andranno a ricoprire i posti lasciati vacanti da dipendenti cessati dal servizio mentre quattro operatori verranno assunti extra turn over. Per quanto riguarda i 23 operatori socio sanitari,12 verranno assunti \u201cextra turn over\u201d, per rinforzare gli organici degli ospedali provinciali. <em>\u201cLe assunzioni che si andranno a perfezionare nelle prossime settimane avranno un impatto molto positivo sull\u2019organizzazione delle attivit\u00e0 ospedaliere e distrettuali, questo garantir\u00e0 una qualit\u00e0 assistenziale sempre pi\u00f9 elevata \u201d <\/em>lo dice il direttore generale Adriano Rasi Caldogno.<\/p>\n<p>&nbsp;<\/p>\n","protected":false},"excerpt":{"rendered":"<p>BELLUNO L\u2019Azienda ULSS 1 Dolomiti assume operatori sanitari a tempo indeterminato: 27 infermieri (cat. D) &#8211; 6 ostetriche\/ostetrici (cat. D) &#8211; 23 Operatori socio sanitari ( categoria Bs), assunzioni che rientrano nel programma di acquisizione di risorse umane aziendale del 4\u00b0 trimestre 2019, autorizzato dalla Regione del Veneto. 14 infermieri saranno assunti in sostituzione di&hellip;<\/p>\n","protected":false},"author":1,"featured_media":51574,"comment_status":"closed","ping_status":"closed","sticky":false,"template":"","format":"standard","meta":{"_monsterinsights_skip_tracking":false,"_monsterinsights_sitenote_active":false,"_monsterinsights_sitenote_note":"","_monsterinsights_sitenote_category":0,"footnotes":""},"categories":[49],"tags":[],"class_list":["post-115149","post","type-post","status-publish","format-standard","has-post-thumbnail","hentry","category-news-18","category-49","description-off"],"img_url":"https:\/\/www.radiopiu.net\/wordpress\/wp-content\/uploads\/2018\/06\/oss-infermiere-rapporto-funzionale.jpg","_links":{"self":[{"href":"https:\/\/www.radiopiu.net\/wordpress\/wp-json\/wp\/v2\/posts\/115149","targetHints":{"allow":["GET"]}}],"collection":[{"href":"https:\/\/www.radiopiu.net\/wordpress\/wp-json\/wp\/v2\/posts"}],"about":[{"href":"https:\/\/www.radiopiu.net\/wordpress\/wp-json\/wp\/v2\/types\/post"}],"author":[{"embeddable":true,"href":"https:\/\/www.radiopiu.net\/wordpress\/wp-json\/wp\/v2\/users\/1"}],"replies":[{"embeddable":true,"href":"https:\/\/www.radiopiu.net\/wordpress\/wp-json\/wp\/v2\/comments?post=115149"}],"version-history":[{"count":0,"href":"https:\/\/www.radiopiu.net\/wordpress\/wp-json\/wp\/v2\/posts\/115149\/revisions"}],"wp:featuredmedia":[{"embeddable":true,"href":"https:\/\/www.radiopiu.net\/wordpress\/wp-json\/wp\/v2\/media\/51574"}],"wp:attachment":[{"href":"https:\/\/www.radiopiu.net\/wordpress\/wp-json\/wp\/v2\/media?parent=115149"}],"wp:term":[{"taxonomy":"category","embeddable":true,"href":"https:\/\/www.radiopiu.net\/wordpress\/wp-json\/wp\/v2\/categories?post=115149"},{"taxonomy":"post_tag","embeddable":true,"href":"https:\/\/www.radiopiu.net\/wordpress\/wp-json\/wp\/v2\/tags?post=115149"}],"curies":[{"name":"wp","href":"https:\/\/api.w.org\/{rel}","templated":true}]}}