{"id":115154,"date":"2020-01-29T23:59:02","date_gmt":"2020-01-29T22:59:02","guid":{"rendered":"https:\/\/www.radiopiu.net\/wordpress\/?p=115154"},"modified":"2020-01-30T08:00:30","modified_gmt":"2020-01-30T07:00:30","slug":"agordo-non-solo-autovelox-ma-controllo-del-territorio","status":"publish","type":"post","link":"https:\/\/www.radiopiu.net\/wordpress\/agordo-non-solo-autovelox-ma-controllo-del-territorio\/","title":{"rendered":"AGORDO NON SOLO AUTOVELOX MA CONTROLLO DEL TERRITORIO"},"content":{"rendered":"<p>&nbsp;<\/p>\n<p><strong><a class=\"dt-pswp-item\" href=\"https:\/\/www.radiopiu.net\/wordpress\/wp-content\/uploads\/2020\/01\/download-9.jpg\" data-dt-img-description=\"\" data-large_image_width=\"194\" data-large_image_height=\"259\"><img loading=\"lazy\" decoding=\"async\" class=\"size-full wp-image-115157 alignleft\" src=\"https:\/\/www.radiopiu.net\/wordpress\/wp-content\/uploads\/2020\/01\/download-9.jpg\" alt=\"\" width=\"194\" height=\"259\" \/><\/a>AGORDO<\/strong> A pochi giorni dal termine naturale della precedente legislatura il sindaco di Agordo, Sisto Da Roit, aveva preannunciato in consiglio comunale una spesa da oltre 30 mila euro per dotare la citt\u00e0 di due nuovi autovelox,\u00a0 a Bries di Agordo e in localit\u00e0 Pragrande lungo la regionale 203 agordina, dove il traffico \u00e8 certamente maggiore rispetto a Veran (verso La Valle lungo la 347 del Duran e Cereda). Due autovelox della nuova generazione in sostituzione dei contenitori in\u00a0 lamiera che oggi costeggiano la 203 agordina, cio\u00e8 come a Vare di San Tomaso dove \u00e8 in corso il montaggio del nuovo impianto. Il sindaco di Agordo Roberto Chissal\u00e8 conferma che quella spesa al momento \u00e8 congelata, non sar\u00e0 cambiato nessun autovelox. <em>&#8220;Stiamo pensando anche ad altro non solo al controllo della velocit\u00e0 con l&#8217;autovelox, ci sono anche altre iniziative che fanno da deterrente alla velocit\u00e0 e anche a garantire la sicurezza&#8221; <\/em>Lo chiarisce il sindaco Roberto Chissal\u00e8 che anticipa come il pensiero dell&#8217;attuale gruppo di Governo sia quello di un maggiore presidio del territorio usando al meglio le risorse umane disponibili. <em>\u00a0&#8220;Tra l&#8217;altro &#8211; dice il sindaco &#8211; ora siamo alle prese con un problema, un vigile in meno visto che a fine anno uno dei due ha raggiunto l&#8217;et\u00e0 pensionabile. A breve ci saranno i concorsi&#8221;.<\/em> Ad Agordo il capitolo &#8220;sanzioni&#8221; almeno con riferimento agli ultimi anni somma non pi\u00f9 di 30 mila euro, ben diverso da altri Comuni che con le sanzioni danno una bella sistemata al bilancio, si presume comunque destinando il denaro delle contravvenzioni al miglioramento e alla sicurezza della viabilit\u00e0. (MM)<\/p>\n<p>&nbsp;<\/p>\n","protected":false},"excerpt":{"rendered":"<p>&nbsp; AGORDO A pochi giorni dal termine naturale della precedente legislatura il sindaco di Agordo, Sisto Da Roit, aveva preannunciato in consiglio comunale una spesa da oltre 30 mila euro per dotare la citt\u00e0 di due nuovi autovelox,\u00a0 a Bries di Agordo e in localit\u00e0 Pragrande lungo la regionale 203 agordina, dove il traffico \u00e8&hellip;<\/p>\n","protected":false},"author":1,"featured_media":115158,"comment_status":"closed","ping_status":"closed","sticky":false,"template":"","format":"standard","meta":{"_monsterinsights_skip_tracking":false,"_monsterinsights_sitenote_active":false,"_monsterinsights_sitenote_note":"","_monsterinsights_sitenote_category":0,"footnotes":""},"categories":[51,49],"tags":[],"class_list":["post-115154","post","type-post","status-publish","format-standard","has-post-thumbnail","hentry","category-evidenza-top","category-news-18","category-51","category-49","description-off"],"img_url":"https:\/\/www.radiopiu.net\/wordpress\/wp-content\/uploads\/2020\/01\/dodddwnload.jpg","_links":{"self":[{"href":"https:\/\/www.radiopiu.net\/wordpress\/wp-json\/wp\/v2\/posts\/115154","targetHints":{"allow":["GET"]}}],"collection":[{"href":"https:\/\/www.radiopiu.net\/wordpress\/wp-json\/wp\/v2\/posts"}],"about":[{"href":"https:\/\/www.radiopiu.net\/wordpress\/wp-json\/wp\/v2\/types\/post"}],"author":[{"embeddable":true,"href":"https:\/\/www.radiopiu.net\/wordpress\/wp-json\/wp\/v2\/users\/1"}],"replies":[{"embeddable":true,"href":"https:\/\/www.radiopiu.net\/wordpress\/wp-json\/wp\/v2\/comments?post=115154"}],"version-history":[{"count":0,"href":"https:\/\/www.radiopiu.net\/wordpress\/wp-json\/wp\/v2\/posts\/115154\/revisions"}],"wp:featuredmedia":[{"embeddable":true,"href":"https:\/\/www.radiopiu.net\/wordpress\/wp-json\/wp\/v2\/media\/115158"}],"wp:attachment":[{"href":"https:\/\/www.radiopiu.net\/wordpress\/wp-json\/wp\/v2\/media?parent=115154"}],"wp:term":[{"taxonomy":"category","embeddable":true,"href":"https:\/\/www.radiopiu.net\/wordpress\/wp-json\/wp\/v2\/categories?post=115154"},{"taxonomy":"post_tag","embeddable":true,"href":"https:\/\/www.radiopiu.net\/wordpress\/wp-json\/wp\/v2\/tags?post=115154"}],"curies":[{"name":"wp","href":"https:\/\/api.w.org\/{rel}","templated":true}]}}