{"id":115225,"date":"2020-01-29T23:46:26","date_gmt":"2020-01-29T22:46:26","guid":{"rendered":"https:\/\/www.radiopiu.net\/wordpress\/?p=115225"},"modified":"2020-01-30T05:48:58","modified_gmt":"2020-01-30T04:48:58","slug":"belluno-la-parrocchia-don-bosco-ricorda-il-patrono-con-una-festa-di-renato-bona","status":"publish","type":"post","link":"https:\/\/www.radiopiu.net\/wordpress\/belluno-la-parrocchia-don-bosco-ricorda-il-patrono-con-una-festa-di-renato-bona\/","title":{"rendered":"BELLUNO. LA PARROCCHIA DON BOSCO RICORDA IL PATRONO CON UNA FESTA di RENATO BONA"},"content":{"rendered":"<p>Il 31 gennaio del 1888, dunque centotrentadue anni or sono, era di marted\u00ec, don Giovanni Bosco \u201csi spegne a Torino, circondato dal cordoglio di tutti quelli che lo avevano conosciuto, lasciando dietro di s\u00e9 una scia luminosa di opere concrete e di realizzazioni (come si pu\u00f2 leggere nel foglietto settimanale distribuito fin da domenica scorsa nella cattedrale-basilica del Duomo di Belluno). La parrocchia che porta il suo nome del Santo, come il piazzale antistante la chiesa, e la vicina Scuola dell\u2019infanzia, in collaborazione con l\u2019istituto salesiano \u201cAgosti\u201d celebrer\u00e0 la ricorrenza, secondo tradizione, con una grande festa che ha come slogan: \u201cUn cuore che batte per i giovani\u201d. Si comincia venerd\u00ec 31 gennaio all\u2019Agosti: dalle 9 giochi nei cortili della scuola; alle 11,15 messa per i ragazzi, dalle 14,30 allievi ed allievi usciti negli ultimi quattro anni incontrano Etienne Jean Marie, ballerino &amp; coreografo ed Alessandro Zanuto, giocolieri; a seguire, breve incontro con gli ex allievi; in Parrocchia: alle 18,30 messa; in Oratorio; dalle 19,30 pizza e incontro con i giovani dell\u2019Oratorio stesso. Sabato 1 febbraio: in Oratorio dalle 15: grandi giochi per tutti i ragazzi con la presenza del giocoliere Alessandro; domenica 2 alle 11 messa presieduta dal vescovo di Belluno-Feltre monsignor Renato Marangoni. Venerd\u00ec 7 febbraio: alle 14,30 presentazione dei nuovi progetti e a seguire inaugurazione della nuova aula informatica dedicata a \u201cGiulia, il nostro piccolo angelo\u201d recentemente scomparsa; sabato 8 febbraio alle 15 incontro annuale degli ex allievi; a seguire una chiacchierata su: \u201cL\u2019Agosti ieri, oggi e\u2026 soprattutto domani\u201d. Ma chi era Giovanni Melchiorre Bosco? Ancora dal foglietto della Parrocchia Duomo-Loreto: \u201cStraordinario educatore e indimenticabile sacerdote, nacque il 15 agosto 1815 in una famiglia contadina poverissima a Becchi Castelnuovo d\u2019Asti. Rimasto orfano di padre a soli due anni, matura la vocazione sacerdotale fin da subito. Nel 1841, giovane prete, arriva a Torino e comincia ad esplorare la citt\u00e0 per farsi un\u2019idea delle condizioni morali dei giovani. Ne rimane sconvolto. Ragazzi che vagabondano per le strade, disoccupati, sbandati e depressi pronti a qualsiasi cosa. Rimane inoltre profondamente impressionato dal constatare come tanti di quei ragazzi prendano da subito la via delle patrie galere. Capisce che non pu\u00f2 rimanere indifferente a tutto ci\u00f2 e decide di agire per cercare di sanare, come pu\u00f2, la difficile situazione. Aiuta dunque i ragazzi a cercare lavoro, si prodiga per ottenere condizioni migliori per chi \u00e8 gi\u00e0 occupato e fa scuola ai pi\u00f9 intelligenti, Nasce cos\u00ec nella periferia torinese il primo oratorio. Don Bosco diventa col tempo una figura di rilievo nazionale, Don Giovanni Bosco rimase sempre altrettanto straordinariamente una persona umile e semplice. Nel 1872, instancabile, fonda la Congregazione femminile delle Figlie di Maria Ausiliatrice, detta della Suore Salesiane. Pochi anni dopo, \u00e8 il 31 gennaio 1888, si spegne a Torino, circondato dal cordoglio di tutti quelli che lo avevano conosciuto, lasciando dietro di s\u00e9 una scia luminosa di opere concrete e di realizzazioni\u201d. Aggiungiamo, in conclusione, che \u00e8 stato presbitero e pedagogo, fondatore delle congregazioni dei Salesiani oltre che delle Figlie di Maria Ausiliatrice. \u00c8 stato canonizzato da papa Pio XI nel 1934 ed \u00e8 considerato uno dei santi sociali torinesi. E\u2019 il patrono di educatori, scolari, giovani, studenti ed editori. E\u2019 sepolto nella Basilica di Maria Ausiliatrice di Torino.<\/p>\n\n\t\t\t<style type='text\/css'>\n\t\t\t\t#gallery-1 {\n\t\t\t\t\tmargin: auto;\n\t\t\t\t}\n\t\t\t\t#gallery-1 .gallery-item {\n\t\t\t\t\tfloat: left;\n\t\t\t\t\tmargin-top: 10px;\n\t\t\t\t\ttext-align: center;\n\t\t\t\t\twidth: 33%;\n\t\t\t\t}\n\t\t\t\t#gallery-1 img {\n\t\t\t\t\tborder: 2px solid #cfcfcf;\n\t\t\t\t}\n\t\t\t\t#gallery-1 .gallery-caption {\n\t\t\t\t\tmargin-left: 0;\n\t\t\t\t}\n\t\t\t\t\/* see gallery_shortcode() in wp-includes\/media.php *\/\n\t\t\t<\/style>\n\t\t<div id='gallery-1' class='dt-gallery-container gallery galleryid-115225 gallery-columns-3 gallery-size-thumbnail'><dl class='gallery-item'>\n\t\t\t\t<dt class='gallery-icon landscape'>\n\t\t\t\t\t<a class=\"rollover\" href='https:\/\/www.radiopiu.net\/wordpress\/belluno-la-parrocchia-don-bosco-ricorda-il-patrono-con-una-festa-di-renato-bona\/83325465_865507657216498_7035734413186957312_n\/'><img loading=\"lazy\" decoding=\"async\" width=\"150\" height=\"150\" src=\"https:\/\/www.radiopiu.net\/wordpress\/wp-content\/uploads\/2020\/01\/83325465_865507657216498_7035734413186957312_n-150x150.jpg\" class=\"attachment-thumbnail size-thumbnail\" alt=\"\" \/><\/a>\n\t\t\t\t<\/dt><\/dl><dl class='gallery-item'>\n\t\t\t\t<dt class='gallery-icon landscape'>\n\t\t\t\t\t<a class=\"rollover\" href='https:\/\/www.radiopiu.net\/wordpress\/belluno-la-parrocchia-don-bosco-ricorda-il-patrono-con-una-festa-di-renato-bona\/83108488_1551474881674368_8170793651320913920_n\/'><img loading=\"lazy\" decoding=\"async\" width=\"150\" height=\"150\" src=\"https:\/\/www.radiopiu.net\/wordpress\/wp-content\/uploads\/2020\/01\/83108488_1551474881674368_8170793651320913920_n-150x150.jpg\" class=\"attachment-thumbnail size-thumbnail\" alt=\"\" \/><\/a>\n\t\t\t\t<\/dt><\/dl><dl class='gallery-item'>\n\t\t\t\t<dt class='gallery-icon landscape'>\n\t\t\t\t\t<a class=\"rollover\" href='https:\/\/www.radiopiu.net\/wordpress\/belluno-la-parrocchia-don-bosco-ricorda-il-patrono-con-una-festa-di-renato-bona\/83888613_175028170508780_3719503912412119040_n\/'><img loading=\"lazy\" decoding=\"async\" width=\"150\" height=\"150\" src=\"https:\/\/www.radiopiu.net\/wordpress\/wp-content\/uploads\/2020\/01\/83888613_175028170508780_3719503912412119040_n-150x150.jpg\" class=\"attachment-thumbnail size-thumbnail\" alt=\"\" \/><\/a>\n\t\t\t\t<\/dt><\/dl><br style=\"clear: both\" \/><dl class='gallery-item'>\n\t\t\t\t<dt class='gallery-icon landscape'>\n\t\t\t\t\t<a class=\"rollover\" href='https:\/\/www.radiopiu.net\/wordpress\/belluno-la-parrocchia-don-bosco-ricorda-il-patrono-con-una-festa-di-renato-bona\/83367412_3036631986367694_7429185926108020736_n\/'><img loading=\"lazy\" decoding=\"async\" width=\"150\" height=\"150\" src=\"https:\/\/www.radiopiu.net\/wordpress\/wp-content\/uploads\/2020\/01\/83367412_3036631986367694_7429185926108020736_n-150x150.jpg\" class=\"attachment-thumbnail size-thumbnail\" alt=\"\" \/><\/a>\n\t\t\t\t<\/dt><\/dl><dl class='gallery-item'>\n\t\t\t\t<dt class='gallery-icon landscape'>\n\t\t\t\t\t<a class=\"rollover\" href='https:\/\/www.radiopiu.net\/wordpress\/belluno-la-parrocchia-don-bosco-ricorda-il-patrono-con-una-festa-di-renato-bona\/83215167_182180249825449_2938176063357845504_n\/'><img loading=\"lazy\" decoding=\"async\" width=\"150\" height=\"150\" src=\"https:\/\/www.radiopiu.net\/wordpress\/wp-content\/uploads\/2020\/01\/83215167_182180249825449_2938176063357845504_n-150x150.jpg\" class=\"attachment-thumbnail size-thumbnail\" alt=\"\" \/><\/a>\n\t\t\t\t<\/dt><\/dl><dl class='gallery-item'>\n\t\t\t\t<dt class='gallery-icon portrait'>\n\t\t\t\t\t<a class=\"rollover\" href='https:\/\/www.radiopiu.net\/wordpress\/belluno-la-parrocchia-don-bosco-ricorda-il-patrono-con-una-festa-di-renato-bona\/83293957_177167730284117_791052505415942144_n\/'><img loading=\"lazy\" decoding=\"async\" width=\"150\" height=\"150\" src=\"https:\/\/www.radiopiu.net\/wordpress\/wp-content\/uploads\/2020\/01\/83293957_177167730284117_791052505415942144_n-150x150.jpg\" class=\"attachment-thumbnail size-thumbnail\" alt=\"\" \/><\/a>\n\t\t\t\t<\/dt><\/dl><br style=\"clear: both\" \/><dl class='gallery-item'>\n\t\t\t\t<dt class='gallery-icon portrait'>\n\t\t\t\t\t<a class=\"rollover\" href='https:\/\/www.radiopiu.net\/wordpress\/belluno-la-parrocchia-don-bosco-ricorda-il-patrono-con-una-festa-di-renato-bona\/83445018_1543687822454673_8494320854690168832_n\/'><img loading=\"lazy\" decoding=\"async\" width=\"150\" height=\"150\" src=\"https:\/\/www.radiopiu.net\/wordpress\/wp-content\/uploads\/2020\/01\/83445018_1543687822454673_8494320854690168832_n-150x150.jpg\" class=\"attachment-thumbnail size-thumbnail\" alt=\"\" \/><\/a>\n\t\t\t\t<\/dt><\/dl>\n\t\t\t\t<br style='clear: both' \/>\n\t\t\t<\/div>\n\n<p>NELLE FOTO (Renato Bona e Google): riproduzione del volantino con l\u2019annuncio della festa nella Parrocchia bellunese di Don Bosco; la chiesa parrocchiale dove \u00e8 parroco don Guido Novella; l\u2019Istituto salesiano Agosti, la scuola dell\u2019infanzia \u201cDon Bosco\u201d di Belluno; l\u2019Oratorio; il ballerino e coreografo Etienne Jean Marie; il giocoliere Alessandro Zanutto.<\/p>\n","protected":false},"excerpt":{"rendered":"<p>Il 31 gennaio del 1888, dunque centotrentadue anni or sono, era di marted\u00ec, don Giovanni Bosco \u201csi spegne a Torino, circondato dal cordoglio di tutti quelli che lo avevano conosciuto, lasciando dietro di s\u00e9 una scia luminosa di opere concrete e di realizzazioni (come si pu\u00f2 leggere nel foglietto settimanale distribuito fin da domenica scorsa&hellip;<\/p>\n","protected":false},"author":1,"featured_media":115233,"comment_status":"closed","ping_status":"closed","sticky":false,"template":"","format":"standard","meta":{"_monsterinsights_skip_tracking":false,"_monsterinsights_sitenote_active":false,"_monsterinsights_sitenote_note":"","_monsterinsights_sitenote_category":0,"footnotes":""},"categories":[49],"tags":[],"class_list":["post-115225","post","type-post","status-publish","format-standard","has-post-thumbnail","hentry","category-news-18","category-49","description-off"],"img_url":"https:\/\/www.radiopiu.net\/wordpress\/wp-content\/uploads\/2020\/01\/83325465_865507657216498_7035734413186957312_n.jpg","_links":{"self":[{"href":"https:\/\/www.radiopiu.net\/wordpress\/wp-json\/wp\/v2\/posts\/115225","targetHints":{"allow":["GET"]}}],"collection":[{"href":"https:\/\/www.radiopiu.net\/wordpress\/wp-json\/wp\/v2\/posts"}],"about":[{"href":"https:\/\/www.radiopiu.net\/wordpress\/wp-json\/wp\/v2\/types\/post"}],"author":[{"embeddable":true,"href":"https:\/\/www.radiopiu.net\/wordpress\/wp-json\/wp\/v2\/users\/1"}],"replies":[{"embeddable":true,"href":"https:\/\/www.radiopiu.net\/wordpress\/wp-json\/wp\/v2\/comments?post=115225"}],"version-history":[{"count":0,"href":"https:\/\/www.radiopiu.net\/wordpress\/wp-json\/wp\/v2\/posts\/115225\/revisions"}],"wp:featuredmedia":[{"embeddable":true,"href":"https:\/\/www.radiopiu.net\/wordpress\/wp-json\/wp\/v2\/media\/115233"}],"wp:attachment":[{"href":"https:\/\/www.radiopiu.net\/wordpress\/wp-json\/wp\/v2\/media?parent=115225"}],"wp:term":[{"taxonomy":"category","embeddable":true,"href":"https:\/\/www.radiopiu.net\/wordpress\/wp-json\/wp\/v2\/categories?post=115225"},{"taxonomy":"post_tag","embeddable":true,"href":"https:\/\/www.radiopiu.net\/wordpress\/wp-json\/wp\/v2\/tags?post=115225"}],"curies":[{"name":"wp","href":"https:\/\/api.w.org\/{rel}","templated":true}]}}