{"id":115281,"date":"2020-01-31T05:41:59","date_gmt":"2020-01-31T04:41:59","guid":{"rendered":"https:\/\/www.radiopiu.net\/wordpress\/?p=115281"},"modified":"2020-01-31T20:20:44","modified_gmt":"2020-01-31T19:20:44","slug":"giornale-radiopiu-31-gennaio-2020-direttore-mirko-mezzacasa","status":"publish","type":"post","link":"https:\/\/www.radiopiu.net\/wordpress\/giornale-radiopiu-31-gennaio-2020-direttore-mirko-mezzacasa\/","title":{"rendered":"GIORNALE RADIOPIU 31 GENNAIO 2020 DIRETTORE MIRKO MEZZACASA"},"content":{"rendered":"<hr \/>\n<p>&nbsp;<\/p>\n<p><span style=\"color: #0000ff;\"><strong>IL NUOVO CANALE RADIO PIU INFORMAZIONE su TELEGRAM<\/strong><\/span><\/p>\n<p><strong>per ricevere sul tuo telefono le notizie dalla redazione di Radio Pi\u00f9. Gli aggiornamenti in tempo reale. <\/strong><span style=\"color: #0000ff;\">\u00a0<\/span><span style=\"color: #0000ff;\">RADIO PIU INFORMAZIONE\u00a0<a href=\"https:\/\/t.me\/radiopiu\"> https:\/\/t.me\/radiopiu<\/a><\/span><\/p>\n<p>&nbsp;<\/p>\n<hr \/>\n<p>&nbsp;<\/p>\n<p>&nbsp;<\/p>\n<h3><strong>REGIONALE 203 AGORDINA, LOCALITA&#8217; LA MUDA<\/strong><\/h3>\n<p><strong><a class=\"dt-pswp-item\" href=\"https:\/\/www.radiopiu.net\/wordpress\/wp-content\/uploads\/2020\/01\/74394d8e-285f-467b-99d8-559747623ea4.jpg\" data-dt-img-description=\"\" data-large_image_width=\"1599\" data-large_image_height=\"1200\"><img loading=\"lazy\" decoding=\"async\" class=\" wp-image-115314 alignleft\" src=\"https:\/\/www.radiopiu.net\/wordpress\/wp-content\/uploads\/2020\/01\/74394d8e-285f-467b-99d8-559747623ea4-300x225.jpg\" alt=\"\" width=\"212\" height=\"159\" srcset=\"https:\/\/www.radiopiu.net\/wordpress\/wp-content\/uploads\/2020\/01\/74394d8e-285f-467b-99d8-559747623ea4-300x225.jpg 300w, https:\/\/www.radiopiu.net\/wordpress\/wp-content\/uploads\/2020\/01\/74394d8e-285f-467b-99d8-559747623ea4-1024x768.jpg 1024w, https:\/\/www.radiopiu.net\/wordpress\/wp-content\/uploads\/2020\/01\/74394d8e-285f-467b-99d8-559747623ea4-768x576.jpg 768w, https:\/\/www.radiopiu.net\/wordpress\/wp-content\/uploads\/2020\/01\/74394d8e-285f-467b-99d8-559747623ea4-1536x1153.jpg 1536w, https:\/\/www.radiopiu.net\/wordpress\/wp-content\/uploads\/2020\/01\/74394d8e-285f-467b-99d8-559747623ea4.jpg 1599w\" sizes=\"auto, (max-width: 212px) 100vw, 212px\" \/><\/a>LA VALLE <span style=\"color: #ff0000;\">DA LUNEDI<\/span> <\/strong>traffico deviato su viabilit\u00e0 provvisoria appositamente predisposta con limitazione della velocit\u00e0 a 30 chilometri orari e divieto di sorpasso.<\/p>\n<p><strong>PROVINCIALE 3 VAL IMPERINA,<\/strong> FINO\u00a0 AL 7 FEBBRAIO CHIUSURA DALLE 8 ALLE 9.45, 10-11.45, 13,30-15.15 E 15.30-1730. SOLO NEI GIORNI FERIALI DAL LUNEDI AL VENERDI. localita&#8217; Corde Mole tra Rivamonte e Gosaldo dove sono previste le operazioni di taglio alberi<\/p>\n<p><strong>563 di SALESEI tra PIAN DI SALESEI E SALESEI\u00a0<\/strong> FINO AL 21 febbraio esclusi festivi e prefestivi INTERDIZIONE TOTALE AL TRAFFICO dalle 9 alle 17 per rimozione schianti. negli altri orari senso unico con semaforo<\/p>\n<p><strong>PONTE NELLE ALPI <\/strong><em>Dal 3 febbraio e fino al 27 marzo, il traffico della statale 50, all&#8217;altezza dell&#8217;innesto con via dei Zattieri (che verr\u00e0 chiusa), sar\u00e0 deviato nel tratto di nuova rotatoria realizzata all&#8217;interno dell&#8217;area ex Comedil.<\/em><\/p>\n<p>&nbsp;<\/p>\n<p>&nbsp;<\/p>\n<hr \/>\n<h3><\/h3>\n<h3 class=\"_2cuy _509y _2vxa\">ARIA IN VENETO. ALTA PRESSIONE E ALLERTA ARANCIONE IN GRAN PARTE DEL TERRITORIO<\/h3>\n<p><a class=\"dt-pswp-item\" href=\"https:\/\/www.radiopiu.net\/wordpress\/wp-content\/uploads\/2020\/01\/83152163_2580705392212231_3271118406270582784_n.jpg\" data-dt-img-description=\"\" data-large_image_width=\"800\" data-large_image_height=\"800\"><img loading=\"lazy\" decoding=\"async\" class=\"alignnone size-medium wp-image-115300\" src=\"https:\/\/www.radiopiu.net\/wordpress\/wp-content\/uploads\/2020\/01\/83152163_2580705392212231_3271118406270582784_n-300x300.jpg\" alt=\"\" width=\"300\" height=\"300\" srcset=\"https:\/\/www.radiopiu.net\/wordpress\/wp-content\/uploads\/2020\/01\/83152163_2580705392212231_3271118406270582784_n-300x300.jpg 300w, https:\/\/www.radiopiu.net\/wordpress\/wp-content\/uploads\/2020\/01\/83152163_2580705392212231_3271118406270582784_n-150x150.jpg 150w, https:\/\/www.radiopiu.net\/wordpress\/wp-content\/uploads\/2020\/01\/83152163_2580705392212231_3271118406270582784_n-768x768.jpg 768w, https:\/\/www.radiopiu.net\/wordpress\/wp-content\/uploads\/2020\/01\/83152163_2580705392212231_3271118406270582784_n.jpg 800w\" sizes=\"auto, (max-width: 300px) 100vw, 300px\" \/><\/a><\/p>\n<p>&nbsp;<\/p>\n<p>&nbsp;<\/p>\n<hr \/>\n<p>&nbsp;<\/p>\n<h2>IL DRAMMA DI LISA, OGGI L&#8217;AUTOPSIA<\/h2>\n<p><strong>ALPAGO<\/strong>\u00a0 Il banco di Lisa Collazzuol nella scuola di Vittorio Veneto \u00e8 tristemente vuoto tra le lacrime di compagni e insegnanti. La 18enne \u00e8 deceduta nel sonno nel suo letto, a casa in Alpago martedi notte,\u00a0 una settimana dopo l&#8217;intervento chirurgico per la rimozione dell&#8217;appendice. Oggi alle 11.30 verr\u00e0 eseguita l&#8217;autopsia\u00a0 dal medico legale Antonello Cirnell, incaricato dal sostituto procuratore Katjuscia D&#8217;Orlando di accertare eventuali responsabilit\u00e0. Il pm ha aperto un fascicolo per omicidio colposo. Le indagini sono in mano\u00a0 alla polizia di Stato.<\/p>\n<p>&nbsp;<\/p>\n<p>&nbsp;<\/p>\n<hr \/>\n<blockquote>\n<h2><\/h2>\n<h2>UN&#8217;ARMERIA TRA LE MURA DI CASA, MATERIALE DELLA GUERRA<\/h2>\n<\/blockquote>\n<p><a class=\"dt-pswp-item\" href=\"https:\/\/www.radiopiu.net\/wordpress\/wp-content\/uploads\/2020\/01\/ff.jpg-3.jpg\" data-dt-img-description=\"\" data-large_image_width=\"800\" data-large_image_height=\"600\"><img loading=\"lazy\" decoding=\"async\" class=\"alignnone wp-image-115286 size-full\" src=\"https:\/\/www.radiopiu.net\/wordpress\/wp-content\/uploads\/2020\/01\/ff.jpg-3.jpg\" alt=\"\" width=\"800\" height=\"600\" srcset=\"https:\/\/www.radiopiu.net\/wordpress\/wp-content\/uploads\/2020\/01\/ff.jpg-3.jpg 800w, https:\/\/www.radiopiu.net\/wordpress\/wp-content\/uploads\/2020\/01\/ff.jpg-3-300x225.jpg 300w, https:\/\/www.radiopiu.net\/wordpress\/wp-content\/uploads\/2020\/01\/ff.jpg-3-768x576.jpg 768w\" sizes=\"auto, (max-width: 800px) 100vw, 800px\" \/><\/a><\/p>\n<p><strong>FELTRE<\/strong> Padre e figlio sono stati arrestati e successivamente rimessi in libert\u00e0 dal Pubblico Ministero, perch\u00e9 in possesso di armi da guerra mai denunciate. I Carabinieri della compagnia di Feltre hanno agito in Valbelluna, in seguito a precise indagini hanno chiesto e ottenuto il permesso di eseguire un controllo\u00a0 presso l&#8217;abitazione dei due, peraltro\u00a0 autorizzati a detenere armi per uso caccia. Nel corso del controllo sono <a class=\"dt-pswp-item\" href=\"https:\/\/www.radiopiu.net\/wordpress\/wp-content\/uploads\/2020\/01\/ff.jpg-1.jpg\" data-dt-img-description=\"\" data-large_image_width=\"800\" data-large_image_height=\"800\"><img loading=\"lazy\" decoding=\"async\" class=\" wp-image-115285 alignright\" src=\"https:\/\/www.radiopiu.net\/wordpress\/wp-content\/uploads\/2020\/01\/ff.jpg-1-300x300.jpg\" alt=\"\" width=\"168\" height=\"168\" srcset=\"https:\/\/www.radiopiu.net\/wordpress\/wp-content\/uploads\/2020\/01\/ff.jpg-1-300x300.jpg 300w, https:\/\/www.radiopiu.net\/wordpress\/wp-content\/uploads\/2020\/01\/ff.jpg-1-150x150.jpg 150w, https:\/\/www.radiopiu.net\/wordpress\/wp-content\/uploads\/2020\/01\/ff.jpg-1-768x768.jpg 768w, https:\/\/www.radiopiu.net\/wordpress\/wp-content\/uploads\/2020\/01\/ff.jpg-1.jpg 800w\" sizes=\"auto, (max-width: 168px) 100vw, 168px\" \/><\/a>state rivenute e sequestrate: una carabina mauser g33\/40 &#8211; cinque carabine steyer m95 &#8211; una carabina priva di matricola e marca &#8211; una carabina mannlincher modello.1186\/1888 &#8211; un revolver privo di marca e matricola &#8211; due fucili ad avancarica privi di marca e matricola &#8211; una doppietta combinata a cani esterni &#8211; cinque baionette con foderi &#8211; 500 cartucce di varie tipologie e calibro. Le armi presumibilmente risalgono alla prima e seconda guerra mondiale.<\/p>\n<p>&nbsp;<\/p>\n<p>&nbsp;<\/p>\n<p>&nbsp;<\/p>\n<hr \/>\n<p>&nbsp;<\/p>\n<p>&nbsp;<\/p>\n<h2>SCONTRO TRA CICLISTI IN VIA DE ROSSI, DUE FERITI<\/h2>\n<p><strong>ALANO DI PIAVE<\/strong> Nel pomeriggio di ieri\u00a0 un minore in bicicletta ha dovuto ricorrere alle cure dell&#8217;ospedale di Feltre, per un&#8217;escoriazione alla mano, in seguito all&#8217;incidente accaduto in via De Rossi. Lo scontro si \u00e8 verificato tra due biciclette, il 36enne sull&#8217;altro velocipede \u00e8 stato portato per accertamenti al Pronto Soccorso. Sul posto per i rilievi i Carabinieri.<\/p>\n<p>&nbsp;<\/p>\n<p>&nbsp;<\/p>\n<hr \/>\n<p>&nbsp;<\/p>\n<h3>ESCE DI STRADA CON LA MOTO, IN OSPEDALE CON VARIE FRATTURE<\/h3>\n<p><strong>LIMANA<\/strong> Un limanese di 24 anni\u00a0 \u00e8 uscito di strada, per cause in corso di accertamento da parte della polizia stradale di Belluno.L&#8217;incidente \u00e8 avvenuto intorno alle 18 di ieri, all&#8217;altezza del distributore Energica di Limana.Il motociclista,\u00a0 \u00a0residente in paese, stava probabilmente facendo ritorno a casa quando ha perso il controllo del mezzo ed \u00e8 finito per terra. Non ha mai perso conoscenza ma sarebbe stato ricoverato per le fratture riportate.Il traffico ha subito alcuni rallentamenti<\/p>\n<p>&nbsp;<\/p>\n<p>&nbsp;<\/p>\n<hr \/>\n<h2><\/h2>\n<h2>VIGILI DEL FUOCO A MALGA CIAPELA CON IL NUCLEO BIOLOGICO-CHIMICO-RADIOLOGICO<\/h2>\n<p><strong>BELLUNO<\/strong> Ieri pomeriggio , i vigili del fuoco sono intervenuti lungo la strada che porta a Passo Fedaia in localit\u00e0 Malga Ciapela nei pressi di Capanna Bill\u00a0 per il travaso di GPL da una autocisterna a un altro serbatoio per la rottura meccanica del cambio del camion. Il personale del distaccamento di Agordo e Caprile arrivati per primi per dare assistenza all\u2019autista in virt\u00f9\u00a0 della impossibilit\u00e0 della riparazione sul posto hanno fatto intervenire il nucleo NBCR (Nucleare Biologico Chimico Radiologico) di Mestre e un\u2019altra autocisterna della ditta fornitrice. Gli operatori del nucleo chimico hanno provveduto a tutte le operazioni per il travaso in sicurezza dei 6000 litri di gpl da una cisterna all\u2019altra. Terminato il trasferimento di gas, si \u00e8 provveduto a mettere in sicurezza la cisterna, che \u00e8 stata portata a pressione zero. Oggi il camion sar\u00e0 caricato su un apposito carello per essere portato in officina per la riparazione. Le operazioni di soccorso dei vigili del fuoco sono terminate alle 19.30.<\/p>\n\n\t\t\t<style type='text\/css'>\n\t\t\t\t#gallery-1 {\n\t\t\t\t\tmargin: auto;\n\t\t\t\t}\n\t\t\t\t#gallery-1 .gallery-item {\n\t\t\t\t\tfloat: left;\n\t\t\t\t\tmargin-top: 10px;\n\t\t\t\t\ttext-align: center;\n\t\t\t\t\twidth: 33%;\n\t\t\t\t}\n\t\t\t\t#gallery-1 img {\n\t\t\t\t\tborder: 2px solid #cfcfcf;\n\t\t\t\t}\n\t\t\t\t#gallery-1 .gallery-caption {\n\t\t\t\t\tmargin-left: 0;\n\t\t\t\t}\n\t\t\t\t\/* see gallery_shortcode() in wp-includes\/media.php *\/\n\t\t\t<\/style>\n\t\t<div id='gallery-1' class='dt-gallery-container gallery galleryid-115281 gallery-columns-3 gallery-size-thumbnail'><dl class='gallery-item'>\n\t\t\t\t<dt class='gallery-icon landscape'>\n\t\t\t\t\t<a class=\"rollover\" href='https:\/\/www.radiopiu.net\/wordpress\/vigili-del-fuoco-a-malga-ciapela-con-il-nucleo-biologico-chimico-radiologico\/vikk-4\/'><img loading=\"lazy\" decoding=\"async\" width=\"150\" height=\"150\" src=\"https:\/\/www.radiopiu.net\/wordpress\/wp-content\/uploads\/2020\/01\/vikk-4-150x150.jpg\" class=\"attachment-thumbnail size-thumbnail\" alt=\"\" \/><\/a>\n\t\t\t\t<\/dt><\/dl><dl class='gallery-item'>\n\t\t\t\t<dt class='gallery-icon landscape'>\n\t\t\t\t\t<a class=\"rollover\" href='https:\/\/www.radiopiu.net\/wordpress\/vigili-del-fuoco-a-malga-ciapela-con-il-nucleo-biologico-chimico-radiologico\/vikk-5\/'><img loading=\"lazy\" decoding=\"async\" width=\"150\" height=\"150\" src=\"https:\/\/www.radiopiu.net\/wordpress\/wp-content\/uploads\/2020\/01\/vikk-5-150x150.jpg\" class=\"attachment-thumbnail size-thumbnail\" alt=\"\" \/><\/a>\n\t\t\t\t<\/dt><\/dl><dl class='gallery-item'>\n\t\t\t\t<dt class='gallery-icon landscape'>\n\t\t\t\t\t<a class=\"rollover\" href='https:\/\/www.radiopiu.net\/wordpress\/vigili-del-fuoco-a-malga-ciapela-con-il-nucleo-biologico-chimico-radiologico\/vikk-6\/'><img loading=\"lazy\" decoding=\"async\" width=\"150\" height=\"150\" src=\"https:\/\/www.radiopiu.net\/wordpress\/wp-content\/uploads\/2020\/01\/vikk-6-150x150.jpg\" class=\"attachment-thumbnail size-thumbnail\" alt=\"\" \/><\/a>\n\t\t\t\t<\/dt><\/dl><br style=\"clear: both\" \/><dl class='gallery-item'>\n\t\t\t\t<dt class='gallery-icon landscape'>\n\t\t\t\t\t<a class=\"rollover\" href='https:\/\/www.radiopiu.net\/wordpress\/vigili-del-fuoco-a-malga-ciapela-con-il-nucleo-biologico-chimico-radiologico\/vikk-7\/'><img loading=\"lazy\" decoding=\"async\" width=\"150\" height=\"150\" src=\"https:\/\/www.radiopiu.net\/wordpress\/wp-content\/uploads\/2020\/01\/vikk-7-150x150.jpg\" class=\"attachment-thumbnail size-thumbnail\" alt=\"\" \/><\/a>\n\t\t\t\t<\/dt><\/dl><dl class='gallery-item'>\n\t\t\t\t<dt class='gallery-icon landscape'>\n\t\t\t\t\t<a class=\"rollover\" href='https:\/\/www.radiopiu.net\/wordpress\/vigili-del-fuoco-a-malga-ciapela-con-il-nucleo-biologico-chimico-radiologico\/vikk-8\/'><img loading=\"lazy\" decoding=\"async\" width=\"150\" height=\"150\" src=\"https:\/\/www.radiopiu.net\/wordpress\/wp-content\/uploads\/2020\/01\/vikk-8-150x150.jpg\" class=\"attachment-thumbnail size-thumbnail\" alt=\"\" \/><\/a>\n\t\t\t\t<\/dt><\/dl><dl class='gallery-item'>\n\t\t\t\t<dt class='gallery-icon landscape'>\n\t\t\t\t\t<a class=\"rollover\" href='https:\/\/www.radiopiu.net\/wordpress\/vigili-del-fuoco-a-malga-ciapela-con-il-nucleo-biologico-chimico-radiologico\/vikk\/'><img loading=\"lazy\" decoding=\"async\" width=\"150\" height=\"150\" src=\"https:\/\/www.radiopiu.net\/wordpress\/wp-content\/uploads\/2020\/01\/vikk-150x150.jpg\" class=\"attachment-thumbnail size-thumbnail\" alt=\"\" \/><\/a>\n\t\t\t\t<\/dt><\/dl><br style=\"clear: both\" \/><dl class='gallery-item'>\n\t\t\t\t<dt class='gallery-icon landscape'>\n\t\t\t\t\t<a class=\"rollover\" href='https:\/\/www.radiopiu.net\/wordpress\/vigili-del-fuoco-a-malga-ciapela-con-il-nucleo-biologico-chimico-radiologico\/vikk-2\/'><img loading=\"lazy\" decoding=\"async\" width=\"150\" height=\"150\" src=\"https:\/\/www.radiopiu.net\/wordpress\/wp-content\/uploads\/2020\/01\/vikk-2-150x150.jpg\" class=\"attachment-thumbnail size-thumbnail\" alt=\"\" \/><\/a>\n\t\t\t\t<\/dt><\/dl><dl class='gallery-item'>\n\t\t\t\t<dt class='gallery-icon landscape'>\n\t\t\t\t\t<a class=\"rollover\" href='https:\/\/www.radiopiu.net\/wordpress\/vigili-del-fuoco-a-malga-ciapela-con-il-nucleo-biologico-chimico-radiologico\/vikk-3\/'><img loading=\"lazy\" decoding=\"async\" width=\"150\" height=\"150\" src=\"https:\/\/www.radiopiu.net\/wordpress\/wp-content\/uploads\/2020\/01\/vikk-3-150x150.jpg\" class=\"attachment-thumbnail size-thumbnail\" alt=\"\" \/><\/a>\n\t\t\t\t<\/dt><\/dl><dl class='gallery-item'>\n\t\t\t\t<dt class='gallery-icon landscape'>\n\t\t\t\t\t<a class=\"rollover\" href='https:\/\/www.radiopiu.net\/wordpress\/vigili-del-fuoco-a-malga-ciapela-con-il-nucleo-biologico-chimico-radiologico\/vikk-5-2\/'><img loading=\"lazy\" decoding=\"async\" width=\"150\" height=\"150\" src=\"https:\/\/www.radiopiu.net\/wordpress\/wp-content\/uploads\/2020\/01\/vikk-5-1-150x150.jpg\" class=\"attachment-thumbnail size-thumbnail\" alt=\"\" \/><\/a>\n\t\t\t\t<\/dt><\/dl><br style=\"clear: both\" \/>\n\t\t\t<\/div>\n\n<p>&nbsp;<\/p>\n<hr \/>\n<blockquote>\n<h1><\/h1>\n<h1>SUL CORONA VIRUS BOND TRANQUILLIZZA<\/h1>\n<\/blockquote>\n<div dir=\"ltr\">\n<div dir=\"ltr\">\n<p><strong><a class=\"dt-pswp-item\" href=\"https:\/\/www.radiopiu.net\/wordpress\/wp-content\/uploads\/2020\/01\/images-1.jpg\" data-dt-img-description=\"\" data-large_image_width=\"220\" data-large_image_height=\"220\"><img loading=\"lazy\" decoding=\"async\" class=\"wp-image-115271 alignleft\" src=\"https:\/\/www.radiopiu.net\/wordpress\/wp-content\/uploads\/2020\/01\/images-1.jpg\" alt=\"\" width=\"87\" height=\"87\" srcset=\"https:\/\/www.radiopiu.net\/wordpress\/wp-content\/uploads\/2020\/01\/images-1.jpg 220w, https:\/\/www.radiopiu.net\/wordpress\/wp-content\/uploads\/2020\/01\/images-1-150x150.jpg 150w\" sizes=\"auto, (max-width: 87px) 100vw, 87px\" \/><\/a>ROMA<\/strong> \u00abIl corona virus non deve preoccupare i nostri territori. Il sistema di controlli sanitari in Italia \u00e8 un modello guardato anche dall\u2019Europa e in quanto tale garantisce sicurezza e tranquillit\u00e0\u00bb. \u00c8 il messaggio lanciato da Dario Bond.<\/p>\n<\/div>\n<\/div>\n<div id=\"DAB4FAD8-2DD7-40BB-A1B8-4E2AA1F9FDF2\"><strong>AUDIO<\/strong><\/div>\n<p>&nbsp;<\/p>\n<audio class=\"wp-audio-shortcode\" id=\"audio-115281-1\" preload=\"none\" style=\"width: 100%;\" controls=\"controls\"><source type=\"audio\/mpeg\" src=\"https:\/\/www.radiopiu.net\/wordpress\/wp-content\/uploads\/2020\/01\/BOND-CORONA.mp3?_=1\" \/><a href=\"https:\/\/www.radiopiu.net\/wordpress\/wp-content\/uploads\/2020\/01\/BOND-CORONA.mp3\">https:\/\/www.radiopiu.net\/wordpress\/wp-content\/uploads\/2020\/01\/BOND-CORONA.mp3<\/a><\/audio>\n<p>&nbsp;<\/p>\n<p>&nbsp;<\/p>\n<hr \/>\n<h2><\/h2>\n<h2>LA MUDA: ECCO LA SOLUZIONE ANTI ALLAGAMENTO, PER EVITARE I DISAGI PRONTA E ASFALTATA LA BRETELLA SULLA REGIONALE 203 AGORDINA, DA LUNEDI AL 10 APRILE DOPPIO SENSO DI MARCIA CON LIMITAZIONE DELLA VELOCITA&#8217;<\/h2>\n<p style=\"text-align: left;\"><em><strong>dal CORRIERE DELLE ALPI, GIANNI SANTOMASO<\/strong><\/em><\/p>\n<audio class=\"wp-audio-shortcode\" id=\"audio-115281-2\" preload=\"none\" style=\"width: 100%;\" controls=\"controls\"><source type=\"audio\/mpeg\" src=\"https:\/\/www.radiopiu.net\/wordpress\/wp-content\/uploads\/2020\/01\/gianni.mp3?_=2\" \/><a href=\"https:\/\/www.radiopiu.net\/wordpress\/wp-content\/uploads\/2020\/01\/gianni.mp3\">https:\/\/www.radiopiu.net\/wordpress\/wp-content\/uploads\/2020\/01\/gianni.mp3<\/a><\/audio>\n<p>&nbsp;<\/p>\n<p><strong><a class=\"dt-pswp-item\" href=\"https:\/\/www.radiopiu.net\/wordpress\/wp-content\/uploads\/2020\/01\/74388b07-f12c-42fa-8dd4-bfd16fdf7de8.jpg\" data-dt-img-description=\"\" data-large_image_width=\"1599\" data-large_image_height=\"899\"><img loading=\"lazy\" decoding=\"async\" class=\" wp-image-115296 alignleft\" src=\"https:\/\/www.radiopiu.net\/wordpress\/wp-content\/uploads\/2020\/01\/74388b07-f12c-42fa-8dd4-bfd16fdf7de8-300x169.jpg\" alt=\"\" width=\"227\" height=\"128\" srcset=\"https:\/\/www.radiopiu.net\/wordpress\/wp-content\/uploads\/2020\/01\/74388b07-f12c-42fa-8dd4-bfd16fdf7de8-300x169.jpg 300w, https:\/\/www.radiopiu.net\/wordpress\/wp-content\/uploads\/2020\/01\/74388b07-f12c-42fa-8dd4-bfd16fdf7de8-1024x576.jpg 1024w, https:\/\/www.radiopiu.net\/wordpress\/wp-content\/uploads\/2020\/01\/74388b07-f12c-42fa-8dd4-bfd16fdf7de8-768x432.jpg 768w, https:\/\/www.radiopiu.net\/wordpress\/wp-content\/uploads\/2020\/01\/74388b07-f12c-42fa-8dd4-bfd16fdf7de8-1536x864.jpg 1536w, https:\/\/www.radiopiu.net\/wordpress\/wp-content\/uploads\/2020\/01\/74388b07-f12c-42fa-8dd4-bfd16fdf7de8.jpg 1599w\" sizes=\"auto, (max-width: 227px) 100vw, 227px\" \/><\/a>LA VALLE<\/strong> Dopo quattro allagamenti (anche alle abitazioni) finalmente la soluzione con un finanziamento &#8220;Vaia&#8221; gestito da Veneto Strade. La Muda \u00e8 frazione tristemente nota perch\u00e9 nei giorni di Vaia ha evidenziato la prima criticit\u00e0 gi\u00e0 con la chiusura della regionale 203 agordina il giorno <a class=\"dt-pswp-item\" href=\"https:\/\/www.radiopiu.net\/wordpress\/wp-content\/uploads\/2020\/01\/cbb2478f-9847-43f1-b8c2-d7df701fa345.jpg\" data-dt-img-description=\"\" data-large_image_width=\"1599\" data-large_image_height=\"899\"><img loading=\"lazy\" decoding=\"async\" class=\"wp-image-115297 alignright\" src=\"https:\/\/www.radiopiu.net\/wordpress\/wp-content\/uploads\/2020\/01\/cbb2478f-9847-43f1-b8c2-d7df701fa345-300x169.jpg\" alt=\"\" width=\"225\" height=\"127\" srcset=\"https:\/\/www.radiopiu.net\/wordpress\/wp-content\/uploads\/2020\/01\/cbb2478f-9847-43f1-b8c2-d7df701fa345-300x169.jpg 300w, https:\/\/www.radiopiu.net\/wordpress\/wp-content\/uploads\/2020\/01\/cbb2478f-9847-43f1-b8c2-d7df701fa345-1024x576.jpg 1024w, https:\/\/www.radiopiu.net\/wordpress\/wp-content\/uploads\/2020\/01\/cbb2478f-9847-43f1-b8c2-d7df701fa345-768x432.jpg 768w, https:\/\/www.radiopiu.net\/wordpress\/wp-content\/uploads\/2020\/01\/cbb2478f-9847-43f1-b8c2-d7df701fa345-1536x864.jpg 1536w, https:\/\/www.radiopiu.net\/wordpress\/wp-content\/uploads\/2020\/01\/cbb2478f-9847-43f1-b8c2-d7df701fa345.jpg 1599w\" sizes=\"auto, (max-width: 225px) 100vw, 225px\" \/><\/a>prima, la domenica. Le acque\u00a0 del monte Celo saranno regimate e portate direttamente nel Cordevole. I lavori sono in corso, da ieri \u00e8 stata realizzata una bretella sulla destra che permetter\u00e0 di lavorare sull&#8217;attuale strada (dove sar\u00e0 realizzato il canale di scarico) senza interruzioni al traffico o regolamentazioni a senso unico alternato. Ne abbiamo parlato con il sindaco Ezio Zuanel, il consigliere comunale Massimo Sommariva e Francesco Bortoluzzi dell&#8217;impresa che ha in appalto in lavori,\u00a0 specializzata in opere ferroviarie ma lavora anche nei cantieri per Veneto Strade. Ciliegina sulla torta: il recupero della vecchia fontana che sar\u00e0 presto ristrutturata e non dimenticata come invece e purtroppo successo altrove.<\/p>\n<blockquote><p><em>&#8220;Fatto La Muda &#8211; dice il sindaco Ezio Zuanel &#8211;\u00a0 ora da risolvere \u00e8 il problema in centro a La Valle, c&#8217;\u00e8 un ponte da &#8220;risanare&#8221; e i fondi di confine vanno in scadenza, ma Veneto Strade ci ha promesso il suo interessamento. Sar\u00e0 il prossimo lavoro ed \u00e8 urgente&#8221;<\/em><\/p><\/blockquote>\n<p><iframe loading=\"lazy\" title=\"WhatsApp Video 2020 01 30 at 14 52 45\" width=\"1200\" height=\"675\" src=\"https:\/\/www.youtube.com\/embed\/PFUgxBHsMvg?feature=oembed\" frameborder=\"0\" allow=\"accelerometer; autoplay; encrypted-media; gyroscope; picture-in-picture\" allowfullscreen><\/iframe><\/p>\n<p>&nbsp;<\/p>\n<p>&nbsp;<\/p>\n<hr \/>\n<blockquote>\n<h2><\/h2>\n<h2>INFLUENZA NEL VENETO, IL PRIMO DECESSO. PICCO A META&#8217; FEBBRAIO<\/h2>\n<\/blockquote>\n<blockquote>\n<p class=\"western\"><em><b>177.100 PERSONE COLPITE, UN DECESSO, 6 CASI GRAVI<\/b><\/em><\/p>\n<\/blockquote>\n<p class=\"western\"><strong><a class=\"dt-pswp-item\" href=\"https:\/\/www.radiopiu.net\/wordpress\/wp-content\/uploads\/2019\/02\/INFLUENZA-SCIENZA-E-SALUTE-.jpg\" data-dt-img-description=\"\" data-large_image_width=\"655\" data-large_image_height=\"437\"><img loading=\"lazy\" decoding=\"async\" class=\" wp-image-75837 alignleft\" src=\"https:\/\/www.radiopiu.net\/wordpress\/wp-content\/uploads\/2019\/02\/INFLUENZA-SCIENZA-E-SALUTE--300x200.jpg\" alt=\"\" width=\"209\" height=\"139\" srcset=\"https:\/\/www.radiopiu.net\/wordpress\/wp-content\/uploads\/2019\/02\/INFLUENZA-SCIENZA-E-SALUTE--300x200.jpg 300w, https:\/\/www.radiopiu.net\/wordpress\/wp-content\/uploads\/2019\/02\/INFLUENZA-SCIENZA-E-SALUTE-.jpg 655w\" sizes=\"auto, (max-width: 209px) 100vw, 209px\" \/><\/a>VENEZIA<\/strong> Nell\u2019ultima settimana\u00a0 l\u2019influenza stagionale in Veneto ha colpito 37.700 persone, portando il totale da inizio sorveglianza a 177.100. L\u2019incidenza \u00e8 pari a 7,68 casi per mille abitanti, molto al di sotto di quella nazionale, pari a 10,58 per mille. La fascia d\u2019et\u00e0 pi\u00f9 colpita risulta, come sempre, quella tra zero e 4 anni, con 21,84 casi per mille, contro il 30,78 per mille a livello nazionale. Nei ragazzi tra 5 e 14 anni il tasso d\u2019incidenza \u00e8 di 16,47 casi per mille, contro il 20,68 a livello nazionale. Tra i 15 e i 64 anni si registra un aumento contenuto, con un valore complessivo di 7,11 per mille (8,95 per mille in Italia). La fascia d\u2019et\u00e0 meno colpita \u00e8 quella degli over 65, con 1,82 casi per mille, contro 3,44 per mille a livello nazionale. Purtroppo si registra il primo decesso, in una bambina di 10 anni colpita da una rara complicazione che non le ha lasciato scampo. I casi gravi sono finora sei.<\/p>\n<p>&nbsp;<\/p>\n<p>&nbsp;<\/p>\n<p>&nbsp;<\/p>\n<hr \/>\n<h3><\/h3>\n<p>&nbsp;<\/p>\n<h2>STRAORDINARIO INCENTIVATO A FEBBRAIO: NE PARLA LUIGI DELL\u2019ATTI<\/h2>\n<p class=\"p1\"><span class=\"s1\"><a class=\"dt-pswp-item\" href=\"https:\/\/www.radiopiu.net\/wordpress\/wp-content\/uploads\/2019\/12\/LUIGI-DELLATTI-2019.jpeg\" data-dt-img-description=\"\" data-large_image_width=\"1600\" data-large_image_height=\"1200\"><img loading=\"lazy\" decoding=\"async\" class=\"size-medium wp-image-108679 alignright\" src=\"https:\/\/www.radiopiu.net\/wordpress\/wp-content\/uploads\/2019\/12\/LUIGI-DELLATTI-2019-300x225.jpeg\" alt=\"\" width=\"300\" height=\"225\" srcset=\"https:\/\/www.radiopiu.net\/wordpress\/wp-content\/uploads\/2019\/12\/LUIGI-DELLATTI-2019-300x225.jpeg 300w, https:\/\/www.radiopiu.net\/wordpress\/wp-content\/uploads\/2019\/12\/LUIGI-DELLATTI-2019-768x576.jpeg 768w, https:\/\/www.radiopiu.net\/wordpress\/wp-content\/uploads\/2019\/12\/LUIGI-DELLATTI-2019-1024x768.jpeg 1024w, https:\/\/www.radiopiu.net\/wordpress\/wp-content\/uploads\/2019\/12\/LUIGI-DELLATTI-2019.jpeg 1600w\" sizes=\"auto, (max-width: 300px) 100vw, 300px\" \/><\/a><strong>AGORDO<\/strong> Nei giorni scorsi la RSU e Luxottica di Agordo hanno firmato un accordo di straordinario incentivato che riguarda solo due reparti produttivi: stamperia iniettato e l\u2019area finitura iniettato detta anche \u201c5 minuti\u201d. Le maestranze sono chiamate a lavorare una sola giornata che verr\u00e0 suddivisa in due sabati visto che l\u2019accordo prevede che si lavori solo al mattino. Il 15 febbraio il sabato pi\u00f9 numeroso dove saranno presenti, oltre ai turnisti del mattino, anche i lavoratori a giornata e part-time. La settimana dopo invece saranno presenti in azienda solo i turnisti del mattino. Tra le novit\u00e0 di questo 2020 anche la scelta tramite portale per la destinazione delle ore lavorate. Come sempre ci saranno 3 opzioni: il pagamento in busta paga, l\u2019accredito delle ore in banca ore oppure smezzare le ore tra busta paga e banca ore.<\/span><\/p>\n<p class=\"p1\"><strong><span class=\"s1\">AI MICROFONI DI RADIO PIU&#8217; LUIGI DELL\u2019ATTI DELLA CGIL FILCTEM DI AGORDO<\/span><\/strong><\/p>\n<audio class=\"wp-audio-shortcode\" id=\"audio-115281-3\" preload=\"none\" style=\"width: 100%;\" controls=\"controls\"><source type=\"audio\/mpeg\" src=\"https:\/\/www.radiopiu.net\/wordpress\/wp-content\/uploads\/2020\/01\/LUIGI-DELLATTI-STRAOR-INCENT-FEBBRAIO-2020.mp3?_=3\" \/><a href=\"https:\/\/www.radiopiu.net\/wordpress\/wp-content\/uploads\/2020\/01\/LUIGI-DELLATTI-STRAOR-INCENT-FEBBRAIO-2020.mp3\">https:\/\/www.radiopiu.net\/wordpress\/wp-content\/uploads\/2020\/01\/LUIGI-DELLATTI-STRAOR-INCENT-FEBBRAIO-2020.mp3<\/a><\/audio>\n<p>&nbsp;<\/p>\n<p>&nbsp;<\/p>\n<p>&nbsp;<\/p>\n<hr \/>\n<p>&nbsp;<\/p>\n<p><strong>OGGI SUL CORRIERE DELLE ALPI di Paolo Possamai<\/strong><\/p>\n<p>Robbie Williams, Luiss e Olimpiadi 2026 un&#8217;alleanza a Belluno anti spopolamento. Nel Bellunese la disoccupazione \u00e8 ai minimi e le aziende offrono welfare appetibile, ma chi va via a studiare non torna pi\u00f9 L&#8217;universit\u00e0 di Confindustria per tenere i giovani nelle valli, i giochi olimpici per investimenti su turismo e infrastrutture<\/p>\n<p><a class=\"dt-pswp-item\" href=\"https:\/\/www.radiopiu.net\/wordpress\/wp-content\/uploads\/2020\/01\/WhatsApp-Image-2018-12-22-at-01.34.50.jpeg\" data-dt-img-description=\"\" data-large_image_width=\"1600\" data-large_image_height=\"1200\"><img loading=\"lazy\" decoding=\"async\" class=\"size-medium wp-image-115377 alignleft\" src=\"https:\/\/www.radiopiu.net\/wordpress\/wp-content\/uploads\/2020\/01\/WhatsApp-Image-2018-12-22-at-01.34.50-300x225.jpeg\" alt=\"\" width=\"300\" height=\"225\" srcset=\"https:\/\/www.radiopiu.net\/wordpress\/wp-content\/uploads\/2020\/01\/WhatsApp-Image-2018-12-22-at-01.34.50-300x225.jpeg 300w, https:\/\/www.radiopiu.net\/wordpress\/wp-content\/uploads\/2020\/01\/WhatsApp-Image-2018-12-22-at-01.34.50-1024x768.jpeg 1024w, https:\/\/www.radiopiu.net\/wordpress\/wp-content\/uploads\/2020\/01\/WhatsApp-Image-2018-12-22-at-01.34.50-768x576.jpeg 768w, https:\/\/www.radiopiu.net\/wordpress\/wp-content\/uploads\/2020\/01\/WhatsApp-Image-2018-12-22-at-01.34.50-1536x1152.jpeg 1536w, https:\/\/www.radiopiu.net\/wordpress\/wp-content\/uploads\/2020\/01\/WhatsApp-Image-2018-12-22-at-01.34.50.jpeg 1600w\" sizes=\"auto, (max-width: 300px) 100vw, 300px\" \/><\/a>La scritta sull&#8217;archivolto di uno dei saloni del cinquecentesco palazzo Bembo avverte che, fino a una trentina d&#8217;anni fa, qui Belluno vi aveva avuto per due secoli l&#8217;ospedale civile. Fino al 1798 invece il palazzo aveva ospitato il seminario vescovile. In capo a restauri costati 6,3 milioni, dopo seminario e ospedale, palazzo Bembo proseguir\u00e0 la sua vocazione orientata al futuro: da marzo Belluno ospiter\u00e0 la terza sede della Luiss business school. L&#8217;avvio dell&#8217;hub dolomitico della universit\u00e0 di Confindustria fa il paio con la creazione di una Scuola speciale di tecnologia post diploma dedicata alla meccatronica, richiestissima dalle industrie della zona. Passiamo a un altro capitolo. Ricordiamo il concerto di Natale offerto ai dipendenti da Leonardo Del Vecchio. Una volta alla Luxottica di Agordo l&#8217;ospite si chiama Robbie Williams, un&#8217;altra Laura Pausini o Biagio Antonacci&#8230;.Merita osservare in particolare che, in accordo con il Comune di Agordo, dove Del Vecchio ha piantato il seme del suo impero nel 1961, la societ\u00e0 ha scelto di potenziare i servizi dell&#8217;asilo nido comunale, che rimane aperto anche il sabato fino alle 18, e di aprire un centro dedicato agli anziani non autosufficienti affetti da demenza senile e Alzheimer. Un altro aspetto pu\u00f2 essere illuminato: il 67% dei dipendenti ha accolto l&#8217;invito di Del Vecchio lo scorso anno a sottoscrivere a condizioni di favore azioni della societ\u00e0. Cosa c&#8217;entrano i malati di Alzheimer e i piani azionari riservati ai lavoratori? Sono tra le politiche concrete attuate per trattenere la manodopera e rendere attrattivo il territorio. Argini allo spopolamento, come Robbie Williams&#8230;..<\/p>\n<hr \/>\n<p>&nbsp;<\/p>\n<p>&nbsp;<\/p>\n<blockquote>\n<h3>STATI GENERALI DELLA MONTAGNA A ROMA. UNCEM: PER RILANCIARE POLITICHE DI SVILUPPO SUI TERRITORI<\/h3>\n<\/blockquote>\n<p><strong><a class=\"dt-pswp-item\" href=\"https:\/\/www.radiopiu.net\/wordpress\/wp-content\/uploads\/2018\/12\/argentera_ferrere-3.jpg\" data-dt-img-description=\"\" data-large_image_width=\"865\" data-large_image_height=\"330\"><img loading=\"lazy\" decoding=\"async\" class=\"alignnone wp-image-71005 size-full\" src=\"https:\/\/www.radiopiu.net\/wordpress\/wp-content\/uploads\/2018\/12\/argentera_ferrere-3.jpg\" alt=\"\" width=\"865\" height=\"330\" srcset=\"https:\/\/www.radiopiu.net\/wordpress\/wp-content\/uploads\/2018\/12\/argentera_ferrere-3.jpg 865w, https:\/\/www.radiopiu.net\/wordpress\/wp-content\/uploads\/2018\/12\/argentera_ferrere-3-300x114.jpg 300w, https:\/\/www.radiopiu.net\/wordpress\/wp-content\/uploads\/2018\/12\/argentera_ferrere-3-768x293.jpg 768w\" sizes=\"auto, (max-width: 865px) 100vw, 865px\" \/><\/a><\/strong><\/p>\n<p>&nbsp;<\/p>\n<p><strong>ROMA<\/strong> Convocazione degli Stati generali della Montagna con il Ministro degli Affari regionali e delle Autonomie Francesco Boccia proprio nella settimana iniziata con l&#8217;approvazione a Montecitorio delle Mozioni sulla montagna. Uncem rappresenter\u00e0 alcune principali sfide come la concretizzazione della Strategia per le aree interne e montane del Paese, nonch\u00e9 la costruzione di una programmazione comunitaria 2021-2027 che abbia al suo interno un Programma operativo per la montagna. Uncem insister\u00e0 sulla digitalizzazione e sull&#8217;infrastrutturazione delle competenze digitali sui territori.<\/p>\n<blockquote><p><em> \u00c8 una grande sfida &#8211; afferma Marco Bussone, Presidente nazionale Uncem- che gi\u00e0 marted\u00ec ha visto Governo e Parlamento impegnati nell&#8217;esame delle necessit\u00e0. Ora procediamo speditamente nel dare concretezza a quanto sancito e a quanto verr\u00e0 proposto domani agli Stati generali della montagna&#8221;.<\/em><\/p><\/blockquote>\n<p>&nbsp;<\/p>\n<p>&nbsp;<\/p>\n<hr \/>\n<p>&nbsp;<\/p>\n<h2><span style=\"color: #ff0000;\">LA LETTERA<\/span><\/h2>\n<p><strong>A proposito di autovelox, da Falcade Rodolfo Pellegrinon<\/strong><\/p>\n<blockquote><p><em><a class=\"dt-pswp-item\" href=\"https:\/\/www.radiopiu.net\/wordpress\/wp-content\/uploads\/2020\/01\/WhatsApp-Image-2017-07-26-at-13.08.31-1024x768-1.jpeg\" data-dt-img-description=\"\" data-large_image_width=\"1024\" data-large_image_height=\"768\"><img loading=\"lazy\" decoding=\"async\" class=\"wp-image-115291 alignleft\" src=\"https:\/\/www.radiopiu.net\/wordpress\/wp-content\/uploads\/2020\/01\/WhatsApp-Image-2017-07-26-at-13.08.31-1024x768-1-300x225.jpeg\" alt=\"\" width=\"192\" height=\"144\" srcset=\"https:\/\/www.radiopiu.net\/wordpress\/wp-content\/uploads\/2020\/01\/WhatsApp-Image-2017-07-26-at-13.08.31-1024x768-1-300x225.jpeg 300w, https:\/\/www.radiopiu.net\/wordpress\/wp-content\/uploads\/2020\/01\/WhatsApp-Image-2017-07-26-at-13.08.31-1024x768-1-768x576.jpeg 768w, https:\/\/www.radiopiu.net\/wordpress\/wp-content\/uploads\/2020\/01\/WhatsApp-Image-2017-07-26-at-13.08.31-1024x768-1.jpeg 1024w\" sizes=\"auto, (max-width: 192px) 100vw, 192px\" \/><\/a>In merito agli autovelox che tanto si parla in questi giorni circa la presenza del vigile sulla struttura informo di quanto segue: avendo notato che sull\u2019autovelox di Caprile in funzione, il vigile era sul piazzale opposto e in macchina, avevo presentato un esposto in Prefettura. Il Vice Prefetto mi aveva risposto che la situazione rappresentata era del tutto normale in quanto il vigile poteva essere anche lontano dall\u2019apparecchio, anche in macchina\u00a0 perch\u00e9 la tecnologia da la possibilit\u00e0 di controllare la situazione in remoto. Risposta che non mi ha convinto, ma \u00e8 cos\u00ec.\u00a0<\/em><\/p><\/blockquote>\n<p>&nbsp;<\/p>\n<p>&nbsp;<\/p>\n<p>&nbsp;<\/p>\n<p>&nbsp;<\/p>\n<p>&nbsp;<\/p>\n<hr \/>\n<p>&nbsp;<\/p>\n<p>&nbsp;<\/p>\n<h2>MENO BUROCRAZIA SENZA I DIRITTI DI SEGRETERIA<\/h2>\n<p><strong><a class=\"dt-pswp-item\" href=\"https:\/\/www.radiopiu.net\/wordpress\/wp-content\/uploads\/2020\/01\/download-10.jpg\" data-dt-img-description=\"\" data-large_image_width=\"306\" data-large_image_height=\"165\"><img loading=\"lazy\" decoding=\"async\" class=\" wp-image-115266 alignleft\" src=\"https:\/\/www.radiopiu.net\/wordpress\/wp-content\/uploads\/2020\/01\/download-10-300x162.jpg\" alt=\"\" width=\"174\" height=\"94\" srcset=\"https:\/\/www.radiopiu.net\/wordpress\/wp-content\/uploads\/2020\/01\/download-10-300x162.jpg 300w, https:\/\/www.radiopiu.net\/wordpress\/wp-content\/uploads\/2020\/01\/download-10.jpg 306w\" sizes=\"auto, (max-width: 174px) 100vw, 174px\" \/><\/a>FELTRE <\/strong><span style=\"color: #000000; font-family: 'Times New Roman', serif;\"><span style=\"font-size: large;\">L&#8217;amministrazione comunale nell&#8217;ultima seduta di Giunta, ha deciso di eliminare su una serie di servizi, a far data dal 1 febbraio prossimo, i diritti di segreteria, rappresentati anche dalle marche segnatasse. <\/span><\/span><span style=\"color: #000000;\"><span style=\"font-family: Californian FB, serif;\"><span style=\"font-family: Times New Roman, serif;\"><span style=\"font-size: large;\">I Servizi Suap Attivit\u00e0 Produttive, l&#8217;Ufficio Anagrafe e l&#8217; Ufficio Economato riscuotono, come noto, diritti di segreteria pari ad \u20ac 0,26 oppure da \u20ac 0,52<\/span><\/span><span style=\"font-family: Times New Roman, serif;\"><span style=\"font-size: large;\">. <\/span><\/span><\/span><\/span><span style=\"color: #000000;\"><span style=\"font-family: Times New Roman, serif;\"><span style=\"font-size: large;\">La riscossione dei diritti in oggetto comporta, per gli operatori di sportello, un onere di rendicontazione nonch\u00e9 la riscossione a mezzo di strumenti elettronici, che, per la le cifre in oggetto estremamente contenute, risulta a volte difficile da eseguire. Va inoltre aggiunto che l&#8217;attivit\u00e0 in questione, sebbene modesta per entit\u00e0, rientra tra quelle eseguite dagli agenti contabili con tutti gli obblighi conseguenti, quali la resa del conto alla Corte dei Conti e la responsabilit\u00e0 patrimoniale.<\/span><\/span><\/span><\/p>\n<p><strong>IL SINDACO PAOLO PERENZIN<\/strong><\/p>\n<audio class=\"wp-audio-shortcode\" id=\"audio-115281-4\" preload=\"none\" style=\"width: 100%;\" controls=\"controls\"><source type=\"audio\/mpeg\" src=\"https:\/\/www.radiopiu.net\/wordpress\/wp-content\/uploads\/2020\/01\/Perenzin-su-abolizione-dir.-segreteria.mp3?_=4\" \/><a href=\"https:\/\/www.radiopiu.net\/wordpress\/wp-content\/uploads\/2020\/01\/Perenzin-su-abolizione-dir.-segreteria.mp3\">https:\/\/www.radiopiu.net\/wordpress\/wp-content\/uploads\/2020\/01\/Perenzin-su-abolizione-dir.-segreteria.mp3<\/a><\/audio>\n<p>&nbsp;<\/p>\n<p>&nbsp;<\/p>\n<hr \/>\n<p>&nbsp;<\/p>\n<h3 class=\"_2cuy _3dgx _2vxa\">AUTONOMIA, AUDIZIONE ZAIA INTEGRALE<\/h3>\n<div class=\"_2cuy _3dgx _2vxa\"><strong><a class=\"dt-pswp-item\" href=\"https:\/\/www.radiopiu.net\/wordpress\/wp-content\/uploads\/2017\/10\/Referendum-Autonomia-Veneto-Veneto-Presidente-Zaia-mostra-ricevuta-votazione-22.10.2017.jpg\" data-dt-img-description=\"\" data-large_image_width=\"2016\" data-large_image_height=\"1512\"><img loading=\"lazy\" decoding=\"async\" class=\"size-medium wp-image-37538 alignleft\" src=\"https:\/\/www.radiopiu.net\/wordpress\/wp-content\/uploads\/2017\/10\/Referendum-Autonomia-Veneto-Veneto-Presidente-Zaia-mostra-ricevuta-votazione-22.10.2017-300x225.jpg\" alt=\"\" width=\"300\" height=\"225\" \/><\/a>ROMA<\/strong> Ieri \u00a0presso la Sala del Mappamondo di Palazzo Montecitorio, la Commissione parlamentare per le questioni regionali, in merito all&#8217;indagine conoscitiva sul processo di attuazione del regionalismo differenziato, ha svolto l&#8217;audizione del Presidente della Regione Veneto, Luca Zaia.<\/div>\n<div class=\"_2cuy _3dgx _2vxa\">CLICCA QUI<\/div>\n<div class=\"_2cuy _3dgx _2vxa\"><a href=\"https:\/\/webtv.camera.it\/evento\/15834?fbclid=IwAR1A4ExjhNfG5w-mAxj56Z3Mp0Nv3GxsOLOumswhIrlXEnXF1oap3CIOhq0\" target=\"_blank\" rel=\"noopener nofollow noreferrer\" data-lynx-mode=\"asynclazy\" data-lynx-uri=\"https:\/\/l.facebook.com\/l.php?u=https%3A%2F%2Fwebtv.camera.it%2Fevento%2F15834%3Ffbclid%3DIwAR1A4ExjhNfG5w-mAxj56Z3Mp0Nv3GxsOLOumswhIrlXEnXF1oap3CIOhq0&amp;h=AT0gS585hHevbL0-EGCiJcM6r7SIWyl32eizHZMPWBx1v4t3jKflopz86L21zx07jwwIhm1YrX-p6w9IBhnR0__B35rCdYS6xjbgUASbhzkHAjt40v2WINDvatYxjS4tFvIQhVpEn06zSAlT8tYQ\">https:\/\/webtv.camera.it\/evento\/15834<\/a><\/div>\n<p>&nbsp;<\/p>\n<p>&nbsp;<\/p>\n<h2>DARIO BOND. &#8220;AUTONOMIA COME IL LEGNO DI CIRMOLO, MODELLABILE FINO AD UN CERTO PUNTO&#8221;<\/h2>\n<p><strong>ROMA<\/strong><\/p>\n<blockquote><p><em> Forza Italia \u00e8 pronta alla mobilitazione e chiede una risposta immediata che rispetti la volont\u00e0 popolare e instauri quella competitivit\u00e0 proficua tra le regioni<\/em><\/p><\/blockquote>\n<audio class=\"wp-audio-shortcode\" id=\"audio-115281-5\" preload=\"none\" style=\"width: 100%;\" controls=\"controls\"><source type=\"audio\/mpeg\" src=\"https:\/\/www.radiopiu.net\/wordpress\/wp-content\/uploads\/2020\/01\/bodn-autonomia.mp3?_=5\" \/><a href=\"https:\/\/www.radiopiu.net\/wordpress\/wp-content\/uploads\/2020\/01\/bodn-autonomia.mp3\">https:\/\/www.radiopiu.net\/wordpress\/wp-content\/uploads\/2020\/01\/bodn-autonomia.mp3<\/a><\/audio>\n<p>&nbsp;<\/p>\n<h3><\/h3>\n<hr \/>\n<h3><\/h3>\n<h2>FONDI DI SOLIDARIETA&#8217;, 100 MILIONI AI COMUNI E NESSUN TAGLIO<\/h2>\n<p><strong>ROMA\u00a0<\/strong> \u201cI Comuni italiani vedranno un incremento del Fondo di Solidariet\u00e0 di 100 milioni di euro per l\u2019anno 2020. In questo modo il Governo, anzich\u00e9 diminuire i fondi ai Comuni li aumenta: le polemiche delle scorse settimane sui presunti tagli, quindi, sono prive di fondamento\u201d. Lo afferma Federico D\u2019Inc\u00e0, Ministro per i Rapporti con il Parlamento in riferimento all&#8217;incremento del Fondo di Solidariet\u00e0 per i Comuni. \u201cNell\u2019ultima legge di Bilancio \u2013 prosegue D\u2019Inc\u00e0 \u2013 il Fondo \u00e8 stato incrementato di 100 milioni per il 2020; 200 milioni di euro nel 2021, 300 milioni di euro nel 2022, 330 milioni di euro nel 2023 e 560 milioni di euro annui dal 2024. Le somme che i comuni lamentano in alcuni territori del Veneto, non consideravano i 100 milioni aggiuntivi inseriti con la legge di bilancio e omettevano che una parte della differenza si riferifa agli introiti derivanti dalla Tasi, il cosiddetto &#8216;sforzo fiscale&#8217;, che alcuni comuni hanno chiesto agli inquilini (non tutti i Comuni, infatti, si sono avvalsi di questa facolt\u00e0, prelevando la tassazione solo dai proprietari) e per il quale non \u00e8 previsto nessun rimborso da parte dello Stato come invece era avvenuto in passato\u201d. \u201cLa volont\u00e0 del Governo \u2013 osserva D\u2019Inc\u00e0 \u2013 non \u00e8 quella di togliere risorse ma di sostenere i Comuni. A maggior ragione, nei giorni scorsi il Governo ha dato parere positivo a una mozione approvata dalla Camera che prevede maggiore attenzione anche nei confronti dei piccoli comuni e delle aree interne e rurali per tutelare il patrimonio naturale, storico e culturale, attraverso una strategia tra gli enti locali per coordinarsi al meglio con le politiche dell\u2019Unione Europea\u201d.<\/p>\n<p>&nbsp;<\/p>\n<p>&nbsp;<\/p>\n<hr \/>\n<p>&nbsp;<\/p>\n<p>&nbsp;<\/p>\n<h3>UN PULMINO DOBLO&#8217; PER L&#8217;ASSOCIAZIONE PERSONE DOWN<\/h3>\n<p><strong>FELTRE<\/strong>\u00a0 Lunedi alle 11.30 presso lo sportello Csv di Feltre sar\u00e0 presentato alla stampa il\u00a0 progetto \u201cTrasporto sociale e sostenibile\u201d attraverso il quale l&#8217;Aipd (Associazione italiana persone Down) potrebbe ricevere in dotazione gratuita un pulmino Dobl\u00f2 per il trasporto e l&#8217;accompagnamento delle persone con sindrome di Down. Parteciperanno: \u00a0Ines Mazzoleni Ferracini, Presidente Associazione Italiana Persone Down sezione provinciale di Belluno; \u00a0Omar Pallazzani, Responsabile rapporti con pubbliche Amministrazioni e Associazioni per il Veneto; \u00a0Giorgia Li Castri, Assessore ai Servizi Sociali del Comune di Feltre.<\/p>\n<p>&nbsp;<\/p>\n<p>&nbsp;<\/p>\n<hr \/>\n<p>&nbsp;<\/p>\n<p>&nbsp;<\/p>\n<blockquote>\n<h2>IL GIRO DEL LAGO DI SANTA CROCE AL MULTISALONE DEL TURISMO<\/h2>\n<\/blockquote>\n<p><strong>BELLUNO<\/strong> Da oggi al 2 febbraio il Comitato Alpago 2 ruote &amp; solidariet\u00e0 sar\u00e0 presente con un proprio stand, in collaborazione con la Consulta Giovani dell&#8217;Alpago e con l&#8217;Aics, a &#8220;Itinerando&#8221;, il multisalone del turismo in movimento della Fiera di Padova. Per il comitato <a class=\"dt-pswp-item\" href=\"https:\/\/www.radiopiu.net\/wordpress\/wp-content\/uploads\/2020\/01\/giro-del-lago-2019.jpg\" data-dt-img-description=\"\" data-large_image_width=\"1900\" data-large_image_height=\"1267\"><img loading=\"lazy\" decoding=\"async\" class=\" wp-image-115293 alignleft\" src=\"https:\/\/www.radiopiu.net\/wordpress\/wp-content\/uploads\/2020\/01\/giro-del-lago-2019-300x200.jpg\" alt=\"\" width=\"191\" height=\"127\" srcset=\"https:\/\/www.radiopiu.net\/wordpress\/wp-content\/uploads\/2020\/01\/giro-del-lago-2019-300x200.jpg 300w, https:\/\/www.radiopiu.net\/wordpress\/wp-content\/uploads\/2020\/01\/giro-del-lago-2019-1024x683.jpg 1024w, https:\/\/www.radiopiu.net\/wordpress\/wp-content\/uploads\/2020\/01\/giro-del-lago-2019-768x512.jpg 768w, https:\/\/www.radiopiu.net\/wordpress\/wp-content\/uploads\/2020\/01\/giro-del-lago-2019-1536x1024.jpg 1536w, https:\/\/www.radiopiu.net\/wordpress\/wp-content\/uploads\/2020\/01\/giro-del-lago-2019.jpg 1900w\" sizes=\"auto, (max-width: 191px) 100vw, 191px\" \/><\/a>guidato dal presidente Ennio Soccal si tratta del primo evento promozionale dell&#8217;edizione 2020 del Giro del Lago di Santa Croce che si svolger\u00e0 domenica 16 agosto.<\/p>\n<blockquote><p><em>\u201cIl lavoro per l&#8217;edizione numero 26 &#8211; dice il Presidente Soccal &#8211;\u00a0 \u00e8 iniziato all&#8217;indomani della partecipatissima 25.ma edizione, edizione nella quella abbiamo registrato il record di concorrenti, ma in queste prime settimane del 2020 entra nella sua fase pi\u00f9 intensa. E&#8217; confermata la collaborazione con la Via di Natale di Aviano e all&#8217;associazione Cucchini di Belluno, le due realt\u00e0 che si occupano dell&#8217;assistenza ai malati oncologici e ai loro familiari, con le quali da tempo abbiamo stretto una collaborazione intensa e proficua&#8221;.<\/em><\/p><\/blockquote>\n<p>Grazie alla partecipazione di 5.049 concorrenti, lo scorso anno il comitato Alpago 2 Ruote &amp; Solidariet\u00e0 ha potuto raccogliere ben 35.343 euro (questo il ricavato delle iscrizioni, \u00a07 euro a persona), poi equamente divisi tra le due associazioni.<\/p>\n<p>&nbsp;<\/p>\n<p>&nbsp;<\/p>\n<hr \/>\n<p>&nbsp;<\/p>\n<h3 style=\"text-align: left;\">FRANCESCA GALLO ALLA CASA DELLA GIOVENTU&#8217; CON LA SUA FISARMONICA A LA VOCE DEL BOSCO<\/h3>\n<p><a class=\"dt-pswp-item\" href=\"https:\/\/www.radiopiu.net\/wordpress\/wp-content\/uploads\/2020\/01\/AGORDO-Francesca-Gallo.jpg\" data-dt-img-description=\"\" data-large_image_width=\"1476\" data-large_image_height=\"1330\"><img loading=\"lazy\" decoding=\"async\" class=\" wp-image-115211 alignleft\" src=\"https:\/\/www.radiopiu.net\/wordpress\/wp-content\/uploads\/2020\/01\/AGORDO-Francesca-Gallo-300x270.jpg\" alt=\"\" width=\"98\" height=\"88\" srcset=\"https:\/\/www.radiopiu.net\/wordpress\/wp-content\/uploads\/2020\/01\/AGORDO-Francesca-Gallo-300x270.jpg 300w, https:\/\/www.radiopiu.net\/wordpress\/wp-content\/uploads\/2020\/01\/AGORDO-Francesca-Gallo-1024x923.jpg 1024w, https:\/\/www.radiopiu.net\/wordpress\/wp-content\/uploads\/2020\/01\/AGORDO-Francesca-Gallo-768x692.jpg 768w, https:\/\/www.radiopiu.net\/wordpress\/wp-content\/uploads\/2020\/01\/AGORDO-Francesca-Gallo.jpg 1476w\" sizes=\"auto, (max-width: 98px) 100vw, 98px\" \/><\/a><\/p>\n<p style=\"text-align: left;\"><strong>RIVAMONTE <\/strong><em>\u201cLa voce del bosco\u201d un filmato a cura di Dimitri Feltrin con Francesca Gallo, uno\u00a0 sguardo sulla nostra realt\u00e0 di montagna, specie dopo Vaia.\u00a0 Domani alle 20 presso la Casa della Giovent\u00f9 di Rivamonte serata all\u2019insegna dello sguardo sul ci\u00f2 che ci circonda e quel che ha da dirci. Invito della parrocchia in collaborazione con l\u2019associazione \u201cFare Cultura Agordina\u201d.<\/em><\/p>\n<p>&nbsp;<\/p>\n<p>&nbsp;<\/p>\n<p>&nbsp;<\/p>\n<p>&nbsp;<\/p>\n<hr \/>\n<p><center><\/center><center><strong>PROMEMORIA LINEA BIANCA<\/strong><\/center><\/p>\n<blockquote><p><center>Domani alle 14, una montagna d&#8217;amore. Un viaggio dalle Valle del Biois, alla vetta del Civetta a quota 3220, tutto nel cuore delle Dolomiti Unesco tra la zinghenesta di Canale d&#8217;Agordo i coscritti con il loro cappello e la storia di un&#8217;amicizia particolare a San Tomaso, con una cerva e il suo branco.<\/center><\/p><\/blockquote>\n<p>&nbsp;<\/p>\n<hr \/>\n<p>&nbsp;<\/p>\n<p>&nbsp;<\/p>\n<p>&nbsp;<\/p>\n<h2>FUORI PROGRAMMA &#8230;OLTRE&#8217; IL &#8220;MENABO'&#8221;<\/h2>\n<p><strong>ROMA<\/strong> Ieri a Roma presentazione del film &#8220;Gli anni pi\u00f9 belli&#8221;. Ecco il cast di attori di &#8220;primo pelo&#8221; ma anche di volti conosciuti&#8230; e sono scattate le foto degli ascoltatori di RADIO PIU&#8217;&#8230; nei pensieri anche durante i viaggi nella capitale. Radio Pi\u00f9 &#8220;social&#8221; da sempre.<\/p>\n\n\t\t\t<style type='text\/css'>\n\t\t\t\t#gallery-2 {\n\t\t\t\t\tmargin: auto;\n\t\t\t\t}\n\t\t\t\t#gallery-2 .gallery-item {\n\t\t\t\t\tfloat: left;\n\t\t\t\t\tmargin-top: 10px;\n\t\t\t\t\ttext-align: center;\n\t\t\t\t\twidth: 33%;\n\t\t\t\t}\n\t\t\t\t#gallery-2 img {\n\t\t\t\t\tborder: 2px solid #cfcfcf;\n\t\t\t\t}\n\t\t\t\t#gallery-2 .gallery-caption {\n\t\t\t\t\tmargin-left: 0;\n\t\t\t\t}\n\t\t\t\t\/* see gallery_shortcode() in wp-includes\/media.php *\/\n\t\t\t<\/style>\n\t\t<div id='gallery-2' class='dt-gallery-container gallery galleryid-115281 gallery-columns-3 gallery-size-thumbnail'><dl class='gallery-item'>\n\t\t\t\t<dt class='gallery-icon portrait'>\n\t\t\t\t\t<a class=\"rollover\" href='https:\/\/www.radiopiu.net\/wordpress\/giornale-radiopiu-31-gennaio-2020-direttore-mirko-mezzacasa\/da9cebba-207b-4947-a388-8209124fbd4c\/'><img loading=\"lazy\" decoding=\"async\" width=\"150\" height=\"150\" src=\"https:\/\/www.radiopiu.net\/wordpress\/wp-content\/uploads\/2020\/01\/da9cebba-207b-4947-a388-8209124fbd4c-150x150.jpg\" class=\"attachment-thumbnail size-thumbnail\" alt=\"\" \/><\/a>\n\t\t\t\t<\/dt><\/dl><dl class='gallery-item'>\n\t\t\t\t<dt class='gallery-icon portrait'>\n\t\t\t\t\t<a class=\"rollover\" href='https:\/\/www.radiopiu.net\/wordpress\/giornale-radiopiu-31-gennaio-2020-direttore-mirko-mezzacasa\/whatsapp-image-2020-01-30-at-12-29-32\/'><img loading=\"lazy\" decoding=\"async\" width=\"150\" height=\"150\" src=\"https:\/\/www.radiopiu.net\/wordpress\/wp-content\/uploads\/2020\/01\/WhatsApp-Image-2020-01-30-at-12.29.32-150x150.jpeg\" class=\"attachment-thumbnail size-thumbnail\" alt=\"\" \/><\/a>\n\t\t\t\t<\/dt><\/dl><dl class='gallery-item'>\n\t\t\t\t<dt class='gallery-icon landscape'>\n\t\t\t\t\t<a class=\"rollover\" href='https:\/\/www.radiopiu.net\/wordpress\/giornale-radiopiu-31-gennaio-2020-direttore-mirko-mezzacasa\/whatsapp-image-2020-01-30-at-12-31-01\/'><img loading=\"lazy\" decoding=\"async\" width=\"150\" height=\"150\" src=\"https:\/\/www.radiopiu.net\/wordpress\/wp-content\/uploads\/2020\/01\/WhatsApp-Image-2020-01-30-at-12.31.01-150x150.jpeg\" class=\"attachment-thumbnail size-thumbnail\" alt=\"\" \/><\/a>\n\t\t\t\t<\/dt><\/dl><br style=\"clear: both\" \/><dl class='gallery-item'>\n\t\t\t\t<dt class='gallery-icon landscape'>\n\t\t\t\t\t<a class=\"rollover\" href='https:\/\/www.radiopiu.net\/wordpress\/giornale-radiopiu-31-gennaio-2020-direttore-mirko-mezzacasa\/724af1f5-0205-4f26-814e-e11c5a91eaf2\/'><img loading=\"lazy\" decoding=\"async\" width=\"150\" height=\"150\" src=\"https:\/\/www.radiopiu.net\/wordpress\/wp-content\/uploads\/2020\/01\/724af1f5-0205-4f26-814e-e11c5a91eaf2-150x150.jpg\" class=\"attachment-thumbnail size-thumbnail\" alt=\"\" \/><\/a>\n\t\t\t\t<\/dt><\/dl><dl class='gallery-item'>\n\t\t\t\t<dt class='gallery-icon landscape'>\n\t\t\t\t\t<a class=\"rollover\" href='https:\/\/www.radiopiu.net\/wordpress\/giornale-radiopiu-31-gennaio-2020-direttore-mirko-mezzacasa\/cf753da4-8dab-49d0-8ed1-d8b1eaf10de6\/'><img loading=\"lazy\" decoding=\"async\" width=\"150\" height=\"150\" src=\"https:\/\/www.radiopiu.net\/wordpress\/wp-content\/uploads\/2020\/01\/cf753da4-8dab-49d0-8ed1-d8b1eaf10de6-150x150.jpg\" class=\"attachment-thumbnail size-thumbnail\" alt=\"\" \/><\/a>\n\t\t\t\t<\/dt><\/dl>\n\t\t\t\t<br style='clear: both' \/>\n\t\t\t<\/div>\n\n<p>&nbsp;<\/p>\n<p>&nbsp;<\/p>\n<hr \/>\n<p>&nbsp;<\/p>\n<p>&nbsp;<\/p>\n<blockquote class=\"wp-embedded-content\" data-secret=\"AMWJLgXT8l\"><p><a href=\"https:\/\/www.radiopiu.net\/wordpress\/antonio-agosti-il-grande-cultore-di-arti-figurative-di-renato-bona\/\">ANTONIO AGOSTI: IL GRANDE CULTORE DI ARTI FIGURATIVE di RENATO BONA<\/a><\/p><\/blockquote>\n<p><iframe loading=\"lazy\" title=\"&#8220;ANTONIO AGOSTI: IL GRANDE CULTORE DI ARTI FIGURATIVE di RENATO BONA&#8221; &#8212; Radio Pi\u00f9\" class=\"wp-embedded-content\" sandbox=\"allow-scripts\" security=\"restricted\" style=\"position: absolute; clip: rect(1px, 1px, 1px, 1px);\" src=\"https:\/\/www.radiopiu.net\/wordpress\/antonio-agosti-il-grande-cultore-di-arti-figurative-di-renato-bona\/embed\/#?secret=AMWJLgXT8l\" data-secret=\"AMWJLgXT8l\" width=\"600\" height=\"338\" frameborder=\"0\" marginwidth=\"0\" marginheight=\"0\" scrolling=\"no\"><\/iframe><\/p>\n<p>&nbsp;<\/p>\n<p>&nbsp;<\/p>\n<hr \/>\n<h3><\/h3>\n<h3><span style=\"color: #ff0000;\">IERI ALLA RADIO LA NONA PUNTATA DELLO SPECIALE EPCENTER. SUL SITO DI RADIO PIU&#8217; LE 8 PUNTATE PRECEDENTI<\/span><\/h3>\n<p><iframe loading=\"lazy\" title=\"EPCENTER OTTAVA PUNTATA\" width=\"1200\" height=\"675\" src=\"https:\/\/www.youtube.com\/embed\/hdBvk1E2Npc?feature=oembed\" frameborder=\"0\" allow=\"accelerometer; autoplay; encrypted-media; gyroscope; picture-in-picture\" allowfullscreen><\/iframe><\/p>\n<h2>ARCHIVIO<\/h2>\n<blockquote class=\"wp-embedded-content\" data-secret=\"Xw2lg3mENM\"><p><a href=\"https:\/\/www.radiopiu.net\/wordpress\/ep-center-video-gallery\/\">EP CENTER video gallery<\/a><\/p><\/blockquote>\n<p><iframe loading=\"lazy\" title=\"&#8220;EP CENTER video gallery&#8221; &#8212; Radio Pi\u00f9\" class=\"wp-embedded-content\" sandbox=\"allow-scripts\" security=\"restricted\" style=\"position: absolute; clip: rect(1px, 1px, 1px, 1px);\" src=\"https:\/\/www.radiopiu.net\/wordpress\/ep-center-video-gallery\/embed\/#?secret=Xw2lg3mENM\" data-secret=\"Xw2lg3mENM\" width=\"600\" height=\"338\" frameborder=\"0\" marginwidth=\"0\" marginheight=\"0\" scrolling=\"no\"><\/iframe><\/p>\n<hr \/>\n<p>&nbsp;<\/p>\n<p>&nbsp;<\/p>\n<h2><span style=\"color: #ff0000;\">IERI ALLA RADIO <span style=\"color: #000000;\">conteme na berta&#8230; Daniela Lena e Loris Santomaso<\/span><\/span><\/h2>\n<p><strong>DAL LUNEDI AL VENERDI ALLE 9.10 E ALLE 18.10<\/strong><\/p>\n<p><strong>AGORDO<\/strong>\u00a0Tredici puntate, 13 berte raccontate alla radio da Daniela Lena (la vecia popa de Agort) e Loris Santomaso. Sono contenute in un Cd. RadioPi\u00f9 far\u00e0 conoscere il gran lavoro delle insegnanti della Scuola Primaria Tito Livio Burattini. Libro e Cd sono in distribuzione presso la scuola e l\u2019ufficio turistico. Il ricavato finanzier\u00e0 le iniziative della scuola di Agordo.<\/p>\n<blockquote class=\"wp-embedded-content\" data-secret=\"l4wVWj6ruf\"><p><a href=\"https:\/\/www.radiopiu.net\/wordpress\/el-lunaari-de-sorch\/\">El lun\u00e0ri de s\u00f2rch<\/a><\/p><\/blockquote>\n<p><iframe loading=\"lazy\" title=\"&#8220;El lun\u00e0ri de s\u00f2rch&#8221; &#8212; Radio Pi\u00f9\" class=\"wp-embedded-content\" sandbox=\"allow-scripts\" security=\"restricted\" style=\"position: absolute; clip: rect(1px, 1px, 1px, 1px);\" src=\"https:\/\/www.radiopiu.net\/wordpress\/el-lunaari-de-sorch\/embed\/#?secret=l4wVWj6ruf\" data-secret=\"l4wVWj6ruf\" width=\"600\" height=\"338\" frameborder=\"0\" marginwidth=\"0\" marginheight=\"0\" scrolling=\"no\"><\/iframe><\/p>\n<p>&nbsp;<\/p>\n<hr \/>\n<h2><\/h2>\n<p>&nbsp;<\/p>\n<h2><span style=\"color: #ff0000;\">IERI ALLA RADIO<\/span><\/h2>\n<p><strong>DUE MINUTI UN LIBRO, OGNI GIORNO ALLE 9.40 E 17.50<\/strong><\/p>\n<blockquote class=\"wp-embedded-content\" data-secret=\"xtL9HvzwFB\"><p><a href=\"https:\/\/www.radiopiu.net\/wordpress\/il-gatto-che-aggiustava-i-cuori\/\">IL GATTO CHE AGGIUSTAVA I CUORI<\/a><\/p><\/blockquote>\n<p><iframe loading=\"lazy\" title=\"&#8220;IL GATTO CHE AGGIUSTAVA I CUORI&#8221; &#8212; Radio Pi\u00f9\" class=\"wp-embedded-content\" sandbox=\"allow-scripts\" security=\"restricted\" style=\"position: absolute; clip: rect(1px, 1px, 1px, 1px);\" src=\"https:\/\/www.radiopiu.net\/wordpress\/il-gatto-che-aggiustava-i-cuori\/embed\/#?secret=xtL9HvzwFB\" data-secret=\"xtL9HvzwFB\" width=\"600\" height=\"338\" frameborder=\"0\" marginwidth=\"0\" marginheight=\"0\" scrolling=\"no\"><\/iframe><\/p>\n<p>&nbsp;<\/p>\n<p>&nbsp;<\/p>\n<hr \/>\n<p>&nbsp;<\/p>\n<p>&nbsp;<\/p>\n<blockquote>\n<h1>I RACCONTI DI PAOLO SOPPELSA SESTA PUNTATA<\/h1>\n<\/blockquote>\n<h3>NOTTI D&#8217;INVERNO<\/h3>\n<p>AUDIO<\/p>\n<audio class=\"wp-audio-shortcode\" id=\"audio-115281-6\" preload=\"none\" style=\"width: 100%;\" controls=\"controls\"><source type=\"audio\/mpeg\" src=\"https:\/\/www.radiopiu.net\/wordpress\/wp-content\/uploads\/2020\/01\/paolo-inverno.mp3?_=6\" \/><a href=\"https:\/\/www.radiopiu.net\/wordpress\/wp-content\/uploads\/2020\/01\/paolo-inverno.mp3\">https:\/\/www.radiopiu.net\/wordpress\/wp-content\/uploads\/2020\/01\/paolo-inverno.mp3<\/a><\/audio>\n<p>&nbsp;<\/p>\n<p>&nbsp;<\/p>\n<hr \/>\n<p>&nbsp;<\/p>\n<p>&nbsp;<\/p>\n<h3>AXEL DA ARABBA\u00a0 E&#8217; CON LA CITTA&#8217; DELLA SPERANZA DI PADOVA<\/h3>\n<p><strong>LIVINALLONGO<\/strong><\/p>\n<p>INTERVISTA DI CLAUDIO FONTANIVE<\/p>\n<audio class=\"wp-audio-shortcode\" id=\"audio-115281-7\" preload=\"none\" style=\"width: 100%;\" controls=\"controls\"><source type=\"audio\/mpeg\" src=\"https:\/\/www.radiopiu.net\/wordpress\/wp-content\/uploads\/2020\/01\/axel-bassani-rifugio-gorza-scade-domenica.mp3?_=7\" \/><a href=\"https:\/\/www.radiopiu.net\/wordpress\/wp-content\/uploads\/2020\/01\/axel-bassani-rifugio-gorza-scade-domenica.mp3\">https:\/\/www.radiopiu.net\/wordpress\/wp-content\/uploads\/2020\/01\/axel-bassani-rifugio-gorza-scade-domenica.mp3<\/a><\/audio>\n<p>&nbsp;<\/p>\n<p>&nbsp;<\/p>\n<hr \/>\n<h2><\/h2>\n<h2><span style=\"color: #000000;\">SEI A CASA con Lucia Soccol<\/span><\/h2>\n<p>LA TERZA PUNTATA, SUL SITO ANCHE LE DUE PRECEDENTI<\/p>\n<audio class=\"wp-audio-shortcode\" id=\"audio-115281-8\" preload=\"none\" style=\"width: 100%;\" controls=\"controls\"><source type=\"audio\/mpeg\" src=\"https:\/\/www.radiopiu.net\/wordpress\/wp-content\/uploads\/2020\/01\/sei-a-casa-terza-puntata-2.mp3?_=8\" \/><a href=\"https:\/\/www.radiopiu.net\/wordpress\/wp-content\/uploads\/2020\/01\/sei-a-casa-terza-puntata-2.mp3\">https:\/\/www.radiopiu.net\/wordpress\/wp-content\/uploads\/2020\/01\/sei-a-casa-terza-puntata-2.mp3<\/a><\/audio>\n<p>&nbsp;<\/p>\n<p>&nbsp;<\/p>\n<hr \/>\n<p>&nbsp;<\/p>\n<p>&nbsp;<\/p>\n<p>&nbsp;<\/p>\n<blockquote class=\"wp-embedded-content\" data-secret=\"ndAbV1JbI8\"><p><a href=\"https:\/\/www.radiopiu.net\/wordpress\/cv\/\">CONVIVIUM 2020,  TESTIMONIANZA TOCCANTE CONSIGLI E PREVENZIONE<\/a><\/p><\/blockquote>\n<p><iframe loading=\"lazy\" title=\"&#8220;CONVIVIUM 2020,  TESTIMONIANZA TOCCANTE CONSIGLI E PREVENZIONE&#8221; &#8212; Radio Pi\u00f9\" class=\"wp-embedded-content\" sandbox=\"allow-scripts\" security=\"restricted\" style=\"position: absolute; clip: rect(1px, 1px, 1px, 1px);\" src=\"https:\/\/www.radiopiu.net\/wordpress\/cv\/embed\/#?secret=ndAbV1JbI8\" data-secret=\"ndAbV1JbI8\" width=\"600\" height=\"338\" frameborder=\"0\" marginwidth=\"0\" marginheight=\"0\" scrolling=\"no\"><\/iframe><\/p>\n<p>&nbsp;<\/p>\n<p>&nbsp;<\/p>\n<hr \/>\n<p>&nbsp;<\/p>\n<p>&nbsp;<\/p>\n<p>&nbsp;<\/p>\n<p><a class=\"dt-pswp-item\" href=\"https:\/\/www.radiopiu.net\/wordpress\/wp-content\/uploads\/2018\/09\/appuntamenti.jpeg\" data-dt-img-description=\"\" data-large_image_width=\"800\" data-large_image_height=\"100\"><img loading=\"lazy\" decoding=\"async\" class=\"alignnone wp-image-61958 size-full\" src=\"https:\/\/www.radiopiu.net\/wordpress\/wp-content\/uploads\/2018\/09\/appuntamenti.jpeg\" alt=\"\" width=\"800\" height=\"100\" srcset=\"https:\/\/www.radiopiu.net\/wordpress\/wp-content\/uploads\/2018\/09\/appuntamenti.jpeg 800w, https:\/\/www.radiopiu.net\/wordpress\/wp-content\/uploads\/2018\/09\/appuntamenti-300x38.jpeg 300w, https:\/\/www.radiopiu.net\/wordpress\/wp-content\/uploads\/2018\/09\/appuntamenti-768x96.jpeg 768w\" sizes=\"auto, (max-width: 800px) 100vw, 800px\" \/><\/a><\/p>\n<p>&nbsp;<\/p>\n<p><strong>BELLUNO<\/strong> L&#8217;Associazione Culturale Centro Upm organizza per\u00a0 questa sera alle 20,30 nella sala Un Noce di via Barozzi la conferenza di presentazione di Viviana Presicce &#8220;Tutto quello che vuoi sapere sulla nascita, il misterioso viaggio di una nuova vita&#8221;:<\/p>\n<p>&nbsp;<\/p>\n<p><strong>BELLUNO<\/strong> \u201cPortare armonia nel corpo attraverso il piacere del movimento\u201d, dalle Ande alle Dolomiti, dopo la riuscita esperienza dello scorso anno. Questo l\u2019obiettivo del tour europeo di Ramon Nestor Vega a Belluno, con l\u2019evento di danza psico-espressiva, aperta al pubblico, domani dalle 14.30 alle 19, palestra presso il centro commerciale della Veneggia. Ramon Vega \u00e8 presidente della societ\u00e0 argentina di Bonding Psychotherapy \u201cEl Abrazo-Primario\u201d . Per partecipare all\u2019evento del 29 febbraio, fino all\u2019esaurimento dei posti, basta iscriversi contattando Fondazione Progetto Uomo di Belluno.<\/p>\n<p>&nbsp;<\/p>\n<p><strong>AGORDO<\/strong> Domenica escursione a Malga Civertaghe sulle Pale di San Martino con la sezione agordina del Cai. Ritrovo alle 7.30 presso la sede, 8.45 inizio escursione da San Martino di Castrozza. Tempo 4-5 ore, dislivello 520 metri. Informazioni e iscrizioni 380 6983040<\/p>\n<p>&nbsp;<\/p>\n<p>&nbsp;<\/p>\n<hr \/>\n<p>&nbsp;<\/p>\n<p>&nbsp;<\/p>\n<p>&nbsp;<\/p>\n<div class=\"page-title-breadcrumbs\">\n<div class=\"page-title-breadcrumbs\">\n<p class=\"photoswipe-wrapper\"><a class=\"dt-pswp-item pspw-wrap-ready\" href=\"https:\/\/www.radiopiu.net\/wordpress\/wp-content\/uploads\/2018\/09\/viabilita.jpeg\" data-dt-img-description=\"\" data-large_image_width=\"800\" data-large_image_height=\"100\"><img loading=\"lazy\" decoding=\"async\" class=\"wp-image-61954 size-full aligncenter\" src=\"https:\/\/www.radiopiu.net\/wordpress\/wp-content\/uploads\/2018\/09\/viabilita.jpeg\" sizes=\"auto, (max-width: 800px) 100vw, 800px\" srcset=\"https:\/\/www.radiopiu.net\/wordpress\/wp-content\/uploads\/2018\/09\/viabilita.jpeg 800w, https:\/\/www.radiopiu.net\/wordpress\/wp-content\/uploads\/2018\/09\/viabilita-300x38.jpeg 300w, https:\/\/www.radiopiu.net\/wordpress\/wp-content\/uploads\/2018\/09\/viabilita-768x96.jpeg 768w\" alt=\"\" width=\"800\" height=\"100\" \/><\/a><\/p>\n<\/div>\n<\/div>\n<p>&nbsp;<\/p>\n<div class=\"page-title-breadcrumbs\">\n<div class=\"page-title-breadcrumbs\">\n<div data-offset-key=\"5n5nl-0-0\">\n<div data-offset-key=\"5n5nl-0-0\">\n<div data-offset-key=\"5n5nl-0-0\">\n<div data-offset-key=\"5n5nl-0-0\">\n<p><strong class=\"photoswipe-wrapper\"><a class=\"dt-pswp-item pspw-wrap-ready\" href=\"https:\/\/www.radiopiu.net\/wordpress\/wp-content\/uploads\/2020\/01\/1a378919-7098-4c32-8e84-973d3339d943.jpg\" data-dt-img-description=\"\" data-large_image_width=\"600\" data-large_image_height=\"800\"><img loading=\"lazy\" decoding=\"async\" class=\" wp-image-114498 alignleft\" src=\"https:\/\/www.radiopiu.net\/wordpress\/wp-content\/uploads\/2020\/01\/1a378919-7098-4c32-8e84-973d3339d943-225x300.jpg\" sizes=\"auto, (max-width: 164px) 100vw, 164px\" srcset=\"https:\/\/www.radiopiu.net\/wordpress\/wp-content\/uploads\/2020\/01\/1a378919-7098-4c32-8e84-973d3339d943-225x300.jpg 225w, https:\/\/www.radiopiu.net\/wordpress\/wp-content\/uploads\/2020\/01\/1a378919-7098-4c32-8e84-973d3339d943.jpg 600w\" alt=\"\" width=\"164\" height=\"219\" \/><\/a><\/strong><\/p>\n<p><strong>PROVINCIALE 3 VAL IMPERINA, FINO\u00a0 AL 7 FEBBRAIO CHIUSURA DALLE 8 ALLE 9.45, 10-11.45, 13,30-15.15 E 15.30-1730. SOLO NEI GIORNI FERIALI DAL LUNEDI AL VENERDI.<\/strong><\/p>\n<p><strong>PROVINCIALE 563 DI SALESEI, LIVINALLONGO DEL COL DI LANA\u00a0<\/strong>FINO \u00a0AL 24 (ESCLUSI SABATO E DOMENICA) dalle 9 alle 17 interdizione totale al traffico, nei rimanenti periodi senso unico alternato per taglio alberi in localit\u00e0 Pian di Salesei e Salesei<\/p>\n<p><strong>346 SAN PELLEGRINO A CANALE D\u2019AGORDO\u00a0<\/strong>La Mora dal 13 gennaio al 29 febbraio senso unico con semaforo anche sabato e domenica<\/p>\n<p><strong class=\"photoswipe-wrapper\"><a class=\"dt-pswp-item pspw-wrap-ready\" href=\"https:\/\/www.radiopiu.net\/wordpress\/wp-content\/uploads\/2020\/01\/WhatsApp-Image-2020-01-26-at-10.38.54.jpeg\" data-dt-img-description=\"\" data-large_image_width=\"899\" data-large_image_height=\"1599\"><img loading=\"lazy\" decoding=\"async\" class=\"size-medium wp-image-114697 alignleft\" src=\"https:\/\/www.radiopiu.net\/wordpress\/wp-content\/uploads\/2020\/01\/WhatsApp-Image-2020-01-26-at-10.38.54-169x300.jpeg\" sizes=\"auto, (max-width: 169px) 100vw, 169px\" srcset=\"https:\/\/www.radiopiu.net\/wordpress\/wp-content\/uploads\/2020\/01\/WhatsApp-Image-2020-01-26-at-10.38.54-169x300.jpeg 169w, https:\/\/www.radiopiu.net\/wordpress\/wp-content\/uploads\/2020\/01\/WhatsApp-Image-2020-01-26-at-10.38.54-576x1024.jpeg 576w, https:\/\/www.radiopiu.net\/wordpress\/wp-content\/uploads\/2020\/01\/WhatsApp-Image-2020-01-26-at-10.38.54-768x1366.jpeg 768w, https:\/\/www.radiopiu.net\/wordpress\/wp-content\/uploads\/2020\/01\/WhatsApp-Image-2020-01-26-at-10.38.54-864x1536.jpeg 864w, https:\/\/www.radiopiu.net\/wordpress\/wp-content\/uploads\/2020\/01\/WhatsApp-Image-2020-01-26-at-10.38.54.jpeg 899w\" alt=\"\" width=\"169\" height=\"300\" \/><\/a>203 AGORDINA, LOCALITA\u2019 LA MUDA<\/strong>\u00a0DAL 13 GENNAIO AL 31 MARZO ESCLUSI FESTIVI E PREFESTIVI DALLE 7.30 ALLE 8.30 E DALLE 16.30 ALLE 17.30 SENSO UNICO ALTERNATO CON MOVIERI O SEMAFORI<\/p>\n<p><strong>PROVINCIALE 20 VAL FIORENTINA\u00a0<\/strong>\u00a0LOCALITA\u2019 SOLATOR\u00a0 DAL 13 GENNAIO AL 29 MAGGIO (COMPRESI FESTIVI E PREFESTIVI) SENSO UNICO ALTERNATO REGOLATO DA SEMAFORO O MOVIERI PER ADEGUAMENTO CARREGGIATA<\/p>\n<p><strong>641 PASSO FEDAIA ROCCA PIETORE<\/strong>\u00a0da martedi 7 gennaio al 6 marzo senso unico alternato regolato da semaforo per tratti di 30 metri. esclusi sabato e domenica<\/p>\n<p>&nbsp;<\/p>\n<\/div>\n<\/div>\n<\/div>\n<\/div>\n<\/div>\n<\/div>\n<p>&nbsp;<\/p>\n<p>&nbsp;<\/p>\n<p>&nbsp;<\/p>\n<p>&nbsp;<\/p>\n<p>&nbsp;<\/p>\n<p>&nbsp;<\/p>\n<p>&nbsp;<\/p>\n<p>&nbsp;<\/p>\n<p class=\"photoswipe-wrapper\"><a class=\"dt-pswp-item pspw-wrap-ready\" href=\"https:\/\/www.radiopiu.net\/wordpress\/wp-content\/uploads\/2018\/09\/sport.jpg\" data-dt-img-description=\"\" data-large_image_width=\"800\" data-large_image_height=\"100\"><img loading=\"lazy\" decoding=\"async\" class=\"wp-image-60761 size-full aligncenter\" src=\"https:\/\/www.radiopiu.net\/wordpress\/wp-content\/uploads\/2018\/09\/sport.jpg\" sizes=\"auto, (max-width: 800px) 100vw, 800px\" srcset=\"https:\/\/www.radiopiu.net\/wordpress\/wp-content\/uploads\/2018\/09\/sport.jpg 800w, https:\/\/www.radiopiu.net\/wordpress\/wp-content\/uploads\/2018\/09\/sport-300x38.jpg 300w, https:\/\/www.radiopiu.net\/wordpress\/wp-content\/uploads\/2018\/09\/sport-768x96.jpg 768w\" alt=\"\" width=\"800\" height=\"100\" \/><\/a><\/p>\n<h2><\/h2>\n<p>&nbsp;<\/p>\n<p>&nbsp;<\/p>\n<h2>TRE ARBITRI AGGREDITI, IL NO ALLA VIOLENZA DEL CALCIO VENETO<\/h2>\n<p>dalla rassegna stampa delle 8 DEVIS DA RIZ Presidente della sezione arbitri di Belluno<\/p>\n<audio class=\"wp-audio-shortcode\" id=\"audio-115281-9\" preload=\"none\" style=\"width: 100%;\" controls=\"controls\"><source type=\"audio\/mpeg\" src=\"https:\/\/www.radiopiu.net\/wordpress\/wp-content\/uploads\/2020\/01\/devis.mp3?_=9\" \/><a href=\"https:\/\/www.radiopiu.net\/wordpress\/wp-content\/uploads\/2020\/01\/devis.mp3\">https:\/\/www.radiopiu.net\/wordpress\/wp-content\/uploads\/2020\/01\/devis.mp3<\/a><\/audio>\n<blockquote>\n<p align=\"JUSTIFY\"><em><span style=\"color: #000000;\"><span style=\"font-family: Arial, serif;\"><span style=\"font-size: medium;\">&#8220;Ci fermiano nel fine settimana per dire \u201c<\/span><\/span><\/span><span style=\"color: #000000;\"><span style=\"font-family: Arial, serif;\"><span style=\"font-size: medium;\"><u><b>NO alla violenza<\/b><\/u><\/span><\/span><\/span><span style=\"color: #000000;\"><span style=\"font-family: Arial, serif;\"><span style=\"font-size: medium;\">\u201d e per dare domani ai nostri giovani un calcio libero da ogni atto che contrasti con i valori veri dello Sport&#8221;.<\/span><\/span><\/span><\/em><\/p>\n<\/blockquote>\n<p align=\"JUSTIFY\"><strong>Sabato e domenica le partite inizieranno con un ritardo di 15 minuti, pi\u00f9 che una protesta degli arbitri un invito alla riflessione.<\/strong><\/p>\n<p align=\"JUSTIFY\"><span style=\"color: #000000;\"><span style=\"font-family: Arial, serif;\"><span style=\"font-size: medium;\"><a class=\"dt-pswp-item\" href=\"https:\/\/www.radiopiu.net\/wordpress\/wp-content\/uploads\/2019\/01\/CALCIO-FALLO.jpeg\" data-dt-img-description=\"\" data-large_image_width=\"1600\" data-large_image_height=\"848\"><img loading=\"lazy\" decoding=\"async\" class=\" wp-image-71538 alignleft\" src=\"https:\/\/www.radiopiu.net\/wordpress\/wp-content\/uploads\/2019\/01\/CALCIO-FALLO-300x159.jpeg\" alt=\"\" width=\"258\" height=\"137\" srcset=\"https:\/\/www.radiopiu.net\/wordpress\/wp-content\/uploads\/2019\/01\/CALCIO-FALLO-300x159.jpeg 300w, https:\/\/www.radiopiu.net\/wordpress\/wp-content\/uploads\/2019\/01\/CALCIO-FALLO-768x407.jpeg 768w, https:\/\/www.radiopiu.net\/wordpress\/wp-content\/uploads\/2019\/01\/CALCIO-FALLO-1024x543.jpeg 1024w, https:\/\/www.radiopiu.net\/wordpress\/wp-content\/uploads\/2019\/01\/CALCIO-FALLO.jpeg 1600w\" sizes=\"auto, (max-width: 258px) 100vw, 258px\" \/><\/a>La settimana scorsa tre arbitri impegnati nelle gare dei campionati dilettantistici hanno terminato la propria domenica di sport in un Pronto Soccorso, vittime di vili aggressioni fisiche. <\/span><\/span><\/span><span style=\"color: #000000;\"><span style=\"font-family: Arial, serif;\"><span style=\"font-size: medium;\">Tutto il mondo del Calcio Veneto esprime la propria vicinanza affettuosa a questi tre giovani sportivi, certo di rivederli al pi\u00f9 presto al loro posto nei campi di gioco. <\/span><\/span><\/span><span style=\"color: #000000;\"><span style=\"font-family: Arial, serif;\"><span style=\"font-size: medium;\">Ma questa volta arbitri e Figc vanno oltre le parole fermando\u00a0 per un breve tempo \u2013 <\/span><\/span><\/span><span style=\"color: #000000;\"><span style=\"font-family: Arial, serif;\"><span style=\"font-size: medium;\"><u><b>quindici minuti<\/b><\/u><\/span><\/span><\/span><span style=\"color: #000000;\"><span style=\"font-family: Arial, serif;\"><span style=\"font-size: medium;\"> \u2013 l\u2019inizio delle gare (dall\u2019Eccellenza fino alla 3\u00b0 categoria, ma anche Juniores, settore giovanile, calcio a 5 e calcio Femminile) per avere la possibilit\u00e0 di trasmettere, in questo spazio di silenzio e riflessione i messaggi che dicono no alla violenza<\/span><\/span><\/span><\/p>\n<p>&nbsp;<\/p>\n<p>&nbsp;<\/p>\n<p>&nbsp;<\/p>\n<hr \/>\n<p>&nbsp;<\/p>\n<p>&nbsp;<\/p>\n<p>&nbsp;<\/p>\n<p>&nbsp;<\/p>\n<h3>LE CIVETTE STENDONO I CAVALIERI<\/h3>\n<p class=\"photoswipe-wrapper\"><a class=\"dt-pswp-item\" href=\"https:\/\/www.radiopiu.net\/wordpress\/wp-content\/uploads\/2019\/08\/logo-alleghe-hockey.png\" data-dt-img-description=\"\" data-large_image_width=\"547\" data-large_image_height=\"512\"><img loading=\"lazy\" decoding=\"async\" class=\"size-medium wp-image-95699 alignright\" src=\"https:\/\/www.radiopiu.net\/wordpress\/wp-content\/uploads\/2019\/08\/logo-alleghe-hockey-300x281.png\" alt=\"\" width=\"300\" height=\"281\" srcset=\"https:\/\/www.radiopiu.net\/wordpress\/wp-content\/uploads\/2019\/08\/logo-alleghe-hockey-300x281.png 300w, https:\/\/www.radiopiu.net\/wordpress\/wp-content\/uploads\/2019\/08\/logo-alleghe-hockey.png 547w\" sizes=\"auto, (max-width: 300px) 100vw, 300px\" \/><\/a>ALLEGHE \u2013 UNTERLAND CAVALIERS 3-1<\/p>\n<p>PARZIALI: 2-0, 1-0, 0-1<\/p>\n<p>GOL: pt. 17\u201926\u201d e 19\u201936\u201d Huovinen. st. 5\u201919\u201d Kiviranta. tt. 3\u201942\u201d Buonincontri,<span class=\"Apple-converted-space\">\u00a0<\/span><\/p>\n<p>Le civette tornano a vincere tra le mura amiche. L\u2019Alleghe incamera 3 punti contro l\u2019Unterland Cavaliers dopo una partita dai ritmi forsennati dove gli agordini hanno saputo essere pi\u00f9 concreti. Una sfida impegnativa anche dal punto di vista arbitrale visto che da met\u00e0 partita gli altoatesini hanno trasformato tutto in una caciara con dei colpi proibiti innervosendo gli alleghesi. La squadra di Matikainen torna in corsa per la qualificazione ai playoff sfruttando la giornata di riposo del Caldaro.<span class=\"Apple-converted-space\">\u00a0<\/span><\/p>\n<p>Primi minuti di gara senza tante emozioni. Le civette provano delle conclusioni sterili e gli altoatesini impegnano Scola in due occasioni. La squadra di Matikainen prova a far circolare il disco e De Toni trova Huovinen smarcato che in contropiede non riesce a beffare il portiere. I Cavaliers rispondono in superiorit\u00e0 numerica ma il golie alleghese non lascia passare nulla. Agordini che ingranano la marcia giusta e De Toni colpisce il palo. Il match si sblocca alla prima penalit\u00e0 degli ospiti. Huovinen coglie un assist di Lorenzi e con un tiro al volo dalla distanza spedisce il puck alle spalle di Giovanelli. Nel finale di tempo il raddoppio ancora a firma di Huovinen, ancora in superiorit\u00e0 numerica. Secondo drittel combattuto con le squadre che giocano a viso aperto. Ad avere la meglio l\u2019Alleghe che sigla la terza rete. Ancora una volta \u00e8 un finlandese che riesce a battere il portiere. Ci pensa Kiviranta con una sassata da posizione defilata. Gli altoatesini non ci stanno e la partita si incattivisce. I Cavaliers giocano sporco con colpi proibiti ad arbitro distante. Nel terzo tempo la squadra di Egna accorcia le distanze dopo 3\u2019. Svarione difensivo delle civette che concedono a Buonincontri di andare a segno. Edgar De Toni ci prova subito dopo ma il portiere avversario nega la gioia del gol. Kiviranta parte in contropiede ma viene strattonato da dietro. Viene concesso il rigore che Huovinen non realizza. Finale di gara con gli ospiti che prendono d\u2019assalto la porta agordina ma Scola fa gli straordinari.<\/p>\n<p>&nbsp;<\/p>\n<hr \/>\n<p>&nbsp;<\/p>\n<h3 class=\"p1\"><span class=\"s1\">IL CANALE VA IN FINALE DEL TORNEO AGORDINO DI HOCKEY<\/span><\/h3>\n<p class=\"p1\"><span class=\"s1\"><a class=\"dt-pswp-item\" href=\"https:\/\/www.radiopiu.net\/wordpress\/wp-content\/uploads\/2019\/12\/TORNEO-AGORDINO-HOCKEY-2020-OK.jpg\" data-dt-img-description=\"\" data-large_image_width=\"1125\" data-large_image_height=\"596\"><img loading=\"lazy\" decoding=\"async\" class=\"aligncenter wp-image-110984 size-large\" src=\"https:\/\/www.radiopiu.net\/wordpress\/wp-content\/uploads\/2019\/12\/TORNEO-AGORDINO-HOCKEY-2020-OK-1024x542.jpg\" alt=\"\" width=\"1024\" height=\"542\" srcset=\"https:\/\/www.radiopiu.net\/wordpress\/wp-content\/uploads\/2019\/12\/TORNEO-AGORDINO-HOCKEY-2020-OK-1024x542.jpg 1024w, https:\/\/www.radiopiu.net\/wordpress\/wp-content\/uploads\/2019\/12\/TORNEO-AGORDINO-HOCKEY-2020-OK-300x159.jpg 300w, https:\/\/www.radiopiu.net\/wordpress\/wp-content\/uploads\/2019\/12\/TORNEO-AGORDINO-HOCKEY-2020-OK-768x407.jpg 768w, https:\/\/www.radiopiu.net\/wordpress\/wp-content\/uploads\/2019\/12\/TORNEO-AGORDINO-HOCKEY-2020-OK.jpg 1125w\" sizes=\"auto, (max-width: 1024px) 100vw, 1024px\" \/><\/a><\/span><\/p>\n<p class=\"p1\"><span class=\"s1\">Per la prima volta dopo sette edizioni, il Canale va in finale del Torneo Agordino di hockey. Nel derby della Valle del Biois i canalini hanno battuto il Vallada in gara 3 e accedono alla finalissima dove si troveranno di fronte l\u2019Amatori Alleghe. <\/span><\/p>\n<p class=\"p1\"><strong><span class=\"s1\">LE INTERVISTE RACCOLTE DA MATTEO MANFROI<\/span><\/strong><\/p>\n<audio class=\"wp-audio-shortcode\" id=\"audio-115281-10\" preload=\"none\" style=\"width: 100%;\" controls=\"controls\"><source type=\"audio\/mpeg\" src=\"https:\/\/www.radiopiu.net\/wordpress\/wp-content\/uploads\/2020\/01\/MATTEO-MANFROI-TORNEO-AGORDINO-POST-CANALE-VALLADA.mp3?_=10\" \/><a href=\"https:\/\/www.radiopiu.net\/wordpress\/wp-content\/uploads\/2020\/01\/MATTEO-MANFROI-TORNEO-AGORDINO-POST-CANALE-VALLADA.mp3\">https:\/\/www.radiopiu.net\/wordpress\/wp-content\/uploads\/2020\/01\/MATTEO-MANFROI-TORNEO-AGORDINO-POST-CANALE-VALLADA.mp3<\/a><\/audio>\n<blockquote>\n<p class=\"p3\" style=\"text-align: center;\"><span class=\"s1\"><b><i>LA FINALISSIMA DELLA THIERRY CUP SI GIOCHERA&#8217; DOMENICA 1 MARZO ALLO STADIO &#8220;ALVISE DE TONI&#8221; DI ALLEGHE<\/i><\/b><\/span><\/p>\n<\/blockquote>\n<p>&nbsp;<\/p>\n<hr \/>\n<h2><\/h2>\n<p>&nbsp;<\/p>\n<p>&nbsp;<\/p>\n<p>&nbsp;<\/p>\n<p>&nbsp;<\/p>\n<p><center><\/center><center><a class=\"dt-pswp-item\" href=\"https:\/\/www.radiopiu.net\/wordpress\/wp-content\/uploads\/2018\/09\/WhatsApp-Image-2018-09-20-at-16.04.06.jpeg\" data-dt-img-description=\"\" data-large_image_width=\"800\" data-large_image_height=\"100\"><img loading=\"lazy\" decoding=\"async\" class=\"aligncenter wp-image-61378 size-full\" src=\"https:\/\/www.radiopiu.net\/wordpress\/wp-content\/uploads\/2018\/09\/WhatsApp-Image-2018-09-20-at-16.04.06.jpeg\" alt=\"\" width=\"800\" height=\"100\" srcset=\"https:\/\/www.radiopiu.net\/wordpress\/wp-content\/uploads\/2018\/09\/WhatsApp-Image-2018-09-20-at-16.04.06.jpeg 800w, https:\/\/www.radiopiu.net\/wordpress\/wp-content\/uploads\/2018\/09\/WhatsApp-Image-2018-09-20-at-16.04.06-300x38.jpeg 300w, https:\/\/www.radiopiu.net\/wordpress\/wp-content\/uploads\/2018\/09\/WhatsApp-Image-2018-09-20-at-16.04.06-768x96.jpeg 768w\" sizes=\"auto, (max-width: 800px) 100vw, 800px\" \/><\/a><\/center><center><\/center><center><b>Venerdi 31<\/b><\/center><b>Tempo atteso: <\/b>Tempo ben soleggiato con cielo sereno, aria tersa ed ottima visibilit\u00e0. Non escluso qualche banco di cirri al mattino. Clima assai pi\u00f9 mite in quota, anche di notte, e particolarmente mite nei fondovalle durante il giorno, ad eccezione delle valli in ombra dove il clima rimarr\u00e0 fresco.<br \/>\n<b>Precipitazioni: <\/b>Assenti (0%).<br \/>\n<b>Temperature: <\/b>Minime stazionarie nelle valli, con inversione termica notturna, e in rialzo in quota; massime in generale aumento. Sono previste massimi di 9\/10\u00b0C nei fondovalle prealpini, di 7\/9\u00b0C a 1000\/1200 m, mentre i valori saranno pi\u00f9 bassi nelle valli in ombra. Sulle Prealpi a 1500 m minima 2\u00b0C massima 8\u00b0C, a 2000 m minima 1\u00b0C massima 5\u00b0C, sulle Dolomiti a 2000 m minima 1\u00b0C massima 6\u00b0C, a 3000 m minima -3\u00b0C massima 1\u00b0C.<br \/>\n<b>Venti: <\/b>Nelle valli in prevalenza deboli di direzione variabile, con consueti rinforzi per brezze notturne in alcuni settori a ridosso della pedemontana; in quota deboli\/moderati dai quadranti occidentali, a tratti anche tesi oltre i 2500 m durante la notte, poi in sensibile attenuazione, a 5-15 km\/h a 2000 m e 15-35 km\/h a 3000 m.<\/p>\n<hr \/>\n<p><center><b>Sabato 1<\/b><\/center><b>Tempo atteso: <\/b>Inizialmente soleggiato con prime velature del cielo entro la tarda mattinata, non escluse iniziali nubi basse sulle Prealpi occidentali. Al pomeriggio maggiore nuvolosit\u00e0 per nubi alte e medio-alte stratiformi sempre pi\u00f9 estese su tutti i settori fino a mascherare totalmente il sole nel tardo pomeriggio\/sera. Clima un po&#8217; meno mite, ma i valori saranno ancora ben al di sopra della media stagionale, specie in quota.<br \/>\n<b>Precipitazioni: <\/b>Assenti (0%).<br \/>\n<b>Temperature: <\/b>Minime in aumento nelle valli e stazionarie in quota; massime in generale leggera flessione. Sulle Prealpi a 1500 m minima 2\u00b0C massima 4\u00b0C, a 2000 m minima 0\u00b0C massima 2\u00b0C, sulle Dolomiti a 2000 m minima 0\u00b0C massima 2\u00b0C, a 3000 m minima -3\u00b0C massima 0\u00b0C.<br \/>\n<b>Venti: <\/b>Nelle valli in prevalenza deboli di direzione variabile, con consueti rinforzi per brezze notturne su alcuni settori a ridosso della pedemontana; in quota deboli\/moderati da sud-ovest al mattino e da nord-ovest al pomeriggio, a 5-10 km\/h a 2000 m e 15-30 km\/h a 3000 m.<\/p>\n<hr \/>\n<p><center><b>Domenica 2<\/b><\/center>Fino al primo pomeriggio in prevalenza soleggiato su gran parte della montagna veneta, con qualche velatura del cielo. In seguito annuvolamenti medio-alti stratiformi via via pi\u00f9 estesi ed intensi, localmente associati a qualche burrasca di neve sulle cime di confine con l&#8217;alto Adige e l&#8217;Austria in serata. Temperature minime senza notevoli variazioni; massime in aumento nelle valli e in leggero calo in quota. Venti moderati dai quadranti occidentali, in rotazione da nord-ovest ed in netto rinforzo a fine giornata, con primi accenni di Foehn nelle valli.<\/p>\n<hr \/>\n<p><center><b>Lunedi 3<\/b><\/center>Da soleggiato a parzialmente soleggiato per transito di nubi medio-alte di sottovento (lee clouds\/nubi lenticolari). Qualche addensamento verso nord, associato a sporadica neve burrascosa sulle cime dolomitiche settentrionali. Temperature in generale rialzo, eccetto leggera flessione delle minime in quota, le quali saranno osservate alla sera. Venti tesi\/forti da nord-ovest in quota e Foehn nelle valli. Previsore: R.L.Th.<\/p>\n","protected":false},"excerpt":{"rendered":"<p>&nbsp; IL NUOVO CANALE RADIO PIU INFORMAZIONE su TELEGRAM per ricevere sul tuo telefono le notizie dalla redazione di Radio Pi\u00f9. Gli aggiornamenti in tempo reale. \u00a0RADIO PIU INFORMAZIONE\u00a0 https:\/\/t.me\/radiopiu &nbsp; &nbsp; &nbsp; REGIONALE 203 AGORDINA, LOCALITA&#8217; LA MUDA LA VALLE DA LUNEDI traffico deviato su viabilit\u00e0 provvisoria appositamente predisposta con limitazione della velocit\u00e0 a&hellip;<\/p>\n","protected":false},"author":1,"featured_media":115370,"comment_status":"closed","ping_status":"closed","sticky":false,"template":"","format":"standard","meta":{"_monsterinsights_skip_tracking":false,"_monsterinsights_sitenote_active":false,"_monsterinsights_sitenote_note":"","_monsterinsights_sitenote_category":0,"footnotes":""},"categories":[1,51,86,49],"tags":[],"class_list":["post-115281","post","type-post","status-publish","format-standard","has-post-thumbnail","hentry","category-senza-categoria","category-evidenza-top","category-gr","category-news-18","category-1","category-51","category-86","category-49","description-off"],"img_url":"https:\/\/www.radiopiu.net\/wordpress\/wp-content\/uploads\/2020\/01\/vikk-2.jpg","_links":{"self":[{"href":"https:\/\/www.radiopiu.net\/wordpress\/wp-json\/wp\/v2\/posts\/115281","targetHints":{"allow":["GET"]}}],"collection":[{"href":"https:\/\/www.radiopiu.net\/wordpress\/wp-json\/wp\/v2\/posts"}],"about":[{"href":"https:\/\/www.radiopiu.net\/wordpress\/wp-json\/wp\/v2\/types\/post"}],"author":[{"embeddable":true,"href":"https:\/\/www.radiopiu.net\/wordpress\/wp-json\/wp\/v2\/users\/1"}],"replies":[{"embeddable":true,"href":"https:\/\/www.radiopiu.net\/wordpress\/wp-json\/wp\/v2\/comments?post=115281"}],"version-history":[{"count":0,"href":"https:\/\/www.radiopiu.net\/wordpress\/wp-json\/wp\/v2\/posts\/115281\/revisions"}],"wp:featuredmedia":[{"embeddable":true,"href":"https:\/\/www.radiopiu.net\/wordpress\/wp-json\/wp\/v2\/media\/115370"}],"wp:attachment":[{"href":"https:\/\/www.radiopiu.net\/wordpress\/wp-json\/wp\/v2\/media?parent=115281"}],"wp:term":[{"taxonomy":"category","embeddable":true,"href":"https:\/\/www.radiopiu.net\/wordpress\/wp-json\/wp\/v2\/categories?post=115281"},{"taxonomy":"post_tag","embeddable":true,"href":"https:\/\/www.radiopiu.net\/wordpress\/wp-json\/wp\/v2\/tags?post=115281"}],"curies":[{"name":"wp","href":"https:\/\/api.w.org\/{rel}","templated":true}]}}