{"id":115330,"date":"2020-01-30T17:53:45","date_gmt":"2020-01-30T16:53:45","guid":{"rendered":"https:\/\/www.radiopiu.net\/wordpress\/?p=115330"},"modified":"2020-01-31T06:20:43","modified_gmt":"2020-01-31T05:20:43","slug":"z","status":"publish","type":"post","link":"https:\/\/www.radiopiu.net\/wordpress\/z\/","title":{"rendered":"AUTONOMIA, AUDIZIONE ZAIA INTEGRALE"},"content":{"rendered":"<p>&nbsp;<\/p>\n<p>&nbsp;<\/p>\n<p><span style=\"color: #0000ff;\"><strong>IL NUOVO CANALE RADIO PIU INFORMAZIONE su TELEGRAM<\/strong><\/span><\/p>\n<p><strong>per ricevere sul tuo telefono le notizie dalla redazione di Radio Pi\u00f9. Gli aggiornamenti in tempo reale. <\/strong><span style=\"color: #0000ff;\">\u00a0<\/span><span style=\"color: #0000ff;\">RADIO PIU INFORMAZIONE\u00a0<a href=\"https:\/\/t.me\/radiopiu\"> https:\/\/t.me\/radiopiu<\/a><\/span><\/p>\n<p>&nbsp;<\/p>\n<hr \/>\n<h3><\/h3>\n<div class=\"_2cuy _3dgx _2vxa\"><strong><a class=\"dt-pswp-item\" href=\"https:\/\/www.radiopiu.net\/wordpress\/wp-content\/uploads\/2017\/10\/Referendum-Autonomia-Veneto-Veneto-Presidente-Zaia-mostra-ricevuta-votazione-22.10.2017.jpg\" data-dt-img-description=\"\" data-large_image_width=\"2016\" data-large_image_height=\"1512\"><img loading=\"lazy\" decoding=\"async\" class=\"size-medium wp-image-37538 alignleft\" src=\"https:\/\/www.radiopiu.net\/wordpress\/wp-content\/uploads\/2017\/10\/Referendum-Autonomia-Veneto-Veneto-Presidente-Zaia-mostra-ricevuta-votazione-22.10.2017-300x225.jpg\" alt=\"\" width=\"300\" height=\"225\" \/><\/a>ROMA<\/strong> Ieri \u00a0presso la Sala del Mappamondo di Palazzo Montecitorio, la Commissione parlamentare per le questioni regionali, in merito all&#8217;indagine conoscitiva sul processo di attuazione del regionalismo differenziato, ha svolto l&#8217;audizione del Presidente della Regione Veneto, Luca Zaia.<\/div>\n<div class=\"_2cuy _3dgx _2vxa\">CLICCA QUI<\/div>\n<div class=\"_2cuy _3dgx _2vxa\"><a href=\"https:\/\/webtv.camera.it\/evento\/15834?fbclid=IwAR1A4ExjhNfG5w-mAxj56Z3Mp0Nv3GxsOLOumswhIrlXEnXF1oap3CIOhq0\" target=\"_blank\" rel=\"noopener nofollow noreferrer\" data-lynx-mode=\"asynclazy\" data-lynx-uri=\"https:\/\/l.facebook.com\/l.php?u=https%3A%2F%2Fwebtv.camera.it%2Fevento%2F15834%3Ffbclid%3DIwAR1A4ExjhNfG5w-mAxj56Z3Mp0Nv3GxsOLOumswhIrlXEnXF1oap3CIOhq0&amp;h=AT0gS585hHevbL0-EGCiJcM6r7SIWyl32eizHZMPWBx1v4t3jKflopz86L21zx07jwwIhm1YrX-p6w9IBhnR0__B35rCdYS6xjbgUASbhzkHAjt40v2WINDvatYxjS4tFvIQhVpEn06zSAlT8tYQ\">https:\/\/webtv.camera.it\/evento\/15834<\/a><\/div>\n<p>&nbsp;<\/p>\n<p>&nbsp;<\/p>\n<h2>DARIO BOND. &#8220;AUTONOMIA COME IL LEGNO DI CIRMOLO, MODELLABILE FINO AD UN CERTO PUNTO&#8221;<\/h2>\n<p><strong>ROMA<\/strong><\/p>\n<blockquote><p><em> Forza Italia \u00e8 pronta alla mobilitazione e chiede una risposta immediata che rispetti la volont\u00e0 popolare e instauri quella competitivit\u00e0 proficua tra le regioni<\/em><\/p><\/blockquote>\n<audio class=\"wp-audio-shortcode\" id=\"audio-115330-1\" preload=\"none\" style=\"width: 100%;\" controls=\"controls\"><source type=\"audio\/mpeg\" src=\"https:\/\/www.radiopiu.net\/wordpress\/wp-content\/uploads\/2020\/01\/bodn-autonomia.mp3?_=1\" \/><a href=\"https:\/\/www.radiopiu.net\/wordpress\/wp-content\/uploads\/2020\/01\/bodn-autonomia.mp3\">https:\/\/www.radiopiu.net\/wordpress\/wp-content\/uploads\/2020\/01\/bodn-autonomia.mp3<\/a><\/audio>\n<p>&nbsp;<\/p>\n","protected":false},"excerpt":{"rendered":"<p>&nbsp; &nbsp; IL NUOVO CANALE RADIO PIU INFORMAZIONE su TELEGRAM per ricevere sul tuo telefono le notizie dalla redazione di Radio Pi\u00f9. Gli aggiornamenti in tempo reale. \u00a0RADIO PIU INFORMAZIONE\u00a0 https:\/\/t.me\/radiopiu &nbsp; ROMA Ieri \u00a0presso la Sala del Mappamondo di Palazzo Montecitorio, la Commissione parlamentare per le questioni regionali, in merito all&#8217;indagine conoscitiva sul processo&hellip;<\/p>\n","protected":false},"author":1,"featured_media":0,"comment_status":"closed","ping_status":"closed","sticky":false,"template":"","format":"standard","meta":{"_monsterinsights_skip_tracking":false,"_monsterinsights_sitenote_active":false,"_monsterinsights_sitenote_note":"","_monsterinsights_sitenote_category":0,"footnotes":""},"categories":[104,49],"tags":[],"class_list":["post-115330","post","type-post","status-publish","format-standard","hentry","category-evidenza_3","category-news-18","category-104","category-49","description-off"],"img_url":false,"_links":{"self":[{"href":"https:\/\/www.radiopiu.net\/wordpress\/wp-json\/wp\/v2\/posts\/115330","targetHints":{"allow":["GET"]}}],"collection":[{"href":"https:\/\/www.radiopiu.net\/wordpress\/wp-json\/wp\/v2\/posts"}],"about":[{"href":"https:\/\/www.radiopiu.net\/wordpress\/wp-json\/wp\/v2\/types\/post"}],"author":[{"embeddable":true,"href":"https:\/\/www.radiopiu.net\/wordpress\/wp-json\/wp\/v2\/users\/1"}],"replies":[{"embeddable":true,"href":"https:\/\/www.radiopiu.net\/wordpress\/wp-json\/wp\/v2\/comments?post=115330"}],"version-history":[{"count":0,"href":"https:\/\/www.radiopiu.net\/wordpress\/wp-json\/wp\/v2\/posts\/115330\/revisions"}],"wp:attachment":[{"href":"https:\/\/www.radiopiu.net\/wordpress\/wp-json\/wp\/v2\/media?parent=115330"}],"wp:term":[{"taxonomy":"category","embeddable":true,"href":"https:\/\/www.radiopiu.net\/wordpress\/wp-json\/wp\/v2\/categories?post=115330"},{"taxonomy":"post_tag","embeddable":true,"href":"https:\/\/www.radiopiu.net\/wordpress\/wp-json\/wp\/v2\/tags?post=115330"}],"curies":[{"name":"wp","href":"https:\/\/api.w.org\/{rel}","templated":true}]}}