{"id":115423,"date":"2020-02-01T05:45:37","date_gmt":"2020-02-01T04:45:37","guid":{"rendered":"https:\/\/www.radiopiu.net\/wordpress\/?p=115423"},"modified":"2020-02-01T09:46:55","modified_gmt":"2020-02-01T08:46:55","slug":"giornale-radiopiu-01-febbraio-2020-direttore-mirko-mezzacasa","status":"publish","type":"post","link":"https:\/\/www.radiopiu.net\/wordpress\/giornale-radiopiu-01-febbraio-2020-direttore-mirko-mezzacasa\/","title":{"rendered":"GIORNALE RADIOPIU 01 FEBBRAIO  2020 DIRETTORE MIRKO MEZZACASA"},"content":{"rendered":"<p>&nbsp;<\/p>\n<p>&nbsp;<\/p>\n<hr \/>\n<p>&nbsp;<\/p>\n<p><span style=\"color: #0000ff;\"><strong>IL NUOVO CANALE RADIO PIU INFORMAZIONE su TELEGRAM<\/strong><\/span><\/p>\n<p><strong>per ricevere sul tuo telefono le notizie dalla redazione di Radio Pi\u00f9. Gli aggiornamenti in tempo reale. <\/strong><span style=\"color: #0000ff;\">\u00a0<\/span><span style=\"color: #0000ff;\">RADIO PIU INFORMAZIONE\u00a0<a href=\"https:\/\/t.me\/radiopiu\"> https:\/\/t.me\/radiopiu<\/a><\/span><\/p>\n<p>&nbsp;<\/p>\n<hr \/>\n<p>&nbsp;<\/p>\n<p>&nbsp;<\/p>\n<h3><strong>REGIONALE 203 AGORDINA, LOCALITA&#8217; LA MUDA<\/strong><\/h3>\n<p><strong><a class=\"dt-pswp-item\" href=\"https:\/\/www.radiopiu.net\/wordpress\/wp-content\/uploads\/2020\/01\/74394d8e-285f-467b-99d8-559747623ea4.jpg\" data-dt-img-description=\"\" data-large_image_width=\"1599\" data-large_image_height=\"1200\"><img loading=\"lazy\" decoding=\"async\" class=\" wp-image-115314 alignleft\" src=\"https:\/\/www.radiopiu.net\/wordpress\/wp-content\/uploads\/2020\/01\/74394d8e-285f-467b-99d8-559747623ea4-300x225.jpg\" alt=\"\" width=\"212\" height=\"159\" srcset=\"https:\/\/www.radiopiu.net\/wordpress\/wp-content\/uploads\/2020\/01\/74394d8e-285f-467b-99d8-559747623ea4-300x225.jpg 300w, https:\/\/www.radiopiu.net\/wordpress\/wp-content\/uploads\/2020\/01\/74394d8e-285f-467b-99d8-559747623ea4-1024x768.jpg 1024w, https:\/\/www.radiopiu.net\/wordpress\/wp-content\/uploads\/2020\/01\/74394d8e-285f-467b-99d8-559747623ea4-768x576.jpg 768w, https:\/\/www.radiopiu.net\/wordpress\/wp-content\/uploads\/2020\/01\/74394d8e-285f-467b-99d8-559747623ea4-1536x1153.jpg 1536w, https:\/\/www.radiopiu.net\/wordpress\/wp-content\/uploads\/2020\/01\/74394d8e-285f-467b-99d8-559747623ea4.jpg 1599w\" sizes=\"auto, (max-width: 212px) 100vw, 212px\" \/><\/a>LA VALLE <span style=\"color: #ff0000;\">DA LUNEDI<\/span> <\/strong>traffico deviato su viabilit\u00e0 provvisoria appositamente predisposta con limitazione della velocit\u00e0 a 30 chilometri orari e divieto di sorpasso.<\/p>\n<p>&nbsp;<\/p>\n<p><strong>PONTE NELLE ALPI <\/strong><em>Dal 3 febbraio e fino al 27 marzo, il traffico della statale 50, all&#8217;altezza dell&#8217;innesto con via dei Zattieri (che verr\u00e0 chiusa), sar\u00e0 deviato nel tratto di nuova rotatoria realizzata all&#8217;interno dell&#8217;area ex Comedil.<\/em><\/p>\n<p><strong>CORTINA<\/strong> 48 Regionale delle Dolomiti.(direzione Passo 3 Croci) interrotta all&#8217;altezza di via Cantore a Cortina per l&#8217; arrivo della GranFondo Dobbiaco Cortina.OGGI E DOMANI traffico leggero deviato su percorsi interni al paese<\/p>\n<p>&nbsp;<\/p>\n<hr \/>\n<h3><\/h3>\n<h3>IL VIDEO DEL GIORNO<\/h3>\n<blockquote>\n<h5 data-ft=\"{&quot;tn&quot;:&quot;C&quot;}\">COLLABORAZIONE, ENZO LOMBARDI, DIRETTA RADIO DALLA NORVEGIA<\/h5>\n<audio class=\"wp-audio-shortcode\" id=\"audio-115423-1\" preload=\"none\" style=\"width: 100%;\" controls=\"controls\"><source type=\"audio\/mpeg\" src=\"https:\/\/www.radiopiu.net\/wordpress\/wp-content\/uploads\/2020\/02\/ENZO.mp3?_=1\" \/><a href=\"https:\/\/www.radiopiu.net\/wordpress\/wp-content\/uploads\/2020\/02\/ENZO.mp3\">https:\/\/www.radiopiu.net\/wordpress\/wp-content\/uploads\/2020\/02\/ENZO.mp3<\/a><\/audio><\/blockquote>\n<blockquote>\n<h5 id=\"u_fetchstream_5_1w\" class=\"_7tae _14f3 _14f5 _5pbw _5vra\" data-ft=\"{&quot;tn&quot;:&quot;C&quot;}\"><em><span class=\"fwn fcg\"><span class=\"fcg\">\u00a0<\/span><\/span><\/em><\/h5>\n<h5 class=\"_7tae _14f3 _14f5 _5pbw _5vra\" data-ft=\"{&quot;tn&quot;:&quot;C&quot;}\"><em><span class=\"fwn fcg\"><span class=\"fcg\">a <a id=\"js_2bm\" class=\"profileLink\" href=\"https:\/\/www.facebook.com\/events\/577846476075957\/?acontext=%7B%22source%22%3A22%2C%22action_history%22%3A%22%5B%7B%5C%22surface%5C%22%3A%5C%22timeline%5C%22%2C%5C%22mechanism%5C%22%3A%5C%22surface%5C%22%2C%5C%22extra_data%5C%22%3A%5B%5D%7D%5D%22%2C%22has_source%22%3Atrue%7D&amp;source=22&amp;action_history=%5B%7B%22surface%22%3A%22timeline%22%2C%22mechanism%22%3A%22surface%22%2C%22extra_data%22%3A%5B%5D%7D%5D&amp;has_source=1&amp;__tn__=C-R&amp;eid=ARBDiOJTm2P7uodE4TbXphF1LAK0JsB5mbn7y92v3GIf-sNSF3-21f6yFlkS8Sr-I3oQLCxHwan47thq&amp;hc_ref=ARQgETfT4DJzc8SX8L9o-HynMGQIcKhheBnLiMvHHzFSvJkyda2iWiqMUfJHHDbp-gM&amp;ref=nf_target&amp;__xts__%5B0%5D=68.ARCfagqUx23O1V3JzsnYwLSc1J1SabmILQrWYa2aQ9yf92gp2B99c2vubdNAoqhbZ0JkNL9Cs2pByLUuNIafII-8oS99FJe1z9gbYaDFAAmRe1bGdGz3vYlSAoL7W71OGYeIVIZ69NNoOcCo201b_8D3tVPbsr2_2s2Urz1AJIDJiYO3O46Rngu9bNrO0q8IWPQEb66THH-BytXPhdEwQ9XWi-YNDXR01VVOl4Sk5izT_0TPj2p3KEeZyvaAiq-0QVCRh0ZCK6Psv1HrtS9KbGNO5zJsQn31j2Hy\" data-hovercard=\"\/ajax\/hovercard\/event.php?id=577846476075957&amp;extragetparams=%7B%22source%22%3A22%2C%22action_history%22%3A%22%5B%7B%5C%22surface%5C%22%3A%5C%22timeline%5C%22%2C%5C%22mechanism%5C%22%3A%5C%22surface%5C%22%2C%5C%22extra_data%5C%22%3A%5B%5D%7D%5D%22%2C%22has_source%22%3Atrue%2C%22__tn__%22%3A%22%2CdC-R-R%22%2C%22eid%22%3A%22ARBDiOJTm2P7uodE4TbXphF1LAK0JsB5mbn7y92v3GIf-sNSF3-21f6yFlkS8Sr-I3oQLCxHwan47thq%22%2C%22hc_ref%22%3A%22ARQgETfT4DJzc8SX8L9o-HynMGQIcKhheBnLiMvHHzFSvJkyda2iWiqMUfJHHDbp-gM%22%2C%22ref%22%3A%22nf_target%22%7D\" data-hovercard-prefer-more-content-show=\"1\" data-hovercard-referer=\"ARQgETfT4DJzc8SX8L9o-HynMGQIcKhheBnLiMvHHzFSvJkyda2iWiqMUfJHHDbp-gM\" aria-describedby=\"u_3p_1\" aria-owns=\"\">Femundl\u00f8pet &#8211; The Femund Race 2020. En magisk opplevelse<\/a>\u00a0con\u00a0<a class=\"profileLink\" title=\"Anselmo Cagnati\" href=\"https:\/\/www.facebook.com\/anselmo.cagnati?__tn__=lC-R&amp;eid=ARCGJt9-FuzjaX7eC_993XaxHG9LGB6w4VxZn9yoDet65LI9BBa8XNPUqT0MH1Zl_IbcgOU5Kc_FNaWw&amp;hc_ref=ARQgETfT4DJzc8SX8L9o-HynMGQIcKhheBnLiMvHHzFSvJkyda2iWiqMUfJHHDbp-gM&amp;ref=nf_target&amp;__xts__%5B0%5D=68.ARCfagqUx23O1V3JzsnYwLSc1J1SabmILQrWYa2aQ9yf92gp2B99c2vubdNAoqhbZ0JkNL9Cs2pByLUuNIafII-8oS99FJe1z9gbYaDFAAmRe1bGdGz3vYlSAoL7W71OGYeIVIZ69NNoOcCo201b_8D3tVPbsr2_2s2Urz1AJIDJiYO3O46Rngu9bNrO0q8IWPQEb66THH-BytXPhdEwQ9XWi-YNDXR01VVOl4Sk5izT_0TPj2p3KEeZyvaAiq-0QVCRh0ZCK6Psv1HrtS9KbGNO5zJsQn31j2Hy\" data-ft=\"{&quot;tn&quot;:&quot;l&quot;}\" data-hovercard=\"\/ajax\/hovercard\/user.php?id=100001790987063&amp;extragetparams=%7B%22__tn__%22%3A%22%2CdlC-R-R%22%2C%22eid%22%3A%22ARCGJt9-FuzjaX7eC_993XaxHG9LGB6w4VxZn9yoDet65LI9BBa8XNPUqT0MH1Zl_IbcgOU5Kc_FNaWw%22%2C%22hc_ref%22%3A%22ARQgETfT4DJzc8SX8L9o-HynMGQIcKhheBnLiMvHHzFSvJkyda2iWiqMUfJHHDbp-gM%22%2C%22ref%22%3A%22nf_target%22%7D\" data-hovercard-prefer-more-content-show=\"1\" data-hovercard-referer=\"ARQgETfT4DJzc8SX8L9o-HynMGQIcKhheBnLiMvHHzFSvJkyda2iWiqMUfJHHDbp-gM\">Anselmo Cagnati<\/a>\u00a0e\u00a0<a class=\"profileLink\" title=\"Luca Fontana\" href=\"https:\/\/www.facebook.com\/lucafonta?__tn__=lC-R&amp;eid=ARCfUZwH5jNjGJe-oZ6RgIqFVQcOoxMy6THzdwMWvd3-9AwcTPQU265a8eR5rrF1jokznFxAHR30chCE&amp;hc_ref=ARQgETfT4DJzc8SX8L9o-HynMGQIcKhheBnLiMvHHzFSvJkyda2iWiqMUfJHHDbp-gM&amp;ref=nf_target&amp;__xts__%5B0%5D=68.ARCfagqUx23O1V3JzsnYwLSc1J1SabmILQrWYa2aQ9yf92gp2B99c2vubdNAoqhbZ0JkNL9Cs2pByLUuNIafII-8oS99FJe1z9gbYaDFAAmRe1bGdGz3vYlSAoL7W71OGYeIVIZ69NNoOcCo201b_8D3tVPbsr2_2s2Urz1AJIDJiYO3O46Rngu9bNrO0q8IWPQEb66THH-BytXPhdEwQ9XWi-YNDXR01VVOl4Sk5izT_0TPj2p3KEeZyvaAiq-0QVCRh0ZCK6Psv1HrtS9KbGNO5zJsQn31j2Hy\" data-ft=\"{&quot;tn&quot;:&quot;l&quot;}\" data-hovercard=\"\/ajax\/hovercard\/user.php?id=1545635419&amp;extragetparams=%7B%22__tn__%22%3A%22%2CdlC-R-R%22%2C%22eid%22%3A%22ARCfUZwH5jNjGJe-oZ6RgIqFVQcOoxMy6THzdwMWvd3-9AwcTPQU265a8eR5rrF1jokznFxAHR30chCE%22%2C%22hc_ref%22%3A%22ARQgETfT4DJzc8SX8L9o-HynMGQIcKhheBnLiMvHHzFSvJkyda2iWiqMUfJHHDbp-gM%22%2C%22ref%22%3A%22nf_target%22%7D\" data-hovercard-prefer-more-content-show=\"1\" data-hovercard-referer=\"ARQgETfT4DJzc8SX8L9o-HynMGQIcKhheBnLiMvHHzFSvJkyda2iWiqMUfJHHDbp-gM\">Luca Fontana<\/a>\u00a0presso\u00a0<a class=\"profileLink\" href=\"https:\/\/www.facebook.com\/Femundlopet\/?__tn__=kC-R&amp;eid=ARDOLbGPOeklNmm7IVW3jySCzqgL3PbMkxWmnCMf3yNPM8JaNvN9SqDuExEvvUhGlJPCneStCgESYKgu&amp;hc_ref=ARQgETfT4DJzc8SX8L9o-HynMGQIcKhheBnLiMvHHzFSvJkyda2iWiqMUfJHHDbp-gM&amp;ref=nf_target&amp;fref=tag&amp;__xts__%5B0%5D=68.ARCfagqUx23O1V3JzsnYwLSc1J1SabmILQrWYa2aQ9yf92gp2B99c2vubdNAoqhbZ0JkNL9Cs2pByLUuNIafII-8oS99FJe1z9gbYaDFAAmRe1bGdGz3vYlSAoL7W71OGYeIVIZ69NNoOcCo201b_8D3tVPbsr2_2s2Urz1AJIDJiYO3O46Rngu9bNrO0q8IWPQEb66THH-BytXPhdEwQ9XWi-YNDXR01VVOl4Sk5izT_0TPj2p3KEeZyvaAiq-0QVCRh0ZCK6Psv1HrtS9KbGNO5zJsQn31j2Hy\" data-ft=\"{&quot;tn&quot;:&quot;k&quot;}\" data-hovercard=\"\/ajax\/hovercard\/page.php?id=161345647266339&amp;extragetparams=%7B%22__tn__%22%3A%22%2CdkC-R-R%22%2C%22eid%22%3A%22ARDOLbGPOeklNmm7IVW3jySCzqgL3PbMkxWmnCMf3yNPM8JaNvN9SqDuExEvvUhGlJPCneStCgESYKgu%22%2C%22hc_ref%22%3A%22ARQgETfT4DJzc8SX8L9o-HynMGQIcKhheBnLiMvHHzFSvJkyda2iWiqMUfJHHDbp-gM%22%2C%22ref%22%3A%22nf_target%22%2C%22fref%22%3A%22tag%22%7D\" data-hovercard-prefer-more-content-show=\"1\" data-hovercard-referer=\"ARQgETfT4DJzc8SX8L9o-HynMGQIcKhheBnLiMvHHzFSvJkyda2iWiqMUfJHHDbp-gM\">Femundl\u00f8pet<\/a>.<\/span><\/span><\/em><\/h5>\n<\/blockquote>\n<blockquote><p><strong><a class=\"dt-pswp-item\" href=\"https:\/\/www.radiopiu.net\/wordpress\/wp-content\/uploads\/2020\/02\/WhatsApp-Image-2020-02-01-at-06.37.22.jpeg\" data-dt-img-description=\"\" data-large_image_width=\"1600\" data-large_image_height=\"900\"><img loading=\"lazy\" decoding=\"async\" class=\"size-medium wp-image-115550 alignleft\" src=\"https:\/\/www.radiopiu.net\/wordpress\/wp-content\/uploads\/2020\/02\/WhatsApp-Image-2020-02-01-at-06.37.22-300x169.jpeg\" alt=\"\" width=\"300\" height=\"169\" srcset=\"https:\/\/www.radiopiu.net\/wordpress\/wp-content\/uploads\/2020\/02\/WhatsApp-Image-2020-02-01-at-06.37.22-300x169.jpeg 300w, https:\/\/www.radiopiu.net\/wordpress\/wp-content\/uploads\/2020\/02\/WhatsApp-Image-2020-02-01-at-06.37.22-1024x576.jpeg 1024w, https:\/\/www.radiopiu.net\/wordpress\/wp-content\/uploads\/2020\/02\/WhatsApp-Image-2020-02-01-at-06.37.22-768x432.jpeg 768w, https:\/\/www.radiopiu.net\/wordpress\/wp-content\/uploads\/2020\/02\/WhatsApp-Image-2020-02-01-at-06.37.22-1536x864.jpeg 1536w, https:\/\/www.radiopiu.net\/wordpress\/wp-content\/uploads\/2020\/02\/WhatsApp-Image-2020-02-01-at-06.37.22.jpeg 1600w\" sizes=\"auto, (max-width: 300px) 100vw, 300px\" \/><\/a>Partitcori 160 equipaggi , presenti circa 1500 cani, solo due italiani partecipanti. La gara ha tre categorie 200, 450 e 650 Km . E \u2018 la gara di Sleddog pi\u00f9 partecipata al mondo . Presenti media da tutta Europa.<\/strong><\/p>\n<p>Rieccolo il &#8220;nostro&#8221; Anselmo Cagnati dalla Valle del Biois alle competizioni con i suoi amici cani.\u00a0 Partenza da Roros. Direzione Tufsingdalen, 64 km di percorso con bufera di neve e gps non funzionanti. Non deve essere stato semplice districarsi in questa situazione ma i cani sanno sempre cosa fare e riescono a portarti a destinazione. Loro hanno il gps incorporato&#8230; probabilmente anche Anselmo.<\/p>\n<p>Anselmo Cagnati corre per la categoria F200 con il numero 229<span class=\"_5mfr\"><span class=\"_6qdm\">&#x1f1ee;&#x1f1f9; <\/span><\/span><span class=\"text_exposed_show\">\u00a0Luca Fontana con il 232\u00a0<span class=\"_5mfr\"><span class=\"_6qdm\">&#x1f1ee;&#x1f1f9;\u00a0<\/span><\/span><\/span><\/p>\n<p>https:\/\/www.facebook.com\/tulliola.romanogargarella\/videos\/2862309947190865\/<\/p>\n<p>R\u00f8ros \u00e8 un comune norvegese della contea di S\u00f8r-Tr\u00f8ndelag, situata all&#8217;interno della regione centrale del Gauldalen. Le origini della citt\u00e0 risalgono all&#8217;anno 1530 quando fu costruita sul terreno della fattoria R\u00f8raas, dalla quale ha ripreso il nome Dal 1980 la citt\u00e0 \u00e8 stata inserita tra i patrimoni dell&#8217;umanit\u00e0 dell&#8217;UNESCO<\/p>\n<p>PER SEGUIRE PAGINA FACEBOOK <a href=\"https:\/\/www.facebook.com\/tulliola.romanogargarella\">CLICCA QUI<\/a><\/p>\n<p><strong>Arrivo di Anselmo al primo checkpoint questa notte<\/strong><\/p>\n<div style=\"width: 848px;\" class=\"wp-video\"><video class=\"wp-video-shortcode\" id=\"video-115423-1\" width=\"848\" height=\"480\" preload=\"metadata\" controls=\"controls\"><source type=\"video\/mp4\" src=\"https:\/\/www.radiopiu.net\/wordpress\/wp-content\/uploads\/2020\/02\/WhatsApp-Video-2020-02-01-at-06.30.12.mp4?_=1\" \/><a href=\"https:\/\/www.radiopiu.net\/wordpress\/wp-content\/uploads\/2020\/02\/WhatsApp-Video-2020-02-01-at-06.30.12.mp4\">https:\/\/www.radiopiu.net\/wordpress\/wp-content\/uploads\/2020\/02\/WhatsApp-Video-2020-02-01-at-06.30.12.mp4<\/a><\/video><\/div>\n<p>&nbsp;<\/p>\n<h5 id=\"u_fetchstream_5_1w\" class=\"_7tae _14f3 _14f5 _5pbw _5vra\" data-ft=\"{&quot;tn&quot;:&quot;C&quot;}\"><em><span class=\"fwn fcg\"><span class=\"fcg\">\u00a0<\/span><\/span><\/em><\/h5>\n<\/blockquote>\n<hr \/>\n<p>&nbsp;<\/p>\n<h2><span style=\"color: #ff0000;\">QUESTA NOTTE<\/span><\/h2>\n<h2>BLOCCATI SULLA FERRATA, LI RECUPERA IL SOCCORSO ALPINO<\/h2>\n<p><a class=\"dt-pswp-item\" href=\"https:\/\/www.radiopiu.net\/wordpress\/wp-content\/uploads\/2020\/02\/IMG-20200131-WA0008.jpg\" data-dt-img-description=\"\" data-large_image_width=\"1200\" data-large_image_height=\"1600\"><img loading=\"lazy\" decoding=\"async\" class=\"size-medium wp-image-115530 alignleft\" src=\"https:\/\/www.radiopiu.net\/wordpress\/wp-content\/uploads\/2020\/02\/IMG-20200131-WA0008-225x300.jpg\" alt=\"\" width=\"225\" height=\"300\" srcset=\"https:\/\/www.radiopiu.net\/wordpress\/wp-content\/uploads\/2020\/02\/IMG-20200131-WA0008-225x300.jpg 225w, https:\/\/www.radiopiu.net\/wordpress\/wp-content\/uploads\/2020\/02\/IMG-20200131-WA0008-768x1024.jpg 768w, https:\/\/www.radiopiu.net\/wordpress\/wp-content\/uploads\/2020\/02\/IMG-20200131-WA0008-1152x1536.jpg 1152w, https:\/\/www.radiopiu.net\/wordpress\/wp-content\/uploads\/2020\/02\/IMG-20200131-WA0008.jpg 1200w\" sizes=\"auto, (max-width: 225px) 100vw, 225px\" \/><\/a><strong>CORTINA<\/strong> Sono \u00a0partiti ieri mattina alle 9, tre escursionisti trentenni australiani, due ragazzi e una ragazza e si sono avventurati sulla ferrata Sci Club 18 sul Faloria, malgrado i cavi nascosti dalla neve, e a tre quarti del percorso, ormai sfiniti dalla fatica, sono rimasti bloccati, nell&#8217;impossibilit\u00e0 di proseguire o tornare indietro, a 200 metri dall&#8217;uscita. Poco prima delle 18 \u00e8 scattato l&#8217;allarme e una quindicina di soccorritori del Soccorso alpino di Cortina, del Sagf e dei Carabinieri \u00e8 partita per recuperarli. Le squadre si sono avvicinate in motoslitta fino al Rifugio Faloria, per poi proseguire a piedi e affrontare la ferrata dalla fine. Difficile l&#8217;intervento portato avanti dall&#8217;alto, per il buio e la parete di roccia ricoperta di neve e ghiaccio. I soccorritori hanno dovuto mettere in sicurezza tutta la calata attrezzando con numerose corde il tratto per raggiungere i tre. Uno alla volta gli escursionisti sono stati sollevati, portati fuori dal percorso attrezzato e accompagnati al Rifugio, per poi essere trasportati a Rio Gere. L&#8217;intervento si \u00e8 concluso passate le 22.30.<\/p>\n<p>&nbsp;<\/p>\n<hr \/>\n<p>&nbsp;<\/p>\n<p>&nbsp;<\/p>\n<h3>GRAVE INCIDENTE A MASARE&#8217; DI ALLEGHE, INVESTITA UNA DONNA<\/h3>\n<p><strong><a class=\"dt-pswp-item\" href=\"https:\/\/www.radiopiu.net\/wordpress\/wp-content\/uploads\/2020\/01\/87421583-fc6d-461c-b8b0-8f4589c878e1.jpg\" data-dt-img-description=\"\" data-large_image_width=\"720\" data-large_image_height=\"1440\"><img loading=\"lazy\" decoding=\"async\" class=\"size-medium wp-image-115470 alignleft\" src=\"https:\/\/www.radiopiu.net\/wordpress\/wp-content\/uploads\/2020\/01\/87421583-fc6d-461c-b8b0-8f4589c878e1-150x300.jpg\" alt=\"\" width=\"150\" height=\"300\" srcset=\"https:\/\/www.radiopiu.net\/wordpress\/wp-content\/uploads\/2020\/01\/87421583-fc6d-461c-b8b0-8f4589c878e1-150x300.jpg 150w, https:\/\/www.radiopiu.net\/wordpress\/wp-content\/uploads\/2020\/01\/87421583-fc6d-461c-b8b0-8f4589c878e1-512x1024.jpg 512w, https:\/\/www.radiopiu.net\/wordpress\/wp-content\/uploads\/2020\/01\/87421583-fc6d-461c-b8b0-8f4589c878e1.jpg 720w\" sizes=\"auto, (max-width: 150px) 100vw, 150px\" \/><\/a>ALLEGHE<\/strong> Investimento lungo la strada\u00a0 regionale 203 agordina alle porte di Alleghe ieri alle 14.30. A Masar\u00e8 di Alleghe, difronte agli Hotel Adriana e Barance \u00e8 stata investita una donna di 82 anni,\u00a0 Maria Rosa Gobber in Orsingher,\u00a0 originaria del Primiero (Canal San Bovo) ma da sempre residente in zona dove \u00e8 molto conosciuta per aver gestito per anni con il marito il negozio di Alimentari che da direttamente sulla regionale 203 agordina,\u00a0 oggi diretto dal figlio Stefano. L&#8217;investimento,\u00a0 a pochi metri dall&#8217;abitazione della donna,\u00a0 non sulle strisce pedonali, ma in prossimit\u00e0 del passaggio zebrato. Ad investirla un\u00a0 sessantenne di Agordo Z.G. a bordo di una Peogueot che da Alleghe stava dirigendo verso Cencenighe e forse non ha visto la donna anche perch\u00e9 abbagliato dal sole del primo pomeriggio.<\/p>\n<p>La donna \u00e8 stata portata in ospedale a Treviso in gravissime condizioni per un serio trauma cranico. Sul posto le ambulanze della zona e l&#8217;elicottero del Suem che era gi\u00e0 in sorvolo per soccorrere uno sciatore che cadendo si era procurato un trauma alla spalla. Il personale sanitario sbarcato a Masar\u00e8 ha soccorso la donna elitrasportandola al C\u00e0 Foncello di Treviso e avviato lo sciatore traumatizzato verso l&#8217;ospedale di Agordo in ambulanza. Sul posto i Carabinieri di Caprile per i rilievi di legge e per regolare il traffico, si \u00e8 formata una lunga colonna d&#8217;auto in entrambi i sensi di marcia.<\/p>\n<p><strong>La nostra redazione \u00e8 vicina a Stefano Orsingher che dall&#8217;ospedale C\u00e0 Foncello di Treviso ci ha purtroppo raccontato di una situazione molto critica. <em>&#8220;La mamma trasportata in elicottero non ha mai ripreso conoscenza, dopo gli interventi chirurgi dalla sala operatoria \u00e8 stata trasferita in terapia intensiva&#8221;.<\/em><\/strong><\/p>\n<p><a class=\"dt-pswp-item\" href=\"https:\/\/www.radiopiu.net\/wordpress\/wp-content\/uploads\/2020\/01\/016790fa-1689-4215-8660-940cc5435b2f.jpg\" data-dt-img-description=\"\" data-large_image_width=\"1600\" data-large_image_height=\"900\"><img loading=\"lazy\" decoding=\"async\" class=\"alignnone wp-image-115491\" src=\"https:\/\/www.radiopiu.net\/wordpress\/wp-content\/uploads\/2020\/01\/016790fa-1689-4215-8660-940cc5435b2f-300x169.jpg\" alt=\"\" width=\"392\" height=\"221\" srcset=\"https:\/\/www.radiopiu.net\/wordpress\/wp-content\/uploads\/2020\/01\/016790fa-1689-4215-8660-940cc5435b2f-300x169.jpg 300w, https:\/\/www.radiopiu.net\/wordpress\/wp-content\/uploads\/2020\/01\/016790fa-1689-4215-8660-940cc5435b2f-1024x576.jpg 1024w, https:\/\/www.radiopiu.net\/wordpress\/wp-content\/uploads\/2020\/01\/016790fa-1689-4215-8660-940cc5435b2f-768x432.jpg 768w, https:\/\/www.radiopiu.net\/wordpress\/wp-content\/uploads\/2020\/01\/016790fa-1689-4215-8660-940cc5435b2f-1536x864.jpg 1536w, https:\/\/www.radiopiu.net\/wordpress\/wp-content\/uploads\/2020\/01\/016790fa-1689-4215-8660-940cc5435b2f.jpg 1600w\" sizes=\"auto, (max-width: 392px) 100vw, 392px\" \/><\/a><a class=\"dt-pswp-item\" href=\"https:\/\/www.radiopiu.net\/wordpress\/wp-content\/uploads\/2020\/01\/35c89cf2-2197-41ce-a275-8312229cd9ed.jpg\" data-dt-img-description=\"\" data-large_image_width=\"900\" data-large_image_height=\"1600\"><img loading=\"lazy\" decoding=\"async\" class=\"alignnone wp-image-115492\" src=\"https:\/\/www.radiopiu.net\/wordpress\/wp-content\/uploads\/2020\/01\/35c89cf2-2197-41ce-a275-8312229cd9ed-169x300.jpg\" alt=\"\" width=\"123\" height=\"219\" srcset=\"https:\/\/www.radiopiu.net\/wordpress\/wp-content\/uploads\/2020\/01\/35c89cf2-2197-41ce-a275-8312229cd9ed-169x300.jpg 169w, https:\/\/www.radiopiu.net\/wordpress\/wp-content\/uploads\/2020\/01\/35c89cf2-2197-41ce-a275-8312229cd9ed-576x1024.jpg 576w, https:\/\/www.radiopiu.net\/wordpress\/wp-content\/uploads\/2020\/01\/35c89cf2-2197-41ce-a275-8312229cd9ed-768x1365.jpg 768w, https:\/\/www.radiopiu.net\/wordpress\/wp-content\/uploads\/2020\/01\/35c89cf2-2197-41ce-a275-8312229cd9ed-864x1536.jpg 864w, https:\/\/www.radiopiu.net\/wordpress\/wp-content\/uploads\/2020\/01\/35c89cf2-2197-41ce-a275-8312229cd9ed.jpg 900w\" sizes=\"auto, (max-width: 123px) 100vw, 123px\" \/><\/a><\/p>\n<p>&nbsp;<\/p>\n<p>&nbsp;<\/p>\n<p>&nbsp;<\/p>\n<hr \/>\n<p>&nbsp;<\/p>\n<h3>ANCORA NULLA DI CHIARO SULLA MORTE DI LISA<\/h3>\n<p><strong><a class=\"dt-pswp-item\" href=\"https:\/\/www.radiopiu.net\/wordpress\/wp-content\/uploads\/2020\/01\/69550841_376682259945471_5458964224183107584_n.jpg\" data-dt-img-description=\"\" data-large_image_width=\"959\" data-large_image_height=\"960\"><img loading=\"lazy\" decoding=\"async\" class=\" wp-image-115191 alignleft\" src=\"https:\/\/www.radiopiu.net\/wordpress\/wp-content\/uploads\/2020\/01\/69550841_376682259945471_5458964224183107584_n-300x300.jpg\" alt=\"\" width=\"212\" height=\"212\" srcset=\"https:\/\/www.radiopiu.net\/wordpress\/wp-content\/uploads\/2020\/01\/69550841_376682259945471_5458964224183107584_n-300x300.jpg 300w, https:\/\/www.radiopiu.net\/wordpress\/wp-content\/uploads\/2020\/01\/69550841_376682259945471_5458964224183107584_n-150x150.jpg 150w, https:\/\/www.radiopiu.net\/wordpress\/wp-content\/uploads\/2020\/01\/69550841_376682259945471_5458964224183107584_n-768x769.jpg 768w, https:\/\/www.radiopiu.net\/wordpress\/wp-content\/uploads\/2020\/01\/69550841_376682259945471_5458964224183107584_n.jpg 959w\" sizes=\"auto, (max-width: 212px) 100vw, 212px\" \/><\/a>ALPAGO<\/strong> Ieri l&#8217;autopsia sul corpo della giovane Lisa Collazuol, \u00a0ci vorranno almeno tre mesi per conoscere le cause della morte.\u00a0 Il medico legale, incaricato dalla procura, Antonello Cirnelli di Portogruaro\u00a0 ha svolto gli accertamenti. Lisa, rugbysta di Alpago, sportiva, sana aveva subito solo 7 giorni prima un&#8217;appendicectomia. La Procura si \u00e8 mossa\u00a0 dopo il decesso, delegando le indagini alla polizia di Stato, il pm Katjuscia D&#8217;Orlando ha aperto un fascicolo contro ignoti per omicidio colposo e, anche dopo l&#8217;autopsia di ieri, non ci sono indagati.<\/p>\n<blockquote><p>Per il giorno del funerale l&#8217;intero Alpago sar\u00e0 in lutto. Il sindaco Umberto Soccal ha deciso di proclamare una giornata di lutto. Per tutto il fine settimana il Rugby Alpago, con cui per anni ha giocato Lisa e poi allenato gli under 8, ha sospeso ogni partita.<\/p><\/blockquote>\n<p>&nbsp;<\/p>\n<hr \/>\n<blockquote>\n<h3><\/h3>\n<h3>QUINDICENNE FINISCE IN OSPEDALE IN STATO PRE COMATOSO, DENUNCIATO TITOLARE E ADDETTI AL BANCO DEL BAR<\/h3>\n<\/blockquote>\n<p><strong><img loading=\"lazy\" decoding=\"async\" class=\"alignleft\" src=\"https:\/\/www.radiopiu.net\/wordpress\/wp-content\/uploads\/2018\/03\/CARA-4.jpg\" width=\"112\" height=\"84\" \/>FELTRE<\/strong> Il titolare e due addetti al banco di un Bar della Sinistra Piave (Borgo Valbelluna) sono stati denunciati dai Carabinieri di Feltre per somministrazione di alcolici ad un minore. I tre, alternativamente, nella serata tra il 24 e 25 dicembre 2019, avrebbero versato ad un quindicenne feltrino delle bevande alcoliche in quantit\u00e0 tali da causarne il ricovero presso l&#8217;ospedale di Feltre per &#8220;stato precomatoso da esotossicosi alcoolica&#8221; con giorni due di prognosi.<\/p>\n<p>&nbsp;<\/p>\n<p>&nbsp;<\/p>\n<hr \/>\n<h2><\/h2>\n<blockquote>\n<h3>ARRESTATO OLTRE I CONFINI DELLA COMUNITA&#8217; DOVE STAVA SCONTANDO LA PENA<\/h3>\n<\/blockquote>\n<div dir=\"auto\"><strong><a class=\"dt-pswp-item\" href=\"https:\/\/www.radiopiu.net\/wordpress\/wp-content\/uploads\/2016\/05\/carabinieri-6-2.jpg\" data-dt-img-description=\"\" data-large_image_width=\"1000\" data-large_image_height=\"681\"><img loading=\"lazy\" decoding=\"async\" class=\"wp-image-19346 alignleft\" src=\"https:\/\/www.radiopiu.net\/wordpress\/wp-content\/uploads\/2016\/05\/carabinieri-6-2-300x204.jpg\" alt=\"\" width=\"128\" height=\"87\" \/><\/a>FELTRE<\/strong> Non rispetta le prescrizioni, si allontana dalla Comunit\u00e0 Dumia\u00a0 dove stava scontando una pena per precedenti reati e i Carabinieri di Feltre lo hanno fermato e tradotto in carcere a Baldenich. Finisce cos\u00ec di nuovo nei guai Cristian Silviu Masin 29 anni, residente in provincia di Padova.<\/div>\n<blockquote>\n<div dir=\"auto\">L&#8217;uomo \u00e9 stato rintracciato presso la Stazione di Feltre in procinto di allontanarsi. Qui gli \u00e8 stato\u00a0 notificato il provvedimento di carcerazione emesso dall&#8217;ufficio sorveglianza di Padova avvisato dell&#8217;allontanamento.<\/div>\n<\/blockquote>\n<p>&nbsp;<\/p>\n<p>&nbsp;<\/p>\n<hr \/>\n<h3><\/h3>\n<h3>SCHIANTA IL SUZUKY CONTRO UN TIGLIO<\/h3>\n<p><strong>FELTRE<\/strong>\u00a0 Ha colpito sulla fiancata un furgone che proveniva in direzione opposta ed \u00e8 finito contro uno dei tigli della Culiada distruggendo il\u00a0 Suzuki. Brutta vicenda per\u00a0 un 76 enne di Feltre, trasportato in ambulanza al pronto soccorso dell&#8217;ospedale di Feltre, illeso il conducente 58 enne del furgone. Il 76 enne \u00e8 stato aiutato dai vigili del fuoco di Feltre a uscire dal veicolo, la cui porta si era incastrata. Il conducente \u00e8 rimasto sempre cosciente.<\/p>\n<p>&nbsp;<\/p>\n<hr \/>\n<p>&nbsp;<\/p>\n<blockquote class=\"wp-embedded-content\" data-secret=\"JlhzkLNdFs\"><p><a href=\"https:\/\/www.radiopiu.net\/wordpress\/corona-virus-luxottica-informa\/\">CORONA VIRUS, LUXOTTICA INFORMA<\/a><\/p><\/blockquote>\n<p><iframe loading=\"lazy\" title=\"&#8220;CORONA VIRUS, LUXOTTICA INFORMA&#8221; &#8212; Radio Pi\u00f9\" class=\"wp-embedded-content\" sandbox=\"allow-scripts\" security=\"restricted\" style=\"position: absolute; clip: rect(1px, 1px, 1px, 1px);\" src=\"https:\/\/www.radiopiu.net\/wordpress\/corona-virus-luxottica-informa\/embed\/#?secret=JlhzkLNdFs\" data-secret=\"JlhzkLNdFs\" width=\"600\" height=\"338\" frameborder=\"0\" marginwidth=\"0\" marginheight=\"0\" scrolling=\"no\"><\/iframe><\/p>\n<p>&nbsp;<\/p>\n<p>&nbsp;<\/p>\n<hr \/>\n<h3><\/h3>\n<p>&nbsp;<\/p>\n<h2>CESTINATA L&#8217;IPOTESI ROTONDA DI CENCENIGHE<\/h2>\n<p><strong><a class=\"dt-pswp-item\" href=\"https:\/\/www.radiopiu.net\/wordpress\/wp-content\/uploads\/2020\/01\/download-13.jpg\" data-dt-img-description=\"\" data-large_image_width=\"278\" data-large_image_height=\"181\"><img loading=\"lazy\" decoding=\"async\" class=\" wp-image-115522 alignleft\" src=\"https:\/\/www.radiopiu.net\/wordpress\/wp-content\/uploads\/2020\/01\/download-13.jpg\" alt=\"\" width=\"204\" height=\"133\" \/><\/a>CENCENIGHE <\/strong>Nessuna rotonda lungo la 203 per smaltire i flussi di traffico per la Valle del Biois e la Val Cordevole. Tre anni fa l&#8217;amministrazione di William Fa\u00e8 aveva chiesto e ottenuto un finanziamento dei fondi di confine, Mauro Soppelsa rispetta i concetti della campagna elettorale e dice no alla rotonda &#8220;Non \u00e8 la soluzione migliore&#8221;.<\/p>\n<p><strong>DI GIANNI SANTOMASO<\/strong><\/p>\n<audio class=\"wp-audio-shortcode\" id=\"audio-115423-2\" preload=\"none\" style=\"width: 100%;\" controls=\"controls\"><source type=\"audio\/mpeg\" src=\"https:\/\/www.radiopiu.net\/wordpress\/wp-content\/uploads\/2020\/01\/GIANNI-ROTONDA.mp3?_=2\" \/><a href=\"https:\/\/www.radiopiu.net\/wordpress\/wp-content\/uploads\/2020\/01\/GIANNI-ROTONDA.mp3\">https:\/\/www.radiopiu.net\/wordpress\/wp-content\/uploads\/2020\/01\/GIANNI-ROTONDA.mp3<\/a><\/audio>\n<p>&nbsp;<\/p>\n<p>&nbsp;<\/p>\n<hr \/>\n<p>&nbsp;<\/p>\n<p>&nbsp;<\/p>\n<h3 class=\"_2cuy _3dgx _2vxa\">IL TWEET DI FEDERICO D&#8217;INCA&#8217;<\/h3>\n<blockquote class=\"_2cuy _509u _2vxa\"><p><a class=\"dt-pswp-item\" href=\"https:\/\/www.radiopiu.net\/wordpress\/wp-content\/uploads\/2020\/01\/tweet.png\" data-dt-img-description=\"\" data-large_image_width=\"225\" data-large_image_height=\"225\"><img loading=\"lazy\" decoding=\"async\" class=\"wp-image-112664 alignleft\" src=\"https:\/\/www.radiopiu.net\/wordpress\/wp-content\/uploads\/2020\/01\/tweet.png\" alt=\"\" width=\"43\" height=\"43\" srcset=\"https:\/\/www.radiopiu.net\/wordpress\/wp-content\/uploads\/2020\/01\/tweet.png 225w, https:\/\/www.radiopiu.net\/wordpress\/wp-content\/uploads\/2020\/01\/tweet-150x150.png 150w\" sizes=\"auto, (max-width: 43px) 100vw, 43px\" \/><\/a><a href=\"https:\/\/l.facebook.com\/l.php?u=https%3A%2F%2Ftwitter.com%2Fhashtag%2FCoronavirus%3Fsrc%3Dhashtag_click%26fbclid%3DIwAR13HxJijU5iWeWe0TV3Uj-joweRqOgfCl5fTsAiiAbGuMnGJ2yk_HTuRDk&amp;h=AT1Ta9KPbZFsVZ_bVQ62wGcCIWuv-HoRG91xzI82HujtVOj4tl0w40FC2w87zzeHNcIcs1DoucO0mQW2ROhMi9LsUh0v_GbUiIXdmTUmZB3FU7Crzy7kubtMNW_EFuvx8hISP9VIubDhX83Sgr12\" target=\"_blank\" rel=\"noopener nofollow noreferrer\" data-lynx-mode=\"asynclazy\">#Coronavirus<\/a> &#8211; Il sistema sanitario italiano sta rispondendo in modo efficiente al problema. C&#8217;\u00e8 un livello di prevenzione alto e una risposta immediata nei casi sospetti. Chi specula diffondendo paura non pu\u00f2 che essere definito irresponsabile<\/p><\/blockquote>\n<div dir=\"auto\"><strong>BELLUNO<\/strong> Oggi dalle 10.15 il Ministro D&#8217;Inc\u00e0 incontrer\u00e0 gli studenti delle classi della 3^4^e5^ dell&#8217;Istituto Tecnico Segato di Belluno.\u00a0 L&#8217;incontro si terr\u00e0 nell&#8217;aula magna, alla presenza delle imprese di alcune aziende del territorio. Un&#8217;occasione per presentare i progetti realizzati dagli studenti.<\/div>\n<div dir=\"auto\"><\/div>\n<div dir=\"auto\"><\/div>\n<hr \/>\n<p>&nbsp;<\/p>\n<p>&nbsp;<\/p>\n<h3>REFERENDUM DI PRIMAVERA, LA PREFETTURA INFORMA<\/h3>\n<p><strong>BELLUNO<\/strong> In vista del Referendum del 29 marzo &#8220;Riduzione del numero dei parlamentari&#8221;, si vota dalle 7 alle\u00a0 23 la Prefettura informa che i cittadini italiani residenti all\u2019estero (AIRE) possono optare per esercitare il voto in Italia. L\u2019opzione dovr\u00e0 pervenire, entro l\u20198 febbraio\u00a0 all\u2019ufficio consolare operante nella circoscrizione di residenza dell\u2019elettore. Le opzioni effettuate in occasione di precedenti consultazioni non hanno pi\u00f9 effetto.<\/p>\n<p>&nbsp;<\/p>\n<hr \/>\n<p>&nbsp;<\/p>\n<p>&nbsp;<\/p>\n<h3>PER DECIDERE SE FARE O MENO UN MINUTO DI SILENZIO NECESSARIA ANCHE LA CONFERENZA DEI CAPOGRUPPO.<\/h3>\n<p><strong><a class=\"dt-pswp-item\" href=\"https:\/\/www.radiopiu.net\/wordpress\/wp-content\/uploads\/2019\/07\/BELLUNO-2.jpeg\" data-dt-img-description=\"\" data-large_image_width=\"1200\" data-large_image_height=\"1599\"><img loading=\"lazy\" decoding=\"async\" class=\"size-medium wp-image-90473 alignleft\" src=\"https:\/\/www.radiopiu.net\/wordpress\/wp-content\/uploads\/2019\/07\/BELLUNO-2-225x300.jpeg\" alt=\"\" width=\"225\" height=\"300\" srcset=\"https:\/\/www.radiopiu.net\/wordpress\/wp-content\/uploads\/2019\/07\/BELLUNO-2-225x300.jpeg 225w, https:\/\/www.radiopiu.net\/wordpress\/wp-content\/uploads\/2019\/07\/BELLUNO-2-768x1024.jpeg 768w, https:\/\/www.radiopiu.net\/wordpress\/wp-content\/uploads\/2019\/07\/BELLUNO-2.jpeg 1200w\" sizes=\"auto, (max-width: 225px) 100vw, 225px\" \/><\/a>BELLUNO<\/strong> Il consigliere Addamiano ha chiesto di osservare un minuto di silenzio in occasione del prossimo consiglio comunale nel ricordo delle vittime delle Foibe. La prima risposta arriva dal presidente del Consiglio comunale Francesco Rasera Berna che rinvia la richiesta ad ulteriori consulti in un prossimo incontro previsto per lunedi. Ricorda inoltre che la celebrazione della giornata del ricordo fa parte, fino dalla sua istituzione, delle cerimonie che ogni anno il Comune, con il tavolo delle associazioni, programma e coordina, trattandosi di momenti che appartengono alla comunit\u00e0 intera.<\/p>\n<blockquote><p><em>&#8220;Il minuto di silenzio\u00a0 -anticipa Rasera Berna &#8211; lo si osserva in occasione della scomparsa di amministratori o di particolari personalit\u00e0 cittadine o eventi luttuosi che sconvolgono come ad esempio attentati. Non \u00e8 d&#8217;uso il minuto di silenzio per le celebrazioni ricorrenti, la memoria va approfondita soprattutto con la conoscenza, vuoi perch\u00e9 ogni scelta di comprendere o escludere una o pi\u00f9 ricorrenze sarebbe di fatto arbitraria o strumentale e cos\u00ec percepita quand&#8217;anche si trattasse di mera dimenticanza. Non pu\u00f2 sfuggire che il consiglio comunale \u00e8 convocato esattamente a met\u00e0 tra la data del giorno della memoria e quella del giorno del ricordo e che sarebbe incomprensIbile e ingiustificabile osservare un minuto di silenzio per l&#8217;una e non per l&#8217;altra ricorrenza&#8221;.<\/em><\/p><\/blockquote>\n<p>&nbsp;<\/p>\n<hr \/>\n<p>&nbsp;<\/p>\n<p>&nbsp;<\/p>\n<h3>WANBAO ACC: INCONTRO IN REGIONE CON I FORNITORI. ASSESSORE, \u201cCI SONO PROSPETTIVE DI MERCATO PER UN POLO PRODUTTIVO DI COMPRESSORI IN VENETO\u201d<\/h3>\n<p><strong><img loading=\"lazy\" decoding=\"async\" class=\"alignleft\" src=\"https:\/\/www.radiopiu.net\/wordpress\/wp-content\/uploads\/2019\/09\/Wanbao_Mise.jpg\" width=\"245\" height=\"184\" \/>VENEZIA<\/strong>\u00a0 Si \u00e8 svolto nella sede di Veneto Lavoro l\u2019incontro, convocato dalla Regione Veneto, con i rappresentanti aziendali di Italia Wanbao ACC, i fornitori dello stabilimento, i rappresentanti delle organizzazioni datoriali regionali di riferimento, il commissario straordinario di \u201cACC Compressors\u201d. L\u2019incontro, al quale ha partecipato anche il ministro per i Rapporti con il Parlamento, \u00e8 stato dedicato in particolare al mondo produttivo dei fornitori, per spiegare alle ditte fornitrici la situazione nella quale versa attualmente lo stabilimento di Mel, le dinamiche di mercato della filiera del freddo e, in particolare, della produzione di compressori in Europa e le prospettive future per l\u2019attivit\u00e0 del polo industriale bellunese. L\u2019incontro ha cos\u00ec consentito di allineare tutte le parti interessate nelle conoscenze il pi\u00f9 possibile approfondite dell\u2019attuale situazione aziendale dell\u2019industria di Borgo Valbelluna, che occupa 285 persone, e del sistema produttivo che con esso sta collaborando. <em>\u201cIl sito di Mel \u00e8 inserito con la propria produzione industriale nella filiera del settore del freddo che per il Veneto rappresenta un comparto strategico \u2013 ha sottolineato l\u2019assessore al lavoro, affiancata dall\u2019Unit\u00e0 regionale di crisi &#8211; Lo stabilimento resta centrale a monte e a valle per l\u2019intera filiera ed \u00e8 fondamentale, quindi, favorire la consapevolezza su tutti gli strumenti di intervento per le possibili soluzioni dell\u2019attuale situazione. Inoltre, \u00e8 importante agevolare la piena conoscenza delle dinamiche di sviluppo del settore in cui opera\u201d.\u00a0 <\/em>Il tavolo, gestito dall\u2019Unit\u00e0 di crisi della Regione Veneto in stretto raccordo con la struttura tecnica del Ministero per lo sviluppo economico, verr\u00e0 presto aggiornato. Il prossimo passaggio in calendario sar\u00e0 l\u2019incontro con azienda e sindacati, in sede ministeriale, rispetto all\u2019evoluzione economico finanziaria della societ\u00e0 Wanbao Italia che ancora controlla il sito di Mel.<\/p>\n<p>&nbsp;<\/p>\n<hr \/>\n<p>&nbsp;<\/p>\n<p>&nbsp;<\/p>\n<h2>UN ACQUEDOTTO PER LE FRAZIONI CON I FONDI GSP<\/h2>\n<p><strong><a class=\"dt-pswp-item\" href=\"https:\/\/www.radiopiu.net\/wordpress\/wp-content\/uploads\/2020\/01\/download-14.jpg\" data-dt-img-description=\"\" data-large_image_width=\"274\" data-large_image_height=\"184\"><img loading=\"lazy\" decoding=\"async\" class=\" wp-image-115526 alignleft\" src=\"https:\/\/www.radiopiu.net\/wordpress\/wp-content\/uploads\/2020\/01\/download-14.jpg\" alt=\"\" width=\"150\" height=\"101\" \/><\/a>CENCENIGHE<\/strong>\u00a0 Gsp investe 900 mila euro per le frazioni Chioit, Bogo e Martin, Vaia ha distrutto l&#8217;acquedotto di Chioit. Oltre 5 milioni di investimenti nella prima annualit\u00e0 del post vaia.<\/p>\n<p><strong>GIANNI SANTOMASO<\/strong><\/p>\n<audio class=\"wp-audio-shortcode\" id=\"audio-115423-3\" preload=\"none\" style=\"width: 100%;\" controls=\"controls\"><source type=\"audio\/mpeg\" src=\"https:\/\/www.radiopiu.net\/wordpress\/wp-content\/uploads\/2020\/01\/gianni-cence-2.mp3?_=3\" \/><a href=\"https:\/\/www.radiopiu.net\/wordpress\/wp-content\/uploads\/2020\/01\/gianni-cence-2.mp3\">https:\/\/www.radiopiu.net\/wordpress\/wp-content\/uploads\/2020\/01\/gianni-cence-2.mp3<\/a><\/audio>\n<p>&nbsp;<\/p>\n<p>&nbsp;<\/p>\n<hr \/>\n<h3><\/h3>\n<h3>BONUS BEBE&#8217; IN ALPAGO, 600 EURO DAL COMUNE<\/h3>\n<p><strong><a class=\"dt-pswp-item\" href=\"https:\/\/www.radiopiu.net\/wordpress\/wp-content\/uploads\/2020\/02\/ASDASDASDASDASDASDA.jpg\" data-dt-img-description=\"\" data-large_image_width=\"510\" data-large_image_height=\"340\"><img loading=\"lazy\" decoding=\"async\" class=\" wp-image-115537 alignleft\" src=\"https:\/\/www.radiopiu.net\/wordpress\/wp-content\/uploads\/2020\/02\/ASDASDASDASDASDASDA-300x200.jpg\" alt=\"\" width=\"206\" height=\"137\" srcset=\"https:\/\/www.radiopiu.net\/wordpress\/wp-content\/uploads\/2020\/02\/ASDASDASDASDASDASDA-300x200.jpg 300w, https:\/\/www.radiopiu.net\/wordpress\/wp-content\/uploads\/2020\/02\/ASDASDASDASDASDASDA.jpg 510w\" sizes=\"auto, (max-width: 206px) 100vw, 206px\" \/><\/a>ALPAGO<\/strong><\/p>\n<p><strong>DAMIANO TORMEN<\/strong><\/p>\n<audio class=\"wp-audio-shortcode\" id=\"audio-115423-4\" preload=\"none\" style=\"width: 100%;\" controls=\"controls\"><source type=\"audio\/mpeg\" src=\"https:\/\/www.radiopiu.net\/wordpress\/wp-content\/uploads\/2020\/02\/DAMIANO-ALPAGO.mp3?_=4\" \/><a href=\"https:\/\/www.radiopiu.net\/wordpress\/wp-content\/uploads\/2020\/02\/DAMIANO-ALPAGO.mp3\">https:\/\/www.radiopiu.net\/wordpress\/wp-content\/uploads\/2020\/02\/DAMIANO-ALPAGO.mp3<\/a><\/audio>\n<p>&nbsp;<\/p>\n<p>&nbsp;<\/p>\n<hr \/>\n<p>&nbsp;<\/p>\n<blockquote>\n<h3><span style=\"color: #ff0000;\">Dare autonomia ai territori \u00e8 urgente. Non guardando al passato, ma orientandoci al futuro.<\/span><\/h3>\n<\/blockquote>\n<h3>STATI GENERALI DELLA MONTAGNA, PADRIN: \u00abOTTIMI SEGNALI PER IL NOSTRO TERRITORIO, ADESSO SI PASSI DALLE PAROLE AI FATTI\u00bb<\/h3>\n<p><strong> <a class=\"dt-pswp-item\" href=\"https:\/\/www.radiopiu.net\/wordpress\/wp-content\/uploads\/2020\/01\/PHOTO-2020-01-31-12-19-40-2.jpg\" data-dt-img-description=\"\" data-large_image_width=\"1600\" data-large_image_height=\"1200\"><img loading=\"lazy\" decoding=\"async\" class=\"wp-image-115448 alignleft\" src=\"https:\/\/www.radiopiu.net\/wordpress\/wp-content\/uploads\/2020\/01\/PHOTO-2020-01-31-12-19-40-2-300x225.jpg\" alt=\"\" width=\"228\" height=\"171\" srcset=\"https:\/\/www.radiopiu.net\/wordpress\/wp-content\/uploads\/2020\/01\/PHOTO-2020-01-31-12-19-40-2-300x225.jpg 300w, https:\/\/www.radiopiu.net\/wordpress\/wp-content\/uploads\/2020\/01\/PHOTO-2020-01-31-12-19-40-2-1024x768.jpg 1024w, https:\/\/www.radiopiu.net\/wordpress\/wp-content\/uploads\/2020\/01\/PHOTO-2020-01-31-12-19-40-2-768x576.jpg 768w, https:\/\/www.radiopiu.net\/wordpress\/wp-content\/uploads\/2020\/01\/PHOTO-2020-01-31-12-19-40-2-1536x1152.jpg 1536w, https:\/\/www.radiopiu.net\/wordpress\/wp-content\/uploads\/2020\/01\/PHOTO-2020-01-31-12-19-40-2.jpg 1600w\" sizes=\"auto, (max-width: 228px) 100vw, 228px\" \/><\/a>ROMA<\/strong> <em>\u00abL\u2019aria per la montagna sembra cambiata: si respirano finalmente condivisione e unit\u00e0 d\u2019intenti sul rilancio delle aree montane e sul contrasto allo spopolamento. Sono segnali importanti da cui partire, per dare un futuro ai nostri territori. Adesso abbiamo la necessit\u00e0 di passare velocemente dalle parole ai fatti\u00bb.<\/em> \u00c8 quanto afferma il presidente della Provincia di Belluno, Roberto Padrin, intervenuto a Roma agli Stati Generali della Montagna. Durante il suo intervento, il presidente Padrin ha affrontato la questione della governance territoriale di una Provincia interamente montana confinante con Stati esteri (e incuneata tra due realt\u00e0 a statuto speciale), quindi resa speciale dalla legge Delrio; ha spaziato sul tema della <a class=\"dt-pswp-item\" href=\"https:\/\/www.radiopiu.net\/wordpress\/wp-content\/uploads\/2020\/01\/PHOTO-2020-01-31-15-04-52-1.jpg\" data-dt-img-description=\"\" data-large_image_width=\"1600\" data-large_image_height=\"900\"><img loading=\"lazy\" decoding=\"async\" class=\"size-medium wp-image-115447 alignright\" src=\"https:\/\/www.radiopiu.net\/wordpress\/wp-content\/uploads\/2020\/01\/PHOTO-2020-01-31-15-04-52-1-300x169.jpg\" alt=\"\" width=\"300\" height=\"169\" srcset=\"https:\/\/www.radiopiu.net\/wordpress\/wp-content\/uploads\/2020\/01\/PHOTO-2020-01-31-15-04-52-1-300x169.jpg 300w, https:\/\/www.radiopiu.net\/wordpress\/wp-content\/uploads\/2020\/01\/PHOTO-2020-01-31-15-04-52-1-1024x576.jpg 1024w, https:\/\/www.radiopiu.net\/wordpress\/wp-content\/uploads\/2020\/01\/PHOTO-2020-01-31-15-04-52-1-768x432.jpg 768w, https:\/\/www.radiopiu.net\/wordpress\/wp-content\/uploads\/2020\/01\/PHOTO-2020-01-31-15-04-52-1-1536x864.jpg 1536w, https:\/\/www.radiopiu.net\/wordpress\/wp-content\/uploads\/2020\/01\/PHOTO-2020-01-31-15-04-52-1.jpg 1600w\" sizes=\"auto, (max-width: 300px) 100vw, 300px\" \/><\/a>specificit\u00e0 garantita a Belluno dallo statuto regionale del Veneto; ed \u00e8 arrivato ad affrontare il tema caldo dello spopolamento. <em>&#8220;La richiesta che rivolgiamo oggi al ministro, che presiede e coordina il Tavolo nazionale sul regionalismo differenziato &#8211; ha detto Padrin &#8211;\u00a0 \u00e8 di vigilare affinch\u00e9 le singole leggi regionali prevedano e rispettino tali specificit\u00e0. Noi come Province abbiamo proposte per soluzioni concrete per provare a invertire la rotta, attraverso politiche a favore dell&#8217;agricoltura di montagna, servizi alle famiglie, misure attente alle necessit\u00e0 di cittadini e imprese. Adesso abbiamo la necessit\u00e0 che si passi velocemente dalle parole ai fatti. La Provincia di Belluno \u00e8 in prima linea per dare un presente e soprattutto un futuro alle nostre comunit\u00e0\u00bb.<\/em><\/p>\n<p>&nbsp;<\/p>\n<div style=\"width: 640px;\" class=\"wp-video\"><video class=\"wp-video-shortcode\" id=\"video-115423-2\" width=\"640\" height=\"352\" preload=\"metadata\" controls=\"controls\"><source type=\"video\/mp4\" src=\"https:\/\/www.radiopiu.net\/wordpress\/wp-content\/uploads\/2020\/01\/Video-31-01-20-15-49-47.mp4?_=2\" \/><a href=\"https:\/\/www.radiopiu.net\/wordpress\/wp-content\/uploads\/2020\/01\/Video-31-01-20-15-49-47.mp4\">https:\/\/www.radiopiu.net\/wordpress\/wp-content\/uploads\/2020\/01\/Video-31-01-20-15-49-47.mp4<\/a><\/video><\/div>\n<p>&nbsp;<\/p>\n<p>&nbsp;<\/p>\n<hr \/>\n<h3><\/h3>\n<blockquote>\n<h3><span style=\"color: #ff0000;\">Bene\u00a0 l\u2019aumento di 4milioni di euro nel 2020 per il Fondo per la promozione delle aree svantaggiate confinanti con regioni a statuto speciale annunciato da Boccia<\/span><\/h3>\n<\/blockquote>\n<h3>PUNTO DI PARTENZA, ORA UNA STRATEGIA COORDINATA<\/h3>\n<p><strong><a class=\"dt-pswp-item\" href=\"https:\/\/www.radiopiu.net\/wordpress\/wp-content\/uploads\/2020\/01\/PHOTO-2020-01-31-12-19-40-4.jpg\" data-dt-img-description=\"\" data-large_image_width=\"1600\" data-large_image_height=\"1200\"><img loading=\"lazy\" decoding=\"async\" class=\"wp-image-115488 alignleft\" src=\"https:\/\/www.radiopiu.net\/wordpress\/wp-content\/uploads\/2020\/01\/PHOTO-2020-01-31-12-19-40-4-300x225.jpg\" alt=\"\" width=\"217\" height=\"163\" srcset=\"https:\/\/www.radiopiu.net\/wordpress\/wp-content\/uploads\/2020\/01\/PHOTO-2020-01-31-12-19-40-4-300x225.jpg 300w, https:\/\/www.radiopiu.net\/wordpress\/wp-content\/uploads\/2020\/01\/PHOTO-2020-01-31-12-19-40-4-1024x768.jpg 1024w, https:\/\/www.radiopiu.net\/wordpress\/wp-content\/uploads\/2020\/01\/PHOTO-2020-01-31-12-19-40-4-768x576.jpg 768w, https:\/\/www.radiopiu.net\/wordpress\/wp-content\/uploads\/2020\/01\/PHOTO-2020-01-31-12-19-40-4-1536x1152.jpg 1536w, https:\/\/www.radiopiu.net\/wordpress\/wp-content\/uploads\/2020\/01\/PHOTO-2020-01-31-12-19-40-4.jpg 1600w\" sizes=\"auto, (max-width: 217px) 100vw, 217px\" \/><\/a>ROMA<\/strong>\u00a0 <em>&#8220;Gli stati generali sulla situazione delle aeree interne montane sono un punto di partenza importante sul quale organizzare una strategia coordinata a tutti i livelli istituzionali. Un momento necessario per ascoltare le richieste provenienti dai territori che vivono il drammatico spopolamento di moltissimi comuni. Coordinamento amministrativo e sburocratizzazione, semplificazione, intervento sul divario digitale, manutenzione del territorio sono elementi che possono stimolare e fornire gli strumenti accanto ai quali strutturare adeguate iniziative di rilancio economico e sociale, che devono essere diversificate e aderenti alle caratteristiche del territorio. Nodo cruciale riguarda la messa a punto di decise politiche nazionali che contrastino il calo delle nascite, tema che riguarda tutto il Paese&#8221;<\/em>. Lo dice il Ministro Federico D&#8217;Inc\u00e0 sottolineando come l&#8217;incontro di ieri testimoni che per tutto il Governo si tratta di un tema prioritario, fondamentale non solo per le aree interessate, ma in chiave sistemica, per tutto il Paese.<\/p>\n<p>&nbsp;<\/p>\n<hr \/>\n<p>&nbsp;<\/p>\n<p>&nbsp;<\/p>\n<blockquote>\n<h3><span style=\"color: #ff0000;\"><strong>La montagna, le Montagne tornano a essere questione politica nazionale. Ne ha bisogno tutto il Paese<\/strong><\/span><\/h3>\n<\/blockquote>\n<h2>STATI GENERALI DELLA MONTAGNA, BOCCIA ANNUNCIA FONDO NAZIONALE DA 100 MILIONI DI EURO.<\/h2>\n<p><strong>ROMA<\/strong> <em>&#8220;La montagna dovr\u00e0 avere un Fondo nazionale dotato di 100 milioni di euro l&#8217;anno. Oggi sono 20 milioni, in diversi fronti di finanziamento. \u00c8 molto importante questo impegno del Ministro Boccia, espresso agli Stati generali della Montagna, per avere un unico Fondo Montagna. \u00c8 la strada giusta che il Parlamento, dopo le mozioni approvate all&#8217;unanimit\u00e0 da 524 Deputati marted\u00ec, non potr\u00e0 non percorrere. I Comuni con Uncem sostengono questa impostazione data dal Ministro&#8221;. <\/em>Lo afferma Marco Bussone presidente dell&#8217;Uncem. Prossimo appuntamento a Roccaraso, convocato direttamente dal Ministro Boccia.<\/p>\n<p>&nbsp;<\/p>\n<hr \/>\n<blockquote>\n<h3><\/h3>\n<h3><span style=\"color: #ff0000;\">Sono le istituzioni e la politica a dover dare indicazioni chiare agli enti per orientare gli investimenti nelle aree montane<\/span><\/h3>\n<\/blockquote>\n<h3>FONDO UNICO, SEMPLIFICAZIONE NORMATIVA, DIFFERENZIAZIONE FISCALE: LE PROPOSTE SOTTOLINEATE DA DE MENECH<\/h3>\n<p>dalla rassegna stampa delle otto<\/p>\n<audio class=\"wp-audio-shortcode\" id=\"audio-115423-5\" preload=\"none\" style=\"width: 100%;\" controls=\"controls\"><source type=\"audio\/mpeg\" src=\"https:\/\/www.radiopiu.net\/wordpress\/wp-content\/uploads\/2020\/02\/roger.mp3?_=5\" \/><a href=\"https:\/\/www.radiopiu.net\/wordpress\/wp-content\/uploads\/2020\/02\/roger.mp3\">https:\/\/www.radiopiu.net\/wordpress\/wp-content\/uploads\/2020\/02\/roger.mp3<\/a><\/audio>\n<p>&nbsp;<\/p>\n<p><strong>ROMA\u00a0<\/strong>\u00a0<em>\u00abL\u2019obiettivo prioritario \u00e8 quello di costruire visioni di sviluppo e azioni concrete per invertire la tendenza allo spopolamento di queste zone. Uno strumento utile, condiviso da tutti i soggetti che hanno partecipato agli Stati generali, sar\u00e0 quello di realizzare un fondo unico per la montagna dotato di 100 milioni di euro, idea lanciata dal ministro Boccia, e di puntare alla semplificazione del quadro normativo, anche pensando alla creazione di un testo unico delle norme che regolano la vita delle aree montane\u00bb. <\/em>Lo ha detto il deputato PD Roger De Menech, sull&#8217;autonomia ha proposto al ministro, che ha accolto, di mettere al centro proprio i territori, affrontando le questioni connesse al principio di sussidiariet\u00e0 ponendo appunto le comunit\u00e0 locali in posizione di assoluta centralit\u00e0 rispetto agli stessi livelli istituzionali maggiori\u00bb.<\/p>\n<p>&nbsp;<\/p>\n<hr \/>\n<blockquote>\n<h3><\/h3>\n<h3><span style=\"color: #ff0000;\">\u201cNon si pu\u00f2 pretendere di governare la montagna con gli strumenti delle citt\u00e0 Servono norme adeguate a questi territori<\/span><\/h3>\n<\/blockquote>\n<h3>SERVONO FISCALITA&#8217; AGEVOLATE, RAPPRESENTATIVITA&#8217; E STRUMENTI PER LE AREE RURALI<\/h3>\n<p><strong>ROMA<\/strong> Una vera rappresentanza delle aree rurali e montane; una fiscalit\u00e0 agevolata e un riconoscimento economico per quello che la montagna produce a favore dello Stato; strumenti di governo adatti a queste realt\u00e0: queste le proposte che il deputato di Fratelli d&#8217;Italia e sindaco di Calalzo di Cadore, Luca De Carlo, ha portato questa mattina al tavolo degli Stati generali della montagna, convocato a Roma. <em>\u201cLa montagna non soffre perch\u00e9 si spopola, ma soffre e quindi si spopola: lo spopolamento non \u00e8 la causa, ma la conseguenza pi\u00f9 drammatica\u201d, ha esordito De Carlo. \u201cNel 2100, stando agli ultimi studi, l&#8217;85% della popolazione mondiale vivr\u00e0 nelle grandi citt\u00e0; nel 2030, 41 citt\u00e0 supereranno i 10 milioni di abitanti: quale peso pu\u00f2 avere la voce delle aree montane? Se a questo ci aggiungiamo una politica nazionale e demagogica di riorganizzazione spinta, che ha portato a fusioni che hanno annacquato il peso della montagna in un grande calderone sovra-provinciale o regionale, \u00e8 evidente che il problema della rappresentanza per queste aree diventa sempre pi\u00f9 cruciale. Manca cos\u00ec la capacit\u00e0 di leggere e di ascoltare il territorio\u201d<\/em>.<\/p>\n<p>&nbsp;<\/p>\n<hr \/>\n<blockquote>\n<h3><span style=\"color: #ff0000;\">Riteniamo indispensabile dare ai nostri sindaci strumenti di programmazione commerciale utili a tutelare la presenza dei negozi.<\/span><\/h3>\n<\/blockquote>\n<h3>URGE UNA POLITICA SPECIFICA PER I NEGOZI E PER IL TURISMO<\/h3>\n<p><strong>BELLUNO<\/strong> Il presidente di Confcommercio Belluno, Paolo Doglioni, non nasconde l\u2019orgoglio e la soddisfazione di aver ricevuto l&#8217;incarico di rappresentare il sistema confederale agli Stati generali della Montagna, la cui assise si \u00e8 tenuta questa mattina a Roma. <em>\u00abSono riconoscente al presidente di Confcommercio Carlo Sangalli di aver raccolto l&#8217;invito a partecipare come sistema associativo a questo importante incontro, dando segno di comprendere, fare proprie e cercare nuovi percorsi per la tutela della rete commerciale del sistema montano. A Roma, a rappresentarci, \u00e8 sceso il direttore Luca Dal Poz, che ha elaborato un intervento nel quale ho chiesto fosse chiara la necessit\u00e0 di strategie specifiche per salvaguardare i nostri operatori\u00bb.<\/em><\/p>\n<p>&nbsp;<\/p>\n<hr \/>\n<p>&nbsp;<\/p>\n<blockquote>\n<h3><\/h3>\n<\/blockquote>\n<h2>CHIUDE LA POLFER DI CALALZO, &#8220;INACCETTABILE&#8221; TUONA DE CARLO<\/h2>\n<blockquote><p><em>Sono le istituzioni e la politica a dover dare indicazioni chiare agli enti per orientare gli investimenti nelle aree montane<\/em><\/p><\/blockquote>\n<p>dalla rassegna stampa delle 8 Luca De Carlo<\/p>\n<audio class=\"wp-audio-shortcode\" id=\"audio-115423-6\" preload=\"none\" style=\"width: 100%;\" controls=\"controls\"><source type=\"audio\/mpeg\" src=\"https:\/\/www.radiopiu.net\/wordpress\/wp-content\/uploads\/2020\/01\/luca-polfer.mp3?_=6\" \/><a href=\"https:\/\/www.radiopiu.net\/wordpress\/wp-content\/uploads\/2020\/01\/luca-polfer.mp3\">https:\/\/www.radiopiu.net\/wordpress\/wp-content\/uploads\/2020\/01\/luca-polfer.mp3<\/a><\/audio>\n<p>&nbsp;<\/p>\n<p><strong><a class=\"dt-pswp-item\" href=\"https:\/\/www.radiopiu.net\/wordpress\/wp-content\/uploads\/2020\/01\/download-12.jpg\" data-dt-img-description=\"\" data-large_image_width=\"300\" data-large_image_height=\"168\"><img loading=\"lazy\" decoding=\"async\" class=\"wp-image-115453 alignleft\" src=\"https:\/\/www.radiopiu.net\/wordpress\/wp-content\/uploads\/2020\/01\/download-12.jpg\" alt=\"\" width=\"212\" height=\"119\" \/><\/a>CALALZO<\/strong> Il deputato di Fratelli d&#8217;Italia e Sindaco di Calalzo di Cadore, Luca De Carlo, raccoglie con rabbia e stupore l&#8217;appello del Sindacato Italiano Unitario Lavoratori Polizia \u2013 SIULP di Belluno, che in una lettera denuncia la probabile prossima chiusura del presidio di Polizia Ferroviaria di Calalzo di Cadore: <em>\u201cLa ritengo un&#8217;idea accettabile, che manca di lungimiranza e di attenzione alla sicurezza\u00a0 &#8211; sottolinea De Carlo &#8211; \u201cChe senso ha chiudere un presidio di Polizia Ferroviaria proprio ora che si sta tornando ad investire sul treno?, Con la realizzazione del Treno delle Dolomiti, Calalzo rester\u00e0 un nodo cruciale della tratta ferroviaria, e togliere questo servizio in questo momento vorrebbe dire non rendersi conto dei prossimi sviluppi futuri\u201d. <\/em>In vista del tavolo di confronto per la Polizia Ferroviaria calendarizzato dal Dipartimento per la Pubblica Sicurezza per il prossimo 4 febbraio, De Carlo annuncia battaglia.<\/p>\n<p>&nbsp;<\/p>\n<hr \/>\n<h2><\/h2>\n<h2><\/h2>\n<h2>IL PREFETTO SUL TERRITORIO, DA FELTRE A PEDAVENA<\/h2>\n<p><strong><a class=\"dt-pswp-item\" href=\"https:\/\/www.radiopiu.net\/wordpress\/wp-content\/uploads\/2020\/01\/IMG-20200131-WA0002.jpg\" data-dt-img-description=\"\" data-large_image_width=\"1600\" data-large_image_height=\"1200\"><img loading=\"lazy\" decoding=\"async\" class=\" wp-image-115437 alignleft\" src=\"https:\/\/www.radiopiu.net\/wordpress\/wp-content\/uploads\/2020\/01\/IMG-20200131-WA0002-300x225.jpg\" alt=\"\" width=\"248\" height=\"186\" srcset=\"https:\/\/www.radiopiu.net\/wordpress\/wp-content\/uploads\/2020\/01\/IMG-20200131-WA0002-300x225.jpg 300w, https:\/\/www.radiopiu.net\/wordpress\/wp-content\/uploads\/2020\/01\/IMG-20200131-WA0002-1024x768.jpg 1024w, https:\/\/www.radiopiu.net\/wordpress\/wp-content\/uploads\/2020\/01\/IMG-20200131-WA0002-768x576.jpg 768w, https:\/\/www.radiopiu.net\/wordpress\/wp-content\/uploads\/2020\/01\/IMG-20200131-WA0002-1536x1152.jpg 1536w, https:\/\/www.radiopiu.net\/wordpress\/wp-content\/uploads\/2020\/01\/IMG-20200131-WA0002.jpg 1600w\" sizes=\"auto, (max-width: 248px) 100vw, 248px\" \/><\/a>BELLUNO<\/strong> Il Prefetto di Belluno, Adriana Cogode, ha avviato una serie di incontri sul territorio con i Sindaci della provincia. Il Prefetto ha fatto visita al Comune di Feltre, dove \u00e8 stata accolta dal sindaco Paolo Perenzin, dal presidente del consiglio comunale Manuel Sacchet e dai membri di Giunta. Successivamente il Prefetto si \u00e8 recato a Pedavena dove ha incontrato il sindaco, Nicola Castellaz ed i membri della Giunta.<\/p>\n<blockquote><p>\u201cQuesto ciclo di incontri sul territorio vogliono segnare anche ufficialmente &#8211; ha detto il Prefetto &#8211; l&#8217;avvio del percorso di collaborazione tra il nuovo Prefetto e gli enti locali, nel solco delle ottime sinergie sviluppate negli ultimi anni. Ci confronteremo in maniera aperta e costruttiva, in particolare, su tutti i temi essenziali che riguardano la sicurezza e la coesione sociale, per rendere al meglio il nostro servizio in favore della comunit\u00e0 bellunese\u201d.<\/p><\/blockquote>\n<p><strong><a class=\"dt-pswp-item\" href=\"https:\/\/www.radiopiu.net\/wordpress\/wp-content\/uploads\/2020\/01\/f5869ce9-1353-47c2-ad3a-0a938f68da4d.jpg\" data-dt-img-description=\"\" data-large_image_width=\"1600\" data-large_image_height=\"1200\"><img loading=\"lazy\" decoding=\"async\" class=\"wp-image-115454 alignright\" src=\"https:\/\/www.radiopiu.net\/wordpress\/wp-content\/uploads\/2020\/01\/f5869ce9-1353-47c2-ad3a-0a938f68da4d-300x225.jpg\" alt=\"\" width=\"207\" height=\"155\" srcset=\"https:\/\/www.radiopiu.net\/wordpress\/wp-content\/uploads\/2020\/01\/f5869ce9-1353-47c2-ad3a-0a938f68da4d-300x225.jpg 300w, https:\/\/www.radiopiu.net\/wordpress\/wp-content\/uploads\/2020\/01\/f5869ce9-1353-47c2-ad3a-0a938f68da4d-1024x768.jpg 1024w, https:\/\/www.radiopiu.net\/wordpress\/wp-content\/uploads\/2020\/01\/f5869ce9-1353-47c2-ad3a-0a938f68da4d-768x576.jpg 768w, https:\/\/www.radiopiu.net\/wordpress\/wp-content\/uploads\/2020\/01\/f5869ce9-1353-47c2-ad3a-0a938f68da4d-1536x1152.jpg 1536w, https:\/\/www.radiopiu.net\/wordpress\/wp-content\/uploads\/2020\/01\/f5869ce9-1353-47c2-ad3a-0a938f68da4d.jpg 1600w\" sizes=\"auto, (max-width: 207px) 100vw, 207px\" \/><\/a>IL SINDACO DI FELTRE PAOLO PERENZIN<\/strong> <span style=\"color: #1c2024;\"><em>\u201c<\/em><span style=\"font-family: Times New Roman, serif;\"><span style=\"font-size: large;\"><em>Siamo grati al Prefetto per la visita di questa mattina e per lo spirito di massima collaborazione che ha manifestato nei confronti dell&#8217;Amministrazione. Tra i temi affrontati nel breve colloquio di oggi, \u00e8 stata posta particolare attenzione alla questione della difesa e della manutenzione del territorio in corrispondenza di eventi atmosferici violenti e al ruolo delle Protezione Civile nelle gestione degli stessi. Siamo certi che il dialogo fattivo gi\u00e0 aperto con la Prefettura di Belluno trover\u00e0 nella dottoressa Cogode un interlocutore attento e preparato per la miglior condivisione degli obiettivi di crescita e buon governo del territorio e delle comunit\u00e0 locali\u201d,<\/em><\/span><\/span><\/span><\/p>\n<p>&nbsp;<\/p>\n<hr \/>\n<p>&nbsp;<\/p>\n<h3>LA LEGGENDA DEI MONTI PALLIDI ALLA BIRRERIA DI PEDAVENA.<\/h3>\n<p style=\"text-align: left;\"><strong><a class=\"dt-pswp-item\" href=\"https:\/\/www.radiopiu.net\/wordpress\/wp-content\/uploads\/2020\/01\/Immagine1-1.jpg\" data-dt-img-description=\"\" data-large_image_width=\"1273\" data-large_image_height=\"855\"><img loading=\"lazy\" decoding=\"async\" class=\" wp-image-115462 alignleft\" src=\"https:\/\/www.radiopiu.net\/wordpress\/wp-content\/uploads\/2020\/01\/Immagine1-1-300x201.jpg\" alt=\"\" width=\"225\" height=\"151\" srcset=\"https:\/\/www.radiopiu.net\/wordpress\/wp-content\/uploads\/2020\/01\/Immagine1-1-300x201.jpg 300w, https:\/\/www.radiopiu.net\/wordpress\/wp-content\/uploads\/2020\/01\/Immagine1-1-1024x688.jpg 1024w, https:\/\/www.radiopiu.net\/wordpress\/wp-content\/uploads\/2020\/01\/Immagine1-1-768x516.jpg 768w, https:\/\/www.radiopiu.net\/wordpress\/wp-content\/uploads\/2020\/01\/Immagine1-1.jpg 1273w\" sizes=\"auto, (max-width: 225px) 100vw, 225px\" \/><\/a><\/strong><strong>PEDAVENA<\/strong> Una personale rivisitazione, concepita e realizzata secondo i suoi personalissimi stilemi artistici, delle leggende dolomitiche, gi\u00e0 raccolte e illustrate da Carlo Felice Wolff. \u201cUn\u2019opera mirabile di un eccellente artista\u201d, secondo la valutazione di Anselmo Bucci, il pittore che fu tra i fondatori, nel 1922, del movimento \u2018Novecento\u2019. Scesi a Pedavena dalla natia Canale d\u2019Agordo (allora Forno di Canale), i Luciani, vollero presto arricchire il giardino d\u2019inverno della Birreria. E scelsero, per questo, l\u2019artista locale (era nato a Seren del Grappa nel 1907) Walter Resentera. Di questa potente realizzazione ha parlato, nel corso dell\u2019ultimo incontro della Confraternita, Giovanni Sogne che \u2013 preliminarmente \u2013 ha anche illustrato le tecniche dell\u2019affresco.<\/p>\n<p>&nbsp;<\/p>\n<hr \/>\n<p>&nbsp;<\/p>\n<h3>IL DOTTOR BOITO CESSA L&#8217;ATTIVITA&#8217; DI MEDICO DI MEDICINA GENERALE<\/h3>\n<p><strong>PONTE NELLA ALPI<\/strong> Da ieri il dr. Giancarlo Boito ha cessato l\u2019attivit\u00e0 di medico di medicina generale a Ponte nelle Alpi. Al fine assicurare la continuit\u00e0 dell\u2019assistenza medico generica agli assistiti del dr. Boito, e\u2019 stato conferito un incarico provvisorio alla dott.ssa Serena Scaravilli per il periodo dall\u2019 1 al 29 febbraio 2020. La dott.ssa Scaravilli svolger\u00e0 la propria attivit\u00e0 presso l\u2019ambulatorio a Ponte nelle Alpi in Via della Libert\u00e0 n. 11<\/p>\n<p>&nbsp;<\/p>\n<hr \/>\n<p>&nbsp;<\/p>\n<p>&nbsp;<\/p>\n<p><a class=\"dt-pswp-item\" href=\"https:\/\/www.radiopiu.net\/wordpress\/wp-content\/uploads\/2018\/09\/appuntamenti.jpeg\" data-dt-img-description=\"\" data-large_image_width=\"800\" data-large_image_height=\"100\"><img loading=\"lazy\" decoding=\"async\" class=\"alignnone wp-image-61958 size-full\" src=\"https:\/\/www.radiopiu.net\/wordpress\/wp-content\/uploads\/2018\/09\/appuntamenti.jpeg\" alt=\"\" width=\"800\" height=\"100\" srcset=\"https:\/\/www.radiopiu.net\/wordpress\/wp-content\/uploads\/2018\/09\/appuntamenti.jpeg 800w, https:\/\/www.radiopiu.net\/wordpress\/wp-content\/uploads\/2018\/09\/appuntamenti-300x38.jpeg 300w, https:\/\/www.radiopiu.net\/wordpress\/wp-content\/uploads\/2018\/09\/appuntamenti-768x96.jpeg 768w\" sizes=\"auto, (max-width: 800px) 100vw, 800px\" \/><\/a><\/p>\n<p>&nbsp;<\/p>\n<p>&nbsp;<\/p>\n<h3 style=\"text-align: left;\">FRANCESCA GALLO ALLA CASA DELLA GIOVENTU&#8217; CON LA SUA FISARMONICA A LA VOCE DEL BOSCO<\/h3>\n<p><a class=\"dt-pswp-item\" href=\"https:\/\/www.radiopiu.net\/wordpress\/wp-content\/uploads\/2020\/01\/AGORDO-Francesca-Gallo.jpg\" data-dt-img-description=\"\" data-large_image_width=\"1476\" data-large_image_height=\"1330\"><img loading=\"lazy\" decoding=\"async\" class=\" wp-image-115211 alignleft\" src=\"https:\/\/www.radiopiu.net\/wordpress\/wp-content\/uploads\/2020\/01\/AGORDO-Francesca-Gallo-300x270.jpg\" alt=\"\" width=\"98\" height=\"88\" srcset=\"https:\/\/www.radiopiu.net\/wordpress\/wp-content\/uploads\/2020\/01\/AGORDO-Francesca-Gallo-300x270.jpg 300w, https:\/\/www.radiopiu.net\/wordpress\/wp-content\/uploads\/2020\/01\/AGORDO-Francesca-Gallo-1024x923.jpg 1024w, https:\/\/www.radiopiu.net\/wordpress\/wp-content\/uploads\/2020\/01\/AGORDO-Francesca-Gallo-768x692.jpg 768w, https:\/\/www.radiopiu.net\/wordpress\/wp-content\/uploads\/2020\/01\/AGORDO-Francesca-Gallo.jpg 1476w\" sizes=\"auto, (max-width: 98px) 100vw, 98px\" \/><\/a><\/p>\n<p style=\"text-align: left;\"><strong>RIVAMONTE <\/strong><em>\u201cLa voce del bosco\u201d un filmato a cura di Dimitri Feltrin con Francesca Gallo, uno\u00a0 sguardo sulla nostra realt\u00e0 di montagna, specie dopo Vaia. Questa sera\u00a0 alle 20 presso la Casa della Giovent\u00f9 di Rivamonte serata all\u2019insegna dello sguardo sul ci\u00f2 che ci circonda e quel che ha da dirci. Invito della parrocchia in collaborazione con l\u2019associazione \u201cFare Cultura Agordina\u201d.<\/em><\/p>\n<p>&nbsp;<\/p>\n<p><strong>BELLUNO<\/strong> \u201cPortare armonia nel corpo attraverso il piacere del movimento\u201d, dalle Ande alle Dolomiti, dopo la riuscita esperienza dello scorso anno. Questo l\u2019obiettivo del tour europeo di Ramon Nestor Vega a Belluno, con l\u2019evento di danza psico-espressiva, aperta al pubblico, oggi dalle 14.30 alle 19, palestra presso il centro commerciale della Veneggia. Ramon Vega \u00e8 presidente della societ\u00e0 argentina di Bonding Psychotherapy \u201cEl Abrazo-Primario\u201d . Per partecipare all\u2019evento del 29 febbraio, fino all\u2019esaurimento dei posti, basta iscriversi contattando Fondazione Progetto Uomo di Belluno.<\/p>\n<p>&nbsp;<\/p>\n<p><strong>AGORDO<\/strong> Domani\u00a0 escursione a Malga Civertaghe sulle Pale di San Martino con la sezione agordina del Cai. Ritrovo alle 7.30 presso la sede, 8.45 inizio escursione da San Martino di Castrozza. Tempo 4-5 ore, dislivello 520 metri. Informazioni e iscrizioni 380 6983040<\/p>\n<p>&nbsp;<\/p>\n<p><strong>RIFLESSIONI SULLA DIVERSITA&#8217;, IL PESO SPECIFICO DELLE PAROLE CHE USIAMO<\/strong><\/p>\n<p><strong>BELLUNO<\/strong> Sabato 8 febbraio alle 18 al <a class=\"profileLink\" href=\"https:\/\/www.facebook.com\/centro.pierorossi\/?__tn__=%2CdKH-R-R&amp;eid=ARBOv38qx5ROJkbyNhqXQykeIcqUfsEtC_JQNhTTyJsP-znbc4GdnABRGWcs_BRe0TLWkj2pHYJHVjqY&amp;fref=mentions&amp;hc_location=group\" data-hovercard=\"\/ajax\/hovercard\/page.php?id=500324403477376&amp;extragetparams=%7B%22__tn__%22%3A%22%2CdKH-R-R%22%2C%22eid%22%3A%22ARBOv38qx5ROJkbyNhqXQykeIcqUfsEtC_JQNhTTyJsP-znbc4GdnABRGWcs_BRe0TLWkj2pHYJHVjqY%22%2C%22fref%22%3A%22mentions%22%2C%22hc_location%22%3A%22group%22%7D\" data-hovercard-prefer-more-content-show=\"1\">Centro Piero Rossi<\/a> di Belluno.Letture di Michele,Sonia e Luca che da ottobre a dicembre hanno partecipato al laboratorio di lettura<span class=\"text_exposed_show\"> espressiva a cura del Centro Documentazione del <a class=\"profileLink\" href=\"https:\/\/www.facebook.com\/servizi.volontariato.belluno\/?__tn__=%2CdKH-R-R&amp;eid=ARBIkhQG5jos5jz_JPsex79z_BoiFmGyVD1jlSoRhu9oFDF1V3Hv6qF25SdyCBrAaPcpuW7mxnewKaMH&amp;fref=mentions&amp;hc_location=group\" data-hovercard=\"\/ajax\/hovercard\/page.php?id=713265435422537&amp;extragetparams=%7B%22__tn__%22%3A%22%2CdKH-R-R%22%2C%22eid%22%3A%22ARBIkhQG5jos5jz_JPsex79z_BoiFmGyVD1jlSoRhu9oFDF1V3Hv6qF25SdyCBrAaPcpuW7mxnewKaMH%22%2C%22fref%22%3A%22mentions%22%2C%22hc_location%22%3A%22group%22%7D\" data-hovercard-prefer-more-content-show=\"1\">Csv Belluno<\/a>.<\/span><\/p>\n<hr \/>\n<p>&nbsp;<\/p>\n<p>&nbsp;<\/p>\n<p>&nbsp;<\/p>\n<hr \/>\n<p><center><\/center><center><strong>PROMEMORIA LINEA BIANCA<\/strong><\/center><\/p>\n<blockquote><p><center>Oggi alle 14, una montagna d&#8217;amore. Un viaggio dalle Valle del Biois, alla vetta del Civetta a quota 3220, tutto nel cuore delle Dolomiti Unesco tra la zinghenesta di Canale d&#8217;Agordo i coscritti con il loro cappello e la storia di un&#8217;amicizia particolare a San Tomaso, con una cerva e il suo branco.<\/center><\/p><\/blockquote>\n<hr \/>\n<p>&nbsp;<\/p>\n<p>&nbsp;<\/p>\n<p>&nbsp;<\/p>\n<h2><span style=\"color: #ff0000;\">DEDICATA<\/span><\/h2>\n<h3>&#8220;VALCH DA NOF&#8221; di JOHN FRANCIS DELLA PIETRA<\/h3>\n<blockquote><p><em><a class=\"dt-pswp-item\" href=\"https:\/\/www.radiopiu.net\/wordpress\/wp-content\/uploads\/2020\/01\/WhatsApp-Image-2020-01-31-at-07.18.50.jpeg\" data-dt-img-description=\"\" data-large_image_width=\"1200\" data-large_image_height=\"1599\"><img loading=\"lazy\" decoding=\"async\" class=\" wp-image-115510 alignleft\" src=\"https:\/\/www.radiopiu.net\/wordpress\/wp-content\/uploads\/2020\/01\/WhatsApp-Image-2020-01-31-at-07.18.50-225x300.jpeg\" alt=\"\" width=\"163\" height=\"217\" srcset=\"https:\/\/www.radiopiu.net\/wordpress\/wp-content\/uploads\/2020\/01\/WhatsApp-Image-2020-01-31-at-07.18.50-225x300.jpeg 225w, https:\/\/www.radiopiu.net\/wordpress\/wp-content\/uploads\/2020\/01\/WhatsApp-Image-2020-01-31-at-07.18.50-768x1023.jpeg 768w, https:\/\/www.radiopiu.net\/wordpress\/wp-content\/uploads\/2020\/01\/WhatsApp-Image-2020-01-31-at-07.18.50-1153x1536.jpeg 1153w, https:\/\/www.radiopiu.net\/wordpress\/wp-content\/uploads\/2020\/01\/WhatsApp-Image-2020-01-31-at-07.18.50.jpeg 1200w\" sizes=\"auto, (max-width: 163px) 100vw, 163px\" \/><\/a>Nella vita dei nostri paesi talora avvengono dei passaggi di consegna senza clamori di figure che in silenzio operano per il bene del bosco e della comunit\u00e0. Cos\u00ec queste parole siano l&#8217;augurio di buon lavoro&#8230;<\/em><\/p><\/blockquote>\n<p>&nbsp;<\/p>\n<p>&nbsp;<\/p>\n<p>&nbsp;<\/p>\n<p>AUDIO<\/p>\n<audio class=\"wp-audio-shortcode\" id=\"audio-115423-7\" preload=\"none\" style=\"width: 100%;\" controls=\"controls\"><source type=\"audio\/mpeg\" src=\"https:\/\/www.radiopiu.net\/wordpress\/wp-content\/uploads\/2020\/01\/JOHN.mp3?_=7\" \/><a href=\"https:\/\/www.radiopiu.net\/wordpress\/wp-content\/uploads\/2020\/01\/JOHN.mp3\">https:\/\/www.radiopiu.net\/wordpress\/wp-content\/uploads\/2020\/01\/JOHN.mp3<\/a><\/audio>\n<p>&nbsp;<\/p>\n<p>&nbsp;<\/p>\n<p>&nbsp;<\/p>\n<p>&nbsp;<\/p>\n<hr \/>\n<h2><span style=\"color: #ff0000;\">ANTEPRIMA ALLA RADIO<\/span><\/h2>\n<div class=\"\" data-block=\"true\" data-editor=\"dj03t\" data-offset-key=\"3m197-0-0\">\n<h3 class=\"_1mf _1mj\" data-offset-key=\"3m197-0-0\"><span data-offset-key=\"3m197-0-0\">LUNEDI ALLE 16 ANTEPRIMA JOHN WISE, IL NUOVO SINGOLO. LE INTERVISTE. IN STUDIO NICOLO&#8217;, FABIO, ALESSANDRO E LUCA&#8230;. <span style=\"color: #0000ff;\"><a style=\"color: #0000ff;\" href=\"https:\/\/www.facebook.com\/Mirkomezziano\/videos\/2580000645616039\/UzpfSTEwMDAwODE4Mzg1NDI4MTpWSzoyNTE5NTYwMDA0OTU0Mjc4\/\">CLICCA QUI<\/a><\/span><\/span><\/h3>\n<\/div>\n<div class=\"_1mf _1mj\" data-offset-key=\"7aolk-0-0\">\n<hr \/>\n<\/div>\n<div class=\"_1mf _1mj\" data-offset-key=\"4pt0e-0-0\"><\/div>\n<div data-offset-key=\"4pt0e-0-0\"><\/div>\n<p>&nbsp;<\/p>\n<h2><span style=\"color: #ff0000;\">IERI ALLA RADIO<\/span><\/h2>\n<blockquote>\n<h3><a class=\"dt-pswp-item\" href=\"https:\/\/www.radiopiu.net\/wordpress\/wp-content\/uploads\/2015\/12\/InternoPiscina.jpg\" data-dt-img-description=\"\" data-large_image_width=\"170\" data-large_image_height=\"128\"><img loading=\"lazy\" decoding=\"async\" class=\"size-full wp-image-13921 alignleft\" src=\"https:\/\/www.radiopiu.net\/wordpress\/wp-content\/uploads\/2015\/12\/InternoPiscina.jpg\" alt=\"\" width=\"170\" height=\"128\" \/><\/a>SPECIALE PISCINA DEL VENERDI, APPUNTAMENTO MENSILE<\/h3>\n<\/blockquote>\n<p>di Claudio Fontanive<\/p>\n<audio class=\"wp-audio-shortcode\" id=\"audio-115423-8\" preload=\"none\" style=\"width: 100%;\" controls=\"controls\"><source type=\"audio\/mpeg\" src=\"https:\/\/www.radiopiu.net\/wordpress\/wp-content\/uploads\/2020\/01\/piscina-gennaio.mp3?_=8\" \/><a href=\"https:\/\/www.radiopiu.net\/wordpress\/wp-content\/uploads\/2020\/01\/piscina-gennaio.mp3\">https:\/\/www.radiopiu.net\/wordpress\/wp-content\/uploads\/2020\/01\/piscina-gennaio.mp3<\/a><\/audio>\n<p>&nbsp;<\/p>\n<p>&nbsp;<\/p>\n<hr \/>\n<div data-offset-key=\"4pt0e-0-0\">\n<h3><\/h3>\n<h3><span style=\"color: #ff0000;\"> ALLA RADIO LA NONA PUNTATA DELLO SPECIALE EPCENTER. SUL SITO DI RADIO PIU&#8217; LE 8 PUNTATE PRECEDENTI<\/span><\/h3>\n<p><iframe loading=\"lazy\" title=\"EPCENTER OTTAVA PUNTATA\" width=\"1200\" height=\"675\" src=\"https:\/\/www.youtube.com\/embed\/hdBvk1E2Npc?feature=oembed\" frameborder=\"0\" allow=\"accelerometer; autoplay; encrypted-media; gyroscope; picture-in-picture\" allowfullscreen><\/iframe><\/p>\n<h2>ARCHIVIO<\/h2>\n<blockquote class=\"wp-embedded-content\" data-secret=\"fc4xu8k4eJ\"><p><a href=\"https:\/\/www.radiopiu.net\/wordpress\/ep-center-video-gallery\/\">EP CENTER video gallery<\/a><\/p><\/blockquote>\n<p><iframe loading=\"lazy\" title=\"&#8220;EP CENTER video gallery&#8221; &#8212; Radio Pi\u00f9\" class=\"wp-embedded-content\" sandbox=\"allow-scripts\" security=\"restricted\" style=\"position: absolute; clip: rect(1px, 1px, 1px, 1px);\" src=\"https:\/\/www.radiopiu.net\/wordpress\/ep-center-video-gallery\/embed\/#?secret=fc4xu8k4eJ\" data-secret=\"fc4xu8k4eJ\" width=\"600\" height=\"338\" frameborder=\"0\" marginwidth=\"0\" marginheight=\"0\" scrolling=\"no\"><\/iframe><\/p>\n<\/div>\n<p>&nbsp;<\/p>\n<p>&nbsp;<\/p>\n<div data-offset-key=\"4pt0e-0-0\">\n<hr \/>\n<p>&nbsp;<\/p>\n<h2><span style=\"color: #ff0000;\">IERI ALLA RADIO <span style=\"color: #000000;\">conteme na berta&#8230; Daniela Lena e Loris Santomaso<\/span><\/span><\/h2>\n<p><strong>DAL LUNEDI AL VENERDI ALLE 9.10 E ALLE 18.10<\/strong><\/p>\n<p><strong>AGORDO<\/strong>\u00a0Tredici puntate, 13 berte raccontate alla radio da Daniela Lena (la vecia popa de Agort) e Loris Santomaso. Sono contenute in un Cd. RadioPi\u00f9 far\u00e0 conoscere il gran lavoro delle insegnanti della Scuola Primaria Tito Livio Burattini. Libro e Cd sono in distribuzione presso la scuola e l\u2019ufficio turistico. Il ricavato finanzier\u00e0 le iniziative della scuola di Agordo.<\/p>\n<\/div>\n<blockquote class=\"wp-embedded-content\" data-secret=\"vDGePoMDrr\"><p><a href=\"https:\/\/www.radiopiu.net\/wordpress\/el-barba-zucon\/\">El Barba Zuc\u00f2n<\/a><\/p><\/blockquote>\n<p><iframe loading=\"lazy\" title=\"&#8220;El Barba Zuc\u00f2n&#8221; &#8212; Radio Pi\u00f9\" class=\"wp-embedded-content\" sandbox=\"allow-scripts\" security=\"restricted\" style=\"position: absolute; clip: rect(1px, 1px, 1px, 1px);\" src=\"https:\/\/www.radiopiu.net\/wordpress\/el-barba-zucon\/embed\/#?secret=vDGePoMDrr\" data-secret=\"vDGePoMDrr\" width=\"600\" height=\"338\" frameborder=\"0\" marginwidth=\"0\" marginheight=\"0\" scrolling=\"no\"><\/iframe><\/p>\n<p>&nbsp;<\/p>\n<p>&nbsp;<\/p>\n<hr \/>\n<div data-offset-key=\"4pt0e-0-0\"><\/div>\n<div data-offset-key=\"4pt0e-0-0\"><\/div>\n<div data-offset-key=\"4pt0e-0-0\">\n<h2><span style=\"color: #ff0000;\">IERI ALLA RADIO<\/span><\/h2>\n<p><strong>DUE MINUTI UN LIBRO, OGNI GIORNO ALLE 9.40 E 17.50<\/strong><\/p>\n<\/div>\n<blockquote class=\"wp-embedded-content\" data-secret=\"Ey5StLmyxe\"><p><a href=\"https:\/\/www.radiopiu.net\/wordpress\/sorelle-sbagliate\/\">SORELLE SBAGLIATE<\/a><\/p><\/blockquote>\n<p><iframe loading=\"lazy\" title=\"&#8220;SORELLE SBAGLIATE&#8221; &#8212; Radio Pi\u00f9\" class=\"wp-embedded-content\" sandbox=\"allow-scripts\" security=\"restricted\" style=\"position: absolute; clip: rect(1px, 1px, 1px, 1px);\" src=\"https:\/\/www.radiopiu.net\/wordpress\/sorelle-sbagliate\/embed\/#?secret=Ey5StLmyxe\" data-secret=\"Ey5StLmyxe\" width=\"600\" height=\"338\" frameborder=\"0\" marginwidth=\"0\" marginheight=\"0\" scrolling=\"no\"><\/iframe><\/p>\n<p>&nbsp;<\/p>\n<p>&nbsp;<\/p>\n<blockquote class=\"wp-embedded-content\" data-secret=\"L4tu0HCKTx\"><p><a href=\"https:\/\/www.radiopiu.net\/wordpress\/nevegal-compleanno-numero-20-per-il-campanile-del-santuario-di-renato-bona\/\">NEVEGAL: COMPLEANNO NUMERO 20 PER IL CAMPANILE DEL SANTUARIO di RENATO BONA<\/a><\/p><\/blockquote>\n<p><iframe loading=\"lazy\" title=\"&#8220;NEVEGAL: COMPLEANNO NUMERO 20 PER IL CAMPANILE DEL SANTUARIO di RENATO BONA&#8221; &#8212; Radio Pi\u00f9\" class=\"wp-embedded-content\" sandbox=\"allow-scripts\" security=\"restricted\" style=\"position: absolute; clip: rect(1px, 1px, 1px, 1px);\" src=\"https:\/\/www.radiopiu.net\/wordpress\/nevegal-compleanno-numero-20-per-il-campanile-del-santuario-di-renato-bona\/embed\/#?secret=L4tu0HCKTx\" data-secret=\"L4tu0HCKTx\" width=\"600\" height=\"338\" frameborder=\"0\" marginwidth=\"0\" marginheight=\"0\" scrolling=\"no\"><\/iframe><\/p>\n<p>&nbsp;<\/p>\n<p>&nbsp;<\/p>\n<p>&nbsp;<\/p>\n<div class=\"page-title-breadcrumbs\">\n<div class=\"page-title-breadcrumbs\">\n<p class=\"photoswipe-wrapper\"><a class=\"dt-pswp-item pspw-wrap-ready\" href=\"https:\/\/www.radiopiu.net\/wordpress\/wp-content\/uploads\/2018\/09\/viabilita.jpeg\" data-dt-img-description=\"\" data-large_image_width=\"800\" data-large_image_height=\"100\"><img loading=\"lazy\" decoding=\"async\" class=\"wp-image-61954 size-full aligncenter\" src=\"https:\/\/www.radiopiu.net\/wordpress\/wp-content\/uploads\/2018\/09\/viabilita.jpeg\" sizes=\"auto, (max-width: 800px) 100vw, 800px\" srcset=\"https:\/\/www.radiopiu.net\/wordpress\/wp-content\/uploads\/2018\/09\/viabilita.jpeg 800w, https:\/\/www.radiopiu.net\/wordpress\/wp-content\/uploads\/2018\/09\/viabilita-300x38.jpeg 300w, https:\/\/www.radiopiu.net\/wordpress\/wp-content\/uploads\/2018\/09\/viabilita-768x96.jpeg 768w\" alt=\"\" width=\"800\" height=\"100\" \/><\/a><\/p>\n<\/div>\n<\/div>\n<p>&nbsp;<\/p>\n<div class=\"page-title-breadcrumbs\">\n<div class=\"page-title-breadcrumbs\">\n<div data-offset-key=\"5n5nl-0-0\">\n<div data-offset-key=\"5n5nl-0-0\">\n<div data-offset-key=\"5n5nl-0-0\">\n<div data-offset-key=\"5n5nl-0-0\">\n<p><strong>346 SAN PELLEGRINO A CANALE D\u2019AGORDO\u00a0<\/strong>La Mora dal 13 gennaio al 29 febbraio senso unico con semaforo anche sabato e domenica<\/p>\n<p><strong>PROVINCIALE 20 VAL FIORENTINA\u00a0<\/strong>\u00a0LOCALITA\u2019 SOLATOR\u00a0 DAL 13 GENNAIO AL 29 MAGGIO (COMPRESI FESTIVI E PREFESTIVI) SENSO UNICO ALTERNATO REGOLATO DA SEMAFORO O MOVIERI PER ADEGUAMENTO CARREGGIATA<\/p>\n<p>&nbsp;<\/p>\n<p>&nbsp;<\/p>\n<\/div>\n<\/div>\n<\/div>\n<\/div>\n<\/div>\n<\/div>\n<p>&nbsp;<\/p>\n<p class=\"photoswipe-wrapper\"><a class=\"dt-pswp-item pspw-wrap-ready\" href=\"https:\/\/www.radiopiu.net\/wordpress\/wp-content\/uploads\/2018\/09\/sport.jpg\" data-dt-img-description=\"\" data-large_image_width=\"800\" data-large_image_height=\"100\"><img loading=\"lazy\" decoding=\"async\" class=\"wp-image-60761 size-full aligncenter\" src=\"https:\/\/www.radiopiu.net\/wordpress\/wp-content\/uploads\/2018\/09\/sport.jpg\" sizes=\"auto, (max-width: 800px) 100vw, 800px\" srcset=\"https:\/\/www.radiopiu.net\/wordpress\/wp-content\/uploads\/2018\/09\/sport.jpg 800w, https:\/\/www.radiopiu.net\/wordpress\/wp-content\/uploads\/2018\/09\/sport-300x38.jpg 300w, https:\/\/www.radiopiu.net\/wordpress\/wp-content\/uploads\/2018\/09\/sport-768x96.jpg 768w\" alt=\"\" width=\"800\" height=\"100\" \/><\/a><\/p>\n<h2><\/h2>\n<h2>IL WEEKEND DI VOLLEY, HOCKEY E CALCIO<\/h2>\n<p><b>VOLLEY <\/b><\/p>\n<p>Turno di riposo per la prima squadra del Volley Club Agordino che ritorner\u00e0 in campo la prossima settimana per disputare l&#8217;ultima partita del girone di andata della Treza Divisione. In campo il settore giovanile della compagine di Agordo. Stasera alle 18 sar\u00e0 il turno della under 16 che al Palarova di Agordo giocher\u00e0 contro il Ponte. Domani partita d&#8217;esordio per l&#8217;under 13 che giocher\u00e0 la prima partita della stagione in casa contro il New Comelico alle 17.<\/p>\n<p><b>HOCKEY<\/b><\/p>\n<p>Quinta giornata del Qualification Round della IHL che vede l&#8217;Alleghe impegnato in trasferta. Le civette giocheranno in terra lombarda contro il Como questa sera alle 18. Partita che Radio Pi\u00f9 seguir\u00e0 in diretta all&#8217;interno di \u201cHockey Al Punto Giusto\u201d. Per il settore giovanile l&#8217;under 19 giocher\u00e0 in trasferta domani alle 18 il derby contro il Cortina. Fassa\/Alleghe under 17 in campo oggi alle 13:30 quando ad Alba Di Canazei si scontrer\u00e0 con il Bressanone. Domani alle 10:30 in campo anche l&#8217;under 15 che giocher\u00e0 in trasferta alle 10:30 contro l&#8217;Appiano la partita valida per la qualificazione della Coppa Italia. Trasferta anche per l&#8217;under 13 che oggi alle 16:30 disputer\u00e0 il match valido per la Coppa Dolomiti contro il Dobbiaco<\/p>\n<p><b>CALCIO<\/b><\/p>\n<p>Il Fiori Barp Mas continua la sua marcia trionfale in Prima Categoria e domani alle 14:45 sar\u00e0 impegnato in trasferta contro il Cadore. Sempre domani, ma alle 10:30, scenderanno in campo anche gli Allievi Regionali del San Giorgio Sedico che giocheranno in casa contro la capolista Treviso.<\/p>\n<blockquote>\n<p style=\"text-align: center;\"><strong>DOMANI ALLE 14:45 SU RADIO PIU&#8217; APPUNTAMENTO CON \u201cDOMENICA PIU&#8217; SPORT\u201d PER SEGUIRE IN DIRETTA LA PARTITA DEL FIORI BARP MAS<\/strong><\/p>\n<\/blockquote>\n<h3><\/h3>\n<p>&nbsp;<\/p>\n<hr \/>\n<h3><\/h3>\n<h3>AXEL DA ARABBA\u00a0 E&#8217; CON LA CITTA&#8217; DELLA SPERANZA DI PADOVA<\/h3>\n<p><strong>LIVINALLONGO<\/strong><\/p>\n<p>INTERVISTA DI CLAUDIO FONTANIVE<\/p>\n<audio class=\"wp-audio-shortcode\" id=\"audio-115423-9\" preload=\"none\" style=\"width: 100%;\" controls=\"controls\"><source type=\"audio\/mpeg\" src=\"https:\/\/www.radiopiu.net\/wordpress\/wp-content\/uploads\/2020\/01\/axel-bassani-rifugio-gorza-scade-domenica.mp3?_=9\" \/><a href=\"https:\/\/www.radiopiu.net\/wordpress\/wp-content\/uploads\/2020\/01\/axel-bassani-rifugio-gorza-scade-domenica.mp3\">https:\/\/www.radiopiu.net\/wordpress\/wp-content\/uploads\/2020\/01\/axel-bassani-rifugio-gorza-scade-domenica.mp3<\/a><\/audio>\n<p>&nbsp;<\/p>\n<p>&nbsp;<\/p>\n<p>&nbsp;<\/p>\n<p><a class=\"dt-pswp-item\" href=\"https:\/\/www.radiopiu.net\/wordpress\/wp-content\/uploads\/2018\/09\/WhatsApp-Image-2018-09-20-at-16.04.06.jpeg\" data-dt-img-description=\"\" data-large_image_width=\"800\" data-large_image_height=\"100\"><img loading=\"lazy\" decoding=\"async\" class=\"aligncenter wp-image-61378 size-full\" src=\"https:\/\/www.radiopiu.net\/wordpress\/wp-content\/uploads\/2018\/09\/WhatsApp-Image-2018-09-20-at-16.04.06.jpeg\" alt=\"\" width=\"800\" height=\"100\" srcset=\"https:\/\/www.radiopiu.net\/wordpress\/wp-content\/uploads\/2018\/09\/WhatsApp-Image-2018-09-20-at-16.04.06.jpeg 800w, https:\/\/www.radiopiu.net\/wordpress\/wp-content\/uploads\/2018\/09\/WhatsApp-Image-2018-09-20-at-16.04.06-300x38.jpeg 300w, https:\/\/www.radiopiu.net\/wordpress\/wp-content\/uploads\/2018\/09\/WhatsApp-Image-2018-09-20-at-16.04.06-768x96.jpeg 768w\" sizes=\"auto, (max-width: 800px) 100vw, 800px\" \/><\/a><\/p>\n<p>&nbsp;<\/p>\n<p>&nbsp;<\/p>\n<p><b>Sabato 1<\/b> <b>Tempo atteso: <\/b>Inizialmente soleggiato con prime velature del cielo entro la tarda mattinata, non escluse iniziali nubi basse sulle Prealpi occidentali. Al pomeriggio maggiore nuvolosit\u00e0 per nubi alte e medio-alte stratiformi sempre pi\u00f9 estese su tutti i settori fino a mascherare totalmente il sole nel tardo pomeriggio\/sera. Clima un po&#8217; meno mite, ma i valori saranno ancora ben al di sopra della media stagionale, specie in quota.<br \/>\n<b>Precipitazioni: <\/b>Assenti (0%).<br \/>\n<b>Temperature: <\/b>Minime in aumento nelle valli e stazionarie in alta quota; massime in generale leggera flessione. Sono previste punte di 8\/9\u00b0C nelle valli Prealpine e di 5\/6\u00b0C a 1000\/1200 m. Sulle Prealpi a 1500 m minima 2\u00b0C massima 5\u00b0C, a 2000 m minima 1\u00b0C massima 3\u00b0C, sulle Dolomiti a 2000 m minima 1\u00b0C massima 3\u00b0C, a 3000 m minima -3\u00b0C massima -2\u00b0C.<br \/>\n<b>Venti: <\/b>Nelle valli in prevalenza deboli di direzione variabile, con consueti rinforzi per brezze notturne su alcuni settori a ridosso della pedemontana; in quota deboli\/moderati da sud-ovest al mattino e da nord-ovest al pomeriggio, in rinforzo da met\u00e0 pomeriggio in poi fino a risultare tesi sulle cime pi\u00f9 alte, a 5-10 km\/h a 2000 m e 15-30 km\/h a 3000 m.<\/p>\n<hr \/>\n<p><b>Domenica 2<\/b> <b>Tempo atteso: <\/b>Fino alle ore centrali del giorno in prevalenza soleggiato su gran parte della montagna veneta, con qualche velatura del cielo. In seguito annuvolamenti medio-alti stratiformi via via pi\u00f9 estesi ed intensi, localmente associati a qualche fenomeno sui confini settentrionali. Clima sempre mite per il periodo.<br \/>\n<b>Precipitazioni: <\/b>Assenti sulle Prealpi e su gran parte delle Dolomiti (0%); sui settori settentrionali, tuttavia, potrebbero verificarsi della neve burrascosa in alta quota (20\/30%) senza apporti.<br \/>\n<b>Temperature: <\/b>Minime senza notevoli variazioni, eccetto contenuto calo in alta quota, oltre i 2400\/2600 m circa; massime in generale aumento. Sono previste massimi di 10\/11\u00b0C nei fondovalle prealpini, di 7\/8\u00b0C a 1000\/1200 m. Sulle Prealpi a 1500 m minima 1\u00b0C massima 6\u00b0C, a 2000 m minima 0\u00b0C massima 4\u00b0C, sulle Dolomiti a 2000 m minima 0\u00b0C massima 4\u00b0C, a 3000 m minima -5\u00b0C massima -1\u00b0C.<br \/>\n<b>Venti: <\/b>Nelle valli in prevalenza deboli di direzione variabile, con consueti rinforzi per brezze notturne su alcuni settori a ridosso della pedemontana e per qualche lieve raffica di Foehn alla sera nelle valli dolomitiche; in quota moderati\/tesi da nord-ovest al mattino, tesi\/forti al pomeriggio, a 10-40 km\/h a 2000 m e 40-60 km\/h a 3000 m, anche 80 km\/h alla sera.<\/p>\n<hr \/>\n<p><b>Lunedi 3<\/b>Da soleggiato a parzialmente soleggiato per transito di nubi medio-alte di sottovento (lee clouds\/nubi lenticolari). Nuvolosit\u00e0 alla quale si aggiunger\u00e0 qualche addensamento verso nord, associato a sporadica neve burrascosa sulle cime dolomitiche settentrionali tra la notte ed il mattino. Temperature pressoch\u00e9 stazionarie in quota e in generale modesto rialzo nelle valli. Tutto il giorno i venti saranno tesi\/forti da nord-ovest in quota.<\/p>\n<hr \/>\n<p><b>Martedi 4<\/b>Aumento della nuvolosit\u00e0, la quale potrebbe essere associata a qualche fenomeno sparso, in transito dalle Dolomiti alle Prealpi. Qualora le precipitazioni si verificassero, tracce di neve cadrebbero oltre i 1200\/1400 m. Temperature in calo con minime osservate alla sera. In quota venti forti da ovest sud-ovest al mattino e da nord al pomeriggio, in ulteriore rinforzo in serata; nelle valli Foehn generalizzato, con improvvise e forti raffiche. Previsore: R.L.Th.<\/p>\n","protected":false},"excerpt":{"rendered":"<p>&nbsp; &nbsp; &nbsp; IL NUOVO CANALE RADIO PIU INFORMAZIONE su TELEGRAM per ricevere sul tuo telefono le notizie dalla redazione di Radio Pi\u00f9. Gli aggiornamenti in tempo reale. \u00a0RADIO PIU INFORMAZIONE\u00a0 https:\/\/t.me\/radiopiu &nbsp; &nbsp; &nbsp; REGIONALE 203 AGORDINA, LOCALITA&#8217; LA MUDA LA VALLE DA LUNEDI traffico deviato su viabilit\u00e0 provvisoria appositamente predisposta con limitazione della&hellip;<\/p>\n","protected":false},"author":1,"featured_media":115491,"comment_status":"closed","ping_status":"closed","sticky":false,"template":"","format":"standard","meta":{"_monsterinsights_skip_tracking":false,"_monsterinsights_sitenote_active":false,"_monsterinsights_sitenote_note":"","_monsterinsights_sitenote_category":0,"footnotes":""},"categories":[1,51,86],"tags":[],"class_list":["post-115423","post","type-post","status-publish","format-standard","has-post-thumbnail","hentry","category-senza-categoria","category-evidenza-top","category-gr","category-1","category-51","category-86","description-off"],"img_url":"https:\/\/www.radiopiu.net\/wordpress\/wp-content\/uploads\/2020\/01\/016790fa-1689-4215-8660-940cc5435b2f.jpg","_links":{"self":[{"href":"https:\/\/www.radiopiu.net\/wordpress\/wp-json\/wp\/v2\/posts\/115423","targetHints":{"allow":["GET"]}}],"collection":[{"href":"https:\/\/www.radiopiu.net\/wordpress\/wp-json\/wp\/v2\/posts"}],"about":[{"href":"https:\/\/www.radiopiu.net\/wordpress\/wp-json\/wp\/v2\/types\/post"}],"author":[{"embeddable":true,"href":"https:\/\/www.radiopiu.net\/wordpress\/wp-json\/wp\/v2\/users\/1"}],"replies":[{"embeddable":true,"href":"https:\/\/www.radiopiu.net\/wordpress\/wp-json\/wp\/v2\/comments?post=115423"}],"version-history":[{"count":0,"href":"https:\/\/www.radiopiu.net\/wordpress\/wp-json\/wp\/v2\/posts\/115423\/revisions"}],"wp:featuredmedia":[{"embeddable":true,"href":"https:\/\/www.radiopiu.net\/wordpress\/wp-json\/wp\/v2\/media\/115491"}],"wp:attachment":[{"href":"https:\/\/www.radiopiu.net\/wordpress\/wp-json\/wp\/v2\/media?parent=115423"}],"wp:term":[{"taxonomy":"category","embeddable":true,"href":"https:\/\/www.radiopiu.net\/wordpress\/wp-json\/wp\/v2\/categories?post=115423"},{"taxonomy":"post_tag","embeddable":true,"href":"https:\/\/www.radiopiu.net\/wordpress\/wp-json\/wp\/v2\/tags?post=115423"}],"curies":[{"name":"wp","href":"https:\/\/api.w.org\/{rel}","templated":true}]}}