{"id":115441,"date":"2020-01-31T15:45:02","date_gmt":"2020-01-31T14:45:02","guid":{"rendered":"https:\/\/www.radiopiu.net\/wordpress\/?p=115441"},"modified":"2020-01-31T15:45:49","modified_gmt":"2020-01-31T14:45:49","slug":"per-decidere-se-fare-o-meno-un-minuto-di-silenzio-necessaria-anche-la-conferenza-dei-capogruppo","status":"publish","type":"post","link":"https:\/\/www.radiopiu.net\/wordpress\/per-decidere-se-fare-o-meno-un-minuto-di-silenzio-necessaria-anche-la-conferenza-dei-capogruppo\/","title":{"rendered":"PER DECIDERE SE FARE O MENO UN MINUTO DI SILENZIO NECESSARIA ANCHE LA CONFERENZA DEI CAPOGRUPPO."},"content":{"rendered":"<h3><\/h3>\n<p><strong>BELLUNO<\/strong> Il consigliere Raffaele Addamiano ha chiesto di osservare un minuto di silenzio in occasione del prossimo consiglio comunale nel ricordo delle vittime delle Foibe. La prima risposta arriva dal presidente del Consiglio comunale Francesco Rasera Berna che rinvia la richiesta ad ulteriori consulti in un prossimo incontro previsto per lunedi. Ricorda inoltre che la celebrazione della giornata del ricordo fa parte, fine dalla sua istituzione, delle cerimonie che ogni anno il Comune, con il tavolo delle associazioni, programma e coordina, trattandosi di momenti che appartengono alla comunit\u00e0 intera.<\/p>\n<blockquote><p><em>&#8220;Il minuto di silenzio\u00a0 -anticipa Rasera Berna &#8211; lo si osserva in occasione della scomparsa di amministratori o di particolari personalit\u00e0 cittadine o eventi luttuosi che sconvolgono come ad esempio attentati. Non \u00e8 d&#8217;uso il minuto di silenzio per le celebrazioni ricorrenti, la memoria va approfondita soprattutto con la conoscenza, vuoi perch\u00e9 ogni scelta di comprendere o escludere una o pi\u00f9 ricorrenze sarebbe di fatto arbitraria o strumentale e cos\u00ec percepita quand&#8217;anche si trattasse di mera dimenticanza. Non pu\u00f2 sfuggire che il consiglio comunale \u00e8 convocato esattamente a met\u00e0 tra la data del giorno della memoria e quella del giorno del ricordo e che sarebbe incomprensIbile e ingiustificabile osservare un minuto di silenzio per l&#8217;una e non per l&#8217;altra ricorrenza&#8221;.<\/em><\/p><\/blockquote>\n<p>&nbsp;<\/p>\n","protected":false},"excerpt":{"rendered":"<p>BELLUNO Il consigliere Raffaele Addamiano ha chiesto di osservare un minuto di silenzio in occasione del prossimo consiglio comunale nel ricordo delle vittime delle Foibe. La prima risposta arriva dal presidente del Consiglio comunale Francesco Rasera Berna che rinvia la richiesta ad ulteriori consulti in un prossimo incontro previsto per lunedi. Ricorda inoltre che la&hellip;<\/p>\n","protected":false},"author":1,"featured_media":90473,"comment_status":"closed","ping_status":"closed","sticky":false,"template":"","format":"standard","meta":{"_monsterinsights_skip_tracking":false,"_monsterinsights_sitenote_active":false,"_monsterinsights_sitenote_note":"","_monsterinsights_sitenote_category":0,"footnotes":""},"categories":[51,49],"tags":[],"class_list":["post-115441","post","type-post","status-publish","format-standard","has-post-thumbnail","hentry","category-evidenza-top","category-news-18","category-51","category-49","description-off"],"img_url":"https:\/\/www.radiopiu.net\/wordpress\/wp-content\/uploads\/2019\/07\/BELLUNO-2.jpeg","_links":{"self":[{"href":"https:\/\/www.radiopiu.net\/wordpress\/wp-json\/wp\/v2\/posts\/115441","targetHints":{"allow":["GET"]}}],"collection":[{"href":"https:\/\/www.radiopiu.net\/wordpress\/wp-json\/wp\/v2\/posts"}],"about":[{"href":"https:\/\/www.radiopiu.net\/wordpress\/wp-json\/wp\/v2\/types\/post"}],"author":[{"embeddable":true,"href":"https:\/\/www.radiopiu.net\/wordpress\/wp-json\/wp\/v2\/users\/1"}],"replies":[{"embeddable":true,"href":"https:\/\/www.radiopiu.net\/wordpress\/wp-json\/wp\/v2\/comments?post=115441"}],"version-history":[{"count":0,"href":"https:\/\/www.radiopiu.net\/wordpress\/wp-json\/wp\/v2\/posts\/115441\/revisions"}],"wp:featuredmedia":[{"embeddable":true,"href":"https:\/\/www.radiopiu.net\/wordpress\/wp-json\/wp\/v2\/media\/90473"}],"wp:attachment":[{"href":"https:\/\/www.radiopiu.net\/wordpress\/wp-json\/wp\/v2\/media?parent=115441"}],"wp:term":[{"taxonomy":"category","embeddable":true,"href":"https:\/\/www.radiopiu.net\/wordpress\/wp-json\/wp\/v2\/categories?post=115441"},{"taxonomy":"post_tag","embeddable":true,"href":"https:\/\/www.radiopiu.net\/wordpress\/wp-json\/wp\/v2\/tags?post=115441"}],"curies":[{"name":"wp","href":"https:\/\/api.w.org\/{rel}","templated":true}]}}