{"id":115450,"date":"2020-01-31T15:57:14","date_gmt":"2020-01-31T14:57:14","guid":{"rendered":"https:\/\/www.radiopiu.net\/wordpress\/?p=115450"},"modified":"2020-02-01T07:54:33","modified_gmt":"2020-02-01T06:54:33","slug":"stati-generali-della-montagna-padrin-ottimi-segnali-per-il-nostro-territorio-adesso-si-passi-dalle-parole-ai-fatti","status":"publish","type":"post","link":"https:\/\/www.radiopiu.net\/wordpress\/stati-generali-della-montagna-padrin-ottimi-segnali-per-il-nostro-territorio-adesso-si-passi-dalle-parole-ai-fatti\/","title":{"rendered":"STATI GENERALI DELLA MONTAGNA, PADRIN: \u00abOTTIMI SEGNALI PER IL NOSTRO TERRITORIO, ADESSO SI PASSI DALLE PAROLE AI FATTI\u00bb"},"content":{"rendered":"<p><span style=\"color: #0000ff;\"><strong>IL NUOVO CANALE RADIO PIU INFORMAZIONE su TELEGRAM<\/strong><\/span><\/p>\n<p><strong>per ricevere sul tuo telefono le notizie dalla redazione di Radio Pi\u00f9. Gli aggiornamenti in tempo reale. <\/strong><span style=\"color: #0000ff;\">\u00a0<\/span><span style=\"color: #0000ff;\">RADIO PIU INFORMAZIONE\u00a0<a href=\"https:\/\/t.me\/radiopiu\"> https:\/\/t.me\/radiopiu<\/a><\/span><\/p>\n<p>&nbsp;<\/p>\n<blockquote>\n<h3><span style=\"color: #ff0000;\">Dare autonomia ai territori \u00e8 urgente. Non guardando al passato, ma orientandoci al futuro.<\/span><\/h3>\n<\/blockquote>\n<h3>STATI GENERALI DELLA MONTAGNA, PADRIN: \u00abOTTIMI SEGNALI PER IL NOSTRO TERRITORIO, ADESSO SI PASSI DALLE PAROLE AI FATTI\u00bb<\/h3>\n<p><strong> <a class=\"dt-pswp-item\" href=\"https:\/\/www.radiopiu.net\/wordpress\/wp-content\/uploads\/2020\/01\/PHOTO-2020-01-31-12-19-40-2.jpg\" data-dt-img-description=\"\" data-large_image_width=\"1600\" data-large_image_height=\"1200\"><img loading=\"lazy\" decoding=\"async\" class=\"wp-image-115448 alignleft\" src=\"https:\/\/www.radiopiu.net\/wordpress\/wp-content\/uploads\/2020\/01\/PHOTO-2020-01-31-12-19-40-2-300x225.jpg\" alt=\"\" width=\"228\" height=\"171\" srcset=\"https:\/\/www.radiopiu.net\/wordpress\/wp-content\/uploads\/2020\/01\/PHOTO-2020-01-31-12-19-40-2-300x225.jpg 300w, https:\/\/www.radiopiu.net\/wordpress\/wp-content\/uploads\/2020\/01\/PHOTO-2020-01-31-12-19-40-2-1024x768.jpg 1024w, https:\/\/www.radiopiu.net\/wordpress\/wp-content\/uploads\/2020\/01\/PHOTO-2020-01-31-12-19-40-2-768x576.jpg 768w, https:\/\/www.radiopiu.net\/wordpress\/wp-content\/uploads\/2020\/01\/PHOTO-2020-01-31-12-19-40-2-1536x1152.jpg 1536w, https:\/\/www.radiopiu.net\/wordpress\/wp-content\/uploads\/2020\/01\/PHOTO-2020-01-31-12-19-40-2.jpg 1600w\" sizes=\"auto, (max-width: 228px) 100vw, 228px\" \/><\/a>ROMA<\/strong> <em>\u00abL\u2019aria per la montagna sembra cambiata: si respirano finalmente condivisione e unit\u00e0 d\u2019intenti sul rilancio delle aree montane e sul contrasto allo spopolamento. Sono segnali importanti da cui partire, per dare un futuro ai nostri territori. Adesso abbiamo la necessit\u00e0 di passare velocemente dalle parole ai fatti\u00bb.<\/em> \u00c8 quanto afferma il presidente della Provincia di Belluno, Roberto Padrin, intervenuto a Roma agli Stati Generali della Montagna. Durante il suo intervento, il presidente Padrin ha affrontato la questione della governance territoriale di una Provincia interamente montana confinante con Stati esteri (e incuneata tra due realt\u00e0 a statuto speciale), quindi resa speciale dalla legge Delrio; ha spaziato sul tema della <a class=\"dt-pswp-item\" href=\"https:\/\/www.radiopiu.net\/wordpress\/wp-content\/uploads\/2020\/01\/PHOTO-2020-01-31-15-04-52-1.jpg\" data-dt-img-description=\"\" data-large_image_width=\"1600\" data-large_image_height=\"900\"><img loading=\"lazy\" decoding=\"async\" class=\"size-medium wp-image-115447 alignright\" src=\"https:\/\/www.radiopiu.net\/wordpress\/wp-content\/uploads\/2020\/01\/PHOTO-2020-01-31-15-04-52-1-300x169.jpg\" alt=\"\" width=\"300\" height=\"169\" srcset=\"https:\/\/www.radiopiu.net\/wordpress\/wp-content\/uploads\/2020\/01\/PHOTO-2020-01-31-15-04-52-1-300x169.jpg 300w, https:\/\/www.radiopiu.net\/wordpress\/wp-content\/uploads\/2020\/01\/PHOTO-2020-01-31-15-04-52-1-1024x576.jpg 1024w, https:\/\/www.radiopiu.net\/wordpress\/wp-content\/uploads\/2020\/01\/PHOTO-2020-01-31-15-04-52-1-768x432.jpg 768w, https:\/\/www.radiopiu.net\/wordpress\/wp-content\/uploads\/2020\/01\/PHOTO-2020-01-31-15-04-52-1-1536x864.jpg 1536w, https:\/\/www.radiopiu.net\/wordpress\/wp-content\/uploads\/2020\/01\/PHOTO-2020-01-31-15-04-52-1.jpg 1600w\" sizes=\"auto, (max-width: 300px) 100vw, 300px\" \/><\/a>specificit\u00e0 garantita a Belluno dallo statuto regionale del Veneto; ed \u00e8 arrivato ad affrontare il tema caldo dello spopolamento. <em>&#8220;La richiesta che rivolgiamo oggi al ministro, che presiede e coordina il Tavolo nazionale sul regionalismo differenziato &#8211; ha detto Padrin &#8211;\u00a0 \u00e8 di vigilare affinch\u00e9 le singole leggi regionali prevedano e rispettino tali specificit\u00e0. Noi come Province abbiamo proposte per soluzioni concrete per provare a invertire la rotta, attraverso politiche a favore dell&#8217;agricoltura di montagna, servizi alle famiglie, misure attente alle necessit\u00e0 di cittadini e imprese. Adesso abbiamo la necessit\u00e0 che si passi velocemente dalle parole ai fatti. La Provincia di Belluno \u00e8 in prima linea per dare un presente e soprattutto un futuro alle nostre comunit\u00e0\u00bb.<\/em><\/p>\n<p>&nbsp;<\/p>\n<div style=\"width: 640px;\" class=\"wp-video\"><video class=\"wp-video-shortcode\" id=\"video-115450-1\" width=\"640\" height=\"352\" preload=\"metadata\" controls=\"controls\"><source type=\"video\/mp4\" src=\"https:\/\/www.radiopiu.net\/wordpress\/wp-content\/uploads\/2020\/01\/Video-31-01-20-15-49-47.mp4?_=1\" \/><a href=\"https:\/\/www.radiopiu.net\/wordpress\/wp-content\/uploads\/2020\/01\/Video-31-01-20-15-49-47.mp4\">https:\/\/www.radiopiu.net\/wordpress\/wp-content\/uploads\/2020\/01\/Video-31-01-20-15-49-47.mp4<\/a><\/video><\/div>\n<p>&nbsp;<\/p>\n<p>&nbsp;<\/p>\n<hr \/>\n<blockquote><p>&nbsp;<\/p>\n<h3><span style=\"color: #ff0000;\">La montagna, le montagne tornano a essere questione politica nazionale. Ne ha bisogno tutto il Paese\u00a0<\/span><\/h3>\n<\/blockquote>\n<h2>STATI GENERALI DELLA MONTAGNA, BOCCIA ANNUNCIA FONDO NAZIONALE DA 100 MILIONI DI EURO.<\/h2>\n<p><strong><a class=\"dt-pswp-item\" href=\"https:\/\/www.radiopiu.net\/wordpress\/wp-content\/uploads\/2020\/01\/Stati_generali_Montagna_Roma_31_1_2020.jpg\" data-dt-img-description=\"\" data-large_image_width=\"960\" data-large_image_height=\"720\"><img loading=\"lazy\" decoding=\"async\" class=\" wp-image-115457 alignleft\" src=\"https:\/\/www.radiopiu.net\/wordpress\/wp-content\/uploads\/2020\/01\/Stati_generali_Montagna_Roma_31_1_2020-300x225.jpg\" alt=\"\" width=\"212\" height=\"159\" srcset=\"https:\/\/www.radiopiu.net\/wordpress\/wp-content\/uploads\/2020\/01\/Stati_generali_Montagna_Roma_31_1_2020-300x225.jpg 300w, https:\/\/www.radiopiu.net\/wordpress\/wp-content\/uploads\/2020\/01\/Stati_generali_Montagna_Roma_31_1_2020-768x576.jpg 768w, https:\/\/www.radiopiu.net\/wordpress\/wp-content\/uploads\/2020\/01\/Stati_generali_Montagna_Roma_31_1_2020.jpg 960w\" sizes=\"auto, (max-width: 212px) 100vw, 212px\" \/><\/a>ROMA<\/strong> <em>&#8220;La montagna dovr\u00e0 avere un Fondo nazionale dotato di 100 milioni di euro l&#8217;anno. Oggi sono 20 milioni, in diversi fronti di finanziamento. \u00c8 molto importante questo impegno del Ministro Boccia, espresso agli Stati generali della Montagna, per avere un unico Fondo Montagna. \u00c8 la strada giusta che il Parlamento, dopo le mozioni approvate all&#8217;unanimit\u00e0 da 524 Deputati marted\u00ec, non potr\u00e0 non percorrere. I Comuni con Uncem sostengono questa impostazione data dal Ministro&#8221;. <\/em>Lo afferma Marco Bussone presidente dell&#8217;Uncem. Prossimo appuntamento a Roccaraso, convocato direttamente dal Ministro Boccia.<\/p>\n<p>&nbsp;<\/p>\n<p>&nbsp;<\/p>\n<hr \/>\n<blockquote>\n<h3><\/h3>\n<h3><span style=\"color: #ff0000;\">Sono le istituzioni e la politica a dover dare indicazioni chiare agli enti per orientare gli investimenti nelle aree montane<\/span><\/h3>\n<\/blockquote>\n<h3>FONDO UNICO, SEMPLIFICAZIONE NORMATIVA, DIFFERENZIAZIONE FISCALE: LE PROPOSTE SOTTOLINEATE DA DE MENECH<\/h3>\n<p>dalla rassegna stampa delle otto<\/p>\n<audio class=\"wp-audio-shortcode\" id=\"audio-115450-1\" preload=\"none\" style=\"width: 100%;\" controls=\"controls\"><source type=\"audio\/mpeg\" src=\"https:\/\/www.radiopiu.net\/wordpress\/wp-content\/uploads\/2020\/02\/roger.mp3?_=1\" \/><a href=\"https:\/\/www.radiopiu.net\/wordpress\/wp-content\/uploads\/2020\/02\/roger.mp3\">https:\/\/www.radiopiu.net\/wordpress\/wp-content\/uploads\/2020\/02\/roger.mp3<\/a><\/audio>\n<p>&nbsp;<\/p>\n<p><strong><a class=\"dt-pswp-item\" href=\"https:\/\/www.radiopiu.net\/wordpress\/wp-content\/uploads\/2020\/01\/PHOTO-2020-01-31-12-19-41-2.jpg\" data-dt-img-description=\"\" data-large_image_width=\"1600\" data-large_image_height=\"1200\"><img loading=\"lazy\" decoding=\"async\" class=\"wp-image-115459 alignleft\" src=\"https:\/\/www.radiopiu.net\/wordpress\/wp-content\/uploads\/2020\/01\/PHOTO-2020-01-31-12-19-41-2-300x225.jpg\" alt=\"\" width=\"231\" height=\"173\" srcset=\"https:\/\/www.radiopiu.net\/wordpress\/wp-content\/uploads\/2020\/01\/PHOTO-2020-01-31-12-19-41-2-300x225.jpg 300w, https:\/\/www.radiopiu.net\/wordpress\/wp-content\/uploads\/2020\/01\/PHOTO-2020-01-31-12-19-41-2-1024x768.jpg 1024w, https:\/\/www.radiopiu.net\/wordpress\/wp-content\/uploads\/2020\/01\/PHOTO-2020-01-31-12-19-41-2-768x576.jpg 768w, https:\/\/www.radiopiu.net\/wordpress\/wp-content\/uploads\/2020\/01\/PHOTO-2020-01-31-12-19-41-2-1536x1152.jpg 1536w, https:\/\/www.radiopiu.net\/wordpress\/wp-content\/uploads\/2020\/01\/PHOTO-2020-01-31-12-19-41-2.jpg 1600w\" sizes=\"auto, (max-width: 231px) 100vw, 231px\" \/><\/a>ROMA\u00a0<\/strong>\u00a0<em>\u00abL\u2019obiettivo prioritario \u00e8 quello di costruire visioni di sviluppo e azioni concrete per invertire la tendenza allo spopolamento di queste zone. Uno strumento utile, condiviso da tutti i soggetti che hanno partecipato agli Stati generali, sar\u00e0 quello di realizzare un fondo unico per la montagna dotato di 100 milioni di euro, idea lanciata dal ministro Boccia, e di puntare alla semplificazione del quadro normativo, anche pensando alla creazione di un testo unico delle norme che regolano la vita delle aree montane\u00bb. <\/em>Lo ha detto il deputato PD Roger De Menech, sull&#8217;autonomia ha proposto al ministro, che ha accolto, di mettere al centro proprio i territori, affrontando le questioni connesse al principio di sussidiariet\u00e0 ponendo appunto le comunit\u00e0 locali in posizione di assoluta centralit\u00e0 rispetto agli stessi livelli istituzionali maggiori\u00bb.<\/p>\n<p>&nbsp;<\/p>\n<p>&nbsp;<\/p>\n<hr \/>\n<blockquote>\n<h3><span style=\"color: #ff0000;\">Riteniamo indispensabile dare ai nostri sindaci strumenti di programmazione commerciale utili a tutelare la presenza dei negozi.<\/span><\/h3>\n<\/blockquote>\n<h3>URGE UNA POLITICA SPECIFICA PER I NEGOZI E PER IL TURISMO<\/h3>\n<p><strong>BELLUNO<\/strong> Il presidente di Confcommercio Belluno, Paolo Doglioni, non nasconde l\u2019orgoglio e la soddisfazione di aver ricevuto l&#8217;incarico di rappresentare il sistema confederale agli Stati generali della Montagna, la cui assise si \u00e8 tenuta questa mattina a Roma. <em>\u00abSono riconoscente al presidente di Confcommercio Carlo Sangalli di aver raccolto l&#8217;invito a partecipare come sistema associativo a questo importante incontro, dando segno di comprendere, fare proprie e cercare nuovi percorsi per la tutela della rete commerciale del sistema montano. A Roma, a rappresentarci, \u00e8 sceso il direttore Luca Dal Poz, che ha elaborato un intervento nel quale ho chiesto fosse chiara la necessit\u00e0 di strategie specifiche per salvaguardare i nostri operatori\u00bb.<\/em><\/p>\n<p>&nbsp;<\/p>\n<hr \/>\n<blockquote>\n<h3><\/h3>\n<h3><span style=\"color: #ff0000;\">Bene\u00a0 l\u2019aumento di 4milioni di euro nel 2020 per il Fondo per la promozione delle aree svantaggiate confinanti con regioni a statuto speciale annunciato da Boccia<\/span><\/h3>\n<\/blockquote>\n<h3>PUNTO DI PARTENZA, ORA UNA STRATEGIA COORDINATA<\/h3>\n<p>ROMA\u00a0 <em>&#8220;Gli stati generali sulla situazione delle aeree interne montane sono un punto di partenza importante sul quale organizzare una strategia coordinata a tutti i livelli istituzionali. Un momento necessario per ascoltare le richieste provenienti dai territori che vivono il drammatico spopolamento di moltissimi comuni. Coordinamento amministrativo e sburocratizzazione, semplificazione, intervento sul divario digitale, manutenzione del territorio sono elementi che possono stimolare e fornire gli strumenti accanto ai quali strutturare adeguate iniziative di rilancio economico e sociale, che devono essere diversificate e aderenti alle caratteristiche del territorio. Nodo cruciale riguarda la messa a punto di decise politiche nazionali che contrastino il calo delle nascite, tema che riguarda tutto il Paese&#8221;<\/em>. Lo dice il Ministro Federico D&#8217;Inc\u00e0 sottolineando come l&#8217;incontro di ieri testimoni che per tutto il Governo si tratta di un tema prioritario, fondamentale non solo per le aree interessate, ma in chiave sistemica, per tutto il Paese.<\/p>\n<p>&nbsp;<\/p>\n<hr \/>\n<blockquote>\n<h3><span style=\"color: #ff0000;\">Riteniamo indispensabile dare ai nostri sindaci strumenti di programmazione commerciale utili a tutelare la presenza dei negozi.<\/span><\/h3>\n<\/blockquote>\n<h3>URGE UNA POLITICA SPECIFICA PER I NEGOZI E PER IL TURISMO<\/h3>\n<p><strong>BELLUNO<\/strong> Il presidente di Confcommercio Belluno, Paolo Doglioni, non nasconde l\u2019orgoglio e la soddisfazione di aver ricevuto l&#8217;incarico di rappresentare il sistema confederale agli Stati generali della Montagna, la cui assise si \u00e8 tenuta questa mattina a Roma. <em>\u00abSono riconoscente al presidente di Confcommercio Carlo Sangalli di aver raccolto l&#8217;invito a partecipare come sistema associativo a questo importante incontro, dando segno di comprendere, fare proprie e cercare nuovi percorsi per la tutela della rete commerciale del sistema montano. A Roma, a rappresentarci, \u00e8 sceso il direttore Luca Dal Poz, che ha elaborato un intervento nel quale ho chiesto fosse chiara la necessit\u00e0 di strategie specifiche per salvaguardare i nostri operatori\u00bb.<\/em><\/p>\n","protected":false},"excerpt":{"rendered":"<p>IL NUOVO CANALE RADIO PIU INFORMAZIONE su TELEGRAM per ricevere sul tuo telefono le notizie dalla redazione di Radio Pi\u00f9. Gli aggiornamenti in tempo reale. \u00a0RADIO PIU INFORMAZIONE\u00a0 https:\/\/t.me\/radiopiu &nbsp; Dare autonomia ai territori \u00e8 urgente. Non guardando al passato, ma orientandoci al futuro. STATI GENERALI DELLA MONTAGNA, PADRIN: \u00abOTTIMI SEGNALI PER IL NOSTRO TERRITORIO,&hellip;<\/p>\n","protected":false},"author":1,"featured_media":115447,"comment_status":"closed","ping_status":"closed","sticky":false,"template":"","format":"standard","meta":{"_monsterinsights_skip_tracking":false,"_monsterinsights_sitenote_active":false,"_monsterinsights_sitenote_note":"","_monsterinsights_sitenote_category":0,"footnotes":""},"categories":[104,49],"tags":[],"class_list":["post-115450","post","type-post","status-publish","format-standard","has-post-thumbnail","hentry","category-evidenza_3","category-news-18","category-104","category-49","description-off"],"img_url":"https:\/\/www.radiopiu.net\/wordpress\/wp-content\/uploads\/2020\/01\/PHOTO-2020-01-31-15-04-52-1.jpg","_links":{"self":[{"href":"https:\/\/www.radiopiu.net\/wordpress\/wp-json\/wp\/v2\/posts\/115450","targetHints":{"allow":["GET"]}}],"collection":[{"href":"https:\/\/www.radiopiu.net\/wordpress\/wp-json\/wp\/v2\/posts"}],"about":[{"href":"https:\/\/www.radiopiu.net\/wordpress\/wp-json\/wp\/v2\/types\/post"}],"author":[{"embeddable":true,"href":"https:\/\/www.radiopiu.net\/wordpress\/wp-json\/wp\/v2\/users\/1"}],"replies":[{"embeddable":true,"href":"https:\/\/www.radiopiu.net\/wordpress\/wp-json\/wp\/v2\/comments?post=115450"}],"version-history":[{"count":0,"href":"https:\/\/www.radiopiu.net\/wordpress\/wp-json\/wp\/v2\/posts\/115450\/revisions"}],"wp:featuredmedia":[{"embeddable":true,"href":"https:\/\/www.radiopiu.net\/wordpress\/wp-json\/wp\/v2\/media\/115447"}],"wp:attachment":[{"href":"https:\/\/www.radiopiu.net\/wordpress\/wp-json\/wp\/v2\/media?parent=115450"}],"wp:term":[{"taxonomy":"category","embeddable":true,"href":"https:\/\/www.radiopiu.net\/wordpress\/wp-json\/wp\/v2\/categories?post=115450"},{"taxonomy":"post_tag","embeddable":true,"href":"https:\/\/www.radiopiu.net\/wordpress\/wp-json\/wp\/v2\/tags?post=115450"}],"curies":[{"name":"wp","href":"https:\/\/api.w.org\/{rel}","templated":true}]}}