{"id":115483,"date":"2020-01-31T23:58:37","date_gmt":"2020-01-31T22:58:37","guid":{"rendered":"https:\/\/www.radiopiu.net\/wordpress\/?p=115483"},"modified":"2020-01-31T17:31:05","modified_gmt":"2020-01-31T16:31:05","slug":"il-weekend-di-volley-hockey-e-calcio","status":"publish","type":"post","link":"https:\/\/www.radiopiu.net\/wordpress\/il-weekend-di-volley-hockey-e-calcio\/","title":{"rendered":"IL WEEKEND DI VOLLEY, HOCKEY E CALCIO"},"content":{"rendered":"<p><b>VOLLEY <\/b><\/p>\n<p>Turno di riposo per la prima squadra del Volley Club Agordino che ritorner\u00e0 in campo la prossima settimana per disputare l&#8217;ultima partita del girone di andata della Treza Divisione. In campo il settore giovanile della compagine di Agordo. Stasera alle 18 sar\u00e0 il turno della under 16 che al Palarova di Agordo giocher\u00e0 contro il Ponte. Domani partita d&#8217;esordio per l&#8217;under 13 che giocher\u00e0 la prima partita della stagione in casa contro il New Comelico alle 17.<\/p>\n<p><b>HOCKEY<\/b><\/p>\n<p>Quinta giornata del Qualification Round della IHL che vede l&#8217;Alleghe impegnato in trasferta. Le civette giocheranno in terra lombarda contro il Como questa sera alle 18. Partita che Radio Pi\u00f9 seguir\u00e0 in diretta all&#8217;interno di \u201cHockey Al Punto Giusto\u201d. Per il settore giovanile l&#8217;under 19 giocher\u00e0 in trasferta domani alle 18 il derby contro il Cortina. Fassa\/Alleghe under 17 in campo oggi alle 13:30 quando ad Alba Di Canazei si scontrer\u00e0 con il Bressanone. Domani alle 10:30 in campo anche l&#8217;under 15 che giocher\u00e0 in trasferta alle 10:30 contro l&#8217;Appiano la partita valida per la qualificazione della Coppa Italia. Trasferta anche per l&#8217;under 13 che oggi alle 16:30 disputer\u00e0 il match valido per la Coppa Dolomiti contro il Dobbiaco<\/p>\n<p><b>CALCIO<\/b><\/p>\n<p>Il Fiori Barp Mas continua la sua marcia trionfale in Prima Categoria e domani alle 14:45 sar\u00e0 impegnato in trasferta contro il Cadore. Sempre domani, ma alle 10:30, scenderanno in campo anche gli Allievi Regionali del San Giorgio Sedico che giocheranno in casa contro la capolista Treviso.<\/p>\n<blockquote>\n<p style=\"text-align: center;\"><strong>DOMANI ALLE 14:45 SU RADIO PIU&#8217; APPUNTAMENTO CON \u201cDOMENICA PIU&#8217; SPORT\u201d PER SEGUIRE IN DIRETTA LA PARTITA DEL FIORI BARP MAS<\/strong><\/p>\n<\/blockquote>\n","protected":false},"excerpt":{"rendered":"<p>VOLLEY Turno di riposo per la prima squadra del Volley Club Agordino che ritorner\u00e0 in campo la prossima settimana per disputare l&#8217;ultima partita del girone di andata della Treza Divisione. In campo il settore giovanile della compagine di Agordo. Stasera alle 18 sar\u00e0 il turno della under 16 che al Palarova di Agordo giocher\u00e0 contro&hellip;<\/p>\n","protected":false},"author":4,"featured_media":73772,"comment_status":"closed","ping_status":"closed","sticky":false,"template":"","format":"standard","meta":{"_monsterinsights_skip_tracking":false,"_monsterinsights_sitenote_active":false,"_monsterinsights_sitenote_note":"","_monsterinsights_sitenote_category":0,"footnotes":""},"categories":[104,49,72],"tags":[],"class_list":["post-115483","post","type-post","status-publish","format-standard","has-post-thumbnail","hentry","category-evidenza_3","category-news-18","category-sport","category-104","category-49","category-72","description-off"],"img_url":"https:\/\/www.radiopiu.net\/wordpress\/wp-content\/uploads\/2019\/01\/CALCIO-HOCKEY-VOLLEY.jpeg","_links":{"self":[{"href":"https:\/\/www.radiopiu.net\/wordpress\/wp-json\/wp\/v2\/posts\/115483","targetHints":{"allow":["GET"]}}],"collection":[{"href":"https:\/\/www.radiopiu.net\/wordpress\/wp-json\/wp\/v2\/posts"}],"about":[{"href":"https:\/\/www.radiopiu.net\/wordpress\/wp-json\/wp\/v2\/types\/post"}],"author":[{"embeddable":true,"href":"https:\/\/www.radiopiu.net\/wordpress\/wp-json\/wp\/v2\/users\/4"}],"replies":[{"embeddable":true,"href":"https:\/\/www.radiopiu.net\/wordpress\/wp-json\/wp\/v2\/comments?post=115483"}],"version-history":[{"count":0,"href":"https:\/\/www.radiopiu.net\/wordpress\/wp-json\/wp\/v2\/posts\/115483\/revisions"}],"wp:featuredmedia":[{"embeddable":true,"href":"https:\/\/www.radiopiu.net\/wordpress\/wp-json\/wp\/v2\/media\/73772"}],"wp:attachment":[{"href":"https:\/\/www.radiopiu.net\/wordpress\/wp-json\/wp\/v2\/media?parent=115483"}],"wp:term":[{"taxonomy":"category","embeddable":true,"href":"https:\/\/www.radiopiu.net\/wordpress\/wp-json\/wp\/v2\/categories?post=115483"},{"taxonomy":"post_tag","embeddable":true,"href":"https:\/\/www.radiopiu.net\/wordpress\/wp-json\/wp\/v2\/tags?post=115483"}],"curies":[{"name":"wp","href":"https:\/\/api.w.org\/{rel}","templated":true}]}}