{"id":115532,"date":"2020-02-01T05:21:57","date_gmt":"2020-02-01T04:21:57","guid":{"rendered":"https:\/\/www.radiopiu.net\/wordpress\/?p=115532"},"modified":"2020-02-01T09:42:40","modified_gmt":"2020-02-01T08:42:40","slug":"anselmo-cagnati-e-i-suoi-amati-cani-in-norvegia","status":"publish","type":"post","link":"https:\/\/www.radiopiu.net\/wordpress\/anselmo-cagnati-e-i-suoi-amati-cani-in-norvegia\/","title":{"rendered":"ANSELMO CAGNATI E I SUOI AMATI CANI IN NORVEGIA"},"content":{"rendered":"<blockquote>\n<h5 data-ft=\"{&quot;tn&quot;:&quot;C&quot;}\">COLLABORAZIONE, ENZO LOMBARDI, DIRETTA RADIO DALLA NORVEGIA<\/h5>\n<audio class=\"wp-audio-shortcode\" id=\"audio-115532-1\" preload=\"none\" style=\"width: 100%;\" controls=\"controls\"><source type=\"audio\/mpeg\" src=\"https:\/\/www.radiopiu.net\/wordpress\/wp-content\/uploads\/2020\/02\/ENZO.mp3?_=1\" \/><a href=\"https:\/\/www.radiopiu.net\/wordpress\/wp-content\/uploads\/2020\/02\/ENZO.mp3\">https:\/\/www.radiopiu.net\/wordpress\/wp-content\/uploads\/2020\/02\/ENZO.mp3<\/a><\/audio><\/blockquote>\n<blockquote>\n<h5 id=\"u_fetchstream_5_1w\" class=\"_7tae _14f3 _14f5 _5pbw _5vra\" data-ft=\"{&quot;tn&quot;:&quot;C&quot;}\"><em><span class=\"fwn fcg\"><span class=\"fcg\">\u00a0a <a id=\"js_2bm\" class=\"profileLink\" href=\"https:\/\/www.facebook.com\/events\/577846476075957\/?acontext=%7B%22source%22%3A22%2C%22action_history%22%3A%22%5B%7B%5C%22surface%5C%22%3A%5C%22timeline%5C%22%2C%5C%22mechanism%5C%22%3A%5C%22surface%5C%22%2C%5C%22extra_data%5C%22%3A%5B%5D%7D%5D%22%2C%22has_source%22%3Atrue%7D&amp;source=22&amp;action_history=%5B%7B%22surface%22%3A%22timeline%22%2C%22mechanism%22%3A%22surface%22%2C%22extra_data%22%3A%5B%5D%7D%5D&amp;has_source=1&amp;__tn__=C-R&amp;eid=ARBDiOJTm2P7uodE4TbXphF1LAK0JsB5mbn7y92v3GIf-sNSF3-21f6yFlkS8Sr-I3oQLCxHwan47thq&amp;hc_ref=ARQgETfT4DJzc8SX8L9o-HynMGQIcKhheBnLiMvHHzFSvJkyda2iWiqMUfJHHDbp-gM&amp;ref=nf_target&amp;__xts__%5B0%5D=68.ARCfagqUx23O1V3JzsnYwLSc1J1SabmILQrWYa2aQ9yf92gp2B99c2vubdNAoqhbZ0JkNL9Cs2pByLUuNIafII-8oS99FJe1z9gbYaDFAAmRe1bGdGz3vYlSAoL7W71OGYeIVIZ69NNoOcCo201b_8D3tVPbsr2_2s2Urz1AJIDJiYO3O46Rngu9bNrO0q8IWPQEb66THH-BytXPhdEwQ9XWi-YNDXR01VVOl4Sk5izT_0TPj2p3KEeZyvaAiq-0QVCRh0ZCK6Psv1HrtS9KbGNO5zJsQn31j2Hy\" data-hovercard=\"\/ajax\/hovercard\/event.php?id=577846476075957&amp;extragetparams=%7B%22source%22%3A22%2C%22action_history%22%3A%22%5B%7B%5C%22surface%5C%22%3A%5C%22timeline%5C%22%2C%5C%22mechanism%5C%22%3A%5C%22surface%5C%22%2C%5C%22extra_data%5C%22%3A%5B%5D%7D%5D%22%2C%22has_source%22%3Atrue%2C%22__tn__%22%3A%22%2CdC-R-R%22%2C%22eid%22%3A%22ARBDiOJTm2P7uodE4TbXphF1LAK0JsB5mbn7y92v3GIf-sNSF3-21f6yFlkS8Sr-I3oQLCxHwan47thq%22%2C%22hc_ref%22%3A%22ARQgETfT4DJzc8SX8L9o-HynMGQIcKhheBnLiMvHHzFSvJkyda2iWiqMUfJHHDbp-gM%22%2C%22ref%22%3A%22nf_target%22%7D\" data-hovercard-prefer-more-content-show=\"1\" data-hovercard-referer=\"ARQgETfT4DJzc8SX8L9o-HynMGQIcKhheBnLiMvHHzFSvJkyda2iWiqMUfJHHDbp-gM\" aria-describedby=\"u_3p_1\" aria-owns=\"\">Femundl\u00f8pet &#8211; The Femund Race 2020. En magisk opplevelse<\/a>\u00a0con\u00a0<a class=\"profileLink\" title=\"Anselmo Cagnati\" href=\"https:\/\/www.facebook.com\/anselmo.cagnati?__tn__=lC-R&amp;eid=ARCGJt9-FuzjaX7eC_993XaxHG9LGB6w4VxZn9yoDet65LI9BBa8XNPUqT0MH1Zl_IbcgOU5Kc_FNaWw&amp;hc_ref=ARQgETfT4DJzc8SX8L9o-HynMGQIcKhheBnLiMvHHzFSvJkyda2iWiqMUfJHHDbp-gM&amp;ref=nf_target&amp;__xts__%5B0%5D=68.ARCfagqUx23O1V3JzsnYwLSc1J1SabmILQrWYa2aQ9yf92gp2B99c2vubdNAoqhbZ0JkNL9Cs2pByLUuNIafII-8oS99FJe1z9gbYaDFAAmRe1bGdGz3vYlSAoL7W71OGYeIVIZ69NNoOcCo201b_8D3tVPbsr2_2s2Urz1AJIDJiYO3O46Rngu9bNrO0q8IWPQEb66THH-BytXPhdEwQ9XWi-YNDXR01VVOl4Sk5izT_0TPj2p3KEeZyvaAiq-0QVCRh0ZCK6Psv1HrtS9KbGNO5zJsQn31j2Hy\" data-ft=\"{&quot;tn&quot;:&quot;l&quot;}\" data-hovercard=\"\/ajax\/hovercard\/user.php?id=100001790987063&amp;extragetparams=%7B%22__tn__%22%3A%22%2CdlC-R-R%22%2C%22eid%22%3A%22ARCGJt9-FuzjaX7eC_993XaxHG9LGB6w4VxZn9yoDet65LI9BBa8XNPUqT0MH1Zl_IbcgOU5Kc_FNaWw%22%2C%22hc_ref%22%3A%22ARQgETfT4DJzc8SX8L9o-HynMGQIcKhheBnLiMvHHzFSvJkyda2iWiqMUfJHHDbp-gM%22%2C%22ref%22%3A%22nf_target%22%7D\" data-hovercard-prefer-more-content-show=\"1\" data-hovercard-referer=\"ARQgETfT4DJzc8SX8L9o-HynMGQIcKhheBnLiMvHHzFSvJkyda2iWiqMUfJHHDbp-gM\">Anselmo Cagnati<\/a>\u00a0e\u00a0<a class=\"profileLink\" title=\"Luca Fontana\" href=\"https:\/\/www.facebook.com\/lucafonta?__tn__=lC-R&amp;eid=ARCfUZwH5jNjGJe-oZ6RgIqFVQcOoxMy6THzdwMWvd3-9AwcTPQU265a8eR5rrF1jokznFxAHR30chCE&amp;hc_ref=ARQgETfT4DJzc8SX8L9o-HynMGQIcKhheBnLiMvHHzFSvJkyda2iWiqMUfJHHDbp-gM&amp;ref=nf_target&amp;__xts__%5B0%5D=68.ARCfagqUx23O1V3JzsnYwLSc1J1SabmILQrWYa2aQ9yf92gp2B99c2vubdNAoqhbZ0JkNL9Cs2pByLUuNIafII-8oS99FJe1z9gbYaDFAAmRe1bGdGz3vYlSAoL7W71OGYeIVIZ69NNoOcCo201b_8D3tVPbsr2_2s2Urz1AJIDJiYO3O46Rngu9bNrO0q8IWPQEb66THH-BytXPhdEwQ9XWi-YNDXR01VVOl4Sk5izT_0TPj2p3KEeZyvaAiq-0QVCRh0ZCK6Psv1HrtS9KbGNO5zJsQn31j2Hy\" data-ft=\"{&quot;tn&quot;:&quot;l&quot;}\" data-hovercard=\"\/ajax\/hovercard\/user.php?id=1545635419&amp;extragetparams=%7B%22__tn__%22%3A%22%2CdlC-R-R%22%2C%22eid%22%3A%22ARCfUZwH5jNjGJe-oZ6RgIqFVQcOoxMy6THzdwMWvd3-9AwcTPQU265a8eR5rrF1jokznFxAHR30chCE%22%2C%22hc_ref%22%3A%22ARQgETfT4DJzc8SX8L9o-HynMGQIcKhheBnLiMvHHzFSvJkyda2iWiqMUfJHHDbp-gM%22%2C%22ref%22%3A%22nf_target%22%7D\" data-hovercard-prefer-more-content-show=\"1\" data-hovercard-referer=\"ARQgETfT4DJzc8SX8L9o-HynMGQIcKhheBnLiMvHHzFSvJkyda2iWiqMUfJHHDbp-gM\">Luca Fontana<\/a>\u00a0presso\u00a0<a class=\"profileLink\" href=\"https:\/\/www.facebook.com\/Femundlopet\/?__tn__=kC-R&amp;eid=ARDOLbGPOeklNmm7IVW3jySCzqgL3PbMkxWmnCMf3yNPM8JaNvN9SqDuExEvvUhGlJPCneStCgESYKgu&amp;hc_ref=ARQgETfT4DJzc8SX8L9o-HynMGQIcKhheBnLiMvHHzFSvJkyda2iWiqMUfJHHDbp-gM&amp;ref=nf_target&amp;fref=tag&amp;__xts__%5B0%5D=68.ARCfagqUx23O1V3JzsnYwLSc1J1SabmILQrWYa2aQ9yf92gp2B99c2vubdNAoqhbZ0JkNL9Cs2pByLUuNIafII-8oS99FJe1z9gbYaDFAAmRe1bGdGz3vYlSAoL7W71OGYeIVIZ69NNoOcCo201b_8D3tVPbsr2_2s2Urz1AJIDJiYO3O46Rngu9bNrO0q8IWPQEb66THH-BytXPhdEwQ9XWi-YNDXR01VVOl4Sk5izT_0TPj2p3KEeZyvaAiq-0QVCRh0ZCK6Psv1HrtS9KbGNO5zJsQn31j2Hy\" data-ft=\"{&quot;tn&quot;:&quot;k&quot;}\" data-hovercard=\"\/ajax\/hovercard\/page.php?id=161345647266339&amp;extragetparams=%7B%22__tn__%22%3A%22%2CdkC-R-R%22%2C%22eid%22%3A%22ARDOLbGPOeklNmm7IVW3jySCzqgL3PbMkxWmnCMf3yNPM8JaNvN9SqDuExEvvUhGlJPCneStCgESYKgu%22%2C%22hc_ref%22%3A%22ARQgETfT4DJzc8SX8L9o-HynMGQIcKhheBnLiMvHHzFSvJkyda2iWiqMUfJHHDbp-gM%22%2C%22ref%22%3A%22nf_target%22%2C%22fref%22%3A%22tag%22%7D\" data-hovercard-prefer-more-content-show=\"1\" data-hovercard-referer=\"ARQgETfT4DJzc8SX8L9o-HynMGQIcKhheBnLiMvHHzFSvJkyda2iWiqMUfJHHDbp-gM\">Femundl\u00f8pet<\/a>.<\/span><\/span><\/em><\/h5>\n<\/blockquote>\n<p><strong><a class=\"dt-pswp-item\" href=\"https:\/\/www.radiopiu.net\/wordpress\/wp-content\/uploads\/2020\/02\/WhatsApp-Image-2020-02-01-at-06.37.22.jpeg\" data-dt-img-description=\"\" data-large_image_width=\"1600\" data-large_image_height=\"900\"><img loading=\"lazy\" decoding=\"async\" class=\"size-medium wp-image-115550 alignleft\" src=\"https:\/\/www.radiopiu.net\/wordpress\/wp-content\/uploads\/2020\/02\/WhatsApp-Image-2020-02-01-at-06.37.22-300x169.jpeg\" alt=\"\" width=\"300\" height=\"169\" srcset=\"https:\/\/www.radiopiu.net\/wordpress\/wp-content\/uploads\/2020\/02\/WhatsApp-Image-2020-02-01-at-06.37.22-300x169.jpeg 300w, https:\/\/www.radiopiu.net\/wordpress\/wp-content\/uploads\/2020\/02\/WhatsApp-Image-2020-02-01-at-06.37.22-1024x576.jpeg 1024w, https:\/\/www.radiopiu.net\/wordpress\/wp-content\/uploads\/2020\/02\/WhatsApp-Image-2020-02-01-at-06.37.22-768x432.jpeg 768w, https:\/\/www.radiopiu.net\/wordpress\/wp-content\/uploads\/2020\/02\/WhatsApp-Image-2020-02-01-at-06.37.22-1536x864.jpeg 1536w, https:\/\/www.radiopiu.net\/wordpress\/wp-content\/uploads\/2020\/02\/WhatsApp-Image-2020-02-01-at-06.37.22.jpeg 1600w\" sizes=\"auto, (max-width: 300px) 100vw, 300px\" \/><\/a>Partiti 160 equipaggi , presenti circa 1500 cani, solo due italiani partecipanti. La gara ha tre categorie 200, 450 e 650 Km . E \u2018 la gara di Sleddog pi\u00f9 partecipata al mondo . Presenti media da tutta Europa.<\/strong><\/p>\n<p>Rieccolo il &#8220;nostro&#8221; Anselmo Cagnati dalla Valle del Biois alle competizioni con i suoi amici cani.\u00a0 Partenza da Roros. Direzione Tufsingdalen, 64 km di percorso con bufera di neve e gps non funzionanti. Non deve essere stato semplice districarsi in questa situazione ma i cani sanno sempre cosa fare e riescono a portarti a destinazione<br \/>\nLoro hanno il gps incorporato&#8230;probabilmente anche Anselmo.<\/p>\n<p>Anselmo Cagnati corre per la categoria F200 con il numero 229<span class=\"_5mfr\"><span class=\"_6qdm\">&#x1f1ee;&#x1f1f9; <\/span><\/span><span class=\"text_exposed_show\">\u00a0Luca Fontana con il 232\u00a0<span class=\"_5mfr\"><span class=\"_6qdm\">&#x1f1ee;&#x1f1f9;\u00a0<\/span><\/span><\/span><\/p>\n<p>https:\/\/www.facebook.com\/tulliola.romanogargarella\/videos\/2862309947190865\/<\/p>\n<p>R\u00f8ros \u00e8 un comune norvegese della contea di S\u00f8r-Tr\u00f8ndelag, situata all&#8217;interno della regione centrale del Gauldalen. Le origini della citt\u00e0 risalgono all&#8217;anno 1530 quando fu costruita sul terreno della fattoria R\u00f8raas, dalla quale ha ripreso il nome Dal 1980 la citt\u00e0 \u00e8 stata inserita tra i patrimoni dell&#8217;umanit\u00e0 dell&#8217;UNESCO<\/p>\n<p>PER SEGUIRE PAGINA FACEBOOK <a href=\"https:\/\/www.facebook.com\/tulliola.romanogargarella\">CLICCA QUI<\/a><\/p>\n<p><strong>Arrivo di Anselmo al primo checkpoint questa notte<\/strong><\/p>\n<div style=\"width: 848px;\" class=\"wp-video\"><video class=\"wp-video-shortcode\" id=\"video-115532-1\" width=\"848\" height=\"480\" preload=\"metadata\" controls=\"controls\"><source type=\"video\/mp4\" src=\"https:\/\/www.radiopiu.net\/wordpress\/wp-content\/uploads\/2020\/02\/WhatsApp-Video-2020-02-01-at-06.30.12.mp4?_=1\" \/><a href=\"https:\/\/www.radiopiu.net\/wordpress\/wp-content\/uploads\/2020\/02\/WhatsApp-Video-2020-02-01-at-06.30.12.mp4\">https:\/\/www.radiopiu.net\/wordpress\/wp-content\/uploads\/2020\/02\/WhatsApp-Video-2020-02-01-at-06.30.12.mp4<\/a><\/video><\/div>\n<p>&nbsp;<\/p>\n","protected":false},"excerpt":{"rendered":"<p>COLLABORAZIONE, ENZO LOMBARDI, DIRETTA RADIO DALLA NORVEGIA \u00a0a Femundl\u00f8pet &#8211; The Femund Race 2020. En magisk opplevelse\u00a0con\u00a0Anselmo Cagnati\u00a0e\u00a0Luca Fontana\u00a0presso\u00a0Femundl\u00f8pet. Partiti 160 equipaggi , presenti circa 1500 cani, solo due italiani partecipanti. La gara ha tre categorie 200, 450 e 650 Km . E \u2018 la gara di Sleddog pi\u00f9 partecipata al mondo . Presenti media&hellip;<\/p>\n","protected":false},"author":1,"featured_media":115533,"comment_status":"closed","ping_status":"closed","sticky":false,"template":"","format":"standard","meta":{"_monsterinsights_skip_tracking":false,"_monsterinsights_sitenote_active":false,"_monsterinsights_sitenote_note":"","_monsterinsights_sitenote_category":0,"footnotes":""},"categories":[104,49],"tags":[],"class_list":["post-115532","post","type-post","status-publish","format-standard","has-post-thumbnail","hentry","category-evidenza_3","category-news-18","category-104","category-49","description-off"],"img_url":"https:\/\/www.radiopiu.net\/wordpress\/wp-content\/uploads\/2020\/02\/84077897_2861046380650555_7939442085415878656_o.jpg","_links":{"self":[{"href":"https:\/\/www.radiopiu.net\/wordpress\/wp-json\/wp\/v2\/posts\/115532","targetHints":{"allow":["GET"]}}],"collection":[{"href":"https:\/\/www.radiopiu.net\/wordpress\/wp-json\/wp\/v2\/posts"}],"about":[{"href":"https:\/\/www.radiopiu.net\/wordpress\/wp-json\/wp\/v2\/types\/post"}],"author":[{"embeddable":true,"href":"https:\/\/www.radiopiu.net\/wordpress\/wp-json\/wp\/v2\/users\/1"}],"replies":[{"embeddable":true,"href":"https:\/\/www.radiopiu.net\/wordpress\/wp-json\/wp\/v2\/comments?post=115532"}],"version-history":[{"count":0,"href":"https:\/\/www.radiopiu.net\/wordpress\/wp-json\/wp\/v2\/posts\/115532\/revisions"}],"wp:featuredmedia":[{"embeddable":true,"href":"https:\/\/www.radiopiu.net\/wordpress\/wp-json\/wp\/v2\/media\/115533"}],"wp:attachment":[{"href":"https:\/\/www.radiopiu.net\/wordpress\/wp-json\/wp\/v2\/media?parent=115532"}],"wp:term":[{"taxonomy":"category","embeddable":true,"href":"https:\/\/www.radiopiu.net\/wordpress\/wp-json\/wp\/v2\/categories?post=115532"},{"taxonomy":"post_tag","embeddable":true,"href":"https:\/\/www.radiopiu.net\/wordpress\/wp-json\/wp\/v2\/tags?post=115532"}],"curies":[{"name":"wp","href":"https:\/\/api.w.org\/{rel}","templated":true}]}}