{"id":115692,"date":"2020-02-02T16:22:54","date_gmt":"2020-02-02T15:22:54","guid":{"rendered":"https:\/\/www.radiopiu.net\/wordpress\/?p=115692"},"modified":"2020-02-02T17:51:28","modified_gmt":"2020-02-02T16:51:28","slug":"in-norvegia-anselmo-cagnati-con-i-suoi-cani-fa-fare-bella-figura-allitalia","status":"publish","type":"post","link":"https:\/\/www.radiopiu.net\/wordpress\/in-norvegia-anselmo-cagnati-con-i-suoi-cani-fa-fare-bella-figura-allitalia\/","title":{"rendered":"IN NORVEGIA ANSELMO CAGNATI CON I SUOI CANI FA FARE BELLA FIGURA ALL&#8217;ITALIA"},"content":{"rendered":"<p>collaborazione Enzo Lombardi<\/p>\n<h3><a class=\"dt-pswp-item\" href=\"https:\/\/www.radiopiu.net\/wordpress\/wp-content\/uploads\/2020\/02\/WhatsApp-Image-2020-02-01-at-20.17.02.jpeg\" data-dt-img-description=\"\" data-large_image_width=\"573\" data-large_image_height=\"533\"><img loading=\"lazy\" decoding=\"async\" class=\" wp-image-115695 alignleft\" src=\"https:\/\/www.radiopiu.net\/wordpress\/wp-content\/uploads\/2020\/02\/WhatsApp-Image-2020-02-01-at-20.17.02-300x279.jpeg\" alt=\"\" width=\"215\" height=\"200\" srcset=\"https:\/\/www.radiopiu.net\/wordpress\/wp-content\/uploads\/2020\/02\/WhatsApp-Image-2020-02-01-at-20.17.02-300x279.jpeg 300w, https:\/\/www.radiopiu.net\/wordpress\/wp-content\/uploads\/2020\/02\/WhatsApp-Image-2020-02-01-at-20.17.02.jpeg 573w\" sizes=\"auto, (max-width: 215px) 100vw, 215px\" \/><\/a>Luca Fontana sedicesimo e subito dietro al ventunesimo posto Anselmo Cagnati. Finisce cos\u00ec in Norvegia la gara sleddog pi\u00f9 conosciuta al mondo. Il percorso di 220Km \u00e8 stato coperto in 1 giorno, 7 ore, 11 minuti con 3 check point e soste di 4, 6 e 2 ore. I Team partiti per la 200Km erano 41. Portare a termine una gara del genere \u00e8 di per se un <a class=\"dt-pswp-item\" href=\"https:\/\/www.radiopiu.net\/wordpress\/wp-content\/uploads\/2020\/02\/83823431_2865839850171208_4037250789880627200_o.jpg\" data-dt-img-description=\"\" data-large_image_width=\"960\" data-large_image_height=\"540\"><img loading=\"lazy\" decoding=\"async\" class=\"size-medium wp-image-115693 alignright\" src=\"https:\/\/www.radiopiu.net\/wordpress\/wp-content\/uploads\/2020\/02\/83823431_2865839850171208_4037250789880627200_o-300x169.jpg\" alt=\"\" width=\"300\" height=\"169\" srcset=\"https:\/\/www.radiopiu.net\/wordpress\/wp-content\/uploads\/2020\/02\/83823431_2865839850171208_4037250789880627200_o-300x169.jpg 300w, https:\/\/www.radiopiu.net\/wordpress\/wp-content\/uploads\/2020\/02\/83823431_2865839850171208_4037250789880627200_o-768x432.jpg 768w, https:\/\/www.radiopiu.net\/wordpress\/wp-content\/uploads\/2020\/02\/83823431_2865839850171208_4037250789880627200_o.jpg 960w\" sizes=\"auto, (max-width: 300px) 100vw, 300px\" \/><\/a>grandissimo successo. La muta di Anselmo Cagnati \u00e8 stata per tutta la gara guidata da Nanuk splendida femmina di husky di 8 anni affiancata da Florence altra femmina.<\/h3>\n<div class=\"s_p1864b9ox g_p1864h5kg clearfix\">\n<div class=\"clearfix v_p1864b7y4\">\n<div class=\"clearfix _42ef\">\n<div class=\"c_p1864b7y3\">\n<div>\n<div class=\"_6a _5u5j\">\n<div class=\"_6a _5u5j _6b\">\n<h5 id=\"u_ps_fetchstream_1_5_e\" class=\"_7tae _14f3 _14f5 _5pbw _5vra\" data-ft=\"{&quot;tn&quot;:&quot;C&quot;}\"><span class=\"fwn fcg\"><span class=\"fcg\"><span class=\"fwb\"><a id=\"js_rn\" class=\"profileLink\" title=\"Tulliola Romano Gargarella\" href=\"https:\/\/www.facebook.com\/tulliola.romanogargarella?__tn__=%2CdlC-R-R&amp;eid=ARD_2j0Du_-v04KqW-2_D0fJZHm9svxt3P643Fox3N0kNtGzVucE350Vida0Di-bpbTtLp2OX8wem5zw&amp;hc_ref=ARRpNPn6VeO0GTXuM6cm5g0RRJepaY-l0SbDPome2Dtnlv7cw6J6O-MbV-mrOsEDvhc&amp;ref=nf_target\" data-ft=\"{&quot;tn&quot;:&quot;l&quot;}\" data-hovercard=\"\/ajax\/hovercard\/user.php?id=100002356633885&amp;extragetparams=%7B%22__tn__%22%3A%22%2CdlC-R-R%22%2C%22eid%22%3A%22ARD_2j0Du_-v04KqW-2_D0fJZHm9svxt3P643Fox3N0kNtGzVucE350Vida0Di-bpbTtLp2OX8wem5zw%22%2C%22hc_ref%22%3A%22ARRpNPn6VeO0GTXuM6cm5g0RRJepaY-l0SbDPome2Dtnlv7cw6J6O-MbV-mrOsEDvhc%22%2C%22ref%22%3A%22nf_target%22%7D\" data-hovercard-prefer-more-content-show=\"1\" data-hovercard-referer=\"ARRpNPn6VeO0GTXuM6cm5g0RRJepaY-l0SbDPome2Dtnlv7cw6J6O-MbV-mrOsEDvhc\" aria-describedby=\"u_1c_1\" aria-owns=\"js_rm\">Tulliola Romano Gargarella<\/a><\/span> : <\/span><\/span>Ecco arrivato il gran finale tanto atteso!. Sono circa le 19.50 del 1 febbraio 2020 e sono trascorse circa 30 ore da quando Anselmo Cagnati con il suo team ha iniziato questa avventura. Ma ora che sta arrivando con tutti i nostri cani il cuore mi si stringe. Si chiama commozione. Il team di Anselmo \u00e8 partito dall&#8217;ultimo check point attorno alle 16.00 e dopo aver incontrato molta nebbia e neve bagnata (effetto anomalo per questa stagione) eccolo finalmente arrivare al traguard<span class=\"text_exposed_show\" style=\"font-size: 14px; font-weight: normal;\">o. <\/span>In lontananza si vedono alcune luci e infatti Anselmo arriva assieme ad altri 3 team. Tutti i cani stanno bene e questo \u00e8 fondamentale. Probabilmente con gli applausi che ricevono percepiscono che la gara \u00e8 terminata. Per quanto riguarda la classifica generale, considerando i siberian husky il team di Luca Fontana \u00e8 arrivato quarto mentre quello di Anselmo Cagnati \u00e8 arrivato quinto. \u00c8 una grande soddisfazione considerato il fatto che sono trascorsi 5 anni da quando un musher italiano ha finito questa gara.<\/h5>\n<\/div>\n<\/div>\n<\/div>\n<\/div>\n<\/div>\n<\/div>\n<\/div>\n<p><span style=\"color: #0000ff;\"><strong>IL NUOVO CANALE RADIO PIU INFORMAZIONE su TELEGRAM <\/strong><\/span><strong>per ricevere sul tuo telefono le notizie dalla redazione di Radio Pi\u00f9. Gli aggiornamenti in tempo reale. <\/strong><span style=\"color: #0000ff;\">\u00a0<\/span><span style=\"color: #0000ff;\">RADIO PIU INFORMAZIONE\u00a0<a href=\"https:\/\/t.me\/radiopiu\"> https:\/\/t.me\/radiopiu<\/a><\/span><\/p>\n<p>&nbsp;<\/p>\n<p>&nbsp;<\/p>\n<h2>DAL GIORNALE RADIO PIU DI SABATO<\/h2>\n<blockquote class=\"wp-embedded-content\" data-secret=\"atkixXVW4M\"><p><a href=\"https:\/\/www.radiopiu.net\/wordpress\/anselmo-cagnati-e-i-suoi-amati-cani-in-norvegia\/\">ANSELMO CAGNATI E I SUOI AMATI CANI IN NORVEGIA<\/a><\/p><\/blockquote>\n<p><iframe loading=\"lazy\" title=\"&#8220;ANSELMO CAGNATI E I SUOI AMATI CANI IN NORVEGIA&#8221; &#8212; Radio Pi\u00f9\" class=\"wp-embedded-content\" sandbox=\"allow-scripts\" security=\"restricted\" style=\"position: absolute; clip: rect(1px, 1px, 1px, 1px);\" src=\"https:\/\/www.radiopiu.net\/wordpress\/anselmo-cagnati-e-i-suoi-amati-cani-in-norvegia\/embed\/#?secret=atkixXVW4M\" data-secret=\"atkixXVW4M\" width=\"600\" height=\"338\" frameborder=\"0\" marginwidth=\"0\" marginheight=\"0\" scrolling=\"no\"><\/iframe><\/p>\n","protected":false},"excerpt":{"rendered":"<p>collaborazione Enzo Lombardi Luca Fontana sedicesimo e subito dietro al ventunesimo posto Anselmo Cagnati. Finisce cos\u00ec in Norvegia la gara sleddog pi\u00f9 conosciuta al mondo. Il percorso di 220Km \u00e8 stato coperto in 1 giorno, 7 ore, 11 minuti con 3 check point e soste di 4, 6 e 2 ore. I Team partiti per&hellip;<\/p>\n","protected":false},"author":1,"featured_media":115695,"comment_status":"closed","ping_status":"closed","sticky":false,"template":"","format":"standard","meta":{"_monsterinsights_skip_tracking":false,"_monsterinsights_sitenote_active":false,"_monsterinsights_sitenote_note":"","_monsterinsights_sitenote_category":0,"footnotes":""},"categories":[51,49],"tags":[],"class_list":["post-115692","post","type-post","status-publish","format-standard","has-post-thumbnail","hentry","category-evidenza-top","category-news-18","category-51","category-49","description-off"],"img_url":"https:\/\/www.radiopiu.net\/wordpress\/wp-content\/uploads\/2020\/02\/WhatsApp-Image-2020-02-01-at-20.17.02.jpeg","_links":{"self":[{"href":"https:\/\/www.radiopiu.net\/wordpress\/wp-json\/wp\/v2\/posts\/115692","targetHints":{"allow":["GET"]}}],"collection":[{"href":"https:\/\/www.radiopiu.net\/wordpress\/wp-json\/wp\/v2\/posts"}],"about":[{"href":"https:\/\/www.radiopiu.net\/wordpress\/wp-json\/wp\/v2\/types\/post"}],"author":[{"embeddable":true,"href":"https:\/\/www.radiopiu.net\/wordpress\/wp-json\/wp\/v2\/users\/1"}],"replies":[{"embeddable":true,"href":"https:\/\/www.radiopiu.net\/wordpress\/wp-json\/wp\/v2\/comments?post=115692"}],"version-history":[{"count":0,"href":"https:\/\/www.radiopiu.net\/wordpress\/wp-json\/wp\/v2\/posts\/115692\/revisions"}],"wp:featuredmedia":[{"embeddable":true,"href":"https:\/\/www.radiopiu.net\/wordpress\/wp-json\/wp\/v2\/media\/115695"}],"wp:attachment":[{"href":"https:\/\/www.radiopiu.net\/wordpress\/wp-json\/wp\/v2\/media?parent=115692"}],"wp:term":[{"taxonomy":"category","embeddable":true,"href":"https:\/\/www.radiopiu.net\/wordpress\/wp-json\/wp\/v2\/categories?post=115692"},{"taxonomy":"post_tag","embeddable":true,"href":"https:\/\/www.radiopiu.net\/wordpress\/wp-json\/wp\/v2\/tags?post=115692"}],"curies":[{"name":"wp","href":"https:\/\/api.w.org\/{rel}","templated":true}]}}