{"id":115812,"date":"2020-02-08T10:00:38","date_gmt":"2020-02-08T09:00:38","guid":{"rendered":"https:\/\/www.radiopiu.net\/wordpress\/?p=115812"},"modified":"2020-02-03T09:17:47","modified_gmt":"2020-02-03T08:17:47","slug":"la-mia-vita-inizia-dove-finisce-il-divano","status":"publish","type":"post","link":"https:\/\/www.radiopiu.net\/wordpress\/la-mia-vita-inizia-dove-finisce-il-divano\/","title":{"rendered":"LA MIA VITA INIZIA DOVE FINISCE IL DIVANO"},"content":{"rendered":"<p><strong>LA MIA VITA INIZIA DOVE FINISCE IL DIVANO<\/strong>, Veronica \u2013 partendo dalla sua storia e dalle esperienze vissute sulla sua pelle \u2013 dimostra che si pu\u00f2 rinascere, si pu\u00f2 credere in s\u00e9 stesse, si pu\u00f2 ricominciare. Perch\u00e9 l\u2019Ormai non esiste. Self-help.<\/p>\n<audio class=\"wp-audio-shortcode\" id=\"audio-115812-1\" preload=\"none\" style=\"width: 100%;\" controls=\"controls\"><source type=\"audio\/mpeg\" src=\"https:\/\/www.radiopiu.net\/wordpress\/wp-content\/uploads\/2020\/02\/DUE-MINUTI-SAB.mp3?_=1\" \/><a href=\"https:\/\/www.radiopiu.net\/wordpress\/wp-content\/uploads\/2020\/02\/DUE-MINUTI-SAB.mp3\">https:\/\/www.radiopiu.net\/wordpress\/wp-content\/uploads\/2020\/02\/DUE-MINUTI-SAB.mp3<\/a><\/audio>\n","protected":false},"excerpt":{"rendered":"<p>LA MIA VITA INIZIA DOVE FINISCE IL DIVANO, Veronica \u2013 partendo dalla sua storia e dalle esperienze vissute sulla sua pelle \u2013 dimostra che si pu\u00f2 rinascere, si pu\u00f2 credere in s\u00e9 stesse, si pu\u00f2 ricominciare. Perch\u00e9 l\u2019Ormai non esiste. Self-help.<\/p>\n","protected":false},"author":1,"featured_media":115813,"comment_status":"closed","ping_status":"closed","sticky":false,"template":"","format":"standard","meta":{"_monsterinsights_skip_tracking":false,"_monsterinsights_sitenote_active":false,"_monsterinsights_sitenote_note":"","_monsterinsights_sitenote_category":0,"footnotes":""},"categories":[116],"tags":[],"class_list":["post-115812","post","type-post","status-publish","format-standard","has-post-thumbnail","hentry","category-due-minuti","category-116","description-off"],"img_url":"https:\/\/www.radiopiu.net\/wordpress\/wp-content\/uploads\/2020\/02\/divano.jpg","_links":{"self":[{"href":"https:\/\/www.radiopiu.net\/wordpress\/wp-json\/wp\/v2\/posts\/115812","targetHints":{"allow":["GET"]}}],"collection":[{"href":"https:\/\/www.radiopiu.net\/wordpress\/wp-json\/wp\/v2\/posts"}],"about":[{"href":"https:\/\/www.radiopiu.net\/wordpress\/wp-json\/wp\/v2\/types\/post"}],"author":[{"embeddable":true,"href":"https:\/\/www.radiopiu.net\/wordpress\/wp-json\/wp\/v2\/users\/1"}],"replies":[{"embeddable":true,"href":"https:\/\/www.radiopiu.net\/wordpress\/wp-json\/wp\/v2\/comments?post=115812"}],"version-history":[{"count":0,"href":"https:\/\/www.radiopiu.net\/wordpress\/wp-json\/wp\/v2\/posts\/115812\/revisions"}],"wp:featuredmedia":[{"embeddable":true,"href":"https:\/\/www.radiopiu.net\/wordpress\/wp-json\/wp\/v2\/media\/115813"}],"wp:attachment":[{"href":"https:\/\/www.radiopiu.net\/wordpress\/wp-json\/wp\/v2\/media?parent=115812"}],"wp:term":[{"taxonomy":"category","embeddable":true,"href":"https:\/\/www.radiopiu.net\/wordpress\/wp-json\/wp\/v2\/categories?post=115812"},{"taxonomy":"post_tag","embeddable":true,"href":"https:\/\/www.radiopiu.net\/wordpress\/wp-json\/wp\/v2\/tags?post=115812"}],"curies":[{"name":"wp","href":"https:\/\/api.w.org\/{rel}","templated":true}]}}