{"id":115839,"date":"2020-02-04T05:45:41","date_gmt":"2020-02-04T04:45:41","guid":{"rendered":"https:\/\/www.radiopiu.net\/wordpress\/?p=115839"},"modified":"2020-02-04T06:11:46","modified_gmt":"2020-02-04T05:11:46","slug":"al","status":"publish","type":"post","link":"https:\/\/www.radiopiu.net\/wordpress\/al\/","title":{"rendered":"TANGENZIALE DI ALLEGHE NEI PROGETTI DELLA REGIONE"},"content":{"rendered":"<blockquote>\n<h2><\/h2>\n<\/blockquote>\n<p align=\"JUSTIFY\"><span style=\"font-size: large;\"><b><img loading=\"lazy\" decoding=\"async\" class=\"alignleft\" src=\"https:\/\/www.radiopiu.net\/wordpress\/wp-content\/uploads\/2019\/09\/alleghe-1.jpg\" width=\"256\" height=\"204\" \/>VENEZIA\u00a0<\/b> Da tempo non si parlava di tangenziale ad Alleghe, ma l&#8217;argomento ritorna prepotentemente d&#8217;attualit\u00e0 nelle ultime ore dopo le comunicazioni della Regione che nei 5 milioni e mezzo di progetti per il 2020 ha inserito anche la variante alle 203 agordina per bypassare l&#8217;abitato di Alleghe. &#8220;E&#8217; una sorpresa &#8211; dice il sindaco Danilo De Toni &#8211; che se si concretizzer\u00e0 porter\u00e0 benefici a tutta la Val Cordevole, c&#8217;\u00e8 poi li problema a valle, a Cenenighe. Un passo alla volta per risolvere i problemi dell&#8217;Agordino&#8221;. Possibili soluzioni sulla destra o sinistra del lago, sicuramente non a raso, ma si attendono le idee progettuali di Veneto Strade.<br \/>\n<\/span><\/p>\n<p align=\"JUSTIFY\"><em>\u201c<\/em><span style=\"font-size: medium;\"><em>Altre centinaia di cantieri pronti per il ripristino delle opere viabilistiche.Priorit\u00e0 assoluta per il risarcimento danni. Sono circa 280 milioni di risorse che si sommano ai 468 milioni del piano 2019, non ci siamo mai fermati&#8221;.<\/em> <\/span><span style=\"font-size: medium;\">Cos\u00ec il presidente della Regione del Veneto in qualit\u00e0 di Commissario Delegato. <strong>L&#8217;INTERVENTO PIU&#8217; IMPORTANTE<\/strong> \u00e8 <\/span><span style=\"font-size: medium;\">lo svincolo per Cibiana. <em>&#8220;<\/em><\/span><em><span style=\"font-size: medium;\">\u00c8 un\u2019opera fondamentale in vista delle Olimpiadi, che puntiamo possa essere realizzata prima dei Mondiali 2021\u201d, <\/span><\/em><span style=\"font-size: medium;\">dice il Commissario Zaia.<\/span><\/p>\n<p align=\"JUSTIFY\"><b style=\"font-size: medium;\">COMUNI. <\/b><span style=\"font-size: medium;\">\u00a040 milioni verranno destinati ai 24 Comuni maggiormente colpiti; i rimanenti 20 milioni sono destinati ai 64 Comuni colpiti con minore intensit\u00e0. <\/span><span style=\"font-size: medium;\"><b>OPERE IDRAULICHE.<\/b> 100 milioni. <\/span><span style=\"font-size: medium;\"><b>STRADE<\/b> Oltre 45 milioni. <\/span><span style=\"font-size: medium;\"><b>SERRAI DI SOTTOGUDA<\/b> impegnati 8,5 milioni di euro. Nel 2019 sono stati avviati i lavori per circa 2 milioni con l\u2019obiettivo di rendere la zona sicura in caso di eventi della portata di Vaia. <\/span><b style=\"font-size: medium;\">PROGETTAZIONI.<\/b><span style=\"font-size: medium;\"> Circa 5,5 milioni di euro nel piano 2020 sono destinati alla redazione di progetti esecutivi di opere strategiche come, ad esempio, il nuovo ponte in sostituzione del ponte Bailey sul fiume Piave a Belluno, l\u2019aumento della resilienza dei collegamenti intervallivi, come, ad esempio, la variante al tracciato della SR 203 per bypassare l&#8217;abitato di Alleghe, la galleria Pala Rossa ed il ponte sul torrente Cismon in localit\u00e0 Ponte Oltra nei Comuni di Lamon e Sovramonte. <\/span><span style=\"font-size: medium;\"><b>OPERE DI RIPRISTINO AMBIENTALE.<\/b> Circa 3 milioni di euro riguardano interventi di ripristino del patrimonio ittico in ambiente montano.<\/span><\/p>\n<p align=\"JUSTIFY\"><strong>DALLA RASSEGNA STAMPA DELLE OTTO, IL SINDACO DANILO DE TONI<\/strong><\/p>\n<audio class=\"wp-audio-shortcode\" id=\"audio-115839-1\" preload=\"none\" style=\"width: 100%;\" controls=\"controls\"><source type=\"audio\/mpeg\" src=\"https:\/\/www.radiopiu.net\/wordpress\/wp-content\/uploads\/2020\/02\/danilo-de-toni.mp3?_=1\" \/><a href=\"https:\/\/www.radiopiu.net\/wordpress\/wp-content\/uploads\/2020\/02\/danilo-de-toni.mp3\">https:\/\/www.radiopiu.net\/wordpress\/wp-content\/uploads\/2020\/02\/danilo-de-toni.mp3<\/a><\/audio>\n<p>&nbsp;<\/p>\n<h3>DAL CORRIERE DELLE ALPI, GIANNI SANTOMASO<\/h3>\n<audio class=\"wp-audio-shortcode\" id=\"audio-115839-2\" preload=\"none\" style=\"width: 100%;\" controls=\"controls\"><source type=\"audio\/mpeg\" src=\"https:\/\/www.radiopiu.net\/wordpress\/wp-content\/uploads\/2020\/02\/GIANNI-ALLEGHE.mp3?_=2\" \/><a href=\"https:\/\/www.radiopiu.net\/wordpress\/wp-content\/uploads\/2020\/02\/GIANNI-ALLEGHE.mp3\">https:\/\/www.radiopiu.net\/wordpress\/wp-content\/uploads\/2020\/02\/GIANNI-ALLEGHE.mp3<\/a><\/audio>\n<p>&nbsp;<\/p>\n<p>&nbsp;<\/p>\n","protected":false},"excerpt":{"rendered":"<p>VENEZIA\u00a0 Da tempo non si parlava di tangenziale ad Alleghe, ma l&#8217;argomento ritorna prepotentemente d&#8217;attualit\u00e0 nelle ultime ore dopo le comunicazioni della Regione che nei 5 milioni e mezzo di progetti per il 2020 ha inserito anche la variante alle 203 agordina per bypassare l&#8217;abitato di Alleghe. &#8220;E&#8217; una sorpresa &#8211; dice il sindaco Danilo&hellip;<\/p>\n","protected":false},"author":1,"featured_media":98735,"comment_status":"closed","ping_status":"closed","sticky":false,"template":"","format":"standard","meta":{"_monsterinsights_skip_tracking":false,"_monsterinsights_sitenote_active":false,"_monsterinsights_sitenote_note":"","_monsterinsights_sitenote_category":0,"footnotes":""},"categories":[51,49],"tags":[],"class_list":["post-115839","post","type-post","status-publish","format-standard","has-post-thumbnail","hentry","category-evidenza-top","category-news-18","category-51","category-49","description-off"],"img_url":"https:\/\/www.radiopiu.net\/wordpress\/wp-content\/uploads\/2019\/09\/alleghe-1.jpg","_links":{"self":[{"href":"https:\/\/www.radiopiu.net\/wordpress\/wp-json\/wp\/v2\/posts\/115839","targetHints":{"allow":["GET"]}}],"collection":[{"href":"https:\/\/www.radiopiu.net\/wordpress\/wp-json\/wp\/v2\/posts"}],"about":[{"href":"https:\/\/www.radiopiu.net\/wordpress\/wp-json\/wp\/v2\/types\/post"}],"author":[{"embeddable":true,"href":"https:\/\/www.radiopiu.net\/wordpress\/wp-json\/wp\/v2\/users\/1"}],"replies":[{"embeddable":true,"href":"https:\/\/www.radiopiu.net\/wordpress\/wp-json\/wp\/v2\/comments?post=115839"}],"version-history":[{"count":0,"href":"https:\/\/www.radiopiu.net\/wordpress\/wp-json\/wp\/v2\/posts\/115839\/revisions"}],"wp:featuredmedia":[{"embeddable":true,"href":"https:\/\/www.radiopiu.net\/wordpress\/wp-json\/wp\/v2\/media\/98735"}],"wp:attachment":[{"href":"https:\/\/www.radiopiu.net\/wordpress\/wp-json\/wp\/v2\/media?parent=115839"}],"wp:term":[{"taxonomy":"category","embeddable":true,"href":"https:\/\/www.radiopiu.net\/wordpress\/wp-json\/wp\/v2\/categories?post=115839"},{"taxonomy":"post_tag","embeddable":true,"href":"https:\/\/www.radiopiu.net\/wordpress\/wp-json\/wp\/v2\/tags?post=115839"}],"curies":[{"name":"wp","href":"https:\/\/api.w.org\/{rel}","templated":true}]}}