{"id":116056,"date":"2020-02-06T05:58:44","date_gmt":"2020-02-06T04:58:44","guid":{"rendered":"https:\/\/www.radiopiu.net\/wordpress\/?p=116056"},"modified":"2020-02-06T05:57:55","modified_gmt":"2020-02-06T04:57:55","slug":"descoron-de-i-ort-venerdi-a-vallada","status":"publish","type":"post","link":"https:\/\/www.radiopiu.net\/wordpress\/descoron-de-i-ort-venerdi-a-vallada\/","title":{"rendered":"&#8220;DESCORON DE I ORT&#8221;, VENERDI A VALLADA"},"content":{"rendered":"<blockquote>\n<h3><strong style=\"font-size: 14px;\"><a class=\"dt-pswp-item\" href=\"https:\/\/www.radiopiu.net\/wordpress\/wp-content\/uploads\/2020\/02\/2acec8b3-4f6c-4f0b-93ff-b20dbf8c0d6e.jpg\" data-dt-img-description=\"\" data-large_image_width=\"1131\" data-large_image_height=\"1600\"><img loading=\"lazy\" decoding=\"async\" class=\" wp-image-116054 alignleft\" src=\"https:\/\/www.radiopiu.net\/wordpress\/wp-content\/uploads\/2020\/02\/2acec8b3-4f6c-4f0b-93ff-b20dbf8c0d6e-212x300.jpg\" alt=\"\" width=\"172\" height=\"243\" srcset=\"https:\/\/www.radiopiu.net\/wordpress\/wp-content\/uploads\/2020\/02\/2acec8b3-4f6c-4f0b-93ff-b20dbf8c0d6e-212x300.jpg 212w, https:\/\/www.radiopiu.net\/wordpress\/wp-content\/uploads\/2020\/02\/2acec8b3-4f6c-4f0b-93ff-b20dbf8c0d6e-724x1024.jpg 724w, https:\/\/www.radiopiu.net\/wordpress\/wp-content\/uploads\/2020\/02\/2acec8b3-4f6c-4f0b-93ff-b20dbf8c0d6e-768x1086.jpg 768w, https:\/\/www.radiopiu.net\/wordpress\/wp-content\/uploads\/2020\/02\/2acec8b3-4f6c-4f0b-93ff-b20dbf8c0d6e-1086x1536.jpg 1086w, https:\/\/www.radiopiu.net\/wordpress\/wp-content\/uploads\/2020\/02\/2acec8b3-4f6c-4f0b-93ff-b20dbf8c0d6e.jpg 1131w\" sizes=\"auto, (max-width: 172px) 100vw, 172px\" \/><\/a><\/strong><\/h3>\n<\/blockquote>\n<p><strong>VALLADA<\/strong> Le Biblioteche della Valle del Biois si sono fatte promotrici dell&#8217;evento &#8220;Descoron de i ort&#8221; (parliamo degli orti). Venerdi alle 20 in biblioteca Lazzaris a Vallada (piano terra del Municipio) sar\u00e0 presentato il programma delle attivit\u00e0 del 2019 e 2020 del progetto Biocolalp sul recupero e rilancio della biodiversit\u00e0 nelle coltivazioni alpine. Una gestione sostenibile negli orti e nei campi dell&#8217;Alto Agordino e del comune austriaco di Assing, si tratta infatti di un progetto confinanziato dall&#8217;Unione Europea nel programma Interreg Italia-Austria. Venerdi dopo i saluti dei primi cittadini di San Tomaso, Moreno De Val e Vallada, Fabio Luchetta, interverrano Cesare Andrich, Johannes Keintzel, Andrea Zampieri con il coordinamento di Orazio Andrich.<\/p>\n<h3>AI MICROFONI DI RADIO PIU&#8217; CESARE ANDRICH<\/h3>\n<audio class=\"wp-audio-shortcode\" id=\"audio-116056-1\" preload=\"none\" style=\"width: 100%;\" controls=\"controls\"><source type=\"audio\/mpeg\" src=\"https:\/\/www.radiopiu.net\/wordpress\/wp-content\/uploads\/2020\/02\/CESARE-ANDRICH.mp3?_=1\" \/><a href=\"https:\/\/www.radiopiu.net\/wordpress\/wp-content\/uploads\/2020\/02\/CESARE-ANDRICH.mp3\">https:\/\/www.radiopiu.net\/wordpress\/wp-content\/uploads\/2020\/02\/CESARE-ANDRICH.mp3<\/a><\/audio>\n<h3>AI MICROFONI DI RADIO PIU ORAZIO ANDRICH<\/h3>\n<audio class=\"wp-audio-shortcode\" id=\"audio-116056-2\" preload=\"none\" style=\"width: 100%;\" controls=\"controls\"><source type=\"audio\/mpeg\" src=\"https:\/\/www.radiopiu.net\/wordpress\/wp-content\/uploads\/2020\/02\/ORAZIO-ANDRICH.mp3?_=2\" \/><a href=\"https:\/\/www.radiopiu.net\/wordpress\/wp-content\/uploads\/2020\/02\/ORAZIO-ANDRICH.mp3\">https:\/\/www.radiopiu.net\/wordpress\/wp-content\/uploads\/2020\/02\/ORAZIO-ANDRICH.mp3<\/a><\/audio>\n<h3><\/h3>\n<p>&nbsp;<\/p>\n<p>&nbsp;<\/p>\n<hr \/>\n<p>&nbsp;<\/p>\n<p>&nbsp;<\/p>\n","protected":false},"excerpt":{"rendered":"<p>VALLADA Le Biblioteche della Valle del Biois si sono fatte promotrici dell&#8217;evento &#8220;Descoron de i ort&#8221; (parliamo degli orti). Venerdi alle 20 in biblioteca Lazzaris a Vallada (piano terra del Municipio) sar\u00e0 presentato il programma delle attivit\u00e0 del 2019 e 2020 del progetto Biocolalp sul recupero e rilancio della biodiversit\u00e0 nelle coltivazioni alpine. Una gestione&hellip;<\/p>\n","protected":false},"author":1,"featured_media":116054,"comment_status":"closed","ping_status":"closed","sticky":false,"template":"","format":"standard","meta":{"_monsterinsights_skip_tracking":false,"_monsterinsights_sitenote_active":false,"_monsterinsights_sitenote_note":"","_monsterinsights_sitenote_category":0,"footnotes":""},"categories":[49],"tags":[],"class_list":["post-116056","post","type-post","status-publish","format-standard","has-post-thumbnail","hentry","category-news-18","category-49","description-off"],"img_url":"https:\/\/www.radiopiu.net\/wordpress\/wp-content\/uploads\/2020\/02\/2acec8b3-4f6c-4f0b-93ff-b20dbf8c0d6e.jpg","_links":{"self":[{"href":"https:\/\/www.radiopiu.net\/wordpress\/wp-json\/wp\/v2\/posts\/116056","targetHints":{"allow":["GET"]}}],"collection":[{"href":"https:\/\/www.radiopiu.net\/wordpress\/wp-json\/wp\/v2\/posts"}],"about":[{"href":"https:\/\/www.radiopiu.net\/wordpress\/wp-json\/wp\/v2\/types\/post"}],"author":[{"embeddable":true,"href":"https:\/\/www.radiopiu.net\/wordpress\/wp-json\/wp\/v2\/users\/1"}],"replies":[{"embeddable":true,"href":"https:\/\/www.radiopiu.net\/wordpress\/wp-json\/wp\/v2\/comments?post=116056"}],"version-history":[{"count":0,"href":"https:\/\/www.radiopiu.net\/wordpress\/wp-json\/wp\/v2\/posts\/116056\/revisions"}],"wp:featuredmedia":[{"embeddable":true,"href":"https:\/\/www.radiopiu.net\/wordpress\/wp-json\/wp\/v2\/media\/116054"}],"wp:attachment":[{"href":"https:\/\/www.radiopiu.net\/wordpress\/wp-json\/wp\/v2\/media?parent=116056"}],"wp:term":[{"taxonomy":"category","embeddable":true,"href":"https:\/\/www.radiopiu.net\/wordpress\/wp-json\/wp\/v2\/categories?post=116056"},{"taxonomy":"post_tag","embeddable":true,"href":"https:\/\/www.radiopiu.net\/wordpress\/wp-json\/wp\/v2\/tags?post=116056"}],"curies":[{"name":"wp","href":"https:\/\/api.w.org\/{rel}","templated":true}]}}