{"id":116084,"date":"2020-02-04T23:44:23","date_gmt":"2020-02-04T22:44:23","guid":{"rendered":"https:\/\/www.radiopiu.net\/wordpress\/?p=116084"},"modified":"2020-02-04T17:45:56","modified_gmt":"2020-02-04T16:45:56","slug":"giorni-dello-spirito-e-di-comunita-per-linizio-del-periodo-quaresimale-di-renato-bona","status":"publish","type":"post","link":"https:\/\/www.radiopiu.net\/wordpress\/giorni-dello-spirito-e-di-comunita-per-linizio-del-periodo-quaresimale-di-renato-bona\/","title":{"rendered":"\u201cGIORNI DELLO SPIRITO E DI COMUNITA\u2019\u201d PER L\u2019INIZIO DEL PERIODO QUARESIMALE di RENATO BONA"},"content":{"rendered":"<p><span class=\"_5yl5\">per domenica 1 marzo annunciato il Convegno diocesano a Longarone Il primo appuntamento \u00e8 per sabato 8 febbraio, alle 15, nella parrocchia del Sacro cuore dei Padri canossiani a Feltre. Poi la preparazione dei \u201cGiorni dello Spirito e di comunit\u00e0\u201d per l\u2019inizio della Quaresima andr\u00e0 avanti con questi appuntamenti (sempre alle 20,30): marted\u00ec 11 nella sala parrocchiale di Polpet di Ponte nelle Alpi; mercoled\u00ec 12 nella sala parrocchiale di Cavarzano; gioved\u00ec 13 nella sala parrocchiale di Tai di Cadore e venerd\u00ec 14 nel Centro parrocchiale di Agordo. Nel sito chiesabellunofeltre viene precisato che \u201ccome per gli anni precedenti, la preparazione dei Giorni \u00e8 affidata ad un gruppo di persone che possono curare bene l\u2019incontro, in modo che scorra con leggerezza, lasciando liberi i parroci\u201d e precisa che \u201cqueste persone sono invitate agli incontri di presentazione e consegna delle proposte per ciascuno dei tre giorni (dal 27 al 29 febbraio \u2013 ndr.)\u201d. Il tempo della Quaresima prender\u00e0 il via dopo il mercoled\u00ec delle ceneri, il 26, quando comincer\u00e0 appunto la quarta edizione dei Giorni \u201coccasione per una sollecita risposta all\u2019invito di Papa Francesco per un\u2019esperienza di fraternit\u00e0, di ascolto e di condivisione della Parola di Dio, di preghiera e di qualche breve esperienza di vita\u201d. Lo stesso sito annuncia un altro importante appuntamento per domenica 1 marzo a partire dalle 14,30 nel Padiglione E di Longarone Fiere: il Convegno diocesano che \u201cd\u00e0 seguito alle sei assemblee foraniali che hanno aperto l\u2019Anno pastorale nell\u2019autunno scorso\u201d. Sono invitati tutti coloro che sono impegnati in parrocchia, nelle convergenze foraniali e a livello diocesano con i propri parroci e vicari parrocchiali. Nell\u2019occasione sar\u00e0 approfondita la \u201cdinamica della comunicazione nel contesto delle nostre comunit\u00e0\u201d. E\u2019 annunciata la partecipazione ai lavori di Longarone di Chiara Giaccardi, ordinaria di sociologia e processi culturali e comunicativi presso l\u2019Universit\u00e0 Cattolica del Sacro cuore di Milano dove insegna sociologia ed antropologia dei media e dirige la rivista Comunicazioni sociali; collaboratrice del quotidiano L\u2019Avvenire, ha partecipato all\u2019assemblea del Sinodo dei vescovi dell\u2019ottobre 2018. <\/span><\/p>\n\n\t\t\t<style type='text\/css'>\n\t\t\t\t#gallery-1 {\n\t\t\t\t\tmargin: auto;\n\t\t\t\t}\n\t\t\t\t#gallery-1 .gallery-item {\n\t\t\t\t\tfloat: left;\n\t\t\t\t\tmargin-top: 10px;\n\t\t\t\t\ttext-align: center;\n\t\t\t\t\twidth: 33%;\n\t\t\t\t}\n\t\t\t\t#gallery-1 img {\n\t\t\t\t\tborder: 2px solid #cfcfcf;\n\t\t\t\t}\n\t\t\t\t#gallery-1 .gallery-caption {\n\t\t\t\t\tmargin-left: 0;\n\t\t\t\t}\n\t\t\t\t\/* see gallery_shortcode() in wp-includes\/media.php *\/\n\t\t\t<\/style>\n\t\t<div id='gallery-1' class='dt-gallery-container gallery galleryid-116084 gallery-columns-3 gallery-size-thumbnail'><dl class='gallery-item'>\n\t\t\t\t<dt class='gallery-icon landscape'>\n\t\t\t\t\t<a class=\"rollover\" href='https:\/\/www.radiopiu.net\/wordpress\/giorni-dello-spirito-e-di-comunita-per-linizio-del-periodo-quaresimale-di-renato-bona\/84810612_156865122429750_3289233526058123264_n\/'><img loading=\"lazy\" decoding=\"async\" width=\"150\" height=\"150\" src=\"https:\/\/www.radiopiu.net\/wordpress\/wp-content\/uploads\/2020\/02\/84810612_156865122429750_3289233526058123264_n-150x150.png\" class=\"attachment-thumbnail size-thumbnail\" alt=\"\" \/><\/a>\n\t\t\t\t<\/dt><\/dl><dl class='gallery-item'>\n\t\t\t\t<dt class='gallery-icon landscape'>\n\t\t\t\t\t<a class=\"rollover\" href='https:\/\/www.radiopiu.net\/wordpress\/giorni-dello-spirito-e-di-comunita-per-linizio-del-periodo-quaresimale-di-renato-bona\/84092147_181778483137263_4257469551446327296_n\/'><img loading=\"lazy\" decoding=\"async\" width=\"150\" height=\"150\" src=\"https:\/\/www.radiopiu.net\/wordpress\/wp-content\/uploads\/2020\/02\/84092147_181778483137263_4257469551446327296_n-150x150.jpg\" class=\"attachment-thumbnail size-thumbnail\" alt=\"\" \/><\/a>\n\t\t\t\t<\/dt><\/dl><dl class='gallery-item'>\n\t\t\t\t<dt class='gallery-icon landscape'>\n\t\t\t\t\t<a class=\"rollover\" href='https:\/\/www.radiopiu.net\/wordpress\/giorni-dello-spirito-e-di-comunita-per-linizio-del-periodo-quaresimale-di-renato-bona\/84035431_262139124751543_9066712250034683904_n\/'><img loading=\"lazy\" decoding=\"async\" width=\"150\" height=\"150\" src=\"https:\/\/www.radiopiu.net\/wordpress\/wp-content\/uploads\/2020\/02\/84035431_262139124751543_9066712250034683904_n-150x150.jpg\" class=\"attachment-thumbnail size-thumbnail\" alt=\"\" \/><\/a>\n\t\t\t\t<\/dt><\/dl><br style=\"clear: both\" \/>\n\t\t\t<\/div>\n\n<p><span class=\"_5yl5\">NELLE FOTO (siti chiesabellunofeltre e vitaepensiero): una precedente edizione dei \u201cGiorni\u201d; il logo del convegno diocesano; la prof. Giaccardi.<\/span><\/p>\n","protected":false},"excerpt":{"rendered":"<p>per domenica 1 marzo annunciato il Convegno diocesano a Longarone Il primo appuntamento \u00e8 per sabato 8 febbraio, alle 15, nella parrocchia del Sacro cuore dei Padri canossiani a Feltre. Poi la preparazione dei \u201cGiorni dello Spirito e di comunit\u00e0\u201d per l\u2019inizio della Quaresima andr\u00e0 avanti con questi appuntamenti (sempre alle 20,30): marted\u00ec 11 nella&hellip;<\/p>\n","protected":false},"author":1,"featured_media":116085,"comment_status":"closed","ping_status":"closed","sticky":false,"template":"","format":"standard","meta":{"_monsterinsights_skip_tracking":false,"_monsterinsights_sitenote_active":false,"_monsterinsights_sitenote_note":"","_monsterinsights_sitenote_category":0,"footnotes":""},"categories":[49],"tags":[],"class_list":["post-116084","post","type-post","status-publish","format-standard","has-post-thumbnail","hentry","category-news-18","category-49","description-off"],"img_url":"https:\/\/www.radiopiu.net\/wordpress\/wp-content\/uploads\/2020\/02\/84092147_181778483137263_4257469551446327296_n.jpg","_links":{"self":[{"href":"https:\/\/www.radiopiu.net\/wordpress\/wp-json\/wp\/v2\/posts\/116084","targetHints":{"allow":["GET"]}}],"collection":[{"href":"https:\/\/www.radiopiu.net\/wordpress\/wp-json\/wp\/v2\/posts"}],"about":[{"href":"https:\/\/www.radiopiu.net\/wordpress\/wp-json\/wp\/v2\/types\/post"}],"author":[{"embeddable":true,"href":"https:\/\/www.radiopiu.net\/wordpress\/wp-json\/wp\/v2\/users\/1"}],"replies":[{"embeddable":true,"href":"https:\/\/www.radiopiu.net\/wordpress\/wp-json\/wp\/v2\/comments?post=116084"}],"version-history":[{"count":0,"href":"https:\/\/www.radiopiu.net\/wordpress\/wp-json\/wp\/v2\/posts\/116084\/revisions"}],"wp:featuredmedia":[{"embeddable":true,"href":"https:\/\/www.radiopiu.net\/wordpress\/wp-json\/wp\/v2\/media\/116085"}],"wp:attachment":[{"href":"https:\/\/www.radiopiu.net\/wordpress\/wp-json\/wp\/v2\/media?parent=116084"}],"wp:term":[{"taxonomy":"category","embeddable":true,"href":"https:\/\/www.radiopiu.net\/wordpress\/wp-json\/wp\/v2\/categories?post=116084"},{"taxonomy":"post_tag","embeddable":true,"href":"https:\/\/www.radiopiu.net\/wordpress\/wp-json\/wp\/v2\/tags?post=116084"}],"curies":[{"name":"wp","href":"https:\/\/api.w.org\/{rel}","templated":true}]}}