{"id":116102,"date":"2020-02-04T23:59:13","date_gmt":"2020-02-04T22:59:13","guid":{"rendered":"https:\/\/www.radiopiu.net\/wordpress\/?p=116102"},"modified":"2020-02-04T18:42:47","modified_gmt":"2020-02-04T17:42:47","slug":"agordina-in-campo-fra-meno-di-un-mese","status":"publish","type":"post","link":"https:\/\/www.radiopiu.net\/wordpress\/agordina-in-campo-fra-meno-di-un-mese\/","title":{"rendered":"AGORDINA IN CAMPO FRA MENO DI UN MESE"},"content":{"rendered":"<p class=\"p1\"><span class=\"s1\"><a class=\"dt-pswp-item\" href=\"https:\/\/www.radiopiu.net\/wordpress\/wp-content\/uploads\/2020\/02\/STEFANO-FAVERO-AGORDINA.jpg\" data-dt-img-description=\"\" data-large_image_width=\"1226\" data-large_image_height=\"1410\"><img loading=\"lazy\" decoding=\"async\" class=\"size-medium wp-image-116103 alignright\" src=\"https:\/\/www.radiopiu.net\/wordpress\/wp-content\/uploads\/2020\/02\/STEFANO-FAVERO-AGORDINA-261x300.jpg\" alt=\"\" width=\"261\" height=\"300\" srcset=\"https:\/\/www.radiopiu.net\/wordpress\/wp-content\/uploads\/2020\/02\/STEFANO-FAVERO-AGORDINA-261x300.jpg 261w, https:\/\/www.radiopiu.net\/wordpress\/wp-content\/uploads\/2020\/02\/STEFANO-FAVERO-AGORDINA-890x1024.jpg 890w, https:\/\/www.radiopiu.net\/wordpress\/wp-content\/uploads\/2020\/02\/STEFANO-FAVERO-AGORDINA-768x883.jpg 768w, https:\/\/www.radiopiu.net\/wordpress\/wp-content\/uploads\/2020\/02\/STEFANO-FAVERO-AGORDINA.jpg 1226w\" sizes=\"auto, (max-width: 261px) 100vw, 261px\" \/><\/a>L\u2019Agordina di Marco Lorenzi sta per terminare il lungo periodo di vacanza. Il campionato di Terza Categoria della provincia di Belluno sta per ricominciare. La prima domenica di marzo sar\u00e0 il giorno in cui tutte le squadre del torneo FIGC ritorneranno in campo per disputare il girone di ritorno. L\u2019Agordina si \u00e8 fermata il 15 dicembre dopo la vittoria dilagante contro il Valboite per 7 a 0 e aggiudicandosi il titolo di campione d\u2019inverno comandando la classifica con i suoi 33 punti. 10 vittorie e 3 pareggi, nessuna sconfitta per i ragazzi di Lorenzi, unica squadra imbattuta della Terza Categoria. Nonostante tutto il campionato \u00e8 stato combattuto nelle prime 13 giornate e le prime 4 squadre sono appaiate in soli 5 punti. Una stagione che, se continua cos\u00ec, continuer\u00e0 ad essere impegnativa per la formazione del presidente Cosmo Forcella. Girone di ritorno che inizier\u00e0 subito con uno scontro diretto, infatti l\u2019Agordina sar\u00e0 chiamata alla trasferta in terra feltrina per scontrarsi con la Feltrese che dista ad una sola lunghezza in classifica.<\/span><\/p>\n<p>&nbsp;<\/p>\n<p class=\"p1\"><strong><span class=\"s1\">STEFANO FAVERO (nella foto) GIOCATORE DELL\u2019AGORDINA<\/span><\/strong><\/p>\n<audio class=\"wp-audio-shortcode\" id=\"audio-116102-1\" preload=\"none\" style=\"width: 100%;\" controls=\"controls\"><source type=\"audio\/mpeg\" src=\"https:\/\/www.radiopiu.net\/wordpress\/wp-content\/uploads\/2020\/02\/STEFANO-FAVERO-04-FEBBRAIO-2020.mp3?_=1\" \/><a href=\"https:\/\/www.radiopiu.net\/wordpress\/wp-content\/uploads\/2020\/02\/STEFANO-FAVERO-04-FEBBRAIO-2020.mp3\">https:\/\/www.radiopiu.net\/wordpress\/wp-content\/uploads\/2020\/02\/STEFANO-FAVERO-04-FEBBRAIO-2020.mp3<\/a><\/audio>\n","protected":false},"excerpt":{"rendered":"<p>L\u2019Agordina di Marco Lorenzi sta per terminare il lungo periodo di vacanza. Il campionato di Terza Categoria della provincia di Belluno sta per ricominciare. La prima domenica di marzo sar\u00e0 il giorno in cui tutte le squadre del torneo FIGC ritorneranno in campo per disputare il girone di ritorno. L\u2019Agordina si \u00e8 fermata il 15&hellip;<\/p>\n","protected":false},"author":4,"featured_media":97575,"comment_status":"closed","ping_status":"closed","sticky":false,"template":"","format":"standard","meta":{"_monsterinsights_skip_tracking":false,"_monsterinsights_sitenote_active":false,"_monsterinsights_sitenote_note":"","_monsterinsights_sitenote_category":0,"footnotes":""},"categories":[104,49,72],"tags":[],"class_list":["post-116102","post","type-post","status-publish","format-standard","has-post-thumbnail","hentry","category-evidenza_3","category-news-18","category-sport","category-104","category-49","category-72","description-off"],"img_url":"https:\/\/www.radiopiu.net\/wordpress\/wp-content\/uploads\/2019\/09\/AGORDINA-CALCIO.jpeg","_links":{"self":[{"href":"https:\/\/www.radiopiu.net\/wordpress\/wp-json\/wp\/v2\/posts\/116102","targetHints":{"allow":["GET"]}}],"collection":[{"href":"https:\/\/www.radiopiu.net\/wordpress\/wp-json\/wp\/v2\/posts"}],"about":[{"href":"https:\/\/www.radiopiu.net\/wordpress\/wp-json\/wp\/v2\/types\/post"}],"author":[{"embeddable":true,"href":"https:\/\/www.radiopiu.net\/wordpress\/wp-json\/wp\/v2\/users\/4"}],"replies":[{"embeddable":true,"href":"https:\/\/www.radiopiu.net\/wordpress\/wp-json\/wp\/v2\/comments?post=116102"}],"version-history":[{"count":0,"href":"https:\/\/www.radiopiu.net\/wordpress\/wp-json\/wp\/v2\/posts\/116102\/revisions"}],"wp:featuredmedia":[{"embeddable":true,"href":"https:\/\/www.radiopiu.net\/wordpress\/wp-json\/wp\/v2\/media\/97575"}],"wp:attachment":[{"href":"https:\/\/www.radiopiu.net\/wordpress\/wp-json\/wp\/v2\/media?parent=116102"}],"wp:term":[{"taxonomy":"category","embeddable":true,"href":"https:\/\/www.radiopiu.net\/wordpress\/wp-json\/wp\/v2\/categories?post=116102"},{"taxonomy":"post_tag","embeddable":true,"href":"https:\/\/www.radiopiu.net\/wordpress\/wp-json\/wp\/v2\/tags?post=116102"}],"curies":[{"name":"wp","href":"https:\/\/api.w.org\/{rel}","templated":true}]}}