{"id":116114,"date":"2020-02-05T05:36:04","date_gmt":"2020-02-05T04:36:04","guid":{"rendered":"https:\/\/www.radiopiu.net\/wordpress\/?p=116114"},"modified":"2020-02-05T05:37:20","modified_gmt":"2020-02-05T04:37:20","slug":"albero-sulla-203-agordina-a-la-stanga-impianti-di-risalita-in-parte-chiusi-e-nei-boschi-si-continua-a-lavorare","status":"publish","type":"post","link":"https:\/\/www.radiopiu.net\/wordpress\/albero-sulla-203-agordina-a-la-stanga-impianti-di-risalita-in-parte-chiusi-e-nei-boschi-si-continua-a-lavorare\/","title":{"rendered":"ALBERO SULLA 203 AGORDINA A LA STANGA, IMPIANTI DI RISALITA IN PARTE CHIUSI E NEI BOSCHI SI CONTINUA A LAVORARE"},"content":{"rendered":"<blockquote>\n<h2><em>ANCHE OGGI RAFFICHE DI VENTO FINO A 100 CHILOMETRI ORARI, IERI TOCCATI GLI 80<\/em><\/h2>\n<\/blockquote>\n<p><strong>TAIBON<\/strong> Il vento non ha fermato i cantieri di lavoro, anche oggi in Valle di San Lucano, ma anche nell&#8217;Alto Agordino a Livinallongo ha tirato forte il vento. Nulla in confronto a Vaia, ma quando si \u00e8 scottati anche il soffio diventa presto bufera. Le teleferiche anche se con cautela hanno continuato a girare e gli operai non hanno mai spento macchinari e motoseghe,. L&#8217;allarme vento ha creato ansia, inevitabile, un po&#8217; pi\u00f9 di paura nel feltrino dove alberi e rami sono finiti a terra, cos\u00ec anche lungo la regionale 203 agordina dove sull&#8217;asfalto c&#8217;\u00e8 finito un albero intero, fortunatamente sul ciglio. Rallentamenti e poi i vigili del fuoco hanno fatto il resto, come sempre al meglio. Nel feltrino una strada \u00e8 stata chiusa,\u00a0 via Gugliemo Marconi, interdetta al traffico fino a domani. Gli impianti di risalita hanno dovuto tirare i freni, troppe oscillazioni.<\/p>\n<p><a class=\"dt-pswp-item\" href=\"https:\/\/www.radiopiu.net\/wordpress\/wp-content\/uploads\/2020\/02\/84170075_3157914910928127_2145186463266897920_n.jpg\" data-dt-img-description=\"\" data-large_image_width=\"708\" data-large_image_height=\"960\"><img loading=\"lazy\" decoding=\"async\" class=\"alignnone size-medium wp-image-116116\" src=\"https:\/\/www.radiopiu.net\/wordpress\/wp-content\/uploads\/2020\/02\/84170075_3157914910928127_2145186463266897920_n-221x300.jpg\" alt=\"\" width=\"221\" height=\"300\" srcset=\"https:\/\/www.radiopiu.net\/wordpress\/wp-content\/uploads\/2020\/02\/84170075_3157914910928127_2145186463266897920_n-221x300.jpg 221w, https:\/\/www.radiopiu.net\/wordpress\/wp-content\/uploads\/2020\/02\/84170075_3157914910928127_2145186463266897920_n.jpg 708w\" sizes=\"auto, (max-width: 221px) 100vw, 221px\" \/><\/a><a class=\"dt-pswp-item\" href=\"https:\/\/www.radiopiu.net\/wordpress\/wp-content\/uploads\/2020\/02\/83262999_2886270054764210_7810117179864514560_n.jpg\" data-dt-img-description=\"\" data-large_image_width=\"720\" data-large_image_height=\"960\"><img loading=\"lazy\" decoding=\"async\" class=\"alignnone size-medium wp-image-116115\" src=\"https:\/\/www.radiopiu.net\/wordpress\/wp-content\/uploads\/2020\/02\/83262999_2886270054764210_7810117179864514560_n-225x300.jpg\" alt=\"\" width=\"225\" height=\"300\" srcset=\"https:\/\/www.radiopiu.net\/wordpress\/wp-content\/uploads\/2020\/02\/83262999_2886270054764210_7810117179864514560_n-225x300.jpg 225w, https:\/\/www.radiopiu.net\/wordpress\/wp-content\/uploads\/2020\/02\/83262999_2886270054764210_7810117179864514560_n.jpg 720w\" sizes=\"auto, (max-width: 225px) 100vw, 225px\" \/><\/a><\/p>\n<p>Foto Leandro Grones<\/p>\n<p>&nbsp;<\/p>\n<h2>E DOPO IL FORTE VENTO DI NUOVO L&#8217;INVERSIONE TERMICA MA NON NEVICHERA&#8217;<\/h2>\n<p><strong>DI DAMIANO TORMEN<\/strong><\/p>\n<audio class=\"wp-audio-shortcode\" id=\"audio-116114-1\" preload=\"none\" style=\"width: 100%;\" controls=\"controls\"><source type=\"audio\/mpeg\" src=\"https:\/\/www.radiopiu.net\/wordpress\/wp-content\/uploads\/2020\/02\/DAMIANO.mp3?_=1\" \/><a href=\"https:\/\/www.radiopiu.net\/wordpress\/wp-content\/uploads\/2020\/02\/DAMIANO.mp3\">https:\/\/www.radiopiu.net\/wordpress\/wp-content\/uploads\/2020\/02\/DAMIANO.mp3<\/a><\/audio>\n<h2><\/h2>\n<p>&nbsp;<\/p>\n<p>&nbsp;<\/p>\n","protected":false},"excerpt":{"rendered":"<p>ANCHE OGGI RAFFICHE DI VENTO FINO A 100 CHILOMETRI ORARI, IERI TOCCATI GLI 80 TAIBON Il vento non ha fermato i cantieri di lavoro, anche oggi in Valle di San Lucano, ma anche nell&#8217;Alto Agordino a Livinallongo ha tirato forte il vento. Nulla in confronto a Vaia, ma quando si \u00e8 scottati anche il soffio&hellip;<\/p>\n","protected":false},"author":1,"featured_media":116115,"comment_status":"closed","ping_status":"closed","sticky":false,"template":"","format":"standard","meta":{"_monsterinsights_skip_tracking":false,"_monsterinsights_sitenote_active":false,"_monsterinsights_sitenote_note":"","_monsterinsights_sitenote_category":0,"footnotes":""},"categories":[49],"tags":[],"class_list":["post-116114","post","type-post","status-publish","format-standard","has-post-thumbnail","hentry","category-news-18","category-49","description-off"],"img_url":"https:\/\/www.radiopiu.net\/wordpress\/wp-content\/uploads\/2020\/02\/83262999_2886270054764210_7810117179864514560_n.jpg","_links":{"self":[{"href":"https:\/\/www.radiopiu.net\/wordpress\/wp-json\/wp\/v2\/posts\/116114","targetHints":{"allow":["GET"]}}],"collection":[{"href":"https:\/\/www.radiopiu.net\/wordpress\/wp-json\/wp\/v2\/posts"}],"about":[{"href":"https:\/\/www.radiopiu.net\/wordpress\/wp-json\/wp\/v2\/types\/post"}],"author":[{"embeddable":true,"href":"https:\/\/www.radiopiu.net\/wordpress\/wp-json\/wp\/v2\/users\/1"}],"replies":[{"embeddable":true,"href":"https:\/\/www.radiopiu.net\/wordpress\/wp-json\/wp\/v2\/comments?post=116114"}],"version-history":[{"count":0,"href":"https:\/\/www.radiopiu.net\/wordpress\/wp-json\/wp\/v2\/posts\/116114\/revisions"}],"wp:featuredmedia":[{"embeddable":true,"href":"https:\/\/www.radiopiu.net\/wordpress\/wp-json\/wp\/v2\/media\/116115"}],"wp:attachment":[{"href":"https:\/\/www.radiopiu.net\/wordpress\/wp-json\/wp\/v2\/media?parent=116114"}],"wp:term":[{"taxonomy":"category","embeddable":true,"href":"https:\/\/www.radiopiu.net\/wordpress\/wp-json\/wp\/v2\/categories?post=116114"},{"taxonomy":"post_tag","embeddable":true,"href":"https:\/\/www.radiopiu.net\/wordpress\/wp-json\/wp\/v2\/tags?post=116114"}],"curies":[{"name":"wp","href":"https:\/\/api.w.org\/{rel}","templated":true}]}}