{"id":116192,"date":"2020-02-05T16:40:01","date_gmt":"2020-02-05T15:40:01","guid":{"rendered":"https:\/\/www.radiopiu.net\/wordpress\/?p=116192"},"modified":"2020-02-05T16:40:01","modified_gmt":"2020-02-05T15:40:01","slug":"giornata-raccolta-farmaco-a-favore-dei-piu-bisognosi","status":"publish","type":"post","link":"https:\/\/www.radiopiu.net\/wordpress\/giornata-raccolta-farmaco-a-favore-dei-piu-bisognosi\/","title":{"rendered":"GIORNATA RACCOLTA FARMACO A FAVORE DEI PIU\u2019 BISOGNOSI."},"content":{"rendered":"<blockquote>\n<h3>\u00a0NEL VENETO ADERISCONO 495 FARMACIE E 145 ENTI ASSISTENZIALI.<\/h3>\n<\/blockquote>\n<p><strong><a class=\"dt-pswp-item\" href=\"https:\/\/www.radiopiu.net\/wordpress\/wp-content\/uploads\/2020\/02\/IMG_6301-scaled.jpg\" data-dt-img-description=\"\" data-large_image_width=\"2560\" data-large_image_height=\"1920\"><img loading=\"lazy\" decoding=\"async\" class=\"wp-image-116185 alignleft\" src=\"https:\/\/www.radiopiu.net\/wordpress\/wp-content\/uploads\/2020\/02\/IMG_6301-300x225.jpg\" alt=\"\" width=\"189\" height=\"142\" srcset=\"https:\/\/www.radiopiu.net\/wordpress\/wp-content\/uploads\/2020\/02\/IMG_6301-300x225.jpg 300w, https:\/\/www.radiopiu.net\/wordpress\/wp-content\/uploads\/2020\/02\/IMG_6301-1024x768.jpg 1024w, https:\/\/www.radiopiu.net\/wordpress\/wp-content\/uploads\/2020\/02\/IMG_6301-768x576.jpg 768w, https:\/\/www.radiopiu.net\/wordpress\/wp-content\/uploads\/2020\/02\/IMG_6301-1536x1152.jpg 1536w, https:\/\/www.radiopiu.net\/wordpress\/wp-content\/uploads\/2020\/02\/IMG_6301-2048x1536.jpg 2048w\" sizes=\"auto, (max-width: 189px) 100vw, 189px\" \/><\/a>VENEZIA<\/strong>\u00a0 Il Banco Farmaceutico compie 20 anni e per tale occasione la Giornata di Raccolta del Farmaco durer\u00e0 un\u2019intera settimana; iniziata ieri terminer\u00e0 il 10 febbraio, con il suo momento pi\u00f9 importante fissato per sabato 8.\u00a0 Come in tutta Italia, anche nelle 495 farmacie del Veneto che hanno aderito all\u2019iniziativa ed espongono la locandina sar\u00e0 possibile acquistare una o pi\u00f9 confezioni di medicinali che andranno in dono alle persone indigenti grazie agli enti assistenziali convenzionati con il Banco Farmaceutico che offrono cure e medicine gratuite a chi non pu\u00f2 permettersele. La decisione di estendere le attivit\u00e0 di raccolta ad una settimana deriva soprattutto dalla necessit\u00e0 di rispondere in maniera pi\u00f9 efficace al fabbisogno espresso dagli enti.<\/p>\n<h2>L&#8217;ASSESSORE MANUELA LANZARIN<\/h2>\n<p><iframe loading=\"lazy\" title=\"Margine Ass Lanzarin\" width=\"1200\" height=\"675\" src=\"https:\/\/www.youtube.com\/embed\/SE1FkQzRm78?feature=oembed\" frameborder=\"0\" allow=\"accelerometer; autoplay; encrypted-media; gyroscope; picture-in-picture\" allowfullscreen><\/iframe><\/p>\n<h2>IL COORDINATORE DEL BANDO MATTEO<\/h2>\n","protected":false},"excerpt":{"rendered":"<p>\u00a0NEL VENETO ADERISCONO 495 FARMACIE E 145 ENTI ASSISTENZIALI. VENEZIA\u00a0 Il Banco Farmaceutico compie 20 anni e per tale occasione la Giornata di Raccolta del Farmaco durer\u00e0 un\u2019intera settimana; iniziata ieri terminer\u00e0 il 10 febbraio, con il suo momento pi\u00f9 importante fissato per sabato 8.\u00a0 Come in tutta Italia, anche nelle 495 farmacie del Veneto&hellip;<\/p>\n","protected":false},"author":1,"featured_media":116185,"comment_status":"closed","ping_status":"closed","sticky":false,"template":"","format":"standard","meta":{"_monsterinsights_skip_tracking":false,"_monsterinsights_sitenote_active":false,"_monsterinsights_sitenote_note":"","_monsterinsights_sitenote_category":0,"footnotes":""},"categories":[104,49],"tags":[],"class_list":["post-116192","post","type-post","status-publish","format-standard","has-post-thumbnail","hentry","category-evidenza_3","category-news-18","category-104","category-49","description-off"],"img_url":"https:\/\/www.radiopiu.net\/wordpress\/wp-content\/uploads\/2020\/02\/IMG_6301-scaled.jpg","_links":{"self":[{"href":"https:\/\/www.radiopiu.net\/wordpress\/wp-json\/wp\/v2\/posts\/116192","targetHints":{"allow":["GET"]}}],"collection":[{"href":"https:\/\/www.radiopiu.net\/wordpress\/wp-json\/wp\/v2\/posts"}],"about":[{"href":"https:\/\/www.radiopiu.net\/wordpress\/wp-json\/wp\/v2\/types\/post"}],"author":[{"embeddable":true,"href":"https:\/\/www.radiopiu.net\/wordpress\/wp-json\/wp\/v2\/users\/1"}],"replies":[{"embeddable":true,"href":"https:\/\/www.radiopiu.net\/wordpress\/wp-json\/wp\/v2\/comments?post=116192"}],"version-history":[{"count":0,"href":"https:\/\/www.radiopiu.net\/wordpress\/wp-json\/wp\/v2\/posts\/116192\/revisions"}],"wp:featuredmedia":[{"embeddable":true,"href":"https:\/\/www.radiopiu.net\/wordpress\/wp-json\/wp\/v2\/media\/116185"}],"wp:attachment":[{"href":"https:\/\/www.radiopiu.net\/wordpress\/wp-json\/wp\/v2\/media?parent=116192"}],"wp:term":[{"taxonomy":"category","embeddable":true,"href":"https:\/\/www.radiopiu.net\/wordpress\/wp-json\/wp\/v2\/categories?post=116192"},{"taxonomy":"post_tag","embeddable":true,"href":"https:\/\/www.radiopiu.net\/wordpress\/wp-json\/wp\/v2\/tags?post=116192"}],"curies":[{"name":"wp","href":"https:\/\/api.w.org\/{rel}","templated":true}]}}