{"id":116209,"date":"2020-02-06T05:56:57","date_gmt":"2020-02-06T04:56:57","guid":{"rendered":"https:\/\/www.radiopiu.net\/wordpress\/?p=116209"},"modified":"2020-02-06T05:56:44","modified_gmt":"2020-02-06T04:56:44","slug":"scheletri-arruginiti-nello-scenario-dolomitico-unesco-dove-sei","status":"publish","type":"post","link":"https:\/\/www.radiopiu.net\/wordpress\/scheletri-arruginiti-nello-scenario-dolomitico-unesco-dove-sei\/","title":{"rendered":"SCHELETRI ARRUGINITI NELLO SCENARIO DOLOMITICO. UNESCO DOVE SEI?"},"content":{"rendered":"<p>&nbsp;<\/p>\n<h2><span style=\"color: #ff0000;\">L&#8217;OPINIONE\u00a0<\/span><\/h2>\n<p><strong>di Claudio Pra<\/strong><\/p>\n<p><a class=\"dt-pswp-item\" href=\"https:\/\/www.radiopiu.net\/wordpress\/wp-content\/uploads\/2020\/02\/51cf7dd0-f1fb-4bbc-aef8-fa8ea24fb2e4.jpg\" data-dt-img-description=\"\" data-large_image_width=\"1600\" data-large_image_height=\"757\"><img loading=\"lazy\" decoding=\"async\" class=\" wp-image-116208 alignleft\" src=\"https:\/\/www.radiopiu.net\/wordpress\/wp-content\/uploads\/2020\/02\/51cf7dd0-f1fb-4bbc-aef8-fa8ea24fb2e4-300x142.jpg\" alt=\"\" width=\"247\" height=\"117\" srcset=\"https:\/\/www.radiopiu.net\/wordpress\/wp-content\/uploads\/2020\/02\/51cf7dd0-f1fb-4bbc-aef8-fa8ea24fb2e4-300x142.jpg 300w, https:\/\/www.radiopiu.net\/wordpress\/wp-content\/uploads\/2020\/02\/51cf7dd0-f1fb-4bbc-aef8-fa8ea24fb2e4-1024x484.jpg 1024w, https:\/\/www.radiopiu.net\/wordpress\/wp-content\/uploads\/2020\/02\/51cf7dd0-f1fb-4bbc-aef8-fa8ea24fb2e4-768x363.jpg 768w, https:\/\/www.radiopiu.net\/wordpress\/wp-content\/uploads\/2020\/02\/51cf7dd0-f1fb-4bbc-aef8-fa8ea24fb2e4-1536x727.jpg 1536w, https:\/\/www.radiopiu.net\/wordpress\/wp-content\/uploads\/2020\/02\/51cf7dd0-f1fb-4bbc-aef8-fa8ea24fb2e4.jpg 1600w\" sizes=\"auto, (max-width: 247px) 100vw, 247px\" \/><\/a>La vicenda della dismessa seggiovia di Frassen\u00e8, con i cavi penzolanti e pericolosi dopo l&#8217;evento Vaia, mi suggerisce futuri scenari dolomitici ricchi degli scheletri arrugginiti di impianti in abbandono. I cambiamenti climatici, ormai \u00e8 certo, relegheranno lo sci a quote piuttosto alte, mettendo fuori gioco molte localit\u00e0. In questo contesto tanti politici e imprenditori, infischiandosene, continuano a parlare di un ampliamento dei caroselli sciistici, come se l&#8217;offerta non fosse gi\u00e0 abbastanza ampia e il rischio non fosse quello di rovinare inutilmente aree di grande pregio. Gi\u00e0 perch\u00e9, tornando alla seggiovia di Frassen\u00e8, non \u00e8 che poi una volta inutilizzato un impianto venga smantellato. Rimane l\u00ec a marcire e a deturpare l&#8217;ambiente in cui \u00e8 inserito. Gli esempi, oltre a Frassen\u00e8, non mancano. In Veneto se ne contano 35. Vogliamo che in futuro aumentino? Ho sentito recentemente un politico affermare che uno sciatore deve avere la possibilit\u00e0 di raggiungere, sci ai piedi, tutte le localit\u00e0 <a class=\"dt-pswp-item\" href=\"https:\/\/www.radiopiu.net\/wordpress\/wp-content\/uploads\/2020\/02\/84726199_172938597348521_2032660192717438976_n.jpg\" data-dt-img-description=\"\" data-large_image_width=\"1824\" data-large_image_height=\"1368\"><img loading=\"lazy\" decoding=\"async\" class=\"size-medium wp-image-115921 alignright\" src=\"https:\/\/www.radiopiu.net\/wordpress\/wp-content\/uploads\/2020\/02\/84726199_172938597348521_2032660192717438976_n-300x225.jpg\" alt=\"\" width=\"300\" height=\"225\" srcset=\"https:\/\/www.radiopiu.net\/wordpress\/wp-content\/uploads\/2020\/02\/84726199_172938597348521_2032660192717438976_n-300x225.jpg 300w, https:\/\/www.radiopiu.net\/wordpress\/wp-content\/uploads\/2020\/02\/84726199_172938597348521_2032660192717438976_n-1024x768.jpg 1024w, https:\/\/www.radiopiu.net\/wordpress\/wp-content\/uploads\/2020\/02\/84726199_172938597348521_2032660192717438976_n-768x576.jpg 768w, https:\/\/www.radiopiu.net\/wordpress\/wp-content\/uploads\/2020\/02\/84726199_172938597348521_2032660192717438976_n-1536x1152.jpg 1536w, https:\/\/www.radiopiu.net\/wordpress\/wp-content\/uploads\/2020\/02\/84726199_172938597348521_2032660192717438976_n.jpg 1824w\" sizes=\"auto, (max-width: 300px) 100vw, 300px\" \/><\/a>perch\u00e9 l&#8217;offerta \u00e8 si gi\u00e0 ampia, ma deve aumentare se si vuole che la montagna non si spopoli. Ma che discorsi sono? A parte l&#8217;insostenibilit\u00e0 ambientale del progetto, si crede davvero che il problema dello spopolamento si risolva con altri chilometri di impianti e piste? Lo sfruttamento selvaggio del nostro territorio splendido e unico si riveler\u00e0 invece un boomerang. Dilapidare la bellezza dei nostri paesaggi sar\u00e0 negarci un futuro dove si torner\u00e0 a cercare quelle cose che chi davvero ama la montagna cerca. L&#8217;attuale turismo di massa che ci \u00e8 piovuto addosso, che porta soldi nell&#8217;immediato, deve farci riflettere su tante, troppe deformazioni che porta con s\u00e9. Il &#8220;Non vogliamo vincoli&#8221;, frase tanto di moda in questo periodo, non vorrei si rivelasse il grimaldello per aprire una porta che conduce alla rovina della montagna. Giusto pretendere di avere voce in capitolo sui nostri territori, anzi sacrosanto, ma stando all&#8217;interno di regole. Oggigiorno chi si schiera dalla parte della difesa della natura \u00e8 additato come un nemico della montagna. Mi fa paura e allo stesso tempo riflettere questa caccia alle streghe, cos\u00ec come l&#8217;affermarsi di un pensiero che bada al solo <a class=\"dt-pswp-item\" href=\"https:\/\/www.radiopiu.net\/wordpress\/wp-content\/uploads\/2020\/02\/84070231_567880853941947_5431923449389907968_n.jpg\" data-dt-img-description=\"\" data-large_image_width=\"1824\" data-large_image_height=\"1368\"><img loading=\"lazy\" decoding=\"async\" class=\" wp-image-115918 alignleft\" src=\"https:\/\/www.radiopiu.net\/wordpress\/wp-content\/uploads\/2020\/02\/84070231_567880853941947_5431923449389907968_n-300x225.jpg\" alt=\"\" width=\"228\" height=\"171\" srcset=\"https:\/\/www.radiopiu.net\/wordpress\/wp-content\/uploads\/2020\/02\/84070231_567880853941947_5431923449389907968_n-300x225.jpg 300w, https:\/\/www.radiopiu.net\/wordpress\/wp-content\/uploads\/2020\/02\/84070231_567880853941947_5431923449389907968_n-1024x768.jpg 1024w, https:\/\/www.radiopiu.net\/wordpress\/wp-content\/uploads\/2020\/02\/84070231_567880853941947_5431923449389907968_n-768x576.jpg 768w, https:\/\/www.radiopiu.net\/wordpress\/wp-content\/uploads\/2020\/02\/84070231_567880853941947_5431923449389907968_n-1536x1152.jpg 1536w, https:\/\/www.radiopiu.net\/wordpress\/wp-content\/uploads\/2020\/02\/84070231_567880853941947_5431923449389907968_n.jpg 1824w\" sizes=\"auto, (max-width: 228px) 100vw, 228px\" \/><\/a>sfruttamento, al tutto e subito, senza porsi domande su che ne sar\u00e0 delle nostre Dolomiti fra qualche anno, cosa che dovrebbe fare anche qualche ente preposto il cui silenzio \u00e8 assordante. Sostenibilit\u00e0 dovrebbe essere il mantra, la parola chiave che guida noi montanari, veri custodi del territorio. Noi che non dobbiamo farci abbindolare da mercanti pronti a svendere il patrimonio dell&#8217;umanit\u00e0 nel quale viviamo, che abbiamo l&#8217;obbligo di preservare per i nostri figli e per quanti, anche in futuro, vorranno essere ospiti di questi luoghi unici. Non \u00e8 trasformando la montagna in quel che non \u00e8, a uso e consumo di un certo turismo che con la montagna non ha niente a che fare che saremo bravi custodi. Custode, chi \u00e8 addetto alla custodia, alla cura, recita il dizionario. Sapremo avere cura delle Dolomiti difendendole dall\u2019assalto degli speculatori? Ce lo dir\u00e0 un futuro nemmeno troppo lontano, anzi, dietro l\u2019angolo.<\/p>\n<p>&nbsp;<\/p>\n","protected":false},"excerpt":{"rendered":"<p>&nbsp; L&#8217;OPINIONE\u00a0 di Claudio Pra La vicenda della dismessa seggiovia di Frassen\u00e8, con i cavi penzolanti e pericolosi dopo l&#8217;evento Vaia, mi suggerisce futuri scenari dolomitici ricchi degli scheletri arrugginiti di impianti in abbandono. I cambiamenti climatici, ormai \u00e8 certo, relegheranno lo sci a quote piuttosto alte, mettendo fuori gioco molte localit\u00e0. In questo contesto&hellip;<\/p>\n","protected":false},"author":1,"featured_media":116208,"comment_status":"closed","ping_status":"closed","sticky":false,"template":"","format":"standard","meta":{"_monsterinsights_skip_tracking":false,"_monsterinsights_sitenote_active":false,"_monsterinsights_sitenote_note":"","_monsterinsights_sitenote_category":0,"footnotes":""},"categories":[104,49],"tags":[],"class_list":["post-116209","post","type-post","status-publish","format-standard","has-post-thumbnail","hentry","category-evidenza_3","category-news-18","category-104","category-49","description-off"],"img_url":"https:\/\/www.radiopiu.net\/wordpress\/wp-content\/uploads\/2020\/02\/51cf7dd0-f1fb-4bbc-aef8-fa8ea24fb2e4.jpg","_links":{"self":[{"href":"https:\/\/www.radiopiu.net\/wordpress\/wp-json\/wp\/v2\/posts\/116209","targetHints":{"allow":["GET"]}}],"collection":[{"href":"https:\/\/www.radiopiu.net\/wordpress\/wp-json\/wp\/v2\/posts"}],"about":[{"href":"https:\/\/www.radiopiu.net\/wordpress\/wp-json\/wp\/v2\/types\/post"}],"author":[{"embeddable":true,"href":"https:\/\/www.radiopiu.net\/wordpress\/wp-json\/wp\/v2\/users\/1"}],"replies":[{"embeddable":true,"href":"https:\/\/www.radiopiu.net\/wordpress\/wp-json\/wp\/v2\/comments?post=116209"}],"version-history":[{"count":0,"href":"https:\/\/www.radiopiu.net\/wordpress\/wp-json\/wp\/v2\/posts\/116209\/revisions"}],"wp:featuredmedia":[{"embeddable":true,"href":"https:\/\/www.radiopiu.net\/wordpress\/wp-json\/wp\/v2\/media\/116208"}],"wp:attachment":[{"href":"https:\/\/www.radiopiu.net\/wordpress\/wp-json\/wp\/v2\/media?parent=116209"}],"wp:term":[{"taxonomy":"category","embeddable":true,"href":"https:\/\/www.radiopiu.net\/wordpress\/wp-json\/wp\/v2\/categories?post=116209"},{"taxonomy":"post_tag","embeddable":true,"href":"https:\/\/www.radiopiu.net\/wordpress\/wp-json\/wp\/v2\/tags?post=116209"}],"curies":[{"name":"wp","href":"https:\/\/api.w.org\/{rel}","templated":true}]}}