{"id":116233,"date":"2020-02-05T23:59:51","date_gmt":"2020-02-05T22:59:51","guid":{"rendered":"https:\/\/www.radiopiu.net\/wordpress\/?p=116233"},"modified":"2020-02-06T06:42:53","modified_gmt":"2020-02-06T05:42:53","slug":"riva","status":"publish","type":"post","link":"https:\/\/www.radiopiu.net\/wordpress\/riva\/","title":{"rendered":"IL CARNEVALE A RIVAMONTE &#8220;OLT DA RIVA E COMPAGNIA BELA&#8221;"},"content":{"rendered":"<blockquote>\n<h3><\/h3>\n<\/blockquote>\n<p><strong>RIVAMONTE<\/strong> Domenica 16 febbraio a Rivamonte si svolger\u00e0 la prima edizione di \u201c\u00d2lt da Riva e compagnia bela\u201d una mascherata di carnevale che coniugher\u00e0 antiche tradizioni e allegria dei nostri giorni. Risale infatti ai primi del Novecento l\u2019idea, divenuta con gli anni tradizione, di intagliare maschere lignee. Ispirate all\u2019orrido, questi primi volti presentavano una parte con sembianze maschili e una parte con sembianze femminili, lo \u201cscultore capostipite\u201d fu Crispino Selle. Oggi questa tradizione \u00e8 portata avanti a Rivamonte grazie all\u2019abilit\u00e0 e alla passione di Giovanni Battista \u201cTita\u201d Bressan che si diletta a scolpire gli \u00d2lt da Riva, (Volti di Rivamonte) riscuotendo successi e riconoscimenti in Italia e all\u2019estero. Il programma della manifestazione prevede, alle 14.00, il raduno delle maschere in piazza della chiesa; alle 14.30 la partenza del corteo per la sfilata lungo le vie del paese; dalle 15.30, poi, ci sar\u00e0 la festa danzante con musica dal vivo nel piazzale del bar-ristorante \u201cAl Molin\u201d dove verr\u00e0 allestito per l\u2019occasione un tendone. Condir\u00e0 la festa anche il concorso della maschera e del gruppo mascherato (composto da almeno 4 persone) pi\u00f9 bello, non mancheranno vin brul\u00e8 e dolci tipici offerti a tutti i presenti.<\/p>\n\n\t\t\t<style type='text\/css'>\n\t\t\t\t#gallery-1 {\n\t\t\t\t\tmargin: auto;\n\t\t\t\t}\n\t\t\t\t#gallery-1 .gallery-item {\n\t\t\t\t\tfloat: left;\n\t\t\t\t\tmargin-top: 10px;\n\t\t\t\t\ttext-align: center;\n\t\t\t\t\twidth: 33%;\n\t\t\t\t}\n\t\t\t\t#gallery-1 img {\n\t\t\t\t\tborder: 2px solid #cfcfcf;\n\t\t\t\t}\n\t\t\t\t#gallery-1 .gallery-caption {\n\t\t\t\t\tmargin-left: 0;\n\t\t\t\t}\n\t\t\t\t\/* see gallery_shortcode() in wp-includes\/media.php *\/\n\t\t\t<\/style>\n\t\t<div id='gallery-1' class='dt-gallery-container gallery galleryid-116233 gallery-columns-3 gallery-size-thumbnail'><dl class='gallery-item'>\n\t\t\t\t<dt class='gallery-icon landscape'>\n\t\t\t\t\t<a class=\"rollover\" href='https:\/\/www.radiopiu.net\/wordpress\/giornale-radiopiu-06-febbraio-2020-direttore-mirko-mezzacasa\/oltdariva\/'><img loading=\"lazy\" decoding=\"async\" width=\"150\" height=\"150\" src=\"https:\/\/www.radiopiu.net\/wordpress\/wp-content\/uploads\/2020\/02\/OltDaRiva-150x150.jpg\" class=\"attachment-thumbnail size-thumbnail\" alt=\"\" \/><\/a>\n\t\t\t\t<\/dt><\/dl><dl class='gallery-item'>\n\t\t\t\t<dt class='gallery-icon landscape'>\n\t\t\t\t\t<a class=\"rollover\" href='https:\/\/www.radiopiu.net\/wordpress\/giornale-radiopiu-06-febbraio-2020-direttore-mirko-mezzacasa\/carnevalerivamonte5\/'><img loading=\"lazy\" decoding=\"async\" width=\"150\" height=\"150\" src=\"https:\/\/www.radiopiu.net\/wordpress\/wp-content\/uploads\/2020\/02\/CarnevaleRivamonte5-150x150.jpeg\" class=\"attachment-thumbnail size-thumbnail\" alt=\"\" \/><\/a>\n\t\t\t\t<\/dt><\/dl><dl class='gallery-item'>\n\t\t\t\t<dt class='gallery-icon portrait'>\n\t\t\t\t\t<a class=\"rollover\" href='https:\/\/www.radiopiu.net\/wordpress\/giornale-radiopiu-06-febbraio-2020-direttore-mirko-mezzacasa\/carnevalerivamonte1\/'><img loading=\"lazy\" decoding=\"async\" width=\"150\" height=\"150\" src=\"https:\/\/www.radiopiu.net\/wordpress\/wp-content\/uploads\/2020\/02\/CarnevaleRivamonte1-150x150.png\" class=\"attachment-thumbnail size-thumbnail\" alt=\"\" \/><\/a>\n\t\t\t\t<\/dt><\/dl><br style=\"clear: both\" \/><dl class='gallery-item'>\n\t\t\t\t<dt class='gallery-icon landscape'>\n\t\t\t\t\t<a class=\"rollover\" href='https:\/\/www.radiopiu.net\/wordpress\/giornale-radiopiu-06-febbraio-2020-direttore-mirko-mezzacasa\/carnevalerivamonte4\/'><img loading=\"lazy\" decoding=\"async\" width=\"150\" height=\"150\" src=\"https:\/\/www.radiopiu.net\/wordpress\/wp-content\/uploads\/2020\/02\/CarnevaleRivamonte4-150x150.png\" class=\"attachment-thumbnail size-thumbnail\" alt=\"\" \/><\/a>\n\t\t\t\t<\/dt><\/dl><dl class='gallery-item'>\n\t\t\t\t<dt class='gallery-icon portrait'>\n\t\t\t\t\t<a class=\"rollover\" href='https:\/\/www.radiopiu.net\/wordpress\/giornale-radiopiu-06-febbraio-2020-direttore-mirko-mezzacasa\/carnevalerivamonte2\/'><img loading=\"lazy\" decoding=\"async\" width=\"150\" height=\"150\" src=\"https:\/\/www.radiopiu.net\/wordpress\/wp-content\/uploads\/2020\/02\/CarnevaleRivamonte2-150x150.png\" class=\"attachment-thumbnail size-thumbnail\" alt=\"\" \/><\/a>\n\t\t\t\t<\/dt><\/dl>\n\t\t\t\t<br style='clear: both' \/>\n\t\t\t<\/div>\n\n<p>&nbsp;<\/p>\n","protected":false},"excerpt":{"rendered":"<p>RIVAMONTE Domenica 16 febbraio a Rivamonte si svolger\u00e0 la prima edizione di \u201c\u00d2lt da Riva e compagnia bela\u201d una mascherata di carnevale che coniugher\u00e0 antiche tradizioni e allegria dei nostri giorni. Risale infatti ai primi del Novecento l\u2019idea, divenuta con gli anni tradizione, di intagliare maschere lignee. Ispirate all\u2019orrido, questi primi volti presentavano una parte&hellip;<\/p>\n","protected":false},"author":1,"featured_media":116235,"comment_status":"closed","ping_status":"closed","sticky":false,"template":"","format":"standard","meta":{"_monsterinsights_skip_tracking":false,"_monsterinsights_sitenote_active":false,"_monsterinsights_sitenote_note":"","_monsterinsights_sitenote_category":0,"footnotes":""},"categories":[49],"tags":[],"class_list":["post-116233","post","type-post","status-publish","format-standard","has-post-thumbnail","hentry","category-news-18","category-49","description-off"],"img_url":"https:\/\/www.radiopiu.net\/wordpress\/wp-content\/uploads\/2020\/02\/CarnevaleRivamonte4.png","_links":{"self":[{"href":"https:\/\/www.radiopiu.net\/wordpress\/wp-json\/wp\/v2\/posts\/116233","targetHints":{"allow":["GET"]}}],"collection":[{"href":"https:\/\/www.radiopiu.net\/wordpress\/wp-json\/wp\/v2\/posts"}],"about":[{"href":"https:\/\/www.radiopiu.net\/wordpress\/wp-json\/wp\/v2\/types\/post"}],"author":[{"embeddable":true,"href":"https:\/\/www.radiopiu.net\/wordpress\/wp-json\/wp\/v2\/users\/1"}],"replies":[{"embeddable":true,"href":"https:\/\/www.radiopiu.net\/wordpress\/wp-json\/wp\/v2\/comments?post=116233"}],"version-history":[{"count":0,"href":"https:\/\/www.radiopiu.net\/wordpress\/wp-json\/wp\/v2\/posts\/116233\/revisions"}],"wp:featuredmedia":[{"embeddable":true,"href":"https:\/\/www.radiopiu.net\/wordpress\/wp-json\/wp\/v2\/media\/116235"}],"wp:attachment":[{"href":"https:\/\/www.radiopiu.net\/wordpress\/wp-json\/wp\/v2\/media?parent=116233"}],"wp:term":[{"taxonomy":"category","embeddable":true,"href":"https:\/\/www.radiopiu.net\/wordpress\/wp-json\/wp\/v2\/categories?post=116233"},{"taxonomy":"post_tag","embeddable":true,"href":"https:\/\/www.radiopiu.net\/wordpress\/wp-json\/wp\/v2\/tags?post=116233"}],"curies":[{"name":"wp","href":"https:\/\/api.w.org\/{rel}","templated":true}]}}