{"id":116308,"date":"2020-02-07T05:31:34","date_gmt":"2020-02-07T04:31:34","guid":{"rendered":"https:\/\/www.radiopiu.net\/wordpress\/?p=116308"},"modified":"2020-02-08T06:13:54","modified_gmt":"2020-02-08T05:13:54","slug":"giornale-radiopiu-07-febbraio-2020-direttore-mirko-mezzacasa","status":"publish","type":"post","link":"https:\/\/www.radiopiu.net\/wordpress\/giornale-radiopiu-07-febbraio-2020-direttore-mirko-mezzacasa\/","title":{"rendered":"GIORNALE RADIOPIU 07 FEBBRAIO 2020 direttore Mirko Mezzacasa"},"content":{"rendered":"<blockquote><p><strong>PER RICEVERE QUESTO NOTIZIARIO DIRETTAMENTE SUL TUO CELLULARE ISCRIVITI AL CANALE <span style=\"color: #0000ff;\">TELEGRAM<\/span> &#8220;<span style=\"color: #ff0000;\">RADIO PIU INFORMAZIONE<span style=\"color: #000000;\">&#8221;\u00a0<\/span><\/span><\/strong><\/p>\n<p>https:\/\/t.me\/radiopiu<\/p>\n<p>&nbsp;<\/p><\/blockquote>\n<hr \/>\n<p><strong>PROVINCIALE 4 VAL CANTUNA<\/strong>: NELLE NOTTI DALL&#8217;11 AL 15 FEBBRAIO DALLE 23 ALLE 5 DEL MATTINO INTERDIZIONE TOTALE AL TRAFFICO IN LOCALITA&#8217; CADOLA-VIADOTTO AUTOSTRADALE<\/p>\n<hr \/>\n<p><strong>VALLADA AGORDINA<\/strong> nelle localit\u00e0 COGUL, PIAZ E ANDRICH e <strong>CIBIANA IN TUTTO IL COMUNE<\/strong> <span style=\"color: #ff0000;\">, l&#8217;acqua erogata dall&#8217;acquedotto non \u00e8 potabile<\/span> e pu\u00f2 essere usata per scopi alimentari SOLO PREVIA bollitura. GSP ha, comunque, gi\u00e0 adottato le necessarie misure per la disinfezione dell&#8217;acqua presente nei serbatoi e nella rete idrica con l&#8217;aggiunta di cloro.<\/p>\n<hr \/>\n<h3><\/h3>\n<p>&nbsp;<\/p>\n<blockquote>\n<h1>CORONAVIRUS, CASO SOSPETTO A BELLUNO<\/h1>\n<\/blockquote>\n<p><strong><a class=\"dt-pswp-item\" href=\"https:\/\/www.radiopiu.net\/wordpress\/wp-content\/uploads\/2020\/01\/images-1.jpg\" data-dt-img-description=\"\" data-large_image_width=\"220\" data-large_image_height=\"220\"><img loading=\"lazy\" decoding=\"async\" class=\"size-full wp-image-115271 alignleft\" src=\"https:\/\/www.radiopiu.net\/wordpress\/wp-content\/uploads\/2020\/01\/images-1.jpg\" alt=\"\" width=\"220\" height=\"220\" srcset=\"https:\/\/www.radiopiu.net\/wordpress\/wp-content\/uploads\/2020\/01\/images-1.jpg 220w, https:\/\/www.radiopiu.net\/wordpress\/wp-content\/uploads\/2020\/01\/images-1-150x150.jpg 150w\" sizes=\"auto, (max-width: 220px) 100vw, 220px\" \/><\/a>BELLUNO<\/strong> Un ventenne di Belluno da poco rientrato dalla Cina \u00e8 ricoverato all&#8217;ospedale di Belluno con\u00a0 febbre. Il ragazzo di Ponte nelle Alpi una settimana fa era a Guangzhou. E&#8217; dunque scattata l&#8217;applicazione del protocollo sanitario sul Coronavirus anche in provincia di Belluno. Il giovane di Polpet dal 10 al 29 gennaio \u00e8 stato a Canton, regione che dista 850 chilometri da Wuhan. Non c&#8217;\u00e8 certezza alcuna che si tratti di Coronavirus, potrebbe essere un banalissimo caso di influenza, sono\u00a0 attesi per oggi i risultati dei test. Il giovane, che in questi giorni ha volontariamente evitato i contatti con altre persone, oggi sar\u00e0 sottoposto a un prelievo di materiale che\u00a0 verr\u00e0 trasmesso a Padova, dove sar\u00e0 analizzato<\/p>\n<blockquote><p><em>\u00ab\u00c8 stata attivata ovviamente la procedura prevista da Ministero e Regione, che prevede l&#8217;isolamento presso malattie infettive &#8211; dice il direttore Adriano Rasi Caldogno &#8211; Non vi \u00e8 nessuna misura aggiuntiva da attivare oltre a quanto gi\u00e0 in corso da parte del gruppo di azione rapida istituito. Le procedure le trovate sul materiale distribuito da Ministero e Regione\u00bb<\/em><\/p><\/blockquote>\n<p>&nbsp;<\/p>\n<p>&nbsp;<\/p>\n<p>&nbsp;<\/p>\n<p>&nbsp;<\/p>\n<p>&nbsp;<\/p>\n<hr \/>\n<h1><\/h1>\n<h1 class=\"entry-title\"><\/h1>\n<blockquote>\n<h1>RECUPERATO ESCURSIONISTA IN DIFFICOLT\u00c0<\/h1>\n<\/blockquote>\n<div class=\"page-title title-left solid-bg breadcrumbs-mobile-off page-title-responsive-enabled\">\n<div class=\"wf-wrap\">\n<div class=\"page-title-head hgroup\">\n<blockquote>\n<h1><\/h1>\n<h1 class=\"entry-title\"><strong style=\"font-size: 14px;\">CORTINA<\/strong><span style=\"font-size: 14px; font-weight: normal;\"> Attorno alle 16 di ieri\u00a0 l\u2019elicottero del Suem di Pieve di Cadore \u00e8 decollato in direzione Cason de Formin, dove, facendo il giro della Croda da Lago, un escursionista si era trovato in difficolt\u00e0 e, temendo di mettersi in condizione di pericolo, aveva preferito chiedere aiuto al 118 fornendo le coordinate del punto in cui si trovava. Individuato dall\u2019equipaggio, il trentaduenne di Casale sul Sile (TV), \u00e8 stato recuperato con un verricello di 20 metri dal tecnico di elisoccorso e trasportato a valle.<\/span><\/h1>\n<\/blockquote>\n<\/div>\n<div class=\"page-title-breadcrumbs\">\n<p>&nbsp;<\/p>\n<\/div>\n<p>&nbsp;<\/p>\n<p>&nbsp;<\/p>\n<\/div>\n<hr \/>\n<\/div>\n<p>&nbsp;<\/p>\n<p>&nbsp;<\/p>\n<blockquote>\n<h2>ESSILORLUXOTTICA E IL PROGETTO DI ACQUISIZIONE DI GRANDVISION<\/h2>\n<\/blockquote>\n<p><strong><img loading=\"lazy\" decoding=\"async\" class=\"alignleft\" src=\"https:\/\/www.radiopiu.net\/wordpress\/wp-content\/uploads\/2020\/01\/NUOVA-INSEGNA-LUXOTTICA-scaled.jpg\" width=\"169\" height=\"127\" \/>AGORDO<\/strong> EssilorLuxottica\u00a0 e GrandVision confermano che la Commissione Europea ha avviato la Fase II della procedura antitrust relativa alla proposta di acquisizione di GrandVision da parte di EssilorLuxottica. Le due societ\u00e0 sono fiduciose che la Fase II si completi nei termini previsti e collaboreranno con la Commissione Europea per dimostrare la motivazione e lo scopo dell\u2019acquisizione e i benefici che la stessa porter\u00e0 a tutti i clienti, ai consumatori e all\u2019intero settoreLe societ\u00e0 ribadiscono l&#8217;obiettivo di chiudere l\u2019acquisizione entro 12-24 mesi dall\u2019annuncio del 31 luglio 2019, in collaborazione con le autorit\u00e0 antitrust competenti. L\u2019operazione finora ha gi\u00e0 ricevuto il vialibera incondizionato negli Stati Uniti, in Russia e in Colombia, ed \u00e8 attualmente in fase di revisione,oltre che in Europa, anche in Brasile, Cile, Messico e Turchia.<\/p>\n<p>&nbsp;<\/p>\n<p>&nbsp;<\/p>\n<hr \/>\n<p>&nbsp;<\/p>\n<p>&nbsp;<\/p>\n<p>&nbsp;<\/p>\n<blockquote>\n<h3>COME NEGLI ULTIMI ANNI E&#8217; MAGGIORE IL NUMERO DEGLI STUDENTI CHE SCEGLIE\u00a0 SCUOLE NON AGORDINE. RISCHIA DI SALTARE IL TURISTICO (SOLO 5 ISCRITTI), AVVISATE LE FAMIGLIE.<\/h3>\n<\/blockquote>\n<p><strong><a class=\"dt-pswp-item\" href=\"https:\/\/www.radiopiu.net\/wordpress\/wp-content\/uploads\/2016\/12\/POLOTAMONICH.jpg\" data-dt-img-description=\"\" data-large_image_width=\"284\" data-large_image_height=\"158\"><img loading=\"lazy\" decoding=\"async\" class=\" wp-image-26115 alignleft\" src=\"https:\/\/www.radiopiu.net\/wordpress\/wp-content\/uploads\/2016\/12\/POLOTAMONICH.jpg\" alt=\"\" width=\"214\" height=\"119\" \/><\/a>AGORDO<\/strong> Sono 154 gli alunni in uscita dalle scuole medie dell&#8217;Agordino, numero di poco superiore agli ultimi due anni (141 e 149) ben distante dai 236 del 2013 ma nonostante il numero dei licenziati dalla scuole media aumenti quello degli iscritti ad Agordo e Falcade \u00e8 in calo.\u00a0 Dei 154 alunni della terza media in procinto di spiccare il volo verso la scuola superiore Il 44% degli studenti (68) ha scelto le scuole del territorio (Agordo e Falcade) portando a 106 (110 un anno fa) il totale delle pre iscrizioni: 22 chimici, 18 minerari, 9 Ipsia (congeniatori), 15 alberghiero, 5 turistico, 38 liceo (10 scientifico\u00a0 28 sportivo) .\u00a0 Cinque pre iscritti al liceo turistico \u00e8 ovvio che la classe con questi numeri non si far\u00e0, ironia del destino sono 7 gli iscritti al turistico del Calvi a Belluno.<\/p>\n<p>Il 56% degli studenti delle medie ha effettuato la pre iscrizione nelle scuole di Belluno, Sedico o Feltre: 7 al Calvi Turistico, 11 al linguistico,\u00a0 13 al Catullo, 7 edili e altrettanti centro consorzi benessere, 4 agraria, 2 alberghiero Longarone, nessun agordino iscritto al Lollino, 9 studenti frequenteranno le scuole dell&#8217;Alto Adige compreso l&#8217;alberghiero che iscriver\u00e0 due studenti.<\/p>\n<p><strong>Di pre iscrizioni se ne occuper\u00e0 anche 007 IN CONDOTTA con la prof. Maria Rosa Salmazo in onda lunedi alle 10.30 e 1900 (domenica alle 8).<\/strong><\/p>\n<audio class=\"wp-audio-shortcode\" id=\"audio-116308-1\" preload=\"none\" style=\"width: 100%;\" controls=\"controls\"><source type=\"audio\/mpeg\" src=\"https:\/\/www.radiopiu.net\/wordpress\/wp-content\/uploads\/2020\/02\/MARIA-ROSA.mp3?_=1\" \/><a href=\"https:\/\/www.radiopiu.net\/wordpress\/wp-content\/uploads\/2020\/02\/MARIA-ROSA.mp3\">https:\/\/www.radiopiu.net\/wordpress\/wp-content\/uploads\/2020\/02\/MARIA-ROSA.mp3<\/a><\/audio>\n<p>&nbsp;<\/p>\n<p>&nbsp;<\/p>\n<hr \/>\n<p>&nbsp;<\/p>\n<p>&nbsp;<\/p>\n<blockquote>\n<h3>VETRINA ALLA BORSA DEL TURISMO PER LA PROVINCIA BELLUNESE<\/h3>\n<\/blockquote>\n<p><strong><a class=\"dt-pswp-item\" href=\"https:\/\/www.radiopiu.net\/wordpress\/wp-content\/uploads\/2018\/04\/Giuliano-Vantaggi-1.jpg\" data-dt-img-description=\"\" data-large_image_width=\"240\" data-large_image_height=\"320\"><img loading=\"lazy\" decoding=\"async\" class=\" wp-image-46272 alignleft\" src=\"https:\/\/www.radiopiu.net\/wordpress\/wp-content\/uploads\/2018\/04\/Giuliano-Vantaggi-1-225x300.jpg\" alt=\"\" width=\"101\" height=\"135\" srcset=\"https:\/\/www.radiopiu.net\/wordpress\/wp-content\/uploads\/2018\/04\/Giuliano-Vantaggi-1-225x300.jpg 225w, https:\/\/www.radiopiu.net\/wordpress\/wp-content\/uploads\/2018\/04\/Giuliano-Vantaggi-1.jpg 240w\" sizes=\"auto, (max-width: 101px) 100vw, 101px\" \/><\/a>BELLUNO<\/strong> Provincia di nuovo protagonista alla Bit di Milano. Un altra importante vetrina dopo le immagini televisive nelle trasmissioni Alle Falde del Kilimangiaro e Linea Bianca. In partenza per Milano anche il direttore della DMO Giuliano Vantaggi<\/p>\n<p>&nbsp;<\/p>\n<audio class=\"wp-audio-shortcode\" id=\"audio-116308-2\" preload=\"none\" style=\"width: 100%;\" controls=\"controls\"><source type=\"audio\/mpeg\" src=\"https:\/\/www.radiopiu.net\/wordpress\/wp-content\/uploads\/2020\/02\/giuliano-vantaggi-bit-1.mp3?_=2\" \/><a href=\"https:\/\/www.radiopiu.net\/wordpress\/wp-content\/uploads\/2020\/02\/giuliano-vantaggi-bit-1.mp3\">https:\/\/www.radiopiu.net\/wordpress\/wp-content\/uploads\/2020\/02\/giuliano-vantaggi-bit-1.mp3<\/a><\/audio>\n<p>&nbsp;<\/p>\n<p>&nbsp;<\/p>\n<hr \/>\n<h3><\/h3>\n<p>&nbsp;<\/p>\n<blockquote>\n<h1>IERI ALLA RADIO, L&#8217;ARTICOLO PIU&#8217; CLICCATO SUL SITO DI RADIO PIU&#8217;.<\/h1>\n<\/blockquote>\n<h2>L&#8217;ORGOGLIO DEL SINDACO MORENO DE VAL<\/h2>\n<audio class=\"wp-audio-shortcode\" id=\"audio-116308-3\" preload=\"none\" style=\"width: 100%;\" controls=\"controls\"><source type=\"audio\/mpeg\" src=\"https:\/\/www.radiopiu.net\/wordpress\/wp-content\/uploads\/2020\/02\/MORENO-1.mp3?_=3\" \/><a href=\"https:\/\/www.radiopiu.net\/wordpress\/wp-content\/uploads\/2020\/02\/MORENO-1.mp3\">https:\/\/www.radiopiu.net\/wordpress\/wp-content\/uploads\/2020\/02\/MORENO-1.mp3<\/a><\/audio>\n<p>&nbsp;<\/p>\n<blockquote class=\"wp-embedded-content\" data-secret=\"q7jRdI4QqI\"><p><a href=\"https:\/\/www.radiopiu.net\/wordpress\/dalla-salini-impregilo-renzo-rossi-da-san-tomaso-al-ponte-per-genova\/\">IERI ALLA RADIO, L&#8217;ARTICOLO PIU&#8217; LETTO: DALLA SALINI IMPREGILO RENZO ROSSI, DA SAN TOMASO AL PONTE PER GENOVA<\/a><\/p><\/blockquote>\n<p><iframe loading=\"lazy\" title=\"&#8220;IERI ALLA RADIO, L&#8217;ARTICOLO PIU&#8217; LETTO: DALLA SALINI IMPREGILO RENZO ROSSI, DA SAN TOMASO AL PONTE PER GENOVA&#8221; &#8212; Radio Pi\u00f9\" class=\"wp-embedded-content\" sandbox=\"allow-scripts\" security=\"restricted\" style=\"position: absolute; clip: rect(1px, 1px, 1px, 1px);\" src=\"https:\/\/www.radiopiu.net\/wordpress\/dalla-salini-impregilo-renzo-rossi-da-san-tomaso-al-ponte-per-genova\/embed\/#?secret=q7jRdI4QqI\" data-secret=\"q7jRdI4QqI\" width=\"600\" height=\"338\" frameborder=\"0\" marginwidth=\"0\" marginheight=\"0\" scrolling=\"no\"><\/iframe><\/p>\n<p>&nbsp;<\/p>\n<hr \/>\n<p>&nbsp;<\/p>\n<blockquote>\n<h3>LA BRUTTA NOTIZIA, ANNULLATA LA CASPARETHA<\/h3>\n<\/blockquote>\n<p><strong>CANALE D&#8217;AGORDO<\/strong> Non si far\u00e0 la quindicesima edizione\u00a0 della Casparetha, la competizione con le ciaspe da Canale d&#8217;Agordo alla Valle di Gares, annullata per assenza di neve. Negli ultimi due anni la gara era stata posticipata, ma mai annullata, era in calendario per il\u00a0 \u00a015 febbraio, Quest&#8217;anno non ci sono state pre iscrizioni quindi evitate le pratiche di eventuali rimborsi<\/p>\n<p>&nbsp;<\/p>\n<hr \/>\n<p>&nbsp;<\/p>\n<p>&nbsp;<\/p>\n<blockquote>\n<h3>INFLUENZA GIA\u2019 233.000 A LETTO<\/h3>\n<\/blockquote>\n<p><strong>VENEZIA<\/strong>\u00a0 Finora, l\u2019influenza stagionale 2019-2020 ha messo a letto 232.900 cittadini veneti, 11,30 casi per mille abitanti, inferiore a quella italiana, attestata a 13,18. Il trend della curva d\u2019incidenza regionale mostra un andamento in linea con la maggior parte delle stagioni precedenti, con valori registrati che, tuttavia, sono lievemente inferiori alla stagione 2018-2019 per lo stesso periodo di tempo. L\u2019incidenza aumenter\u00e0 ancora sino alla met\u00e0 di febbraio, periodo in cui \u00e8 atteso il picco massimo stagionale; 9 le\u00a0 segnalazioni di complicanze, per 2 pazienti \u00e8 stata necessaria l\u2019ossigenazione del sangue, il conto dei decessi rimane fortunatamente fermo a uno. La fascia d\u2019et\u00e0 pi\u00f9 colpita risulta essere quella dei bimbi da 0 a 4 anni con un\u2019incidenza di 33,73 casi per mille.<\/p>\n<p>&nbsp;<\/p>\n<p>&nbsp;<\/p>\n<hr \/>\n<h3><\/h3>\n<p>&nbsp;<\/p>\n<blockquote>\n<h2>ANCORA BLACK OUT TRA PONTE ALTO E RIVAMONTE, NECESSARIO IL TAGLIO DEGLI ALBERI<\/h2>\n<\/blockquote>\n<p><strong><a class=\"dt-pswp-item\" href=\"https:\/\/www.radiopiu.net\/wordpress\/wp-content\/uploads\/2018\/07\/rivamonte.jpg\" data-dt-img-description=\"\" data-large_image_width=\"259\" data-large_image_height=\"194\"><img loading=\"lazy\" decoding=\"async\" class=\"size-full wp-image-54941 alignleft\" src=\"https:\/\/www.radiopiu.net\/wordpress\/wp-content\/uploads\/2018\/07\/rivamonte.jpg\" alt=\"\" width=\"259\" height=\"194\" \/><\/a> <\/strong><\/p>\n<p>&nbsp;<\/p>\n<p>&nbsp;<\/p>\n<p>&nbsp;<\/p>\n<p>&nbsp;<\/p>\n<p><strong>RIVAMONTE\u00a0<\/strong><\/p>\n<p><strong>DI GIANNI SANTOMASO<\/strong><\/p>\n<audio class=\"wp-audio-shortcode\" id=\"audio-116308-4\" preload=\"none\" style=\"width: 100%;\" controls=\"controls\"><source type=\"audio\/mpeg\" src=\"https:\/\/www.radiopiu.net\/wordpress\/wp-content\/uploads\/2020\/02\/gianni.mp3?_=4\" \/><a href=\"https:\/\/www.radiopiu.net\/wordpress\/wp-content\/uploads\/2020\/02\/gianni.mp3\">https:\/\/www.radiopiu.net\/wordpress\/wp-content\/uploads\/2020\/02\/gianni.mp3<\/a><\/audio>\n<p>&nbsp;<\/p>\n<p>&nbsp;<\/p>\n<p>&nbsp;<\/p>\n<hr \/>\n<p>&nbsp;<\/p>\n<p>&nbsp;<\/p>\n<p>&nbsp;<\/p>\n<blockquote>\n<h2>CERCASI DIRETTORE PER IL PARCO NAZIONALE DELLE DOLOMITI,\u00a0 DOPO 11 MESI FINITO IL TEMPO DELLE PROROGHE<\/h2>\n<\/blockquote>\n<p><strong><a class=\"dt-pswp-item\" href=\"https:\/\/www.radiopiu.net\/wordpress\/wp-content\/uploads\/2018\/08\/logo-parco.png\" data-dt-img-description=\"\" data-large_image_width=\"253\" data-large_image_height=\"120\"><img loading=\"lazy\" decoding=\"async\" class=\"alignnone size-full wp-image-59193\" src=\"https:\/\/www.radiopiu.net\/wordpress\/wp-content\/uploads\/2018\/08\/logo-parco.png\" alt=\"\" width=\"253\" height=\"120\" \/><\/a>FELTRE<\/strong><\/p>\n<p><strong>DI DAMIANO TORMEN\u00a0<\/strong><\/p>\n<audio class=\"wp-audio-shortcode\" id=\"audio-116308-5\" preload=\"none\" style=\"width: 100%;\" controls=\"controls\"><source type=\"audio\/mpeg\" src=\"https:\/\/www.radiopiu.net\/wordpress\/wp-content\/uploads\/2020\/02\/damiano-parco.mp3?_=5\" \/><a href=\"https:\/\/www.radiopiu.net\/wordpress\/wp-content\/uploads\/2020\/02\/damiano-parco.mp3\">https:\/\/www.radiopiu.net\/wordpress\/wp-content\/uploads\/2020\/02\/damiano-parco.mp3<\/a><\/audio>\n<h3><\/h3>\n<p>&nbsp;<\/p>\n<p>&nbsp;<\/p>\n<hr \/>\n<blockquote>\n<h3><\/h3>\n<h3><\/h3>\n<h3><\/h3>\n<h3>APRE IL CANTIERE DI VIA CASSIE, MODIFICHE ALLA VIABILITA&#8217;<\/h3>\n<\/blockquote>\n<p><strong><a class=\"dt-pswp-item\" href=\"https:\/\/www.radiopiu.net\/wordpress\/wp-content\/uploads\/2020\/02\/f2b2ae00-66da-49bc-aacd-8274fbece80b.jpg\" data-dt-img-description=\"\" data-large_image_width=\"1600\" data-large_image_height=\"1200\"><img loading=\"lazy\" decoding=\"async\" class=\" wp-image-116314 alignleft\" src=\"https:\/\/www.radiopiu.net\/wordpress\/wp-content\/uploads\/2020\/02\/f2b2ae00-66da-49bc-aacd-8274fbece80b-300x225.jpg\" alt=\"\" width=\"200\" height=\"150\" srcset=\"https:\/\/www.radiopiu.net\/wordpress\/wp-content\/uploads\/2020\/02\/f2b2ae00-66da-49bc-aacd-8274fbece80b-300x225.jpg 300w, https:\/\/www.radiopiu.net\/wordpress\/wp-content\/uploads\/2020\/02\/f2b2ae00-66da-49bc-aacd-8274fbece80b-1024x768.jpg 1024w, https:\/\/www.radiopiu.net\/wordpress\/wp-content\/uploads\/2020\/02\/f2b2ae00-66da-49bc-aacd-8274fbece80b-768x576.jpg 768w, https:\/\/www.radiopiu.net\/wordpress\/wp-content\/uploads\/2020\/02\/f2b2ae00-66da-49bc-aacd-8274fbece80b-1536x1152.jpg 1536w, https:\/\/www.radiopiu.net\/wordpress\/wp-content\/uploads\/2020\/02\/f2b2ae00-66da-49bc-aacd-8274fbece80b.jpg 1600w\" sizes=\"auto, (max-width: 200px) 100vw, 200px\" \/><\/a>FELTRE<\/strong> Dalla prossima settimana via al\u00a0 cantiere di via Cassie al confine con il comune di Pedavena. L\u2019intervento va a sanare uno dei tratti della viabilit\u00e0 cittadina con maggiori criticit\u00e0, sia per quanto riguarda il piano stradale che la\u00a0 segnaletica. L\u2019intervento, \u00e8 coperto da un muto di 110 mila euro, verr\u00e0 eseguito dalla ditta Tollot Costruzioni di Ponte nelle Alpi<\/p>\n<p><strong>MODIFICHE ALLA VIABILITA<\/strong><\/p>\n<p>Tra l\u2019inizio del cantiere e venerd\u00ec 15 maggio dalle 7 alle 18 (escluso sabati e domeniche) &#8211; in via Cassie: Divieto di transito per tutti i veicoli (escluso mezzi di soccorso e residenti); deviazione del traffico diretto da viale Pedavena verso via Sega Bassa (Comune di Pedavena) lungo: viale Pedavena (fino a confine comunale) e viale Vittorio Veneto, via E. Fermi e via Sega Bassa (in Comune di Pedavena); deviazione del traffico diretto da via Sega Bassa verso via Cassie (Comune di Feltre) lungo: via E. Fermi e viale Vittorio Veneto (Comune di Pedavena) e poi lungo viale Pedavena fino a via Cassie.<\/p>\n<p><strong>L&#8217;ASSESSORE AI LAVORI PUBBLICI ADIS ZATTA<\/strong><\/p>\n<blockquote><p><em>\u201cCercheremo di ridurre al massimo i tempi dell\u2019intervento che, se non vi saranno particolari ritardi, dovrebbe concludersi nell\u2019arco di 90 giorni. Chiediamo ai residenti e agli automobilisti la consueta collaborazione in questo periodo di lavori che comporteranno anche qualche inevitabile disagio; il risultato, da tempo atteso, ripagher\u00e0 certamente la pazienza dei cittadini e gli sforzi che come Amministrazione abbiamo fatto per riuscire a far quadrare il cerchio\u201d<\/em><\/p><\/blockquote>\n<p>&nbsp;<\/p>\n<p>&nbsp;<\/p>\n<p>&nbsp;<\/p>\n<hr \/>\n<h3><\/h3>\n<p>&nbsp;<\/p>\n<blockquote>\n<h3>1,2 MILIONI DI FIRME A DIFESA DELLE MINORANZE LA CONSEGNA UFFICIALE A BRUXELLES<\/h3>\n<\/blockquote>\n<h3><a class=\"dt-pswp-item\" href=\"https:\/\/www.radiopiu.net\/wordpress\/wp-content\/uploads\/2020\/02\/image0.jpeg\" data-dt-img-description=\"\" data-large_image_width=\"1600\" data-large_image_height=\"927\"><img loading=\"lazy\" decoding=\"async\" class=\" wp-image-116316 alignleft\" src=\"https:\/\/www.radiopiu.net\/wordpress\/wp-content\/uploads\/2020\/02\/image0-300x174.jpeg\" alt=\"\" width=\"234\" height=\"136\" srcset=\"https:\/\/www.radiopiu.net\/wordpress\/wp-content\/uploads\/2020\/02\/image0-300x174.jpeg 300w, https:\/\/www.radiopiu.net\/wordpress\/wp-content\/uploads\/2020\/02\/image0-1024x593.jpeg 1024w, https:\/\/www.radiopiu.net\/wordpress\/wp-content\/uploads\/2020\/02\/image0-768x445.jpeg 768w, https:\/\/www.radiopiu.net\/wordpress\/wp-content\/uploads\/2020\/02\/image0-1536x890.jpeg 1536w, https:\/\/www.radiopiu.net\/wordpress\/wp-content\/uploads\/2020\/02\/image0.jpeg 1600w\" sizes=\"auto, (max-width: 234px) 100vw, 234px\" \/><\/a><\/h3>\n<p><strong>BRUXELLES<\/strong> Sono state consegnate ai rappresentanti della Commissione Europea le firme a sostegno dell&#8217;iniziativa \u201cMinority SafePack\u201d per chiedere maggiori diritti per le minoranze in Europa: una campagna di grandissimo successo, che ha portato i promotori a raccogliere oltre 1,2 milioni di firme in tutto il continente, oltre 80mila solo in Italia, soprattutto in Alto Adige e nella provincia di Belluno, dove \u00e8 consistente la minoranza linguistica ladina. &#8220;Il Minority SafePack \u00e8 l&#8217;iniziativa a sostegno delle minoranze in Europa degli ultimi decenni. <em>&#8220;Ci\u00f2 che \u00e8 importante ora &#8211; dice l&#8217;europarlamentare Herbert Dorfmann-\u00a0 \u00e8 che la campagna porti a una maggiore protezione delle minoranze: il nostro compito sar\u00e0 quello di convincere la Commissione e il Consiglio dell&#8217;UE ad attuare tutti i suoi contenuti e a mettere in atto una legge completa per proteggere i diritti delle minoranze, i diritti linguistici e le differenti culture\u201d. <\/em>Giunge cos\u00ec a conclusione la prima parte del cammino dell&#8217;iniziativa \u201cMinority SafePack\u201d, avviata nel 2017, completata con successo nell&#8217;anno seguente e culminata nella cerimonia di consegna a Bruxelles.<\/p>\n<p>&nbsp;<\/p>\n<p>&nbsp;<\/p>\n<p>&nbsp;<\/p>\n<hr \/>\n<h3><\/h3>\n<p>&nbsp;<\/p>\n<blockquote>\n<h3>BENETTON CHIUDE CON TOSCANI, DE CARLO GODE<\/h3>\n<\/blockquote>\n<p><strong>DALLA RASSEGNA STAMPA DELLE OTTO<\/strong><\/p>\n<audio class=\"wp-audio-shortcode\" id=\"audio-116308-6\" preload=\"none\" style=\"width: 100%;\" controls=\"controls\"><source type=\"audio\/mpeg\" src=\"https:\/\/www.radiopiu.net\/wordpress\/wp-content\/uploads\/2020\/02\/LUCA-DE-CARLO.mp3?_=6\" \/><a href=\"https:\/\/www.radiopiu.net\/wordpress\/wp-content\/uploads\/2020\/02\/LUCA-DE-CARLO.mp3\">https:\/\/www.radiopiu.net\/wordpress\/wp-content\/uploads\/2020\/02\/LUCA-DE-CARLO.mp3<\/a><\/audio>\n<p>&nbsp;<\/p>\n<p><strong>CALALZO<\/strong> \u00a0Benetton prende le distanze dal guru della fotografia Oliviero Toscani per le sue\u00a0 affermazioni sul Ponte Morandi\u00a0 <em>&#8220;Che il personaggio non fosse nuovo ad affermazioni forti e provocazioni pesanti era chiaro gi\u00e0 a tutti &#8211; dice Luca De Carlo sindaco di Calalzo &#8211;\u00a0 come non ricordare le offese e sgradite considerazioni misogene e volgari rivolte all\u2019On. Giorgia Meloni. Io stesso da Sindaco nel 2015 dopo le sue offese nei confronti dei Veneti, definiti \u201cUbriaconi atavici\u201d, lo dichiarai con delibera di giunta \u2018persona non gradita\u2019 a Calalzo\u201d.<\/em><\/p>\n<p>&nbsp;<\/p>\n<p>&nbsp;<\/p>\n<hr \/>\n<p>&nbsp;<\/p>\n<p>&nbsp;<\/p>\n<p>&nbsp;<\/p>\n<blockquote>\n<h3>LOLLINO FOR FUTURE, IL PIANO PER UNA SCUOLA SOSTENIBILE<\/h3>\n<\/blockquote>\n<p><strong><a class=\"dt-pswp-item\" href=\"https:\/\/www.radiopiu.net\/wordpress\/wp-content\/uploads\/2020\/02\/foto-lollino.jpg\" data-dt-img-description=\"\" data-large_image_width=\"1599\" data-large_image_height=\"777\"><img loading=\"lazy\" decoding=\"async\" class=\" wp-image-116331 alignleft\" src=\"https:\/\/www.radiopiu.net\/wordpress\/wp-content\/uploads\/2020\/02\/foto-lollino-300x146.jpg\" alt=\"\" width=\"245\" height=\"119\" srcset=\"https:\/\/www.radiopiu.net\/wordpress\/wp-content\/uploads\/2020\/02\/foto-lollino-300x146.jpg 300w, https:\/\/www.radiopiu.net\/wordpress\/wp-content\/uploads\/2020\/02\/foto-lollino-1024x498.jpg 1024w, https:\/\/www.radiopiu.net\/wordpress\/wp-content\/uploads\/2020\/02\/foto-lollino-768x373.jpg 768w, https:\/\/www.radiopiu.net\/wordpress\/wp-content\/uploads\/2020\/02\/foto-lollino-1536x746.jpg 1536w, https:\/\/www.radiopiu.net\/wordpress\/wp-content\/uploads\/2020\/02\/foto-lollino.jpg 1599w\" sizes=\"auto, (max-width: 245px) 100vw, 245px\" \/><\/a>BELLUNO<\/strong> Il Liceo Lollino Classico e Scientifico si \u00e8 trasferito per tre giorni nella Villa Gregoriana di San Marco d\u2019Auronzo, dove studenti e insegnanti hanno elaborato e votato, in assemblea plenaria, un documento che prende atto dell\u2019emergenza climatica e traccia gli impegni concreti per una scuola sostenibile. Il dottore forestale Michele Cassol, ha descritto la situazione di crisi climatica e agli studenti hanno elaborato\u00a0 alcune proposte concrete, confluite nella carta \u201cLollino for future\u201d.<\/p>\n<div class=\"su-document su-u-responsive-media-no\"><iframe loading=\"lazy\" src=\"\/\/docs.google.com\/viewer?embedded=true&url=https:\/\/www.radiopiu.net\/wordpress\/wp-content\/uploads\/2020\/02\/Comunicato-Lollino-for-future-1.doc\" width=\"600\" height=\"800\" class=\"su-document\" title=\"cc\"><\/iframe><\/div>\n<p>&nbsp;<\/p>\n<p>&nbsp;<\/p>\n<p>&nbsp;<\/p>\n<hr \/>\n<p>&nbsp;<\/p>\n<p>&nbsp;<\/p>\n<blockquote>\n<h3>LAMBORGHINI SULLA NEVE DI ALLEGHE<\/h3>\n<\/blockquote>\n<p><strong><a class=\"dt-pswp-item\" href=\"https:\/\/www.radiopiu.net\/wordpress\/wp-content\/uploads\/2020\/02\/Lamborghini-Alleghe-2.jpeg\" data-dt-img-description=\"\" data-large_image_width=\"1280\" data-large_image_height=\"960\"><img loading=\"lazy\" decoding=\"async\" class=\" wp-image-116326 alignleft\" src=\"https:\/\/www.radiopiu.net\/wordpress\/wp-content\/uploads\/2020\/02\/Lamborghini-Alleghe-2-300x225.jpeg\" alt=\"\" width=\"256\" height=\"192\" srcset=\"https:\/\/www.radiopiu.net\/wordpress\/wp-content\/uploads\/2020\/02\/Lamborghini-Alleghe-2-300x225.jpeg 300w, https:\/\/www.radiopiu.net\/wordpress\/wp-content\/uploads\/2020\/02\/Lamborghini-Alleghe-2-1024x768.jpeg 1024w, https:\/\/www.radiopiu.net\/wordpress\/wp-content\/uploads\/2020\/02\/Lamborghini-Alleghe-2-768x576.jpeg 768w, https:\/\/www.radiopiu.net\/wordpress\/wp-content\/uploads\/2020\/02\/Lamborghini-Alleghe-2.jpeg 1280w\" sizes=\"auto, (max-width: 256px) 100vw, 256px\" \/><\/a>ALLEGHE<\/strong> In un luned\u00ec qualunque di fine gennaio, una serata splendida con temperatura intorno ai -8 e neve compatta, il silenzio notturno delle piste gestite da Alleghe Funivie \u00e8 stato improvvisamente rotto dal sordo ruggito dei dieci cilindri Lamborghini. La splendida location dei Piani di Pezz\u00e8, nel cuore del comprensorio sciistico del Civetta, si \u00e8 trasformata in ghiaccio dromo per ospitare due regine d\u2019eccellenza del panorama automobilistico mondiale: Le nuove Urus Evo E Huracan Evo! Le auto in pista erano sei e hanno potuto occupare l\u2019intera area dei Piani di Pezz\u00e8 in occasione di un evento interno ad Automobili Lamborghini per un test drive su bassa aderenza. La pista \u00e8 stata delimitata e tracciata dal Tecnico Sportivo Federale Max Tosi con il prezioso aiuto di Cristian Moretti responsabile impianti di Alleghe Funivie e del suo staff. Il percorso individuato si \u00e8 dimostrato all\u2019altezza delle aspettative ed \u00e8 riuscito a dare corpo a un tracciato avvincente e allo stesso tempo molto tecnico. Durante tutto il periodo di prove l\u2019area \u00e8 stata messa in sicurezza e sotto controllo costante da parte dello staff presente. I test sono proseguiti per circa due ore di fronte agli occhi attenti dei dirigenti di Automobili Lamborghini, la serata \u00e8 poi continuata all\u2019interno del rifugio Grande Baita Civetta con una cena che si \u00e8 protratta sino a tarda notte. I dirigenti e l\u2019intero staff Lamborghini presente hanno potuto apprezzare il grande lavoro svolto dalla squadra diretta da Max Tosi e Cristian Moretti e la splendida location dei Piani di Pezz\u00e8 trasformata insolitamente in ghiaccio dromo capace comunque di dare risalto alla qualit\u00e0 delle piste gestite da Alleghe Funivie e alla bellezza delle Dolomiti Patrimonio Mondiale UNESCO che le abbracciano. (photo &#8220;fotoriva&#8221;)<\/p>\n<p><em>\u201dSicuramente &#8211; dice Max Tosi &#8211;\u00a0 non \u00e8 stata una passeggiata perch\u00e9 comunque il compito che Lamborghini mi aveva affidato non era semplice e soprattutto si stava parlando di un\u2019azienda top nel lusso a livello mondiale, ma la sfida gettatami ha creato \u201cpatos\u201d e tenacia nel creare ci\u00f2 che mi era stato richiesto, comunque il risultato non poteva che essere ottimo questo anche per il completo appoggio avuto da Alleghe Funivie nella persone di Cristian Moretti sul campo e di Sergio <a class=\"dt-pswp-item\" href=\"https:\/\/www.radiopiu.net\/wordpress\/wp-content\/uploads\/2020\/02\/Lamborghini-Alleghe-1.jpeg\" data-dt-img-description=\"\" data-large_image_width=\"1280\" data-large_image_height=\"960\"><img loading=\"lazy\" decoding=\"async\" class=\" wp-image-116327 alignright\" src=\"https:\/\/www.radiopiu.net\/wordpress\/wp-content\/uploads\/2020\/02\/Lamborghini-Alleghe-1-300x225.jpeg\" alt=\"\" width=\"223\" height=\"167\" srcset=\"https:\/\/www.radiopiu.net\/wordpress\/wp-content\/uploads\/2020\/02\/Lamborghini-Alleghe-1-300x225.jpeg 300w, https:\/\/www.radiopiu.net\/wordpress\/wp-content\/uploads\/2020\/02\/Lamborghini-Alleghe-1-1024x768.jpeg 1024w, https:\/\/www.radiopiu.net\/wordpress\/wp-content\/uploads\/2020\/02\/Lamborghini-Alleghe-1-768x576.jpeg 768w, https:\/\/www.radiopiu.net\/wordpress\/wp-content\/uploads\/2020\/02\/Lamborghini-Alleghe-1.jpeg 1280w\" sizes=\"auto, (max-width: 223px) 100vw, 223px\" \/><\/a>Pr\u00e0 in qualit\u00e0 di amministratore , abbiamo sicuramente fatto vedere ad una azienda leader di essere pronti ad ogni sfida per il futuro prossimo.\u201d\u00a0\u00a0\u00a0\u00a0<\/em><\/p>\n<p><em>\u201cLa collaborazione tra Alleghe Funivie e Il sodalizio Automobili Lamborghini \u2013 Max Tosi rispecchia il DNA della nostra azienda che \u00e8 costantemente volta all\u2019innovazione e al miglioramento tecnologico dei propri impianti e piste. Questa sfida ha rappresentato per noi un ulteriore passo in avanti in questa direzione e il risultato ottenuto, con la perfetta preparazione del percorso teatro dei test, ne \u00e8 la prova\u201d, ha commentato Sergio Pra, Presidente di Alleghe Funivie Spa. \u2018\u2018Il nostro comprensorio sciistico si rivolge ai veri appassionati degli sport invernali e siamo convinti che questa passione passi anche dall\u2019alta qualit\u00e0 tecnica dei nostri impianti e piste.\u2019\u2019<\/em><\/p>\n<p>&nbsp;<\/p>\n<hr \/>\n<p>&nbsp;<\/p>\n<p>&nbsp;<\/p>\n<blockquote>\n<h3>GIOVANI STUDENTI PER L&#8217;ASSOCIAZIONE MARGHERITA<\/h3>\n<\/blockquote>\n<p><a class=\"dt-pswp-item\" href=\"https:\/\/www.radiopiu.net\/wordpress\/wp-content\/uploads\/2020\/02\/Ganase-da-sberle-1-1-scaled.jpg\" data-dt-img-description=\"\" data-large_image_width=\"2560\" data-large_image_height=\"1207\"><img loading=\"lazy\" decoding=\"async\" class=\" wp-image-116333 alignleft\" src=\"https:\/\/www.radiopiu.net\/wordpress\/wp-content\/uploads\/2020\/02\/Ganase-da-sberle-1-1-300x141.jpg\" alt=\"\" width=\"262\" height=\"123\" srcset=\"https:\/\/www.radiopiu.net\/wordpress\/wp-content\/uploads\/2020\/02\/Ganase-da-sberle-1-1-300x141.jpg 300w, https:\/\/www.radiopiu.net\/wordpress\/wp-content\/uploads\/2020\/02\/Ganase-da-sberle-1-1-1024x483.jpg 1024w, https:\/\/www.radiopiu.net\/wordpress\/wp-content\/uploads\/2020\/02\/Ganase-da-sberle-1-1-768x362.jpg 768w, https:\/\/www.radiopiu.net\/wordpress\/wp-content\/uploads\/2020\/02\/Ganase-da-sberle-1-1-1536x724.jpg 1536w, https:\/\/www.radiopiu.net\/wordpress\/wp-content\/uploads\/2020\/02\/Ganase-da-sberle-1-1-2048x966.jpg 2048w\" sizes=\"auto, (max-width: 262px) 100vw, 262px\" \/><\/a><strong>BELLUNO<\/strong> Oltre duemila euro all\u2019associazione Margherita di Belluno. \u00c8 il ricavato della manifestazione al Palaskating di Sedico, cio\u00e8 la sesta edizione di \u201cGanase da Sberle\u201d, uno spettacolo di cabaret a scopo benefico. I fondi saranno destinati a migliorare i disturbi del comportamento alimentare come <a class=\"dt-pswp-item\" href=\"https:\/\/www.radiopiu.net\/wordpress\/wp-content\/uploads\/2020\/02\/Ganase-da-sberle-2-1.jpg\" data-dt-img-description=\"\" data-large_image_width=\"1920\" data-large_image_height=\"1080\"><img loading=\"lazy\" decoding=\"async\" class=\"size-medium wp-image-116334 alignright\" src=\"https:\/\/www.radiopiu.net\/wordpress\/wp-content\/uploads\/2020\/02\/Ganase-da-sberle-2-1-300x169.jpg\" alt=\"\" width=\"300\" height=\"169\" srcset=\"https:\/\/www.radiopiu.net\/wordpress\/wp-content\/uploads\/2020\/02\/Ganase-da-sberle-2-1-300x169.jpg 300w, https:\/\/www.radiopiu.net\/wordpress\/wp-content\/uploads\/2020\/02\/Ganase-da-sberle-2-1-1024x576.jpg 1024w, https:\/\/www.radiopiu.net\/wordpress\/wp-content\/uploads\/2020\/02\/Ganase-da-sberle-2-1-768x432.jpg 768w, https:\/\/www.radiopiu.net\/wordpress\/wp-content\/uploads\/2020\/02\/Ganase-da-sberle-2-1-1536x864.jpg 1536w, https:\/\/www.radiopiu.net\/wordpress\/wp-content\/uploads\/2020\/02\/Ganase-da-sberle-2-1.jpg 1920w\" sizes=\"auto, (max-width: 300px) 100vw, 300px\" \/><\/a>contributo ai progetti in corso nelle scuole da parte del sodalizio.<em> \u00abI giovani che si sono messi in gioco per organizzarlo sono riusciti a intrattenere il pubblico, accorso numeroso, con esilaranti sketch comici, scherzi e canti e il complesso di Valter Feltrin ha accompagnato con canzoni d\u2019autore l\u2019intera serata\u00bb, spiega il direttivo dell&#8217;associazione<\/em>. Silvia con coraggio ha raccontato la sua malattia, la sua sofferenza e la sua rinascita, creando un momento di grande commozione e di profonda riflessione.<\/p>\n<p>&nbsp;<\/p>\n<p>&nbsp;<\/p>\n<hr \/>\n<p>&nbsp;<\/p>\n<p>&nbsp;<\/p>\n<h3><\/h3>\n<blockquote>\n<h3>ISCRIZIONI APERTE AL CONCORSO CITTA&#8217; DI BELLUNO<\/h3>\n<\/blockquote>\n<p><a class=\"dt-pswp-item\" href=\"https:\/\/www.radiopiu.net\/wordpress\/wp-content\/uploads\/2020\/02\/Premio-musicale-Belluno-fagottista-Augusto-Velio-Palumbo-vincitore-assoluto-edizione-2019.jpg\" data-dt-img-description=\"\" data-large_image_width=\"1024\" data-large_image_height=\"768\"><img loading=\"lazy\" decoding=\"async\" class=\" wp-image-116335 alignleft\" src=\"https:\/\/www.radiopiu.net\/wordpress\/wp-content\/uploads\/2020\/02\/Premio-musicale-Belluno-fagottista-Augusto-Velio-Palumbo-vincitore-assoluto-edizione-2019-300x225.jpg\" alt=\"\" width=\"163\" height=\"122\" srcset=\"https:\/\/www.radiopiu.net\/wordpress\/wp-content\/uploads\/2020\/02\/Premio-musicale-Belluno-fagottista-Augusto-Velio-Palumbo-vincitore-assoluto-edizione-2019-300x225.jpg 300w, https:\/\/www.radiopiu.net\/wordpress\/wp-content\/uploads\/2020\/02\/Premio-musicale-Belluno-fagottista-Augusto-Velio-Palumbo-vincitore-assoluto-edizione-2019-768x576.jpg 768w, https:\/\/www.radiopiu.net\/wordpress\/wp-content\/uploads\/2020\/02\/Premio-musicale-Belluno-fagottista-Augusto-Velio-Palumbo-vincitore-assoluto-edizione-2019.jpg 1024w\" sizes=\"auto, (max-width: 163px) 100vw, 163px\" \/><\/a><strong>BELLUNO<\/strong> Sono aperte fino al 15 febbraio le iscrizioni per il Concorso Musicale Nazionale Citt\u00e0 di Belluno, il Concorso Internazionale di Canto Lirico Citt\u00e0 di Belluno e la Rassegna Piccoli talenti Citt\u00e0 di Belluno. Si svolger\u00e0 dal 7 al 22 marzo 2020 presso Teatro Comunale di Belluno e Palazzo Fulcis; \u00e8 riservato ai giovani musicisti solisti o in formazione, fino ai 25 anni. La sezione internazionale di Canto Lirico \u00e8 invece riservata a cantanti di qualunque nazionalit\u00e0 di et\u00e0 non superiore ai 35 anni. <em>\u00abIl concorso vuole essere un\u2019opportunit\u00e0 di crescita e maturazione attraverso l\u2019incontro di esperienze provenienti da diverse regioni italiane ma non solo\u00bb dichiara Manuela Selvestrel, presidente del Comitato Gocce di Sole. \u00abHa come finalit\u00e0 la condivisione, attraverso la musica, delle conoscenze e competenze acquisite e la valorizzazione delle eccellenze attraverso la pratica della musica solistica e di gruppo. <\/em>I premi consistono in borse di studio dai 1000 ai 200 euro, masterclass e concerti premio.\u00a0Il bando completo e il form per le iscrizioni sono disponibili su www.concorsomusicalebelluno.eu.<\/p>\n<p>&nbsp;<\/p>\n<p>&nbsp;<\/p>\n<hr \/>\n<p>&nbsp;<\/p>\n<p>&nbsp;<\/p>\n<blockquote>\n<h1>IERI NEI CIELI DELL&#8217;AGORDINO<\/h1>\n<\/blockquote>\n<blockquote class=\"wp-embedded-content\" data-secret=\"gOupbyTJqR\"><p><a href=\"https:\/\/www.radiopiu.net\/wordpress\/mongolfiere-in-transito\/\">MONGOLFIERE IN TRANSITO<\/a><\/p><\/blockquote>\n<p><iframe loading=\"lazy\" title=\"&#8220;MONGOLFIERE IN TRANSITO&#8221; &#8212; Radio Pi\u00f9\" class=\"wp-embedded-content\" sandbox=\"allow-scripts\" security=\"restricted\" style=\"position: absolute; clip: rect(1px, 1px, 1px, 1px);\" src=\"https:\/\/www.radiopiu.net\/wordpress\/mongolfiere-in-transito\/embed\/#?secret=gOupbyTJqR\" data-secret=\"gOupbyTJqR\" width=\"600\" height=\"338\" frameborder=\"0\" marginwidth=\"0\" marginheight=\"0\" scrolling=\"no\"><\/iframe><\/p>\n<p>&nbsp;<\/p>\n<p>&nbsp;<\/p>\n<hr \/>\n<blockquote>\n<h3><\/h3>\n<h3><\/h3>\n<h3><\/h3>\n<h3>GIORNATA RACCOLTA FARMACO A FAVORE DEI PIU\u2019 BISOGNOSI.<\/h3>\n<\/blockquote>\n<p><strong>VENEZIA<\/strong>\u00a0 Il Banco Farmaceutico compie 20 anni e per tale occasione la Giornata di Raccolta del Farmaco durer\u00e0 un\u2019intera settimana; iniziata ieri terminer\u00e0 il 10 febbraio, con il suo momento pi\u00f9 importante fissato per domani.\u00a0 Come in tutta Italia, anche nelle 495 farmacie del Veneto che hanno aderito all\u2019iniziativa ed espongono la locandina sar\u00e0 possibile acquistare una o pi\u00f9 confezioni di medicinali che andranno in dono alle persone indigenti<\/p>\n<p>&nbsp;<\/p>\n<p>&nbsp;<\/p>\n<p>&nbsp;<\/p>\n<hr \/>\n<p>&nbsp;<\/p>\n<p>&nbsp;<\/p>\n<blockquote>\n<h3>LA FORZA DELLE DONNE PER TELETHON<\/h3>\n<\/blockquote>\n<p><strong>AGORDO<\/strong>\u00a0 In occasione della ricorrenza di San Valentino il gruppo La Forza delle Donne, organizza per domenica, un mercatino di creazioni artigianali e in pi\u00f9 ci sar\u00e0 anche la possibilit\u00e0 di acquistare i &#8220;cuori cioccolato&#8221; Telethon e ricevere materiale informativo sulla Fondazione. La Forza delle Donne vuole aiutare la ricerca, ed in particolare tutti i bambini che nascono con malattie genetiche rare.<\/p>\n<p>&nbsp;<\/p>\n<p>&nbsp;<\/p>\n<p>&nbsp;<\/p>\n<hr \/>\n<p>&nbsp;<\/p>\n<p>&nbsp;<\/p>\n<blockquote>\n<h3>&#8220;DESCORON DE I ORT&#8221;, VENERDI A VALLADA<\/h3>\n<\/blockquote>\n<p><strong>VALLADA<\/strong> Le Biblioteche della Valle del Biois si sono fatte promotrici dell&#8217;evento &#8220;Descoron de i ort&#8221; (parliamo degli orti). Oggi alle 20 in biblioteca Lazzaris a Vallada (piano terra del Municipio) sar\u00e0 presentato il programma delle attivit\u00e0 del 2019 e 2020 del progetto Biocolalp sul recupero e rilancio della biodiversit\u00e0 nelle coltivazioni alpine.<\/p>\n<p>&nbsp;<\/p>\n<p>&nbsp;<\/p>\n<p>&nbsp;<\/p>\n<hr \/>\n<p>&nbsp;<\/p>\n<p>&nbsp;<\/p>\n<blockquote>\n<h3>UN CALENDARIO CONDIVISO PER LE MANIFESTAZIONI<\/h3>\n<\/blockquote>\n<p><strong>AGORDO Oggi alle 20 in sala della Biblioteca <\/strong>riunione per la creazione di un calendario condiviso delle manifestazioni per l&#8217;anno 2020 nei 6 Comuni della Conca Agordina.<\/p>\n<p>&nbsp;<\/p>\n<p>&nbsp;<\/p>\n<p>&nbsp;<\/p>\n<hr \/>\n<p>&nbsp;<\/p>\n<p>&nbsp;<\/p>\n<blockquote>\n<h3>CARNEVEL ITE VILA<\/h3>\n<\/blockquote>\n<p><strong>ROCCA PIETORE<\/strong> Sabato 15 febbraio carnevale a Sottoguda con l&#8217;associazione Borgo Sottoguda e gruppo folk Marmoleda. Programma: 13.30 partenza della mascoreda da Col di Rocca in direzione Sottoguda. Dalle 16 a Sottoguda giochi e premi in piazza con buffet e alle 17.30 arrivo della maschere a Sottoguda con premiazione. Immancabile il ballo, alle 20.30 al bar Althea con i Caladora Band.<\/p>\n<p>&nbsp;<\/p>\n<p>&nbsp;<\/p>\n<hr \/>\n<p>&nbsp;<\/p>\n<blockquote>\n<h3>IL CARNEVALE A RIVAMONTE &#8220;OLTA DA RIVA E COMPAGNIA BELA&#8221;<\/h3>\n<\/blockquote>\n<p><strong>RIVAMONTE<\/strong> Domenica 16 febbraio a Rivamonte si svolger\u00e0 la prima edizione di \u201c\u00d2lt da Riva e compagnia bela\u201d una mascherata di carnevale\u00a0 Alle 14 raduno delle maschere in piazza della chiesa e sfilata lungo le vie del paese; dalle 15.30 festa danzante con musica dal vivo nel piazzale del bar-ristorante \u201cAl Molin\u201d dove verr\u00e0 allestito per l\u2019occasione un tendone.<\/p>\n<p>&nbsp;<\/p>\n<p>&nbsp;<\/p>\n<p>&nbsp;<\/p>\n<hr \/>\n<p>&nbsp;<\/p>\n<p>&nbsp;<\/p>\n<blockquote>\n<h3>CARNEVALE A BELLUNO, ATTESE MASCHERINE E CARRI<\/h3>\n<\/blockquote>\n<p><strong>BELLUNO\u00a0 <\/strong>Anche per quest&#8217;anno si conferma la collaborazione tra il Comune di Belluno, la Pro Loco Castionese e il Consorzio Belluno Centro Storico.\u00a0 Due le domeniche di animazione, il 16 a Castion e il 23 in centro, per chiudere come da tradizione con la sfilata delle mascherine in Piazza dei Martiri marted\u00ec grasso, il 25 febbraio. Confermata la sfilata dei carri,cos\u00ec come la Color RuN, e la sfilata conclusiva dei piccoli in costume.<\/p>\n<p>&nbsp;<\/p>\n<p>&nbsp;<\/p>\n<hr \/>\n<p>&nbsp;<\/p>\n<blockquote>\n<h3>EL CARNEVAL DEI BOCE A TEMA<\/h3>\n<\/blockquote>\n<p><strong>LA VALLE<\/strong> Il carnevale a La Valle Agordina \u00e8 in calendario per il 23 febbraio quest&#8217;annno a tema con &#8220;Ti sorridono i monti&#8221;. Alle 14 gran sfilata dalla piazza, 15.30 festa in piazza con merenda, giochi e balli. Premi alla maschera, coppia e gruppo pi\u00f9 a tema e premi al gruppo pi\u00f9 numeroso. In caso di maltempo l&#8217;evento si terr\u00e0 alle scuole. Organizza la proloco di La Valle.<\/p>\n<p>&nbsp;<\/p>\n<p>&nbsp;<\/p>\n<hr \/>\n<blockquote>\n<h3><\/h3>\n<h3><\/h3>\n<h3>RIFLESSIONI SULLE DIVERSITA&#8217; IL &#8220;PESO SPECIFICO DELLE PAROLE&#8221;<\/h3>\n<\/blockquote>\n<p><strong>BELLUNO<\/strong>\u201cRiflessioni sulla diversit\u00e0, il peso specifico delle parole che usiamo\u201d. Letture con l&#8217;obiettivo di ragionare sul modo di parlare nella quotidianit\u00e0\u00a0 domani alle 18 al<br \/>\nCentro culturale \u201cPiero Rossi\u201d in Piazza Piloni.<\/p>\n<p>&nbsp;<\/p>\n<p>&nbsp;<\/p>\n<p>&nbsp;<\/p>\n<hr \/>\n<p>&nbsp;<\/p>\n<h2><a class=\"dt-pswp-item\" href=\"https:\/\/www.radiopiu.net\/wordpress\/wp-content\/uploads\/2018\/09\/appuntamenti.jpeg\" data-dt-img-description=\"\" data-large_image_width=\"800\" data-large_image_height=\"100\"><img loading=\"lazy\" decoding=\"async\" class=\"alignnone wp-image-61958 size-full\" src=\"https:\/\/www.radiopiu.net\/wordpress\/wp-content\/uploads\/2018\/09\/appuntamenti.jpeg\" alt=\"\" width=\"800\" height=\"100\" srcset=\"https:\/\/www.radiopiu.net\/wordpress\/wp-content\/uploads\/2018\/09\/appuntamenti.jpeg 800w, https:\/\/www.radiopiu.net\/wordpress\/wp-content\/uploads\/2018\/09\/appuntamenti-300x38.jpeg 300w, https:\/\/www.radiopiu.net\/wordpress\/wp-content\/uploads\/2018\/09\/appuntamenti-768x96.jpeg 768w\" sizes=\"auto, (max-width: 800px) 100vw, 800px\" \/><\/a><\/h2>\n<p>&nbsp;<\/p>\n<p>&nbsp;<\/p>\n<p><strong>FELTRE<\/strong>\u00a0 FeltreInBici organizza una serata dal titolo \u201cBerlino1989\u201d un emozionante diario fotografico di un ciclo-viaggio a Berlino, oggi alle\u00a0 21 presso il Casel di Porcen comune di Seren del Grappa con\u00a0 Claudio Mason (Vice presidente di FIAB FeltreInBici)<\/p>\n<p>&nbsp;<\/p>\n<p>&nbsp;<\/p>\n<hr \/>\n<p>&nbsp;<\/p>\n<p>&nbsp;<\/p>\n<p><strong>BELLUNO<\/strong> oggi\u00a0 15.30 nell&#8217;aula Magna del Centro Consorzi di Sedico si terr\u00e0\u00a0 il convegno &#8220;Internazionalizzare la tua impresa&#8221;, consentir\u00e0 alle imprese di conoscere le dinamiche del mercato balcanico, in particolare quello albanese, con le opportunit\u00e0 che esso offre.<\/p>\n<p>&nbsp;<\/p>\n<hr \/>\n<p>&nbsp;<\/p>\n<p><strong>BELLUNO <\/strong>oggi\u00a0 alle 20.45, presso il Teatro Comunale di Belluno, si terr\u00e0 il quinto appuntamento della rassegna di Teatro Civile: Tracciati. Spettacolo &#8220;Piccole Pratiche di Resistenza Civile&#8221;,\u00a0 un progetto di SlowMachine<\/p>\n<p>&nbsp;<\/p>\n<hr \/>\n<p>&nbsp;<\/p>\n<p><strong>ALPAGO\u00a0<\/strong> Al Cinema alpino di Tambre domani alle\u00a0 21 cerimonia di consegna del premio &#8220;Vivere in montagna&#8221; Arnaldo Pasqualin al gruppo folkloristico &#8220;Il Bassanello&#8221; di San Martino di Chies d&#8217;Alpago. La serata sar\u00e0 aperta dalla conversazione con il sociologo Diego Cason, sul tema &#8220;Resilienza a quota 1.000 &#8211; Scenari presenti e futuri del vivere in montagna&#8221;, e sar\u00e0 chiusa dallo spettacolo del gruppo premiato. L&#8217;iniziativa \u00e8 proposta dagli organizzatori della Transcavallo e dal Comitato Alpago 2 Ruote e Solidarieta.<\/p>\n<p>&nbsp;<\/p>\n<hr \/>\n<p>&nbsp;<\/p>\n<p><strong>AGORDO<\/strong> Domani alle 20.30 in sala Don Tamis &#8220;Fisarmonica nel cuore&#8221;, protagonista della serata: Antonino De Luca, giovane e talentuoso fisarmonicista. Serata ad offerta libera.\u00a0 L&#8217;intero ricavato della serata sar\u00e0 devoluto all&#8217;Associazione &#8220;Piccoli Grandi Cuori&#8221; di Bologna, per il sostegno e la crescita\u00a0 di bambini e adulti portatori di cardiopatie congenite.<\/p>\n<p>&nbsp;<\/p>\n<hr \/>\n<p><strong>BELLUNO<\/strong> La Commissione Escursionismo del CAI Belluno organizza per sabato nella sala ex-Hall del centro Le Torri in Nevegal dalle\u00a0 20.45 con ingresso libero una serata informativa sui Grandi Carnivori<\/p>\n<p>&nbsp;<\/p>\n<hr \/>\n<p>&nbsp;<\/p>\n<p><strong>BELLUNO<\/strong> Il Centro culturale Piero Rossi in collaborazione con Verba Volant organizza per domenica alle 17 presso la sede di Piazza Piloni &#8220;La foresta delle Idee&#8221; di Sacha Rosel.\u00a0 Letture di Sacha Rosel, Alice De Toni e Irina Righes Improvvisazioni musicali di Gianni Carlin. Conduce la serata Patrizia Burigo. Entrata libera<\/p>\n<p>&nbsp;<\/p>\n<hr \/>\n<p>&nbsp;<\/p>\n<p><strong>AGORDO<\/strong> Domenica la Sezione Agordina del Cai ripropone una giornata didattica di &#8220;Autosoccorso in valanga&#8221; presso la Caserma &#8220;Colbricon&#8221; della Guardia di Finanza al Passo Rolle, partenza alle 7.15 da Agordo per Passo Rolle dove l&#8217;attivit\u00e0 inizier\u00e0 alle 9.<\/p>\n<p>&nbsp;<\/p>\n<hr \/>\n<p>&nbsp;<\/p>\n<p><strong>PASSO SAN PELLEGRINO <\/strong>\u00a0Da oggi a\u00a0 domenica si svolger\u00e0 nella Ski Area San Pellegrino la terza delle cinque tappe previste per l\u2019inverno 2020. Una tre giorni ricca di contenuti, musica, sport e divertimento.<\/p>\n<p>&nbsp;<\/p>\n<hr \/>\n<p>&nbsp;<\/p>\n<p>&nbsp;<\/p>\n<p><a class=\"dt-pswp-item pspw-wrap-ready\" href=\"https:\/\/www.radiopiu.net\/wordpress\/wp-content\/uploads\/2018\/09\/viabilita.jpeg\" data-dt-img-description=\"\" data-large_image_width=\"800\" data-large_image_height=\"100\"><img loading=\"lazy\" decoding=\"async\" class=\"wp-image-61954 size-full aligncenter\" src=\"https:\/\/www.radiopiu.net\/wordpress\/wp-content\/uploads\/2018\/09\/viabilita.jpeg\" sizes=\"auto, (max-width: 800px) 100vw, 800px\" srcset=\"https:\/\/www.radiopiu.net\/wordpress\/wp-content\/uploads\/2018\/09\/viabilita.jpeg 800w, https:\/\/www.radiopiu.net\/wordpress\/wp-content\/uploads\/2018\/09\/viabilita-300x38.jpeg 300w, https:\/\/www.radiopiu.net\/wordpress\/wp-content\/uploads\/2018\/09\/viabilita-768x96.jpeg 768w\" alt=\"\" width=\"800\" height=\"100\" \/><\/a><\/p>\n<p>&nbsp;<\/p>\n<p><strong>PROVINCIALE 3 VAL IMPERINA,<\/strong> FINO\u00a0 A OGGI CHIUSURA DALLE 8 ALLE 9.45, 10-11.45, 13,30-15.15 E 15.30-1730\u00a0 localita&#8217; Corde Mole tra Rivamonte e Gosaldo<\/p>\n<p><strong>563 di SALESEI tra PIAN DI SALESEI E SALESEI\u00a0<\/strong> FINO AL 21 febbraio esclusi festivi e prefestivi INTERDIZIONE TOTALE AL TRAFFICO dalle 9 alle 17 per rimozione schianti. negli altri orari senso unico con semaforo<\/p>\n<p><strong>PONTE NELLE ALPI <\/strong><em>Fino al 27 marzo, il traffico della statale 50, all&#8217;altezza dell&#8217;innesto con via dei Zattieri (che verr\u00e0 chiusa), sar\u00e0 deviato nel tratto di nuova rotatoria realizzata all&#8217;interno dell&#8217;area ex Comedil.<\/em><\/p>\n<p>&nbsp;<\/p>\n<p>&nbsp;<\/p>\n<p>&nbsp;<\/p>\n<p>&nbsp;<\/p>\n<hr \/>\n<p>&nbsp;<\/p>\n<blockquote class=\"wp-embedded-content\" data-secret=\"rue7r4j6qe\"><p><a href=\"https:\/\/www.radiopiu.net\/wordpress\/una-via-di-belluno-e-intitolata-al-medico-buono-francesco-agosti-di-renato-bona\/\">UNA VIA DI BELLUNO E\u2019 INTITOLATA AL MEDICO BUONO FRANCESCO AGOSTI di RENATO BONA<\/a><\/p><\/blockquote>\n<p><iframe loading=\"lazy\" title=\"&#8220;UNA VIA DI BELLUNO E\u2019 INTITOLATA AL MEDICO BUONO FRANCESCO AGOSTI di RENATO BONA&#8221; &#8212; Radio Pi\u00f9\" class=\"wp-embedded-content\" sandbox=\"allow-scripts\" security=\"restricted\" style=\"position: absolute; clip: rect(1px, 1px, 1px, 1px);\" src=\"https:\/\/www.radiopiu.net\/wordpress\/una-via-di-belluno-e-intitolata-al-medico-buono-francesco-agosti-di-renato-bona\/embed\/#?secret=rue7r4j6qe\" data-secret=\"rue7r4j6qe\" width=\"600\" height=\"338\" frameborder=\"0\" marginwidth=\"0\" marginheight=\"0\" scrolling=\"no\"><\/iframe><\/p>\n<p>&nbsp;<\/p>\n<p>&nbsp;<\/p>\n<p>&nbsp;<\/p>\n<p>&nbsp;<\/p>\n<hr \/>\n<h2><\/h2>\n<blockquote>\n<h2><span style=\"color: #ff0000;\">IERI ALLA RADIO<\/span><\/h2>\n<\/blockquote>\n<p><strong>MARIA RITA GENTILIN SPI CGIL BELLUNO, APPUNTAMENTO QUINDICINALE.<\/strong><\/p>\n<audio class=\"wp-audio-shortcode\" id=\"audio-116308-7\" preload=\"none\" style=\"width: 100%;\" controls=\"controls\"><source type=\"audio\/mpeg\" src=\"https:\/\/www.radiopiu.net\/wordpress\/wp-content\/uploads\/2020\/02\/spi-cgil-6-febbraio-2.mp3?_=7\" \/><a href=\"https:\/\/www.radiopiu.net\/wordpress\/wp-content\/uploads\/2020\/02\/spi-cgil-6-febbraio-2.mp3\">https:\/\/www.radiopiu.net\/wordpress\/wp-content\/uploads\/2020\/02\/spi-cgil-6-febbraio-2.mp3<\/a><\/audio>\n<p>&nbsp;<\/p>\n<hr \/>\n<h2><\/h2>\n<blockquote>\n<h2><\/h2>\n<h2><span style=\"color: #ff0000;\">IERI ALLA RADIO<\/span><\/h2>\n<\/blockquote>\n<p><strong>DUE MINUTI UN LIBRO, OGNI GIORNO ALLE 9.40 E 17.50<\/strong><\/p>\n<blockquote class=\"wp-embedded-content\" data-secret=\"ZDHQ6pECyF\"><p><a href=\"https:\/\/www.radiopiu.net\/wordpress\/il-treno-dei-bambini\/\">IL TRENO DEI BAMBINI<\/a><\/p><\/blockquote>\n<p><iframe loading=\"lazy\" title=\"&#8220;IL TRENO DEI BAMBINI&#8221; &#8212; Radio Pi\u00f9\" class=\"wp-embedded-content\" sandbox=\"allow-scripts\" security=\"restricted\" style=\"position: absolute; clip: rect(1px, 1px, 1px, 1px);\" src=\"https:\/\/www.radiopiu.net\/wordpress\/il-treno-dei-bambini\/embed\/#?secret=ZDHQ6pECyF\" data-secret=\"ZDHQ6pECyF\" width=\"600\" height=\"338\" frameborder=\"0\" marginwidth=\"0\" marginheight=\"0\" scrolling=\"no\"><\/iframe><\/p>\n<blockquote>\n<h2>RACCOLTA COMPLETA<\/h2>\n<\/blockquote>\n<blockquote class=\"wp-embedded-content\" data-secret=\"hXO2CPjLJq\"><p><a href=\"https:\/\/www.radiopiu.net\/wordpress\/due-minuti-un-libro\/\">Due minuti un libro<\/a><\/p><\/blockquote>\n<p><iframe loading=\"lazy\" title=\"&#8220;Due minuti un libro&#8221; &#8212; Radio Pi\u00f9\" class=\"wp-embedded-content\" sandbox=\"allow-scripts\" security=\"restricted\" style=\"position: absolute; clip: rect(1px, 1px, 1px, 1px);\" src=\"https:\/\/www.radiopiu.net\/wordpress\/due-minuti-un-libro\/embed\/#?secret=hXO2CPjLJq\" data-secret=\"hXO2CPjLJq\" width=\"600\" height=\"338\" frameborder=\"0\" marginwidth=\"0\" marginheight=\"0\" scrolling=\"no\"><\/iframe><\/p>\n<p>&nbsp;<\/p>\n<p>&nbsp;<\/p>\n<p>&nbsp;<\/p>\n<blockquote>\n<h2><span style=\"color: #ff0000;\">IERI ALLA RADIO<\/span><\/h2>\n<\/blockquote>\n<p><strong>IN VIVO VERSO DI BRUNELLA MORO<\/strong><\/p>\n<blockquote class=\"wp-embedded-content\" data-secret=\"uwUIa7RCY5\"><p><a href=\"https:\/\/www.radiopiu.net\/wordpress\/abbraccio-dalbero-di-daniele-sommariva\/\">ABBRACCIO D&#8217;ALBERO di DANIELE SOMMARIVA<\/a><\/p><\/blockquote>\n<p><iframe loading=\"lazy\" title=\"&#8220;ABBRACCIO D&#8217;ALBERO di DANIELE SOMMARIVA&#8221; &#8212; Radio Pi\u00f9\" class=\"wp-embedded-content\" sandbox=\"allow-scripts\" security=\"restricted\" style=\"position: absolute; clip: rect(1px, 1px, 1px, 1px);\" src=\"https:\/\/www.radiopiu.net\/wordpress\/abbraccio-dalbero-di-daniele-sommariva\/embed\/#?secret=uwUIa7RCY5\" data-secret=\"uwUIa7RCY5\" width=\"600\" height=\"338\" frameborder=\"0\" marginwidth=\"0\" marginheight=\"0\" scrolling=\"no\"><\/iframe><\/p>\n<blockquote>\n<h2>RACCOLTA COMPLETA<\/h2>\n<\/blockquote>\n<blockquote class=\"wp-embedded-content\" data-secret=\"nZ9vLaqSkv\"><p><a href=\"https:\/\/www.radiopiu.net\/wordpress\/in-vivo-verso\/\">In Vivo Verso<\/a><\/p><\/blockquote>\n<p><iframe loading=\"lazy\" title=\"&#8220;In Vivo Verso&#8221; &#8212; Radio Pi\u00f9\" class=\"wp-embedded-content\" sandbox=\"allow-scripts\" security=\"restricted\" style=\"position: absolute; clip: rect(1px, 1px, 1px, 1px);\" src=\"https:\/\/www.radiopiu.net\/wordpress\/in-vivo-verso\/embed\/#?secret=nZ9vLaqSkv\" data-secret=\"nZ9vLaqSkv\" width=\"600\" height=\"338\" frameborder=\"0\" marginwidth=\"0\" marginheight=\"0\" scrolling=\"no\"><\/iframe><\/p>\n<p>&nbsp;<\/p>\n<p>&nbsp;<\/p>\n<p><a class=\"dt-pswp-item pspw-wrap-ready\" href=\"https:\/\/www.radiopiu.net\/wordpress\/wp-content\/uploads\/2018\/09\/sport.jpg\" data-dt-img-description=\"\" data-large_image_width=\"800\" data-large_image_height=\"100\"><img loading=\"lazy\" decoding=\"async\" class=\"wp-image-60761 size-full aligncenter\" src=\"https:\/\/www.radiopiu.net\/wordpress\/wp-content\/uploads\/2018\/09\/sport.jpg\" sizes=\"auto, (max-width: 800px) 100vw, 800px\" srcset=\"https:\/\/www.radiopiu.net\/wordpress\/wp-content\/uploads\/2018\/09\/sport.jpg 800w, https:\/\/www.radiopiu.net\/wordpress\/wp-content\/uploads\/2018\/09\/sport-300x38.jpg 300w, https:\/\/www.radiopiu.net\/wordpress\/wp-content\/uploads\/2018\/09\/sport-768x96.jpg 768w\" alt=\"\" width=\"800\" height=\"100\" \/><\/a><\/p>\n<blockquote>\n<h1>LE CIVETTE ATTERRANO IL FIEMME<\/h1>\n<\/blockquote>\n<p><a class=\"dt-pswp-item\" href=\"https:\/\/www.radiopiu.net\/wordpress\/wp-content\/uploads\/2019\/08\/logo-alleghe-hockey.png\" data-dt-img-description=\"\" data-large_image_width=\"547\" data-large_image_height=\"512\"><img loading=\"lazy\" decoding=\"async\" class=\"size-medium wp-image-95699 alignright\" src=\"https:\/\/www.radiopiu.net\/wordpress\/wp-content\/uploads\/2019\/08\/logo-alleghe-hockey-300x281.png\" alt=\"\" width=\"300\" height=\"281\" srcset=\"https:\/\/www.radiopiu.net\/wordpress\/wp-content\/uploads\/2019\/08\/logo-alleghe-hockey-300x281.png 300w, https:\/\/www.radiopiu.net\/wordpress\/wp-content\/uploads\/2019\/08\/logo-alleghe-hockey.png 547w\" sizes=\"auto, (max-width: 300px) 100vw, 300px\" \/><\/a>VAL DI FIEMME &#8211; ALLEGHE 2-5<\/p>\n<p>PARZIALI: 0-0, 1-2, 1-3<\/p>\n<p>GOL: st. 2\u201940\u201d Giolai, 9\u201950\u201d Mattivi, 15\u201924\u201d Ganz. tt. 11\u201924\u201d De Val, 12\u201955\u201d Nicolao, 15\u201958\u201d Martini, 16\u201935\u201d De Toni<\/p>\n<p>L\u2019Alleghe espugna lo stadio di Cavalese con una splendida prestazione di squadra. La compagine agordina riesce nell\u2019impresa di battere il Fiemme in terra trentina confermando il primo posto nel qualification round della IHL. Ora il turno di riposo per poi riprendere dal De Toni contro il Caldaro.<\/p>\n<p>Poche emozioni nei primi istanti di gara con le formazioni che si studiano per qualche minuto. L\u2019Alleghe inizia a premere quando si trova in superiorit\u00e0 numerica. Kiviranta sfiora il gol ma a fare la differenza \u00e8 il portiere fiemmese. Un vero e proprio assedio delle civette ma il disco non vuole entrare. Il match si anima e le squadre non se le mandano a dire. Nel finale il Fiemme prova l\u2019assalto grazie ad una penalit\u00e0 per gli agordini ma la difesa alleghese \u00e8 una saracinesca. La sfida si sblocca nel secondo drittel quando Ganz serve disco a Giolai che insacca. La squadra di Matikainen continua a spingere e sfiora il raddoppio con Huovinen. Nel momento migliore delle civette, i trentini pareggiano i conti. A portare il match su l\u20191 a 1 ci pensa Mattivi dopo un\u2019azione giostrata bene. Alleghe che non sta a guardare e trova il secondo gol della serata. Huovinen scappa alla difesa e serve al centro per Ganz che non sbaglia. Terzo tempo di firma trentina con i padroni di casa che provano a pareggiare di nuovo i conti. Scola \u00e8 costretto agli straordinari per evitare il gol. Le cose si complicano quando per l\u2019ennesima volta Kiviranta termina in panca puniti. Un vero e proprio assedio dei fiemmesi che mancano di poco la rete pi\u00f9 volte. Partita che si scalda con gli arbitri costretti a punire i giocatori in campo. Intanto Giolai va vicino alla doppietta personale. Alleghe che chiude la sfida con De Val, bravo a cogliere un assist di Giolai e spedire il puck alle spalle di Rabanser. Il Fiemme accorcia di nuovo le distanze in superiorit\u00e0 numerica con Nicolao. Martini cala il poker per gli agordini con un tiro debole che beffa il portiere trentino. Poco dopo anche De Toni va a segno e chiude definitivamente la sfida.<\/p>\n<p>&nbsp;<\/p>\n<p><a class=\"dt-pswp-item\" href=\"https:\/\/www.radiopiu.net\/wordpress\/wp-content\/uploads\/2018\/09\/WhatsApp-Image-2018-09-20-at-16.04.06.jpeg\" data-dt-img-description=\"\" data-large_image_width=\"800\" data-large_image_height=\"100\"><img loading=\"lazy\" decoding=\"async\" class=\"aligncenter wp-image-61378 size-full\" src=\"https:\/\/www.radiopiu.net\/wordpress\/wp-content\/uploads\/2018\/09\/WhatsApp-Image-2018-09-20-at-16.04.06.jpeg\" alt=\"\" width=\"800\" height=\"100\" srcset=\"https:\/\/www.radiopiu.net\/wordpress\/wp-content\/uploads\/2018\/09\/WhatsApp-Image-2018-09-20-at-16.04.06.jpeg 800w, https:\/\/www.radiopiu.net\/wordpress\/wp-content\/uploads\/2018\/09\/WhatsApp-Image-2018-09-20-at-16.04.06-300x38.jpeg 300w, https:\/\/www.radiopiu.net\/wordpress\/wp-content\/uploads\/2018\/09\/WhatsApp-Image-2018-09-20-at-16.04.06-768x96.jpeg 768w\" sizes=\"auto, (max-width: 800px) 100vw, 800px\" \/><\/a><\/p>\n<p><b>Venerdi 7<\/b> <b>Tempo atteso: <\/b>Tempo ben soleggiato con cielo sereno, aria tersa ed ottima visibilit\u00e0. Inversione termica notturna nelle valli, dove le gelate saranno diffuse. In giornata il clima sar\u00e0 decisamente meno fresco a tutte le quote.<br \/>\n<b>Precipitazioni: <\/b>Assenti (0%).<br \/>\n<b>Temperature: <\/b>In quota ulteriore generale rialzo termico. Nelle valli minime stazionarie o in leggera diminuzione, mentre le massime saranno in aumento, in maniera pi\u00f9 contenuta nelle valli rispetto all&#8217;alta quota. Sono previste punte di 9\/10\u00b0C nei fondovalle Prealpini e di 5\/7\u00b0C a 1000\/1200 m. Su Prealpi a 1500 m min 1\u00b0C max 4\u00b0C, a 2000 m min -1\u00b0C max 1\u00b0C. Su Dolomiti a 2000 m min -2\u00b0C max 2\u00b0C, a 3000 m min -5\u00b0C max -3\u00b0C.<br \/>\n<b>Venti: <\/b>Nelle valli deboli di direzione variabile, con rinforzi nei consueti settori interessati da brezze di monte, specie in prossimit\u00e0 della pedemontana. In quota venti moderati da nord-est al mattino e deboli, sempre da nord-est, al pomeriggio, a 5\/15 km\/h a 2000 m, a 10\/20 km\/h a 3000 m.<\/p>\n<hr \/>\n<p><b>Sabato 8<\/b> <b>Tempo atteso: <\/b>Tempo ben soleggiato fino a met\u00e0 pomeriggio, poi arrivo di sottili nubi alte, seguite da estese nubi medio-alte in serata. Aria tersa ed ottima visibilit\u00e0 in montagna, lievi foschie nei fondovalle prealpini. Clima freddo di notte, specie nelle valli; in giornata fresco in quota e relativamente mite nelle valli pi\u00f9 assolate.<br \/>\n<b>Precipitazioni: <\/b>Assenti (0%).<br \/>\n<b>Temperature: <\/b>Minime in diminuzione a tutte le quote, eccetto stazionariet\u00e0 sulle cime pi\u00f9 alte, massime in generale lieve flessione, pi\u00f9 avvertita negli strati medio-bassi. Sono previste punte di 6\/8\u00b0C nei fondovalle Prealpini e di 3\/5\u00b0C a 1000\/1200 m. Su Prealpi a 1500 m min -2\u00b0C max 0\u00b0C, a 2000 m min -3\u00b0C max -1\u00b0C. Su Dolomiti a 2000 m min -3\u00b0C max -1\u00b0C, a 3000 m min -9\u00b0C max -5\u00b0C.<br \/>\n<b>Venti: <\/b> Nelle valli deboli di direzione variabile, eccetto rinforzi per brezze di monte su alcuni settori prealpini, specie a ridosso della pedemontana. In quota deboli da nord durante la notte, disponendosi da sud-ovest in giornata, rimanendo deboli, a 5\/10 km\/h a 2000 m e 5\/15 km\/h a 3000 m.<\/p>\n<hr \/>\n<p><b>Domenica 9<\/b>Tempo ben soleggiato fino al primo pomeriggio, in seguito arrivo di nubi alte in grado di velare parzialmente il cielo. Verso sera intensificazione della nuvolosit\u00e0 alta e formazione di nubi basse sulla fascia prealpina. Temperature in ulteriore lieve calo, eccetto stazionariet\u00e0 delle minime nelle valli. Venti deboli dai quadranti occidentali, in rinforzo alla sera, deboli di direzione variabile nelle valli, eccetto rinforzi per brezze di monte su alcuni settori prealpini, specie a ridosso della pedemontana.<\/p>\n<hr \/>\n<p><b>Lunedi 10<\/b>Molta nuvolosit\u00e0 media stratiforme al mattino, la quale potr\u00e0 dare luogo a qualche debolissima precipitazione sparsa e qualche fiocco di neve oltre i 1100\/1400 m. Miglioramento al pomerggio con eventuale Foehn nelle valli. Temperature in leggero rialzo, eccetto le minime in quota che saranno osservate alla sera. Venti moderati\/tesi da nord-ovest in quota, anche forti sulle cime nel pomeriggio\/sera. Previsore: R.L.Th.<\/p>\n","protected":false},"excerpt":{"rendered":"<p>PER RICEVERE QUESTO NOTIZIARIO DIRETTAMENTE SUL TUO CELLULARE ISCRIVITI AL CANALE TELEGRAM &#8220;RADIO PIU INFORMAZIONE&#8221;\u00a0 https:\/\/t.me\/radiopiu &nbsp; PROVINCIALE 4 VAL CANTUNA: NELLE NOTTI DALL&#8217;11 AL 15 FEBBRAIO DALLE 23 ALLE 5 DEL MATTINO INTERDIZIONE TOTALE AL TRAFFICO IN LOCALITA&#8217; CADOLA-VIADOTTO AUTOSTRADALE VALLADA AGORDINA nelle localit\u00e0 COGUL, PIAZ E ANDRICH e CIBIANA IN TUTTO IL COMUNE&hellip;<\/p>\n","protected":false},"author":1,"featured_media":116322,"comment_status":"closed","ping_status":"closed","sticky":false,"template":"","format":"standard","meta":{"_monsterinsights_skip_tracking":false,"_monsterinsights_sitenote_active":false,"_monsterinsights_sitenote_note":"","_monsterinsights_sitenote_category":0,"footnotes":""},"categories":[1,86],"tags":[],"class_list":["post-116308","post","type-post","status-publish","format-standard","has-post-thumbnail","hentry","category-senza-categoria","category-gr","category-1","category-86","description-off"],"img_url":"https:\/\/www.radiopiu.net\/wordpress\/wp-content\/uploads\/2020\/02\/0588e4f9-8a5a-43e6-a6d2-32686b1a2cc9.jpg","_links":{"self":[{"href":"https:\/\/www.radiopiu.net\/wordpress\/wp-json\/wp\/v2\/posts\/116308","targetHints":{"allow":["GET"]}}],"collection":[{"href":"https:\/\/www.radiopiu.net\/wordpress\/wp-json\/wp\/v2\/posts"}],"about":[{"href":"https:\/\/www.radiopiu.net\/wordpress\/wp-json\/wp\/v2\/types\/post"}],"author":[{"embeddable":true,"href":"https:\/\/www.radiopiu.net\/wordpress\/wp-json\/wp\/v2\/users\/1"}],"replies":[{"embeddable":true,"href":"https:\/\/www.radiopiu.net\/wordpress\/wp-json\/wp\/v2\/comments?post=116308"}],"version-history":[{"count":0,"href":"https:\/\/www.radiopiu.net\/wordpress\/wp-json\/wp\/v2\/posts\/116308\/revisions"}],"wp:featuredmedia":[{"embeddable":true,"href":"https:\/\/www.radiopiu.net\/wordpress\/wp-json\/wp\/v2\/media\/116322"}],"wp:attachment":[{"href":"https:\/\/www.radiopiu.net\/wordpress\/wp-json\/wp\/v2\/media?parent=116308"}],"wp:term":[{"taxonomy":"category","embeddable":true,"href":"https:\/\/www.radiopiu.net\/wordpress\/wp-json\/wp\/v2\/categories?post=116308"},{"taxonomy":"post_tag","embeddable":true,"href":"https:\/\/www.radiopiu.net\/wordpress\/wp-json\/wp\/v2\/tags?post=116308"}],"curies":[{"name":"wp","href":"https:\/\/api.w.org\/{rel}","templated":true}]}}