{"id":116325,"date":"2020-02-06T13:58:46","date_gmt":"2020-02-06T12:58:46","guid":{"rendered":"https:\/\/www.radiopiu.net\/wordpress\/?p=116325"},"modified":"2020-02-06T15:04:25","modified_gmt":"2020-02-06T14:04:25","slug":"lamborghini-sulla-neve-di-alleghe","status":"publish","type":"post","link":"https:\/\/www.radiopiu.net\/wordpress\/lamborghini-sulla-neve-di-alleghe\/","title":{"rendered":"LAMBORGHINI SULLA NEVE DI ALLEGHE"},"content":{"rendered":"<blockquote>\n<p class=\"x_MsoNormal\"><em><span class=\"\">Automobili Lamborghini lo scorso luned\u00ec 20 gennaio era ai Piani di Pezz\u00e8 di Alleghe per un test segretissimo su bassa aderenza delle nuove Urus Evo e Huracan Evo.\u00a0 <\/span><\/em><\/p>\n<\/blockquote>\n<p class=\"x_MsoNormal\"><span class=\"\"><strong>ALLEGHE<\/strong> In un luned\u00ec qualunque di fine gennaio, una serata splendida con temperatura intorno ai -8 e neve compatta, il silenzio notturno delle piste gestite da Alleghe Funivie \u00e8 stato improvvisamente rotto dal sordo ruggito dei dieci cilindri Lamborghini. La splendida location dei Piani di Pezz\u00e8, nel cuore del comprensorio sciistico del Civetta, si \u00e8 trasformata in ghiaccio dromo per ospitare due regine d\u2019eccellenza del panorama automobilistico mondiale: Le nuove Urus Evo E Huracan Evo!<\/span><\/p>\n<p class=\"x_MsoNormal\"><span class=\"\">Le auto in pista erano sei e hanno potuto occupare l\u2019intera area dei Piani di Pezz\u00e8 in occasione di un evento interno ad Automobili Lamborghini per un test drive su bassa aderenza. La pista \u00e8 stata delimitata e tracciata dal Tecnico Sportivo Federale Max Tosi con il prezioso aiuto di Cristian Moretti responsabile impianti di Alleghe Funivie e del suo staff. Il percorso individuato si \u00e8 dimostrato all\u2019altezza delle aspettative ed \u00e8 riuscito a dare corpo a un tracciato avvincente e allo stesso tempo molto tecnico. Durante tutto il periodo di prove l\u2019area \u00e8 stata messa in sicurezza e sotto controllo costante da parte dello staff presente.<\/span><\/p>\n<p class=\"x_MsoNormal\"><span class=\"\">I test sono proseguiti per circa due ore di fronte agli occhi attenti dei dirigenti di Automobili Lamborghini, la serata \u00e8 poi continuata all\u2019interno del rifugio Grande Baita Civetta con una cena che si \u00e8 protratta sino a tarda notte.<\/span><\/p>\n<p class=\"x_MsoNormal\"><span class=\"\">I dirigenti e l\u2019intero staff Lamborghini presente hanno potuto apprezzare il grande lavoro svolto dalla squadra diretta da Max Tosi e Cristian Moretti e la splendida location dei Piani di Pezz\u00e8 trasformata insolitamente in ghiaccio dromo capace comunque di dare risalto alla qualit\u00e0 delle piste gestite da Alleghe Funivie e alla bellezza delle Dolomiti Patrimonio Mondiale UNESCO che le abbracciano.<\/span><\/p>\n<p><strong>photo &#8220;fotoriva&#8221;<\/strong><\/p>\n<p class=\"\"><span class=\"\"><a class=\"dt-pswp-item\" href=\"https:\/\/www.radiopiu.net\/wordpress\/wp-content\/uploads\/2020\/02\/Lamborghini-Alleghe-2.jpeg\" data-dt-img-description=\"\" data-large_image_width=\"1280\" data-large_image_height=\"960\"><img loading=\"lazy\" decoding=\"async\" class=\"alignnone wp-image-116326 size-full\" src=\"https:\/\/www.radiopiu.net\/wordpress\/wp-content\/uploads\/2020\/02\/Lamborghini-Alleghe-2.jpeg\" alt=\"\" width=\"1280\" height=\"960\" srcset=\"https:\/\/www.radiopiu.net\/wordpress\/wp-content\/uploads\/2020\/02\/Lamborghini-Alleghe-2.jpeg 1280w, https:\/\/www.radiopiu.net\/wordpress\/wp-content\/uploads\/2020\/02\/Lamborghini-Alleghe-2-300x225.jpeg 300w, https:\/\/www.radiopiu.net\/wordpress\/wp-content\/uploads\/2020\/02\/Lamborghini-Alleghe-2-1024x768.jpeg 1024w, https:\/\/www.radiopiu.net\/wordpress\/wp-content\/uploads\/2020\/02\/Lamborghini-Alleghe-2-768x576.jpeg 768w\" sizes=\"auto, (max-width: 1280px) 100vw, 1280px\" \/><\/a>Queste le parole di Max Tosi al termine dell\u2019evento: \u201d<i class=\"\">Sicuramente non \u00e8 stata una passeggiata perch\u00e9 comunque il compito che Lamborghini mi aveva affidato non era semplice e soprattutto si stava parlando di un\u2019azienda top nel lusso a livello mondiale, ma la sfida gettatami ha creato \u201cpatos\u201d e tenacia nel creare ci\u00f2 che mi era stato richiesto, comunque il risultato non poteva che essere ottimo questo anche per il completo appoggio avuto da Alleghe Funivie nella persone di Cristian Moretti sul campo e di Sergio Pr\u00e0 in qualit\u00e0 di amministratore , abbiamo sicuramente fatto vedere ad una azienda leader di essere pronti ad ogni sfida per il futuro prossimo.\u201d<\/i>\u00a0\u00a0\u00a0\u00a0 <\/span><\/p>\n<p class=\"\"><i class=\"\"><span class=\"\">\u201cLa collaborazione tra Alleghe Funivie e Il sodalizio Automobili Lamborghini \u2013 Max Tosi rispecchia il DNA della nostra azienda che \u00e8 costantemente volta all\u2019innovazione e al miglioramento tecnologico dei propri impianti e piste. Questa sfida ha rappresentato per noi un ulteriore passo in avanti in questa direzione e il risultato ottenuto, con la perfetta preparazione del percorso teatro dei test, ne \u00e8 la prova\u201d, ha commentato Sergio Pra, Presidente di Alleghe Funivie Spa. \u2018\u2018Il nostro comprensorio sciistico si rivolge ai veri appassionati degli sport invernali e siamo convinti che questa passione passi anche dall\u2019alta qualit\u00e0 tecnica dei nostri impianti e piste.\u2019\u2019 <\/span><\/i><\/p>\n<p><strong>photo &#8220;fotoriva&#8221;<\/strong><\/p>\n<p><a class=\"dt-pswp-item\" href=\"https:\/\/www.radiopiu.net\/wordpress\/wp-content\/uploads\/2020\/02\/Lamborghini-Alleghe-1.jpeg\" data-dt-img-description=\"\" data-large_image_width=\"1280\" data-large_image_height=\"960\"><img loading=\"lazy\" decoding=\"async\" class=\"alignnone wp-image-116327 size-full\" src=\"https:\/\/www.radiopiu.net\/wordpress\/wp-content\/uploads\/2020\/02\/Lamborghini-Alleghe-1.jpeg\" alt=\"\" width=\"1280\" height=\"960\" srcset=\"https:\/\/www.radiopiu.net\/wordpress\/wp-content\/uploads\/2020\/02\/Lamborghini-Alleghe-1.jpeg 1280w, https:\/\/www.radiopiu.net\/wordpress\/wp-content\/uploads\/2020\/02\/Lamborghini-Alleghe-1-300x225.jpeg 300w, https:\/\/www.radiopiu.net\/wordpress\/wp-content\/uploads\/2020\/02\/Lamborghini-Alleghe-1-1024x768.jpeg 1024w, https:\/\/www.radiopiu.net\/wordpress\/wp-content\/uploads\/2020\/02\/Lamborghini-Alleghe-1-768x576.jpeg 768w\" sizes=\"auto, (max-width: 1280px) 100vw, 1280px\" \/><\/a><\/p>\n","protected":false},"excerpt":{"rendered":"<p>Automobili Lamborghini lo scorso luned\u00ec 20 gennaio era ai Piani di Pezz\u00e8 di Alleghe per un test segretissimo su bassa aderenza delle nuove Urus Evo e Huracan Evo.\u00a0 ALLEGHE In un luned\u00ec qualunque di fine gennaio, una serata splendida con temperatura intorno ai -8 e neve compatta, il silenzio notturno delle piste gestite da Alleghe&hellip;<\/p>\n","protected":false},"author":1,"featured_media":116327,"comment_status":"closed","ping_status":"closed","sticky":false,"template":"","format":"standard","meta":{"_monsterinsights_skip_tracking":false,"_monsterinsights_sitenote_active":false,"_monsterinsights_sitenote_note":"","_monsterinsights_sitenote_category":0,"footnotes":""},"categories":[51,49],"tags":[],"class_list":["post-116325","post","type-post","status-publish","format-standard","has-post-thumbnail","hentry","category-evidenza-top","category-news-18","category-51","category-49","description-off"],"img_url":"https:\/\/www.radiopiu.net\/wordpress\/wp-content\/uploads\/2020\/02\/Lamborghini-Alleghe-1.jpeg","_links":{"self":[{"href":"https:\/\/www.radiopiu.net\/wordpress\/wp-json\/wp\/v2\/posts\/116325","targetHints":{"allow":["GET"]}}],"collection":[{"href":"https:\/\/www.radiopiu.net\/wordpress\/wp-json\/wp\/v2\/posts"}],"about":[{"href":"https:\/\/www.radiopiu.net\/wordpress\/wp-json\/wp\/v2\/types\/post"}],"author":[{"embeddable":true,"href":"https:\/\/www.radiopiu.net\/wordpress\/wp-json\/wp\/v2\/users\/1"}],"replies":[{"embeddable":true,"href":"https:\/\/www.radiopiu.net\/wordpress\/wp-json\/wp\/v2\/comments?post=116325"}],"version-history":[{"count":0,"href":"https:\/\/www.radiopiu.net\/wordpress\/wp-json\/wp\/v2\/posts\/116325\/revisions"}],"wp:featuredmedia":[{"embeddable":true,"href":"https:\/\/www.radiopiu.net\/wordpress\/wp-json\/wp\/v2\/media\/116327"}],"wp:attachment":[{"href":"https:\/\/www.radiopiu.net\/wordpress\/wp-json\/wp\/v2\/media?parent=116325"}],"wp:term":[{"taxonomy":"category","embeddable":true,"href":"https:\/\/www.radiopiu.net\/wordpress\/wp-json\/wp\/v2\/categories?post=116325"},{"taxonomy":"post_tag","embeddable":true,"href":"https:\/\/www.radiopiu.net\/wordpress\/wp-json\/wp\/v2\/tags?post=116325"}],"curies":[{"name":"wp","href":"https:\/\/api.w.org\/{rel}","templated":true}]}}