{"id":116394,"date":"2020-02-08T05:57:10","date_gmt":"2020-02-08T04:57:10","guid":{"rendered":"https:\/\/www.radiopiu.net\/wordpress\/?p=116394"},"modified":"2020-02-08T11:25:44","modified_gmt":"2020-02-08T10:25:44","slug":"giornale-radiopiu-8-febbraio-2020-direttore-mirko-mezzacasa","status":"publish","type":"post","link":"https:\/\/www.radiopiu.net\/wordpress\/giornale-radiopiu-8-febbraio-2020-direttore-mirko-mezzacasa\/","title":{"rendered":"GIORNALE RADIOPIU 8 FEBBRAIO 2020 direttore Mirko Mezzacasa"},"content":{"rendered":"<blockquote><p><strong>PER RICEVERE QUESTO NOTIZIARIO DIRETTAMENTE SUL TUO CELLULARE ISCRIVITI AL CANALE <span style=\"color: #0000ff;\">TELEGRAM<\/span> &#8220;<span style=\"color: #ff0000;\">RADIO PIU INFORMAZIONE<span style=\"color: #000000;\">&#8221;\u00a0<\/span><\/span><\/strong><\/p><\/blockquote>\n<p>&nbsp;<\/p>\n<hr \/>\n<p><strong>PROVINCIALE 4 VAL CANTUNA<\/strong>: NELLE NOTTI DALL&#8217;11 AL 15 FEBBRAIO DALLE 23 ALLE 5 DEL MATTINO INTERDIZIONE TOTALE AL TRAFFICO IN LOCALITA&#8217; CADOLA-VIADOTTO AUTOSTRADALE<\/p>\n<hr \/>\n<p><strong>VALLADA AGORDINA<\/strong> nelle localit\u00e0 COGUL, PIAZ E ANDRICH e <strong>CIBIANA IN TUTTO IL COMUNE<\/strong> <span style=\"color: #ff0000;\">, l&#8217;acqua erogata dall&#8217;acquedotto non \u00e8 potabile<\/span> e pu\u00f2 essere usata per scopi alimentari SOLO PREVIA bollitura. GSP ha, comunque, gi\u00e0 adottato le necessarie misure per la disinfezione dell&#8217;acqua presente nei serbatoi e nella rete idrica con l&#8217;aggiunta di cloro.<\/p>\n<hr \/>\n<p><strong>PROVINCIALE 3 VALLE IMPERINA,<\/strong> DA LUNEDI AL 21 FEBBRAIO IN LOCALITA&#8217; CORDE MOLE-VALESIN IN COMUNE DI GOSALDO STRADA CHIUSA A FASCE ORARIE PER TAGLIO ALBERI<br \/>\nCHIUSURE: 8-9.45, 10-11.45, 13.30-15.15, 15.30-17.30<\/p>\n<hr \/>\n<p>&nbsp;<\/p>\n<p>&nbsp;<\/p>\n<p>&nbsp;<\/p>\n<p>&nbsp;<\/p>\n<blockquote>\n<h1><em>DAL SITO DI RADIOPIU, L&#8217;ARTICOLO PIU&#8217; CLICCATO NELLE ULTIME 24 ORE<\/em><\/h1>\n<\/blockquote>\n<p>&nbsp;<\/p>\n<blockquote class=\"wp-embedded-content\" data-secret=\"mFimhyIJiz\"><p><a href=\"https:\/\/www.radiopiu.net\/wordpress\/ifo\/\">7 AGORDINI  ISCRITTI AL CALVI TURISTICO, 5 ALL&#8217;ISTITUTO TURISTICO DI AGORDO CHE NON SI FARA&#8217;<\/a><\/p><\/blockquote>\n<p><iframe loading=\"lazy\" title=\"&#8220;7 AGORDINI  ISCRITTI AL CALVI TURISTICO, 5 ALL&#8217;ISTITUTO TURISTICO DI AGORDO CHE NON SI FARA&#8217;&#8221; &#8212; Radio Pi\u00f9\" class=\"wp-embedded-content\" sandbox=\"allow-scripts\" security=\"restricted\" style=\"position: absolute; clip: rect(1px, 1px, 1px, 1px);\" src=\"https:\/\/www.radiopiu.net\/wordpress\/ifo\/embed\/#?secret=mFimhyIJiz\" data-secret=\"mFimhyIJiz\" width=\"600\" height=\"338\" frameborder=\"0\" marginwidth=\"0\" marginheight=\"0\" scrolling=\"no\"><\/iframe><\/p>\n<p>&nbsp;<\/p>\n<p>&nbsp;<\/p>\n<hr \/>\n<p>&nbsp;<\/p>\n<p>&nbsp;<\/p>\n<p>&nbsp;<\/p>\n<p>&nbsp;<\/p>\n<blockquote>\n<h3><span style=\"color: #ff0000;\">LA BELLA NOTIZIA: NON ERA CORONAVIRUS,<\/span><\/h3>\n<p><strong><span style=\"font-size: medium;\"><a class=\"dt-pswp-item\" href=\"https:\/\/www.radiopiu.net\/wordpress\/wp-content\/uploads\/2020\/01\/images-1.jpg\" data-dt-img-description=\"\" data-large_image_width=\"220\" data-large_image_height=\"220\"><img loading=\"lazy\" decoding=\"async\" class=\"wp-image-115271 alignleft\" src=\"https:\/\/www.radiopiu.net\/wordpress\/wp-content\/uploads\/2020\/01\/images-1.jpg\" alt=\"\" width=\"106\" height=\"106\" srcset=\"https:\/\/www.radiopiu.net\/wordpress\/wp-content\/uploads\/2020\/01\/images-1.jpg 220w, https:\/\/www.radiopiu.net\/wordpress\/wp-content\/uploads\/2020\/01\/images-1-150x150.jpg 150w\" sizes=\"auto, (max-width: 106px) 100vw, 106px\" \/><\/a>BELLUNO. <\/span><\/strong><span style=\"font-size: medium;\">Sono negativi<\/span><span style=\"font-size: medium;\"> al nuovo coronavirus gli esami effettuati sulla persona ricoverata al Malattie infettive dell\u2019Ospedale San Martino di Belluno dopo aver registrato la febbre dopo il rientro dalla Cina. <\/span><span style=\"font-size: medium;\">Secondo protocollo, le indagini sui campioni sono state effettuate dal Laboratorio di Riferimento Regionale dell\u2019Azienda Ospedaliera di Padova. <\/span><span style=\"font-size: medium;\">Il paziente sta bene \u00e8 stato dimesso gi\u00e0 nel pomeriggio di ieri.<\/span><\/p><\/blockquote>\n<p class=\"western\"><strong>DALLA REGIONE DEL VENETO<\/strong> Sono negativi al coronavirus gli esami effettuati sulla persona ricoverata ieri a Belluno che, al rientro da una permanenza a Canton, in Cina, si era presentata con sintomi di febbre e tosse.Lo comunica la Direzione Prevenzione della Regione del Veneto, che ha ricevuto l\u2019esito delle indagini effettuate dal Laboratorio di Riferimento Regionale dell\u2019Azienda Ospedaliera di Padova. I tecnici regionali precisano che la procedura prevede che vengano inviati al Centro di Riferimento Nazionale dello Spallanzani solo i casi che dovessero risultare positivi.<\/p>\n<p>&nbsp;<\/p>\n<p>&nbsp;<\/p>\n<hr \/>\n<blockquote>\n<h3><\/h3>\n<h3><\/h3>\n<h3>SCIVOLA LA LASTRA METALLICA, OPERAIO INCASTRATO FINO ALL&#8217;ARRIVO DEI SOCCORSI<\/h3>\n<\/blockquote>\n<p><strong><a class=\"dt-pswp-item\" href=\"https:\/\/www.radiopiu.net\/wordpress\/wp-content\/uploads\/2020\/02\/WhatsApp-Image-2020-02-07-at-12.19.25.jpeg\" data-dt-img-description=\"\" data-large_image_width=\"796\" data-large_image_height=\"523\"><img loading=\"lazy\" decoding=\"async\" class=\" wp-image-116413 alignleft\" src=\"https:\/\/www.radiopiu.net\/wordpress\/wp-content\/uploads\/2020\/02\/WhatsApp-Image-2020-02-07-at-12.19.25-300x197.jpeg\" alt=\"\" width=\"251\" height=\"165\" srcset=\"https:\/\/www.radiopiu.net\/wordpress\/wp-content\/uploads\/2020\/02\/WhatsApp-Image-2020-02-07-at-12.19.25-300x197.jpeg 300w, https:\/\/www.radiopiu.net\/wordpress\/wp-content\/uploads\/2020\/02\/WhatsApp-Image-2020-02-07-at-12.19.25-768x505.jpeg 768w, https:\/\/www.radiopiu.net\/wordpress\/wp-content\/uploads\/2020\/02\/WhatsApp-Image-2020-02-07-at-12.19.25.jpeg 796w\" sizes=\"auto, (max-width: 251px) 100vw, 251px\" \/><\/a>PIEVE D&#8217;ALPAGO<\/strong> Incidente sul lavoro ieri mattina alle 10 in via dell&#8217;Artigianato presso l&#8217;azienda di Carpenterie Romor. Un operaio \u00e8 infatti rimasto\u00a0 incastrato sotto una struttura metallica in lavorazione. La squadra dei vigili del fuoco\u00a0 in collaborazione con il personale sanitario del Suem ha liberato lo sfortunato operaio,S.L. 58 anni, siciliano residente a Vittorio Veneto, e una volta\u00a0 stabilizzato \u00e8 stato elitrasportato all&#8217;ospedale San Martino di Belluno in gravi condizioni per le fratture riportate,\u00a0 ma non in pericolo di vita. Le cause dell\u2019incidente sono al vaglio del personale dello Spisal accorsi sul posto insieme ai Carabinieri. Da una prima ricostruzione l&#8217;operaio \u00e8 stato colpito da un&#8217;impalcatura d&#8217;acciaio accidentamente staccatasi dal montacarichi. .All&#8217;infortunato sono stati diagnosticati un trauma cranico e un trauma a una gamba: il 58enne \u00e8 rimasto comunque sempre vigile e rispondeva alle domande dei soccorritori.La squadra dei pompieri in collaborazione con il personale del Suem lo ha soccorso e stabilizzato perch\u00e9 fosse quindi elitrasportato in ospedale.<\/p>\n<p>&nbsp;<\/p>\n<p>&nbsp;<\/p>\n<p>&nbsp;<\/p>\n<hr \/>\n<h3><\/h3>\n<p>&nbsp;<\/p>\n<p>&nbsp;<\/p>\n<blockquote>\n<h3>INCIDENTE A LA ROSSA DUE I FERITI<\/h3>\n<\/blockquote>\n<p><strong>BELLUNO<\/strong> Due feriti, \u00e8 il bilancio dell&#8217;incidente di ieri pomeriggio lungo la statale 50 a Belluno (in prossimit\u00e0 di Bona &amp; Gava). E&#8217; toccato ai vigili del fuoco estrarre dall&#8217;auto una donna C.N. dell&#8217;Alpago di 50 anni trasferita poi in ospedale in gravi condizioni. Ferita in maniera lieve anche la conducente dell&#8217;altra auto, M.D. settantenne agordina. \u00a0La conducente alpagota\u00a0 sulla Lancia Ypsilon\u00a0 viaggiava in direzione di Belluno quando si \u00e8 vista la corsia invasa dalla Peugeot.La Ypsilon ha stretto verso destra, verso il muretto della ferrovia che costeggia la carreggiata, ma non \u00e8 servito ad evitare lo schianto. La 50enne alpagota \u00e8 rimasta cosciente e rispondeva alle domande dei soccorritori a fatica: \u00e8 stata ricoverata in rianimazione,\u00a0 non \u00e8 pericolo di vita. La settantenne ha riportato la frattura di un polso e ieri sera la patologia veniva trattata in ortopedia, poi la dimissione. Sul posto i Carabinieri per la deviazione del traffico e i rilievi del sinistro.<\/p>\n<p><a class=\"dt-pswp-item\" href=\"https:\/\/www.radiopiu.net\/wordpress\/wp-content\/uploads\/2020\/02\/c228cef7-1ce0-4e52-a6e3-98a6e24de713.jpg\" data-dt-img-description=\"\" data-large_image_width=\"960\" data-large_image_height=\"744\"><img loading=\"lazy\" decoding=\"async\" class=\"alignnone size-medium wp-image-116426\" src=\"https:\/\/www.radiopiu.net\/wordpress\/wp-content\/uploads\/2020\/02\/c228cef7-1ce0-4e52-a6e3-98a6e24de713-300x233.jpg\" alt=\"\" width=\"300\" height=\"233\" srcset=\"https:\/\/www.radiopiu.net\/wordpress\/wp-content\/uploads\/2020\/02\/c228cef7-1ce0-4e52-a6e3-98a6e24de713-300x233.jpg 300w, https:\/\/www.radiopiu.net\/wordpress\/wp-content\/uploads\/2020\/02\/c228cef7-1ce0-4e52-a6e3-98a6e24de713-768x595.jpg 768w, https:\/\/www.radiopiu.net\/wordpress\/wp-content\/uploads\/2020\/02\/c228cef7-1ce0-4e52-a6e3-98a6e24de713.jpg 960w\" sizes=\"auto, (max-width: 300px) 100vw, 300px\" \/><\/a><a class=\"dt-pswp-item\" href=\"https:\/\/www.radiopiu.net\/wordpress\/wp-content\/uploads\/2020\/02\/4e5ed158-c2fb-4a89-91b9-dace21db4cf3.jpg\" data-dt-img-description=\"\" data-large_image_width=\"905\" data-large_image_height=\"665\"><img loading=\"lazy\" decoding=\"async\" class=\"alignnone size-medium wp-image-116427\" src=\"https:\/\/www.radiopiu.net\/wordpress\/wp-content\/uploads\/2020\/02\/4e5ed158-c2fb-4a89-91b9-dace21db4cf3-300x220.jpg\" alt=\"\" width=\"300\" height=\"220\" srcset=\"https:\/\/www.radiopiu.net\/wordpress\/wp-content\/uploads\/2020\/02\/4e5ed158-c2fb-4a89-91b9-dace21db4cf3-300x220.jpg 300w, https:\/\/www.radiopiu.net\/wordpress\/wp-content\/uploads\/2020\/02\/4e5ed158-c2fb-4a89-91b9-dace21db4cf3-768x564.jpg 768w, https:\/\/www.radiopiu.net\/wordpress\/wp-content\/uploads\/2020\/02\/4e5ed158-c2fb-4a89-91b9-dace21db4cf3.jpg 905w\" sizes=\"auto, (max-width: 300px) 100vw, 300px\" \/><\/a><\/p>\n<p>&nbsp;<\/p>\n<p>&nbsp;<\/p>\n<p>&nbsp;<\/p>\n<hr \/>\n<p>&nbsp;<\/p>\n<p>&nbsp;<\/p>\n<blockquote>\n<h3>AUTO RUOTE ALL&#8217;ARIA, DONNA IN OSPEDALE<\/h3>\n<\/blockquote>\n<p><strong>BELLUNO.<\/strong> Una donna \u00e8 rimasta ferita in un incidente ieri sera alle 18 in via Pedecastello. E&#8217; stata portata in ospedale con ferite\u00a0 di media gravit\u00e0. L&#8217;auto \u00e8 sbandata per poi\u00a0 rovesciarsi. La donna caricata sull&#8217;ambulanza, \u00e8 stata portata al pronto soccorso,\u00a0 i vigili del fuoco hanno messo in sicurezza\u00a0 la sede stradale.<\/p>\n<p>&nbsp;<\/p>\n<hr \/>\n<p>&nbsp;<\/p>\n<p>&nbsp;<\/p>\n<p>&nbsp;<\/p>\n<blockquote>\n<h3><strong>CARABI<\/strong><strong>NIERI SUGLI SCI, DUE INTERVENTI<\/strong><\/h3>\n<\/blockquote>\n<p><strong>B<a class=\"dt-pswp-item\" href=\"https:\/\/www.radiopiu.net\/wordpress\/wp-content\/uploads\/2020\/02\/3431a234-66ca-4b37-b872-b15e2bffd522.jpg\" data-dt-img-description=\"\" data-large_image_width=\"800\" data-large_image_height=\"600\"><img loading=\"lazy\" decoding=\"async\" class=\"wp-image-116444 alignleft\" src=\"https:\/\/www.radiopiu.net\/wordpress\/wp-content\/uploads\/2020\/02\/3431a234-66ca-4b37-b872-b15e2bffd522-300x225.jpg\" alt=\"\" width=\"139\" height=\"104\" srcset=\"https:\/\/www.radiopiu.net\/wordpress\/wp-content\/uploads\/2020\/02\/3431a234-66ca-4b37-b872-b15e2bffd522-300x225.jpg 300w, https:\/\/www.radiopiu.net\/wordpress\/wp-content\/uploads\/2020\/02\/3431a234-66ca-4b37-b872-b15e2bffd522-768x576.jpg 768w, https:\/\/www.radiopiu.net\/wordpress\/wp-content\/uploads\/2020\/02\/3431a234-66ca-4b37-b872-b15e2bffd522.jpg 800w\" sizes=\"auto, (max-width: 139px) 100vw, 139px\" \/><\/a>ELLUNO<\/strong> I Carabinieri da inizio stagione impegnati nel Soccorso piste non si sono risparmiati nemmeno oggi. Due gli interventi ad Arabba,\u00a0 \u00a0\u00e8 stato soccorso un 37enne veneziano trasportato a Belluno in elicottero e anche un cittadino straniero di 57 anni entrambi caduti autonomamente.<\/p>\n<p>&nbsp;<\/p>\n<p>&nbsp;<\/p>\n<p>&nbsp;<\/p>\n<p>&nbsp;<\/p>\n<p>&nbsp;<\/p>\n<hr \/>\n<blockquote><p>&nbsp;<\/p>\n<p>&nbsp;<\/p>\n<h3><img loading=\"lazy\" decoding=\"async\" class=\"alignleft\" src=\"https:\/\/www.radiopiu.net\/wordpress\/wp-content\/uploads\/2020\/02\/polizia.jpg\" width=\"172\" height=\"129\" \/>GEORGIANA DENUNCIATA PER FURTO DALLA POLIZIA<\/h3>\n<\/blockquote>\n<p><strong>BELLUNO<\/strong> E.G. straniera della Georgia \u00e8 stata denunciata per furto dagli agenti della Questura di Belluno. La donna senza fissa dimora ha tentato di rubare merce al negozio Acqua e Sapone. Prima ha pagato alcuni prodotti ma quando ha attraversato le barriere antitaccheggio \u00e8 iniziato il concerto&#8230; La stessa una volta scoperta ha consegnato spontaneamente i prodotti rubati per un valore di 19 euro che aveva nascosto nel giubbotto<\/p>\n<h3><\/h3>\n<p>&nbsp;<\/p>\n<hr \/>\n<h3><\/h3>\n<p>&nbsp;<\/p>\n<blockquote>\n<h3>ANCORA TRUFFE VIA INTERNET E, QUATTRO UBRIACHI AL VOLANTE<\/h3>\n<\/blockquote>\n<blockquote><p><strong>REDAZIONE <\/strong>Truffe via internet e ubriachi al volante, non \u00e8 mancato il lavoro ai Carabinieri della provincia nelle ultime ore. Il top: a Pieve di Cadore i Carabinieri hanno fermato un&#8217;auto, a bordo una donna P.N. 53 <a class=\"dt-pswp-item\" href=\"https:\/\/www.radiopiu.net\/wordpress\/wp-content\/uploads\/2019\/12\/CARABINIERI-FELTRE-1.jpg\" data-dt-img-description=\"\" data-large_image_width=\"1280\" data-large_image_height=\"960\"><img loading=\"lazy\" decoding=\"async\" class=\"size-medium wp-image-110919 alignleft\" src=\"https:\/\/www.radiopiu.net\/wordpress\/wp-content\/uploads\/2019\/12\/CARABINIERI-FELTRE-1-300x225.jpg\" alt=\"\" width=\"300\" height=\"225\" srcset=\"https:\/\/www.radiopiu.net\/wordpress\/wp-content\/uploads\/2019\/12\/CARABINIERI-FELTRE-1-300x225.jpg 300w, https:\/\/www.radiopiu.net\/wordpress\/wp-content\/uploads\/2019\/12\/CARABINIERI-FELTRE-1-1024x768.jpg 1024w, https:\/\/www.radiopiu.net\/wordpress\/wp-content\/uploads\/2019\/12\/CARABINIERI-FELTRE-1-768x576.jpg 768w, https:\/\/www.radiopiu.net\/wordpress\/wp-content\/uploads\/2019\/12\/CARABINIERI-FELTRE-1.jpg 1280w\" sizes=\"auto, (max-width: 300px) 100vw, 300px\" \/><\/a>anni\u00a0 del Cadore, dopo aver urtato un&#8217;\u00a0 autovettura nei pressi della galleria di Caralte , non si fermava. Piuttosto \u00e8 stata fermata pi\u00f9 tardi a Calalzo, tasso alcoolico da record: 3.61 grammi litro.<\/p>\n<p><strong>FELTRE<\/strong> I Carabinieri in stazione a Feltre hanno arrestato M.D. 38enne residente nel veneziano ma domiciliato a Feltre, in esecuzione di un ordine di carcerazione emesso dal magistrato di sorveglianza di venezia che ha sospeso la misura alternativa dell&#8217;affidamento in prova al servizio sociale in seguito al riscontro positivo circa il consumo di stupefacenti. sconter\u00e0 9 mesi in carcere a Baldenich<\/p><\/blockquote>\n<p>&nbsp;<\/p>\n<p><strong>ALLEGHE<\/strong> I Carabinieri di Caprile\u00a0 hanno denunciato in stato di libert\u00e0 per truffa tale D.B. 19 anni di Reggio Calabrio. Ha posto in vendita un furgone, ha incassato 500 euro di caparra da un 54enne agordino e poi \u00e8 sparito. Ma non \u00e8 sfuggito agli uomini del comandante Loria.<br \/>\n<strong>CORTINA<\/strong> Denunciato in stato di libert\u00e0 G.T. 72 anni di Caserta, ha incassato 350 euro di caparra da un 50enne di Udine per l&#8217;affitto di una appartamento a Cortina, ma non poteva farlo: non era suo.<\/p>\n<p><strong>BELLUNO\u00a0<\/strong> Quattro persone denunciate negli ultimi due giorni per guida in stato di ebbrezza. I Carabinieri di Gosaldo hanno denunciato un\u00a0 47enne\u00a0 agordino,\u00a0 a seguito di un controllo stradale serale veniva trovato con un tasso alcoolico di 1.13 grammi litro. I Carabinieri di Sedico hanno denunciato un moldavo di 29 anni, residente a Santa Giustina\u00a0 guidava il suo quadriciclo con tasso di 1.84. I Carabinieri di Trichiana hanno denunciato un 55 enne del luogo guidava con tasso alcoolemico 2.11, quattro volte il consentito, alla soglia del &#8220;coma&#8221; etilico.<\/p>\n<p><strong>\u00a0<\/strong><\/p>\n<p>&nbsp;<\/p>\n<p>&nbsp;<\/p>\n<hr \/>\n<h3><\/h3>\n<p>&nbsp;<\/p>\n<blockquote>\n<h3>E AVANTI CON I DISSERVIZI POSTALI<\/h3>\n<\/blockquote>\n<p><strong><img loading=\"lazy\" decoding=\"async\" class=\"alignleft\" src=\"https:\/\/www.radiopiu.net\/wordpress\/wp-content\/uploads\/2016\/03\/2376711-postini.jpg\" width=\"188\" height=\"105\" \/>CENCENIGHE<\/strong> Angela Bondi ieri ci ha resi partecipi della sua vicenda con un post sulla nostra pagina facebook RADIOPIU EMITTENTE AGORDINA accanto alla notizia che davano alcune settimane fa in merito ai problemi postali riscontrati a La Valle Agordina. Ecco il testo del messaggio<\/p>\n<blockquote><p><em> &#8220;<span dir=\"ltr\"><span class=\"_3l3x\">Lo scorso 2 ottobre avevo inbucato delle cartoline postali (destinazione Germania) nella buca lettera rossa davanti alla posta a Cencenighe.Le cartoline sono arrivate in Germania il 15 gennaio&#8230; il timbro postale era del 3 gennaio. Dove saranno rimaste le cartoline tra il 2 ottobre ed il 3 gennaio? Ci vogliono 3 mesi per un timbro?&#8221;<\/span><\/span><\/em><\/p>\n<p>https:\/\/www.radiopiu.net\/wordpress\/le-scuse-di-poste-italiane-mentre-le-scrive-la-valle-registra-lennesimo-disservizio\/<\/p><\/blockquote>\n<p>&nbsp;<\/p>\n<p>&nbsp;<\/p>\n<p>&nbsp;<\/p>\n<hr \/>\n<p>&nbsp;<\/p>\n<blockquote>\n<h3>ARRESTI PER EROINA, E&#8217; SCATTATO IL LICENZIAMENTO<\/h3>\n<\/blockquote>\n<div id=\"articleToolBar\">\n<div id=\"articleToolBarContent\"><\/div>\n<\/div>\n<div id=\"articleContent\" class=\"mercuryWrapper\">\n<div class=\"mercuryScroller\">\n<div class=\"mercuryElement\">\n<div class=\"mercuryBox\">\n<div id=\"articlePlain\">\n<blockquote>\n<div class=\"articlePlainTitle\"><em>Operai con l&#8217;eroina nascosta in auto uno vuole lavorare<\/em><\/div>\n<\/blockquote>\n<div><strong>AGORDO<\/strong> L D G ha confessato l&#8217;attivit\u00e0 di spaccio e ha perso il posto in Luxottica. Il collega C Z il ricorso al contrario l&#8217;ha fatto presentare dal proprio difensore di fiducia e fino a ieri sera i magistrati veneziani si erano riservati la decisione. La richiesta era quella di avere una misura meno pesante degli arresti domiciliari disposti dal giudice per le indagini preliminari di Belluno, dopo l&#8217;udienza di convalida o almeno il permesso di tornare sul posto di lavoro. L&#8217;uomo sostiene che quell&#8217;etto e mezzo di droga trovato nella macchina dalla polizia era soltanto per uso personale. Una provvista fatta sulla piazza di Padova&#8230;&#8230;<\/div>\n<\/div>\n<\/div>\n<\/div>\n<\/div>\n<\/div>\n<p>&nbsp;<\/p>\n<p>&nbsp;<\/p>\n<hr \/>\n<p>&nbsp;<\/p>\n<p>&nbsp;<\/p>\n<blockquote>\n<h3>OTTAVA ASSOLUZIONE PER GIUSEPPE RUDATIS<\/h3>\n<\/blockquote>\n<p><strong><a class=\"dt-pswp-item\" href=\"https:\/\/www.radiopiu.net\/wordpress\/wp-content\/uploads\/2020\/02\/84210215_1370939676442478_4006120360113078272_o.jpg\" data-dt-img-description=\"\" data-large_image_width=\"960\" data-large_image_height=\"720\"><img loading=\"lazy\" decoding=\"async\" class=\" wp-image-116486 alignleft\" src=\"https:\/\/www.radiopiu.net\/wordpress\/wp-content\/uploads\/2020\/02\/84210215_1370939676442478_4006120360113078272_o-300x225.jpg\" alt=\"\" width=\"196\" height=\"147\" srcset=\"https:\/\/www.radiopiu.net\/wordpress\/wp-content\/uploads\/2020\/02\/84210215_1370939676442478_4006120360113078272_o-300x225.jpg 300w, https:\/\/www.radiopiu.net\/wordpress\/wp-content\/uploads\/2020\/02\/84210215_1370939676442478_4006120360113078272_o-768x576.jpg 768w, https:\/\/www.radiopiu.net\/wordpress\/wp-content\/uploads\/2020\/02\/84210215_1370939676442478_4006120360113078272_o.jpg 960w\" sizes=\"auto, (max-width: 196px) 100vw, 196px\" \/><\/a>BELLUNO<\/strong> Giuseppe Rudatis di Alleghe al secolo &#8220;il Barone&#8221; \u00e8 stato assolto e lui ne ha dato notizia\u00a0 via social ringraziando il suo avvocato Silvia Dolif. \u00a0Era accusato di lesioni personali aggravate per l&#8217;uso di un badile nei confronti del presidente dell&#8217;Alleghe Funivie, Sergio Pra.\u00a0 Rudatis\u00a0 ha chiesto scusa come gi\u00e0 fatto con una lettera e risarcito il danno con simbolici 200 euro. Il pm Sandra Rossi ha chiesto il \u00abnon doversi procedere\u00bb<\/p>\n<p><strong>il messaggio di Rudatis su Facebook:\u00a0<\/strong> <em>&#8220;Buona serata ,oggi un&#8217;altra assoluzione, ringrazio di cuore il mio preparatissimo avvocato del foro di belluno Silvia Dolif, che con una lunga arringa ha spiegato al giudice come si sono svolti i fatti ,ringrazio\u00a0 Sergio Pr\u00e0 per la remissione della querela, garantendo che in futuro il sottoscritto non lo disturber\u00e0 pi\u00f9 in nessuna maniera portandogli pieno rispetto&#8221;.<\/em><\/p>\n<p>&nbsp;<\/p>\n<p>&nbsp;<\/p>\n<hr \/>\n<p>&nbsp;<\/p>\n<blockquote>\n<h2>BELLUNO PROVINCIA DIMENTICATA ANCHE DALL&#8217;UFFICIO DI ESECUZIONE PENALE<\/h2>\n<\/blockquote>\n<p>&nbsp;<\/p>\n<p><em>Ecco cosa manca: un ufficio periferico dipendente dal Tribunale di Sorveglianza, composto principalmente di assistenti sociali, che si occupi di redigere le relazioni sui detenuti che richiedono di essere ammessi all\u2019affidamento in prova al servizio sociale.\u00a0<\/em><\/p>\n<p>&nbsp;<\/p>\n<p><strong><a class=\"dt-pswp-item\" href=\"https:\/\/www.radiopiu.net\/wordpress\/wp-content\/uploads\/2018\/07\/TRIBUNALE-1.jpg\" data-dt-img-description=\"\" data-large_image_width=\"960\" data-large_image_height=\"720\"><img loading=\"lazy\" decoding=\"async\" class=\" wp-image-53164 alignleft\" src=\"https:\/\/www.radiopiu.net\/wordpress\/wp-content\/uploads\/2018\/07\/TRIBUNALE-1-300x225.jpg\" alt=\"\" width=\"208\" height=\"156\" srcset=\"https:\/\/www.radiopiu.net\/wordpress\/wp-content\/uploads\/2018\/07\/TRIBUNALE-1-300x225.jpg 300w, https:\/\/www.radiopiu.net\/wordpress\/wp-content\/uploads\/2018\/07\/TRIBUNALE-1-768x576.jpg 768w, https:\/\/www.radiopiu.net\/wordpress\/wp-content\/uploads\/2018\/07\/TRIBUNALE-1.jpg 960w\" sizes=\"auto, (max-width: 208px) 100vw, 208px\" \/><\/a>BELLUNO<\/strong> A Belluno\u00a0 mancano alcuni uffici e servizi pubblici (tanto per ricordarne una Banca d&#8217;Italia) di norma ubicati in qualsiasi provincia Italiana. C&#8217;\u00e8 anche il caso il caso dell\u2019Ufficio Interdistrettuale di Esecuzione Penale Esterna (U.I.E.P.E.) di Venezia\u00a0 e i detenuti condannati fin dall\u2019emanazione dell\u2019Ordinamento Penitenziario nel 1975 hanno ricevuto il supporto degli assistenti sociali dipendenti del Ministero di Via Arenula a Venezia-Mestre in missione esterna a Belluno.<\/p>\n<blockquote><p><strong>Altre province montane hanno un ufficio di esecuzione penale esterna e non si capisce come mai Belluno non lo possa avere e gli utenti del territorio bellunese si debbano riferire a Mestre per poter scontare la pena.<\/strong><\/p><\/blockquote>\n<p>I consiglieri Raffaele Addamiano, Luciano Da Pian e Andrea Stella di sono fatti promotori di un&#8217;iniziativa della quale \u00e8 stato reso partecipe il consiglio comunale affinch\u00e9 \u00a0approvi l\u2019istanza diretta a richiedere alla Direzione dell\u2019U.E.P.E. di Venezia di valutare l\u2019opportunit\u00e0 di permettere ai Cittadini Bellunesi in carico all\u2019U.E.P.E. di Venezia di usufruire anche della pi\u00f9 vicina sede di Treviso e di promuovere un\u2019apposita iniziativa al Ministero della Giustizia, Dipartimento Giustizia Minorile e di Comunit\u00e0 affinch\u00e9 anche a Belluno si verifichi la stessa situazione di quattro Province montane come Bolzano, Trento, Aosta e Cuneo dove sono presenti stabilmente appositi Uffici Locali di Esecuzione Penale Esterna.\u00a0 La costituzione di un neonato, autonomo U.E.P.E. a Belluno richiederebbe \u00a03\/4 assistenti sociali, 1 funzionario amministrativo e 2 agenti di polizia penitenziaria, sia in ragione delle imminenti assunzioni di 522 funzionari della professionalit\u00e0 di servizio sociale che il Ministero della Giustizia avvier\u00e0 nel triennio 2019-2021 con prima immissione di circa 300 unit\u00e0 a partire da dicembre 2019. Inoltre, la presenza nel Capoluogo Dolomitico di un carcere con personale appartenente al Corpo di Polizia Penitenziaria permetterebbe di coprire il\u00a0bisogno in organico.<\/p>\n<blockquote><p><strong>Ignorare il fatto che ai bellunesi vengono tolti questi tipi di servizio contribuisce a spopolare il territorio, c&#8217;\u00e8 chi scappa perch\u00e8 sta scomparendo tutto.<\/strong><\/p>\n<h3>DALLA RASSEGNA STAMPA DELLE OTTO, FRANCO GIDONI<\/h3>\n<\/blockquote>\n<audio class=\"wp-audio-shortcode\" id=\"audio-116394-1\" preload=\"none\" style=\"width: 100%;\" controls=\"controls\"><source type=\"audio\/mpeg\" src=\"https:\/\/www.radiopiu.net\/wordpress\/wp-content\/uploads\/2020\/02\/FRANCO.mp3?_=1\" \/><a href=\"https:\/\/www.radiopiu.net\/wordpress\/wp-content\/uploads\/2020\/02\/FRANCO.mp3\">https:\/\/www.radiopiu.net\/wordpress\/wp-content\/uploads\/2020\/02\/FRANCO.mp3<\/a><\/audio>\n<p><a class=\"dt-pswp-item\" href=\"https:\/\/www.radiopiu.net\/wordpress\/wp-content\/uploads\/2019\/10\/1435664134094_Gidoni_Franco.jpg\" data-dt-img-description=\"\" data-large_image_width=\"254\" data-large_image_height=\"350\"><img loading=\"lazy\" decoding=\"async\" class=\"wp-image-101299 alignleft\" src=\"https:\/\/www.radiopiu.net\/wordpress\/wp-content\/uploads\/2019\/10\/1435664134094_Gidoni_Franco-218x300.jpg\" alt=\"\" width=\"135\" height=\"186\" srcset=\"https:\/\/www.radiopiu.net\/wordpress\/wp-content\/uploads\/2019\/10\/1435664134094_Gidoni_Franco-218x300.jpg 218w, https:\/\/www.radiopiu.net\/wordpress\/wp-content\/uploads\/2019\/10\/1435664134094_Gidoni_Franco.jpg 254w\" sizes=\"auto, (max-width: 135px) 100vw, 135px\" \/><\/a>Dal Comune alla Regione, i consiglieri Franco Gidoni e Alberto Semenzato hanno chiesto alla Giunta regionale del Veneto di attivarsi per chiedere al Ministero di Grazia e Giustizia che anche la provincia bellunese possa avere una sede di questo importante ufficio, per evitare ai cittadini e ai dipendenti lunghe e faticose trasferte tra le montagne e la sede principale di Venezia\u201d.<em>\u201cChiediamo alla Giunta regionale &#8211; dicono\u00a0 Gidoni e Semenzato &#8211; di attivarsi presso il ministero della Giustizia per chiedere che sia assegnato personale stabile anche all\u2019ufficio di Belluno e, nel frattempo, di permettere ai cittadini bellunesi di potersi rivolgere alla sede distaccata di Treviso invece che a quella di Venezia, decisamente pi\u00f9 vicina e, quindi, pi\u00f9 comoda\u201d.<\/em><\/p>\n<p>&nbsp;<\/p>\n<p>&nbsp;<\/p>\n<p>&nbsp;<\/p>\n<p>&nbsp;<\/p>\n<p>&nbsp;<\/p>\n<hr \/>\n<p>&nbsp;<\/p>\n<p>&nbsp;<\/p>\n<p>&nbsp;<\/p>\n<blockquote>\n<h3>DE MENECH CHIEDE LA RIATTIVAZIONE DEL POSTO DI POLIZIA FERROVIARIA A CALALZO<\/h3>\n<\/blockquote>\n<p>dalla rassegna stampa delle otto<\/p>\n<audio class=\"wp-audio-shortcode\" id=\"audio-116394-2\" preload=\"none\" style=\"width: 100%;\" controls=\"controls\"><source type=\"audio\/mpeg\" src=\"https:\/\/www.radiopiu.net\/wordpress\/wp-content\/uploads\/2020\/02\/roger-2.mp3?_=2\" \/><a href=\"https:\/\/www.radiopiu.net\/wordpress\/wp-content\/uploads\/2020\/02\/roger-2.mp3\">https:\/\/www.radiopiu.net\/wordpress\/wp-content\/uploads\/2020\/02\/roger-2.mp3<\/a><\/audio>\n<p>&nbsp;<\/p>\n<p><strong><a class=\"dt-pswp-item\" href=\"https:\/\/www.radiopiu.net\/wordpress\/wp-content\/uploads\/2020\/02\/polizia.jpg\" data-dt-img-description=\"\" data-large_image_width=\"1600\" data-large_image_height=\"1200\"><img loading=\"lazy\" decoding=\"async\" class=\"wp-image-115997 alignleft\" src=\"https:\/\/www.radiopiu.net\/wordpress\/wp-content\/uploads\/2020\/02\/polizia-300x225.jpg\" alt=\"\" width=\"163\" height=\"122\" srcset=\"https:\/\/www.radiopiu.net\/wordpress\/wp-content\/uploads\/2020\/02\/polizia-300x225.jpg 300w, https:\/\/www.radiopiu.net\/wordpress\/wp-content\/uploads\/2020\/02\/polizia-1024x768.jpg 1024w, https:\/\/www.radiopiu.net\/wordpress\/wp-content\/uploads\/2020\/02\/polizia-768x576.jpg 768w, https:\/\/www.radiopiu.net\/wordpress\/wp-content\/uploads\/2020\/02\/polizia-1536x1152.jpg 1536w, https:\/\/www.radiopiu.net\/wordpress\/wp-content\/uploads\/2020\/02\/polizia.jpg 1600w\" sizes=\"auto, (max-width: 163px) 100vw, 163px\" \/><\/a>ROMA<\/strong> Il deputato bellunese Roger De Menech ha incontrato il sottosegretario all\u2019Interno Matteo Mauri in merito al progetto di riorganizzazione della Polizia di Stato che prevede, tra l\u2019altro, la soppressione del Posto di Polizia Ferroviaria di Calalzo di Cadore.\u00a0 <em>\u00abCome evidenziato in una nota del Sindacato Unitario Lavoratori Polizia\u00bb, riporta De Menech, \u00abho chiesto al sottosegretario di riconsiderare il progetto e di ripianare l\u2019organico del Posto di Calalzo azzerato a fine 2018 a causa di pensionamenti e provvedimenti di mobilit\u00e0.<\/em> Il sottosegretario Mauri, ha assicurato di approfondire la questione sotto il profilo tecnico, anche con i responsabili della Polizia di Stato\u00a0 con i sindacati per verificare lo spazio di eventuali modifiche al piano\u00bb.<\/p>\n<p>&nbsp;<\/p>\n<p>&nbsp;<\/p>\n<p>&nbsp;<\/p>\n<hr \/>\n<p>&nbsp;<\/p>\n<blockquote>\n<h3>IMU PRIMA CASA, DAL 2020 ESENZIONE CANCELLATA PER I PENSIONATI ALL&#8217;ESTERO<\/h3>\n<p><em>De Bona, presidente ABM: \u00abUna vera ingiustizia per i nostri emigranti. L\u2019Associazione Bellunesi nel Mondo dar\u00e0 battaglia\u00bb<\/em><\/p><\/blockquote>\n<p><strong><a class=\"dt-pswp-item\" href=\"https:\/\/www.radiopiu.net\/wordpress\/wp-content\/uploads\/2019\/07\/download-18-e1563549135183.jpg\" data-dt-img-description=\"\" data-large_image_width=\"186\" data-large_image_height=\"271\"><img loading=\"lazy\" decoding=\"async\" class=\"wp-image-92282 alignleft\" src=\"https:\/\/www.radiopiu.net\/wordpress\/wp-content\/uploads\/2019\/07\/download-18-e1563549135183.jpg\" alt=\"\" width=\"115\" height=\"168\" \/><\/a>BELLUNO<\/strong> Una doccia fredda per decine di migliaia di emigranti. Addio all\u2019esenzione IMU sulla prima casa dei pensionati all\u2019estero iscritti all\u2019Aire. A metterlo nero su bianco la Legge di Bilancio 2020. \u00c8 questo uno degli effetti collaterali della nuova IMU, tassa unica sulla casa che dall\u2019anno in corso cancella la IUC, portando all\u2019abolizione della TASI. Tra le novit\u00e0 fa decisamente discutere la cancellazione dell\u2019assimilazione a prima casa dell\u2019unit\u00e0 immobiliare posseduta dagli italiani titolari di pensioni estere iscritti all\u2019AIRE. <em>\u00abSiamo davvero costernati per questa scellerata scelta del Governo\u00bb, sono le parole del presidente dell\u2019Associazione Bellunesi nel Mondo Oscar De Bona. \u00abDal 2015, la prima casa posseduta da cittadini italiani residenti all\u2019estero, iscritti all\u2019AIRE e titolari di una pensione nel Paese di residenza, era esonerata dal pagamento dell\u2019IMU e sugli stessi immobili la TASI era applicata per 2\/3, cos\u00ec come la TARI, la cui disciplina resta immutata anche per l\u2019anno in corso\u00bb.<\/em>\u00a0 La Legge di Bilancio, nel riformare il pacchetto di tasse sulla casa, ha cancellato l\u2019agevolazione.\u00a0<em>\u00abLa cancellazione di questa esenzione\u00bb, conclude De Bona, \u00abavr\u00e0 delle gravi conseguenze perch\u00e9 molti nostri emigranti di certo metteranno in vendita le case e di certo non verranno pi\u00f9 in Italia. Ma il Governo non ha pensato all\u2019indotto che i nostri emigranti portano ai comuni quando rientrano in Italia per le vacanze? Un\u2019entrata economica che supera di sicuro la tassa richiesta\u00bb.\u00a0 <\/em>L\u2019Associazione Bellunesi nel Mondo dar\u00e0 battaglia coinvolgendo i parlamentari bellunesi, i parlamentari eletti all\u2019estero e la stessa Unaie. <em>\u00abQuesto \u00e8 il modo di ringraziare e ricordare quanto fatto dai nostri emigranti?\u00bb, conclude De Bona, \u00abmolte delle case presenti nel nostro territorio sono state costruite proprio da chi \u00e8 stato costretto ad andare all\u2019estero\u00bb.<\/em><\/p>\n<p>&nbsp;<\/p>\n<p>&nbsp;<\/p>\n<hr \/>\n<p>&nbsp;<\/p>\n<p>&nbsp;<\/p>\n<blockquote>\n<h3>PRESENTATI GLI ESITI DEL BANDO PER I NEGOZI DI VICINATO<\/h3>\n<p><em>Saranno erogati pi\u00f9 di\u00a0 1 milione e mezzo di contributi<\/em><\/p><\/blockquote>\n<p><strong>BELLUNO<\/strong> Il bando della Provincia interessa a 104 commercianti e 96 di loro sono stati ammessi in graduatoria, 68 negozi e attivit\u00e0 di Comuni confinanti e contigui (44 sono state finanziate); le altre 28 (tutte finanziate) sono invece arrivate da Comuni non confinanti. In considerazione delle domande rimaste fuori graduatoria ci sar\u00e0 un secondo finanziamento. <em>&#8220;Vogliamo allargarlo anche ad altre categorie &#8211; ha detto il presidente della Provincia Roberto Padrin &#8211;\u00a0 magari guardando al settore della ristorazione e della ricettivit\u00e0&#8221;.<\/em> Questa misura a favore dei negozi di vicinato metter\u00e0 in circolo sul territorio provinciale risorse molto importanti. Oltre al milione e mezzo di contributi, infatti, ci sar\u00e0 la compartecipazione dei privati, che vale altri 2.250.000 euro. Il meccanismo del bando prevedeva il finanziamento pubblico Provincia-Fondo del 40% e la compartecipazione da parte del privato per il restante 60%.<\/p>\n<p>&nbsp;<\/p>\n<p>&nbsp;<\/p>\n<p>&nbsp;<\/p>\n<hr \/>\n<p>&nbsp;<\/p>\n<p>&nbsp;<\/p>\n<p>&nbsp;<\/p>\n<blockquote>\n<h3>42 MILA EURO DI CONTRIBUTI PER CHI INVIERA&#8217; LA DOMANDA ENTRO IL 6 MARZO<\/h3>\n<\/blockquote>\n<p><strong><a class=\"dt-pswp-item\" href=\"https:\/\/www.radiopiu.net\/wordpress\/wp-content\/uploads\/2020\/01\/Feltre-catino.jpg\" data-dt-img-description=\"\" data-large_image_width=\"2000\" data-large_image_height=\"1500\"><img loading=\"lazy\" decoding=\"async\" class=\"wp-image-111853 alignleft\" src=\"https:\/\/www.radiopiu.net\/wordpress\/wp-content\/uploads\/2020\/01\/Feltre-catino-300x225.jpg\" alt=\"\" width=\"194\" height=\"145\" srcset=\"https:\/\/www.radiopiu.net\/wordpress\/wp-content\/uploads\/2020\/01\/Feltre-catino-300x225.jpg 300w, https:\/\/www.radiopiu.net\/wordpress\/wp-content\/uploads\/2020\/01\/Feltre-catino-1024x768.jpg 1024w, https:\/\/www.radiopiu.net\/wordpress\/wp-content\/uploads\/2020\/01\/Feltre-catino-768x576.jpg 768w, https:\/\/www.radiopiu.net\/wordpress\/wp-content\/uploads\/2020\/01\/Feltre-catino-1536x1152.jpg 1536w, https:\/\/www.radiopiu.net\/wordpress\/wp-content\/uploads\/2020\/01\/Feltre-catino.jpg 2000w\" sizes=\"auto, (max-width: 194px) 100vw, 194px\" \/><\/a>FELTRE\u00a0<\/strong> Il Consiglio Comunale ha approvato il nuovo Regolamento che disciplina le modalit\u00e0 di attribuzione dei contributi alle associazioni operanti senza fine di lucro nel territorio comunale per attivit\u00e0 e servizi educativi, culturali, sociali, di promozione turistica e valorizzazione del territorio, e per quelle operanti in ambito sportivo, anche\u00a0 le richieste pervenute all&#8217;Amministrazione nel corso del 2019 dovranno essere riformulate secondo i nuovi modelli.\u00a0\u00a0Le cifre a disposizione: 25.000 auro per le associazioni sportive, 17.500 per quelle non sportive, per un totale di 42.500 euro. Per illustrare nel dettaglio le novit\u00e0 introdotte dal nuovo regolamento e le caratteristiche dell&#8217;avviso, i referenti delle associazioni interessate sono invitati ad un incontro che si terr\u00e0 il prossimo 14 febbraio alle 17.30 a Palazzo Borgasio.<\/p>\n<blockquote><p><em>\u201cCon il nuovo Regolamento\u00a0 intendiamo rispondere in maniera ancora migliore, secondo criteri di merito ed equit\u00e0, alle richieste di sostegno che arrivano dalle associazioni feltrine, vero e instancabile motore di molte iniziative del nostro territorio\u201d \u00e8 il commento del presidente del consiglio comunale di Feltre, con delega proprio all&#8217;associazionismo&#8221;.<\/em><\/p><\/blockquote>\n<p>&nbsp;<\/p>\n<p>&nbsp;<\/p>\n<p>&nbsp;<\/p>\n<hr \/>\n<p>&nbsp;<\/p>\n<p>&nbsp;<\/p>\n<p>&nbsp;<\/p>\n<blockquote>\n<h3>SANITA\u2019 IN MONTAGNA. ASSESSORE VENETO A MAURO CORONA, \u201cINCONTRIAMOCI E PARLIAMONE.<\/h3>\n<\/blockquote>\n<p><strong><a class=\"dt-pswp-item\" href=\"https:\/\/www.radiopiu.net\/wordpress\/wp-content\/uploads\/2018\/10\/Corona_Premio_Chiara.jpg\" data-dt-img-description=\"\" data-large_image_width=\"220\" data-large_image_height=\"332\"><img loading=\"lazy\" decoding=\"async\" class=\"size-medium wp-image-64309 alignright\" src=\"https:\/\/www.radiopiu.net\/wordpress\/wp-content\/uploads\/2018\/10\/Corona_Premio_Chiara-199x300.jpg\" alt=\"\" width=\"199\" height=\"300\" srcset=\"https:\/\/www.radiopiu.net\/wordpress\/wp-content\/uploads\/2018\/10\/Corona_Premio_Chiara-199x300.jpg 199w, https:\/\/www.radiopiu.net\/wordpress\/wp-content\/uploads\/2018\/10\/Corona_Premio_Chiara.jpg 220w\" sizes=\"auto, (max-width: 199px) 100vw, 199px\" \/><\/a>VENEZIA\u00a0<\/strong><em>\u201cMauro Corona \u00e8 un uomo di montagna, concreto e innamorato della sua terra. Mi dispiace che si sia fatto un\u2019idea sbagliata della sanit\u00e0 bellunese e mi piacerebbe incontrarlo per descrivergli, documenti alla mano, l\u2019impegno della Regione per la salute dei territori montani\u201d. <\/em>Cos\u00ec, l\u2019Assessore alla Sanit\u00e0 della Regione del Veneto, si rivolge allo scrittore bellunese che, intervenendo marted\u00ec scorso alla trasmissione Carta Bianca di Bianca Berlinguer su Rai 3, ha avuto espressioni critiche sui nuovi vincoli paesaggistici imposti dal Governo al Comelico e sui servizi sanitari nelle aree montane del Veneto. <em>\u201cVediamoci e parliamone \u2013\u00a0 dice l\u2019Assessore rivolgendosi a Corona \u2013 perch\u00e9 una persona con la sua visibilit\u00e0 e la sua autorevolezza pu\u00f2 aiutarci a combattere la disinformazione, che \u00e8 uno dei peggiori nemici della montagna, perch\u00e9 crea timori e fa scappare la gente. Sentire che in montagna manca la sanit\u00e0 di sicuro non aiuta la verit\u00e0\u201d.<\/em><\/p>\n<p>&nbsp;<\/p>\n<p>&nbsp;<\/p>\n<p>&nbsp;<\/p>\n<p>&nbsp;<\/p>\n<p>&nbsp;<\/p>\n<p>&nbsp;<\/p>\n<p>&nbsp;<\/p>\n<hr \/>\n<h3><\/h3>\n<blockquote>\n<h3>PUR TRA MILLE DIFFICOLTA&#8217; IL COLLE RESISTE&#8230; E RILANCIA<\/h3>\n<\/blockquote>\n<p><strong><a class=\"dt-pswp-item\" href=\"https:\/\/www.radiopiu.net\/wordpress\/wp-content\/uploads\/2020\/02\/download-1.jpg\" data-dt-img-description=\"\" data-large_image_width=\"360\" data-large_image_height=\"140\"><img loading=\"lazy\" decoding=\"async\" class=\"alignnone size-medium wp-image-116479\" src=\"https:\/\/www.radiopiu.net\/wordpress\/wp-content\/uploads\/2020\/02\/download-1-300x117.jpg\" alt=\"\" width=\"300\" height=\"117\" srcset=\"https:\/\/www.radiopiu.net\/wordpress\/wp-content\/uploads\/2020\/02\/download-1-300x117.jpg 300w, https:\/\/www.radiopiu.net\/wordpress\/wp-content\/uploads\/2020\/02\/download-1.jpg 360w\" sizes=\"auto, (max-width: 300px) 100vw, 300px\" \/><\/a>BELLUNO<\/strong><\/p>\n<p><strong>DAMIANO TORMEN<\/strong><\/p>\n<audio class=\"wp-audio-shortcode\" id=\"audio-116394-3\" preload=\"none\" style=\"width: 100%;\" controls=\"controls\"><source type=\"audio\/mpeg\" src=\"https:\/\/www.radiopiu.net\/wordpress\/wp-content\/uploads\/2020\/02\/damiano.mp3?_=3\" \/><a href=\"https:\/\/www.radiopiu.net\/wordpress\/wp-content\/uploads\/2020\/02\/damiano.mp3\">https:\/\/www.radiopiu.net\/wordpress\/wp-content\/uploads\/2020\/02\/damiano.mp3<\/a><\/audio>\n<p>&nbsp;<\/p>\n<p>&nbsp;<\/p>\n<p>&nbsp;<\/p>\n<p>&nbsp;<\/p>\n<hr \/>\n<p>&nbsp;<\/p>\n<p>&nbsp;<\/p>\n<blockquote>\n<h3>PROGETTO &#8220;EDU CARE 2.0&#8221; DISOCCUPAZIONE RIDOTTA DELLA META&#8217;<\/h3>\n<\/blockquote>\n<p><strong>BELLUNO<\/strong> Primi bilanci per Edu-Care 2.0, che vede il Comune di Belluno come capofila con l&#8217;obbiettivo di affrontare le situazioni di nuclei familiari in povert\u00e0 non solo dal punto di vista meramente economico, ma intervenendo anche negli aspetti culturali, educativi e di partecipazione sociale. Ad oggi, i nuclei familiari che stanno beneficiando dell&#8217;intervento educativo sono 31, composti da 74 persone, la maggior parte (70%) italiana. Problematica comune a tutte queste famiglie \u00e8 la difficolt\u00e0 economica alla quale. a seconda dei casi, si aggiungono differenti situazioni di disagio come le dimissioni da una comunit\u00e0 o da un alloggio protetto, la mancanza di un alloggio, l&#8217;assenza di lavoro, difficolt\u00e0 psicologiche, comportamentali e relazionali, problematiche legate a patologie specifiche, difficolt\u00e0 nella gestione domestica. Su 17 individui seguiti, ad inizio progetto 9 erano disoccupati o inoccupati, 2 inabili o in maternit\u00e0 e 6 in tirocinio o destinatari di RIA \u2013 Reddito di Inclusione Attiva. Dopo poco pi\u00f9 di un anno, i disoccupati erano scesi a 4, calati di oltre il 50%, con ben 6 occupati, un inabile, 5 in tirocinio o RIA e uno in corso di formazione. Sul fronte abitativo, da segnalare il passaggio dai 9 ai 5 occupanti di alloggi di emergenza o cohousing di accoglienza, a fronte dell&#8217;incremento da 2 a 5 di occupanti di case in affitto e da 4 a 6 di inquilini ATER.<\/p>\n<p><strong><a class=\"dt-pswp-item\" href=\"https:\/\/www.radiopiu.net\/wordpress\/wp-content\/uploads\/2020\/02\/8c402c16-d733-4620-ae10-012e5d68a5f4.jpg\" data-dt-img-description=\"\" data-large_image_width=\"1599\" data-large_image_height=\"799\"><img loading=\"lazy\" decoding=\"async\" class=\" wp-image-116422 alignleft\" src=\"https:\/\/www.radiopiu.net\/wordpress\/wp-content\/uploads\/2020\/02\/8c402c16-d733-4620-ae10-012e5d68a5f4-300x150.jpg\" alt=\"\" width=\"200\" height=\"100\" srcset=\"https:\/\/www.radiopiu.net\/wordpress\/wp-content\/uploads\/2020\/02\/8c402c16-d733-4620-ae10-012e5d68a5f4-300x150.jpg 300w, https:\/\/www.radiopiu.net\/wordpress\/wp-content\/uploads\/2020\/02\/8c402c16-d733-4620-ae10-012e5d68a5f4-1024x512.jpg 1024w, https:\/\/www.radiopiu.net\/wordpress\/wp-content\/uploads\/2020\/02\/8c402c16-d733-4620-ae10-012e5d68a5f4-768x384.jpg 768w, https:\/\/www.radiopiu.net\/wordpress\/wp-content\/uploads\/2020\/02\/8c402c16-d733-4620-ae10-012e5d68a5f4-1536x768.jpg 1536w, https:\/\/www.radiopiu.net\/wordpress\/wp-content\/uploads\/2020\/02\/8c402c16-d733-4620-ae10-012e5d68a5f4.jpg 1599w\" sizes=\"auto, (max-width: 200px) 100vw, 200px\" \/><\/a>L&#8217;ASSESSORE ALLE POLITICHE DEL COMUNE DI BELLUNO LUCIA PELLEGRINI<\/strong><\/p>\n<audio class=\"wp-audio-shortcode\" id=\"audio-116394-4\" preload=\"none\" style=\"width: 100%;\" controls=\"controls\"><source type=\"audio\/mpeg\" src=\"https:\/\/www.radiopiu.net\/wordpress\/wp-content\/uploads\/2020\/02\/Lucia-Pellegrini-Assessore-Politiche-Sociali-Comune-di-Belluno.mp3?_=4\" \/><a href=\"https:\/\/www.radiopiu.net\/wordpress\/wp-content\/uploads\/2020\/02\/Lucia-Pellegrini-Assessore-Politiche-Sociali-Comune-di-Belluno.mp3\">https:\/\/www.radiopiu.net\/wordpress\/wp-content\/uploads\/2020\/02\/Lucia-Pellegrini-Assessore-Politiche-Sociali-Comune-di-Belluno.mp3<\/a><\/audio>\n<p><strong><a class=\"dt-pswp-item\" href=\"https:\/\/www.radiopiu.net\/wordpress\/wp-content\/uploads\/2020\/02\/8a6e2115-64b6-4f04-b376-3da353fb1f34.jpg\" data-dt-img-description=\"\" data-large_image_width=\"1599\" data-large_image_height=\"799\"><img loading=\"lazy\" decoding=\"async\" class=\"alignnone wp-image-116421\" src=\"https:\/\/www.radiopiu.net\/wordpress\/wp-content\/uploads\/2020\/02\/8a6e2115-64b6-4f04-b376-3da353fb1f34-300x150.jpg\" alt=\"\" width=\"198\" height=\"99\" srcset=\"https:\/\/www.radiopiu.net\/wordpress\/wp-content\/uploads\/2020\/02\/8a6e2115-64b6-4f04-b376-3da353fb1f34-300x150.jpg 300w, https:\/\/www.radiopiu.net\/wordpress\/wp-content\/uploads\/2020\/02\/8a6e2115-64b6-4f04-b376-3da353fb1f34-1024x512.jpg 1024w, https:\/\/www.radiopiu.net\/wordpress\/wp-content\/uploads\/2020\/02\/8a6e2115-64b6-4f04-b376-3da353fb1f34-768x384.jpg 768w, https:\/\/www.radiopiu.net\/wordpress\/wp-content\/uploads\/2020\/02\/8a6e2115-64b6-4f04-b376-3da353fb1f34-1536x768.jpg 1536w, https:\/\/www.radiopiu.net\/wordpress\/wp-content\/uploads\/2020\/02\/8a6e2115-64b6-4f04-b376-3da353fb1f34.jpg 1599w\" sizes=\"auto, (max-width: 198px) 100vw, 198px\" \/><\/a>ROSSELLA DI MARZO RESPONSABILE SERVIZI SOCIALI COMUNE DI BELLUNO<\/strong><\/p>\n<audio class=\"wp-audio-shortcode\" id=\"audio-116394-5\" preload=\"none\" style=\"width: 100%;\" controls=\"controls\"><source type=\"audio\/mpeg\" src=\"https:\/\/www.radiopiu.net\/wordpress\/wp-content\/uploads\/2020\/02\/Rossella-Di-Marzo-Responsabile-Servizi-Sociali-Comune-di-Belluno.mp3?_=5\" \/><a href=\"https:\/\/www.radiopiu.net\/wordpress\/wp-content\/uploads\/2020\/02\/Rossella-Di-Marzo-Responsabile-Servizi-Sociali-Comune-di-Belluno.mp3\">https:\/\/www.radiopiu.net\/wordpress\/wp-content\/uploads\/2020\/02\/Rossella-Di-Marzo-Responsabile-Servizi-Sociali-Comune-di-Belluno.mp3<\/a><\/audio>\n<p>&nbsp;<\/p>\n<p>&nbsp;<\/p>\n<p>&nbsp;<\/p>\n<hr \/>\n<p>&nbsp;<\/p>\n<p>&nbsp;<\/p>\n<p>&nbsp;<\/p>\n<blockquote>\n<h3>ISTITUZIONI CON LA FAMIGLIE CONTRO IL BULLISMO<\/h3>\n<\/blockquote>\n<p><strong><a class=\"dt-pswp-item\" href=\"https:\/\/www.radiopiu.net\/wordpress\/wp-content\/uploads\/2020\/02\/ASDASDASDASDASD.jpg\" data-dt-img-description=\"\" data-large_image_width=\"503\" data-large_image_height=\"340\"><img loading=\"lazy\" decoding=\"async\" class=\"wp-image-116433 alignleft\" src=\"https:\/\/www.radiopiu.net\/wordpress\/wp-content\/uploads\/2020\/02\/ASDASDASDASDASD-300x203.jpg\" alt=\"\" width=\"168\" height=\"114\" srcset=\"https:\/\/www.radiopiu.net\/wordpress\/wp-content\/uploads\/2020\/02\/ASDASDASDASDASD-300x203.jpg 300w, https:\/\/www.radiopiu.net\/wordpress\/wp-content\/uploads\/2020\/02\/ASDASDASDASDASD.jpg 503w\" sizes=\"auto, (max-width: 168px) 100vw, 168px\" \/><\/a>ROMA<\/strong> \u00abContro il bullismo \u00e8 necessario un gioco di squadra tra istituzioni, scuola e famiglia\u00bb. \u00c8 quanto afferma il deputato di Forza Italia, Dario Bond, intervenendo in occasione della Giornata Nazionale contro il bullismo e il cyberbullismo.<\/p>\n<p><strong>AUDIO<\/strong><\/p>\n<audio class=\"wp-audio-shortcode\" id=\"audio-116394-6\" preload=\"none\" style=\"width: 100%;\" controls=\"controls\"><source type=\"audio\/mpeg\" src=\"https:\/\/www.radiopiu.net\/wordpress\/wp-content\/uploads\/2020\/02\/BOND.mp3?_=6\" \/><a href=\"https:\/\/www.radiopiu.net\/wordpress\/wp-content\/uploads\/2020\/02\/BOND.mp3\">https:\/\/www.radiopiu.net\/wordpress\/wp-content\/uploads\/2020\/02\/BOND.mp3<\/a><\/audio>\n<p>&nbsp;<\/p>\n<p>&nbsp;<\/p>\n<p>&nbsp;<\/p>\n<hr \/>\n<h3><\/h3>\n<p>&nbsp;<\/p>\n<blockquote>\n<h3>IERI DA PADOVA &#8220;CAPITALE DEL VOLONTARIATO EUROPEO&#8221; LA DICHIARAZIONE DI FEDERICO D&#8217;INCA&#8217;<\/h3>\n<\/blockquote>\n<p><strong><a class=\"dt-pswp-item\" href=\"https:\/\/www.radiopiu.net\/wordpress\/wp-content\/uploads\/2018\/03\/sagra.jpg\" data-dt-img-description=\"\" data-large_image_width=\"1000\" data-large_image_height=\"750\"><img loading=\"lazy\" decoding=\"async\" class=\"wp-image-45748 alignleft\" src=\"https:\/\/www.radiopiu.net\/wordpress\/wp-content\/uploads\/2018\/03\/sagra-300x225.jpg\" alt=\"\" width=\"183\" height=\"137\" srcset=\"https:\/\/www.radiopiu.net\/wordpress\/wp-content\/uploads\/2018\/03\/sagra-300x225.jpg 300w, https:\/\/www.radiopiu.net\/wordpress\/wp-content\/uploads\/2018\/03\/sagra-768x576.jpg 768w, https:\/\/www.radiopiu.net\/wordpress\/wp-content\/uploads\/2018\/03\/sagra.jpg 1000w\" sizes=\"auto, (max-width: 183px) 100vw, 183px\" \/><\/a>PADOVA<\/strong> &#8220;340 mila associazioni, 800 mila persone impiegate, quasi 6 milioni di operatori. Questi sono i numeri del volontariato in Italia.Ho voluto ribadire l&#8217;importanza di questo settore che rappresenta la colonna vertebrale del nostro Paese. I volontari ci insegnano che si pu\u00f2 collaborare ogni giorno attraverso il dialogo e i toni moderati, a loro va la nostra gratitudine e da loro la politica deve prendere esempio per ricucire l&#8217;Italia. Soprattutto all&#8217;interno delle realt\u00e0 associative, le future generazioni degli amministratori del nostro Paese crescono forti di valori e principi sani che guideranno le loro azioni e le loro scelte&#8221;<\/p>\n<p>&nbsp;<\/p>\n<p>&nbsp;<\/p>\n<p>&nbsp;<\/p>\n<p>&nbsp;<\/p>\n<hr \/>\n<p>&nbsp;<\/p>\n<p>&nbsp;<\/p>\n<blockquote>\n<h3>PRESENTATA RI COSTRUIRE, LE NUOVE OPPORTUNITA&#8217; 2020<\/h3>\n<\/blockquote>\n<p><strong> <a class=\"dt-pswp-item\" href=\"https:\/\/www.radiopiu.net\/wordpress\/wp-content\/uploads\/2020\/02\/Da-sx-De-Zaiacomo-Bellati-D-Inc\u00e0-Fonzo.jpg\" data-dt-img-description=\"\" data-large_image_width=\"2500\" data-large_image_height=\"1306\"><img loading=\"lazy\" decoding=\"async\" class=\" wp-image-116453 alignleft\" src=\"https:\/\/www.radiopiu.net\/wordpress\/wp-content\/uploads\/2020\/02\/Da-sx-De-Zaiacomo-Bellati-D-Inc\u00e0-Fonzo-300x157.jpg\" alt=\"\" width=\"241\" height=\"126\" srcset=\"https:\/\/www.radiopiu.net\/wordpress\/wp-content\/uploads\/2020\/02\/Da-sx-De-Zaiacomo-Bellati-D-Inc\u00e0-Fonzo-300x157.jpg 300w, https:\/\/www.radiopiu.net\/wordpress\/wp-content\/uploads\/2020\/02\/Da-sx-De-Zaiacomo-Bellati-D-Inc\u00e0-Fonzo-1024x535.jpg 1024w, https:\/\/www.radiopiu.net\/wordpress\/wp-content\/uploads\/2020\/02\/Da-sx-De-Zaiacomo-Bellati-D-Inc\u00e0-Fonzo-768x401.jpg 768w, https:\/\/www.radiopiu.net\/wordpress\/wp-content\/uploads\/2020\/02\/Da-sx-De-Zaiacomo-Bellati-D-Inc\u00e0-Fonzo-1536x802.jpg 1536w, https:\/\/www.radiopiu.net\/wordpress\/wp-content\/uploads\/2020\/02\/Da-sx-De-Zaiacomo-Bellati-D-Inc\u00e0-Fonzo-2048x1070.jpg 2048w\" sizes=\"auto, (max-width: 241px) 100vw, 241px\" \/><\/a>LONGARONE<\/strong> Delineata la quindicesima edizione di \u201cRi-Costruire 3.0\u201d, il Salone dell\u2019edilizia, del risparmio energetico e della sicurezza che anche quest\u2019anno offrir\u00e0 non solo un\u2019ampia esposizione sulle nuove tecnologie e opportunit\u00e0 nel settore delle costruzioni, ma anche diversi esempi di applicazioni in montagna nella vision oramai imprescindibile del Sistema Casa. Confermato un certo fermento del settore dopo l\u2019approvazione della Legge di bilancio 2020: continua il bonus casa senza modifiche come anche il bonus mobili e il bonus elettrodomestici, il sismabonus, il bonus verde e il nuovo bonus facciate al 90%. Ri-Costruire 3.0 aprir\u00e0 sabato 15 febbraio nel Quartiere Espositivo di Longarone Fiere e rimarr\u00e0 aperta anche domenica 16 e il week end successivo, dal 21 al 23 febbraio<\/p>\n<p><strong><a class=\"dt-pswp-item\" href=\"https:\/\/www.radiopiu.net\/wordpress\/wp-content\/uploads\/2020\/02\/Da-sx-Bellati-Padrin-Fonzo.jpg\" data-dt-img-description=\"\" data-large_image_width=\"1557\" data-large_image_height=\"981\"><img loading=\"lazy\" decoding=\"async\" class=\" wp-image-116452 alignleft\" src=\"https:\/\/www.radiopiu.net\/wordpress\/wp-content\/uploads\/2020\/02\/Da-sx-Bellati-Padrin-Fonzo-300x189.jpg\" alt=\"\" width=\"135\" height=\"85\" srcset=\"https:\/\/www.radiopiu.net\/wordpress\/wp-content\/uploads\/2020\/02\/Da-sx-Bellati-Padrin-Fonzo-300x189.jpg 300w, https:\/\/www.radiopiu.net\/wordpress\/wp-content\/uploads\/2020\/02\/Da-sx-Bellati-Padrin-Fonzo-1024x645.jpg 1024w, https:\/\/www.radiopiu.net\/wordpress\/wp-content\/uploads\/2020\/02\/Da-sx-Bellati-Padrin-Fonzo-768x484.jpg 768w, https:\/\/www.radiopiu.net\/wordpress\/wp-content\/uploads\/2020\/02\/Da-sx-Bellati-Padrin-Fonzo-1536x968.jpg 1536w, https:\/\/www.radiopiu.net\/wordpress\/wp-content\/uploads\/2020\/02\/Da-sx-Bellati-Padrin-Fonzo.jpg 1557w\" sizes=\"auto, (max-width: 135px) 100vw, 135px\" \/><\/a>\u00a0Intervento di Roberto Padrin \u2013 Presidente della Provincia di Belluno<\/strong><\/p>\n<audio class=\"wp-audio-shortcode\" id=\"audio-116394-7\" preload=\"none\" style=\"width: 100%;\" controls=\"controls\"><source type=\"audio\/mpeg\" src=\"https:\/\/www.radiopiu.net\/wordpress\/wp-content\/uploads\/2020\/02\/PADRIN.mp3?_=7\" \/><a href=\"https:\/\/www.radiopiu.net\/wordpress\/wp-content\/uploads\/2020\/02\/PADRIN.mp3\">https:\/\/www.radiopiu.net\/wordpress\/wp-content\/uploads\/2020\/02\/PADRIN.mp3<\/a><\/audio>\n<p><strong>Intervento di Danilo De Zaiacomo \u2013 Direttore del C.F.S. di Belluno<\/strong><\/p>\n<audio class=\"wp-audio-shortcode\" id=\"audio-116394-8\" preload=\"none\" style=\"width: 100%;\" controls=\"controls\"><source type=\"audio\/mpeg\" src=\"https:\/\/www.radiopiu.net\/wordpress\/wp-content\/uploads\/2020\/02\/DANILO.mp3?_=8\" \/><a href=\"https:\/\/www.radiopiu.net\/wordpress\/wp-content\/uploads\/2020\/02\/DANILO.mp3\">https:\/\/www.radiopiu.net\/wordpress\/wp-content\/uploads\/2020\/02\/DANILO.mp3<\/a><\/audio>\n<p><strong>Intervista a Gian Angelo Bellati<\/strong><\/p>\n<audio class=\"wp-audio-shortcode\" id=\"audio-116394-9\" preload=\"none\" style=\"width: 100%;\" controls=\"controls\"><source type=\"audio\/mpeg\" src=\"https:\/\/www.radiopiu.net\/wordpress\/wp-content\/uploads\/2020\/02\/BELLATI.mp3?_=9\" \/><a href=\"https:\/\/www.radiopiu.net\/wordpress\/wp-content\/uploads\/2020\/02\/BELLATI.mp3\">https:\/\/www.radiopiu.net\/wordpress\/wp-content\/uploads\/2020\/02\/BELLATI.mp3<\/a><\/audio>\n<p><strong>Intervista a Franco Fonzo<\/strong><\/p>\n<audio class=\"wp-audio-shortcode\" id=\"audio-116394-10\" preload=\"none\" style=\"width: 100%;\" controls=\"controls\"><source type=\"audio\/mpeg\" src=\"https:\/\/www.radiopiu.net\/wordpress\/wp-content\/uploads\/2020\/02\/FRANCO-FONZO.mp3?_=10\" \/><a href=\"https:\/\/www.radiopiu.net\/wordpress\/wp-content\/uploads\/2020\/02\/FRANCO-FONZO.mp3\">https:\/\/www.radiopiu.net\/wordpress\/wp-content\/uploads\/2020\/02\/FRANCO-FONZO.mp3<\/a><\/audio>\n<p>&nbsp;<\/p>\n<p>&nbsp;<\/p>\n<p>&nbsp;<\/p>\n<hr \/>\n<p>&nbsp;<\/p>\n<p>&nbsp;<\/p>\n<blockquote>\n<h3>ASSESSORE REGIONALE ALL\u2019ISTRUZIONE IN VISITA ALL\u2019AGOSTI DI BELLUNO<\/h3>\n<\/blockquote>\n<p><strong>BELLUNO<\/strong><em> \u201cHo preso parte al momento conviviale promosso da Don Alberto e dall\u2019Istututo Salesiano \u201cAgosti\u201d di Belluno in occasione della festa di Don Bosco\u201d<\/em> spiega l\u2019Assessore Regionale all\u2019Istruzione del Veneto Elena Donazzan, \u201c\u00e8 stata un\u2019occasione di incontro e di confronto volta a coinvolgere imprenditori, uomini sensibili ed ex salesiani nel rilancio dell\u2019Istituto, anche promuovendo una compartecipazione pubblico-privato che altrove sta gi\u00e0 dando i propri frutti\u201d.<\/p>\n<p><a class=\"dt-pswp-item\" href=\"https:\/\/www.radiopiu.net\/wordpress\/wp-content\/uploads\/2020\/02\/IMG_0754-1-scaled.jpeg\" data-dt-img-description=\"\" data-large_image_width=\"2560\" data-large_image_height=\"1920\"><img loading=\"lazy\" decoding=\"async\" class=\"alignnone wp-image-116469 size-large\" src=\"https:\/\/www.radiopiu.net\/wordpress\/wp-content\/uploads\/2020\/02\/IMG_0754-1-1024x768.jpeg\" alt=\"\" width=\"1024\" height=\"768\" srcset=\"https:\/\/www.radiopiu.net\/wordpress\/wp-content\/uploads\/2020\/02\/IMG_0754-1-1024x768.jpeg 1024w, https:\/\/www.radiopiu.net\/wordpress\/wp-content\/uploads\/2020\/02\/IMG_0754-1-300x225.jpeg 300w, https:\/\/www.radiopiu.net\/wordpress\/wp-content\/uploads\/2020\/02\/IMG_0754-1-768x576.jpeg 768w, https:\/\/www.radiopiu.net\/wordpress\/wp-content\/uploads\/2020\/02\/IMG_0754-1-1536x1152.jpeg 1536w, https:\/\/www.radiopiu.net\/wordpress\/wp-content\/uploads\/2020\/02\/IMG_0754-1-2048x1536.jpeg 2048w\" sizes=\"auto, (max-width: 1024px) 100vw, 1024px\" \/><\/a><\/p>\n<blockquote><p><em>\u201cCi vogliamo occupare assieme di Belluno, dando un nuovo impulso a questi territori proprio a partire dalle scuole\u201d continua\u00a0Donazzan, \u201cqui si formano i cittadini, i lavoratori e gli imprenditori del domani, in scuole come questa che decidono di porre Dio al centro di un percorso di crescita personale\u201d.<\/em><\/p><\/blockquote>\n<p>&nbsp;<\/p>\n<p>&nbsp;<\/p>\n<hr \/>\n<h3><\/h3>\n<blockquote>\n<h3>AD AGORDO E&#8217; ANCHE COSI&#8217;<\/h3>\n<p>Andrea Amico<\/p><\/blockquote>\n<p><strong>AGORDO<\/strong> Il capoluogo e i suoi segreti, quelli &#8220;nascosti&#8221; nella Torresella ad esempio, uno dei simboli della citt\u00e0. Andrea Amico fa notare: &#8220;La torresella ha due sigilli di Salomone, che \u00e8 ovviamente un simbolo religioso ma utilizzato anche da altre entit\u00e0 come ad esempio la massoneria. Questi sigilli con il cerchio in mezzo sono anche simboli alchemici che troviamo anche nella Basilica di S.Marco<\/p>\n<p><a class=\"dt-pswp-item\" href=\"https:\/\/www.radiopiu.net\/wordpress\/wp-content\/uploads\/2020\/02\/84340036_204524830662380_8788047217022730240_n.jpg\" data-dt-img-description=\"\" data-large_image_width=\"720\" data-large_image_height=\"960\"><img loading=\"lazy\" decoding=\"async\" class=\"alignnone wp-image-116474\" src=\"https:\/\/www.radiopiu.net\/wordpress\/wp-content\/uploads\/2020\/02\/84340036_204524830662380_8788047217022730240_n-225x300.jpg\" alt=\"\" width=\"128\" height=\"171\" srcset=\"https:\/\/www.radiopiu.net\/wordpress\/wp-content\/uploads\/2020\/02\/84340036_204524830662380_8788047217022730240_n-225x300.jpg 225w, https:\/\/www.radiopiu.net\/wordpress\/wp-content\/uploads\/2020\/02\/84340036_204524830662380_8788047217022730240_n.jpg 720w\" sizes=\"auto, (max-width: 128px) 100vw, 128px\" \/><\/a><a class=\"dt-pswp-item\" href=\"https:\/\/www.radiopiu.net\/wordpress\/wp-content\/uploads\/2020\/02\/85182833_2888306274525324_2468301100667633664_n.jpg\" data-dt-img-description=\"\" data-large_image_width=\"945\" data-large_image_height=\"848\"><img loading=\"lazy\" decoding=\"async\" class=\"alignnone wp-image-116475\" src=\"https:\/\/www.radiopiu.net\/wordpress\/wp-content\/uploads\/2020\/02\/85182833_2888306274525324_2468301100667633664_n-300x269.jpg\" alt=\"\" width=\"189\" height=\"170\" srcset=\"https:\/\/www.radiopiu.net\/wordpress\/wp-content\/uploads\/2020\/02\/85182833_2888306274525324_2468301100667633664_n-300x269.jpg 300w, https:\/\/www.radiopiu.net\/wordpress\/wp-content\/uploads\/2020\/02\/85182833_2888306274525324_2468301100667633664_n-768x689.jpg 768w, https:\/\/www.radiopiu.net\/wordpress\/wp-content\/uploads\/2020\/02\/85182833_2888306274525324_2468301100667633664_n.jpg 945w\" sizes=\"auto, (max-width: 189px) 100vw, 189px\" \/><\/a><a class=\"dt-pswp-item\" href=\"https:\/\/www.radiopiu.net\/wordpress\/wp-content\/uploads\/2020\/02\/85066454_1462669027229966_6459054381328236544_n.jpg\" data-dt-img-description=\"\" data-large_image_width=\"720\" data-large_image_height=\"960\"><img loading=\"lazy\" decoding=\"async\" class=\"alignnone wp-image-116473\" src=\"https:\/\/www.radiopiu.net\/wordpress\/wp-content\/uploads\/2020\/02\/85066454_1462669027229966_6459054381328236544_n-225x300.jpg\" alt=\"\" width=\"127\" height=\"170\" srcset=\"https:\/\/www.radiopiu.net\/wordpress\/wp-content\/uploads\/2020\/02\/85066454_1462669027229966_6459054381328236544_n-225x300.jpg 225w, https:\/\/www.radiopiu.net\/wordpress\/wp-content\/uploads\/2020\/02\/85066454_1462669027229966_6459054381328236544_n.jpg 720w\" sizes=\"auto, (max-width: 127px) 100vw, 127px\" \/><\/a><\/p>\n<p>&nbsp;<\/p>\n<p>&nbsp;<\/p>\n<p>&nbsp;<\/p>\n<hr \/>\n<p>&nbsp;<\/p>\n<p>&nbsp;<\/p>\n<p>&nbsp;<\/p>\n<blockquote class=\"wp-embedded-content\" data-secret=\"Y2XA4r6FSk\"><p><a href=\"https:\/\/www.radiopiu.net\/wordpress\/bellunesi-che-si-fanno-onore-caterina-molin-vincitrice-a-milano\/\">BELLUNESI CHE SI FANNO ONORE, CATERINA MOLIN VINCITRICE A MILANO<\/a><\/p><\/blockquote>\n<p><iframe loading=\"lazy\" title=\"&#8220;BELLUNESI CHE SI FANNO ONORE, CATERINA MOLIN VINCITRICE A MILANO&#8221; &#8212; Radio Pi\u00f9\" class=\"wp-embedded-content\" sandbox=\"allow-scripts\" security=\"restricted\" style=\"position: absolute; clip: rect(1px, 1px, 1px, 1px);\" src=\"https:\/\/www.radiopiu.net\/wordpress\/bellunesi-che-si-fanno-onore-caterina-molin-vincitrice-a-milano\/embed\/#?secret=Y2XA4r6FSk\" data-secret=\"Y2XA4r6FSk\" width=\"600\" height=\"338\" frameborder=\"0\" marginwidth=\"0\" marginheight=\"0\" scrolling=\"no\"><\/iframe><\/p>\n<h3><\/h3>\n<p>&nbsp;<\/p>\n<p>&nbsp;<\/p>\n<hr \/>\n<blockquote>\n<h3><\/h3>\n<h3><\/h3>\n<h3><\/h3>\n<h3>FAMIGLIE IN RETE, RIPARTE LA FORMAZIONE<\/h3>\n<\/blockquote>\n<p><strong>FELTRE<\/strong> Ritornano gli incontri di informazione sul progetto &#8220;Famiglie in rete \u2013 In cordata&#8221;. E&#8217; possibile partecipare luned\u00ec 10 febbraio e marted\u00ec 18 febbraio alle 20 in Sala Piccolotto dell&#8217;Ospedale di Feltre\u00a0 a due incontri formativi in cui verrano spiegati i principi del progetto e le modalit\u00e0 pratiche di attuazione. Nella seconda serata saranno presenti anche famiglie che gi\u00e0 fanno parte delle Reti di Mel e di Alano di Piave e che porteranno la loro testimonianza.<\/p>\n<p>&nbsp;<\/p>\n<p>&nbsp;<\/p>\n<p>&nbsp;<\/p>\n<hr \/>\n<p>&nbsp;<\/p>\n<p>&nbsp;<\/p>\n<p>&nbsp;<\/p>\n<blockquote>\n<h3>GIORNATA DEL MALATO<\/h3>\n<\/blockquote>\n<p><strong>BELLUNO<\/strong> In occasione della XXVII Giornata del Malato, sar\u00e0 celebrata una messa domani alle 16 nella sala riunioni del san Martino di Belluno e una marted\u00ec 11 febbraio 2020 alle 15.30 nella sala convegni dell\u2019ospedale di Feltre.\u00a0 Alle celebrazioni, sono invitati, oltre alle persone assistite e agli operatori sanitari, anche gli esponenti del mondo del volontariato e\u00a0 la cittadinanza.<\/p>\n<p>&nbsp;<\/p>\n<p>&nbsp;<\/p>\n<p>&nbsp;<\/p>\n<hr \/>\n<p>&nbsp;<\/p>\n<p>&nbsp;<\/p>\n<p>&nbsp;<\/p>\n<blockquote>\n<h3>LA PREFETTURA COMUNICA<\/h3>\n<\/blockquote>\n<p><strong>BELLUNO<\/strong> In occasione del Referendum costituzionale indetto per il 29 marzo p.v., la domanda di voto per corrispondenza degli elettori che sono temporaneamente all\u2019estero per un periodo di almeno tre mesi, per motivi di lavoro, studio o cure mediche e dei loro familiari conviventi, dovr\u00e0 pervenire al comune di iscrizione elettorale entro il prossimo 26 febbraio.<\/p>\n<p>&nbsp;<\/p>\n<p>&nbsp;<\/p>\n<p>&nbsp;<\/p>\n<hr \/>\n<p>&nbsp;<\/p>\n<p>&nbsp;<\/p>\n<p>&nbsp;<\/p>\n<blockquote>\n<h3>LA FORZA DELLE DONNE PER TELETHON<\/h3>\n<\/blockquote>\n<p><strong>AGORDO<\/strong>\u00a0 In occasione della ricorrenza di San Valentino il gruppo La Forza delle Donne, organizza per domenica, un mercatino di creazioni artigianali e in pi\u00f9 ci sar\u00e0 anche la possibilit\u00e0 di acquistare i &#8220;cuori cioccolato&#8221; Telethon e ricevere materiale informativo sulla Fondazione. La Forza delle Donne vuole aiutare la ricerca, ed in particolare tutti i bambini che nascono con malattie genetiche rare.<\/p>\n<p>&nbsp;<\/p>\n<p>&nbsp;<\/p>\n<p>&nbsp;<\/p>\n<p>&nbsp;<\/p>\n<p>&nbsp;<\/p>\n<p>&nbsp;<\/p>\n<h2><a class=\"dt-pswp-item\" href=\"https:\/\/www.radiopiu.net\/wordpress\/wp-content\/uploads\/2018\/09\/appuntamenti.jpeg\" data-dt-img-description=\"\" data-large_image_width=\"800\" data-large_image_height=\"100\"><img loading=\"lazy\" decoding=\"async\" class=\"alignnone wp-image-61958 size-full\" src=\"https:\/\/www.radiopiu.net\/wordpress\/wp-content\/uploads\/2018\/09\/appuntamenti.jpeg\" alt=\"\" width=\"800\" height=\"100\" srcset=\"https:\/\/www.radiopiu.net\/wordpress\/wp-content\/uploads\/2018\/09\/appuntamenti.jpeg 800w, https:\/\/www.radiopiu.net\/wordpress\/wp-content\/uploads\/2018\/09\/appuntamenti-300x38.jpeg 300w, https:\/\/www.radiopiu.net\/wordpress\/wp-content\/uploads\/2018\/09\/appuntamenti-768x96.jpeg 768w\" sizes=\"auto, (max-width: 800px) 100vw, 800px\" \/><\/a><\/h2>\n<p>&nbsp;<\/p>\n<p>&nbsp;<\/p>\n<p><strong>BELLUNO<\/strong>\u201cRiflessioni sulla diversit\u00e0, il peso specifico delle parole che usiamo\u201d. Letture con l&#8217;obiettivo di ragionare sul modo di parlare nella quotidianit\u00e0\u00a0 oggi alle 18 al Centro culturale \u201cPiero Rossi\u201d in Piazza Piloni.<\/p>\n<p>&nbsp;<\/p>\n<hr \/>\n<p>&nbsp;<\/p>\n<p><strong>ALPAGO\u00a0<\/strong> Al Cinema alpino di Tambre oggi alle\u00a0 21 cerimonia di consegna del premio &#8220;Vivere in montagna&#8221; Arnaldo Pasqualin al gruppo folkloristico &#8220;Il Bassanello&#8221; di San Martino di Chies d&#8217;Alpago. La serata sar\u00e0 aperta dalla conversazione con il sociologo Diego Cason, sul tema &#8220;Resilienza a quota 1.000 &#8211; Scenari presenti e futuri del vivere in montagna&#8221;, e sar\u00e0 chiusa dallo spettacolo del gruppo premiato. L&#8217;iniziativa \u00e8 proposta dagli organizzatori della Transcavallo e dal Comitato Alpago 2 Ruote e Solidarieta.<\/p>\n<p>&nbsp;<\/p>\n<hr \/>\n<p>&nbsp;<\/p>\n<p><strong>AGORDO <\/strong>Oggi alle 20.30 in sala Don Tamis &#8220;Fisarmonica nel cuore&#8221;, protagonista della serata: Antonino De Luca, giovane e talentuoso fisarmonicista. Serata ad offerta libera.\u00a0 L&#8217;intero ricavato della serata sar\u00e0 devoluto all&#8217;Associazione &#8220;Piccoli Grandi Cuori&#8221; di Bologna, per il sostegno e la crescita\u00a0 di bambini e adulti portatori di cardiopatie congenite.<\/p>\n<p>&nbsp;<\/p>\n<hr \/>\n<p><strong>BELLUNO<\/strong> La Commissione Escursionismo del CAI Belluno organizza per oggi nella sala ex-Hall del centro Le Torri in Nevegal dalle\u00a0 20.45 con ingresso libero una serata informativa sui Grandi Carnivori<\/p>\n<p>&nbsp;<\/p>\n<hr \/>\n<p>&nbsp;<\/p>\n<p><strong>BELLUNO<\/strong> Il Centro culturale Piero Rossi in collaborazione con Verba Volant organizza per domani alle 17 presso la sede di Piazza Piloni &#8220;La foresta delle Idee&#8221; di Sacha Rosel.\u00a0 Letture di Sacha Rosel, Alice De Toni e Irina Righes Improvvisazioni musicali di Gianni Carlin. Conduce la serata Patrizia Burigo. Entrata libera<\/p>\n<p>&nbsp;<\/p>\n<p>&nbsp;<\/p>\n<hr \/>\n<h2><\/h2>\n<p>&nbsp;<\/p>\n<blockquote>\n<h2><span style=\"color: #ff0000;\">IERI ALLA RADIO<\/span><\/h2>\n<\/blockquote>\n<p><strong><a class=\"dt-pswp-item\" href=\"https:\/\/www.radiopiu.net\/wordpress\/wp-content\/uploads\/2019\/02\/Logo_Spi-CGIL-800x445.jpg\" data-dt-img-description=\"\" data-large_image_width=\"800\" data-large_image_height=\"445\"><img loading=\"lazy\" decoding=\"async\" class=\"wp-image-75538 alignleft\" src=\"https:\/\/www.radiopiu.net\/wordpress\/wp-content\/uploads\/2019\/02\/Logo_Spi-CGIL-800x445-300x167.jpg\" alt=\"\" width=\"133\" height=\"74\" srcset=\"https:\/\/www.radiopiu.net\/wordpress\/wp-content\/uploads\/2019\/02\/Logo_Spi-CGIL-800x445-300x167.jpg 300w, https:\/\/www.radiopiu.net\/wordpress\/wp-content\/uploads\/2019\/02\/Logo_Spi-CGIL-800x445-768x427.jpg 768w, https:\/\/www.radiopiu.net\/wordpress\/wp-content\/uploads\/2019\/02\/Logo_Spi-CGIL-800x445.jpg 800w\" sizes=\"auto, (max-width: 133px) 100vw, 133px\" \/><\/a><\/strong><\/p>\n<p>&nbsp;<\/p>\n<p><strong>MARIA RITA GENTILIN SPI CGIL BELLUNO, APPUNTAMENTO QUINDICINALE.<\/strong><\/p>\n<audio class=\"wp-audio-shortcode\" id=\"audio-116394-11\" preload=\"none\" style=\"width: 100%;\" controls=\"controls\"><source type=\"audio\/mpeg\" src=\"https:\/\/www.radiopiu.net\/wordpress\/wp-content\/uploads\/2020\/02\/spi-cgil-6-febbraio-2.mp3?_=11\" \/><a href=\"https:\/\/www.radiopiu.net\/wordpress\/wp-content\/uploads\/2020\/02\/spi-cgil-6-febbraio-2.mp3\">https:\/\/www.radiopiu.net\/wordpress\/wp-content\/uploads\/2020\/02\/spi-cgil-6-febbraio-2.mp3<\/a><\/audio>\n<p>&nbsp;<\/p>\n<p>&nbsp;<\/p>\n<p>&nbsp;<\/p>\n<hr \/>\n<h2><\/h2>\n<h2><\/h2>\n<h2><span style=\"color: #ff0000;\">IERI ALLA RADIO<\/span><\/h2>\n<p><strong>DUE MINUTI UN LIBRO, OGNI GIORNO ALLE 9.40 E 17.50<\/strong><\/p>\n<blockquote class=\"wp-embedded-content\" data-secret=\"rMSFYx61f3\"><p><a href=\"https:\/\/www.radiopiu.net\/wordpress\/tutti-i-miei-errori\/\">TUTTI I MIEI ERRORI<\/a><\/p><\/blockquote>\n<p><iframe loading=\"lazy\" title=\"&#8220;TUTTI I MIEI ERRORI&#8221; &#8212; Radio Pi\u00f9\" class=\"wp-embedded-content\" sandbox=\"allow-scripts\" security=\"restricted\" style=\"position: absolute; clip: rect(1px, 1px, 1px, 1px);\" src=\"https:\/\/www.radiopiu.net\/wordpress\/tutti-i-miei-errori\/embed\/#?secret=rMSFYx61f3\" data-secret=\"rMSFYx61f3\" width=\"600\" height=\"338\" frameborder=\"0\" marginwidth=\"0\" marginheight=\"0\" scrolling=\"no\"><\/iframe><\/p>\n<blockquote>\n<h2>RACCOLTA COMPLETA<\/h2>\n<\/blockquote>\n<blockquote class=\"wp-embedded-content\" data-secret=\"7FyxRaht0a\"><p><a href=\"https:\/\/www.radiopiu.net\/wordpress\/due-minuti-un-libro\/\">Due minuti un libro<\/a><\/p><\/blockquote>\n<p><iframe loading=\"lazy\" title=\"&#8220;Due minuti un libro&#8221; &#8212; Radio Pi\u00f9\" class=\"wp-embedded-content\" sandbox=\"allow-scripts\" security=\"restricted\" style=\"position: absolute; clip: rect(1px, 1px, 1px, 1px);\" src=\"https:\/\/www.radiopiu.net\/wordpress\/due-minuti-un-libro\/embed\/#?secret=7FyxRaht0a\" data-secret=\"7FyxRaht0a\" width=\"600\" height=\"338\" frameborder=\"0\" marginwidth=\"0\" marginheight=\"0\" scrolling=\"no\"><\/iframe><\/p>\n<p>&nbsp;<\/p>\n<p>&nbsp;<\/p>\n<p>&nbsp;<\/p>\n<hr \/>\n<p>&nbsp;<\/p>\n<p>&nbsp;<\/p>\n<h2><span style=\"color: #ff0000;\">IERI ALLA RADIO<\/span> APPUNTAMENTO MENSILE CON SOLIDARIETA&#8217; VENETO FONDO PENSIONE<\/h2>\n<audio class=\"wp-audio-shortcode\" id=\"audio-116394-12\" preload=\"none\" style=\"width: 100%;\" controls=\"controls\"><source type=\"audio\/mpeg\" src=\"https:\/\/www.radiopiu.net\/wordpress\/wp-content\/uploads\/2020\/02\/solidarieta-veneto-febbraio.mp3?_=12\" \/><a href=\"https:\/\/www.radiopiu.net\/wordpress\/wp-content\/uploads\/2020\/02\/solidarieta-veneto-febbraio.mp3\">https:\/\/www.radiopiu.net\/wordpress\/wp-content\/uploads\/2020\/02\/solidarieta-veneto-febbraio.mp3<\/a><\/audio>\n<h3>L&#8217;INTERA RACCOLTA<\/h3>\n<blockquote class=\"wp-embedded-content\" data-secret=\"ANlqXk1Gi9\"><p><a href=\"https:\/\/www.radiopiu.net\/wordpress\/solidarieta-veneto\/\">Solidariet\u00e0 Veneto<\/a><\/p><\/blockquote>\n<p><iframe loading=\"lazy\" title=\"&#8220;Solidariet\u00e0 Veneto&#8221; &#8212; Radio Pi\u00f9\" class=\"wp-embedded-content\" sandbox=\"allow-scripts\" security=\"restricted\" style=\"position: absolute; clip: rect(1px, 1px, 1px, 1px);\" src=\"https:\/\/www.radiopiu.net\/wordpress\/solidarieta-veneto\/embed\/#?secret=ANlqXk1Gi9\" data-secret=\"ANlqXk1Gi9\" width=\"600\" height=\"338\" frameborder=\"0\" marginwidth=\"0\" marginheight=\"0\" scrolling=\"no\"><\/iframe><\/p>\n<p>&nbsp;<\/p>\n<p>&nbsp;<\/p>\n<p>&nbsp;<\/p>\n<p><a class=\"dt-pswp-item pspw-wrap-ready\" href=\"https:\/\/www.radiopiu.net\/wordpress\/wp-content\/uploads\/2018\/09\/sport.jpg\" data-dt-img-description=\"\" data-large_image_width=\"800\" data-large_image_height=\"100\"><img loading=\"lazy\" decoding=\"async\" class=\"wp-image-60761 size-full aligncenter\" src=\"https:\/\/www.radiopiu.net\/wordpress\/wp-content\/uploads\/2018\/09\/sport.jpg\" sizes=\"auto, (max-width: 800px) 100vw, 800px\" srcset=\"https:\/\/www.radiopiu.net\/wordpress\/wp-content\/uploads\/2018\/09\/sport.jpg 800w, https:\/\/www.radiopiu.net\/wordpress\/wp-content\/uploads\/2018\/09\/sport-300x38.jpg 300w, https:\/\/www.radiopiu.net\/wordpress\/wp-content\/uploads\/2018\/09\/sport-768x96.jpg 768w\" alt=\"\" width=\"800\" height=\"100\" \/><\/a><\/p>\n<h3><\/h3>\n<h3><\/h3>\n<blockquote>\n<h1>LO SPORT DI SQUADRA NEL FINE SETTIMANA<\/h1>\n<\/blockquote>\n<p><span style=\"color: #ff0000;\"><b>VOLLEY <\/b><\/span><\/p>\n<p>Torna in campo la prima squadra del Volley Club Agordino che stasera alle 20:30 al Palarova di Agordo giocher\u00e0 l&#8217;ultima partita del girone di andata della Terza Divisione. Di fronte il New Comelico fanalino di coda della classifica. Le ragazze di De Nardin sono chiamate ad una vittoria per mantenere il primo posto in classifica. Le due squadre del settore giovanile scenderanno in campo domani. Doppia trasferta per le ragazze pi\u00f9 giovani. Under 16 impegnate in terra trevigiana contro il Codogn\u00e8 alle 9:30. Under 13 a Vittorio Veneto contro l&#8217;Azzurra Costa Team alle 10:30.<\/p>\n<p><span style=\"color: #ff0000;\"><b>HOCKEY<\/b><\/span><\/p>\n<p>Stasera si gioca la settima giornata del Qualification Round della IHL. Turno di riposo per l&#8217;Alleghe che terr\u00e0 sotto controllo le partite di Caldaro e Fiemme per poi sapere se gli agordini saranno ancora in testa alla classifica del girone. Settore giovanile che nel fine settimana non gioca per la pausa del campionato.<\/p>\n<p><span style=\"color: #ff0000;\"><b>CALCIO<\/b><\/span><\/p>\n<p>Domani alle 14:30 il Fiori Barp Mas giocher\u00e0 in casa contro il Barbisano. Big match del girone G della Prima Categoria che vede di fronte due squadre appaiate in classifica, entrambe al terzo posto con 38 punti. Derby bellunese per il campionato Allievi regionale con il San Giorgio Sedico che domani giocher\u00e0 in trasferta contro il Ponte Nelle Alpi alle ore 10:30.<\/p>\n<blockquote>\n<p style=\"text-align: center;\"><span style=\"color: #0000ff;\"><strong>DOMANI ALLE 14:30 SU RADIO PIU&#8217; APPUNTAMENTO CON \u201cDOMENICA PIU&#8217; SPORT\u201d PER SEGUIRE IN DIRETTA LA PARTITA DEL FIORI BARP MAS<\/strong><\/span><\/p>\n<\/blockquote>\n<p>&nbsp;<\/p>\n<p>&nbsp;<\/p>\n<p>&nbsp;<\/p>\n<hr \/>\n<p>&nbsp;<\/p>\n<p>&nbsp;<\/p>\n<h1><\/h1>\n<blockquote>\n<h1>CAMPIONATI REGIONALI STUDENTESCHI IN VALLE DEL BIOIS<\/h1>\n<\/blockquote>\n<p><strong>FALCADE<\/strong> Si svolger\u00e0 marted\u00ec la manifestazione regionale dei Campionati Studenteschi di sci alpino\/snow board\u00a0 e sci nordico per le Scuole Secondarie di 1\u00b0 e 2\u00b0 grado. Gli eventi \u00a0\u00a0avranno\u00a0 luogo a Falcade e Val di Gares (Canale d\u2019Agordo) 9.30 ritrovo giuria e concorrenti ai campi di gara 10.15 inizio gare sci alpino\/snow a Falcade pista Panoramica 10.30 inizio gare sci nordico c\/o Centro Fondo\u00a0 &#8220;Franco Manfroi&#8221; Val di Gares,\u00a0 12.30 premiazioni sci nordico alla Capanna Cime Comelle,\u00a0 14.30 premiazioni sci alpino \/snow board c\/o Rifugio \u201cLe Buse\u201d Falcade. Previsti 300 concorrenti nello sci alpino, 50 nello snow board e 180 nello sci nordico.<\/p>\n<p>&nbsp;<\/p>\n<p>&nbsp;<\/p>\n<p>&nbsp;<\/p>\n<p><a class=\"dt-pswp-item\" href=\"https:\/\/www.radiopiu.net\/wordpress\/wp-content\/uploads\/2018\/09\/WhatsApp-Image-2018-09-20-at-16.04.06.jpeg\" data-dt-img-description=\"\" data-large_image_width=\"800\" data-large_image_height=\"100\"><img loading=\"lazy\" decoding=\"async\" class=\"aligncenter wp-image-61378 size-full\" src=\"https:\/\/www.radiopiu.net\/wordpress\/wp-content\/uploads\/2018\/09\/WhatsApp-Image-2018-09-20-at-16.04.06.jpeg\" alt=\"\" width=\"800\" height=\"100\" srcset=\"https:\/\/www.radiopiu.net\/wordpress\/wp-content\/uploads\/2018\/09\/WhatsApp-Image-2018-09-20-at-16.04.06.jpeg 800w, https:\/\/www.radiopiu.net\/wordpress\/wp-content\/uploads\/2018\/09\/WhatsApp-Image-2018-09-20-at-16.04.06-300x38.jpeg 300w, https:\/\/www.radiopiu.net\/wordpress\/wp-content\/uploads\/2018\/09\/WhatsApp-Image-2018-09-20-at-16.04.06-768x96.jpeg 768w\" sizes=\"auto, (max-width: 800px) 100vw, 800px\" \/><\/a><\/p>\n<p>&nbsp;<\/p>\n<p><strong>sabato 8.<\/strong> Tempo ancora ben soleggiato con aria tersa ed ottima visibilit\u00e0 a tutte le quota fino a met\u00e0 giornata; in seguito lieve aumento della nuvolosit\u00e0 per l&#8217;arrivo di sottili nubi alte. Nella notte aumento dell&#8217;umidit\u00e0 nei fondovalli prealpini con possibile formazione di qualche nube bassa o foschia. <strong>Precipitazioni.<\/strong>\u00a0Assenti (0%).<br \/>\n<strong>Temperature.<\/strong>\u00a0Minime in contenuta diminuzione, salvo risultare stazionarie sulle cime pi\u00f9 alte, massime in generale lieve flessione, pi\u00f9 avvertita negli strati medio-bassi. Sono previste punte di 6\/8\u00b0C nei fondovalle Prealpini e di 3\/5\u00b0C a 1000\/1200 m. Su Prealpi a 1500 m min -3\u00b0C max 5\u00b0C, a 2000 m min -6\u00b0C max 2\u00b0C. Su Dolomiti a 2000 m min -6\u00b0C max 2\u00b0C, a 3000 m min -9\u00b0C max -2\u00b0C.<br \/>\n<strong>Venti.<\/strong>\u00a0Nelle valli deboli di direzione variabile. In quota deboli da nord durante la notte, fino a orientarsi da sud-ovest in giornata, rimanendo in prevalenza deboli, a 5\/10 km\/h a 2000 m e 5\/15 km\/h a 3000 m.<\/p>\n<p><strong>domenica 9.<\/strong>\u00a0A parte qualche foschia o nube basse nei fondovalle prealpini nelle ore pi\u00f9 fredde, ancora tempo soleggiato fino al primo pomeriggio, in seguito aumento della nuvolosit\u00e0 dapprima per nubi alte poi anche di quelle medie. Verso sera ulteriore formazione di nubi basse sulla fascia prealpina. Temperature in ulteriore lieve calo.<br \/>\n<strong>Precipitazioni.<\/strong> Assenti (0%) <strong>Temperature.<\/strong>\u00a0In lieve diminuzione. Su Prealpi a 1500 m min -4\u00b0C max 4\u00b0C, a 2000 m min -7\u00b0C max 1\u00b0C. Su Dolomiti a 2000 m min -7\u00b0C max 1\u00b0C, a 3000 m min -9\u00b0C max -3\u00b0C.<br \/>\n<strong>Venti.<\/strong>\u00a0Nelle valli deboli di direzione variabile. In quota inizialmente moderati dai quadranti occidentali, tendenti a intensificarsi nel corso del pomeriggio, a 25\/45 km\/h a 2000 m e 30\/60 km\/h a 3000 m.<\/p>\n<p><strong>luned\u00ec 10.<\/strong>\u00a0Giornata nuvolosa, con qualche debolissima locale precipitazione e qualche fiocco di neve oltre i 1500\/1700 m, un po&#8217; pi\u00f9 in basso a inizio giornata. Miglioramento al pomeriggio con eventuale Foehn nelle valli. Temperature in rialzo, specie le minime. Venti tesi anche forti da nord-ovest in quota, specie sulle cime nel pomeriggio\/sera.<\/p>\n<p><strong>marted\u00ec 11.<\/strong>\u00a0Tempo soleggiato e ancora fortemente ventoso in quota. Sono previste deboli precipitazioni a regime di burrasca sulle sulle Dolomiti settentrionali a quote intorno ai 1600-1800 m. Temperature minime in lieve calo, quelle massime in contenuto aumento per il soleggiamento. Previsore M.Padoan. Aggiornamento bollettino Dolomiti Neve e Valanghe 07\/02\/2020<\/p>\n","protected":false},"excerpt":{"rendered":"<p>PER RICEVERE QUESTO NOTIZIARIO DIRETTAMENTE SUL TUO CELLULARE ISCRIVITI AL CANALE TELEGRAM &#8220;RADIO PIU INFORMAZIONE&#8221;\u00a0 &nbsp; PROVINCIALE 4 VAL CANTUNA: NELLE NOTTI DALL&#8217;11 AL 15 FEBBRAIO DALLE 23 ALLE 5 DEL MATTINO INTERDIZIONE TOTALE AL TRAFFICO IN LOCALITA&#8217; CADOLA-VIADOTTO AUTOSTRADALE VALLADA AGORDINA nelle localit\u00e0 COGUL, PIAZ E ANDRICH e CIBIANA IN TUTTO IL COMUNE ,&hellip;<\/p>\n","protected":false},"author":1,"featured_media":116444,"comment_status":"closed","ping_status":"closed","sticky":false,"template":"","format":"standard","meta":{"_monsterinsights_skip_tracking":false,"_monsterinsights_sitenote_active":false,"_monsterinsights_sitenote_note":"","_monsterinsights_sitenote_category":0,"footnotes":""},"categories":[1,86,49],"tags":[],"class_list":["post-116394","post","type-post","status-publish","format-standard","has-post-thumbnail","hentry","category-senza-categoria","category-gr","category-news-18","category-1","category-86","category-49","description-off"],"img_url":"https:\/\/www.radiopiu.net\/wordpress\/wp-content\/uploads\/2020\/02\/3431a234-66ca-4b37-b872-b15e2bffd522.jpg","_links":{"self":[{"href":"https:\/\/www.radiopiu.net\/wordpress\/wp-json\/wp\/v2\/posts\/116394","targetHints":{"allow":["GET"]}}],"collection":[{"href":"https:\/\/www.radiopiu.net\/wordpress\/wp-json\/wp\/v2\/posts"}],"about":[{"href":"https:\/\/www.radiopiu.net\/wordpress\/wp-json\/wp\/v2\/types\/post"}],"author":[{"embeddable":true,"href":"https:\/\/www.radiopiu.net\/wordpress\/wp-json\/wp\/v2\/users\/1"}],"replies":[{"embeddable":true,"href":"https:\/\/www.radiopiu.net\/wordpress\/wp-json\/wp\/v2\/comments?post=116394"}],"version-history":[{"count":0,"href":"https:\/\/www.radiopiu.net\/wordpress\/wp-json\/wp\/v2\/posts\/116394\/revisions"}],"wp:featuredmedia":[{"embeddable":true,"href":"https:\/\/www.radiopiu.net\/wordpress\/wp-json\/wp\/v2\/media\/116444"}],"wp:attachment":[{"href":"https:\/\/www.radiopiu.net\/wordpress\/wp-json\/wp\/v2\/media?parent=116394"}],"wp:term":[{"taxonomy":"category","embeddable":true,"href":"https:\/\/www.radiopiu.net\/wordpress\/wp-json\/wp\/v2\/categories?post=116394"},{"taxonomy":"post_tag","embeddable":true,"href":"https:\/\/www.radiopiu.net\/wordpress\/wp-json\/wp\/v2\/tags?post=116394"}],"curies":[{"name":"wp","href":"https:\/\/api.w.org\/{rel}","templated":true}]}}