{"id":116399,"date":"2020-02-07T10:18:06","date_gmt":"2020-02-07T09:18:06","guid":{"rendered":"https:\/\/www.radiopiu.net\/wordpress\/?p=116399"},"modified":"2020-02-07T10:19:23","modified_gmt":"2020-02-07T09:19:23","slug":"iscrizioni-aperte-al-concorso-citta-di-belluno","status":"publish","type":"post","link":"https:\/\/www.radiopiu.net\/wordpress\/iscrizioni-aperte-al-concorso-citta-di-belluno\/","title":{"rendered":"ISCRIZIONI APERTE AL CONCORSO CITTA&#8217; DI BELLUNO"},"content":{"rendered":"<h3><\/h3>\n<blockquote>\n<h3><\/h3>\n<\/blockquote>\n<p><a class=\"dt-pswp-item\" href=\"https:\/\/www.radiopiu.net\/wordpress\/wp-content\/uploads\/2020\/02\/Premio-musicale-Belluno-fagottista-Augusto-Velio-Palumbo-vincitore-assoluto-edizione-2019.jpg\" data-dt-img-description=\"\" data-large_image_width=\"1024\" data-large_image_height=\"768\"><img loading=\"lazy\" decoding=\"async\" class=\" wp-image-116335 alignleft\" src=\"https:\/\/www.radiopiu.net\/wordpress\/wp-content\/uploads\/2020\/02\/Premio-musicale-Belluno-fagottista-Augusto-Velio-Palumbo-vincitore-assoluto-edizione-2019-300x225.jpg\" alt=\"\" width=\"325\" height=\"243\" srcset=\"https:\/\/www.radiopiu.net\/wordpress\/wp-content\/uploads\/2020\/02\/Premio-musicale-Belluno-fagottista-Augusto-Velio-Palumbo-vincitore-assoluto-edizione-2019-300x225.jpg 300w, https:\/\/www.radiopiu.net\/wordpress\/wp-content\/uploads\/2020\/02\/Premio-musicale-Belluno-fagottista-Augusto-Velio-Palumbo-vincitore-assoluto-edizione-2019-768x576.jpg 768w, https:\/\/www.radiopiu.net\/wordpress\/wp-content\/uploads\/2020\/02\/Premio-musicale-Belluno-fagottista-Augusto-Velio-Palumbo-vincitore-assoluto-edizione-2019.jpg 1024w\" sizes=\"auto, (max-width: 325px) 100vw, 325px\" \/><\/a><strong>BELLUNO<\/strong> Sono aperte fino al 15 febbraio le iscrizioni per il Concorso Musicale Nazionale Citt\u00e0 di Belluno, il Concorso Internazionale di Canto Lirico Citt\u00e0 di Belluno e la Rassegna Piccoli talenti Citt\u00e0 di Belluno. Si svolger\u00e0 dal 7 al 22 marzo 2020 presso Teatro Comunale di Belluno e Palazzo Fulcis; \u00e8 riservato ai giovani musicisti solisti o in formazione, fino ai 25 anni. La sezione internazionale di Canto Lirico \u00e8 invece riservata a cantanti di qualunque nazionalit\u00e0 di et\u00e0 non superiore ai 35 anni.<\/p>\n<blockquote><p><em>\u00abIl concorso vuole essere un\u2019opportunit\u00e0 di crescita e maturazione attraverso l\u2019incontro di esperienze provenienti da diverse regioni italiane ma non solo\u00bb dichiara Manuela Selvestrel, presidente del Comitato Gocce di Sole. \u00abHa come finalit\u00e0 la condivisione, attraverso la musica, delle conoscenze e competenze acquisite e la valorizzazione delle eccellenze attraverso la pratica della musica solistica e di gruppo.<\/em><\/p><\/blockquote>\n<p>I premi consistono in borse di studio dai 1000 ai 200 euro, masterclass e concerti premio. Il bando completo e il form per le iscrizioni sono disponibili su www.concorsomusicalebelluno.eu. In foto: Premio musicale Belluno fagottista Augusto Velio Palumbo vincitore assoluto edizione 2019<\/p>\n","protected":false},"excerpt":{"rendered":"<p>BELLUNO Sono aperte fino al 15 febbraio le iscrizioni per il Concorso Musicale Nazionale Citt\u00e0 di Belluno, il Concorso Internazionale di Canto Lirico Citt\u00e0 di Belluno e la Rassegna Piccoli talenti Citt\u00e0 di Belluno. Si svolger\u00e0 dal 7 al 22 marzo 2020 presso Teatro Comunale di Belluno e Palazzo Fulcis; \u00e8 riservato ai giovani musicisti&hellip;<\/p>\n","protected":false},"author":1,"featured_media":116335,"comment_status":"closed","ping_status":"closed","sticky":false,"template":"","format":"standard","meta":{"_monsterinsights_skip_tracking":false,"_monsterinsights_sitenote_active":false,"_monsterinsights_sitenote_note":"","_monsterinsights_sitenote_category":0,"footnotes":""},"categories":[49],"tags":[],"class_list":["post-116399","post","type-post","status-publish","format-standard","has-post-thumbnail","hentry","category-news-18","category-49","description-off"],"img_url":"https:\/\/www.radiopiu.net\/wordpress\/wp-content\/uploads\/2020\/02\/Premio-musicale-Belluno-fagottista-Augusto-Velio-Palumbo-vincitore-assoluto-edizione-2019.jpg","_links":{"self":[{"href":"https:\/\/www.radiopiu.net\/wordpress\/wp-json\/wp\/v2\/posts\/116399","targetHints":{"allow":["GET"]}}],"collection":[{"href":"https:\/\/www.radiopiu.net\/wordpress\/wp-json\/wp\/v2\/posts"}],"about":[{"href":"https:\/\/www.radiopiu.net\/wordpress\/wp-json\/wp\/v2\/types\/post"}],"author":[{"embeddable":true,"href":"https:\/\/www.radiopiu.net\/wordpress\/wp-json\/wp\/v2\/users\/1"}],"replies":[{"embeddable":true,"href":"https:\/\/www.radiopiu.net\/wordpress\/wp-json\/wp\/v2\/comments?post=116399"}],"version-history":[{"count":0,"href":"https:\/\/www.radiopiu.net\/wordpress\/wp-json\/wp\/v2\/posts\/116399\/revisions"}],"wp:featuredmedia":[{"embeddable":true,"href":"https:\/\/www.radiopiu.net\/wordpress\/wp-json\/wp\/v2\/media\/116335"}],"wp:attachment":[{"href":"https:\/\/www.radiopiu.net\/wordpress\/wp-json\/wp\/v2\/media?parent=116399"}],"wp:term":[{"taxonomy":"category","embeddable":true,"href":"https:\/\/www.radiopiu.net\/wordpress\/wp-json\/wp\/v2\/categories?post=116399"},{"taxonomy":"post_tag","embeddable":true,"href":"https:\/\/www.radiopiu.net\/wordpress\/wp-json\/wp\/v2\/tags?post=116399"}],"curies":[{"name":"wp","href":"https:\/\/api.w.org\/{rel}","templated":true}]}}