{"id":116496,"date":"2020-02-08T06:21:58","date_gmt":"2020-02-08T05:21:58","guid":{"rendered":"https:\/\/www.radiopiu.net\/wordpress\/?p=116496"},"modified":"2020-02-08T06:21:58","modified_gmt":"2020-02-08T05:21:58","slug":"una-nuova-battaglia-per-de-bona-imu-prima-casa-dal-2020-esenzione-cancellata-per-i-pensionati-allestero","status":"publish","type":"post","link":"https:\/\/www.radiopiu.net\/wordpress\/una-nuova-battaglia-per-de-bona-imu-prima-casa-dal-2020-esenzione-cancellata-per-i-pensionati-allestero\/","title":{"rendered":"UNA NUOVA BATTAGLIA PER DE BONA: IMU PRIMA CASA, DAL 2020 ESENZIONE CANCELLATA PER I PENSIONATI ALL&#8217;ESTERO."},"content":{"rendered":"<p>&nbsp;<\/p>\n<blockquote>\n<h3><\/h3>\n<p><em>De Bona, presidente ABM: \u00abUna vera ingiustizia per i nostri emigranti. L\u2019Associazione Bellunesi nel Mondo dar\u00e0 battaglia\u00bb<\/em><\/p><\/blockquote>\n<p><strong><a class=\"dt-pswp-item\" href=\"https:\/\/www.radiopiu.net\/wordpress\/wp-content\/uploads\/2019\/07\/download-18-e1563549135183.jpg\" data-dt-img-description=\"\" data-large_image_width=\"186\" data-large_image_height=\"271\"><img loading=\"lazy\" decoding=\"async\" class=\"wp-image-92282 alignleft\" src=\"https:\/\/www.radiopiu.net\/wordpress\/wp-content\/uploads\/2019\/07\/download-18-e1563549135183.jpg\" alt=\"\" width=\"115\" height=\"168\" \/><\/a>BELLUNO<\/strong> Una doccia fredda per decine di migliaia di emigranti. Addio all\u2019esenzione IMU sulla prima casa dei pensionati all\u2019estero iscritti all\u2019Aire. A metterlo nero su bianco la Legge di Bilancio 2020. \u00c8 questo uno degli effetti collaterali della nuova IMU, tassa unica sulla casa che dall\u2019anno in corso cancella la IUC, portando all\u2019abolizione della TASI. Tra le novit\u00e0 fa decisamente discutere la cancellazione dell\u2019assimilazione a prima casa dell\u2019unit\u00e0 immobiliare posseduta dagli italiani titolari di pensioni estere iscritti all\u2019AIRE. <em>\u00abSiamo davvero costernati per questa scellerata scelta del Governo\u00bb, sono le parole del presidente dell\u2019Associazione Bellunesi nel Mondo Oscar De Bona. \u00abDal 2015, la prima casa posseduta da cittadini italiani residenti all\u2019estero, iscritti all\u2019AIRE e titolari di una pensione nel Paese di residenza, era esonerata dal pagamento dell\u2019IMU e sugli stessi immobili la TASI era applicata per 2\/3, cos\u00ec come la TARI, la cui disciplina resta immutata anche per l\u2019anno in corso\u00bb.<\/em>\u00a0 La Legge di Bilancio, nel riformare il pacchetto di tasse sulla casa, ha cancellato l\u2019agevolazione.\u00a0<em>\u00abLa cancellazione di questa esenzione\u00bb, conclude De Bona, \u00abavr\u00e0 delle gravi conseguenze perch\u00e9 molti nostri emigranti di certo metteranno in vendita le case e di certo non verranno pi\u00f9 in Italia. Ma il Governo non ha pensato all\u2019indotto che i nostri emigranti portano ai comuni quando rientrano in Italia per le vacanze? Un\u2019entrata economica che supera di sicuro la tassa richiesta\u00bb.\u00a0 <\/em>L\u2019Associazione Bellunesi nel Mondo dar\u00e0 battaglia coinvolgendo i parlamentari bellunesi, i parlamentari eletti all\u2019estero e la stessa Unaie. <em>\u00abQuesto \u00e8 il modo di ringraziare e ricordare quanto fatto dai nostri emigranti?\u00bb, conclude De Bona, \u00abmolte delle case presenti nel nostro territorio sono state costruite proprio da chi \u00e8 stato costretto ad andare all\u2019estero\u00bb.<\/em><\/p>\n<p>&nbsp;<\/p>\n","protected":false},"excerpt":{"rendered":"<p>&nbsp; De Bona, presidente ABM: \u00abUna vera ingiustizia per i nostri emigranti. L\u2019Associazione Bellunesi nel Mondo dar\u00e0 battaglia\u00bb BELLUNO Una doccia fredda per decine di migliaia di emigranti. Addio all\u2019esenzione IMU sulla prima casa dei pensionati all\u2019estero iscritti all\u2019Aire. A metterlo nero su bianco la Legge di Bilancio 2020. \u00c8 questo uno degli effetti collaterali&hellip;<\/p>\n","protected":false},"author":1,"featured_media":92773,"comment_status":"closed","ping_status":"closed","sticky":false,"template":"","format":"standard","meta":{"_monsterinsights_skip_tracking":false,"_monsterinsights_sitenote_active":false,"_monsterinsights_sitenote_note":"","_monsterinsights_sitenote_category":0,"footnotes":""},"categories":[49],"tags":[],"class_list":["post-116496","post","type-post","status-publish","format-standard","has-post-thumbnail","hentry","category-news-18","category-49","description-off"],"img_url":"https:\/\/www.radiopiu.net\/wordpress\/wp-content\/uploads\/2019\/07\/oscar_de_bona.jpg","_links":{"self":[{"href":"https:\/\/www.radiopiu.net\/wordpress\/wp-json\/wp\/v2\/posts\/116496","targetHints":{"allow":["GET"]}}],"collection":[{"href":"https:\/\/www.radiopiu.net\/wordpress\/wp-json\/wp\/v2\/posts"}],"about":[{"href":"https:\/\/www.radiopiu.net\/wordpress\/wp-json\/wp\/v2\/types\/post"}],"author":[{"embeddable":true,"href":"https:\/\/www.radiopiu.net\/wordpress\/wp-json\/wp\/v2\/users\/1"}],"replies":[{"embeddable":true,"href":"https:\/\/www.radiopiu.net\/wordpress\/wp-json\/wp\/v2\/comments?post=116496"}],"version-history":[{"count":0,"href":"https:\/\/www.radiopiu.net\/wordpress\/wp-json\/wp\/v2\/posts\/116496\/revisions"}],"wp:featuredmedia":[{"embeddable":true,"href":"https:\/\/www.radiopiu.net\/wordpress\/wp-json\/wp\/v2\/media\/92773"}],"wp:attachment":[{"href":"https:\/\/www.radiopiu.net\/wordpress\/wp-json\/wp\/v2\/media?parent=116496"}],"wp:term":[{"taxonomy":"category","embeddable":true,"href":"https:\/\/www.radiopiu.net\/wordpress\/wp-json\/wp\/v2\/categories?post=116496"},{"taxonomy":"post_tag","embeddable":true,"href":"https:\/\/www.radiopiu.net\/wordpress\/wp-json\/wp\/v2\/tags?post=116496"}],"curies":[{"name":"wp","href":"https:\/\/api.w.org\/{rel}","templated":true}]}}