{"id":116532,"date":"2020-02-08T10:06:28","date_gmt":"2020-02-08T09:06:28","guid":{"rendered":"https:\/\/www.radiopiu.net\/wordpress\/?p=116532"},"modified":"2020-02-08T10:06:28","modified_gmt":"2020-02-08T09:06:28","slug":"ti-ricordi-del-tabia-il-primo-covo-di-radio-piu-a-marzo-si-rinnova","status":"publish","type":"post","link":"https:\/\/www.radiopiu.net\/wordpress\/ti-ricordi-del-tabia-il-primo-covo-di-radio-piu-a-marzo-si-rinnova\/","title":{"rendered":"TI RICORDI DEL TABIA&#8217;?&#8230; il primo covo di RADIO PIU&#8217;. A MARZO SI RINNOVA"},"content":{"rendered":"<blockquote><p><strong><a class=\"dt-pswp-item\" href=\"https:\/\/www.radiopiu.net\/wordpress\/wp-content\/uploads\/2020\/02\/download-2.jpg\" data-dt-img-description=\"\" data-large_image_width=\"258\" data-large_image_height=\"196\"><img loading=\"lazy\" decoding=\"async\" class=\"size-full wp-image-116533 alignleft\" src=\"https:\/\/www.radiopiu.net\/wordpress\/wp-content\/uploads\/2020\/02\/download-2.jpg\" alt=\"\" width=\"258\" height=\"196\" \/><\/a>CANALE D&#8217;AGORDO<\/strong> Stamane abbiamo ricevuto un messaggio da Annalisa Scardanzan&#8230; ma questa volta non \u00e8\u00a0 un colpo al cuore\u00a0 in questo Agordino che perde i pezzi mentre la &#8220;politica&#8221;\u00a0 parla e i giovani se ne vanno senza ascoltare&#8230; che tanto \u00e8 uguale. Questa volta parliamo di rinnovo, per un nuovo servizio nella frazione.<\/p><\/blockquote>\n<div dir=\"auto\"><\/div>\n<div dir=\"auto\"><\/div>\n<div dir=\"auto\"><\/div>\n<div dir=\"auto\"><strong>Cara Radio Piu&#8217; Ti ricordi del Tabi\u00e0?<\/strong><\/div>\n<blockquote>\n<div dir=\"auto\"><em>47 anni fa ha iniziato la sua attivit\u00e0 a Feder, in anni in cui in paese c&#8217;erano un negozio alimentari, una merceria e un albergo, attivit\u00e0 che negli anni hanno chiuso. Tra un mese non sar\u00e0 pi\u00f9 possibile pranzare o cenare nella saletta storica che aveva preso il posto del fieno nell&#8217;antico fienile di famiglia, il banco del bar verr\u00e0 smantellato. Dopo alcuni anni in cui si \u00e8 parlato di chiudere definitivamente, \u00e8 ora di prendere una decisione: un altro paese che resta senza servizi? A marzo si chiude, s\u00ec, ma per rinnovare e portare qualche novit\u00e0: sar\u00e0 realizzata, andando del tutto controcorrente, una rivendita di prodotti tradizionali e generi di prima necessit\u00e0 all&#8217;interno di una parte del ristorante, mantenendo nel contempo l&#8217;attivit\u00e0 ristorativa da sempre legata ai prodotti del territorio.\u00a0<\/em><br \/>\n<em>Annalisa.<\/em><\/div>\n<\/blockquote>\n<div dir=\"auto\"><\/div>\n<div dir=\"auto\"><\/div>\n","protected":false},"excerpt":{"rendered":"<p>CANALE D&#8217;AGORDO Stamane abbiamo ricevuto un messaggio da Annalisa Scardanzan&#8230; ma questa volta non \u00e8\u00a0 un colpo al cuore\u00a0 in questo Agordino che perde i pezzi mentre la &#8220;politica&#8221;\u00a0 parla e i giovani se ne vanno senza ascoltare&#8230; che tanto \u00e8 uguale. Questa volta parliamo di rinnovo, per un nuovo servizio nella frazione. Cara Radio&hellip;<\/p>\n","protected":false},"author":1,"featured_media":116533,"comment_status":"closed","ping_status":"closed","sticky":false,"template":"","format":"standard","meta":{"_monsterinsights_skip_tracking":false,"_monsterinsights_sitenote_active":false,"_monsterinsights_sitenote_note":"","_monsterinsights_sitenote_category":0,"footnotes":""},"categories":[51,49],"tags":[],"class_list":["post-116532","post","type-post","status-publish","format-standard","has-post-thumbnail","hentry","category-evidenza-top","category-news-18","category-51","category-49","description-off"],"img_url":"https:\/\/www.radiopiu.net\/wordpress\/wp-content\/uploads\/2020\/02\/download-2.jpg","_links":{"self":[{"href":"https:\/\/www.radiopiu.net\/wordpress\/wp-json\/wp\/v2\/posts\/116532","targetHints":{"allow":["GET"]}}],"collection":[{"href":"https:\/\/www.radiopiu.net\/wordpress\/wp-json\/wp\/v2\/posts"}],"about":[{"href":"https:\/\/www.radiopiu.net\/wordpress\/wp-json\/wp\/v2\/types\/post"}],"author":[{"embeddable":true,"href":"https:\/\/www.radiopiu.net\/wordpress\/wp-json\/wp\/v2\/users\/1"}],"replies":[{"embeddable":true,"href":"https:\/\/www.radiopiu.net\/wordpress\/wp-json\/wp\/v2\/comments?post=116532"}],"version-history":[{"count":0,"href":"https:\/\/www.radiopiu.net\/wordpress\/wp-json\/wp\/v2\/posts\/116532\/revisions"}],"wp:featuredmedia":[{"embeddable":true,"href":"https:\/\/www.radiopiu.net\/wordpress\/wp-json\/wp\/v2\/media\/116533"}],"wp:attachment":[{"href":"https:\/\/www.radiopiu.net\/wordpress\/wp-json\/wp\/v2\/media?parent=116532"}],"wp:term":[{"taxonomy":"category","embeddable":true,"href":"https:\/\/www.radiopiu.net\/wordpress\/wp-json\/wp\/v2\/categories?post=116532"},{"taxonomy":"post_tag","embeddable":true,"href":"https:\/\/www.radiopiu.net\/wordpress\/wp-json\/wp\/v2\/tags?post=116532"}],"curies":[{"name":"wp","href":"https:\/\/api.w.org\/{rel}","templated":true}]}}