{"id":116571,"date":"2020-02-08T19:48:27","date_gmt":"2020-02-08T18:48:27","guid":{"rendered":"https:\/\/www.radiopiu.net\/wordpress\/?p=116571"},"modified":"2020-02-08T19:49:33","modified_gmt":"2020-02-08T18:49:33","slug":"mino","status":"publish","type":"post","link":"https:\/\/www.radiopiu.net\/wordpress\/mino\/","title":{"rendered":"TREDICENNE CADE SULLE PISTE DEL LUSIA, E&#8217; GRAVE"},"content":{"rendered":"<p><a class=\"dt-pswp-item\" href=\"https:\/\/www.radiopiu.net\/wordpress\/wp-content\/uploads\/2020\/02\/9ECA2A17-EC82-4FBA-9072-5FD06370E46E.jpeg\" data-dt-img-description=\"\" data-large_image_width=\"1024\" data-large_image_height=\"573\"><img loading=\"lazy\" decoding=\"async\" class=\"size-medium wp-image-116572 alignright\" src=\"https:\/\/www.radiopiu.net\/wordpress\/wp-content\/uploads\/2020\/02\/9ECA2A17-EC82-4FBA-9072-5FD06370E46E-300x168.jpeg\" alt=\"\" width=\"300\" height=\"168\" srcset=\"https:\/\/www.radiopiu.net\/wordpress\/wp-content\/uploads\/2020\/02\/9ECA2A17-EC82-4FBA-9072-5FD06370E46E-300x168.jpeg 300w, https:\/\/www.radiopiu.net\/wordpress\/wp-content\/uploads\/2020\/02\/9ECA2A17-EC82-4FBA-9072-5FD06370E46E-768x430.jpeg 768w, https:\/\/www.radiopiu.net\/wordpress\/wp-content\/uploads\/2020\/02\/9ECA2A17-EC82-4FBA-9072-5FD06370E46E.jpeg 1024w\" sizes=\"auto, (max-width: 300px) 100vw, 300px\" \/><\/a><\/p>\n<header class=\"entry_intro\">\n<p class=\"entry_subtitle\"><strong>FALCADE<\/strong> E&#8217; ricoverato in gravi condizioni al Santa Chiara di Feltre,\u00a0 Il 13enne di Falcade\u00a0 \u00e8 caduto sulle piste dell&#8217;Alpe Lusia\u00a0 nel pomeriggio. Il giovane \u00e8 stato immediatamente soccorso sul posto dal medico rianimatore ed \u00e8 poi stato trasportato in elicottero a Trento.<\/p>\n<div class=\"entry_meta\">\n<div id=\"gs-social-sharebuttons\" class=\"gs-custom-cols-4 gs-custom-theme-default\">\n<div class=\"gs-sharebar\">\n<div class=\"gs-sharebar-cell\">\n<div class=\"gig-button-container gs-custom gig-button-container-horizontal gs-custom-facebook gs-has-text gig-button-container-count-none gig-button-container-gs-custom-customtpl-facebook\"><\/div>\n<\/div>\n<\/div>\n<\/div>\n<\/div>\n<\/header>\n<p><strong>FELTRE<\/strong> Attorno <a dir=\"ltr\" href=\"x-apple-data-detectors:\/\/1\">alle 13.30<\/a> il 118 \u00e8 stato allertato per un&#8217;escursionista rimasta bloccata sopra il Rifugio Boz. Partita per una camminata, la ragazza, 27 anni, di Santa Giustina (BL), era salita lungo un versante erboso finch\u00e9, in un tratto ghiacciato, non era stata pi\u00f9 in grado di spostarsi con il rischio di scivolare. Individuata dall&#8217;elicottero del Suem di Pieve di Cadore, \u00e8 stata raggiunta dal tecnico di elisoccorso sbarcato nelle vicinanze con un verricello di qualche metro. Recuperata con la stessa modalit\u00e0, la giovane \u00e8 stata trasportata fino in Val Canzoi.<\/p>\n<p><strong>MISURINA\u00a0<\/strong> Alle 14.20 circa la Centrale del 118 \u00e8 stata allertata dai compagni di una scialpinista scivolata nel Canale delle Bance, sul Cristallino di Misurina. La donna, che era cosciente ed era stata raggiunta dagli amici, \u00e8 stata recuperata dal Pelikan di Bolzano, dopo che il personale medico le ha prestato le prime cure per un probabile politrauma. L&#8217;infortunata \u00e8 stata trasportata all&#8217;ospedale di Bolzano. Pronto a intervenire il Soccorso alpino di Auronzo.<\/p>\n<p><strong>CADORE<\/strong> Attorno alle 14.40, il Soccorso alpino di Pieve di Cadore \u00e8 invece uscito nella zona di Valle di Cadore per una ragazza che si era allontanata dalla propria abitazione senza pi\u00f9 dare notizia di s\u00e9. Fortunatamente poco dopo la diciottenne \u00e8 stata rintracciata lungo una strada e l&#8217;allarme \u00e8 rientrato.<\/p>\n<p><strong>CORTINA<\/strong> Alle 15.30 infine una squadra del Soccorso alpino di Cortina ha raggiunto con la motoslitta Malga Ra Stua, dove si trovava uno scialpinista veneziano di 42 anni che, sceso con una comitiva dal Lavinores, non era pi\u00f9 in grado di proseguie per il male a un piede. I soccorritori lo hanno accompagnato alla macchina.<\/p>\n","protected":false},"excerpt":{"rendered":"<p>FALCADE E&#8217; ricoverato in gravi condizioni al Santa Chiara di Feltre,\u00a0 Il 13enne di Falcade\u00a0 \u00e8 caduto sulle piste dell&#8217;Alpe Lusia\u00a0 nel pomeriggio. Il giovane \u00e8 stato immediatamente soccorso sul posto dal medico rianimatore ed \u00e8 poi stato trasportato in elicottero a Trento. FELTRE Attorno alle 13.30 il 118 \u00e8 stato allertato per un&#8217;escursionista rimasta&hellip;<\/p>\n","protected":false},"author":4,"featured_media":116572,"comment_status":"closed","ping_status":"closed","sticky":false,"template":"","format":"standard","meta":{"_monsterinsights_skip_tracking":false,"_monsterinsights_sitenote_active":false,"_monsterinsights_sitenote_note":"","_monsterinsights_sitenote_category":0,"footnotes":""},"categories":[51,49],"tags":[],"class_list":["post-116571","post","type-post","status-publish","format-standard","has-post-thumbnail","hentry","category-evidenza-top","category-news-18","category-51","category-49","description-off"],"img_url":"https:\/\/www.radiopiu.net\/wordpress\/wp-content\/uploads\/2020\/02\/9ECA2A17-EC82-4FBA-9072-5FD06370E46E.jpeg","_links":{"self":[{"href":"https:\/\/www.radiopiu.net\/wordpress\/wp-json\/wp\/v2\/posts\/116571","targetHints":{"allow":["GET"]}}],"collection":[{"href":"https:\/\/www.radiopiu.net\/wordpress\/wp-json\/wp\/v2\/posts"}],"about":[{"href":"https:\/\/www.radiopiu.net\/wordpress\/wp-json\/wp\/v2\/types\/post"}],"author":[{"embeddable":true,"href":"https:\/\/www.radiopiu.net\/wordpress\/wp-json\/wp\/v2\/users\/4"}],"replies":[{"embeddable":true,"href":"https:\/\/www.radiopiu.net\/wordpress\/wp-json\/wp\/v2\/comments?post=116571"}],"version-history":[{"count":0,"href":"https:\/\/www.radiopiu.net\/wordpress\/wp-json\/wp\/v2\/posts\/116571\/revisions"}],"wp:featuredmedia":[{"embeddable":true,"href":"https:\/\/www.radiopiu.net\/wordpress\/wp-json\/wp\/v2\/media\/116572"}],"wp:attachment":[{"href":"https:\/\/www.radiopiu.net\/wordpress\/wp-json\/wp\/v2\/media?parent=116571"}],"wp:term":[{"taxonomy":"category","embeddable":true,"href":"https:\/\/www.radiopiu.net\/wordpress\/wp-json\/wp\/v2\/categories?post=116571"},{"taxonomy":"post_tag","embeddable":true,"href":"https:\/\/www.radiopiu.net\/wordpress\/wp-json\/wp\/v2\/tags?post=116571"}],"curies":[{"name":"wp","href":"https:\/\/api.w.org\/{rel}","templated":true}]}}