{"id":116605,"date":"2020-02-09T23:59:01","date_gmt":"2020-02-09T22:59:01","guid":{"rendered":"https:\/\/www.radiopiu.net\/wordpress\/?p=116605"},"modified":"2020-02-10T06:42:19","modified_gmt":"2020-02-10T05:42:19","slug":"la-passerella-che-non-ce-piu-a-un-anno-e-mezzo-da-vaia","status":"publish","type":"post","link":"https:\/\/www.radiopiu.net\/wordpress\/la-passerella-che-non-ce-piu-a-un-anno-e-mezzo-da-vaia\/","title":{"rendered":"LA PASSERELLA CHE NON C&#8217;E&#8217; PIU&#8217; A UN ANNO E MEZZO DA VAIA\u00a0"},"content":{"rendered":"<blockquote>\n<h3><strong style=\"font-size: 14px;\">SOSPIROLO<\/strong><span style=\"font-size: 14px; font-weight: normal;\"> Quella incantevole passerella punto di partenza per le passeggiate in destra Cordevole, fondamentale per chi abita dall&#8217;altra parte del torrente verso San Gottardo. Quella passerella incantevole da guardare tanto dall&#8217;alto che da gi\u00f9 luogo amato da tanti bellunesi e non nelle calde giornate estive. Quella passerella piacevole da osservare dalla regionale 203 agordina e noi che da quass\u00f9 a Belluno ci scendiamo spesso siamo cresciuti con quella passerella&#8230; che non c&#8217;\u00e8 pi\u00f9. Da Vaia sono passate tante settimane e tanti contributi, ma di assi rimesse al loro posto manco l&#8217;ombra. Su facebook Edith lo ha sottolineato bene anche dal punto di vista di chi abita il territorio.<\/span><\/h3>\n<\/blockquote>\n<blockquote><p><em>Questa \u00e8 la passerella del Peron e San Gottardo. Per molte persone \u00e8 un disagio. \u00c8 passato un anno e mezzo ancora non si \u00e8 fatto nulla. Un pessimo biglietto da visita per chi viene da fuori. Dobbiamo aspettare la prossima campagna elettorale per avere altre promesse?<\/em><\/p><\/blockquote>\n<div id=\"fb-root\"><\/div>\n<p><script async=\"1\" defer=\"1\" crossorigin=\"anonymous\" src=\"https:\/\/connect.facebook.net\/it_IT\/sdk.js#xfbml=1&amp;version=v6.0\"><\/script><\/p>\n<div class=\"fb-video\" data-href=\"https:\/\/www.facebook.com\/celestina.eckardt\/videos\/2480026092247916\/\" data-width=\"1200\">\n<blockquote cite=\"https:\/\/www.facebook.com\/celestina.eckardt\/videos\/2480026092247916\/\" class=\"fb-xfbml-parse-ignore\"><p><a href=\"https:\/\/www.facebook.com\/celestina.eckardt\/videos\/2480026092247916\/\"><\/a><\/p>\n<p>Pubblicato da <a href=\"https:\/\/www.facebook.com\/celestina.eckardt\">Edith Vedana<\/a> su Mercoled\u00ec 5 febbraio 2020<\/p><\/blockquote>\n<\/div>\n<p>&nbsp;<\/p>\n<p>DAL GIORNALE RADIO DEL 12 AGOSTO 2019<\/p>\n<blockquote class=\"wp-embedded-content\" data-secret=\"fTJgmklKbC\"><p><a href=\"https:\/\/www.radiopiu.net\/wordpress\/gli-anziani-per-la-passerella-al-peron-nel-dopo-vaia\/\">GLI ANZIANI PER LA PASSERELLA AL PERON NEL DOPO VAIA<\/a><\/p><\/blockquote>\n<p><iframe loading=\"lazy\" title=\"&#8220;GLI ANZIANI PER LA PASSERELLA AL PERON NEL DOPO VAIA&#8221; &#8212; Radio Pi\u00f9\" class=\"wp-embedded-content\" sandbox=\"allow-scripts\" security=\"restricted\" style=\"position: absolute; clip: rect(1px, 1px, 1px, 1px);\" src=\"https:\/\/www.radiopiu.net\/wordpress\/gli-anziani-per-la-passerella-al-peron-nel-dopo-vaia\/embed\/#?secret=fTJgmklKbC\" data-secret=\"fTJgmklKbC\" width=\"600\" height=\"338\" frameborder=\"0\" marginwidth=\"0\" marginheight=\"0\" scrolling=\"no\"><\/iframe><\/p>\n<p>DAL GIORNALE RADIO DEL 21 NOVEMBRE 2019<\/p>\n<blockquote class=\"wp-embedded-content\" data-secret=\"05DT70RaL3\"><p><a href=\"https:\/\/www.radiopiu.net\/wordpress\/raccolta-fondi-per-la-passerella-del-peron\/\">RACCOLTA FONDI PER LA PASSERELLA DEL PERON<\/a><\/p><\/blockquote>\n<p><iframe loading=\"lazy\" title=\"&#8220;RACCOLTA FONDI PER LA PASSERELLA DEL PERON&#8221; &#8212; Radio Pi\u00f9\" class=\"wp-embedded-content\" sandbox=\"allow-scripts\" security=\"restricted\" style=\"position: absolute; clip: rect(1px, 1px, 1px, 1px);\" src=\"https:\/\/www.radiopiu.net\/wordpress\/raccolta-fondi-per-la-passerella-del-peron\/embed\/#?secret=05DT70RaL3\" data-secret=\"05DT70RaL3\" width=\"600\" height=\"338\" frameborder=\"0\" marginwidth=\"0\" marginheight=\"0\" scrolling=\"no\"><\/iframe><\/p>\n<p>DAL GIORNALE RADIO DEL 8 OTTOBRE 2019<\/p>\n<blockquote class=\"wp-embedded-content\" data-secret=\"b3DofWBbSd\"><p><a href=\"https:\/\/www.radiopiu.net\/wordpress\/un-paradiso-abbandonato-al-suo-destino-parco-dove-sei\/\">UN PARADISO ABBANDONATO AL SUO DESTINO. PARCO DOVE SEI?<\/a><\/p><\/blockquote>\n<p><iframe loading=\"lazy\" title=\"&#8220;UN PARADISO ABBANDONATO AL SUO DESTINO. PARCO DOVE SEI?&#8221; &#8212; Radio Pi\u00f9\" class=\"wp-embedded-content\" sandbox=\"allow-scripts\" security=\"restricted\" style=\"position: absolute; clip: rect(1px, 1px, 1px, 1px);\" src=\"https:\/\/www.radiopiu.net\/wordpress\/un-paradiso-abbandonato-al-suo-destino-parco-dove-sei\/embed\/#?secret=b3DofWBbSd\" data-secret=\"b3DofWBbSd\" width=\"600\" height=\"338\" frameborder=\"0\" marginwidth=\"0\" marginheight=\"0\" scrolling=\"no\"><\/iframe><\/p>\n<p>&nbsp;<\/p>\n<p>&nbsp;<\/p>\n\n\t\t\t<style type='text\/css'>\n\t\t\t\t#gallery-1 {\n\t\t\t\t\tmargin: auto;\n\t\t\t\t}\n\t\t\t\t#gallery-1 .gallery-item {\n\t\t\t\t\tfloat: left;\n\t\t\t\t\tmargin-top: 10px;\n\t\t\t\t\ttext-align: center;\n\t\t\t\t\twidth: 33%;\n\t\t\t\t}\n\t\t\t\t#gallery-1 img {\n\t\t\t\t\tborder: 2px solid #cfcfcf;\n\t\t\t\t}\n\t\t\t\t#gallery-1 .gallery-caption {\n\t\t\t\t\tmargin-left: 0;\n\t\t\t\t}\n\t\t\t\t\/* see gallery_shortcode() in wp-includes\/media.php *\/\n\t\t\t<\/style>\n\t\t<div id='gallery-1' class='dt-gallery-container gallery galleryid-116605 gallery-columns-3 gallery-size-thumbnail'><dl class='gallery-item'>\n\t\t\t\t<dt class='gallery-icon landscape'>\n\t\t\t\t\t<a class=\"rollover\" href='https:\/\/www.radiopiu.net\/wordpress\/giornale-radiopiu-10-febbraio-2020-direttore-mirko-mezzacasa\/84119129_2480026415581217_2834450129258283008_n\/'><img loading=\"lazy\" decoding=\"async\" width=\"150\" height=\"150\" src=\"https:\/\/www.radiopiu.net\/wordpress\/wp-content\/uploads\/2020\/02\/84119129_2480026415581217_2834450129258283008_n-150x150.jpg\" class=\"attachment-thumbnail size-thumbnail\" alt=\"\" \/><\/a>\n\t\t\t\t<\/dt><\/dl><dl class='gallery-item'>\n\t\t\t\t<dt class='gallery-icon portrait'>\n\t\t\t\t\t<a class=\"rollover\" href='https:\/\/www.radiopiu.net\/wordpress\/giornale-radiopiu-10-febbraio-2020-direttore-mirko-mezzacasa\/85162875_2480026358914556_3816096142056226816_n\/'><img loading=\"lazy\" decoding=\"async\" width=\"150\" height=\"150\" src=\"https:\/\/www.radiopiu.net\/wordpress\/wp-content\/uploads\/2020\/02\/85162875_2480026358914556_3816096142056226816_n-150x150.jpg\" class=\"attachment-thumbnail size-thumbnail\" alt=\"\" \/><\/a>\n\t\t\t\t<\/dt><\/dl><dl class='gallery-item'>\n\t\t\t\t<dt class='gallery-icon landscape'>\n\t\t\t\t\t<a class=\"rollover\" href='https:\/\/www.radiopiu.net\/wordpress\/giornale-radiopiu-10-febbraio-2020-direttore-mirko-mezzacasa\/83323537_2480026322247893_7156786060674990080_n\/'><img loading=\"lazy\" decoding=\"async\" width=\"150\" height=\"150\" src=\"https:\/\/www.radiopiu.net\/wordpress\/wp-content\/uploads\/2020\/02\/83323537_2480026322247893_7156786060674990080_n-150x150.jpg\" class=\"attachment-thumbnail size-thumbnail\" alt=\"\" \/><\/a>\n\t\t\t\t<\/dt><\/dl><br style=\"clear: both\" \/><dl class='gallery-item'>\n\t\t\t\t<dt class='gallery-icon portrait'>\n\t\t\t\t\t<a class=\"rollover\" href='https:\/\/www.radiopiu.net\/wordpress\/giornale-radiopiu-10-febbraio-2020-direttore-mirko-mezzacasa\/80811701_2480026272247898_895549386145136640_n\/'><img loading=\"lazy\" decoding=\"async\" width=\"150\" height=\"150\" src=\"https:\/\/www.radiopiu.net\/wordpress\/wp-content\/uploads\/2020\/02\/80811701_2480026272247898_895549386145136640_n-150x150.jpg\" class=\"attachment-thumbnail size-thumbnail\" alt=\"\" \/><\/a>\n\t\t\t\t<\/dt><\/dl><dl class='gallery-item'>\n\t\t\t\t<dt class='gallery-icon landscape'>\n\t\t\t\t\t<a class=\"rollover\" href='https:\/\/www.radiopiu.net\/wordpress\/giornale-radiopiu-10-febbraio-2020-direttore-mirko-mezzacasa\/83891516_2480026222247903_806649498762739712_n\/'><img loading=\"lazy\" decoding=\"async\" width=\"150\" height=\"150\" src=\"https:\/\/www.radiopiu.net\/wordpress\/wp-content\/uploads\/2020\/02\/83891516_2480026222247903_806649498762739712_n-150x150.jpg\" class=\"attachment-thumbnail size-thumbnail\" alt=\"\" \/><\/a>\n\t\t\t\t<\/dt><\/dl><dl class='gallery-item'>\n\t\t\t\t<dt class='gallery-icon landscape'>\n\t\t\t\t\t<a class=\"rollover\" href='https:\/\/www.radiopiu.net\/wordpress\/giornale-radiopiu-10-febbraio-2020-direttore-mirko-mezzacasa\/83945780_2480026192247906_6047771542878683136_n\/'><img loading=\"lazy\" decoding=\"async\" width=\"150\" height=\"150\" src=\"https:\/\/www.radiopiu.net\/wordpress\/wp-content\/uploads\/2020\/02\/83945780_2480026192247906_6047771542878683136_n-150x150.jpg\" class=\"attachment-thumbnail size-thumbnail\" alt=\"\" \/><\/a>\n\t\t\t\t<\/dt><\/dl><br style=\"clear: both\" \/>\n\t\t\t<\/div>\n\n<p>&nbsp;<\/p>\n<p>&nbsp;<\/p>\n<hr \/>\n<p>&nbsp;<\/p>\n<blockquote>\n<h3><\/h3>\n<h3><\/h3>\n<\/blockquote>\n","protected":false},"excerpt":{"rendered":"<p>SOSPIROLO Quella incantevole passerella punto di partenza per le passeggiate in destra Cordevole, fondamentale per chi abita dall&#8217;altra parte del torrente verso San Gottardo. Quella passerella incantevole da guardare tanto dall&#8217;alto che da gi\u00f9 luogo amato da tanti bellunesi e non nelle calde giornate estive. Quella passerella piacevole da osservare dalla regionale 203 agordina e&hellip;<\/p>\n","protected":false},"author":1,"featured_media":116528,"comment_status":"closed","ping_status":"closed","sticky":false,"template":"","format":"standard","meta":{"_monsterinsights_skip_tracking":false,"_monsterinsights_sitenote_active":false,"_monsterinsights_sitenote_note":"","_monsterinsights_sitenote_category":0,"footnotes":""},"categories":[104,49],"tags":[],"class_list":["post-116605","post","type-post","status-publish","format-standard","has-post-thumbnail","hentry","category-evidenza_3","category-news-18","category-104","category-49","description-off"],"img_url":"https:\/\/www.radiopiu.net\/wordpress\/wp-content\/uploads\/2020\/02\/83323537_2480026322247893_7156786060674990080_n.jpg","_links":{"self":[{"href":"https:\/\/www.radiopiu.net\/wordpress\/wp-json\/wp\/v2\/posts\/116605","targetHints":{"allow":["GET"]}}],"collection":[{"href":"https:\/\/www.radiopiu.net\/wordpress\/wp-json\/wp\/v2\/posts"}],"about":[{"href":"https:\/\/www.radiopiu.net\/wordpress\/wp-json\/wp\/v2\/types\/post"}],"author":[{"embeddable":true,"href":"https:\/\/www.radiopiu.net\/wordpress\/wp-json\/wp\/v2\/users\/1"}],"replies":[{"embeddable":true,"href":"https:\/\/www.radiopiu.net\/wordpress\/wp-json\/wp\/v2\/comments?post=116605"}],"version-history":[{"count":0,"href":"https:\/\/www.radiopiu.net\/wordpress\/wp-json\/wp\/v2\/posts\/116605\/revisions"}],"wp:featuredmedia":[{"embeddable":true,"href":"https:\/\/www.radiopiu.net\/wordpress\/wp-json\/wp\/v2\/media\/116528"}],"wp:attachment":[{"href":"https:\/\/www.radiopiu.net\/wordpress\/wp-json\/wp\/v2\/media?parent=116605"}],"wp:term":[{"taxonomy":"category","embeddable":true,"href":"https:\/\/www.radiopiu.net\/wordpress\/wp-json\/wp\/v2\/categories?post=116605"},{"taxonomy":"post_tag","embeddable":true,"href":"https:\/\/www.radiopiu.net\/wordpress\/wp-json\/wp\/v2\/tags?post=116605"}],"curies":[{"name":"wp","href":"https:\/\/api.w.org\/{rel}","templated":true}]}}