{"id":116745,"date":"2020-02-09T23:59:19","date_gmt":"2020-02-09T22:59:19","guid":{"rendered":"https:\/\/www.radiopiu.net\/wordpress\/?p=116745"},"modified":"2020-02-10T06:18:22","modified_gmt":"2020-02-10T05:18:22","slug":"il-bar-con-il-calcetto-con-una-vista-sulla-val-zoldana-e-al-servizio-del-cittadino-anche-del-turista-che-ama-la-montagna-in-fiore","status":"publish","type":"post","link":"https:\/\/www.radiopiu.net\/wordpress\/il-bar-con-il-calcetto-con-una-vista-sulla-val-zoldana-e-al-servizio-del-cittadino-anche-del-turista-che-ama-la-montagna-in-fiore\/","title":{"rendered":"IL BAR CON IL &#8220;CALCETTO&#8221; CON UNA VISTA SULLA VAL ZOLDANA E AL SERVIZIO DEL CITTADINO, ANCHE DEL TURISTA CHE AMA LA MONTAGNA IN FIORE"},"content":{"rendered":"<blockquote><p>di Mirko Mezzacasa<\/p><\/blockquote>\n<p><strong>REDAZIONE<\/strong> Ecco la &#8220;dritta&#8221; per il politico che occupa gli scranni romani o quelli veneziani, ma la &#8220;dritta&#8221; potrebbe essere interessante anche per chi ambisce a farsi notare sia in Provincia che nel proprio Comune.\u00a0 Una &#8220;dritta&#8221; Per fare bella figura tra gli elettori, anche se nella localit\u00e0 dove focalizzeremo la nostra attenzione non sono molti. Ma vuoi mettere se ci sar\u00e0 una legge che sostiene per davvero le attivit\u00e0 di montagna? Se ci sar\u00e0 una mano tesa verso chi ha deciso di continuare a vivere in zone disagiate? Se la notizia\u00a0 verr\u00e0 divulgata in modo virale? Si scoprirebbe che casi come quello che stiamo trattando sono tanti, che il grido di aiuto dello scorso autunno (e le prime dichiarazioni della politica) \u00e8 stato soffocato dal brindisi di fine anno perch\u00e9 con il 2020 sono iniziate a cambiare le cose, sono arrivati i problemi soprattutto per le piccole attivit\u00e0 ad iniziare dal costoso e impegnativo registratore di cassa collegato direttamente in rete con l&#8217;Agenzia delle Entrate. Allora veniamo al nocciolo della questione iniziando dalla localit\u00e0: Fornesighe, lass\u00f9 in cima alla Val Zoldana, da cartolina con le sue albe e i suoi tramonti, ma anche con gli antichi fienIli, le case ristrutturate e la gente che rimane aggrappata alle sue case e alle sue cose come ad esempio l&#8217;unico Bar della frazione, il Belvedere. Antico, come una volta con i prodotti essenziali per vivere bene, quello che trovi a valle anzi ancora meglio perch\u00e9 se laggi\u00f9 trovi le macchinette mangia soldi e rovina famiglie,\u00a0 lass\u00f9 c&#8217;\u00e8 ancora il calcetto con la monetina e la leva da tirare per far scendere la pallina.\u00a0 Il Bar Belvedere che Clara ha gestito fin da quando ha avuto in dono le nozioni matematiche per incassare e dare il resto, allora c&#8217;era la lira. Prima di Clara i suoi genitori che hanno\u00a0 versato le prime &#8220;ombre&#8221; a met\u00e0 anni Cinquanta.<em> &#8220;Non ho ancora preso il nuovo registratore di cassa imposto da chi fa legge in questo mio Paese &#8211;<\/em> ci confessa Clara Ros <em>&#8211; c&#8217;\u00e8 una proroga fino a giugno&#8221;.<\/em> Ma a giugno se le cose rimarranno come oggi, il Belvedere chiuder\u00e0, la frazione perder\u00e0 un servizio, la montagna continuer\u00e0 a spopolarsi e la politica a riempirsi la bocca di <em>&#8220;Ecco cosa dobbiamo fare&#8221;.<\/em> L&#8217;esempio mi sembra eloquente per il Politico che vuole rispettare le promesse elettorali<em> &#8220;Se eletto sar\u00f2\u00a0 custode del territorio&#8230;sar\u00f2 dalla parte di chi vive in montagna&#8221;.<\/em> Se a giugno Clara decider\u00e0 di fare il brindisi dell&#8217;addio la responsabilit\u00e0 \u00e8 anche di chi ci governa e che anche questa volta ha snobbato&#8230;. la &#8220;dritta&#8221;.<\/p>\n<blockquote><p><strong>Dallo zoldano a Feltre,\u00a0 tra un mese chiude la libreria Athena, un alrto colpo mortale per il centro. Da Feltre all&#8217;Agordino, triste passare per Cencenighe e vedere le serrande abbassate di &#8220;Soppelsa al Ponte&#8221; con il marchio &#8220;il folletto&#8221; definitivamente spento. Altrettanto triste camminare per il centro di Taibon ormai rimasto senza banca, edicola, panificio, ferramenta,\u00a0 negozi di alimentari. Resistono per ora i bar soprattutto dove il gioco d&#8217;azzardo prospera. Da Taibon ad Agordo per\u00f2 per una bella notizia, Laura apre il nuovo negozio di abbigliamento accanto alla chiesa nella ex coop della famiglia Sito, purtroppo si avviano verso la chiusura, dopo la Bussola Calzature, anche edicola e libreria.<\/strong><\/p><\/blockquote>\n<p><a class=\"dt-pswp-item\" href=\"https:\/\/www.radiopiu.net\/wordpress\/wp-content\/uploads\/2020\/02\/WhatsApp-Image-2020-02-09-at-20.30.59-1.jpeg\" data-dt-img-description=\"\" data-large_image_width=\"1200\" data-large_image_height=\"1599\"><img loading=\"lazy\" decoding=\"async\" class=\"alignnone size-medium wp-image-116743\" src=\"https:\/\/www.radiopiu.net\/wordpress\/wp-content\/uploads\/2020\/02\/WhatsApp-Image-2020-02-09-at-20.30.59-1-225x300.jpeg\" alt=\"\" width=\"225\" height=\"300\" srcset=\"https:\/\/www.radiopiu.net\/wordpress\/wp-content\/uploads\/2020\/02\/WhatsApp-Image-2020-02-09-at-20.30.59-1-225x300.jpeg 225w, https:\/\/www.radiopiu.net\/wordpress\/wp-content\/uploads\/2020\/02\/WhatsApp-Image-2020-02-09-at-20.30.59-1-768x1023.jpeg 768w, https:\/\/www.radiopiu.net\/wordpress\/wp-content\/uploads\/2020\/02\/WhatsApp-Image-2020-02-09-at-20.30.59-1-1153x1536.jpeg 1153w, https:\/\/www.radiopiu.net\/wordpress\/wp-content\/uploads\/2020\/02\/WhatsApp-Image-2020-02-09-at-20.30.59-1.jpeg 1200w\" sizes=\"auto, (max-width: 225px) 100vw, 225px\" \/><\/a><a class=\"dt-pswp-item\" href=\"https:\/\/www.radiopiu.net\/wordpress\/wp-content\/uploads\/2020\/02\/WhatsApp-Image-2020-02-09-at-20.30.59.jpeg\" data-dt-img-description=\"\" data-large_image_width=\"1599\" data-large_image_height=\"1200\"><img loading=\"lazy\" decoding=\"async\" class=\"alignnone wp-image-116744\" src=\"https:\/\/www.radiopiu.net\/wordpress\/wp-content\/uploads\/2020\/02\/WhatsApp-Image-2020-02-09-at-20.30.59-300x225.jpeg\" alt=\"\" width=\"403\" height=\"302\" srcset=\"https:\/\/www.radiopiu.net\/wordpress\/wp-content\/uploads\/2020\/02\/WhatsApp-Image-2020-02-09-at-20.30.59-300x225.jpeg 300w, https:\/\/www.radiopiu.net\/wordpress\/wp-content\/uploads\/2020\/02\/WhatsApp-Image-2020-02-09-at-20.30.59-1024x768.jpeg 1024w, https:\/\/www.radiopiu.net\/wordpress\/wp-content\/uploads\/2020\/02\/WhatsApp-Image-2020-02-09-at-20.30.59-768x576.jpeg 768w, https:\/\/www.radiopiu.net\/wordpress\/wp-content\/uploads\/2020\/02\/WhatsApp-Image-2020-02-09-at-20.30.59-1536x1153.jpeg 1536w, https:\/\/www.radiopiu.net\/wordpress\/wp-content\/uploads\/2020\/02\/WhatsApp-Image-2020-02-09-at-20.30.59.jpeg 1599w\" sizes=\"auto, (max-width: 403px) 100vw, 403px\" \/><\/a><a class=\"dt-pswp-item\" href=\"https:\/\/www.radiopiu.net\/wordpress\/wp-content\/uploads\/2020\/02\/WhatsApp-Image-2020-02-09-at-20.30.59-2.jpeg\" data-dt-img-description=\"\" data-large_image_width=\"1200\" data-large_image_height=\"1599\"><img loading=\"lazy\" decoding=\"async\" class=\"alignnone size-medium wp-image-116742\" src=\"https:\/\/www.radiopiu.net\/wordpress\/wp-content\/uploads\/2020\/02\/WhatsApp-Image-2020-02-09-at-20.30.59-2-225x300.jpeg\" alt=\"\" width=\"225\" height=\"300\" srcset=\"https:\/\/www.radiopiu.net\/wordpress\/wp-content\/uploads\/2020\/02\/WhatsApp-Image-2020-02-09-at-20.30.59-2-225x300.jpeg 225w, https:\/\/www.radiopiu.net\/wordpress\/wp-content\/uploads\/2020\/02\/WhatsApp-Image-2020-02-09-at-20.30.59-2-768x1023.jpeg 768w, https:\/\/www.radiopiu.net\/wordpress\/wp-content\/uploads\/2020\/02\/WhatsApp-Image-2020-02-09-at-20.30.59-2-1153x1536.jpeg 1153w, https:\/\/www.radiopiu.net\/wordpress\/wp-content\/uploads\/2020\/02\/WhatsApp-Image-2020-02-09-at-20.30.59-2.jpeg 1200w\" sizes=\"auto, (max-width: 225px) 100vw, 225px\" \/><\/a><\/p>\n","protected":false},"excerpt":{"rendered":"<p>di Mirko Mezzacasa REDAZIONE Ecco la &#8220;dritta&#8221; per il politico che occupa gli scranni romani o quelli veneziani, ma la &#8220;dritta&#8221; potrebbe essere interessante anche per chi ambisce a farsi notare sia in Provincia che nel proprio Comune.\u00a0 Una &#8220;dritta&#8221; Per fare bella figura tra gli elettori, anche se nella localit\u00e0 dove focalizzeremo la nostra&hellip;<\/p>\n","protected":false},"author":1,"featured_media":116743,"comment_status":"closed","ping_status":"closed","sticky":false,"template":"","format":"standard","meta":{"_monsterinsights_skip_tracking":false,"_monsterinsights_sitenote_active":false,"_monsterinsights_sitenote_note":"","_monsterinsights_sitenote_category":0,"footnotes":""},"categories":[51,49],"tags":[],"class_list":["post-116745","post","type-post","status-publish","format-standard","has-post-thumbnail","hentry","category-evidenza-top","category-news-18","category-51","category-49","description-off"],"img_url":"https:\/\/www.radiopiu.net\/wordpress\/wp-content\/uploads\/2020\/02\/WhatsApp-Image-2020-02-09-at-20.30.59-1.jpeg","_links":{"self":[{"href":"https:\/\/www.radiopiu.net\/wordpress\/wp-json\/wp\/v2\/posts\/116745","targetHints":{"allow":["GET"]}}],"collection":[{"href":"https:\/\/www.radiopiu.net\/wordpress\/wp-json\/wp\/v2\/posts"}],"about":[{"href":"https:\/\/www.radiopiu.net\/wordpress\/wp-json\/wp\/v2\/types\/post"}],"author":[{"embeddable":true,"href":"https:\/\/www.radiopiu.net\/wordpress\/wp-json\/wp\/v2\/users\/1"}],"replies":[{"embeddable":true,"href":"https:\/\/www.radiopiu.net\/wordpress\/wp-json\/wp\/v2\/comments?post=116745"}],"version-history":[{"count":0,"href":"https:\/\/www.radiopiu.net\/wordpress\/wp-json\/wp\/v2\/posts\/116745\/revisions"}],"wp:featuredmedia":[{"embeddable":true,"href":"https:\/\/www.radiopiu.net\/wordpress\/wp-json\/wp\/v2\/media\/116743"}],"wp:attachment":[{"href":"https:\/\/www.radiopiu.net\/wordpress\/wp-json\/wp\/v2\/media?parent=116745"}],"wp:term":[{"taxonomy":"category","embeddable":true,"href":"https:\/\/www.radiopiu.net\/wordpress\/wp-json\/wp\/v2\/categories?post=116745"},{"taxonomy":"post_tag","embeddable":true,"href":"https:\/\/www.radiopiu.net\/wordpress\/wp-json\/wp\/v2\/tags?post=116745"}],"curies":[{"name":"wp","href":"https:\/\/api.w.org\/{rel}","templated":true}]}}