{"id":116844,"date":"2020-02-10T11:13:13","date_gmt":"2020-02-10T10:13:13","guid":{"rendered":"https:\/\/www.radiopiu.net\/wordpress\/?p=116844"},"modified":"2020-02-10T12:31:40","modified_gmt":"2020-02-10T11:31:40","slug":"detenuto-schizofrenico-ripete-il-salto-sul-tetto-del-carcere","status":"publish","type":"post","link":"https:\/\/www.radiopiu.net\/wordpress\/detenuto-schizofrenico-ripete-il-salto-sul-tetto-del-carcere\/","title":{"rendered":"DETENUTO SCHIZOFRENICO RIPETE IL SALTO SUL TETTO DEL CARCERE"},"content":{"rendered":"<blockquote><p><strong><a class=\"dt-pswp-item\" href=\"https:\/\/www.radiopiu.net\/wordpress\/wp-content\/uploads\/2016\/03\/carcere.jpg\" data-dt-img-description=\"\" data-large_image_width=\"1600\" data-large_image_height=\"1067\"><img loading=\"lazy\" decoding=\"async\" class=\"size-medium wp-image-17529 alignleft\" src=\"https:\/\/www.radiopiu.net\/wordpress\/wp-content\/uploads\/2016\/03\/carcere-300x200.jpg\" alt=\"\" width=\"300\" height=\"200\" \/><\/a>BELLUNO\u00a0<\/strong> <span style=\"color: #000000; font-family: Helvetica;\">I rappresentanti territoriali dei sindacati di polizia penitenziaria\u00a0denunciano un nuovo evento critico accaduto nella sezione Articolazione per la Tutela della Salute Mentale del carcere di Belluno. <\/span><span style=\"color: #000000; font-family: Helvetica;\">Per la seconda volta\u00a0 (il primo episodio si era verificato nell\u2019ottobre dell\u2019anno scorso) un paziente-detenuto \u00e8 riuscito a scavalcare il muro di cinta dei passeggi della sezione del penitenziario e, con un salto, \u00e8 riuscito a salire sul tetto di una sezione adiacente, dove \u00e8 stato colto da una grave crisi schizofrenica. Con tempestivit\u00e0 e professionalit\u00e0, il personale di Polizia Penitenziaria in servizio \u00e8 riuscito a bloccare il detenuto evitando conseguenze tragiche. Con l\u2019aiuto di una scala, hanno calato il detenuto dal tetto, riportando la situazione alla normalit\u00e0. Si trattava dello stesso detenuto psichiatrico che l\u2019anno scorso, oltre ad essere salito sul tetto del carcere, si era gettato nel vuoto ed era stato salvato dagli agenti che erano riusciti a fare scudo con i loro corpi. <\/span><span style=\"color: #000000; font-family: Helvetica;\">Durissima la reazione dei rappresentanti dei sindacati di polizia penitenziaria di Belluno <\/span>Robert Da Re (Cisl Fns), Luca Baschiera (Cgil Fp\/Pp), Giordano Morriello (Fsa Cnpp), Giuseppe Ongaro (Osapp) e Luca Garrisi (Sappe)<span style=\"color: #000000; font-family: Helvetica;\">: <\/span><\/p>\n<p><span style=\"color: #000000; font-family: Helvetica;\"><em>\u201cCome sempre, dopo le ripetute segnalazioni precedenti e successive all\u2019episodio dello scorso ottobre, abbiamo ricevuto <\/em><\/span><em>promesse e progetti di migliorie sistematicamente finite in una bolla di sapone<span style=\"color: #000000; font-family: Helvetica;\">. Se da parte dell\u2019<\/span>Amministrazione Penitenziaria <span style=\"color: #000000; font-family: Helvetica;\">non vi \u00e8 <\/span>tutela per il personale in servizio<span style=\"color: #000000; font-family: Helvetica;\">, nulla di buono si riscontra neppure da parte del <\/span>Servizio Sanitario<span style=\"color: #000000; font-family: Helvetica;\">, che disattende quotidianamente quanto previsto dalla delibera della Giunta regionale del Veneto dell\u201911 giugno 2019, che prevedeva un incremento dell\u2019attivit\u00e0 nella sezione psichiatrica del carcere di Baldenich in attesa del suo trasferimento nella Casa Circondariale di Padova, lasciando di fatto tutto l\u2019onere del disagio psichico della sezione Articolazione per la Tutela della Salute Mentale sulle spalle del personale di polizia penitenziaria\u201d.<\/span><\/em><\/p>\n<div align=\"left\"><em><span style=\"color: #000000; font-family: Helvetica;\">\u201cI poliziotti penitenziari in servizio presso la Casa Circondariale di Belluno &#8211; proseguono i rappresentanti sindacali -, gi\u00e0 provati da un\u2019importante carenza di personale, auspicano un cospicuo incremento di unit\u00e0 operative in un prossimo futuro, ma soprattutto un corretto atteggiamento da parte dell\u2019Amministrazione Penitenziaria e della ULSS 1 Dolomiti, provvedendo alle attuali mancanze, nell\u2019attesa che la sezione psichiatrica venga spostata altrove. Ma soprattutto si augurano di non dover nuovamente mettere in atto gesta di protesta per far sentire la propria voce\u201d. A maggio dell\u2019anno scorso gli agenti di polizia penitenziaria avevano dato vita a un corteo e a un sit-in davanti alla Prefettura di Belluno per chiedere la chiusura della sezione Articolazione Salute Mentale della casa circondariale di Baldenich&#8221;.<\/span><\/em><\/div>\n<\/blockquote>\n","protected":false},"excerpt":{"rendered":"<p>BELLUNO\u00a0 I rappresentanti territoriali dei sindacati di polizia penitenziaria\u00a0denunciano un nuovo evento critico accaduto nella sezione Articolazione per la Tutela della Salute Mentale del carcere di Belluno. Per la seconda volta\u00a0 (il primo episodio si era verificato nell\u2019ottobre dell\u2019anno scorso) un paziente-detenuto \u00e8 riuscito a scavalcare il muro di cinta dei passeggi della sezione del&hellip;<\/p>\n","protected":false},"author":1,"featured_media":0,"comment_status":"closed","ping_status":"closed","sticky":false,"template":"","format":"standard","meta":{"_monsterinsights_skip_tracking":false,"_monsterinsights_sitenote_active":false,"_monsterinsights_sitenote_note":"","_monsterinsights_sitenote_category":0,"footnotes":""},"categories":[51,49],"tags":[],"class_list":["post-116844","post","type-post","status-publish","format-standard","hentry","category-evidenza-top","category-news-18","category-51","category-49","description-off"],"img_url":false,"_links":{"self":[{"href":"https:\/\/www.radiopiu.net\/wordpress\/wp-json\/wp\/v2\/posts\/116844","targetHints":{"allow":["GET"]}}],"collection":[{"href":"https:\/\/www.radiopiu.net\/wordpress\/wp-json\/wp\/v2\/posts"}],"about":[{"href":"https:\/\/www.radiopiu.net\/wordpress\/wp-json\/wp\/v2\/types\/post"}],"author":[{"embeddable":true,"href":"https:\/\/www.radiopiu.net\/wordpress\/wp-json\/wp\/v2\/users\/1"}],"replies":[{"embeddable":true,"href":"https:\/\/www.radiopiu.net\/wordpress\/wp-json\/wp\/v2\/comments?post=116844"}],"version-history":[{"count":0,"href":"https:\/\/www.radiopiu.net\/wordpress\/wp-json\/wp\/v2\/posts\/116844\/revisions"}],"wp:attachment":[{"href":"https:\/\/www.radiopiu.net\/wordpress\/wp-json\/wp\/v2\/media?parent=116844"}],"wp:term":[{"taxonomy":"category","embeddable":true,"href":"https:\/\/www.radiopiu.net\/wordpress\/wp-json\/wp\/v2\/categories?post=116844"},{"taxonomy":"post_tag","embeddable":true,"href":"https:\/\/www.radiopiu.net\/wordpress\/wp-json\/wp\/v2\/tags?post=116844"}],"curies":[{"name":"wp","href":"https:\/\/api.w.org\/{rel}","templated":true}]}}