{"id":116848,"date":"2020-02-11T12:00:57","date_gmt":"2020-02-11T11:00:57","guid":{"rendered":"https:\/\/www.radiopiu.net\/wordpress\/?p=116848"},"modified":"2020-02-11T12:31:15","modified_gmt":"2020-02-11T11:31:15","slug":"cade-dalle-scale-ritrovato-senza-vita-indagano-i-carabinieri-del-comelico","status":"publish","type":"post","link":"https:\/\/www.radiopiu.net\/wordpress\/cade-dalle-scale-ritrovato-senza-vita-indagano-i-carabinieri-del-comelico\/","title":{"rendered":"CADE DALLE SCALE, RITROVATO SENZA VITA. INDAGANO I CARABINIERI DEL COMELICO"},"content":{"rendered":"<p>&nbsp;<\/p>\n<blockquote>\n<blockquote>\n<h3><a class=\"dt-pswp-item\" href=\"https:\/\/www.radiopiu.net\/wordpress\/wp-content\/uploads\/2020\/02\/WhatsApp-Image-2020-02-11-at-05.28.52.jpeg\" data-dt-img-description=\"\" data-large_image_width=\"799\" data-large_image_height=\"1599\"><img loading=\"lazy\" decoding=\"async\" class=\"size-medium wp-image-116972 alignleft\" src=\"https:\/\/www.radiopiu.net\/wordpress\/wp-content\/uploads\/2020\/02\/WhatsApp-Image-2020-02-11-at-05.28.52-150x300.jpeg\" alt=\"\" width=\"150\" height=\"300\" srcset=\"https:\/\/www.radiopiu.net\/wordpress\/wp-content\/uploads\/2020\/02\/WhatsApp-Image-2020-02-11-at-05.28.52-150x300.jpeg 150w, https:\/\/www.radiopiu.net\/wordpress\/wp-content\/uploads\/2020\/02\/WhatsApp-Image-2020-02-11-at-05.28.52-512x1024.jpeg 512w, https:\/\/www.radiopiu.net\/wordpress\/wp-content\/uploads\/2020\/02\/WhatsApp-Image-2020-02-11-at-05.28.52-768x1536.jpeg 768w, https:\/\/www.radiopiu.net\/wordpress\/wp-content\/uploads\/2020\/02\/WhatsApp-Image-2020-02-11-at-05.28.52.jpeg 799w\" sizes=\"auto, (max-width: 150px) 100vw, 150px\" \/><\/a>CADE DALLE SCALE, RITROVATO SENZA VITA. INDAGANO I CARABINIERI DEL COMELICO<\/h3>\n<\/blockquote>\n<p><strong>COMELICO<\/strong> Un43enne, Andrea Sacco nato ad Auronzo ma residente in Comelico \u00e8 morto dopo essere caduto dalle scale esterne prive di parapetto riportando un mortale trauma facciale. Il corpo senza vita \u00e8\u00a0 stato ritrovato in frazione Dosoledo,\u00a0 in vicolo Maiucco vicino ad un fienile di propriet\u00e0\u00a0 della famiglia,\u00a0 da dove \u00e9\u00a0 caduto, un salto di due metri. L&#8217;uomo era stato visto domenica sera nella centrale piazza del\u00a0 paese in occasione delle festa per il carnevale. Al momento non ci sarebbero altre ipotesi al vaglio dei Carabinieri di Santo Stefano di Cadore intervenuti\u00a0 alle 7.30 di ieri mattina. Al momento dell&#8217;incidente mortale Andrea Sacco era da solo quindi risulta difficile ricostruire con certezza quanto accaduto. Non \u00e8 escluso che la caduta sia stata provocata dal ghiaccio, ma non \u00e8 nemmeno escluso che l&#8217;uomo possa essere stato colto da malore. A Constare la morte \u00e8 stata la guardia medica di Santo Stefano Di Cadore. Dalla Procura disposta l&#8217;ispezione cadaverica ma non servir\u00e0 l&#8217;autopsia.<\/p>\n<p>&nbsp;<\/p><\/blockquote>\n<p>&nbsp;<\/p>\n<p>&nbsp;<\/p>\n","protected":false},"excerpt":{"rendered":"<p>&nbsp; CADE DALLE SCALE, RITROVATO SENZA VITA. INDAGANO I CARABINIERI DEL COMELICO COMELICO Un43enne, Andrea Sacco nato ad Auronzo ma residente in Comelico \u00e8 morto dopo essere caduto dalle scale esterne prive di parapetto riportando un mortale trauma facciale. Il corpo senza vita \u00e8\u00a0 stato ritrovato in frazione Dosoledo,\u00a0 in vicolo Maiucco vicino ad un&hellip;<\/p>\n","protected":false},"author":1,"featured_media":116972,"comment_status":"closed","ping_status":"closed","sticky":false,"template":"","format":"standard","meta":{"_monsterinsights_skip_tracking":false,"_monsterinsights_sitenote_active":false,"_monsterinsights_sitenote_note":"","_monsterinsights_sitenote_category":0,"footnotes":""},"categories":[49],"tags":[],"class_list":["post-116848","post","type-post","status-publish","format-standard","has-post-thumbnail","hentry","category-news-18","category-49","description-off"],"img_url":"https:\/\/www.radiopiu.net\/wordpress\/wp-content\/uploads\/2020\/02\/WhatsApp-Image-2020-02-11-at-05.28.52.jpeg","_links":{"self":[{"href":"https:\/\/www.radiopiu.net\/wordpress\/wp-json\/wp\/v2\/posts\/116848","targetHints":{"allow":["GET"]}}],"collection":[{"href":"https:\/\/www.radiopiu.net\/wordpress\/wp-json\/wp\/v2\/posts"}],"about":[{"href":"https:\/\/www.radiopiu.net\/wordpress\/wp-json\/wp\/v2\/types\/post"}],"author":[{"embeddable":true,"href":"https:\/\/www.radiopiu.net\/wordpress\/wp-json\/wp\/v2\/users\/1"}],"replies":[{"embeddable":true,"href":"https:\/\/www.radiopiu.net\/wordpress\/wp-json\/wp\/v2\/comments?post=116848"}],"version-history":[{"count":0,"href":"https:\/\/www.radiopiu.net\/wordpress\/wp-json\/wp\/v2\/posts\/116848\/revisions"}],"wp:featuredmedia":[{"embeddable":true,"href":"https:\/\/www.radiopiu.net\/wordpress\/wp-json\/wp\/v2\/media\/116972"}],"wp:attachment":[{"href":"https:\/\/www.radiopiu.net\/wordpress\/wp-json\/wp\/v2\/media?parent=116848"}],"wp:term":[{"taxonomy":"category","embeddable":true,"href":"https:\/\/www.radiopiu.net\/wordpress\/wp-json\/wp\/v2\/categories?post=116848"},{"taxonomy":"post_tag","embeddable":true,"href":"https:\/\/www.radiopiu.net\/wordpress\/wp-json\/wp\/v2\/tags?post=116848"}],"curies":[{"name":"wp","href":"https:\/\/api.w.org\/{rel}","templated":true}]}}