{"id":116872,"date":"2020-02-10T16:09:13","date_gmt":"2020-02-10T15:09:13","guid":{"rendered":"https:\/\/www.radiopiu.net\/wordpress\/?p=116872"},"modified":"2020-02-10T16:09:13","modified_gmt":"2020-02-10T15:09:13","slug":"un-calendario-condiviso-per-la-conca-agordina","status":"publish","type":"post","link":"https:\/\/www.radiopiu.net\/wordpress\/un-calendario-condiviso-per-la-conca-agordina\/","title":{"rendered":"UN CALENDARIO CONDIVISO PER LA CONCA AGORDINA"},"content":{"rendered":"<blockquote>\n<h2><\/h2>\n<\/blockquote>\n<p><a class=\"dt-pswp-item\" href=\"https:\/\/www.radiopiu.net\/wordpress\/wp-content\/uploads\/2020\/02\/IMG_1040-08-02-20-08-20-scaled.jpg\" data-dt-img-description=\"\" data-large_image_width=\"2560\" data-large_image_height=\"1920\"><img loading=\"lazy\" decoding=\"async\" class=\"size-medium wp-image-116871 alignleft\" src=\"https:\/\/www.radiopiu.net\/wordpress\/wp-content\/uploads\/2020\/02\/IMG_1040-08-02-20-08-20-300x225.jpg\" alt=\"\" width=\"300\" height=\"225\" srcset=\"https:\/\/www.radiopiu.net\/wordpress\/wp-content\/uploads\/2020\/02\/IMG_1040-08-02-20-08-20-300x225.jpg 300w, https:\/\/www.radiopiu.net\/wordpress\/wp-content\/uploads\/2020\/02\/IMG_1040-08-02-20-08-20-1024x768.jpg 1024w, https:\/\/www.radiopiu.net\/wordpress\/wp-content\/uploads\/2020\/02\/IMG_1040-08-02-20-08-20-768x576.jpg 768w, https:\/\/www.radiopiu.net\/wordpress\/wp-content\/uploads\/2020\/02\/IMG_1040-08-02-20-08-20-1536x1152.jpg 1536w, https:\/\/www.radiopiu.net\/wordpress\/wp-content\/uploads\/2020\/02\/IMG_1040-08-02-20-08-20-2048x1536.jpg 2048w\" sizes=\"auto, (max-width: 300px) 100vw, 300px\" \/><\/a><strong>AGORDO<\/strong> Si \u00e8 svolta in sala della biblioteca la riunione con tutte le associazioni della Conca Agordina per la creazione di un calendario condiviso delle manifestazioni 2020, promossa dall\u2019Ufficio Turistico di Agordo. In questa occasione, l\u2019assessore al Turismo Chiara Fontanive ha ricordato l\u2019importanza di questo IAT a livello di informazione turistica e di servizi e ha ringraziato Ad Agordo Pro Loco per la preziosa gestione iniziata nel 2014.\u00a0 Alice Ben, dipendente dell\u2019ente, ha poi illustrato un breve resoconto dei flussi turistici in Conca Agordina, evidenziando un aumento degli arrivi di circa 1.000 all\u2019anno. Molti visitano le Dolomiti all&#8217;interno di un pi\u00f9 generale viaggio in Veneto o in Italia, alcuni anche in giornata soggiornando in provincia di Treviso o Verona.<\/p>\n<blockquote><p><em> \u201cSicuramente il marchio territoriale delle montagne bellunesi Dolomiti, the mountains of Venice sta avendo un ottimo riscontro\u201d dice Chiara Fontanive. Questa percezione \u00e8 stata confermata dal fatto che, nell&#8217;ultimo anno, molte sono state le richieste di materiale relativo alla nostra zona da strutture della Valbelluna o del Trevigiano.<\/em><\/p><\/blockquote>\n<p>Sono stati ricordati ancora i numerosi servizi offerti dall\u2019Ufficio Turistico tra i quali il tesseramento Ad Agordo Pro Loco, Dolomiti Emergency, la biglietteria Dolomiti Bus (anche abbonamenti) e Brusutti.<\/p>\n<blockquote><p><em> \u201cInoltre quest&#8217;anno sono cambiate numerose normative per chi affitta in locazione turistica quindi, oltre a far da tramite fra domanda e offerta, abbiamo cercato di informare il pi\u00f9 possibile e supportare nel disbrigo delle pratiche chi \u00e8 iscritto e quindi presente nelle nostre liste\u201d dice Alice Ben.\u00a0<\/em><\/p><\/blockquote>\n<p>Per comunicare gli eventi e controllare che non si verifichino spiacevoli sovrapposizioni potete rivolgervi presso l\u2019Ufficio Turistico aperto nei seguenti orari: luned\u00ec 15-18, mercoled\u00ec 9-12, gioved\u00ec 9-12, venerd\u00ec 16-19 e sabato 9-12, canali social o telefonicamente (0437.62105).<\/p>\n","protected":false},"excerpt":{"rendered":"<p>AGORDO Si \u00e8 svolta in sala della biblioteca la riunione con tutte le associazioni della Conca Agordina per la creazione di un calendario condiviso delle manifestazioni 2020, promossa dall\u2019Ufficio Turistico di Agordo. In questa occasione, l\u2019assessore al Turismo Chiara Fontanive ha ricordato l\u2019importanza di questo IAT a livello di informazione turistica e di servizi e&hellip;<\/p>\n","protected":false},"author":1,"featured_media":116871,"comment_status":"closed","ping_status":"closed","sticky":false,"template":"","format":"standard","meta":{"_monsterinsights_skip_tracking":false,"_monsterinsights_sitenote_active":false,"_monsterinsights_sitenote_note":"","_monsterinsights_sitenote_category":0,"footnotes":""},"categories":[49],"tags":[],"class_list":["post-116872","post","type-post","status-publish","format-standard","has-post-thumbnail","hentry","category-news-18","category-49","description-off"],"img_url":"https:\/\/www.radiopiu.net\/wordpress\/wp-content\/uploads\/2020\/02\/IMG_1040-08-02-20-08-20-scaled.jpg","_links":{"self":[{"href":"https:\/\/www.radiopiu.net\/wordpress\/wp-json\/wp\/v2\/posts\/116872","targetHints":{"allow":["GET"]}}],"collection":[{"href":"https:\/\/www.radiopiu.net\/wordpress\/wp-json\/wp\/v2\/posts"}],"about":[{"href":"https:\/\/www.radiopiu.net\/wordpress\/wp-json\/wp\/v2\/types\/post"}],"author":[{"embeddable":true,"href":"https:\/\/www.radiopiu.net\/wordpress\/wp-json\/wp\/v2\/users\/1"}],"replies":[{"embeddable":true,"href":"https:\/\/www.radiopiu.net\/wordpress\/wp-json\/wp\/v2\/comments?post=116872"}],"version-history":[{"count":0,"href":"https:\/\/www.radiopiu.net\/wordpress\/wp-json\/wp\/v2\/posts\/116872\/revisions"}],"wp:featuredmedia":[{"embeddable":true,"href":"https:\/\/www.radiopiu.net\/wordpress\/wp-json\/wp\/v2\/media\/116871"}],"wp:attachment":[{"href":"https:\/\/www.radiopiu.net\/wordpress\/wp-json\/wp\/v2\/media?parent=116872"}],"wp:term":[{"taxonomy":"category","embeddable":true,"href":"https:\/\/www.radiopiu.net\/wordpress\/wp-json\/wp\/v2\/categories?post=116872"},{"taxonomy":"post_tag","embeddable":true,"href":"https:\/\/www.radiopiu.net\/wordpress\/wp-json\/wp\/v2\/tags?post=116872"}],"curies":[{"name":"wp","href":"https:\/\/api.w.org\/{rel}","templated":true}]}}