{"id":116996,"date":"2020-02-11T06:00:21","date_gmt":"2020-02-11T05:00:21","guid":{"rendered":"https:\/\/www.radiopiu.net\/wordpress\/?p=116996"},"modified":"2020-02-12T06:07:52","modified_gmt":"2020-02-12T05:07:52","slug":"scoperchiato-un-tetto-vento-forte-a-canale-d-agordo","status":"publish","type":"post","link":"https:\/\/www.radiopiu.net\/wordpress\/scoperchiato-un-tetto-vento-forte-a-canale-d-agordo\/","title":{"rendered":"LE FOLATE DI VENTO DI IERI SCOPERCHIATO IL &#8220;VAL GARES&#8221; DANNI AD ALTRE ABITAZIONI, GARA DI FONDO RINVIATE."},"content":{"rendered":"<p><strong><a class=\"dt-pswp-item\" href=\"https:\/\/www.radiopiu.net\/wordpress\/wp-content\/uploads\/2020\/02\/9feb9483-9b7e-4c24-a008-3e8b19d3975d.jpg\" data-dt-img-description=\"\" data-large_image_width=\"1600\" data-large_image_height=\"1200\"> <img loading=\"lazy\" decoding=\"async\" class=\"size-medium wp-image-117018 alignleft\" src=\"https:\/\/www.radiopiu.net\/wordpress\/wp-content\/uploads\/2020\/02\/9feb9483-9b7e-4c24-a008-3e8b19d3975d-300x225.jpg\" alt=\"\" width=\"300\" height=\"225\" srcset=\"https:\/\/www.radiopiu.net\/wordpress\/wp-content\/uploads\/2020\/02\/9feb9483-9b7e-4c24-a008-3e8b19d3975d-300x225.jpg 300w, https:\/\/www.radiopiu.net\/wordpress\/wp-content\/uploads\/2020\/02\/9feb9483-9b7e-4c24-a008-3e8b19d3975d-1024x768.jpg 1024w, https:\/\/www.radiopiu.net\/wordpress\/wp-content\/uploads\/2020\/02\/9feb9483-9b7e-4c24-a008-3e8b19d3975d-768x576.jpg 768w, https:\/\/www.radiopiu.net\/wordpress\/wp-content\/uploads\/2020\/02\/9feb9483-9b7e-4c24-a008-3e8b19d3975d-1536x1152.jpg 1536w, https:\/\/www.radiopiu.net\/wordpress\/wp-content\/uploads\/2020\/02\/9feb9483-9b7e-4c24-a008-3e8b19d3975d.jpg 1600w\" sizes=\"auto, (max-width: 300px) 100vw, 300px\" \/><\/a><\/strong><\/p>\n<p><strong>CANALE D&#8217;AGORDO<\/strong><\/p>\n<p><strong>CANALE D&#8217;AGORDO <\/strong>Vento forte da ovest. Verso la Val Gares scoperchiato parte di un tetto dell&#8217;Albergo Val Gares in via Giuseppe Xaiz\u00a0 e danni minori sempre al tetto anche ad altre due abitazioni poco distanti. Ieri mattina alle 9.30 la potente folata di vento che ha scoperchiato l&#8217;Hotel accartocciando le lamiere di mezzo tetto. Il bar era regolarmente aperto mentre nella struttura adibita ad Hotel non c&#8217;erano ospiti come si vede dalle foto tutti gli infissi sono chiusi. Anche per questo non ci sono feriti, ma chi era in paese o abita nelle vicinanze sulla strada per la Valle di Gares ha temuto il peggio come nella notte di Vaia dell&#8217;ottobre 2018. Schianti nel bosco e lamiere svolazzanti per tutto il paese. I boscaioli che stavano invece lavorando nel bosco hanno accantonato gli attrezzi e si sono metti al sicuro perch\u00e9 le piante hanno iniziato ad ondeggiare tra alcuni schianti. &#8220;Sono scappati&#8221; dice il sindaco Flavio Colcergnan <em>&#8220;tutt&#8217;attorno sentivano cadere gli alberi, ora (alle 9.45 ndr.) \u00e8 anche pericoloso girare a piede per il paese tanto \u00e8 il vento&#8221;.<\/em> Al Val Gares si contano i danni, sono tanti, manca mezzo tetto.<em><br \/>\n<\/em><\/p>\n<blockquote><p><em>&#8220;Ne ho vista un staccarsi dal tetto del Val Gares &#8211; racconta Orietta che abita poco lontano &#8211; e l&#8217;ho vista fare il pelo all&#8217;auto di mi figlio. Siamo stati fortunati&#8221;<\/em>.<\/p><\/blockquote>\n<p>Chi abita in zona ha sentito il forte vento e subito si \u00e8 reso conto dei gravi danni al Val Gares. Sul posto Vigili del fuoco volontari (anche da Selva di Cadoer) e permanenti in massa con mezzi e autoscala. Poco pi\u00f9 avanti (vedi diretta facebook) danni anche su un secondo condominio. \u00a0Nella piazzetta di Tancon \u00e8 stato trovato un camino, staccatosi da una casa a causa di una violenta folata.La raffica si \u00e8 infilata anche nel bosco, schiantando le piante rimaste in piedi ma indebolite dalla tempesta Vaia. In quel momento c&#8217;erano alcuni boscaioli al lavoro, che sono scappati sentendo gli alberi cadere attorno a loro, come ha spiegato il sindaco di Canale, Flavio Colcergnan, ai microfoni di Radiopi\u00f9 ieri mattina.\u00abCon Vaia ci siamo salvati, stavolta no\u00bb, raccontano dall&#8217;albergo Val Gares.<em> \u00ab\u00c8 successo tutto in un minuto: c&#8217;\u00e8 stata una folata molto violenta, improvvisa, che ha sollevato le lamiere di met\u00e0 tetto. Abbiamo gi\u00e0 contattato una ditta per posizionare il nylon, poi avvieremo in fretta i lavori per la sistemazione della copertura. Non abbiamo subito danni all&#8217;interno perch\u00e9 il tetto ha una copertura di cemento, quindi siamo regolarmente aperti&#8221; <\/em>In Valle di Gares ieri mattina erano in programma le gare di sci nordico per gli studenti, ma sono state rinviate a martedi per il pericolo di nuovi schianti, il vento di ieri ha fatto collassare definitivamente altri alberi gi\u00e0 piegati da Vaia.<\/p>\n<p>&nbsp;<\/p>\n<p><strong>IL SINDACO FLAVIO COLCERGNAN<\/strong><\/p>\n<audio class=\"wp-audio-shortcode\" id=\"audio-116996-1\" preload=\"none\" style=\"width: 100%;\" controls=\"controls\"><source type=\"audio\/mpeg\" src=\"https:\/\/www.radiopiu.net\/wordpress\/wp-content\/uploads\/2020\/02\/colcergnan.mp3?_=1\" \/><a href=\"https:\/\/www.radiopiu.net\/wordpress\/wp-content\/uploads\/2020\/02\/colcergnan.mp3\">https:\/\/www.radiopiu.net\/wordpress\/wp-content\/uploads\/2020\/02\/colcergnan.mp3<\/a><\/audio>\n<p>&nbsp;<\/p>\n<p><a class=\"dt-pswp-item\" href=\"https:\/\/www.radiopiu.net\/wordpress\/wp-content\/uploads\/2020\/02\/m-1.jpg\" data-dt-img-description=\"\" data-large_image_width=\"1600\" data-large_image_height=\"1200\"><img loading=\"lazy\" decoding=\"async\" class=\"alignnone wp-image-117032\" src=\"https:\/\/www.radiopiu.net\/wordpress\/wp-content\/uploads\/2020\/02\/m-1-300x225.jpg\" alt=\"\" width=\"555\" height=\"416\" srcset=\"https:\/\/www.radiopiu.net\/wordpress\/wp-content\/uploads\/2020\/02\/m-1-300x225.jpg 300w, https:\/\/www.radiopiu.net\/wordpress\/wp-content\/uploads\/2020\/02\/m-1-1024x768.jpg 1024w, https:\/\/www.radiopiu.net\/wordpress\/wp-content\/uploads\/2020\/02\/m-1-768x576.jpg 768w, https:\/\/www.radiopiu.net\/wordpress\/wp-content\/uploads\/2020\/02\/m-1-1536x1152.jpg 1536w, https:\/\/www.radiopiu.net\/wordpress\/wp-content\/uploads\/2020\/02\/m-1.jpg 1600w\" sizes=\"auto, (max-width: 555px) 100vw, 555px\" \/><\/a><\/p>\n<blockquote>\n<h2><span style=\"color: #ff0000;\">DIRETTA FACEBOOK<\/span><\/h2>\n<\/blockquote>\n<div id=\"fb-root\"><\/div>\n<p><script async=\"1\" defer=\"1\" crossorigin=\"anonymous\" src=\"https:\/\/connect.facebook.net\/it_IT\/sdk.js#xfbml=1&amp;version=v6.0\"><\/script><\/p>\n<div class=\"fb-video\" data-href=\"https:\/\/www.facebook.com\/Mirkomezziano\/videos\/2590102754605828\/\" data-width=\"1200\">\n<blockquote cite=\"https:\/\/www.facebook.com\/Mirkomezziano\/videos\/2590102754605828\/\" class=\"fb-xfbml-parse-ignore\"><p><a href=\"https:\/\/www.facebook.com\/Mirkomezziano\/videos\/2590102754605828\/\"><\/a><\/p>\n<p>SCOPERCHIATO IL VAL GARES A CANALE D&#039;AGORDO, STAMANE ALLE 9.30 DIRETTA FACEBOOK<\/p>\n<p>Pubblicato da <a href=\"https:\/\/www.facebook.com\/Mirkomezziano\">Mezzacasa Mirkobis Mirko<\/a> su Marted\u00ec 11 febbraio 2020<\/p><\/blockquote>\n<\/div>\n<p>&nbsp;<\/p>\n<p>&nbsp;<\/p>\n<div style=\"width: 640px;\" class=\"wp-video\"><video class=\"wp-video-shortcode\" id=\"video-116996-1\" width=\"640\" height=\"352\" preload=\"metadata\" controls=\"controls\"><source type=\"video\/mp4\" src=\"https:\/\/www.radiopiu.net\/wordpress\/wp-content\/uploads\/2020\/02\/WhatsApp-Video-2020-02-11-at-10.18.30-1.mp4?_=1\" \/><a href=\"https:\/\/www.radiopiu.net\/wordpress\/wp-content\/uploads\/2020\/02\/WhatsApp-Video-2020-02-11-at-10.18.30-1.mp4\">https:\/\/www.radiopiu.net\/wordpress\/wp-content\/uploads\/2020\/02\/WhatsApp-Video-2020-02-11-at-10.18.30-1.mp4<\/a><\/video><\/div>\n<p><a class=\"dt-pswp-item\" href=\"https:\/\/www.radiopiu.net\/wordpress\/wp-content\/uploads\/2020\/02\/84997650_616766895559471_3405646119240204288_n.jpg\" data-dt-img-description=\"\" data-large_image_width=\"2000\" data-large_image_height=\"1500\"><img loading=\"lazy\" decoding=\"async\" class=\"alignnone size-medium wp-image-117020\" src=\"https:\/\/www.radiopiu.net\/wordpress\/wp-content\/uploads\/2020\/02\/84997650_616766895559471_3405646119240204288_n-300x225.jpg\" alt=\"\" width=\"300\" height=\"225\" srcset=\"https:\/\/www.radiopiu.net\/wordpress\/wp-content\/uploads\/2020\/02\/84997650_616766895559471_3405646119240204288_n-300x225.jpg 300w, https:\/\/www.radiopiu.net\/wordpress\/wp-content\/uploads\/2020\/02\/84997650_616766895559471_3405646119240204288_n-1024x768.jpg 1024w, https:\/\/www.radiopiu.net\/wordpress\/wp-content\/uploads\/2020\/02\/84997650_616766895559471_3405646119240204288_n-768x576.jpg 768w, https:\/\/www.radiopiu.net\/wordpress\/wp-content\/uploads\/2020\/02\/84997650_616766895559471_3405646119240204288_n-1536x1152.jpg 1536w, https:\/\/www.radiopiu.net\/wordpress\/wp-content\/uploads\/2020\/02\/84997650_616766895559471_3405646119240204288_n.jpg 2000w\" sizes=\"auto, (max-width: 300px) 100vw, 300px\" \/><\/a><a class=\"dt-pswp-item\" href=\"https:\/\/www.radiopiu.net\/wordpress\/wp-content\/uploads\/2020\/02\/WhatsApp-Image-2020-02-11-at-10.27.36.jpeg\" data-dt-img-description=\"\" data-large_image_width=\"1599\" data-large_image_height=\"1200\"><img loading=\"lazy\" decoding=\"async\" class=\"alignnone wp-image-117021\" src=\"https:\/\/www.radiopiu.net\/wordpress\/wp-content\/uploads\/2020\/02\/WhatsApp-Image-2020-02-11-at-10.27.36-300x225.jpeg\" alt=\"\" width=\"298\" height=\"223\" srcset=\"https:\/\/www.radiopiu.net\/wordpress\/wp-content\/uploads\/2020\/02\/WhatsApp-Image-2020-02-11-at-10.27.36-300x225.jpeg 300w, https:\/\/www.radiopiu.net\/wordpress\/wp-content\/uploads\/2020\/02\/WhatsApp-Image-2020-02-11-at-10.27.36-1024x768.jpeg 1024w, https:\/\/www.radiopiu.net\/wordpress\/wp-content\/uploads\/2020\/02\/WhatsApp-Image-2020-02-11-at-10.27.36-768x576.jpeg 768w, https:\/\/www.radiopiu.net\/wordpress\/wp-content\/uploads\/2020\/02\/WhatsApp-Image-2020-02-11-at-10.27.36-1536x1153.jpeg 1536w, https:\/\/www.radiopiu.net\/wordpress\/wp-content\/uploads\/2020\/02\/WhatsApp-Image-2020-02-11-at-10.27.36.jpeg 1599w\" sizes=\"auto, (max-width: 298px) 100vw, 298px\" \/><\/a><a class=\"dt-pswp-item\" href=\"https:\/\/www.radiopiu.net\/wordpress\/wp-content\/uploads\/2020\/02\/a220d77f-cbde-486d-8618-918bac1d7ab8.jpg\" data-dt-img-description=\"\" data-large_image_width=\"1600\" data-large_image_height=\"1200\"><img loading=\"lazy\" decoding=\"async\" class=\"alignnone wp-image-117005\" src=\"https:\/\/www.radiopiu.net\/wordpress\/wp-content\/uploads\/2020\/02\/a220d77f-cbde-486d-8618-918bac1d7ab8-300x225.jpg\" alt=\"\" width=\"298\" height=\"224\" srcset=\"https:\/\/www.radiopiu.net\/wordpress\/wp-content\/uploads\/2020\/02\/a220d77f-cbde-486d-8618-918bac1d7ab8-300x225.jpg 300w, https:\/\/www.radiopiu.net\/wordpress\/wp-content\/uploads\/2020\/02\/a220d77f-cbde-486d-8618-918bac1d7ab8-1024x768.jpg 1024w, https:\/\/www.radiopiu.net\/wordpress\/wp-content\/uploads\/2020\/02\/a220d77f-cbde-486d-8618-918bac1d7ab8-768x576.jpg 768w, https:\/\/www.radiopiu.net\/wordpress\/wp-content\/uploads\/2020\/02\/a220d77f-cbde-486d-8618-918bac1d7ab8-1536x1152.jpg 1536w, https:\/\/www.radiopiu.net\/wordpress\/wp-content\/uploads\/2020\/02\/a220d77f-cbde-486d-8618-918bac1d7ab8.jpg 1600w\" sizes=\"auto, (max-width: 298px) 100vw, 298px\" \/><\/a><\/p>\n<p><a class=\"dt-pswp-item\" href=\"https:\/\/www.radiopiu.net\/wordpress\/wp-content\/uploads\/2020\/02\/4bc09001-b4bc-4f95-b3a2-11cbb796509c.jpg\" data-dt-img-description=\"\" data-large_image_width=\"1280\" data-large_image_height=\"960\"><img loading=\"lazy\" decoding=\"async\" class=\"alignnone size-medium wp-image-117002\" src=\"https:\/\/www.radiopiu.net\/wordpress\/wp-content\/uploads\/2020\/02\/4bc09001-b4bc-4f95-b3a2-11cbb796509c-300x225.jpg\" alt=\"\" width=\"300\" height=\"225\" srcset=\"https:\/\/www.radiopiu.net\/wordpress\/wp-content\/uploads\/2020\/02\/4bc09001-b4bc-4f95-b3a2-11cbb796509c-300x225.jpg 300w, https:\/\/www.radiopiu.net\/wordpress\/wp-content\/uploads\/2020\/02\/4bc09001-b4bc-4f95-b3a2-11cbb796509c-1024x768.jpg 1024w, https:\/\/www.radiopiu.net\/wordpress\/wp-content\/uploads\/2020\/02\/4bc09001-b4bc-4f95-b3a2-11cbb796509c-768x576.jpg 768w, https:\/\/www.radiopiu.net\/wordpress\/wp-content\/uploads\/2020\/02\/4bc09001-b4bc-4f95-b3a2-11cbb796509c.jpg 1280w\" sizes=\"auto, (max-width: 300px) 100vw, 300px\" \/><\/a><a class=\"dt-pswp-item\" href=\"https:\/\/www.radiopiu.net\/wordpress\/wp-content\/uploads\/2020\/02\/734d2d04-3d28-45ba-8294-25a1556dcf05.jpg\" data-dt-img-description=\"\" data-large_image_width=\"1280\" data-large_image_height=\"960\"><img loading=\"lazy\" decoding=\"async\" class=\"alignnone wp-image-117003\" src=\"https:\/\/www.radiopiu.net\/wordpress\/wp-content\/uploads\/2020\/02\/734d2d04-3d28-45ba-8294-25a1556dcf05-300x225.jpg\" alt=\"\" width=\"298\" height=\"224\" srcset=\"https:\/\/www.radiopiu.net\/wordpress\/wp-content\/uploads\/2020\/02\/734d2d04-3d28-45ba-8294-25a1556dcf05-300x225.jpg 300w, https:\/\/www.radiopiu.net\/wordpress\/wp-content\/uploads\/2020\/02\/734d2d04-3d28-45ba-8294-25a1556dcf05-1024x768.jpg 1024w, https:\/\/www.radiopiu.net\/wordpress\/wp-content\/uploads\/2020\/02\/734d2d04-3d28-45ba-8294-25a1556dcf05-768x576.jpg 768w, https:\/\/www.radiopiu.net\/wordpress\/wp-content\/uploads\/2020\/02\/734d2d04-3d28-45ba-8294-25a1556dcf05.jpg 1280w\" sizes=\"auto, (max-width: 298px) 100vw, 298px\" \/><\/a><a class=\"dt-pswp-item\" href=\"https:\/\/www.radiopiu.net\/wordpress\/wp-content\/uploads\/2020\/02\/5557468d-5c61-4fd1-be69-f9268e4f87f2.jpg\" data-dt-img-description=\"\" data-large_image_width=\"1280\" data-large_image_height=\"960\"><img loading=\"lazy\" decoding=\"async\" class=\"alignnone size-medium wp-image-117004\" src=\"https:\/\/www.radiopiu.net\/wordpress\/wp-content\/uploads\/2020\/02\/5557468d-5c61-4fd1-be69-f9268e4f87f2-300x225.jpg\" alt=\"\" width=\"300\" height=\"225\" srcset=\"https:\/\/www.radiopiu.net\/wordpress\/wp-content\/uploads\/2020\/02\/5557468d-5c61-4fd1-be69-f9268e4f87f2-300x225.jpg 300w, https:\/\/www.radiopiu.net\/wordpress\/wp-content\/uploads\/2020\/02\/5557468d-5c61-4fd1-be69-f9268e4f87f2-1024x768.jpg 1024w, https:\/\/www.radiopiu.net\/wordpress\/wp-content\/uploads\/2020\/02\/5557468d-5c61-4fd1-be69-f9268e4f87f2-768x576.jpg 768w, https:\/\/www.radiopiu.net\/wordpress\/wp-content\/uploads\/2020\/02\/5557468d-5c61-4fd1-be69-f9268e4f87f2.jpg 1280w\" sizes=\"auto, (max-width: 300px) 100vw, 300px\" \/><\/a><\/p>\n<p><a class=\"dt-pswp-item\" href=\"https:\/\/www.radiopiu.net\/wordpress\/wp-content\/uploads\/2020\/02\/84205797_219265569241441_3108316687368192000_n.jpg\" data-dt-img-description=\"\" data-large_image_width=\"2000\" data-large_image_height=\"1500\"><img loading=\"lazy\" decoding=\"async\" class=\"alignnone size-medium wp-image-117013\" src=\"https:\/\/www.radiopiu.net\/wordpress\/wp-content\/uploads\/2020\/02\/84205797_219265569241441_3108316687368192000_n-300x225.jpg\" alt=\"\" width=\"300\" height=\"225\" srcset=\"https:\/\/www.radiopiu.net\/wordpress\/wp-content\/uploads\/2020\/02\/84205797_219265569241441_3108316687368192000_n-300x225.jpg 300w, https:\/\/www.radiopiu.net\/wordpress\/wp-content\/uploads\/2020\/02\/84205797_219265569241441_3108316687368192000_n-1024x768.jpg 1024w, https:\/\/www.radiopiu.net\/wordpress\/wp-content\/uploads\/2020\/02\/84205797_219265569241441_3108316687368192000_n-768x576.jpg 768w, https:\/\/www.radiopiu.net\/wordpress\/wp-content\/uploads\/2020\/02\/84205797_219265569241441_3108316687368192000_n-1536x1152.jpg 1536w, https:\/\/www.radiopiu.net\/wordpress\/wp-content\/uploads\/2020\/02\/84205797_219265569241441_3108316687368192000_n.jpg 2000w\" sizes=\"auto, (max-width: 300px) 100vw, 300px\" \/><\/a><a class=\"dt-pswp-item\" href=\"https:\/\/www.radiopiu.net\/wordpress\/wp-content\/uploads\/2020\/02\/86359452_228581018167760_6731147221024112640_n.jpg\" data-dt-img-description=\"\" data-large_image_width=\"2000\" data-large_image_height=\"1500\"><img loading=\"lazy\" decoding=\"async\" class=\"alignnone wp-image-117014\" src=\"https:\/\/www.radiopiu.net\/wordpress\/wp-content\/uploads\/2020\/02\/86359452_228581018167760_6731147221024112640_n-300x225.jpg\" alt=\"\" width=\"299\" height=\"224\" srcset=\"https:\/\/www.radiopiu.net\/wordpress\/wp-content\/uploads\/2020\/02\/86359452_228581018167760_6731147221024112640_n-300x225.jpg 300w, https:\/\/www.radiopiu.net\/wordpress\/wp-content\/uploads\/2020\/02\/86359452_228581018167760_6731147221024112640_n-1024x768.jpg 1024w, https:\/\/www.radiopiu.net\/wordpress\/wp-content\/uploads\/2020\/02\/86359452_228581018167760_6731147221024112640_n-768x576.jpg 768w, https:\/\/www.radiopiu.net\/wordpress\/wp-content\/uploads\/2020\/02\/86359452_228581018167760_6731147221024112640_n-1536x1152.jpg 1536w, https:\/\/www.radiopiu.net\/wordpress\/wp-content\/uploads\/2020\/02\/86359452_228581018167760_6731147221024112640_n.jpg 2000w\" sizes=\"auto, (max-width: 299px) 100vw, 299px\" \/><\/a><strong><a class=\"dt-pswp-item\" href=\"https:\/\/www.radiopiu.net\/wordpress\/wp-content\/uploads\/2020\/02\/9feb9483-9b7e-4c24-a008-3e8b19d3975d.jpg\" data-dt-img-description=\"\" data-large_image_width=\"1600\" data-large_image_height=\"1200\"><img loading=\"lazy\" decoding=\"async\" class=\"size-medium wp-image-117018 alignleft\" src=\"https:\/\/www.radiopiu.net\/wordpress\/wp-content\/uploads\/2020\/02\/9feb9483-9b7e-4c24-a008-3e8b19d3975d-300x225.jpg\" alt=\"\" width=\"300\" height=\"225\" srcset=\"https:\/\/www.radiopiu.net\/wordpress\/wp-content\/uploads\/2020\/02\/9feb9483-9b7e-4c24-a008-3e8b19d3975d-300x225.jpg 300w, https:\/\/www.radiopiu.net\/wordpress\/wp-content\/uploads\/2020\/02\/9feb9483-9b7e-4c24-a008-3e8b19d3975d-1024x768.jpg 1024w, https:\/\/www.radiopiu.net\/wordpress\/wp-content\/uploads\/2020\/02\/9feb9483-9b7e-4c24-a008-3e8b19d3975d-768x576.jpg 768w, https:\/\/www.radiopiu.net\/wordpress\/wp-content\/uploads\/2020\/02\/9feb9483-9b7e-4c24-a008-3e8b19d3975d-1536x1152.jpg 1536w, https:\/\/www.radiopiu.net\/wordpress\/wp-content\/uploads\/2020\/02\/9feb9483-9b7e-4c24-a008-3e8b19d3975d.jpg 1600w\" sizes=\"auto, (max-width: 300px) 100vw, 300px\" \/><\/a><\/strong><\/p>\n<p>NOTIZIA IN AGGIORNAMENTO<\/p>\n","protected":false},"excerpt":{"rendered":"<p>CANALE D&#8217;AGORDO CANALE D&#8217;AGORDO Vento forte da ovest. Verso la Val Gares scoperchiato parte di un tetto dell&#8217;Albergo Val Gares in via Giuseppe Xaiz\u00a0 e danni minori sempre al tetto anche ad altre due abitazioni poco distanti. Ieri mattina alle 9.30 la potente folata di vento che ha scoperchiato l&#8217;Hotel accartocciando le lamiere di mezzo&hellip;<\/p>\n","protected":false},"author":1,"featured_media":117006,"comment_status":"closed","ping_status":"closed","sticky":false,"template":"","format":"standard","meta":{"_monsterinsights_skip_tracking":false,"_monsterinsights_sitenote_active":false,"_monsterinsights_sitenote_note":"","_monsterinsights_sitenote_category":0,"footnotes":""},"categories":[49],"tags":[],"class_list":["post-116996","post","type-post","status-publish","format-standard","has-post-thumbnail","hentry","category-news-18","category-49","description-off"],"img_url":"https:\/\/www.radiopiu.net\/wordpress\/wp-content\/uploads\/2020\/02\/aafec309-9611-48bc-8340-00f7675b2b05.jpg","_links":{"self":[{"href":"https:\/\/www.radiopiu.net\/wordpress\/wp-json\/wp\/v2\/posts\/116996","targetHints":{"allow":["GET"]}}],"collection":[{"href":"https:\/\/www.radiopiu.net\/wordpress\/wp-json\/wp\/v2\/posts"}],"about":[{"href":"https:\/\/www.radiopiu.net\/wordpress\/wp-json\/wp\/v2\/types\/post"}],"author":[{"embeddable":true,"href":"https:\/\/www.radiopiu.net\/wordpress\/wp-json\/wp\/v2\/users\/1"}],"replies":[{"embeddable":true,"href":"https:\/\/www.radiopiu.net\/wordpress\/wp-json\/wp\/v2\/comments?post=116996"}],"version-history":[{"count":0,"href":"https:\/\/www.radiopiu.net\/wordpress\/wp-json\/wp\/v2\/posts\/116996\/revisions"}],"wp:featuredmedia":[{"embeddable":true,"href":"https:\/\/www.radiopiu.net\/wordpress\/wp-json\/wp\/v2\/media\/117006"}],"wp:attachment":[{"href":"https:\/\/www.radiopiu.net\/wordpress\/wp-json\/wp\/v2\/media?parent=116996"}],"wp:term":[{"taxonomy":"category","embeddable":true,"href":"https:\/\/www.radiopiu.net\/wordpress\/wp-json\/wp\/v2\/categories?post=116996"},{"taxonomy":"post_tag","embeddable":true,"href":"https:\/\/www.radiopiu.net\/wordpress\/wp-json\/wp\/v2\/tags?post=116996"}],"curies":[{"name":"wp","href":"https:\/\/api.w.org\/{rel}","templated":true}]}}