{"id":117051,"date":"2020-02-11T15:12:18","date_gmt":"2020-02-11T14:12:18","guid":{"rendered":"https:\/\/www.radiopiu.net\/wordpress\/?p=117051"},"modified":"2020-02-12T16:04:36","modified_gmt":"2020-02-12T15:04:36","slug":"117051-2","status":"publish","type":"post","link":"https:\/\/www.radiopiu.net\/wordpress\/117051-2\/","title":{"rendered":"GIORNALE RADIOPIU 12 FEBBRAIO 2020 direttore Mirko Mezzacasa"},"content":{"rendered":"<blockquote><p><strong><a class=\"dt-pswp-item\" href=\"https:\/\/www.radiopiu.net\/wordpress\/wp-content\/uploads\/2020\/02\/telegram-q-ok.jpg\" data-dt-img-description=\"\" data-large_image_width=\"800\" data-large_image_height=\"800\"><img loading=\"lazy\" decoding=\"async\" class=\"wp-image-117176 alignleft\" src=\"https:\/\/www.radiopiu.net\/wordpress\/wp-content\/uploads\/2020\/02\/telegram-q-ok-300x300.jpg\" alt=\"\" width=\"128\" height=\"128\" srcset=\"https:\/\/www.radiopiu.net\/wordpress\/wp-content\/uploads\/2020\/02\/telegram-q-ok-300x300.jpg 300w, https:\/\/www.radiopiu.net\/wordpress\/wp-content\/uploads\/2020\/02\/telegram-q-ok-150x150.jpg 150w, https:\/\/www.radiopiu.net\/wordpress\/wp-content\/uploads\/2020\/02\/telegram-q-ok-768x768.jpg 768w, https:\/\/www.radiopiu.net\/wordpress\/wp-content\/uploads\/2020\/02\/telegram-q-ok.jpg 800w\" sizes=\"auto, (max-width: 128px) 100vw, 128px\" \/><\/a>PER RICEVERE QUESTO NOTIZIARIO DIRETTAMENTE SUL TUO CELLULARE ISCRIVITI AL CANALE <span style=\"color: #0000ff;\">TELEGRAM<\/span> <\/strong><\/p>\n<p><strong>&#8220;<span style=\"color: #ff0000;\">RADIO PIU\u00a0 INFORMAZIONE<span style=\"color: #000000;\">&#8221;\u00a0<\/span><\/span><\/strong><\/p>\n<hr \/>\n<\/blockquote>\n<p><strong>SP 7 ZOPPE&#8217; DI CADORE.<\/strong> DAL 17 FEBBRAIO AL 06 MARZO (esclusi festivi e prefestivi) INTERRUZIONE TOTALE DALLE 8 ALLE 12 E DALLE 14 ALLE 18. PER TAGLIO ALBERI<\/p>\n<hr \/>\n<p><strong>PROVINCIALE 3 VALLE IMPERINA,<\/strong> FINO AL\u00a0 21 FEBBRAIO IN LOCALITA&#8217; CORDE MOLE-VALESIN IN COMUNE DI GOSALDO STRADA CHIUSA A FASCE ORARIE PER TAGLIO ALBERI. <strong>CHIUSURE: 8-9.45, 10-11.45, 13.30-15.15, 15.30-17.30<\/strong><\/p>\n<hr \/>\n<p><strong>PROVINCIALE 4 VAL CANTUNA<\/strong>: NELLE NOTTI DALL&#8217;11 AL 15 FEBBRAIO DALLE 23 ALLE 5 DEL MATTINO INTERDIZIONE TOTALE AL TRAFFICO IN LOCALITA&#8217; CADOLA-VIADOTTO AUTOSTRADALE<\/p>\n<hr \/>\n<p><strong>VALLADA AGORDINA<\/strong> nelle localit\u00e0 COGUL, PIAZ E ANDRICH e <strong>CIBIANA IN TUTTO IL COMUNE<\/strong> <span style=\"color: #ff0000;\">, l&#8217;acqua erogata dall&#8217;acquedotto non \u00e8 potabile<\/span> e pu\u00f2 essere usata per scopi alimentari SOLO PREVIA bollitura. GSP ha, comunque, gi\u00e0 adottato le necessarie misure per la disinfezione dell&#8217;acqua presente nei serbatoi e nella rete idrica con l&#8217;aggiunta di cloro.<\/p>\n<h3><\/h3>\n<blockquote>\n<h1>ULTIM&#8217;ORA 8.30<\/h1>\n<\/blockquote>\n<blockquote class=\"wp-embedded-content\" data-secret=\"ejTPzBOiFk\"><p><a href=\"https:\/\/www.radiopiu.net\/wordpress\/terremoto-di-nuovo-al-confine-con-la-provincia\/\">TERREMOTO, DI NUOVO AL CONFINE CON LA PROVINCIA<\/a><\/p><\/blockquote>\n<p><iframe loading=\"lazy\" title=\"&#8220;TERREMOTO, DI NUOVO AL CONFINE CON LA PROVINCIA&#8221; &#8212; Radio Pi\u00f9\" class=\"wp-embedded-content\" sandbox=\"allow-scripts\" security=\"restricted\" style=\"position: absolute; clip: rect(1px, 1px, 1px, 1px);\" src=\"https:\/\/www.radiopiu.net\/wordpress\/terremoto-di-nuovo-al-confine-con-la-provincia\/embed\/#?secret=ejTPzBOiFk\" data-secret=\"ejTPzBOiFk\" width=\"600\" height=\"338\" frameborder=\"0\" marginwidth=\"0\" marginheight=\"0\" scrolling=\"no\"><\/iframe><\/p>\n<p>&nbsp;<\/p>\n<p>&nbsp;<\/p>\n<p>&nbsp;<\/p>\n<p>&nbsp;<\/p>\n<hr \/>\n<h2><\/h2>\n<blockquote>\n<h1>IERI MATTINA IN FRAZIONE VALT DI FALCADE, IL VENTO SCOPERCHIA IL FIENILE.<\/h1>\n<\/blockquote>\n<p><a class=\"dt-pswp-item\" href=\"https:\/\/www.radiopiu.net\/wordpress\/wp-content\/uploads\/2020\/02\/21b80e52-7b99-41da-84cd-d953544f82f0.jpg\" data-dt-img-description=\"\" data-large_image_width=\"1200\" data-large_image_height=\"1600\"><img loading=\"lazy\" decoding=\"async\" class=\"alignnone size-medium wp-image-117167\" src=\"https:\/\/www.radiopiu.net\/wordpress\/wp-content\/uploads\/2020\/02\/21b80e52-7b99-41da-84cd-d953544f82f0-225x300.jpg\" alt=\"\" width=\"225\" height=\"300\" srcset=\"https:\/\/www.radiopiu.net\/wordpress\/wp-content\/uploads\/2020\/02\/21b80e52-7b99-41da-84cd-d953544f82f0-225x300.jpg 225w, https:\/\/www.radiopiu.net\/wordpress\/wp-content\/uploads\/2020\/02\/21b80e52-7b99-41da-84cd-d953544f82f0-768x1024.jpg 768w, https:\/\/www.radiopiu.net\/wordpress\/wp-content\/uploads\/2020\/02\/21b80e52-7b99-41da-84cd-d953544f82f0-1152x1536.jpg 1152w, https:\/\/www.radiopiu.net\/wordpress\/wp-content\/uploads\/2020\/02\/21b80e52-7b99-41da-84cd-d953544f82f0.jpg 1200w\" sizes=\"auto, (max-width: 225px) 100vw, 225px\" \/><\/a><a class=\"dt-pswp-item\" href=\"https:\/\/www.radiopiu.net\/wordpress\/wp-content\/uploads\/2020\/02\/1557a5c4-fcc5-41de-8fd0-ce1c5a3afaed.jpg\" data-dt-img-description=\"\" data-large_image_width=\"1200\" data-large_image_height=\"1600\"><img loading=\"lazy\" decoding=\"async\" class=\"alignnone size-medium wp-image-117168\" src=\"https:\/\/www.radiopiu.net\/wordpress\/wp-content\/uploads\/2020\/02\/1557a5c4-fcc5-41de-8fd0-ce1c5a3afaed-225x300.jpg\" alt=\"\" width=\"225\" height=\"300\" srcset=\"https:\/\/www.radiopiu.net\/wordpress\/wp-content\/uploads\/2020\/02\/1557a5c4-fcc5-41de-8fd0-ce1c5a3afaed-225x300.jpg 225w, https:\/\/www.radiopiu.net\/wordpress\/wp-content\/uploads\/2020\/02\/1557a5c4-fcc5-41de-8fd0-ce1c5a3afaed-768x1024.jpg 768w, https:\/\/www.radiopiu.net\/wordpress\/wp-content\/uploads\/2020\/02\/1557a5c4-fcc5-41de-8fd0-ce1c5a3afaed-1152x1536.jpg 1152w, https:\/\/www.radiopiu.net\/wordpress\/wp-content\/uploads\/2020\/02\/1557a5c4-fcc5-41de-8fd0-ce1c5a3afaed.jpg 1200w\" sizes=\"auto, (max-width: 225px) 100vw, 225px\" \/><\/a><\/p>\n<p>&nbsp;<\/p>\n<p>&nbsp;<\/p>\n<hr \/>\n<p>&nbsp;<\/p>\n<p>&nbsp;<\/p>\n<p>&nbsp;<\/p>\n<p>&nbsp;<\/p>\n<blockquote>\n<h2>IL RISPETTO DELLE ORDINANZE E DELLE SCADENZE IMPOSTE DAL SINDACO<\/h2>\n<\/blockquote>\n<h2><strong style=\"font-size: 14px;\">RIVAMONTE<\/strong><span style=\"font-size: 14px; font-weight: normal;\">\u00a0 Nonostante la scadenza del 24 gennaio la strada per Sep e Schena \u00e8 ancora chiusa, ma il sindaco Nino Deon assicura che il Comune \u00e8 al lavoro per un&#8217;imminente riapertura, questione di poco tempo e qualche carta da firmare. Il privato sarebbe intervenuto per mettere in sicurezza il rudere, manca solo di togliere i cartelli e restituire la &#8220;libert\u00e0&#8221; di transito agli abitanti della frazione.<\/span><\/h2>\n<p><strong>FOTO DI IERI<\/strong><\/p>\n<p><a class=\"dt-pswp-item\" href=\"https:\/\/www.radiopiu.net\/wordpress\/wp-content\/uploads\/2020\/02\/3f401ed1-628e-4920-9600-32f5ccf780fe.jpg\" data-dt-img-description=\"\" data-large_image_width=\"449\" data-large_image_height=\"599\"><img loading=\"lazy\" decoding=\"async\" class=\"alignnone size-medium wp-image-117082\" src=\"https:\/\/www.radiopiu.net\/wordpress\/wp-content\/uploads\/2020\/02\/3f401ed1-628e-4920-9600-32f5ccf780fe-225x300.jpg\" alt=\"\" width=\"225\" height=\"300\" srcset=\"https:\/\/www.radiopiu.net\/wordpress\/wp-content\/uploads\/2020\/02\/3f401ed1-628e-4920-9600-32f5ccf780fe-225x300.jpg 225w, https:\/\/www.radiopiu.net\/wordpress\/wp-content\/uploads\/2020\/02\/3f401ed1-628e-4920-9600-32f5ccf780fe.jpg 449w\" sizes=\"auto, (max-width: 225px) 100vw, 225px\" \/><\/a><a class=\"dt-pswp-item\" href=\"https:\/\/www.radiopiu.net\/wordpress\/wp-content\/uploads\/2020\/02\/68daeb95-1539-4769-8d83-7732fa86edd2.jpg\" data-dt-img-description=\"\" data-large_image_width=\"515\" data-large_image_height=\"686\"><img loading=\"lazy\" decoding=\"async\" class=\"alignnone size-medium wp-image-117081\" src=\"https:\/\/www.radiopiu.net\/wordpress\/wp-content\/uploads\/2020\/02\/68daeb95-1539-4769-8d83-7732fa86edd2-225x300.jpg\" alt=\"\" width=\"225\" height=\"300\" srcset=\"https:\/\/www.radiopiu.net\/wordpress\/wp-content\/uploads\/2020\/02\/68daeb95-1539-4769-8d83-7732fa86edd2-225x300.jpg 225w, https:\/\/www.radiopiu.net\/wordpress\/wp-content\/uploads\/2020\/02\/68daeb95-1539-4769-8d83-7732fa86edd2.jpg 515w\" sizes=\"auto, (max-width: 225px) 100vw, 225px\" \/><\/a><a class=\"dt-pswp-item\" href=\"https:\/\/www.radiopiu.net\/wordpress\/wp-content\/uploads\/2020\/02\/a1be9f3e-0e53-4328-b0b8-7c43ce83805a.jpg\" data-dt-img-description=\"\" data-large_image_width=\"1200\" data-large_image_height=\"1600\"><img loading=\"lazy\" decoding=\"async\" class=\"alignnone size-medium wp-image-117079\" src=\"https:\/\/www.radiopiu.net\/wordpress\/wp-content\/uploads\/2020\/02\/a1be9f3e-0e53-4328-b0b8-7c43ce83805a-225x300.jpg\" alt=\"\" width=\"225\" height=\"300\" srcset=\"https:\/\/www.radiopiu.net\/wordpress\/wp-content\/uploads\/2020\/02\/a1be9f3e-0e53-4328-b0b8-7c43ce83805a-225x300.jpg 225w, https:\/\/www.radiopiu.net\/wordpress\/wp-content\/uploads\/2020\/02\/a1be9f3e-0e53-4328-b0b8-7c43ce83805a-768x1024.jpg 768w, https:\/\/www.radiopiu.net\/wordpress\/wp-content\/uploads\/2020\/02\/a1be9f3e-0e53-4328-b0b8-7c43ce83805a-1152x1536.jpg 1152w, https:\/\/www.radiopiu.net\/wordpress\/wp-content\/uploads\/2020\/02\/a1be9f3e-0e53-4328-b0b8-7c43ce83805a.jpg 1200w\" sizes=\"auto, (max-width: 225px) 100vw, 225px\" \/><\/a><\/p>\n<blockquote><p><strong>DAL NOTIZIARIO DEL 23 GENNAIO 2020, PARLA IL SINDACO DEON. IL GIORNO PRIMA DELLA SCADENZA DELL&#8217;ORDINANZA. DA ALLORA SONO PASSATI 18 GIORNI.<\/strong><\/p><\/blockquote>\n<blockquote class=\"wp-embedded-content\" data-secret=\"FkhEPACJvH\"><p><a href=\"https:\/\/www.radiopiu.net\/wordpress\/sep\/\">CADONO I CALCINACCI E LA GIA&#8217; DISSESTATA STRADA COMUNALE RIMANE CHIUSA<\/a><\/p><\/blockquote>\n<p><iframe loading=\"lazy\" title=\"&#8220;CADONO I CALCINACCI E LA GIA&#8217; DISSESTATA STRADA COMUNALE RIMANE CHIUSA&#8221; &#8212; Radio Pi\u00f9\" class=\"wp-embedded-content\" sandbox=\"allow-scripts\" security=\"restricted\" style=\"position: absolute; clip: rect(1px, 1px, 1px, 1px);\" src=\"https:\/\/www.radiopiu.net\/wordpress\/sep\/embed\/#?secret=FkhEPACJvH\" data-secret=\"FkhEPACJvH\" width=\"600\" height=\"338\" frameborder=\"0\" marginwidth=\"0\" marginheight=\"0\" scrolling=\"no\"><\/iframe><\/p>\n<h2><\/h2>\n<p>&nbsp;<\/p>\n<hr \/>\n<h2><\/h2>\n<p>&nbsp;<\/p>\n<blockquote>\n<h2>SCOPERCHIATO IL TETTO DEL VAL GARES, DANNI ANCHE AD ALTRE DUE ABITAZIONI, RINVIATE LE GARE DEGLI STUDENTESCHI IN VALLE DI GARES PER NON METTERE IN PERICOLO GLI ATLETI.<\/h2>\n<\/blockquote>\n<p>&nbsp;<\/p>\n<p><strong><a class=\"dt-pswp-item\" href=\"https:\/\/www.radiopiu.net\/wordpress\/wp-content\/uploads\/2020\/02\/9feb9483-9b7e-4c24-a008-3e8b19d3975d.jpg\" data-dt-img-description=\"\" data-large_image_width=\"1600\" data-large_image_height=\"1200\"><img loading=\"lazy\" decoding=\"async\" class=\"size-medium wp-image-117018 alignleft\" src=\"https:\/\/www.radiopiu.net\/wordpress\/wp-content\/uploads\/2020\/02\/9feb9483-9b7e-4c24-a008-3e8b19d3975d-300x225.jpg\" alt=\"\" width=\"300\" height=\"225\" srcset=\"https:\/\/www.radiopiu.net\/wordpress\/wp-content\/uploads\/2020\/02\/9feb9483-9b7e-4c24-a008-3e8b19d3975d-300x225.jpg 300w, https:\/\/www.radiopiu.net\/wordpress\/wp-content\/uploads\/2020\/02\/9feb9483-9b7e-4c24-a008-3e8b19d3975d-1024x768.jpg 1024w, https:\/\/www.radiopiu.net\/wordpress\/wp-content\/uploads\/2020\/02\/9feb9483-9b7e-4c24-a008-3e8b19d3975d-768x576.jpg 768w, https:\/\/www.radiopiu.net\/wordpress\/wp-content\/uploads\/2020\/02\/9feb9483-9b7e-4c24-a008-3e8b19d3975d-1536x1152.jpg 1536w, https:\/\/www.radiopiu.net\/wordpress\/wp-content\/uploads\/2020\/02\/9feb9483-9b7e-4c24-a008-3e8b19d3975d.jpg 1600w\" sizes=\"auto, (max-width: 300px) 100vw, 300px\" \/><\/a><\/strong><\/p>\n<p><strong>CANALE D&#8217;AGORDO <\/strong>Vento forte da ovest. Verso la Val Gares scoperchiato parte di un tetto dell&#8217;Albergo Val Gares in via Giuseppe Xaiz\u00a0 e danni minori sempre al tetto anche ad altre due abitazioni poco distanti. Ieri mattina alle 9.30 la potente folata di vento che ha scoperchiato l&#8217;Hotel accartocciando le lamiere di mezzo tetto. Il bar era regolarmente aperto mentre nella struttura adibita ad Hotel non c&#8217;erano ospiti come si vede dalle foto tutti gli infissi sono chiusi. Anche per questo non ci sono feriti, ma chi era in paese o abita nelle vicinanze sulla strada per la Valle di Gares ha temuto il peggio come nella notte di Vaia dell&#8217;ottobre 2018. Schianti nel bosco e lamiere svolazzanti per tutto il paese. I boscaioli che stavano invece lavorando nel bosco hanno accantonato gli attrezzi e si sono metti al sicuro perch\u00e9 le piante hanno iniziato ad ondeggiare tra alcuni schianti. &#8220;Sono scappati&#8221; dice il sindaco Flavio Colcergnan <em>&#8220;tutt&#8217;attorno sentivano cadere gli alberi, ora (alle 9.45 ndr.) \u00e8 anche pericoloso girare a piede per il paese tanto \u00e8 il vento&#8221;.<\/em> Al Val Gares si contano i danni, sono tanti, manca mezzo tetto.<em><br \/>\n<\/em><\/p>\n<blockquote><p><em>&#8220;Ne ho vista un staccarsi dal tetto del Val Gares &#8211; racconta Orietta che abita poco lontano &#8211; e l&#8217;ho vista fare il pelo all&#8217;auto di mi figlio. Siamo stati fortunati&#8221;<\/em>.<\/p><\/blockquote>\n<p>Chi abita in zona ha sentito il forte vento e subito si \u00e8 reso conto dei gravi danni al Val Gares. Sul posto Vigili del fuoco volontari (anche da Selva di Cadoer) e permanenti in massa con mezzi e autoscala. Poco pi\u00f9 avanti (vedi diretta facebook) danni anche su un secondo condominio. \u00a0Nella piazzetta di Tancon \u00e8 stato trovato un camino, staccatosi da una casa a causa di una violenta folata.La raffica si \u00e8 infilata anche nel bosco, schiantando le piante rimaste in piedi ma indebolite dalla tempesta Vaia. In quel momento c&#8217;erano alcuni boscaioli al lavoro, che sono scappati sentendo gli alberi cadere attorno a loro, come ha spiegato il sindaco di Canale, Flavio Colcergnan, ai microfoni di Radiopi\u00f9 ieri mattina.\u00abCon Vaia ci siamo salvati, stavolta no\u00bb, raccontano dall&#8217;albergo Val Gares.<em> \u00ab\u00c8 successo tutto in un minuto: c&#8217;\u00e8 stata una folata molto violenta, improvvisa, che ha sollevato le lamiere di met\u00e0 tetto. Abbiamo gi\u00e0 contattato una ditta per posizionare il nylon, poi avvieremo in fretta i lavori per la sistemazione della copertura. Non abbiamo subito danni all&#8217;interno perch\u00e9 il tetto ha una copertura di cemento, quindi siamo regolarmente aperti&#8221;. <\/em>In Valle di Gares ieri mattina erano in programma le gare di sci nordico per gli studenti, ma sono state rinviate a martedi per il pericolo di nuovi schianti, il vento di ieri ha fatto collassare definitivamente altri alberi gi\u00e0 piegati da Vaia.<\/p>\n<p>&nbsp;<\/p>\n<p>&nbsp;<\/p>\n<p>&nbsp;<\/p>\n<hr \/>\n<p>&nbsp;<\/p>\n<p>&nbsp;<\/p>\n<h3>A SOSPIROLO CON IL VENTO DANNI ALLA SCUOLA E A PROPOSITO DELLA PASSERELLA?<\/h3>\n<blockquote><p><strong><a class=\"dt-pswp-item\" href=\"https:\/\/www.radiopiu.net\/wordpress\/wp-content\/uploads\/2020\/02\/83323537_2480026322247893_7156786060674990080_n.jpg\" data-dt-img-description=\"\" data-large_image_width=\"960\" data-large_image_height=\"720\"><img loading=\"lazy\" decoding=\"async\" class=\"wp-image-116528 alignright\" src=\"https:\/\/www.radiopiu.net\/wordpress\/wp-content\/uploads\/2020\/02\/83323537_2480026322247893_7156786060674990080_n-300x225.jpg\" alt=\"\" width=\"162\" height=\"122\" srcset=\"https:\/\/www.radiopiu.net\/wordpress\/wp-content\/uploads\/2020\/02\/83323537_2480026322247893_7156786060674990080_n-300x225.jpg 300w, https:\/\/www.radiopiu.net\/wordpress\/wp-content\/uploads\/2020\/02\/83323537_2480026322247893_7156786060674990080_n-768x576.jpg 768w, https:\/\/www.radiopiu.net\/wordpress\/wp-content\/uploads\/2020\/02\/83323537_2480026322247893_7156786060674990080_n.jpg 960w\" sizes=\"auto, (max-width: 162px) 100vw, 162px\" \/><\/a>SOSPIROLO\u00a0 <\/strong>Mercoledi <strong>I<\/strong>l vento ha sollevato il cupolino della palestra finito sul tetto della scuola devastandolo. Fortunatamente i ragazzi erano andati a casa da un&#8217;ora. Tanti i volontari sul posto. L&#8217;episodio risale a mercoledi scorso ne parliamo con il primo cittadino. E&#8217; l&#8217;occasione anche per parlare della passerella sul Cordevole distrutta da Vaia per la quale mancano le &#8220;carte&#8221; e servono parecchi soldi. Il Comune\u00a0 attende i contributi per <a class=\"dt-pswp-item\" href=\"https:\/\/www.radiopiu.net\/wordpress\/wp-content\/uploads\/2020\/02\/mario.jpg\" data-dt-img-description=\"\" data-large_image_width=\"960\" data-large_image_height=\"540\"><img loading=\"lazy\" decoding=\"async\" class=\"wp-image-117099 alignleft\" src=\"https:\/\/www.radiopiu.net\/wordpress\/wp-content\/uploads\/2020\/02\/mario-300x169.jpg\" alt=\"\" width=\"218\" height=\"123\" srcset=\"https:\/\/www.radiopiu.net\/wordpress\/wp-content\/uploads\/2020\/02\/mario-300x169.jpg 300w, https:\/\/www.radiopiu.net\/wordpress\/wp-content\/uploads\/2020\/02\/mario-768x432.jpg 768w, https:\/\/www.radiopiu.net\/wordpress\/wp-content\/uploads\/2020\/02\/mario.jpg 960w\" sizes=\"auto, (max-width: 218px) 100vw, 218px\" \/><\/a>non indebitare i cittadini, ammette l&#8217;importanza della solidariet\u00e0 dei mesi scorsi per le zone pi\u00f9 colpite ma invita altres\u00ec a non dimenticare che l&#8217;alluvione ha interessato anche il fondovalle.<\/p>\n<h3>IL SINDACO DI SOSPIROLO MARIO DE BON<\/h3>\n<p>&nbsp;<\/p>\n<audio class=\"wp-audio-shortcode\" id=\"audio-117051-1\" preload=\"none\" style=\"width: 100%;\" controls=\"controls\"><source type=\"audio\/mpeg\" src=\"https:\/\/www.radiopiu.net\/wordpress\/wp-content\/uploads\/2020\/02\/SINDACO-SOSPIROLO.mp3?_=1\" \/><a href=\"https:\/\/www.radiopiu.net\/wordpress\/wp-content\/uploads\/2020\/02\/SINDACO-SOSPIROLO.mp3\">https:\/\/www.radiopiu.net\/wordpress\/wp-content\/uploads\/2020\/02\/SINDACO-SOSPIROLO.mp3<\/a><\/audio>\n<p>&nbsp;<\/p>\n<p>&nbsp;<\/p><\/blockquote>\n<p>&nbsp;<\/p>\n<hr \/>\n<p>&nbsp;<\/p>\n<blockquote>\n<h3>I PROBLEMI IN CARCERE A BALDENICH, DOPO LE DENUNCIA LE PRECISAZIONI<\/h3>\n<\/blockquote>\n<p><strong>BELLUNO<\/strong> In merito a quanto denunciato dai Sindacati l&#8217;Ulss1 evidenzia, diversamente da quanto sostenuto, che quanto previsto dalla Delibera di Giunta Regionale del Veneto \u00e8 stato completamente rispettato: \u00c8 stata incrementata l\u2019attivit\u00e0 di assistenza psichiatrica a favore dei pazienti detenuti nella sezione ATSM che \u00e8 passata da 182 ore annue alle attuali 286.<br \/>\nI professionisti psichiatrici sono due, il doppio di prima. E\u2019 stata incrementata l\u2019attivit\u00e0 di assistenza psicologica da 260\u00a0 \u00a0a 312 ore annue. E\u2019 stata incrementata l\u2019attivit\u00e0 infermieristica che \u00e8 passata da 1820\u00a0 a 2912 ore annue. Sono stati aumentati gli accessi da parte dell\u2019educatore per migliorare l\u2019aspetto educativo e socio\/riabilitativo dei pazienti detenuti presso la sezione ATSM da 156 a 260 accessi annui. Oltre alle consuete riunioni d\u2019equipe tra i professionisti sanitari dell\u2019Azienda ULSS 1 Dolomiti, si \u00e8 svolto un incontro\u00a0 presso la Casa Circondariale di Belluno con i responsabili sanitari dell\u2019Azienda ULSS di residenza del detenuto finalizzato sia ad acquisire informazioni aggiuntive per una migliore presa in carico del paziente sia a trovare soluzioni alternative alla sua permanenza presso la Sezione ATSM di Belluno.<\/p>\n<h3><span style=\"color: #ff0000;\">DAL GIORNALE RADIO DI IERI<\/span><\/h3>\n<blockquote class=\"wp-embedded-content\" data-secret=\"s6kX9TBBty\"><p><a href=\"https:\/\/www.radiopiu.net\/wordpress\/detenuto-schizofrenico-ripete-il-salto-sul-tetto-del-carcere\/\">DETENUTO SCHIZOFRENICO RIPETE IL SALTO SUL TETTO DEL CARCERE<\/a><\/p><\/blockquote>\n<p><iframe loading=\"lazy\" title=\"&#8220;DETENUTO SCHIZOFRENICO RIPETE IL SALTO SUL TETTO DEL CARCERE&#8221; &#8212; Radio Pi\u00f9\" class=\"wp-embedded-content\" sandbox=\"allow-scripts\" security=\"restricted\" style=\"position: absolute; clip: rect(1px, 1px, 1px, 1px);\" src=\"https:\/\/www.radiopiu.net\/wordpress\/detenuto-schizofrenico-ripete-il-salto-sul-tetto-del-carcere\/embed\/#?secret=s6kX9TBBty\" data-secret=\"s6kX9TBBty\" width=\"600\" height=\"338\" frameborder=\"0\" marginwidth=\"0\" marginheight=\"0\" scrolling=\"no\"><\/iframe><\/p>\n<p>&nbsp;<\/p>\n<p>&nbsp;<\/p>\n<hr \/>\n<p>&nbsp;<\/p>\n<p>&nbsp;<\/p>\n<blockquote>\n<h2>IL FOTOGRAFO DEI SORRISI CHIEDE L&#8217;INDENNIZZO E LO DONA ALLA SCUOLA ZOLDANA<\/h2>\n<\/blockquote>\n<blockquote><p><strong>VAL DI ZOLDO<\/strong> I bambini della scuola di Forno di Zoldo hanno ricevuto un inaspettato regalo, 500 euro da spendere per le loro attivit\u00e0 scolastiche. Il donatore \u00e8 Luca Zanfron, professione fotografo.<\/p><\/blockquote>\n<p><span style=\"color: #ff0000;\">LA STORIA<\/span><br \/>\n<a class=\"dt-pswp-item\" href=\"https:\/\/www.radiopiu.net\/wordpress\/wp-content\/uploads\/2020\/02\/105bd5de-ebb6-4aba-8cf2-6c869eff82af.jpg\" data-dt-img-description=\"\" data-large_image_width=\"1280\" data-large_image_height=\"853\"><img loading=\"lazy\" decoding=\"async\" class=\" wp-image-117039 alignleft\" src=\"https:\/\/www.radiopiu.net\/wordpress\/wp-content\/uploads\/2020\/02\/105bd5de-ebb6-4aba-8cf2-6c869eff82af-300x200.jpg\" alt=\"\" width=\"245\" height=\"163\" srcset=\"https:\/\/www.radiopiu.net\/wordpress\/wp-content\/uploads\/2020\/02\/105bd5de-ebb6-4aba-8cf2-6c869eff82af-300x200.jpg 300w, https:\/\/www.radiopiu.net\/wordpress\/wp-content\/uploads\/2020\/02\/105bd5de-ebb6-4aba-8cf2-6c869eff82af-1024x682.jpg 1024w, https:\/\/www.radiopiu.net\/wordpress\/wp-content\/uploads\/2020\/02\/105bd5de-ebb6-4aba-8cf2-6c869eff82af-768x512.jpg 768w, https:\/\/www.radiopiu.net\/wordpress\/wp-content\/uploads\/2020\/02\/105bd5de-ebb6-4aba-8cf2-6c869eff82af.jpg 1280w\" sizes=\"auto, (max-width: 245px) 100vw, 245px\" \/><\/a>C&#8217;era una volta&#8230;i bambini di Zoldo che lo scorso novembre dopo il violento nubifragio, pur di arrivare a scuola in mancanza di altri mezzi, si sono messi in marcia e hanno vissuto la singolare avventura di aggirare la frana sopra una passerella sul torrente Ma\u00e8. Immaginate quei giorni con\u00a0 la strada che collega Zoldo Alto con Forno di Zoldo, dove si trova l\u2019istituto comprensivo Dante Alighieri, interrotta anche per i bambini. A superare l&#8217;ostacolo l&#8217;idea dell&#8217;amministrazione del sindaco Camillo De Pellegrin,\u00a0 un \u201cservizio <a class=\"dt-pswp-item\" href=\"https:\/\/www.radiopiu.net\/wordpress\/wp-content\/uploads\/2020\/02\/f6db05e6-9670-4187-897f-de51f627faf3.jpg\" data-dt-img-description=\"\" data-large_image_width=\"1143\" data-large_image_height=\"1600\"><img loading=\"lazy\" decoding=\"async\" class=\"size-medium wp-image-117041 alignright\" src=\"https:\/\/www.radiopiu.net\/wordpress\/wp-content\/uploads\/2020\/02\/f6db05e6-9670-4187-897f-de51f627faf3-214x300.jpg\" alt=\"\" width=\"214\" height=\"300\" srcset=\"https:\/\/www.radiopiu.net\/wordpress\/wp-content\/uploads\/2020\/02\/f6db05e6-9670-4187-897f-de51f627faf3-214x300.jpg 214w, https:\/\/www.radiopiu.net\/wordpress\/wp-content\/uploads\/2020\/02\/f6db05e6-9670-4187-897f-de51f627faf3-732x1024.jpg 732w, https:\/\/www.radiopiu.net\/wordpress\/wp-content\/uploads\/2020\/02\/f6db05e6-9670-4187-897f-de51f627faf3-768x1075.jpg 768w, https:\/\/www.radiopiu.net\/wordpress\/wp-content\/uploads\/2020\/02\/f6db05e6-9670-4187-897f-de51f627faf3-1097x1536.jpg 1097w, https:\/\/www.radiopiu.net\/wordpress\/wp-content\/uploads\/2020\/02\/f6db05e6-9670-4187-897f-de51f627faf3.jpg 1143w\" sizes=\"auto, (max-width: 214px) 100vw, 214px\" \/><\/a>speciale\u201d che guardando il volto dei bambini si \u00e8 trasformato in un gioco a cielo aperto. Quei volti sono stati infatti\u00a0 immortalati, sorrisi compresi,\u00a0 da Luca Zanfron il fotografo reso ancora pi\u00f9 famoso dal film &#8220;La Val che Urla&#8221; dove \u00e8 attore protagonista, ancora pi\u00f9 famoso perch\u00e9 il grande schermo gi\u00e0 lo aveva inaugurato ai tempi del film sul Vajont nei panni dell&#8217;indimenticato pap\u00e0 Bepi.<\/p>\n<p><span style=\"color: #ff0000;\">IL MANCATO\u00a0 RICONOSCIMENTO<\/span><br \/>\nQuella foto ha fatto il giro dei social,\u00a0 dalla pagina del fotografo bellunese al resto del mondo, fino alla scrivania di un&#8217;importante televisione nazionale e quindi inserita nella copertina del telegiornale di prima serata. Dell&#8217;autore dello scatto nemmeno la citazione. Per questo Luca l&#8217;ha presa male. Chi non difende la propria passione e il proprio lavoro? Per questo ha chiesto spiegazioni alla redazione televisiva, confortato dalle leggi sul diritto d&#8217;autore. Il fotografo ha chiesto il giusto indennizzo per la non citazione e utilizzo dell&#8217;immagine, totale 500 euro che ha donato all&#8217;Istituto Comprensivo Dante Alighieri di Zoldo, direttamente nelle mani del dirigente Paolo Rigo, la persona ideale poich\u00e9 responsabile della gestione delle risorse finanziarie e strumentali del comprensivo.<\/p>\n<blockquote><p><strong>Luca Zanfron, ai microfoni di RADIO PIU&#8217; dal giornale radio Edizione Principale<\/strong><\/p><\/blockquote>\n<audio class=\"wp-audio-shortcode\" id=\"audio-117051-2\" preload=\"none\" style=\"width: 100%;\" controls=\"controls\"><source type=\"audio\/mpeg\" src=\"https:\/\/www.radiopiu.net\/wordpress\/wp-content\/uploads\/2020\/02\/ZANFRON.mp3?_=2\" \/><a href=\"https:\/\/www.radiopiu.net\/wordpress\/wp-content\/uploads\/2020\/02\/ZANFRON.mp3\">https:\/\/www.radiopiu.net\/wordpress\/wp-content\/uploads\/2020\/02\/ZANFRON.mp3<\/a><\/audio>\n<p>&nbsp;<\/p>\n<p>&nbsp;<\/p>\n<hr \/>\n<p>&nbsp;<\/p>\n<p>&nbsp;<\/p>\n<blockquote>\n<h3>CONVEGNO A MESTRE SULLE NUOVE ROTTE ECONOMICHE GLOBALI<\/h3>\n<\/blockquote>\n<p><strong>BELLUNO<\/strong> Un passaggio diretto, un valico, tra il Veneto e l\u2019Austria che colleghi l\u2019autostrada A27 (che oggi si ferma poco dopo Belluno) con la rete autostradale che percorre l\u2019Europa Centro Orientale. L\u2019idea non \u00e8 nuova, anzi, c\u2019\u00e8 un progetto vecchio di trent\u2019anni che per\u00f2 \u00e8 rimasto nei cassetti a seguito di numerosi veti. Ora questa idea torna di grande attualit\u00e0, anche a seguito della fame di infrastrutture connettive che caratterizza l\u2019economia regionale, cresciuta grazie all\u2019export e al turismo, settori dove le comunicazioni sono strategiche per la competitivit\u00e0. Su queste considerazioni si sviluppa il convegno \u201cIl Veneto nelle nuove rotte economiche globali. Porto di Venezia e autostrada A27\u201d, organizzato da Cisl Veneto e Unioncamere Veneto, in programma per venerd\u00ec 14 febbraio all\u2019Hotel NH Laguna Palace di Mestre. I lavori saranno introdotti <a class=\"dt-pswp-item\" href=\"https:\/\/www.radiopiu.net\/wordpress\/wp-content\/uploads\/2019\/10\/ROFFARE.jpg\" data-dt-img-description=\"\" data-large_image_width=\"225\" data-large_image_height=\"225\"><img loading=\"lazy\" decoding=\"async\" class=\" wp-image-101754 alignright\" src=\"https:\/\/www.radiopiu.net\/wordpress\/wp-content\/uploads\/2019\/10\/ROFFARE.jpg\" alt=\"\" width=\"104\" height=\"104\" srcset=\"https:\/\/www.radiopiu.net\/wordpress\/wp-content\/uploads\/2019\/10\/ROFFARE.jpg 225w, https:\/\/www.radiopiu.net\/wordpress\/wp-content\/uploads\/2019\/10\/ROFFARE-150x150.jpg 150w\" sizes=\"auto, (max-width: 104px) 100vw, 104px\" \/><\/a>dal Segretario generale della Cisl Veneto, Gianfranco Refosco e dal Presidente di Unioncamere Veneto, Mario Pozza.<\/p>\n<p><strong>AI MICROFONI DI RADIO PIU IL SEGRETARIO AGGIUNTO DELLA CISL BELLUNO_TREVISO, RUDY ROFFARE&#8217;<\/strong><\/p>\n<audio class=\"wp-audio-shortcode\" id=\"audio-117051-3\" preload=\"none\" style=\"width: 100%;\" controls=\"controls\"><source type=\"audio\/mpeg\" src=\"https:\/\/www.radiopiu.net\/wordpress\/wp-content\/uploads\/2020\/02\/roffare-1.mp3?_=3\" \/><a href=\"https:\/\/www.radiopiu.net\/wordpress\/wp-content\/uploads\/2020\/02\/roffare-1.mp3\">https:\/\/www.radiopiu.net\/wordpress\/wp-content\/uploads\/2020\/02\/roffare-1.mp3<\/a><\/audio>\n<p>&nbsp;<\/p>\n<p>A Mestre\u00a0 interverranno Iolanda Conte di Uniontrasporti; il presidente dell\u2019Autorit\u00e0 di Sistema Portuale del Mare Adriatico Settentrionale Pino Musolino, il rappresentante del Veneto in EUSALP \u2013 mobilit\u00e0 Giovanni Campeol\u00a0 e il deputato al Parlamento austriaco Christian Ragger. Seguir\u00e0 la tavola rotonda \u201cUna porta a nord per il Veneto\u201d con la partecipazione dell\u2019assessore regionale alle Infrastrutture e trasporti, Elisa De Berti, l\u2019assessore del Comune di Venezia allo Sviluppo economico del territorio \u2013 Infrastrutture, Simone Venturini, il sindaco di Treviso, Mario Conte e il presidente della Provincia di Belluno, Roberto Padrin. Concluder\u00e0 i lavori il segretario della Cisl Nazionale Andrea Cuccello.<\/p>\n<p>&nbsp;<\/p>\n<p>&nbsp;<\/p>\n<p>&nbsp;<\/p>\n<p>&nbsp;<\/p>\n<hr \/>\n<blockquote>\n<h3><\/h3>\n<h3>GIU&#8217; LE MANI DALLA NOSTRA TERRA: NO A NUOVI IMPIANTI. L&#8217;INCONTRO<\/h3>\n<\/blockquote>\n<p><a class=\"dt-pswp-item\" href=\"https:\/\/www.radiopiu.net\/wordpress\/wp-content\/uploads\/2020\/02\/10f8968b-b34d-4c83-9331-a31ab9604cff.jpg\" data-dt-img-description=\"\" data-large_image_width=\"1600\" data-large_image_height=\"757\"><img loading=\"lazy\" decoding=\"async\" class=\" wp-image-117066 alignleft\" src=\"https:\/\/www.radiopiu.net\/wordpress\/wp-content\/uploads\/2020\/02\/10f8968b-b34d-4c83-9331-a31ab9604cff-300x142.jpg\" alt=\"\" width=\"230\" height=\"109\" srcset=\"https:\/\/www.radiopiu.net\/wordpress\/wp-content\/uploads\/2020\/02\/10f8968b-b34d-4c83-9331-a31ab9604cff-300x142.jpg 300w, https:\/\/www.radiopiu.net\/wordpress\/wp-content\/uploads\/2020\/02\/10f8968b-b34d-4c83-9331-a31ab9604cff-1024x484.jpg 1024w, https:\/\/www.radiopiu.net\/wordpress\/wp-content\/uploads\/2020\/02\/10f8968b-b34d-4c83-9331-a31ab9604cff-768x363.jpg 768w, https:\/\/www.radiopiu.net\/wordpress\/wp-content\/uploads\/2020\/02\/10f8968b-b34d-4c83-9331-a31ab9604cff-1536x727.jpg 1536w, https:\/\/www.radiopiu.net\/wordpress\/wp-content\/uploads\/2020\/02\/10f8968b-b34d-4c83-9331-a31ab9604cff.jpg 1600w\" sizes=\"auto, (max-width: 230px) 100vw, 230px\" \/><\/a><strong>LIVINALLONGO<\/strong> Martedi alle 20.30 al Taulac di Pieve di Livinallongo il primo incontro di una preannunciata &#8220;battaglia&#8221; che non mancher\u00e0 di richiamare l&#8217;interesse non solo della gente del luogo. Primo obiettivo la creazione di un comitato per il No.<\/p>\n<p><strong>L&#8217;INVITO ALLA RADIO<\/strong><\/p>\n<audio class=\"wp-audio-shortcode\" id=\"audio-117051-4\" preload=\"none\" style=\"width: 100%;\" controls=\"controls\"><source type=\"audio\/mpeg\" src=\"https:\/\/www.radiopiu.net\/wordpress\/wp-content\/uploads\/2020\/02\/SPOT_comitato-1.mp3?_=4\" \/><a href=\"https:\/\/www.radiopiu.net\/wordpress\/wp-content\/uploads\/2020\/02\/SPOT_comitato-1.mp3\">https:\/\/www.radiopiu.net\/wordpress\/wp-content\/uploads\/2020\/02\/SPOT_comitato-1.mp3<\/a><\/audio>\n<p>&nbsp;<\/p>\n<p>&nbsp;<\/p>\n<p>&nbsp;<\/p>\n<hr \/>\n<p>&nbsp;<\/p>\n<p>&nbsp;<\/p>\n<p>&nbsp;<\/p>\n<blockquote>\n<h3><em>GESTIONE DELLE GARE A VICENZA \u2013 LAVORIAMO PER VALORIZZARE LE COMPETENZE LOCALI<\/em><\/h3>\n<\/blockquote>\n<p><strong>BELLUNO<\/strong>\u00a0 \u00ab<em>Se non sono i bellunesi a difendere il proprio territorio e le proprie maestranze non possiamo aspettarci che altri lo facciano per noi\u00bb.<\/em> Lo dice il Presidente della Sezione Costruttori Edili di Confindustria Belluno Dolomiti, Antonio Olivotto in\u00a0 riferimento \u00e8 alla decisione del Comune di Belluno di delegare alla Provincia di Vicenza il ruolo di stazione appaltante per tutte le gare di lavori, servizi e forniture di competenza del nostro comune.<em> &#8220;Non sappiamo se la scelta locale sia stata focalizzata in un\u2019ottica di risparmio delle risorse; Ma se cos\u00ec fosse, quanti soldi perderanno le nostre imprese e di conseguenza il territorio in generale? Si tratta delle legittime aspettative di chi paga i servizi locali e le tasse comunali al di l\u00e0 di ogni considerazione tecnica o politica&#8221;. <\/em>Non ultimo, infine, il timore del presidente degli edili per una rincorsa ad aggiudicarsi gare con sconti \u2013 a fronte del prevalente uso del massimo ribasso \u2013 materialmente insostenibili per chi non conosce il territorio, con risultati penalizzanti per imprese e committenti. Situazioni gi\u00e0 viste nel recente passato. <em>&#8220;Anche la recente assemblea di Confindustria &#8211; conclude Olivotto &#8211;\u00a0 e l\u2019inaugurazione della sede della Luiss a Belluno hanno dimostrato che fare squadra \u00e8 vincente. La proposta allora, se della provincia di Vicenza non si pu\u00f2 fare a meno, \u00e8 quella di imporre l\u2019utilizzo, l\u2019uso dell\u2019albo degli operatori locali. Nel pieno rispetto delle norme l\u2019obiettivo non \u00e8 quello di escludere nessuno, ma proprio per questo i primi a non essere esclusi non possono essere le imprese che qui operano e risiedono&#8221;.<\/em><\/p>\n<p>&nbsp;<\/p>\n<p>&nbsp;<\/p>\n<hr \/>\n<p>&nbsp;<\/p>\n<p>&nbsp;<\/p>\n<blockquote>\n<h3>NUOVO MEZZO PER IL SOCCORSO ALPINO DI ROCCA PIETORE<\/h3>\n<\/blockquote>\n<p><strong>ROCCA PIETORE<\/strong> Nuovo mezzo del Soccorso Alpino,\u00a0 per raggiungere le frazioni e i sentieri pi\u00f9 lontani. In caso di soccorso utilissimo. E&#8217; stato acquistato\u00a0 con il contributo delle donazioni post Vaia. Il vecchio quad \u00e8 stato semidistrutto dal lavoro nei giorni del post alluvione.<\/p>\n<p><strong>IL SINDACO ANDREA DE BERNARDIN<\/strong><\/p>\n<audio class=\"wp-audio-shortcode\" id=\"audio-117051-5\" preload=\"none\" style=\"width: 100%;\" controls=\"controls\"><source type=\"audio\/mpeg\" src=\"https:\/\/www.radiopiu.net\/wordpress\/wp-content\/uploads\/2020\/02\/ANDREA-QUAD.mp3?_=5\" \/><a href=\"https:\/\/www.radiopiu.net\/wordpress\/wp-content\/uploads\/2020\/02\/ANDREA-QUAD.mp3\">https:\/\/www.radiopiu.net\/wordpress\/wp-content\/uploads\/2020\/02\/ANDREA-QUAD.mp3<\/a><\/audio>\n<p>&nbsp;<\/p>\n<p><strong>IMMANCABILE IL GRAZIE DEL SINDACO A NOME DELLA COMUNITA&#8217;\u00a0<\/strong><\/p>\n<audio class=\"wp-audio-shortcode\" id=\"audio-117051-6\" preload=\"none\" style=\"width: 100%;\" controls=\"controls\"><source type=\"audio\/mpeg\" src=\"https:\/\/www.radiopiu.net\/wordpress\/wp-content\/uploads\/2020\/02\/ANDREA-GRAZI.mp3?_=6\" \/><a href=\"https:\/\/www.radiopiu.net\/wordpress\/wp-content\/uploads\/2020\/02\/ANDREA-GRAZI.mp3\">https:\/\/www.radiopiu.net\/wordpress\/wp-content\/uploads\/2020\/02\/ANDREA-GRAZI.mp3<\/a><\/audio>\n<p>&nbsp;<\/p>\n<p><a class=\"dt-pswp-item\" href=\"https:\/\/www.radiopiu.net\/wordpress\/wp-content\/uploads\/2020\/02\/d8151f5a-7f06-467d-b2fc-31d8f3b9b465.jpg\" data-dt-img-description=\"\" data-large_image_width=\"1599\" data-large_image_height=\"1200\"><img loading=\"lazy\" decoding=\"async\" class=\"alignnone size-medium wp-image-117118\" src=\"https:\/\/www.radiopiu.net\/wordpress\/wp-content\/uploads\/2020\/02\/d8151f5a-7f06-467d-b2fc-31d8f3b9b465-300x225.jpg\" alt=\"\" width=\"300\" height=\"225\" srcset=\"https:\/\/www.radiopiu.net\/wordpress\/wp-content\/uploads\/2020\/02\/d8151f5a-7f06-467d-b2fc-31d8f3b9b465-300x225.jpg 300w, https:\/\/www.radiopiu.net\/wordpress\/wp-content\/uploads\/2020\/02\/d8151f5a-7f06-467d-b2fc-31d8f3b9b465-1024x768.jpg 1024w, https:\/\/www.radiopiu.net\/wordpress\/wp-content\/uploads\/2020\/02\/d8151f5a-7f06-467d-b2fc-31d8f3b9b465-768x576.jpg 768w, https:\/\/www.radiopiu.net\/wordpress\/wp-content\/uploads\/2020\/02\/d8151f5a-7f06-467d-b2fc-31d8f3b9b465-1536x1153.jpg 1536w, https:\/\/www.radiopiu.net\/wordpress\/wp-content\/uploads\/2020\/02\/d8151f5a-7f06-467d-b2fc-31d8f3b9b465.jpg 1599w\" sizes=\"auto, (max-width: 300px) 100vw, 300px\" \/><\/a><a class=\"dt-pswp-item\" href=\"https:\/\/www.radiopiu.net\/wordpress\/wp-content\/uploads\/2020\/02\/09349f3c-b53d-42c5-b070-3ae31cf3ad7c.jpg\" data-dt-img-description=\"\" data-large_image_width=\"1599\" data-large_image_height=\"1200\"><img loading=\"lazy\" decoding=\"async\" class=\"alignnone size-medium wp-image-117119\" src=\"https:\/\/www.radiopiu.net\/wordpress\/wp-content\/uploads\/2020\/02\/09349f3c-b53d-42c5-b070-3ae31cf3ad7c-300x225.jpg\" alt=\"\" width=\"300\" height=\"225\" srcset=\"https:\/\/www.radiopiu.net\/wordpress\/wp-content\/uploads\/2020\/02\/09349f3c-b53d-42c5-b070-3ae31cf3ad7c-300x225.jpg 300w, https:\/\/www.radiopiu.net\/wordpress\/wp-content\/uploads\/2020\/02\/09349f3c-b53d-42c5-b070-3ae31cf3ad7c-1024x768.jpg 1024w, https:\/\/www.radiopiu.net\/wordpress\/wp-content\/uploads\/2020\/02\/09349f3c-b53d-42c5-b070-3ae31cf3ad7c-768x576.jpg 768w, https:\/\/www.radiopiu.net\/wordpress\/wp-content\/uploads\/2020\/02\/09349f3c-b53d-42c5-b070-3ae31cf3ad7c-1536x1153.jpg 1536w, https:\/\/www.radiopiu.net\/wordpress\/wp-content\/uploads\/2020\/02\/09349f3c-b53d-42c5-b070-3ae31cf3ad7c.jpg 1599w\" sizes=\"auto, (max-width: 300px) 100vw, 300px\" \/><\/a><a class=\"dt-pswp-item\" href=\"https:\/\/www.radiopiu.net\/wordpress\/wp-content\/uploads\/2020\/02\/b09cc810-1b34-4fdf-89f7-5bb1cc474c18.jpg\" data-dt-img-description=\"\" data-large_image_width=\"1599\" data-large_image_height=\"1200\"><img loading=\"lazy\" decoding=\"async\" class=\"alignnone size-medium wp-image-117120\" src=\"https:\/\/www.radiopiu.net\/wordpress\/wp-content\/uploads\/2020\/02\/b09cc810-1b34-4fdf-89f7-5bb1cc474c18-300x225.jpg\" alt=\"\" width=\"300\" height=\"225\" srcset=\"https:\/\/www.radiopiu.net\/wordpress\/wp-content\/uploads\/2020\/02\/b09cc810-1b34-4fdf-89f7-5bb1cc474c18-300x225.jpg 300w, https:\/\/www.radiopiu.net\/wordpress\/wp-content\/uploads\/2020\/02\/b09cc810-1b34-4fdf-89f7-5bb1cc474c18-1024x768.jpg 1024w, https:\/\/www.radiopiu.net\/wordpress\/wp-content\/uploads\/2020\/02\/b09cc810-1b34-4fdf-89f7-5bb1cc474c18-768x576.jpg 768w, https:\/\/www.radiopiu.net\/wordpress\/wp-content\/uploads\/2020\/02\/b09cc810-1b34-4fdf-89f7-5bb1cc474c18-1536x1153.jpg 1536w, https:\/\/www.radiopiu.net\/wordpress\/wp-content\/uploads\/2020\/02\/b09cc810-1b34-4fdf-89f7-5bb1cc474c18.jpg 1599w\" sizes=\"auto, (max-width: 300px) 100vw, 300px\" \/><\/a><\/p>\n<p>&nbsp;<\/p>\n<p>&nbsp;<\/p>\n<hr \/>\n<blockquote>\n<h3><\/h3>\n<h3><\/h3>\n<h3>ESSERE UMANO E CITTADINO. IL DIBATTITO A CIRVOI<\/h3>\n<\/blockquote>\n<p><strong><a class=\"dt-pswp-item\" href=\"https:\/\/www.radiopiu.net\/wordpress\/wp-content\/uploads\/2020\/02\/locandina_diritti.jpeg\" data-dt-img-description=\"\" data-large_image_width=\"1600\" data-large_image_height=\"1131\"><img loading=\"lazy\" decoding=\"async\" class=\"wp-image-117059 alignleft\" src=\"https:\/\/www.radiopiu.net\/wordpress\/wp-content\/uploads\/2020\/02\/locandina_diritti-300x212.jpeg\" alt=\"\" width=\"201\" height=\"142\" srcset=\"https:\/\/www.radiopiu.net\/wordpress\/wp-content\/uploads\/2020\/02\/locandina_diritti-300x212.jpeg 300w, https:\/\/www.radiopiu.net\/wordpress\/wp-content\/uploads\/2020\/02\/locandina_diritti-1024x724.jpeg 1024w, https:\/\/www.radiopiu.net\/wordpress\/wp-content\/uploads\/2020\/02\/locandina_diritti-768x543.jpeg 768w, https:\/\/www.radiopiu.net\/wordpress\/wp-content\/uploads\/2020\/02\/locandina_diritti-1536x1086.jpeg 1536w, https:\/\/www.radiopiu.net\/wordpress\/wp-content\/uploads\/2020\/02\/locandina_diritti.jpeg 1600w\" sizes=\"auto, (max-width: 201px) 100vw, 201px\" \/><\/a>BELLUNO<\/strong> Vivaio Dolomiti organizza un confronto in punta di diritto fra Massimo Affro, individuo e soggetto di diritto internazionale, e Daniele Trabucco, associato di diritto costituzionale e comparato presso la Libera Accademia degli studi di Bellinzona. L\u2019appuntamento \u00e8 per venerd\u00ec\u00a0 alle 20.45 nella sala della cooperativa di Cirvoi. L\u2019obiettivo della serata sar\u00e0 affrontare il tema dei diritti a 360 gradi, ascoltando l\u2019esperienza di una persona che ha scelto di dimettersi da cittadino di uno Stato e di vivere senza lacci, obblighi. Di diventare libero, o meglio soggetto di diritto internazionale. Durante la serata, i cittadini saranno invitati a riflettere sul vero ruolo dell&#8217;essere umano nella societ\u00e0 moderna. La serata \u00e8 ad ingresso libero.<\/p>\n<p>&nbsp;<\/p>\n<hr \/>\n<p>&nbsp;<\/p>\n<p>&nbsp;<\/p>\n<blockquote>\n<h3>LE BORSE DI STUDIO DELL&#8217;UNIONE MONTANA AGORDINA<\/h3>\n<\/blockquote>\n<p><strong><a class=\"dt-pswp-item\" href=\"https:\/\/www.radiopiu.net\/wordpress\/wp-content\/uploads\/2017\/01\/borse_di_studio.jpg\" data-dt-img-description=\"\" data-large_image_width=\"640\" data-large_image_height=\"166\"><img loading=\"lazy\" decoding=\"async\" class=\"size-medium wp-image-27203 alignleft\" src=\"https:\/\/www.radiopiu.net\/wordpress\/wp-content\/uploads\/2017\/01\/borse_di_studio-300x78.jpg\" alt=\"\" width=\"300\" height=\"78\" \/><\/a>AGORDO<\/strong> L\u2019Unione Montana Agordina, intende promuovere ed incentivare i giovani agordini che desiderano intraprendere gli studi per la professione infermieristica o li stiano portando avanti con profitto. Per questo istituisce: tre borse di studio a favore degli studenti che siano iscritti, nell&#8217;anno accademico 2019-2020, al primo anno del Corso di Laurea in Infermieristica; tre premi di incentivazione a favore di studenti iscritti, nell&#8217;anno accademico 2019-2020, al secondo o terzo anno del Corso di Laurea in Infermieristica. Possono richiedere l&#8217;assegnazione della borsa di studio o del premio di incentivazione gli studenti che siano residenti in uno dei Comuni dell&#8217;Agordino.L&#8217;importo della borsa di studio \u00e8 fissato in 775 euro, mentre quello del premio di incentivazione \u00e8 fissato in\u00a0 260. La domanda per l&#8217;assegnazione deve essere predisposta su apposito stampato disponibile presso gli uffici e scaricabile dal sito internet www.agordino.bl.it e presentata direttamente alla sede dell\u2019Unione Montana, oppure a mezzo posta raccomandata inviandola all\u2019Unione Montana Agordina entro il 27 marzo.<\/p>\n<p>&nbsp;<\/p>\n<p>&nbsp;<\/p>\n<hr \/>\n<p>&nbsp;<\/p>\n<p>&nbsp;<\/p>\n<h2><span style=\"color: #ff0000;\">DILLO A RADIO PIU<\/span><\/h2>\n<p><strong>A PROPOSITO DEI FONDI DI CONFINE SPESI IN VALLE DI SAN LUCANO<\/strong><\/p>\n<p><strong><a class=\"dt-pswp-item\" href=\"https:\/\/www.radiopiu.net\/wordpress\/wp-content\/uploads\/2020\/02\/2e93bb66-ba87-41a9-99a6-7a4dada4b587.jpg\" data-dt-img-description=\"\" data-large_image_width=\"1600\" data-large_image_height=\"1200\"><img loading=\"lazy\" decoding=\"async\" class=\"wp-image-117102 alignleft\" src=\"https:\/\/www.radiopiu.net\/wordpress\/wp-content\/uploads\/2020\/02\/2e93bb66-ba87-41a9-99a6-7a4dada4b587-300x225.jpg\" alt=\"\" width=\"165\" height=\"124\" srcset=\"https:\/\/www.radiopiu.net\/wordpress\/wp-content\/uploads\/2020\/02\/2e93bb66-ba87-41a9-99a6-7a4dada4b587-300x225.jpg 300w, https:\/\/www.radiopiu.net\/wordpress\/wp-content\/uploads\/2020\/02\/2e93bb66-ba87-41a9-99a6-7a4dada4b587-1024x768.jpg 1024w, https:\/\/www.radiopiu.net\/wordpress\/wp-content\/uploads\/2020\/02\/2e93bb66-ba87-41a9-99a6-7a4dada4b587-768x576.jpg 768w, https:\/\/www.radiopiu.net\/wordpress\/wp-content\/uploads\/2020\/02\/2e93bb66-ba87-41a9-99a6-7a4dada4b587-1536x1152.jpg 1536w, https:\/\/www.radiopiu.net\/wordpress\/wp-content\/uploads\/2020\/02\/2e93bb66-ba87-41a9-99a6-7a4dada4b587.jpg 1600w\" sizes=\"auto, (max-width: 165px) 100vw, 165px\" \/><\/a>TAIBON<\/strong> Maurizio Reberschak era gi\u00e0 intervenuto in merito alla costruzione dell&#8217;Arena alle Peschiere in Valle di San Lucano. Dopo le ultime edificazioni (Arena e struttura annessa) il professore ritorna sull&#8217;argomento con questa lettera che volentieri pubblichiamo.<\/p>\n<blockquote><p><em>Finalmente al laghetto delle Peschiere \u00e8 stato costruito il pisciatoio per i i ciclisti sotto l&#8217;auditorium: \u00e8 stato coperta una lacuna fondamentale per la valorizzazione dell&#8217;Agordino. Finalmente un&#8217;opera per il popolo: musica e pisciata sulla ex morena ora spianata di 10.000 anni fa. Una bella colata di cemento risana le bizze della natura che non ha mai pensato ai ciclisti e agli amministratori illuminati. E le risorgive acquitrinose potranno essere sostituite dalla fragranza inebriante del piscio ciclistico e dalla musica di qualche epigono in trentaduesimo di Toscanini.<\/em><\/p><\/blockquote>\n<p><strong><a class=\"dt-pswp-item\" href=\"https:\/\/www.radiopiu.net\/wordpress\/wp-content\/uploads\/2020\/02\/539a8948-2592-4172-bac9-05da2b2b4836.jpg\" data-dt-img-description=\"\" data-large_image_width=\"1600\" data-large_image_height=\"1200\"><img loading=\"lazy\" decoding=\"async\" class=\"wp-image-117104 alignleft\" src=\"https:\/\/www.radiopiu.net\/wordpress\/wp-content\/uploads\/2020\/02\/539a8948-2592-4172-bac9-05da2b2b4836-300x225.jpg\" alt=\"\" width=\"155\" height=\"116\" srcset=\"https:\/\/www.radiopiu.net\/wordpress\/wp-content\/uploads\/2020\/02\/539a8948-2592-4172-bac9-05da2b2b4836-300x225.jpg 300w, https:\/\/www.radiopiu.net\/wordpress\/wp-content\/uploads\/2020\/02\/539a8948-2592-4172-bac9-05da2b2b4836-1024x768.jpg 1024w, https:\/\/www.radiopiu.net\/wordpress\/wp-content\/uploads\/2020\/02\/539a8948-2592-4172-bac9-05da2b2b4836-768x576.jpg 768w, https:\/\/www.radiopiu.net\/wordpress\/wp-content\/uploads\/2020\/02\/539a8948-2592-4172-bac9-05da2b2b4836-1536x1152.jpg 1536w, https:\/\/www.radiopiu.net\/wordpress\/wp-content\/uploads\/2020\/02\/539a8948-2592-4172-bac9-05da2b2b4836.jpg 1600w\" sizes=\"auto, (max-width: 155px) 100vw, 155px\" \/><\/a>LA DENUNCIA DI Reberschak<\/strong><\/p>\n<p>La sponda fatta col materiale di risulta che ha cancellato la morena glaciale (sotto la quale spuntavano le risorgive) per realizzare le due spianate, una per l&#8217;auditorium, l&#8217;altra per la costruzione dei servizi (e parcheggio?)<\/p>\n<p>&nbsp;<\/p>\n<p><strong><a class=\"dt-pswp-item\" href=\"https:\/\/www.radiopiu.net\/wordpress\/wp-content\/uploads\/2020\/02\/a5833f80-b88b-424b-8893-ce5a68dd0fcc.jpg\" data-dt-img-description=\"\" data-large_image_width=\"1600\" data-large_image_height=\"1200\"><img loading=\"lazy\" decoding=\"async\" class=\"wp-image-117105 alignleft\" src=\"https:\/\/www.radiopiu.net\/wordpress\/wp-content\/uploads\/2020\/02\/a5833f80-b88b-424b-8893-ce5a68dd0fcc-300x225.jpg\" alt=\"\" width=\"151\" height=\"113\" srcset=\"https:\/\/www.radiopiu.net\/wordpress\/wp-content\/uploads\/2020\/02\/a5833f80-b88b-424b-8893-ce5a68dd0fcc-300x225.jpg 300w, https:\/\/www.radiopiu.net\/wordpress\/wp-content\/uploads\/2020\/02\/a5833f80-b88b-424b-8893-ce5a68dd0fcc-1024x768.jpg 1024w, https:\/\/www.radiopiu.net\/wordpress\/wp-content\/uploads\/2020\/02\/a5833f80-b88b-424b-8893-ce5a68dd0fcc-768x576.jpg 768w, https:\/\/www.radiopiu.net\/wordpress\/wp-content\/uploads\/2020\/02\/a5833f80-b88b-424b-8893-ce5a68dd0fcc-1536x1152.jpg 1536w, https:\/\/www.radiopiu.net\/wordpress\/wp-content\/uploads\/2020\/02\/a5833f80-b88b-424b-8893-ce5a68dd0fcc.jpg 1600w\" sizes=\"auto, (max-width: 151px) 100vw, 151px\" \/><\/a><\/strong><\/p>\n<p>&nbsp;<\/p>\n<p><strong>LA CURIOSITA&#8217; DI Reberschak<\/strong><\/p>\n<p>Un fenomeno naturale residuo dell&#8217;alluvione di Vaia: una spiaggetta di sabbia depositata al bordo del Tegnas sul versante del laghetto delle Peschiere.<\/p>\n<p>&nbsp;<\/p>\n<p>&nbsp;<\/p>\n<p>&nbsp;<\/p>\n<hr \/>\n<p>&nbsp;<\/p>\n<p>&nbsp;<\/p>\n<p>&nbsp;<\/p>\n<blockquote>\n<h2>UN DIVERSO APPROCCIO AI PROBLEMI QUOTIDIANI CON LO SPORTELLO FILOSOFICO<\/h2>\n<\/blockquote>\n<p><strong><a class=\"dt-pswp-item\" href=\"https:\/\/www.radiopiu.net\/wordpress\/wp-content\/uploads\/2020\/02\/chiesa-sedico.jpg\" data-dt-img-description=\"\" data-large_image_width=\"768\" data-large_image_height=\"407\"><img loading=\"lazy\" decoding=\"async\" class=\"size-medium wp-image-117148 alignleft\" src=\"https:\/\/www.radiopiu.net\/wordpress\/wp-content\/uploads\/2020\/02\/chiesa-sedico-300x159.jpg\" alt=\"\" width=\"300\" height=\"159\" srcset=\"https:\/\/www.radiopiu.net\/wordpress\/wp-content\/uploads\/2020\/02\/chiesa-sedico-300x159.jpg 300w, https:\/\/www.radiopiu.net\/wordpress\/wp-content\/uploads\/2020\/02\/chiesa-sedico.jpg 768w\" sizes=\"auto, (max-width: 300px) 100vw, 300px\" \/><\/a><\/strong><\/p>\n<p>&nbsp;<\/p>\n<p>&nbsp;<\/p>\n<p>&nbsp;<\/p>\n<p><strong>SEDICO<\/strong><\/p>\n<p><strong>DAMIANO TORMEN<\/strong><\/p>\n<audio class=\"wp-audio-shortcode\" id=\"audio-117051-7\" preload=\"none\" style=\"width: 100%;\" controls=\"controls\"><source type=\"audio\/mpeg\" src=\"https:\/\/www.radiopiu.net\/wordpress\/wp-content\/uploads\/2020\/02\/damiano-2.mp3?_=7\" \/><a href=\"https:\/\/www.radiopiu.net\/wordpress\/wp-content\/uploads\/2020\/02\/damiano-2.mp3\">https:\/\/www.radiopiu.net\/wordpress\/wp-content\/uploads\/2020\/02\/damiano-2.mp3<\/a><\/audio>\n<p>&nbsp;<\/p>\n<p>&nbsp;<\/p>\n<hr \/>\n<blockquote>\n<h3><\/h3>\n<h3><\/h3>\n<h3>AMONN DIVENTA \u201cETHIC GREEN\u201d: RIVOLUZIONE VERDE PER UN\u2019ECCELLENZA DELLE DOLOMITI<\/h3>\n<\/blockquote>\n<p><strong>BELLUNO<\/strong> L\u2019azienda Amonn, leader mondiale\u00a0 nelle vernici per la protezione passiva\u00a0 dal fuoco compie un ulteriore passo in avanti sul tema della sostenibilit\u00e0 ambientale, dotando i propri prodotti di un apposito bollino \u201cEthic green\u201d. \u201cPer Amonn si tratta di un percorso iniziato molto tempo fa con le prime certificazioni ISO e con l\u2019applicazione della normazione tecnica e dei disciplinari maggiormente all\u2019avanguardia,\u00a0 \u201cEthic green\u201d \u00e8 un passaggio ulteriore con regole e comportamenti migliorativi rispetto a quanto gi\u00e0 stabilito a livello normativo e tecnico: esclusione dall\u2019intera gamma di prodotti di sostanze pericolose e la fabbricazione di prodotti con livelli di composti organici volatili di molto inferiori ai limiti fissati dalle direttive europee e, in alcuni casi, pari a zero.<\/p>\n<blockquote><p><em>\u201cEthic green &#8211; afferma Alessandro Losso, manager di Amonn &#8211;\u00a0 \u00a0\u00e8 un impegno che ci vogliamo assumere per le prossime generazioni e che va oltre l\u2019aspetto puramente produttivo-commerciale. Si tratta di un messaggio chiaro e preciso in un momento in cui il nostro territorio dolomitico si sta interrogando sui temi dell\u2019ambiente e della sostenibilit\u00e0 guardando ai grandi eventi\u201d.<\/em><\/p><\/blockquote>\n<p>&nbsp;<\/p>\n<p>&nbsp;<\/p>\n<p>&nbsp;<\/p>\n<hr \/>\n<p>&nbsp;<\/p>\n<p>&nbsp;<\/p>\n<blockquote>\n<h3>DOCENTI, ALLIEVI E AZIENDE ILLUSTRERANNO LE DIVERSE FASI DI UN CORSO, UNICO IN ITALIA<\/h3>\n<\/blockquote>\n<p><strong><a class=\"dt-pswp-item\" href=\"https:\/\/www.radiopiu.net\/wordpress\/wp-content\/uploads\/2020\/02\/Le-testimonianze-nella-passata-edizione-scaled.jpg\" data-dt-img-description=\"\" data-large_image_width=\"2560\" data-large_image_height=\"1707\"><img loading=\"lazy\" decoding=\"async\" class=\" wp-image-117061 alignleft\" src=\"https:\/\/www.radiopiu.net\/wordpress\/wp-content\/uploads\/2020\/02\/Le-testimonianze-nella-passata-edizione-300x200.jpg\" alt=\"\" width=\"260\" height=\"173\" srcset=\"https:\/\/www.radiopiu.net\/wordpress\/wp-content\/uploads\/2020\/02\/Le-testimonianze-nella-passata-edizione-300x200.jpg 300w, https:\/\/www.radiopiu.net\/wordpress\/wp-content\/uploads\/2020\/02\/Le-testimonianze-nella-passata-edizione-1024x683.jpg 1024w, https:\/\/www.radiopiu.net\/wordpress\/wp-content\/uploads\/2020\/02\/Le-testimonianze-nella-passata-edizione-768x512.jpg 768w, https:\/\/www.radiopiu.net\/wordpress\/wp-content\/uploads\/2020\/02\/Le-testimonianze-nella-passata-edizione-1536x1024.jpg 1536w, https:\/\/www.radiopiu.net\/wordpress\/wp-content\/uploads\/2020\/02\/Le-testimonianze-nella-passata-edizione-2048x1365.jpg 2048w\" sizes=\"auto, (max-width: 260px) 100vw, 260px\" \/><\/a>LONGARONE<\/strong> Sabato\u00a0 alle 15 l\u2019Area Formazione di Certottica si sposter\u00e0 a \u201cLa Cartiera\u201d di Vas per illustrare tutti i dettagli dell\u2019ITS Academy in Design e Tecnica dell\u2019Occhiale, biennio specializzato per la formazione di Eyewear Product Manager del settore occhialeria. Il Basso Feltrino con Longarone e il Cadore, \u00e8 un\u2019area del Bellunese ricca di aziende del settore occhiale e per agevolare i giovani interessati al corso, Certottica promuove incontri dimostrativi con cadenza annuale. L\u2019ITS &#8211; biennio post diploma\u00a0 \u00e8 un\u2019alternativa valida e completa all\u2019Universit\u00e0 che in 2 anni permette di affrontare un percorso altamente specialistico in cui vengono condensate 1200 ore di lezione e ben 800 ore di tirocinio. Una volta sostenuti positivamente gli esami finali, gli allievi conseguono il Diploma di Tecnico Superiore\u00a0 che ha valore legale e consente il riconoscimento di Crediti Formativi spendibili in ogni Universit\u00e0. L\u2019Eyewear Product Manager \u00e8 una figura richiesta da un numero sempre maggiore di aziende: ad attestarlo la percentuale, che sfiora il 90%, di neo diplomati che siglano un contratto di lavoro entro un anno dal conseguimento del titolo. Per informazioni contattare Certottica Area Formazione.<\/p>\n<p>&nbsp;<\/p>\n<hr \/>\n<p>&nbsp;<\/p>\n<p>&nbsp;<\/p>\n<blockquote>\n<h3>TAVOLO VERDE, CONTINUANO GLI INCONTRI TRA AGRICOLTORI E MONDO VENATORIO<\/h3>\n<\/blockquote>\n<p><strong><a class=\"dt-pswp-item\" href=\"https:\/\/www.radiopiu.net\/wordpress\/wp-content\/uploads\/2020\/02\/IMG_0791-1.jpg\" data-dt-img-description=\"\" data-large_image_width=\"2048\" data-large_image_height=\"1536\"><img loading=\"lazy\" decoding=\"async\" class=\"wp-image-117063 alignleft\" src=\"https:\/\/www.radiopiu.net\/wordpress\/wp-content\/uploads\/2020\/02\/IMG_0791-1-300x225.jpg\" alt=\"\" width=\"237\" height=\"178\" srcset=\"https:\/\/www.radiopiu.net\/wordpress\/wp-content\/uploads\/2020\/02\/IMG_0791-1-300x225.jpg 300w, https:\/\/www.radiopiu.net\/wordpress\/wp-content\/uploads\/2020\/02\/IMG_0791-1-1024x768.jpg 1024w, https:\/\/www.radiopiu.net\/wordpress\/wp-content\/uploads\/2020\/02\/IMG_0791-1-768x576.jpg 768w, https:\/\/www.radiopiu.net\/wordpress\/wp-content\/uploads\/2020\/02\/IMG_0791-1-1536x1152.jpg 1536w, https:\/\/www.radiopiu.net\/wordpress\/wp-content\/uploads\/2020\/02\/IMG_0791-1.jpg 2048w\" sizes=\"auto, (max-width: 237px) 100vw, 237px\" \/><\/a>BELLUNO<\/strong> Continuano gli incontri tra agricoltori e mondo venatorio, promossi dalla Coldiretti, in collaborazione con la Provincia di Belluno. L&#8217;ultimo a\u00a0 Cesiomaggiore, dove \u00e8 stato affrontato il tema dei danni provocati dalla fauna selvatica. L&#8217;eccessivo numero di ungulati, secondo l&#8217;assessore provinciale,\u00a0 interferisce con il delicato equilibrio dell&#8217;ecosistema e di conseguenza compromette la presenza di altre specie animali e arboree e per questo un anno fa\u00a0 era stato istituito il &#8220;Tavolo verde&#8221;\u009d, per far dialogare\u00a0 il mondo venatorio e le aziende agricole. Prossimo incontro lunedi nella sede di Coldiretti\u00a0 per far crescere la collaborazione tra cacciatori e agricoltori. &#8220;Abbiamo bisogno &#8211; dice il consiglere provinciale &#8211; che il mondo venatorio metta le sue conoscenze e competenze a disposizione dell&#8217;agricoltura di montagna e del territorio, per la tutela delle biodiversit\u00e0\u00a0 e del fragile equilibrio che rende il nostro patrimonio ambientale unico al mondo&#8221;.<\/p>\n<p>&nbsp;<\/p>\n<p>&nbsp;<\/p>\n<hr \/>\n<p>&nbsp;<\/p>\n<p>&nbsp;<\/p>\n<blockquote>\n<h3>L&#8217;ULSS1 RINNOVA LA CONVENZIONE CON I CLUB ALCOLOGICI TERRITORIALI<\/h3>\n<\/blockquote>\n<p><strong><a class=\"dt-pswp-item\" href=\"https:\/\/www.radiopiu.net\/wordpress\/wp-content\/uploads\/2020\/02\/IMG_6863.jpg\" data-dt-img-description=\"\" data-large_image_width=\"640\" data-large_image_height=\"480\"><img loading=\"lazy\" decoding=\"async\" class=\"wp-image-117064 alignleft\" src=\"https:\/\/www.radiopiu.net\/wordpress\/wp-content\/uploads\/2020\/02\/IMG_6863-300x225.jpg\" alt=\"\" width=\"233\" height=\"175\" srcset=\"https:\/\/www.radiopiu.net\/wordpress\/wp-content\/uploads\/2020\/02\/IMG_6863-300x225.jpg 300w, https:\/\/www.radiopiu.net\/wordpress\/wp-content\/uploads\/2020\/02\/IMG_6863.jpg 640w\" sizes=\"auto, (max-width: 233px) 100vw, 233px\" \/><\/a>BELLUNO<\/strong> La\u00a0 convenzione prevede\u00a0 la \u00a0possibilit\u00e0 che l\u2019Azienda contribuisca all\u2019aiuto economico in termini di rimborso spese, garantendo alle ACAT l\u2019operativit\u00e0 migliore, nel rispetto delle disposizioni aziendali e regionali. La sinergia nell\u2019affrontare i problemi alcol correlati nel nostro territorio si \u00e8 andata sempre via via rafforzando; i Servizi dell\u2019Azienda ULSS con il tempo hanno costituito assieme alla rete provinciale dei Club Alcologici Territoriali (attualmente 41 distribuiti uniformemente), un modello funzionale apprezzato\u00a0 a livello regionale e nazionale, secondo il modello ideato dal dottor Vladimir Hudolin. Il Dipartimento delle Dipendenze dell\u2019Azienda ULSS \u00a0vede, inoltre, \u00a0all\u2019interno del Comitato ristretto, organo di consultazione e gestione dell\u2019attivit\u00e0 previste, la presenza anche delle ACAT. L\u2019apporto di dette Associazioni \u00e8 dunque ritenuto strategico. Soddisfazione \u00e8 stata espressa dai presenti per il prosieguo della collaborazione finalizzata a sensibilizzare la comunit\u00e0 provinciale e ad affrontare al meglio i problemi alcol correlati nel nostro territorio.<\/p>\n<p>&nbsp;<\/p>\n<p>&nbsp;<\/p>\n<hr \/>\n<p>&nbsp;<\/p>\n<p>&nbsp;<\/p>\n<blockquote>\n<h2>TURISMO, PRESENTATO\u00a0 AL SENATO IL DDL SU PRO LOCO<\/h2>\n<\/blockquote>\n<p><strong><a class=\"dt-pswp-item\" href=\"https:\/\/www.radiopiu.net\/wordpress\/wp-content\/uploads\/2020\/02\/vi2qp.jpeg\" data-dt-img-description=\"\" data-large_image_width=\"1200\" data-large_image_height=\"798\"><img loading=\"lazy\" decoding=\"async\" class=\" wp-image-117109 alignleft\" src=\"https:\/\/www.radiopiu.net\/wordpress\/wp-content\/uploads\/2020\/02\/vi2qp-300x200.jpeg\" alt=\"\" width=\"218\" height=\"145\" srcset=\"https:\/\/www.radiopiu.net\/wordpress\/wp-content\/uploads\/2020\/02\/vi2qp-300x200.jpeg 300w, https:\/\/www.radiopiu.net\/wordpress\/wp-content\/uploads\/2020\/02\/vi2qp-1024x681.jpeg 1024w, https:\/\/www.radiopiu.net\/wordpress\/wp-content\/uploads\/2020\/02\/vi2qp-768x511.jpeg 768w, https:\/\/www.radiopiu.net\/wordpress\/wp-content\/uploads\/2020\/02\/vi2qp.jpeg 1200w\" sizes=\"auto, (max-width: 218px) 100vw, 218px\" \/><\/a>ROMA<\/strong> \u00a0\u201cAlleggerire il carico burocratico che grava sulle manifestazioni organizzate dagli enti del Terzo Settore ed anche sui 110mila eventi organizzati dalle Pro Loco, nel corso di un anno, significa garantire un effetto moltiplicatore alle attivit\u00e0 di promozione e salvaguardia dei territori, con tutte le ripercussioni positive facilmente intuibili&#8221;, lo ha affermato il presidente dell\u2019Unione Nazionale delle Pro Loco (Unpli), Antonino La Spina, nel corso della conferenza stampa di presentazione del disegno di legge \u201cDisposizioni in materia di manifestazioni a carattere temporaneo e delle attivit\u00e0 organizzate dagli enti aderenti alla rete associativa nazionale del terzo settore dell\u2019Unione Nazionale delle Pro Loco\u201d che si \u00e8\u00a0 al Senato. \u201cIl ddl prevede la semplificazione delle normative in tema di eventi di spettacolo o trattenimento in luogo pubblico ed in materia di manifestazioni temporanee, intervenendo su argomenti centrali per le attivit\u00e0 quotidianamente compiute dalle Pro Loco\u201d<\/p>\n<p>&nbsp;<\/p>\n<p>&nbsp;<\/p>\n<p>&nbsp;<\/p>\n<hr \/>\n<blockquote>\n<h3>L\u2019Ulss cerca mediatori culturali. Domande entro il 26 febbraio 2020<\/h3>\n<p><strong>BELLUNO<\/strong> L\u2019Ulss cerca mediatori culturali per aggiornare l\u2019elenco aziendale. il bando, disponibile sul sito ULSS www.aulss1.veneto.it nella sezione Concorsi e avvisi \u2013 servizio Personale, scade il 26 febbraio 2020.<\/p>\n<p>&nbsp;<\/p><\/blockquote>\n<hr \/>\n<blockquote>\n<h3>Alta formazione bioetica, il corso<\/h3>\n<p><strong>BELLUNO<\/strong>\u00a0 Domani alle 11.30 presso la sala conferenze dell&#8217;Associazione Bellunesi nel Mondo verr\u00e0 presentato alla stampa il corso di Alta Formazione Bioetica Biopolitica, Biodiritto \u2013 le mille facce di una frontiera valicabile? Strumenti di analisi e comprensione. Saranno illustrate le tematiche del corso, i costi, i possibili destinatari e presentato il Comitato scientifico composto da docenti universitari italiani e stranieri.<\/p><\/blockquote>\n<p>&nbsp;<\/p>\n<hr \/>\n<p>&nbsp;<\/p>\n<blockquote>\n<h3>Incontro al &#8220;Tina Merlin&#8221; per commercianti feltrini<\/h3>\n<p><strong>FELTRE<\/strong> Un incontro \u201cplenario\u201d, a cui sono invitati tutti i commercianti della citt\u00e0 e del territorio comunale, segna il passo al percorso di condivisione sulle prospettive future delle politiche del commercio. L\u2019appuntamento \u00e8 fissato per marted\u00ec\u00a0 alle 20.30 presso la Casa dei Beni Comuni al campus \u201cTina Merlin\u201d di Borgo Ruga. La prima fase dell\u2019attivit\u00e0 condotta in queste settimane dal nuovo assessore al commercio e alle attivit\u00e0 produttive Irma Visalli si \u00e8 concentrata soprattutto sull&#8217;ascolto; dopo aver parlato con i singoli commercianti, la consulta Ascom della citt\u00e0 e altri soggetti in pi\u00f9 forme interessati al tema, \u00e8 giunto ora il momento di fare il punto per condividere le urgenze attuali e le prospettive per il futuro.<\/p>\n<p>&#8220;Dobbiamo prenderci cura sia dell\u2019emergenza che della pianificazione futura. Tutto questo, aggiunge l\u2019assessore al commercio, mentre Feltre \u00e8 impegnata nel suo ridisegno \u2013 attraverso l\u2019adozione dei nuovi \u201cpiani\u201d \u2013 non soltanto urbanistico, ma funzionale e strategico\u201d.<\/p><\/blockquote>\n<p>&nbsp;<\/p>\n<hr \/>\n<p>&nbsp;<\/p>\n<blockquote class=\"wp-embedded-content\" data-secret=\"V44Fnf4kiF\"><p><a href=\"https:\/\/www.radiopiu.net\/wordpress\/tiziano-vecellio-ed-otto-parenti-per-una-famiglia-di-grandi-pittori-di-renato-bona\/\">TIZIANO VECELLIO ED OTTO PARENTI PER UNA FAMIGLIA DI GRANDI PITTORI di RENATO BONA<\/a><\/p><\/blockquote>\n<p><iframe loading=\"lazy\" title=\"&#8220;TIZIANO VECELLIO ED OTTO PARENTI PER UNA FAMIGLIA DI GRANDI PITTORI di RENATO BONA&#8221; &#8212; Radio Pi\u00f9\" class=\"wp-embedded-content\" sandbox=\"allow-scripts\" security=\"restricted\" style=\"position: absolute; clip: rect(1px, 1px, 1px, 1px);\" src=\"https:\/\/www.radiopiu.net\/wordpress\/tiziano-vecellio-ed-otto-parenti-per-una-famiglia-di-grandi-pittori-di-renato-bona\/embed\/#?secret=V44Fnf4kiF\" data-secret=\"V44Fnf4kiF\" width=\"600\" height=\"338\" frameborder=\"0\" marginwidth=\"0\" marginheight=\"0\" scrolling=\"no\"><\/iframe><\/p>\n<p>&nbsp;<\/p>\n<p>&nbsp;<\/p>\n<p><a class=\"dt-pswp-item\" href=\"https:\/\/www.radiopiu.net\/wordpress\/wp-content\/uploads\/2018\/09\/appuntamenti.jpeg\" data-dt-img-description=\"\" data-large_image_width=\"800\" data-large_image_height=\"100\"><img loading=\"lazy\" decoding=\"async\" class=\"alignnone wp-image-61958 size-full\" src=\"https:\/\/www.radiopiu.net\/wordpress\/wp-content\/uploads\/2018\/09\/appuntamenti.jpeg\" alt=\"\" width=\"800\" height=\"100\" srcset=\"https:\/\/www.radiopiu.net\/wordpress\/wp-content\/uploads\/2018\/09\/appuntamenti.jpeg 800w, https:\/\/www.radiopiu.net\/wordpress\/wp-content\/uploads\/2018\/09\/appuntamenti-300x38.jpeg 300w, https:\/\/www.radiopiu.net\/wordpress\/wp-content\/uploads\/2018\/09\/appuntamenti-768x96.jpeg 768w\" sizes=\"auto, (max-width: 800px) 100vw, 800px\" \/><\/a><\/p>\n<p>&nbsp;<\/p>\n<p><strong>LIVINALLONGO<\/strong> Ad Arabba mostra fotografica &#8220;Le montagne del castello&#8221;, un viaggio per immagini attraverso le cime del Castello di Andraz&#8221; di Alberto Battarelli,\u00a0al piano terra dell&#8217;Ufficio Turistico tutti i giorni fino al 12 aprile dalle\u00a0 8:30 alle 12 e dalle\u00a0 15:30 alle\u00a0 18:30. L\u2019ingresso \u00e8 libero. L\u2019autore, Alberto Battarelli, \u00e8 nato e vissuto a Trento ed \u00e8 molto legato alle zone di Livinallongo: il nonno materno, Giacomo Crepaz, maestro elementare, nato a Larzonei, ha vissuto ad Andraz di Livinallongo del Col di Lana.<\/p>\n<p>&nbsp;<\/p>\n<p>&nbsp;<\/p>\n<hr \/>\n<blockquote><p><strong>CARNEVEL INTE VILA<\/strong><\/p><\/blockquote>\n<p><strong>ROCCA PIETORE<\/strong> Sabato 15 febbraio carnevale a Sottoguda con l&#8217;associazione Borgo Sottoguda e gruppo folk Marmoleda. Programma: 13.30 partenza della mascoreda da Col di Rocca in direzione Sottoguda. Dalle 16 a Sottoguda giochi e premi in piazza con buffet e alle 17.30 arrivo della maschere a Sottoguda con premiazione. Immancabile il ballo, alle 20.30 al bar Althea con i Caladora Band.<\/p>\n<p>&nbsp;<\/p>\n<hr \/>\n<blockquote>\n<h3><strong><span style=\"font-size: 14px;\">IL CARNEVALE A RIVAMONTE &#8220;OLTA DA RIVA E COMPAGNIA BELA&#8221;<\/span><\/strong><\/h3>\n<\/blockquote>\n<p><strong>RIVAMONTE<\/strong> Domenica 16 febbraio a Rivamonte si svolger\u00e0 la prima edizione di \u201c\u00d2lt da Riva e compagnia bela\u201d una mascherata di carnevale\u00a0 Alle 14 raduno delle maschere in piazza della chiesa e sfilata lungo le vie del paese; dalle 15.30 festa danzante con musica dal vivo nel piazzale del bar-ristorante \u201cAl Molin\u201d dove verr\u00e0 allestito per l\u2019occasione un tendone.<\/p>\n<p>&nbsp;<\/p>\n<hr \/>\n<blockquote><p><strong>IL CARNEVALE DI SOSPIROLO<\/strong><\/p><\/blockquote>\n<p><strong>SOSPIROLO<\/strong> Torna il carnevale firmato, come da tradizione, dalla Pro loco \u201cMonti del Sole\u201d. S\u2019inizia, con la passeggiata in maschera di domenica 16 febbraio con partecipazione libera e gratuita. Tema di quest\u2019anno sono i giochi d&#8217;un tempo, che sono stati protagonisti dell&#8217;ultimo concorso letterario ma anche di molti appuntamenti realizzati di recente in collaborazione con la biblioteca civica sospirolese. Il raduno per la passeggiata \u00e8 alle 9.30. Sabato 22 al Centro civico: alle 15 il carnevale dei bambini con intrattenimento e sfilata in maschera. La sera, a partire dalle 20.30, il Canzoniere con musica, quiz e giochi dei mitici anni 90, con premio per il miglior abbigliamento a tema.<\/p>\n<p>&nbsp;<\/p>\n<hr \/>\n<p>&nbsp;<\/p>\n<blockquote><p><strong>IL 23 FEBBRAIO LA ZINGHENESTA A CANALE<\/strong><\/p><\/blockquote>\n<p><strong>CANALE D&#8217;AGORDO<\/strong> L&#8217;appuntamento per l&#8217;ottava edizione de &#8220;La Zinghenesta&#8221; \u00e8 per il 23 febbraio prossimo. Il carnevale tipico di Canale D&#8217;Agordo avr\u00e0 una giornata tutta dedicata che inizier\u00e0 alle 8 del mattino per concludere verso le 16:30 quando ci sar\u00e0 il &#8220;processo al carnevale&#8221;.<\/p>\n<p>&nbsp;<\/p>\n<hr \/>\n<p>&nbsp;<\/p>\n<blockquote><p><strong>EL CARNEVAL DEI BOCE A TAIBON<\/strong><\/p><\/blockquote>\n<p><strong>TAIBON<\/strong> Domenica 23 febbraio consueto appuntamento con la mascherata dalla piazza del Municipio (ritrovo alle 14) che sfiler\u00e0 fino alla Casa di Soggiorno per persone anziane dell&#8217;Agordino. Invitati grandi e piccini<\/p>\n<p>&nbsp;<\/p>\n<hr \/>\n<p>&nbsp;<\/p>\n<blockquote><p><strong>EL CARNEVAL DEI BOCE A TEMA<\/strong><\/p><\/blockquote>\n<p><strong>LA VALLE<\/strong> Il carnevale a La Valle Agordina \u00e8 in calendario per il 23 febbraio quest&#8217;annno a tema con &#8220;Ti sorridono i monti&#8221;. Alle 14 gran sfilata dalla piazza, 15.30 festa in piazza con merenda, giochi e balli. Premi alla maschera, coppia e gruppo pi\u00f9 a tema e premi al gruppo pi\u00f9 numeroso. In caso di maltempo l&#8217;evento si terr\u00e0 alle scuole. Organizza la proloco di La Valle.<\/p>\n<p>&nbsp;<\/p>\n<hr \/>\n<p>&nbsp;<\/p>\n<h3><\/h3>\n<p>&nbsp;<\/p>\n<p>&nbsp;<\/p>\n<p>&nbsp;<\/p>\n<p><a class=\"dt-pswp-item pspw-wrap-ready\" href=\"https:\/\/www.radiopiu.net\/wordpress\/wp-content\/uploads\/2018\/09\/viabilita.jpeg\" data-dt-img-description=\"\" data-large_image_width=\"800\" data-large_image_height=\"100\"><img loading=\"lazy\" decoding=\"async\" class=\"wp-image-61954 size-full aligncenter\" src=\"https:\/\/www.radiopiu.net\/wordpress\/wp-content\/uploads\/2018\/09\/viabilita.jpeg\" sizes=\"auto, (max-width: 800px) 100vw, 800px\" srcset=\"https:\/\/www.radiopiu.net\/wordpress\/wp-content\/uploads\/2018\/09\/viabilita.jpeg 800w, https:\/\/www.radiopiu.net\/wordpress\/wp-content\/uploads\/2018\/09\/viabilita-300x38.jpeg 300w, https:\/\/www.radiopiu.net\/wordpress\/wp-content\/uploads\/2018\/09\/viabilita-768x96.jpeg 768w\" alt=\"\" width=\"800\" height=\"100\" \/><\/a><\/p>\n<p>&nbsp;<\/p>\n<p><strong>PROVINCIALE 3 VAL IMPERINA,<\/strong> FINO\u00a0 A OGGI CHIUSURA DALLE 8 ALLE 9.45, 10-11.45, 13,30-15.15 E 15.30-1730\u00a0 localita&#8217; Corde Mole tra Rivamonte e Gosaldo<\/p>\n<p><strong>563 di SALESEI tra PIAN DI SALESEI E SALESEI\u00a0<\/strong> FINO AL 21 febbraio esclusi festivi e prefestivi INTERDIZIONE TOTALE AL TRAFFICO dalle 9 alle 17 per rimozione schianti. negli altri orari senso unico con semaforo<\/p>\n<p><strong>PONTE NELLE ALPI <\/strong><em>Fino al 27 marzo, il traffico della statale 50, all&#8217;altezza dell&#8217;innesto con via dei Zattieri (che verr\u00e0 chiusa), sar\u00e0 deviato nel tratto di nuova rotatoria realizzata all&#8217;interno dell&#8217;area ex Comedil.<\/em><\/p>\n<p>&nbsp;<\/p>\n<p>&nbsp;<\/p>\n<hr \/>\n<p>&nbsp;<\/p>\n<p>&nbsp;<\/p>\n<h2><span style=\"color: #ff0000;\">IERI ALLA RADIO leggermente Bellunesi, di Luisa Alchini<\/span><\/h2>\n<p>La scorsa settimana abbiamo parlato di futuro con Michele Da Rold, oggi invece di passato grazie a Lois Bernard ed il suo prezioso libro &#8220;Cose di vecchie case&#8221; Riscopriamo la famiglia contadina attraverso attrezzi e ambienti.<\/p>\n<audio class=\"wp-audio-shortcode\" id=\"audio-117051-8\" preload=\"none\" style=\"width: 100%;\" controls=\"controls\"><source type=\"audio\/mpeg\" src=\"https:\/\/www.radiopiu.net\/wordpress\/wp-content\/uploads\/2020\/02\/19lleggermenteloisbernard2020.mp3?_=8\" \/><a href=\"https:\/\/www.radiopiu.net\/wordpress\/wp-content\/uploads\/2020\/02\/19lleggermenteloisbernard2020.mp3\">https:\/\/www.radiopiu.net\/wordpress\/wp-content\/uploads\/2020\/02\/19lleggermenteloisbernard2020.mp3<\/a><\/audio>\n<p>&nbsp;<\/p>\n<hr \/>\n<h2><\/h2>\n<h2><\/h2>\n<h2><span style=\"color: #ff0000;\">IERI ALLA RADIO<\/span><\/h2>\n<p><a class=\"dt-pswp-item\" href=\"https:\/\/www.radiopiu.net\/wordpress\/wp-content\/uploads\/2020\/02\/1e323947-4f3d-4ceb-a7d4-f5e9d7fdbaa5-1.jpg\" data-dt-img-description=\"\" data-large_image_width=\"1600\" data-large_image_height=\"1200\"><img loading=\"lazy\" decoding=\"async\" class=\"wp-image-117075 alignleft\" src=\"https:\/\/www.radiopiu.net\/wordpress\/wp-content\/uploads\/2020\/02\/1e323947-4f3d-4ceb-a7d4-f5e9d7fdbaa5-1-300x225.jpg\" alt=\"\" width=\"215\" height=\"161\" srcset=\"https:\/\/www.radiopiu.net\/wordpress\/wp-content\/uploads\/2020\/02\/1e323947-4f3d-4ceb-a7d4-f5e9d7fdbaa5-1-300x225.jpg 300w, https:\/\/www.radiopiu.net\/wordpress\/wp-content\/uploads\/2020\/02\/1e323947-4f3d-4ceb-a7d4-f5e9d7fdbaa5-1-1024x768.jpg 1024w, https:\/\/www.radiopiu.net\/wordpress\/wp-content\/uploads\/2020\/02\/1e323947-4f3d-4ceb-a7d4-f5e9d7fdbaa5-1-768x576.jpg 768w, https:\/\/www.radiopiu.net\/wordpress\/wp-content\/uploads\/2020\/02\/1e323947-4f3d-4ceb-a7d4-f5e9d7fdbaa5-1-1536x1152.jpg 1536w, https:\/\/www.radiopiu.net\/wordpress\/wp-content\/uploads\/2020\/02\/1e323947-4f3d-4ceb-a7d4-f5e9d7fdbaa5-1.jpg 1600w\" sizes=\"auto, (max-width: 215px) 100vw, 215px\" \/><\/a>Parliamo di ospitalita&#8217; diffusa nella Conca Agordina, e lo facciamo con Daniele Carlin e Fiorangela Beltrame. La nascita e la diffusione di questa importante realta&#8217; turistica e i relativi progetti. Ma in studio ci sono anche Denise Selle dei Ladin del Poi che Bala e Dario Deola dei Ladin da Gosaldo, che ci parlano della loro recente positiva partecipazione alla fiera Itinerando di Padova, dove sono stati assieme al gruppo dell&#8217;ospitalita&#8217; diffusa.<\/p>\n<audio class=\"wp-audio-shortcode\" id=\"audio-117051-9\" preload=\"none\" style=\"width: 100%;\" controls=\"controls\"><source type=\"audio\/mpeg\" src=\"https:\/\/www.radiopiu.net\/wordpress\/wp-content\/uploads\/2020\/02\/ospitalita-diffusa-1.mp3?_=9\" \/><a href=\"https:\/\/www.radiopiu.net\/wordpress\/wp-content\/uploads\/2020\/02\/ospitalita-diffusa-1.mp3\">https:\/\/www.radiopiu.net\/wordpress\/wp-content\/uploads\/2020\/02\/ospitalita-diffusa-1.mp3<\/a><\/audio>\n<p>&nbsp;<\/p>\n<p>&nbsp;<\/p>\n<p>&nbsp;<\/p>\n<hr \/>\n<p>&nbsp;<\/p>\n<p>&nbsp;<\/p>\n<h2><span style=\"color: #ff0000;\">IERI ALLA RADIO, due minuti un libro<\/span><\/h2>\n<blockquote class=\"wp-embedded-content\" data-secret=\"pqP5MvhCZe\"><p><a href=\"https:\/\/www.radiopiu.net\/wordpress\/cinque-lezioni-leggere-sullemozione-di-apprendere\/\">CINQUE LEZIONI LEGGERE SULL&#8217;EMOZIONE DI APPRENDERE<\/a><\/p><\/blockquote>\n<p><iframe loading=\"lazy\" title=\"&#8220;CINQUE LEZIONI LEGGERE SULL&#8217;EMOZIONE DI APPRENDERE&#8221; &#8212; Radio Pi\u00f9\" class=\"wp-embedded-content\" sandbox=\"allow-scripts\" security=\"restricted\" style=\"position: absolute; clip: rect(1px, 1px, 1px, 1px);\" src=\"https:\/\/www.radiopiu.net\/wordpress\/cinque-lezioni-leggere-sullemozione-di-apprendere\/embed\/#?secret=pqP5MvhCZe\" data-secret=\"pqP5MvhCZe\" width=\"600\" height=\"338\" frameborder=\"0\" marginwidth=\"0\" marginheight=\"0\" scrolling=\"no\"><\/iframe><\/p>\n<p><strong>LA COLLEZIONE COMPLETA<\/strong><\/p>\n<blockquote class=\"wp-embedded-content\" data-secret=\"cYcCDX6m2i\"><p><a href=\"https:\/\/www.radiopiu.net\/wordpress\/due-minuti-un-libro\/\">Due minuti un libro<\/a><\/p><\/blockquote>\n<p><iframe loading=\"lazy\" title=\"&#8220;Due minuti un libro&#8221; &#8212; Radio Pi\u00f9\" class=\"wp-embedded-content\" sandbox=\"allow-scripts\" security=\"restricted\" style=\"position: absolute; clip: rect(1px, 1px, 1px, 1px);\" src=\"https:\/\/www.radiopiu.net\/wordpress\/due-minuti-un-libro\/embed\/#?secret=cYcCDX6m2i\" data-secret=\"cYcCDX6m2i\" width=\"600\" height=\"338\" frameborder=\"0\" marginwidth=\"0\" marginheight=\"0\" scrolling=\"no\"><\/iframe><\/p>\n<p>&nbsp;<\/p>\n<p>&nbsp;<\/p>\n<hr \/>\n<p>&nbsp;<\/p>\n<p>&nbsp;<\/p>\n<p>&nbsp;<\/p>\n<h2><span style=\"color: #ff0000;\">IERI ALLA RADIO, in vivo verso<\/span><\/h2>\n<blockquote class=\"wp-embedded-content\" data-secret=\"KSfGcYZGp0\"><p><a href=\"https:\/\/www.radiopiu.net\/wordpress\/attesa-di-maria-pia-vido\/\">ATTESA di MARIA PIA VIDO<\/a><\/p><\/blockquote>\n<p><iframe loading=\"lazy\" title=\"&#8220;ATTESA di MARIA PIA VIDO&#8221; &#8212; Radio Pi\u00f9\" class=\"wp-embedded-content\" sandbox=\"allow-scripts\" security=\"restricted\" style=\"position: absolute; clip: rect(1px, 1px, 1px, 1px);\" src=\"https:\/\/www.radiopiu.net\/wordpress\/attesa-di-maria-pia-vido\/embed\/#?secret=KSfGcYZGp0\" data-secret=\"KSfGcYZGp0\" width=\"600\" height=\"338\" frameborder=\"0\" marginwidth=\"0\" marginheight=\"0\" scrolling=\"no\"><\/iframe><\/p>\n<p><strong>LA COLLEZIONE COMPLETA<\/strong><\/p>\n<h2><\/h2>\n<blockquote class=\"wp-embedded-content\" data-secret=\"oQvR4yhSy7\"><p><a href=\"https:\/\/www.radiopiu.net\/wordpress\/in-vivo-verso\/\">In Vivo Verso<\/a><\/p><\/blockquote>\n<p><iframe loading=\"lazy\" title=\"&#8220;In Vivo Verso&#8221; &#8212; Radio Pi\u00f9\" class=\"wp-embedded-content\" sandbox=\"allow-scripts\" security=\"restricted\" style=\"position: absolute; clip: rect(1px, 1px, 1px, 1px);\" src=\"https:\/\/www.radiopiu.net\/wordpress\/in-vivo-verso\/embed\/#?secret=oQvR4yhSy7\" data-secret=\"oQvR4yhSy7\" width=\"600\" height=\"338\" frameborder=\"0\" marginwidth=\"0\" marginheight=\"0\" scrolling=\"no\"><\/iframe><\/p>\n<p>&nbsp;<\/p>\n<hr \/>\n<p>&nbsp;<\/p>\n<p>&nbsp;<\/p>\n<p>&nbsp;<\/p>\n<blockquote>\n<h3>I RACCONTI DI PAOLO SOPPELSA NON PUNTATA<\/h3>\n<\/blockquote>\n<p><strong>UNA DOMENICA DI NEVE<\/strong><\/p>\n<p>AUDIO<\/p>\n<audio class=\"wp-audio-shortcode\" id=\"audio-117051-10\" preload=\"none\" style=\"width: 100%;\" controls=\"controls\"><source type=\"audio\/mpeg\" src=\"https:\/\/www.radiopiu.net\/wordpress\/wp-content\/uploads\/2020\/02\/PAOLO-NEVE.mp3?_=10\" \/><a href=\"https:\/\/www.radiopiu.net\/wordpress\/wp-content\/uploads\/2020\/02\/PAOLO-NEVE.mp3\">https:\/\/www.radiopiu.net\/wordpress\/wp-content\/uploads\/2020\/02\/PAOLO-NEVE.mp3<\/a><\/audio>\n<p><a class=\"dt-pswp-item\" href=\"https:\/\/www.radiopiu.net\/wordpress\/wp-content\/uploads\/2020\/02\/b5c5b2c6-1b95-45d8-8387-dc291ec1e8b1.jpg\" data-dt-img-description=\"\" data-large_image_width=\"1080\" data-large_image_height=\"810\"><img loading=\"lazy\" decoding=\"async\" class=\" wp-image-116913 alignleft\" src=\"https:\/\/www.radiopiu.net\/wordpress\/wp-content\/uploads\/2020\/02\/b5c5b2c6-1b95-45d8-8387-dc291ec1e8b1-300x225.jpg\" alt=\"\" width=\"208\" height=\"156\" srcset=\"https:\/\/www.radiopiu.net\/wordpress\/wp-content\/uploads\/2020\/02\/b5c5b2c6-1b95-45d8-8387-dc291ec1e8b1-300x225.jpg 300w, https:\/\/www.radiopiu.net\/wordpress\/wp-content\/uploads\/2020\/02\/b5c5b2c6-1b95-45d8-8387-dc291ec1e8b1-1024x768.jpg 1024w, https:\/\/www.radiopiu.net\/wordpress\/wp-content\/uploads\/2020\/02\/b5c5b2c6-1b95-45d8-8387-dc291ec1e8b1-768x576.jpg 768w, https:\/\/www.radiopiu.net\/wordpress\/wp-content\/uploads\/2020\/02\/b5c5b2c6-1b95-45d8-8387-dc291ec1e8b1.jpg 1080w\" sizes=\"auto, (max-width: 208px) 100vw, 208px\" \/><\/a>Belluno ore 13. Con il caff\u00e8 in mano guardo fuori dalla finestra. Piove forte. E&#8217; tutta la mattina che mi gira in testa questa domanda: &#8221; ma in su fi\u00f2caralo? &#8221; Basterebbe consultare una webcam sul pc o sul telefono per saperlo in pochi secondi. Ma oggi si fa a moda vecchia. Ore 13.20 si parte, direzione agordino. Come sempre. Con la Panda 4&#215;4, che si va piano ed il pomeriggio dura di pi\u00f9. E poi, se la strada \u00e8 innevata, si va anche pi\u00f9 sicuri. Ad Agordo e Taibon qualche cm. e scende mista. Chiss\u00e0 se dopo la galleria di Listolade nevica, di solito \u00e8 cos\u00ec. Esco dal tunnel e scende grossa e veloce. Tradizione rispettata. La Provinciale per San Tomaso \u00e8 tutta bianca e nevica in pieno. Arrivo in piazza a Celat e mi fermo, spengo la macchina ed esco. C&#8217;\u00e8 silenzio. Sento i grossi fiocchi bianchi appoggiarsi sulla giacca. In lontananza il rumore di una pala che gratta l&#8217;asfalto davanti ad una casa. Nessuna persona in piazza e neanche un&#8217;auto che passa. Amo questi momenti, ma a Belluno vedere scendere la neve \u00e8 un evento ormai piuttosto raro. Ed allora vengo quass\u00f9 a vederla, anche solo per un pomeriggio. Perch\u00e8 le emozioni non si misurano a minuti. Sono fatte di gesti particolari, a volte all\u2019apparenza strani. Come farsi 40 km per vedere un paese imbiancato. Ma \u00e8 il paese stesso a chiamarmi. Ed ogni volta rispondo cos\u00ec.<\/p>\n<p>&nbsp;<\/p>\n<p>&nbsp;<\/p>\n<p><strong>LA COLLEZIONE COMPLETA<\/strong><\/p>\n<blockquote class=\"wp-embedded-content\" data-secret=\"svNpYIsWkE\"><p><a href=\"https:\/\/www.radiopiu.net\/wordpress\/i-racconti-di-paolo-soppelsa\/\">I racconti di Paolo Soppelsa<\/a><\/p><\/blockquote>\n<p><iframe loading=\"lazy\" title=\"&#8220;I racconti di Paolo Soppelsa&#8221; &#8212; Radio Pi\u00f9\" class=\"wp-embedded-content\" sandbox=\"allow-scripts\" security=\"restricted\" style=\"position: absolute; clip: rect(1px, 1px, 1px, 1px);\" src=\"https:\/\/www.radiopiu.net\/wordpress\/i-racconti-di-paolo-soppelsa\/embed\/#?secret=svNpYIsWkE\" data-secret=\"svNpYIsWkE\" width=\"600\" height=\"338\" frameborder=\"0\" marginwidth=\"0\" marginheight=\"0\" scrolling=\"no\"><\/iframe><\/p>\n<p>&nbsp;<\/p>\n<hr \/>\n<p>&nbsp;<\/p>\n<p>&nbsp;<\/p>\n<p>&nbsp;<\/p>\n<h2><span style=\"color: #ff0000;\">GLI SPECIALI DAL SITO DI RADIO PIU, SOLIDARIETA&#8217; VENETO FONDO PENSIONE<\/span><\/h2>\n<p>&nbsp;<\/p>\n<blockquote class=\"wp-embedded-content\" data-secret=\"faooDG52Kt\"><p><a href=\"https:\/\/www.radiopiu.net\/wordpress\/solidarieta-veneto\/\">Solidariet\u00e0 Veneto<\/a><\/p><\/blockquote>\n<p><iframe loading=\"lazy\" title=\"&#8220;Solidariet\u00e0 Veneto&#8221; &#8212; Radio Pi\u00f9\" class=\"wp-embedded-content\" sandbox=\"allow-scripts\" security=\"restricted\" style=\"position: absolute; clip: rect(1px, 1px, 1px, 1px);\" src=\"https:\/\/www.radiopiu.net\/wordpress\/solidarieta-veneto\/embed\/#?secret=faooDG52Kt\" data-secret=\"faooDG52Kt\" width=\"600\" height=\"338\" frameborder=\"0\" marginwidth=\"0\" marginheight=\"0\" scrolling=\"no\"><\/iframe><\/p>\n<p>&nbsp;<\/p>\n<p>&nbsp;<\/p>\n<hr \/>\n<p>&nbsp;<\/p>\n<p>&nbsp;<\/p>\n<h2><span style=\"color: #ff0000;\">GLI SPECIALI DAL SITO DI RADIO PIU, EPCENTER domani\u00a0 la nuova puntata alle 10.30 e 1900<\/span><\/h2>\n<p><strong>LA NONA PUNTATA, SUL SITO DI RADIO PIU&#8217; LA RACCOLTA COMPLETA CLICCA QUI<\/strong><\/p>\n<blockquote class=\"wp-embedded-content\" data-secret=\"52PjCmM1ws\"><p><a href=\"https:\/\/www.radiopiu.net\/wordpress\/ep-center-video-gallery\/\">EP CENTER video gallery<\/a><\/p><\/blockquote>\n<p><iframe loading=\"lazy\" title=\"&#8220;EP CENTER video gallery&#8221; &#8212; Radio Pi\u00f9\" class=\"wp-embedded-content\" sandbox=\"allow-scripts\" security=\"restricted\" style=\"position: absolute; clip: rect(1px, 1px, 1px, 1px);\" src=\"https:\/\/www.radiopiu.net\/wordpress\/ep-center-video-gallery\/embed\/#?secret=52PjCmM1ws\" data-secret=\"52PjCmM1ws\" width=\"600\" height=\"338\" frameborder=\"0\" marginwidth=\"0\" marginheight=\"0\" scrolling=\"no\"><\/iframe><\/p>\n<p>&nbsp;<\/p>\n<p>&nbsp;<\/p>\n<p>&nbsp;<\/p>\n<p><a class=\"dt-pswp-item\" href=\"https:\/\/www.radiopiu.net\/wordpress\/wp-content\/uploads\/2018\/09\/sport.jpg\" data-dt-img-description=\"\" data-large_image_width=\"800\" data-large_image_height=\"100\"><img loading=\"lazy\" decoding=\"async\" class=\"aligncenter wp-image-60761 size-full\" src=\"https:\/\/www.radiopiu.net\/wordpress\/wp-content\/uploads\/2018\/09\/sport.jpg\" alt=\"\" width=\"800\" height=\"100\" srcset=\"https:\/\/www.radiopiu.net\/wordpress\/wp-content\/uploads\/2018\/09\/sport.jpg 800w, https:\/\/www.radiopiu.net\/wordpress\/wp-content\/uploads\/2018\/09\/sport-300x38.jpg 300w, https:\/\/www.radiopiu.net\/wordpress\/wp-content\/uploads\/2018\/09\/sport-768x96.jpg 768w\" sizes=\"auto, (max-width: 800px) 100vw, 800px\" \/><\/a><\/p>\n<p>&nbsp;<\/p>\n<blockquote>\n<h1><\/h1>\n<h1>TORNEO PEE-WEE IN CANADA<\/h1>\n<\/blockquote>\n<p class=\"p1\"><span class=\"s1 photoswipe-wrapper\"><a class=\"dt-pswp-item\" href=\"https:\/\/www.radiopiu.net\/wordpress\/wp-content\/uploads\/2020\/02\/pee-wee.jpg\" data-dt-img-description=\"\" data-large_image_width=\"960\" data-large_image_height=\"960\"><img loading=\"lazy\" decoding=\"async\" class=\"size-medium wp-image-117114 alignright\" src=\"https:\/\/www.radiopiu.net\/wordpress\/wp-content\/uploads\/2020\/02\/pee-wee-300x300.jpg\" alt=\"\" width=\"300\" height=\"300\" srcset=\"https:\/\/www.radiopiu.net\/wordpress\/wp-content\/uploads\/2020\/02\/pee-wee-300x300.jpg 300w, https:\/\/www.radiopiu.net\/wordpress\/wp-content\/uploads\/2020\/02\/pee-wee-150x150.jpg 150w, https:\/\/www.radiopiu.net\/wordpress\/wp-content\/uploads\/2020\/02\/pee-wee-768x768.jpg 768w, https:\/\/www.radiopiu.net\/wordpress\/wp-content\/uploads\/2020\/02\/pee-wee.jpg 960w\" sizes=\"auto, (max-width: 300px) 100vw, 300px\" \/><\/a>Per la 23^ volta consecutiva la squadra Hockey U13 del Comitato Veneto FISG \u00e8 stata ammessa a partecipare al \u201cTournoi International de Hockey Pee-Wee\u201d,<span class=\"Apple-converted-space\">\u00a0\u00a0<\/span>il pi\u00f9 prestigioso torneo internazionale per questa categoria, che si svolge a Qu\u00e9bec City in Canada ove si\u00a0<\/span><span class=\"s2\">confronteranno oltre 2.100 giovani promesse da tutto il mondo, per 118 squadre divise in 5 gironi di merito.<span class=\"Apple-converted-space\">\u00a0\u00a0<\/span>Hockeysti provenienti da venti Nazioni che si affronteranno al Centre Videotron di Queb\u00e9c, vero tempio del massimo livello dell\u2019 Hockey Mondiale ove, in occasione di questo Torneo Giovanile, le presenze di spettatori globali ha precedentemente superato le 200.000 persone. <\/span><span class=\"s3\">Per l\u2019 Italia nel Girone B sono state accettate la rappresentativa Fisg Veneto e quella Lombarda del Como. <\/span><span class=\"s2\">Poter partecipare a questo Torneo, oltre che difficile, \u00e8 un vero punto d\u2019onore in quanto<span class=\"Apple-converted-space\">\u00a0\u00a0<\/span>bisogna considerare che il 20% delle squadre locali viene normalmente rifiutato e oltre il 30%<span class=\"Apple-converted-space\">\u00a0\u00a0<\/span>delle domande degli altri Teams. <\/span><span class=\"s3\">Il Team Veneto \u00e8 in partenza da Venezia gioved\u00ec 13 febbraio e scender\u00e0 inizialmente sul ghiaccio dello splendido Centre Videotron, (che pu\u00f2 contenere 18.000 spettatori),\u00a0<\/span><span class=\"s4\">sabato 15 alle 19.15, ore locali per effettuare la prima partita contro il Team USA Swindon Pumas . <\/span><span class=\"s2\">Sar\u00e0 sicuramente una grande emozione per i nostri giovani atleti in quanto anche per questo Torneo gli spettatori sono sempre varie migliaia in un clima festoso e di amicizia. <\/span><span class=\"s3\">La compagine veneta indosser\u00e0 anche quest\u2019anno le maglie sponsorizzate dalla MAPEI, importante azienda italiana che ha numerose sedi anche in America ed in particolare a Montreal in Canada. <\/span><span class=\"s2\">La rappresentativa veneta partir\u00e0 con 19 giocatori accompagnati dal Team leader di consolidata esperienza Nadia Bortot, Presidente del Comitato Regionale Veneto, dal Coach Paolo De Biasio, con attrezzista Danilo Bellenzier e l\u2019accompagnatore Giusy Checchini\u00a0 <\/span><strong><span class=\"s3\">Roster Veneto: <\/span><\/strong><span class=\"s5\">Portieri:\u00a0\u00a0<span class=\"s3\">Miro\u00a0<\/span><\/span><span class=\"s3\">Calvani (Alleghe), Anna Corte Sualon<span class=\"Apple-converted-space\">\u00a0<\/span>(Dobbiaco) <\/span><span class=\"s5\">Difensori:\u00a0\u00a0<span class=\"s3\">Fabio\u00a0<\/span><\/span><span class=\"s3\">Belli, Davide Fontana, Dave Lacedelli (Cortina) \u2013 Olivia Cambruzzi, Matteo Simionato (Padova 2001) \u2013 Riccardo Cominato, Tommaso Levis (Alleghe) <\/span><span class=\"s5\">Attaccanti:<\/span><span class=\"s3\">\u00a0 Nicola Rimoldi, Alberto Talamini, Andrea Sogne, Pietro Viel (Cortina) \u2013 Pietro De Nardi, Alessandro Zandegiacomo Caneva \u2013 Pietro Sordini, Cristian Fattor, Nicol\u00f2 Fontanive (Alleghe) \u2013 Mattia Martello (Padova 2001)<\/span><\/p>\n<p>&nbsp;<\/p>\n<p>&nbsp;<\/p>\n<hr \/>\n<p>&nbsp;<\/p>\n<p>&nbsp;<\/p>\n<blockquote>\n<h2>ESORDIO IN COPPA EUROPA PER ISABEL MURER<\/h2>\n<\/blockquote>\n<header class=\"entry-header\">\n<div class=\"entry-meta\" style=\"text-align: center;\"><a class=\"dt-pswp-item\" href=\"https:\/\/www.radiopiu.net\/wordpress\/wp-content\/uploads\/2020\/02\/Isabel-Murer-1611.2019.jpg\" data-dt-img-description=\"\" data-large_image_width=\"1255\" data-large_image_height=\"837\"><img loading=\"lazy\" decoding=\"async\" class=\"size-medium wp-image-117016 alignleft\" src=\"https:\/\/www.radiopiu.net\/wordpress\/wp-content\/uploads\/2020\/02\/Isabel-Murer-1611.2019-300x200.jpg\" alt=\"\" width=\"300\" height=\"200\" srcset=\"https:\/\/www.radiopiu.net\/wordpress\/wp-content\/uploads\/2020\/02\/Isabel-Murer-1611.2019-300x200.jpg 300w, https:\/\/www.radiopiu.net\/wordpress\/wp-content\/uploads\/2020\/02\/Isabel-Murer-1611.2019-1024x683.jpg 1024w, https:\/\/www.radiopiu.net\/wordpress\/wp-content\/uploads\/2020\/02\/Isabel-Murer-1611.2019-768x512.jpg 768w, https:\/\/www.radiopiu.net\/wordpress\/wp-content\/uploads\/2020\/02\/Isabel-Murer-1611.2019.jpg 1255w\" sizes=\"auto, (max-width: 300px) 100vw, 300px\" \/><\/a><\/div>\n<\/header>\n<div class=\"entry-content\">\n<p>Esordio in Coppa Europa per Isabel Murer. L\u2019azzurrina dello Ski College di Falcade, finora impegnata in gare Fis, nel fine settimana parteciper\u00e0 per la prima volta a una prova del circuito continentale, gareggiando a Simonhoehe dove sabato 15 e domenica 16 febbraio sono in programma due giganti paralleli.<\/p>\n<\/div>\n<p>&nbsp;<\/p>\n<p>&nbsp;<\/p>\n<p>&nbsp;<\/p>\n<p>&nbsp;<\/p>\n<p>&nbsp;<\/p>\n<p>&nbsp;<\/p>\n<p>&nbsp;<\/p>\n<p>&nbsp;<\/p>\n<hr \/>\n<p>&nbsp;<\/p>\n<blockquote>\n<h1 class=\"p1\"><span class=\"s1\">I REGIONALI SCOLASTICI DI SCI ALPINO E SNOWBOARD A FALCADE<\/span><\/h1>\n<\/blockquote>\n<p class=\"p1\"><span class=\"s1\"><strong><img loading=\"lazy\" decoding=\"async\" class=\"alignleft\" src=\"https:\/\/www.radiopiu.net\/wordpress\/wp-content\/uploads\/2017\/11\/pista-sci-Alpe-Lusia_San-Pellegrino.jpg\" width=\"256\" height=\"171\" \/>FALCADE<\/strong> Si sono disputati ieri sulle piste di Falcade i Campionati Regionali di sci alpino e snowboard dedicati agli studenti del Veneto. Una festa dello sport che ha visto gareggiare studenti arrivati da tutta la regione, dalle scuole medie alle superiori.<span class=\"Apple-converted-space\">\u00a0 <\/span>A fare la voce grossa sono state le scuole di Asiago che hanno piazzato in ottime posizioni pi\u00f9 atleti. Da non sottovalutare anche gli studenti agordini che nella giornata si sono distinti sia nello sci che nello snowboard, specialmente con l\u2019Istituto di Agordo.<\/span><\/p>\n<blockquote>\n<h3 class=\"p1\"><span class=\"s1\" style=\"color: #000000;\"><b>LE CLASSIFICHE<\/b><\/span><\/h3>\n<\/blockquote>\n<p class=\"p1\"><span class=\"s1\" style=\"color: #ff0000;\"><b>SCI ALPINO SCUOLE MEDIE <\/b><\/span><\/p>\n<p class=\"p1\"><span class=\"s1\"><b>SLALOM MASCHILE<\/b><\/span><\/p>\n<p class=\"p1\"><span class=\"s1\">1. Nicol\u00f2 Biacoli (Pedavena), 2. Federico Bortolomiol (Valdobbiadene), 3. Franco Pasti (San Don\u00e0), 4. Michele Maniago (Auronzo Di Cadore), 5. Matteo Raniero (Asiago)<\/span><\/p>\n<p class=\"p1\"><span class=\"s1\"><b>SLALOM FEMMINILE <\/b><\/span><\/p>\n<p class=\"p1\"><span class=\"s1\">1. Vittoria Rossi (Asiago), 2. Marcgherita Val (Verona), 3. Giulia Savorgnani (Cencenighe), 4. Anna Brugnolaro (Cittadella), 5. Chiara Marta (Auronzo Di Cadore)<\/span><\/p>\n<p class=\"p1\"><span class=\"s1\"><b>SLALOM SQUADRE MASCHILE<\/b><\/span><\/p>\n<p class=\"p1\"><span class=\"s1\">1. IC Belluno (Gidoni, Bez, Perona), 2. IC Auronzo di Cadore, 3. IC Patrizio Rigoni &#8211; Asiago<\/span><\/p>\n<p class=\"p1\"><span class=\"s1\"><b>SLALOM SQUADRE FEMMINILE <\/b><\/span><\/p>\n<p class=\"p1\"><span class=\"s1\">1. IC Auronzo di Cadore (Marta, Zandegiacomo, Quinz), 2. IC Belluno, 3. IC Centro Storico Verona<\/span><\/p>\n<p class=\"p1\"><span class=\"s1\" style=\"color: #ff0000;\"><b>SCI ALPINO SCUOLE SUPERIORI<\/b><\/span><\/p>\n<p class=\"p1\"><span class=\"s1\"><b>SLALOM MASCHILE<\/b><\/span><\/p>\n<p class=\"p1\"><span class=\"s1\">1. Filippo Sambugaro (Asiago), 2. Andrea Alby (Cortina D\u2019Ampezzo), 3. Matteo Vignola (Verona), 4. Andrea Pertile (Asiago), 5. Riccardo Battaglia (Agordo)<\/span><\/p>\n<p class=\"p1\"><span class=\"s1\"><b>SLALOM FEMMINILE<\/b><\/span><\/p>\n<p class=\"p1\"><span class=\"s1\">1. Giulia Frison (Asiago), 2. Giulia Trentin (Cortina D\u2019Ampezzo), 3. Caterina Neri (Verona), 4. Francesca Semprebon (San Pietro In Carian), 5. Anna Pelli (Agordo)<\/span><\/p>\n<p class=\"p1\"><span class=\"s1\"><b>SLALOM SQUADRE MASCHILE<\/b><\/span><\/p>\n<p class=\"p1\"><span class=\"s1\">1. Istituto Mario Rigoni Asiago (Sambugaro, Pertile, Munari), 2. Istituto Istruzione Agordo, 3. Liceo Scentifico Verona<\/span><\/p>\n<p class=\"p1\"><span class=\"s1\"><b>SLALOM SQUADRE FEMMINILE<\/b><\/span><\/p>\n<p class=\"p1\"><span class=\"s1\">1. Istituto Omnicompren Cortina (Trentin, Coin, Alberti), 2. Istituto Istruzione Agordo, 3. Liceo Educandato Verona<\/span><\/p>\n<p class=\"p1\"><span class=\"s1\" style=\"color: #ff0000;\"><b>SNOWBOARD SCUOLE MEDIE<\/b><\/span><\/p>\n<p class=\"p1\"><span class=\"s1\"><b>MASCHILE<\/b><\/span><\/p>\n<p class=\"p1\"><span class=\"s1\">1. Giacomo Dal Sasso (Asiago), 2. Mattia Meneghetti (Val Di Zoldo), 3. Elia Ba\u00f9 (Asiago)<\/span><\/p>\n<p class=\"p1\"><span class=\"s1\"><b>FEMMINILE<\/b><\/span><\/p>\n<p class=\"p1\"><span class=\"s1\">1. Miriam Festa (Alleghe), 2. Linda Grones (Alleghe), 3. Marina Comarella (Valdobbiadene)<\/span><\/p>\n<p class=\"p1\"><span class=\"s1\"><b>SQUADRE MASCHILE<\/b><\/span><\/p>\n<p class=\"p1\"><span class=\"s1\">1. IC Patrizio Rigoni Asiago (Dal Sasso, Ba\u00f9), 2. IC Dante Alighieri Val Di Zoldo, 3. Ippolito Nevio San Don\u00e0 Di Piave<\/span><\/p>\n<p class=\"p1\"><span class=\"s1\"><b>SQUADRE FEMMINILE<\/b><\/span><\/p>\n<p class=\"p1\"><span class=\"s1\">1. IC Alleghe (Festa, Grones)<\/span><\/p>\n<p class=\"p1\"><span class=\"s1\" style=\"color: #ff0000;\"><b>SNOWBOARD SCUOLE SUPERIORI<\/b><\/span><\/p>\n<p class=\"p1\"><span class=\"s1\"><b>MASCHILE<\/b><\/span><\/p>\n<p class=\"p1\"><span class=\"s1\">1. Federico Podda (Agordo), 2. Leonardo De Biasio (Portogruaro), 3. Tommaso Pozzobon (Treviso)<\/span><\/p>\n<p class=\"p1\"><span class=\"s1\"><b>FEMMINILE<\/b><\/span><\/p>\n<p class=\"p1\"><span class=\"s1\">1. Allyson Don\u00e0 (Agordo), 2. Nicole Ba\u00f9 (Asiago), 3. Aurora Lucian (Agordo)<\/span><\/p>\n<p class=\"p1\"><span class=\"s1\"><b>SQUADRE MASCHILE<\/b><\/span><\/p>\n<p class=\"p1\"><span class=\"s1\">1. Liceo Brenzone Sul Garda (Bonapace, Degani), 2. Leonardo Da Vinci Portogruaro, 3. Istituto Mario Rigoni Asiago<\/span><\/p>\n<p class=\"p1\"><span class=\"s1\"><b>SQUADRE FEMMINILE<\/b><\/span><\/p>\n<p class=\"p1\"><span class=\"s1\">1. Istituto Istruzione Agordo (Don\u00e0, Lucian)<\/span><\/p>\n<p>&nbsp;<\/p>\n<p>&nbsp;<\/p>\n<p>&nbsp;<\/p>\n<hr \/>\n<p>&nbsp;<\/p>\n<p>&nbsp;<\/p>\n<p>&nbsp;<\/p>\n<blockquote>\n<h2>NASCE LA SQUADRA DI NUOTO PARAOLIMPICO<\/h2>\n<p><em>Una nuova importante sfida con l&#8217;aiuto di tutti<\/em><\/p><\/blockquote>\n<p><strong><a class=\"dt-pswp-item\" href=\"https:\/\/www.radiopiu.net\/wordpress\/wp-content\/uploads\/2020\/02\/Casagrande_Caldart_Fontana_Russo.jpg\" data-dt-img-description=\"\" data-large_image_width=\"752\" data-large_image_height=\"971\"><img loading=\"lazy\" decoding=\"async\" class=\" wp-image-117060 alignleft\" src=\"https:\/\/www.radiopiu.net\/wordpress\/wp-content\/uploads\/2020\/02\/Casagrande_Caldart_Fontana_Russo-232x300.jpg\" alt=\"\" width=\"140\" height=\"181\" srcset=\"https:\/\/www.radiopiu.net\/wordpress\/wp-content\/uploads\/2020\/02\/Casagrande_Caldart_Fontana_Russo-232x300.jpg 232w, https:\/\/www.radiopiu.net\/wordpress\/wp-content\/uploads\/2020\/02\/Casagrande_Caldart_Fontana_Russo.jpg 752w\" sizes=\"auto, (max-width: 140px) 100vw, 140px\" \/><\/a>BELLUNO<\/strong> Fiocco rosa in casa Sportivamente Belluno: \u00e8 nata ufficialmente una nuova squadra di nuoto paralimpico.<br \/>\nL\u2019idea \u00e8 partita da Silvia Casagrande: <em>\u00abNutro un grande amore per il nuoto &#8211; afferma &#8211; e, in cuor <\/em><em>mio, ho sempre avuto la speranza di poter trasmettere questa passione agli altri. E, in particolare, <\/em><em>alle persone con disabilit\u00e0. Perch\u00e9, a dispetto di limiti o difficolt\u00e0, il nuoto \u00e8 una disciplina <\/em><em>inclusiva\u00bb.<\/em> In questo senso, l\u2019esperienza non manca Silvia in piscina ha lavorato per anni a contatto con disabilit\u00e0 di natura fisica e intellettiva o con disturbi di carattere socio-relazionale. Per creare ufficialmente la squadra \u00e8 necessario avere almeno due atleti tesserati: <em>\u00abMa in futuro &#8211; dice Silvia Casagrande &#8211;\u00a0 ne avremo pi\u00f9 di un paio, non resta che aspettare lo svincolo di alcuni ragazzi dalle loro attuali societ\u00e0 di appartenenza. Inizieremo con calma, puntando soprattutto sulla preparazione e gli allenamenti&#8221;.<\/em> L\u2019esordio in gara? A Lignano Sabbiadoro, dal 27 febbraio al 1. marzo, quando si terranno i Campionati italiani assoluti invernali di nuoto paralimpico e World Series. Due \u00a0gli istruttori: la stessa Casagrande e Antonio Russo.<\/p>\n<p>&nbsp;<\/p>\n<p>&nbsp;<\/p>\n<p>&nbsp;<\/p>\n<p>&nbsp;<\/p>\n<p>&nbsp;<\/p>\n<p>&nbsp;<\/p>\n<hr \/>\n<p>&nbsp;<\/p>\n<p>&nbsp;<\/p>\n<p>&nbsp;<\/p>\n<p><a class=\"dt-pswp-item\" href=\"https:\/\/www.radiopiu.net\/wordpress\/wp-content\/uploads\/2018\/09\/WhatsApp-Image-2018-09-20-at-16.04.06.jpeg\" data-dt-img-description=\"\" data-large_image_width=\"800\" data-large_image_height=\"100\"><img loading=\"lazy\" decoding=\"async\" class=\"aligncenter wp-image-61378 size-full\" src=\"https:\/\/www.radiopiu.net\/wordpress\/wp-content\/uploads\/2018\/09\/WhatsApp-Image-2018-09-20-at-16.04.06.jpeg\" alt=\"\" width=\"800\" height=\"100\" srcset=\"https:\/\/www.radiopiu.net\/wordpress\/wp-content\/uploads\/2018\/09\/WhatsApp-Image-2018-09-20-at-16.04.06.jpeg 800w, https:\/\/www.radiopiu.net\/wordpress\/wp-content\/uploads\/2018\/09\/WhatsApp-Image-2018-09-20-at-16.04.06-300x38.jpeg 300w, https:\/\/www.radiopiu.net\/wordpress\/wp-content\/uploads\/2018\/09\/WhatsApp-Image-2018-09-20-at-16.04.06-768x96.jpeg 768w\" sizes=\"auto, (max-width: 800px) 100vw, 800px\" \/><\/a><\/p>\n<p><center><b>Mercoledi 12<\/b><\/center><b>Tempo atteso: <\/b>Tempo ben soleggiato, aria tersa ed ottima visibilit\u00e0 in montagna, mentre le foschie saranno presenti in alcuni fondovalle prealpini durante le ore pi\u00f9 fredde. Clima freddo in quota.<br \/>\n<b>Precipitazioni: <\/b>Assenti (0%)<br \/>\n<b>Temperature: <\/b>In diminuzione a tutte le quote. Sono previste punte di 7\/8\u00b0C nei fondovalle prealpini e di 3\/5\u00b0C a 1000\/1200 m. Su Prealpi a 1500 m min -4\u00b0C max -1\u00b0C, a 2000 m min -7\u00b0C max -5\u00b0C. Su Dolomiti a 2000 m min -8\u00b0C max -6\u00b0C, a 3000 m min -15\u00b0C max -13\u00b0C.<br \/>\n<b>Venti: <\/b>Nelle valli deboli\/moderati di direzione variabile, con locali e consueti rinforzi notturni in alcuni settori prealpini, specie in prossimit\u00e0 della pedemontana. In quota perlopi\u00f9 moderati da ovest nord-ovest, anche tesi oltre i 2500\/2700 m, a 15\/25 km\/h a 2000 m e 30\/55 km\/h a 3000 m.<\/p>\n<hr \/>\n<p><center><b>Giovedi 13<\/b><\/center><b>Tempo atteso: <\/b>Fino al primo pomeriggio sole, a tratti velato da sottili nubi alte. Da met\u00e0 pomeriggio in poi aumento della nuvolosit\u00e0, dapprima alta, poi media stratiforme, pi\u00f9 intensa alla sera, quando deboli fenomeni potrebbero verificarsi. Clima un po&#8217; meno freddo in quota e pi\u00f9 fresco nei fondovalle.<br \/>\n<b>Precipitazioni: <\/b>Assenti fino nel tardo pomeriggio (0%), poi non escluse deboli o debolissime precipitazioni serali (50\/70%), pi\u00f9 probabili sulle Dolomiti, meno altrove (40\/50%). Limite delle debolissime nevicate attorno ai 1000\/1100 m<br \/>\n<b>Temperature: <\/b>Minime in rialzo; massime in aumento fino sugli 800\/1000 m e in calo nei fondovalle. Sono previste punte di 6\/7\u00b0C nei fondovalle prealpini e di 4\/6\u00b0C a 1000\/1200 m. Su Prealpi a 1500 m min -3\u00b0C max 0\u00b0C, a 2000 m min -5\u00b0C max -3\u00b0C. Su Dolomiti a 2000 m min -6\u00b0C max -3\u00b0C, a 3000 m min -12\u00b0C max -7\u00b0C.<br \/>\n<b>Venti: <\/b>Nelle valli deboli\/moderati di direzione variabile, con locali e consueti rinforzi notturni in alcuni settori prealpini, specie in prossimit\u00e0 della pedemontana. In quota perlopi\u00f9 moderati da sud-ovest, in rinforzo fino a tesi al pomeriggio\/sera, a 10\/25 km\/h a 2000 m e 25\/50 km\/h a 3000 m.<\/p>\n<hr \/>\n<p><center><b>Venerdi 14<\/b><\/center>Iniziale variabilit\u00e0 con nuvolosit\u00e0 irregolare, pi\u00f9 compatta sulle Dolomiti, dove deboli o debolissime precipitazioni cadranno ancora nel corso della notte e al primo mattino, nevose oltre i 900\/1000 m. Probabilit\u00e0 pressoch\u00e9 assente altrove. In seguito miglioramento del tempo con ritorno del sole in un cielo sempre pi\u00f9 sereno. Temperature in generale lieve ripresa, eccetto calo delle minime in quota. In quota rinforzo dei venti che disporranno da nord risultando tesi, a tratti forti alle quote pi\u00f9 alte, assieme a qualche episodio di Foehn nelle valli.<\/p>\n<hr \/>\n<p><center><b>Sabato 15<\/b><\/center>Tempo ben soleggiato, aria tersa ed ottima visibilit\u00e0 in montagna. Lievi foschie nei fondovalle prealpini durante le ore pi\u00f9 fredde. Temperature in generale rialzo, eccetto calo delle minime nelle valli. In quota venti deboli\/moderati da nord-ovest al mattino e da sud-ovest al pomeriggio; deboli di direzione variabile nelle valli, salvo soliti rinforzi notturni in alcuni settori prealpini. Previsore: R.L.Th.<\/p>\n<p>&nbsp;<\/p>\n<p>&nbsp;<\/p>\n<p>&nbsp;<\/p>\n<p>&nbsp;<\/p>\n<p>&nbsp;<\/p>\n","protected":false},"excerpt":{"rendered":"<p>PER RICEVERE QUESTO NOTIZIARIO DIRETTAMENTE SUL TUO CELLULARE ISCRIVITI AL CANALE TELEGRAM &#8220;RADIO PIU\u00a0 INFORMAZIONE&#8221;\u00a0 SP 7 ZOPPE&#8217; DI CADORE. DAL 17 FEBBRAIO AL 06 MARZO (esclusi festivi e prefestivi) INTERRUZIONE TOTALE DALLE 8 ALLE 12 E DALLE 14 ALLE 18. PER TAGLIO ALBERI PROVINCIALE 3 VALLE IMPERINA, FINO AL\u00a0 21 FEBBRAIO IN LOCALITA&#8217; CORDE&hellip;<\/p>\n","protected":false},"author":1,"featured_media":117032,"comment_status":"closed","ping_status":"closed","sticky":false,"template":"","format":"standard","meta":{"_monsterinsights_skip_tracking":false,"_monsterinsights_sitenote_active":false,"_monsterinsights_sitenote_note":"","_monsterinsights_sitenote_category":0,"footnotes":""},"categories":[1,51,86,49],"tags":[],"class_list":["post-117051","post","type-post","status-publish","format-standard","has-post-thumbnail","hentry","category-senza-categoria","category-evidenza-top","category-gr","category-news-18","category-1","category-51","category-86","category-49","description-off"],"img_url":"https:\/\/www.radiopiu.net\/wordpress\/wp-content\/uploads\/2020\/02\/m-1.jpg","_links":{"self":[{"href":"https:\/\/www.radiopiu.net\/wordpress\/wp-json\/wp\/v2\/posts\/117051","targetHints":{"allow":["GET"]}}],"collection":[{"href":"https:\/\/www.radiopiu.net\/wordpress\/wp-json\/wp\/v2\/posts"}],"about":[{"href":"https:\/\/www.radiopiu.net\/wordpress\/wp-json\/wp\/v2\/types\/post"}],"author":[{"embeddable":true,"href":"https:\/\/www.radiopiu.net\/wordpress\/wp-json\/wp\/v2\/users\/1"}],"replies":[{"embeddable":true,"href":"https:\/\/www.radiopiu.net\/wordpress\/wp-json\/wp\/v2\/comments?post=117051"}],"version-history":[{"count":0,"href":"https:\/\/www.radiopiu.net\/wordpress\/wp-json\/wp\/v2\/posts\/117051\/revisions"}],"wp:featuredmedia":[{"embeddable":true,"href":"https:\/\/www.radiopiu.net\/wordpress\/wp-json\/wp\/v2\/media\/117032"}],"wp:attachment":[{"href":"https:\/\/www.radiopiu.net\/wordpress\/wp-json\/wp\/v2\/media?parent=117051"}],"wp:term":[{"taxonomy":"category","embeddable":true,"href":"https:\/\/www.radiopiu.net\/wordpress\/wp-json\/wp\/v2\/categories?post=117051"},{"taxonomy":"post_tag","embeddable":true,"href":"https:\/\/www.radiopiu.net\/wordpress\/wp-json\/wp\/v2\/tags?post=117051"}],"curies":[{"name":"wp","href":"https:\/\/api.w.org\/{rel}","templated":true}]}}