{"id":117070,"date":"2020-02-11T23:55:12","date_gmt":"2020-02-11T22:55:12","guid":{"rendered":"https:\/\/www.radiopiu.net\/wordpress\/?p=117070"},"modified":"2020-02-12T05:52:38","modified_gmt":"2020-02-12T04:52:38","slug":"tiziano-vecellio-ed-otto-parenti-per-una-famiglia-di-grandi-pittori-di-renato-bona","status":"publish","type":"post","link":"https:\/\/www.radiopiu.net\/wordpress\/tiziano-vecellio-ed-otto-parenti-per-una-famiglia-di-grandi-pittori-di-renato-bona\/","title":{"rendered":"TIZIANO VECELLIO ED OTTO PARENTI PER UNA FAMIGLIA DI GRANDI PITTORI di RENATO BONA"},"content":{"rendered":"<p>\u201cIl Cadore \u00e8 ben rappresentato nel mondo della cultura: la sua distanza da centri illustri di cultura non ha impedito che l\u2019intelligenza dei suoi figli avesse da mostrarsi, farsi apprezzare. Diamo l\u2019elenco dei maggiori\u201d. Cos\u00ec lo storico cadorino Giovanni Fabbiani, nella sua \u201cBreve Storia del Cadore\u201d (quarta edizione quella in nostro possesso \u2013 ndr.) stampata nel 1977 dalla tipografia \u201cPiave\u201d di Belluno ad iniziativa della Magnifica comunit\u00e0 di Cadore, all\u2019epoca presieduta dal cav. Del lavoro Giuseppe Vecellio, espone l\u2019elenco di artisti, scienziati, letterati e religiosi cadorini. Nel capitolo del quale ci occupiamo, riservato ai pittori, la parte del leone la fanno indubitabilmente i Vecellio. Per ovvie ragioni di spazio in questa rivisitazione di una grande famiglia &#8211; ci accompagnano lo stesso Fabbiani e la libera enciclopedia Wikipedia &#8211; dovremo essere necessariamente stringati al massimo visto che sono numerosi i Vecellio inseriti nell\u2019elenco dei pittori che \u201channo saputo farsi apprezzare\u201d, sia pure a vari livelli. FRANCESCO (Pieve di Cadore 1475-1560) fu fratello maggiore di Tiziano e attivo principalmente nel 1520-1530 in Cadore. In giovent\u00f9 fu soldato. Nel 1524 cre\u00f2 una pala d\u2019altare per la chiesa della Difesa, a San Vito di Cadore. Nel 1540 dipinse un polittico a Candide. Nel tardo 1540 dipinge le ante d&#8217;organo di San Salvador a Venezia. Realizz\u00f2 \u201cAnnunciazione di San Nicola di Bari\u201d, ora in Accademia. Studi pi\u00f9 recenti ipotizzano che Tiziano sarebbe stato il fratello maggiore e che Francesco sarebbe nato verso il 1494.96. In Cadore \u00e8 ampiamente documentato il suo impegno politico amministrativo. TIZIANO (Nato a Pieve nel 1490, mancato a Venezia il 27 agosto 1576). Noto semplicemente come Tiziano fu cittadino della Repubblica di Venezia ed importante esponente della scuola veneziana. Internazionalmente noto ha fatto parte di questi periodi artistici: Manierismo, Alto Rinascimento, Rinascimento italiano, Pittura veneta. Ha avuto quattro figli: Lavinia, Orazio, Emilia, Pomponio. E\u2019 sepolto nella Basilica dei Frari a Venezia. ORAZIO, figlio di Tiziano e di Cecilia Soldano (Nato a Venezia intorno al 1528 o secondo Fabbiani nel 1515, \u00e8 mancato sempre nella citt\u00e0 lagunare nel 1576). Allievo di Tiziano si distinse come pittore di ritratti, alcuni dei quali ritenuti poco inferiori a quelli del padre. Lavor\u00f2 poco forse per gli agi procuratigli dal padre gli permettevano la vita comoda. Di lui in Cadore si conservano quattro quadretti nella chiesa parrocchiale di Calalzo, gi\u00e0 portelle dei reliquiari della vecchia chiesa. CESARE, secondo cugino di Tiziano, esponente di una famiglia illustre di mercanti (nato nel 1530 a Pieve di Cadore, morto a Venezia il 2 marzo 1601), \u00e8 stato pittore e disegnatore. Il suo capolavoro \u00e8 il \u201cSan Sebastiano\u201d del Duomo di Belluno; il Cadore conserva di lui nella chiesa arcidiaconale di Pieve \u201cLa dedizione del Cadore a Venezia\u201d, \u201cL\u2019Ultima cena\u201d, \u201cArcangelo Gabriele, Annunziata, San Pietro, San Paolo\u201d; a Tai: \u201cLa Vergine col bambino fra San Candido e Sant\u2019Osvaldo, Santa Apollonia, San Maurizio, San Vigilio\u201d; a Padola: \u201cSan Silvestro\u201d. L\u2019opera pi\u00f9 grande sono i dipinti per il soffitto della chiesa di Lentiai ma \u00e8 altres\u00ec ricordato per l\u2019opera \u201cDegli habiti antichi et moderni di diverse parti del mondo\u201d, pubblicata nel 1590. Nel 1592 pubblic\u00f2 disegni di merletti col titolo \u201cCorona delle nobili et virtuose donne\u201d. FABRIZIO, fratello di Cesare (nato a Pieve forse nel 1525, morto a Venezia nel 1576) mor\u00ec giovane; era una buona promessa per arte. Di lui si conosce il quadro con l\u2019\u201cAllegoria della Giustizia, della Verit\u00e0, della Misericordia\u201d che don\u00f2 alla Magnifica comunit\u00e0 di Cadore, opera andata smarrita con la Grande Guerra. Gli si attribuisce la pala della chiesa di San Rocco a Perarolo con \u201cSanta Lucia, santa Apollonia e in alto il Padre Eterno fra gli Angeli\u201d. Lo scomparso collega giornalista Fiorello Zangrando a proposito di Fabrizio Vecellio ha scritto sull\u2019Archivio storico di Belluno Feltre Cadore che \u201c\u2026si conoscono solo l&#8217;Allegoria della Giustizia, della Cadore nel 1542 e, forse, il quadro rappresentante il Padre Eterno, circondato dagli Angeli con Santa Lucia e Santa Apollonia, nella chiesa di San Rocco a Perarolo. Fabrizio Vecellio, mor\u00ec in ristrettezze economiche a Venezia, verso il 1576\u201d. MARCO, figlio di Toma Tito che era cugino di Tiziano; padre di Tizianello, era nato a Pieve nel 1545 e morto a Venezia nel 1611. Fu ottimo pittore e di lui in Cadore ci sono una mediocre pala nella chiesa comelicese di San Pietro coi santi Pietro, Paolo e Simone, la \u201cVergine col Bambino in torno fra santa Lucia e santa Apollonia\u201d a Domegge; la \u201cVergine col Bambino, san Marco, lo stemma del Cadore e le allegorie di Fede e Fortezza\u201d nel palazzo della Magnifica comunit\u00e0 di Pieve, il \u201cMartirio di Santa Caterina d\u2019Alessandria\u201d nella chiesa arcidiaconale e gi\u00e0 nella chiesa del Castello, copia da Tintoretto. TIZIANELLO, parente del celeberrimo Tiziano, nato e deceduto forse a Venezia nel 1570 e 1650, figlio di Marco e suo scolaro. Fu un buon pittore ma poi segu\u00ec la moda secentista. Di lui non vi sono opere in Cadore ma se ne conservano diverse a Venezia; ad Alano di Piave c\u2019\u00e8 una \u201cVergine in gloria con i santi Antonio abate, Girolamo e Caterina\u201d. TOMMASO (Pieve di Cadore 1587 e 1625), cugino di Tiziano ed allievo di Marco; mor\u00ec giovane dopo aver goduto di buona fama di ritrattista; dipinse un quadro del redentore per la Comunit\u00e0; il rovinoso incendio di Lozzo di Cadore del 1867 distrusse due suoi lavori nella parrocchiale; a Candide sui conserva un gonfalone di Sant\u2019Antonio abate mentre nella chiesa di sant\u2019Orsola a Vigo c\u2019\u00e8 un San Lazzaro. Fabbiani chiude la rassegna con poche righe riservate ad ETTORE Pieve di Cadore 1591-1652) definendolo: \u201cL\u2019ultimo e il meno conosciuto dei pittori della famiglia Vecellio; disegn\u00f2 un ritratto del vescovo Antonio Zara e lo stemma di Ferdinando d\u2019Austria\u201d. Mentre Wikipedia ricorda che i membri della famiglia Vecellio si distinsero a Pieve come notai, amministratori pubblici e possidenti fondiari ma tra il XVI e il XVII secolo si venne affiancando a queste professioni una notevole tradizione pittorica grazie alle nove importanti personalit\u00e0 artistiche (quelle di cui ci siamo occupati \u2013 ndr.). Nel campo del diritto importanti personalit\u00e0 furono invece quelle di Conte (vissuto a cavallo fra il XV e il XVI secolo), Vincenzo (morto nel 1567), Tiziano l\u2019Oratore (1538-1612) ed Alessandro Pellizzaroli-Vecellio (1764-1821).<\/p>\n\n\t\t\t<style type='text\/css'>\n\t\t\t\t#gallery-1 {\n\t\t\t\t\tmargin: auto;\n\t\t\t\t}\n\t\t\t\t#gallery-1 .gallery-item {\n\t\t\t\t\tfloat: left;\n\t\t\t\t\tmargin-top: 10px;\n\t\t\t\t\ttext-align: center;\n\t\t\t\t\twidth: 33%;\n\t\t\t\t}\n\t\t\t\t#gallery-1 img {\n\t\t\t\t\tborder: 2px solid #cfcfcf;\n\t\t\t\t}\n\t\t\t\t#gallery-1 .gallery-caption {\n\t\t\t\t\tmargin-left: 0;\n\t\t\t\t}\n\t\t\t\t\/* see gallery_shortcode() in wp-includes\/media.php *\/\n\t\t\t<\/style>\n\t\t<div id='gallery-1' class='dt-gallery-container gallery galleryid-117070 gallery-columns-3 gallery-size-thumbnail'><dl class='gallery-item'>\n\t\t\t\t<dt class='gallery-icon landscape'>\n\t\t\t\t\t<a class=\"rollover\" href='https:\/\/www.radiopiu.net\/wordpress\/tiziano-vecellio-ed-otto-parenti-per-una-famiglia-di-grandi-pittori-di-renato-bona\/84557882_211788953325548_1987356727355375616_n\/'><img loading=\"lazy\" decoding=\"async\" width=\"150\" height=\"150\" src=\"https:\/\/www.radiopiu.net\/wordpress\/wp-content\/uploads\/2020\/02\/84557882_211788953325548_1987356727355375616_n-150x150.jpg\" class=\"attachment-thumbnail size-thumbnail\" alt=\"\" \/><\/a>\n\t\t\t\t<\/dt><\/dl><dl class='gallery-item'>\n\t\t\t\t<dt class='gallery-icon portrait'>\n\t\t\t\t\t<a class=\"rollover\" href='https:\/\/www.radiopiu.net\/wordpress\/tiziano-vecellio-ed-otto-parenti-per-una-famiglia-di-grandi-pittori-di-renato-bona\/85036741_118430566276463_8659015507413827584_n\/'><img loading=\"lazy\" decoding=\"async\" width=\"150\" height=\"150\" src=\"https:\/\/www.radiopiu.net\/wordpress\/wp-content\/uploads\/2020\/02\/85036741_118430566276463_8659015507413827584_n-150x150.jpg\" class=\"attachment-thumbnail size-thumbnail\" alt=\"\" \/><\/a>\n\t\t\t\t<\/dt><\/dl><dl class='gallery-item'>\n\t\t\t\t<dt class='gallery-icon portrait'>\n\t\t\t\t\t<a class=\"rollover\" href='https:\/\/www.radiopiu.net\/wordpress\/tiziano-vecellio-ed-otto-parenti-per-una-famiglia-di-grandi-pittori-di-renato-bona\/85085127_223113095519680_2914475815343226880_n\/'><img loading=\"lazy\" decoding=\"async\" width=\"150\" height=\"150\" src=\"https:\/\/www.radiopiu.net\/wordpress\/wp-content\/uploads\/2020\/02\/85085127_223113095519680_2914475815343226880_n-150x150.jpg\" class=\"attachment-thumbnail size-thumbnail\" alt=\"\" \/><\/a>\n\t\t\t\t<\/dt><\/dl><br style=\"clear: both\" \/><dl class='gallery-item'>\n\t\t\t\t<dt class='gallery-icon landscape'>\n\t\t\t\t\t<a class=\"rollover\" href='https:\/\/www.radiopiu.net\/wordpress\/tiziano-vecellio-ed-otto-parenti-per-una-famiglia-di-grandi-pittori-di-renato-bona\/85227321_615400799248722_1399287369940598784_n\/'><img loading=\"lazy\" decoding=\"async\" width=\"150\" height=\"150\" src=\"https:\/\/www.radiopiu.net\/wordpress\/wp-content\/uploads\/2020\/02\/85227321_615400799248722_1399287369940598784_n-150x150.jpg\" class=\"attachment-thumbnail size-thumbnail\" alt=\"\" \/><\/a>\n\t\t\t\t<\/dt><\/dl><dl class='gallery-item'>\n\t\t\t\t<dt class='gallery-icon portrait'>\n\t\t\t\t\t<a class=\"rollover\" href='https:\/\/www.radiopiu.net\/wordpress\/tiziano-vecellio-ed-otto-parenti-per-una-famiglia-di-grandi-pittori-di-renato-bona\/85024699_612082479365965_9137388196043161600_n\/'><img loading=\"lazy\" decoding=\"async\" width=\"150\" height=\"150\" src=\"https:\/\/www.radiopiu.net\/wordpress\/wp-content\/uploads\/2020\/02\/85024699_612082479365965_9137388196043161600_n-150x150.jpg\" class=\"attachment-thumbnail size-thumbnail\" alt=\"\" \/><\/a>\n\t\t\t\t<\/dt><\/dl><dl class='gallery-item'>\n\t\t\t\t<dt class='gallery-icon portrait'>\n\t\t\t\t\t<a class=\"rollover\" href='https:\/\/www.radiopiu.net\/wordpress\/tiziano-vecellio-ed-otto-parenti-per-una-famiglia-di-grandi-pittori-di-renato-bona\/85021197_565582924028959_313666044356984832_n\/'><img loading=\"lazy\" decoding=\"async\" width=\"93\" height=\"150\" src=\"https:\/\/www.radiopiu.net\/wordpress\/wp-content\/uploads\/2020\/02\/85021197_565582924028959_313666044356984832_n.jpg\" class=\"attachment-thumbnail size-thumbnail\" alt=\"\" \/><\/a>\n\t\t\t\t<\/dt><\/dl><br style=\"clear: both\" \/><dl class='gallery-item'>\n\t\t\t\t<dt class='gallery-icon portrait'>\n\t\t\t\t\t<a class=\"rollover\" href='https:\/\/www.radiopiu.net\/wordpress\/tiziano-vecellio-ed-otto-parenti-per-una-famiglia-di-grandi-pittori-di-renato-bona\/86467855_328556481384649_3481903529868656640_n\/'><img loading=\"lazy\" decoding=\"async\" width=\"143\" height=\"150\" src=\"https:\/\/www.radiopiu.net\/wordpress\/wp-content\/uploads\/2020\/02\/86467855_328556481384649_3481903529868656640_n-143x150.jpg\" class=\"attachment-thumbnail size-thumbnail\" alt=\"\" \/><\/a>\n\t\t\t\t<\/dt><\/dl>\n\t\t\t\t<br style='clear: both' \/>\n\t\t\t<\/div>\n\n<p>NELLE FOTO: (Wikipedia e Alamy stoch photo ): Francesco Vecellio; il grande Tiziano; suo figlio Orazio; \u201cLo sposalizio della Vergine\u201d di Marco; lo stemma originario della famiglia cadorina; quello di Tiziano; la \u201cResurrezione\u201d di Francesco Vecellio a San Salvador di Venezia.<\/p>\n","protected":false},"excerpt":{"rendered":"<p>\u201cIl Cadore \u00e8 ben rappresentato nel mondo della cultura: la sua distanza da centri illustri di cultura non ha impedito che l\u2019intelligenza dei suoi figli avesse da mostrarsi, farsi apprezzare. Diamo l\u2019elenco dei maggiori\u201d. Cos\u00ec lo storico cadorino Giovanni Fabbiani, nella sua \u201cBreve Storia del Cadore\u201d (quarta edizione quella in nostro possesso \u2013 ndr.) stampata&hellip;<\/p>\n","protected":false},"author":1,"featured_media":117091,"comment_status":"closed","ping_status":"closed","sticky":false,"template":"","format":"standard","meta":{"_monsterinsights_skip_tracking":false,"_monsterinsights_sitenote_active":false,"_monsterinsights_sitenote_note":"","_monsterinsights_sitenote_category":0,"footnotes":""},"categories":[49],"tags":[],"class_list":["post-117070","post","type-post","status-publish","format-standard","has-post-thumbnail","hentry","category-news-18","category-49","description-off"],"img_url":"https:\/\/www.radiopiu.net\/wordpress\/wp-content\/uploads\/2020\/02\/85085127_223113095519680_2914475815343226880_n.jpg","_links":{"self":[{"href":"https:\/\/www.radiopiu.net\/wordpress\/wp-json\/wp\/v2\/posts\/117070","targetHints":{"allow":["GET"]}}],"collection":[{"href":"https:\/\/www.radiopiu.net\/wordpress\/wp-json\/wp\/v2\/posts"}],"about":[{"href":"https:\/\/www.radiopiu.net\/wordpress\/wp-json\/wp\/v2\/types\/post"}],"author":[{"embeddable":true,"href":"https:\/\/www.radiopiu.net\/wordpress\/wp-json\/wp\/v2\/users\/1"}],"replies":[{"embeddable":true,"href":"https:\/\/www.radiopiu.net\/wordpress\/wp-json\/wp\/v2\/comments?post=117070"}],"version-history":[{"count":0,"href":"https:\/\/www.radiopiu.net\/wordpress\/wp-json\/wp\/v2\/posts\/117070\/revisions"}],"wp:featuredmedia":[{"embeddable":true,"href":"https:\/\/www.radiopiu.net\/wordpress\/wp-json\/wp\/v2\/media\/117091"}],"wp:attachment":[{"href":"https:\/\/www.radiopiu.net\/wordpress\/wp-json\/wp\/v2\/media?parent=117070"}],"wp:term":[{"taxonomy":"category","embeddable":true,"href":"https:\/\/www.radiopiu.net\/wordpress\/wp-json\/wp\/v2\/categories?post=117070"},{"taxonomy":"post_tag","embeddable":true,"href":"https:\/\/www.radiopiu.net\/wordpress\/wp-json\/wp\/v2\/tags?post=117070"}],"curies":[{"name":"wp","href":"https:\/\/api.w.org\/{rel}","templated":true}]}}