{"id":117220,"date":"2020-02-12T23:58:11","date_gmt":"2020-02-12T22:58:11","guid":{"rendered":"https:\/\/www.radiopiu.net\/wordpress\/?p=117220"},"modified":"2020-02-13T06:23:36","modified_gmt":"2020-02-13T05:23:36","slug":"marco-tormen-negli-studi-di-radio-piu","status":"publish","type":"post","link":"https:\/\/www.radiopiu.net\/wordpress\/marco-tormen-negli-studi-di-radio-piu\/","title":{"rendered":"MARCO TORMEN NEGLI STUDI DI RADIO PIU\u2019"},"content":{"rendered":"<p class=\"p1\"><span class=\"s1\"><a class=\"dt-pswp-item\" href=\"https:\/\/www.radiopiu.net\/wordpress\/wp-content\/uploads\/2019\/09\/MARCO-TORMEN-01.jpeg\" data-dt-img-description=\"\" data-large_image_width=\"1200\" data-large_image_height=\"1600\"><img loading=\"lazy\" decoding=\"async\" class=\"size-medium wp-image-96950 alignright\" src=\"https:\/\/www.radiopiu.net\/wordpress\/wp-content\/uploads\/2019\/09\/MARCO-TORMEN-01-225x300.jpeg\" alt=\"\" width=\"225\" height=\"300\" srcset=\"https:\/\/www.radiopiu.net\/wordpress\/wp-content\/uploads\/2019\/09\/MARCO-TORMEN-01-225x300.jpeg 225w, https:\/\/www.radiopiu.net\/wordpress\/wp-content\/uploads\/2019\/09\/MARCO-TORMEN-01-768x1024.jpeg 768w, https:\/\/www.radiopiu.net\/wordpress\/wp-content\/uploads\/2019\/09\/MARCO-TORMEN-01.jpeg 1200w\" sizes=\"auto, (max-width: 225px) 100vw, 225px\" \/><\/a>Il pilota di Voltago Agordino Marco Tormen ritorna negli studi di Radio Pi\u00f9, assieme al fratello Luca, per presentare la sua stagione 2020. Anche quest\u2019anno Tormen fa parte del Team Praga e, a differenza della scorsa stagione, ha deciso di partecipare ad un Campionato Internazionale privato che inizier\u00e0 il prossimo 23 febbraio a Lonato in provincia di Brescia. La stagione di Marco per\u00f2 \u00e8 gi\u00e0 iniziata da alcune settimane con la preparazione in pista e in palestra. Si prospetta un 2020 impegnativo con trasferte anche all\u2019estero. <\/span><\/p>\n<p>&nbsp;<\/p>\n<blockquote>\n<h1>LO SPECIALE DOMANI ALLE 15. 10 E 21 00<\/h1>\n<\/blockquote>\n<p>&nbsp;<\/p>\n<p>&nbsp;<\/p>\n<p>&nbsp;<\/p>\n<p class=\"p1\"><strong><span class=\"s1\">UNO STRALCIO DELL\u2019INTERVISTA A MARCO TORMEN<\/span><\/strong><\/p>\n<audio class=\"wp-audio-shortcode\" id=\"audio-117220-1\" preload=\"none\" style=\"width: 100%;\" controls=\"controls\"><source type=\"audio\/mpeg\" src=\"https:\/\/www.radiopiu.net\/wordpress\/wp-content\/uploads\/2020\/02\/MARCO-TORMEN-PER-GR.mp3?_=1\" \/><a href=\"https:\/\/www.radiopiu.net\/wordpress\/wp-content\/uploads\/2020\/02\/MARCO-TORMEN-PER-GR.mp3\">https:\/\/www.radiopiu.net\/wordpress\/wp-content\/uploads\/2020\/02\/MARCO-TORMEN-PER-GR.mp3<\/a><\/audio>\n","protected":false},"excerpt":{"rendered":"<p>Il pilota di Voltago Agordino Marco Tormen ritorna negli studi di Radio Pi\u00f9, assieme al fratello Luca, per presentare la sua stagione 2020. Anche quest\u2019anno Tormen fa parte del Team Praga e, a differenza della scorsa stagione, ha deciso di partecipare ad un Campionato Internazionale privato che inizier\u00e0 il prossimo 23 febbraio a Lonato in&hellip;<\/p>\n","protected":false},"author":4,"featured_media":91012,"comment_status":"closed","ping_status":"closed","sticky":false,"template":"","format":"standard","meta":{"_monsterinsights_skip_tracking":false,"_monsterinsights_sitenote_active":false,"_monsterinsights_sitenote_note":"","_monsterinsights_sitenote_category":0,"footnotes":""},"categories":[104,49,72],"tags":[],"class_list":["post-117220","post","type-post","status-publish","format-standard","has-post-thumbnail","hentry","category-evidenza_3","category-news-18","category-sport","category-104","category-49","category-72","description-off"],"img_url":"https:\/\/www.radiopiu.net\/wordpress\/wp-content\/uploads\/2019\/07\/MARCO-TORMEN-SARNO.jpeg","_links":{"self":[{"href":"https:\/\/www.radiopiu.net\/wordpress\/wp-json\/wp\/v2\/posts\/117220","targetHints":{"allow":["GET"]}}],"collection":[{"href":"https:\/\/www.radiopiu.net\/wordpress\/wp-json\/wp\/v2\/posts"}],"about":[{"href":"https:\/\/www.radiopiu.net\/wordpress\/wp-json\/wp\/v2\/types\/post"}],"author":[{"embeddable":true,"href":"https:\/\/www.radiopiu.net\/wordpress\/wp-json\/wp\/v2\/users\/4"}],"replies":[{"embeddable":true,"href":"https:\/\/www.radiopiu.net\/wordpress\/wp-json\/wp\/v2\/comments?post=117220"}],"version-history":[{"count":0,"href":"https:\/\/www.radiopiu.net\/wordpress\/wp-json\/wp\/v2\/posts\/117220\/revisions"}],"wp:featuredmedia":[{"embeddable":true,"href":"https:\/\/www.radiopiu.net\/wordpress\/wp-json\/wp\/v2\/media\/91012"}],"wp:attachment":[{"href":"https:\/\/www.radiopiu.net\/wordpress\/wp-json\/wp\/v2\/media?parent=117220"}],"wp:term":[{"taxonomy":"category","embeddable":true,"href":"https:\/\/www.radiopiu.net\/wordpress\/wp-json\/wp\/v2\/categories?post=117220"},{"taxonomy":"post_tag","embeddable":true,"href":"https:\/\/www.radiopiu.net\/wordpress\/wp-json\/wp\/v2\/tags?post=117220"}],"curies":[{"name":"wp","href":"https:\/\/api.w.org\/{rel}","templated":true}]}}