{"id":117381,"date":"2020-02-13T23:59:21","date_gmt":"2020-02-13T22:59:21","guid":{"rendered":"https:\/\/www.radiopiu.net\/wordpress\/?p=117381"},"modified":"2020-02-13T18:37:09","modified_gmt":"2020-02-13T17:37:09","slug":"fonzaso-rassegna-teatrale-2020-propone-sei-spettacoli-di-qualita-di-renato-bona","status":"publish","type":"post","link":"https:\/\/www.radiopiu.net\/wordpress\/fonzaso-rassegna-teatrale-2020-propone-sei-spettacoli-di-qualita-di-renato-bona\/","title":{"rendered":"FONZASO RASSEGNA TEATRALE 2020\u201d PROPONE SEI SPETTACOLI DI QUALITA\u2019  di RENATO BONA"},"content":{"rendered":"<p>Grazie alla associazione Pro Loco di Fonzaso, che mantiene viva una splendida tradizione, la \u201cSala Papa Luciani\u201d del teatro parrocchiale di Fonzaso, ospiter\u00e0 dal 15 febbraio al 21 marzo prossimi (inizio sempre alle 20,45) la \u201cFonzaso Rassegna teatrale 2020\u201d articolata in sei appuntamenti di sabato. L\u2019iniziativa \u00e8 sostenuta dal Comune e dall\u2019Unpli (Unione nazionale pro loco d\u2019Italia) di Belluno e del Veneto; ha contribuito anche la Cassa turale Valsugana e tesino. Per l\u2019esordio di sabato 15 viene proposto dalla compagnia teatrale \u201cEl feral\u201d di Fiera di Primiero lo spettacolo \u201cVarda ti, no averie mai dit, no!\u201d, commedia brillante in tre atti scritta in dialetto primierotto da Stefano Turra: storia di gente comune di varie estrazioni sociali, di un piccolo paese, che deve condividere le proprie esperienze quotidiane, comprese quelle pi\u00f9 intime. La commedia illustra in modo divertente una serie di episodi che possono capitare a tutti, ogni giorno\u2026 Ed ecco gli altri appuntamenti: sabato 22 la compagnia teatrale \u201cTeatroroncade\u201d di Roncade in provincia di Treviso proporr\u00e0 \u201cElcandegesso\u201d commedia brillante in due atti di Giuliano Bozzo, per la regia di Alberto Moscatelli. Un tourbillon di personaggi con molteplici sfaccettature: la moglie Adele, saggia ma ironica, il figlio Piermaria impegnato e altruist, lLa figlia Marinamaria \u201cchic &amp; snob\u201d, una colf \u201crock &amp; roll), una suocera scaltra e divertente, un fratello \u201clove &amp; peace\u201d e poi \u201cElcandegesso\u201d, tutti a cimentarsi nel tener testa a Giansilvio, manager cinquantenne, rappresentante dell\u2019italiano medio, con la sua disavventura aziendale.<br \/>\nSabato 29 toccher\u00e0 alla compagnia teatrale \u201cLe acque mosse\u201d di Battaglia Terme, presentare \u201cMejo mato che mona\u201d, commedia brillante in tre atti tratta da \u201cLo smemorato\u201d di Emilio Caglieri, adattamento e regia di Cappellozza, lavoro che trae origine dalla reale vicenda dello \u201cSmemorato di Collegno\u201d.<br \/>\nE siamo a marzo: il 7 andr\u00e0 in scena \u201cAmerican vin\u201d, tratta da \u201cChe s\u2019adda fa p\u00e9 camp\u00e0\u201d di Canzano, interpretata dalla compagnia teatrale \u201cEl Port\u00e8o\u201d di Padova che proporr\u00e0 situazioni del 1945, con momenti esilaranti e strappa applausi anche per l\u2019affinit\u00e0 coi giorni d\u2019oggi. Sabato 14 sar\u00e0 la volta di \u201cL\u2019onorevole Campodarsego\u201d, commedia birllante in tre atti di Libero Pilotto (il feltrino antesignano del fonzasino Gino Rocca, ambedue scrittori dialettali), per l\u2019adattamento di Sara Centenaro, che sar\u00e0 interpretata dalla compagnia teatrale \u201cArlecchino\u201d di Padova. Ambientata a Ros\u00e0, paese vicino a Bassano, nel Veneto bigotto di fine \u2018800 e a Roma dove il nostro era approdato alla Camera una volta eletto dalla stretta cerchia dei nobili locali, gli unici che avevano diritto al voto. Conclusione della rassegna sabato 21 con la compagnia teatrale \u201cRidendo si impara\u201d che interpreter\u00e0 \u201cNo ze\u2019 vero\u2026 ma ghe credo\u201d commedia brillante in tre atti liberamente tratta da una delle interpretazioni di Peppino De Filippo.<br \/>\nTorniamo rapidamente su Libero Pilotto per illustrarne in sintesi la figura, sulla base di quanto scritto a cura della Pro loco di Fonzaso nel proprio sito telematico: nasce a Feltre il 27 marzo 1854 dove muore il 6 maggio 1900. Di umili origini studi\u00f2 per\u00f2 a Firenze. Al termine degli studi entr\u00f2 in diverse compagnie teatrali minori, in una delle quali recit\u00f2 con una giovane Eleonora Duse per poi approdare in grandi compagnie quali Bellotti-Bon, Cesare Rossi e quella di Ermete Zacconi con il quale si associ\u00f2 dando vita alla omonima compagnia che dur\u00f2 solo tre anni. Sposatosi nel 1883 con Antonietta Moro ebbe in figlio, Camillo, affermato attore nella prima met\u00e0 del Novecento. Ammalatosi ritorn\u00f2 a Feltre dove mor\u00ec.<br \/>\nResta da dire che per ulteriori informazioni, anche sugli abbonamenti, si pu\u00f2 contattare Giovanna al 348-8306852, scrivere all\u2019indirizzo e-mail:info@prolocofonzaso.it, o consultare il sito: <a href=\"https:\/\/l.facebook.com\/l.php?u=http%3A%2F%2Fwww.prolocofonzaso.it%2F%3Ffbclid%3DIwAR1gZ38l1zL_GOwzJ7lZEm99DHNFLNPM1qG8vlV4Tkrek2bS4ckHUPEzKcc&amp;h=AT01JqzDCGTYf1pV3ouBj0-SecuhHnXo275UQga4QFCLe4wnCNI5DV-ILvCrVnyfyNVUT2UCmcZat7qR9xEot_i9Iy19G8TLt1kVg59ifkzqOGjyQtq8qhbXNMm3BopHT20\" target=\"_blank\" rel=\"nofollow noopener noreferrer\" data-lynx-mode=\"hover\">www.prolocofonzaso.it<\/a>..<\/p>\n\n\t\t\t<style type='text\/css'>\n\t\t\t\t#gallery-1 {\n\t\t\t\t\tmargin: auto;\n\t\t\t\t}\n\t\t\t\t#gallery-1 .gallery-item {\n\t\t\t\t\tfloat: left;\n\t\t\t\t\tmargin-top: 10px;\n\t\t\t\t\ttext-align: center;\n\t\t\t\t\twidth: 33%;\n\t\t\t\t}\n\t\t\t\t#gallery-1 img {\n\t\t\t\t\tborder: 2px solid #cfcfcf;\n\t\t\t\t}\n\t\t\t\t#gallery-1 .gallery-caption {\n\t\t\t\t\tmargin-left: 0;\n\t\t\t\t}\n\t\t\t\t\/* see gallery_shortcode() in wp-includes\/media.php *\/\n\t\t\t<\/style>\n\t\t<div id='gallery-1' class='dt-gallery-container gallery galleryid-117381 gallery-columns-3 gallery-size-thumbnail'><dl class='gallery-item'>\n\t\t\t\t<dt class='gallery-icon portrait'>\n\t\t\t\t\t<a class=\"rollover\" href='https:\/\/www.radiopiu.net\/wordpress\/fonzaso-rassegna-teatrale-2020-propone-sei-spettacoli-di-qualita-di-renato-bona\/84877306_616624722466803_6835553426403753984_n\/'><img loading=\"lazy\" decoding=\"async\" width=\"150\" height=\"150\" src=\"https:\/\/www.radiopiu.net\/wordpress\/wp-content\/uploads\/2020\/02\/84877306_616624722466803_6835553426403753984_n-150x150.jpg\" class=\"attachment-thumbnail size-thumbnail\" alt=\"\" \/><\/a>\n\t\t\t\t<\/dt><\/dl><dl class='gallery-item'>\n\t\t\t\t<dt class='gallery-icon landscape'>\n\t\t\t\t\t<a class=\"rollover\" href='https:\/\/www.radiopiu.net\/wordpress\/fonzaso-rassegna-teatrale-2020-propone-sei-spettacoli-di-qualita-di-renato-bona\/84835958_2715142418607287_7485109634412314624_n\/'><img loading=\"lazy\" decoding=\"async\" width=\"150\" height=\"150\" src=\"https:\/\/www.radiopiu.net\/wordpress\/wp-content\/uploads\/2020\/02\/84835958_2715142418607287_7485109634412314624_n-150x150.jpg\" class=\"attachment-thumbnail size-thumbnail\" alt=\"\" \/><\/a>\n\t\t\t\t<\/dt><\/dl><dl class='gallery-item'>\n\t\t\t\t<dt class='gallery-icon landscape'>\n\t\t\t\t\t<a class=\"rollover\" href='https:\/\/www.radiopiu.net\/wordpress\/fonzaso-rassegna-teatrale-2020-propone-sei-spettacoli-di-qualita-di-renato-bona\/85063122_608205199968876_6577045228962709504_n\/'><img loading=\"lazy\" decoding=\"async\" width=\"150\" height=\"150\" src=\"https:\/\/www.radiopiu.net\/wordpress\/wp-content\/uploads\/2020\/02\/85063122_608205199968876_6577045228962709504_n-150x150.jpg\" class=\"attachment-thumbnail size-thumbnail\" alt=\"\" \/><\/a>\n\t\t\t\t<\/dt><\/dl><br style=\"clear: both\" \/><dl class='gallery-item'>\n\t\t\t\t<dt class='gallery-icon portrait'>\n\t\t\t\t\t<a class=\"rollover\" href='https:\/\/www.radiopiu.net\/wordpress\/fonzaso-rassegna-teatrale-2020-propone-sei-spettacoli-di-qualita-di-renato-bona\/84835960_587289038531896_6078135157775138816_n\/'><img loading=\"lazy\" decoding=\"async\" width=\"150\" height=\"150\" src=\"https:\/\/www.radiopiu.net\/wordpress\/wp-content\/uploads\/2020\/02\/84835960_587289038531896_6078135157775138816_n-150x150.jpg\" class=\"attachment-thumbnail size-thumbnail\" alt=\"\" \/><\/a>\n\t\t\t\t<\/dt><\/dl><dl class='gallery-item'>\n\t\t\t\t<dt class='gallery-icon portrait'>\n\t\t\t\t\t<a class=\"rollover\" href='https:\/\/www.radiopiu.net\/wordpress\/fonzaso-rassegna-teatrale-2020-propone-sei-spettacoli-di-qualita-di-renato-bona\/85125212_268782627435074_516539108051386368_n\/'><img loading=\"lazy\" decoding=\"async\" width=\"150\" height=\"150\" src=\"https:\/\/www.radiopiu.net\/wordpress\/wp-content\/uploads\/2020\/02\/85125212_268782627435074_516539108051386368_n-150x150.jpg\" class=\"attachment-thumbnail size-thumbnail\" alt=\"\" \/><\/a>\n\t\t\t\t<\/dt><\/dl>\n\t\t\t\t<br style='clear: both' \/>\n\t\t\t<\/div>\n\n<p>NELLE FOTO (riproduzioni dalla locandina, Pro loco Fonzaso, sito fondacofeltre): disegni dedicati a Fonzaso per l\u2019annuncio della rassegna teatrale; la sala \u201cPapa Luciani\u201d; la tomba con monumento di Libero Pilotto che ad iniziativa del Fondaco di Feltre \u00e8 stata restaurata da Christine Lamoureux mentre la ditta Zatta onoranze funebri marmi e graniti ha provveduto a sistemare la lapide con l\u2019iscrizione offrendo a titolo gratuito la propria preziosa opera frutto di anni di esperienza nel campo.<\/p>\n","protected":false},"excerpt":{"rendered":"<p>Grazie alla associazione Pro Loco di Fonzaso, che mantiene viva una splendida tradizione, la \u201cSala Papa Luciani\u201d del teatro parrocchiale di Fonzaso, ospiter\u00e0 dal 15 febbraio al 21 marzo prossimi (inizio sempre alle 20,45) la \u201cFonzaso Rassegna teatrale 2020\u201d articolata in sei appuntamenti di sabato. L\u2019iniziativa \u00e8 sostenuta dal Comune e dall\u2019Unpli (Unione nazionale pro&hellip;<\/p>\n","protected":false},"author":1,"featured_media":117386,"comment_status":"closed","ping_status":"closed","sticky":false,"template":"","format":"standard","meta":{"_monsterinsights_skip_tracking":false,"_monsterinsights_sitenote_active":false,"_monsterinsights_sitenote_note":"","_monsterinsights_sitenote_category":0,"footnotes":""},"categories":[49],"tags":[],"class_list":["post-117381","post","type-post","status-publish","format-standard","has-post-thumbnail","hentry","category-news-18","category-49","description-off"],"img_url":"https:\/\/www.radiopiu.net\/wordpress\/wp-content\/uploads\/2020\/02\/84877306_616624722466803_6835553426403753984_n.jpg","_links":{"self":[{"href":"https:\/\/www.radiopiu.net\/wordpress\/wp-json\/wp\/v2\/posts\/117381","targetHints":{"allow":["GET"]}}],"collection":[{"href":"https:\/\/www.radiopiu.net\/wordpress\/wp-json\/wp\/v2\/posts"}],"about":[{"href":"https:\/\/www.radiopiu.net\/wordpress\/wp-json\/wp\/v2\/types\/post"}],"author":[{"embeddable":true,"href":"https:\/\/www.radiopiu.net\/wordpress\/wp-json\/wp\/v2\/users\/1"}],"replies":[{"embeddable":true,"href":"https:\/\/www.radiopiu.net\/wordpress\/wp-json\/wp\/v2\/comments?post=117381"}],"version-history":[{"count":0,"href":"https:\/\/www.radiopiu.net\/wordpress\/wp-json\/wp\/v2\/posts\/117381\/revisions"}],"wp:featuredmedia":[{"embeddable":true,"href":"https:\/\/www.radiopiu.net\/wordpress\/wp-json\/wp\/v2\/media\/117386"}],"wp:attachment":[{"href":"https:\/\/www.radiopiu.net\/wordpress\/wp-json\/wp\/v2\/media?parent=117381"}],"wp:term":[{"taxonomy":"category","embeddable":true,"href":"https:\/\/www.radiopiu.net\/wordpress\/wp-json\/wp\/v2\/categories?post=117381"},{"taxonomy":"post_tag","embeddable":true,"href":"https:\/\/www.radiopiu.net\/wordpress\/wp-json\/wp\/v2\/tags?post=117381"}],"curies":[{"name":"wp","href":"https:\/\/api.w.org\/{rel}","templated":true}]}}