{"id":117399,"date":"2020-02-14T05:26:13","date_gmt":"2020-02-14T04:26:13","guid":{"rendered":"https:\/\/www.radiopiu.net\/wordpress\/?p=117399"},"modified":"2020-02-14T05:50:31","modified_gmt":"2020-02-14T04:50:31","slug":"scialpinista-muore-in-tofana-ferita-unaltra-persona","status":"publish","type":"post","link":"https:\/\/www.radiopiu.net\/wordpress\/scialpinista-muore-in-tofana-ferita-unaltra-persona\/","title":{"rendered":"SCIALPINISTA MUORE IN TOFANA, FERITA UN&#8217;ALTRA PERSONA"},"content":{"rendered":"<p><strong>CORTINA<\/strong>\u00a0 Una scialpinista americana ha perso la vita nel pomeriggio dopo essere scivolata per 600 metri nel canale del Bus di Tofana, ferita la guida alpina con cui si trovava. Da una prima ricostruzione, mentre stavano sciando assieme ad altre due persone, la donna, di 51 anni, \u00e8 scivolata verso valle e nel tentativo di fermarla la guida, Paolo Da Pozzo 49 anni, di Cortina d&#8217;Ampezzo (BL), \u00e8 caduta con lei nel canale. L&#8217;uomo \u00e8 riuscito a fermarsi 400 metri pi\u00f9 sotto, mentre la sciatrice \u00e8 ruzzolata per altri 200 metri, riportando traumi fatali. Scattato l&#8217;allarme poco prima delle 15, sul posto si \u00e8 portato l&#8217;elicottero dell&#8217;Aiut Alpin Dolomites di Belluno che ha sbarcato personale medico e tecnico di elisoccorso. Per la donna purtroppo non c&#8217;\u00e8 stato nulla da fare. L&#8217;uomo con probabili traumi alle spalle, al volto e contusioni, \u00e8 stato recuperato e trasportato all&#8217;ospedale di Cortina e di seguito trasferito a Belluno. Ottenuto il nulla osta dalla magistratura per la rimozione, la salma della sciatrice \u00e8 stata ricomposta e imbarellata per essere portata sulla strada e affidata al carro funebre. Sul posto il Soccorso alpino di Cortina e del Sagf, nonch\u00e9 la Polizia del commissariato di Cortina.<\/p>\n<p>&nbsp;<\/p>\n","protected":false},"excerpt":{"rendered":"<p>CORTINA\u00a0 Una scialpinista americana ha perso la vita nel pomeriggio dopo essere scivolata per 600 metri nel canale del Bus di Tofana, ferita la guida alpina con cui si trovava. Da una prima ricostruzione, mentre stavano sciando assieme ad altre due persone, la donna, di 51 anni, \u00e8 scivolata verso valle e nel tentativo di&hellip;<\/p>\n","protected":false},"author":1,"featured_media":95474,"comment_status":"closed","ping_status":"closed","sticky":false,"template":"","format":"standard","meta":{"_monsterinsights_skip_tracking":false,"_monsterinsights_sitenote_active":false,"_monsterinsights_sitenote_note":"","_monsterinsights_sitenote_category":0,"footnotes":""},"categories":[104,49],"tags":[],"class_list":["post-117399","post","type-post","status-publish","format-standard","has-post-thumbnail","hentry","category-evidenza_3","category-news-18","category-104","category-49","description-off"],"img_url":"https:\/\/www.radiopiu.net\/wordpress\/wp-content\/uploads\/2019\/08\/IMG-20190813-WA0003.jpg","_links":{"self":[{"href":"https:\/\/www.radiopiu.net\/wordpress\/wp-json\/wp\/v2\/posts\/117399","targetHints":{"allow":["GET"]}}],"collection":[{"href":"https:\/\/www.radiopiu.net\/wordpress\/wp-json\/wp\/v2\/posts"}],"about":[{"href":"https:\/\/www.radiopiu.net\/wordpress\/wp-json\/wp\/v2\/types\/post"}],"author":[{"embeddable":true,"href":"https:\/\/www.radiopiu.net\/wordpress\/wp-json\/wp\/v2\/users\/1"}],"replies":[{"embeddable":true,"href":"https:\/\/www.radiopiu.net\/wordpress\/wp-json\/wp\/v2\/comments?post=117399"}],"version-history":[{"count":0,"href":"https:\/\/www.radiopiu.net\/wordpress\/wp-json\/wp\/v2\/posts\/117399\/revisions"}],"wp:featuredmedia":[{"embeddable":true,"href":"https:\/\/www.radiopiu.net\/wordpress\/wp-json\/wp\/v2\/media\/95474"}],"wp:attachment":[{"href":"https:\/\/www.radiopiu.net\/wordpress\/wp-json\/wp\/v2\/media?parent=117399"}],"wp:term":[{"taxonomy":"category","embeddable":true,"href":"https:\/\/www.radiopiu.net\/wordpress\/wp-json\/wp\/v2\/categories?post=117399"},{"taxonomy":"post_tag","embeddable":true,"href":"https:\/\/www.radiopiu.net\/wordpress\/wp-json\/wp\/v2\/tags?post=117399"}],"curies":[{"name":"wp","href":"https:\/\/api.w.org\/{rel}","templated":true}]}}