{"id":117444,"date":"2020-02-14T23:59:38","date_gmt":"2020-02-14T22:59:38","guid":{"rendered":"https:\/\/www.radiopiu.net\/wordpress\/?p=117444"},"modified":"2020-02-15T08:14:59","modified_gmt":"2020-02-15T07:14:59","slug":"lincendio-in-cadore-precedente-che-fa-lezione","status":"publish","type":"post","link":"https:\/\/www.radiopiu.net\/wordpress\/lincendio-in-cadore-precedente-che-fa-lezione\/","title":{"rendered":"L&#8217;INCENDIO IN CADORE,  PRECEDENTE CHE FA LEZIONE\u00a0"},"content":{"rendered":"<blockquote>\n<blockquote>\n<h1><\/h1>\n<\/blockquote>\n<p><strong><a class=\"dt-pswp-item\" href=\"https:\/\/www.radiopiu.net\/wordpress\/wp-content\/uploads\/2019\/11\/WhatsApp-Image-2020-02-14-at-12.39.31.jpeg\" data-dt-img-description=\"\" data-large_image_width=\"1599\" data-large_image_height=\"799\"><img loading=\"lazy\" decoding=\"async\" class=\" wp-image-117443 alignleft\" src=\"https:\/\/www.radiopiu.net\/wordpress\/wp-content\/uploads\/2019\/11\/WhatsApp-Image-2020-02-14-at-12.39.31-300x150.jpeg\" alt=\"\" width=\"418\" height=\"209\" srcset=\"https:\/\/www.radiopiu.net\/wordpress\/wp-content\/uploads\/2019\/11\/WhatsApp-Image-2020-02-14-at-12.39.31-300x150.jpeg 300w, https:\/\/www.radiopiu.net\/wordpress\/wp-content\/uploads\/2019\/11\/WhatsApp-Image-2020-02-14-at-12.39.31-1024x512.jpeg 1024w, https:\/\/www.radiopiu.net\/wordpress\/wp-content\/uploads\/2019\/11\/WhatsApp-Image-2020-02-14-at-12.39.31-768x384.jpeg 768w, https:\/\/www.radiopiu.net\/wordpress\/wp-content\/uploads\/2019\/11\/WhatsApp-Image-2020-02-14-at-12.39.31-1536x768.jpeg 1536w, https:\/\/www.radiopiu.net\/wordpress\/wp-content\/uploads\/2019\/11\/WhatsApp-Image-2020-02-14-at-12.39.31.jpeg 1599w\" sizes=\"auto, (max-width: 418px) 100vw, 418px\" \/><\/a>TAIBON\u00a0 <\/strong>Eccome se il precedente insegna. Il rierimento \u00e8 l&#8217;incendio dell&#8217;altro giorno a Presenaio in Cadore. Le fiamme sono state circoscritte e spente prima che bruciasse una montagna grazie al sapiente intervento di volontari e addetti ai lavori dei servizi regionali. Ma una cosa non \u00e8 sfuggita, tre parole: &#8220;strada taglia fuoco&#8221;.\u00a0 Scrivevamo ieri che<em> &#8220;Le squadre dei pompieri\u00a0 nel pomeriggio sono\u00a0 arrivate da Santo Stefano di Cadore e da Pieve con due automezzi sono riuscite a creare una pista taglia fuoco\u00a0 arrestandolo\u00a0 l\u2019avanzamento delle fiamme, rese particolarmente insidiose dal vento&#8221;<\/em>. Questa \u00e8 la lezione a chi abita a Taibon ha preso appunti. Perch\u00e9 se una strada taglia fuoco ci fosse stata a fine ottobre del 2018 (nei giorni e nelle notti che hanno preceduto la tempesta Vaia) gli abitanti delle frazioni di Peden, Coi, Villanova, Forno Val e La Merla avrebbero dormito sonni tranquilli, al contrario sono stati costretti con l&#8217;ansia a guardare su verso il bosco perch\u00e9 le fiamme d&#8217;abbassavano minuto dopo minuto,\u00a0 mentre il fumo riempiva il cielo della Regione, fino a Venezia. Bruci\u00f2 il bosco delle Pale di San Lucano fino in alto, Vigili del Fuoco e volontari evitarono il peggio fermando il fuoco a braccia, a San Lucano le fiamme hanno minacciato sia la chiesa che la casa parrocchiale tanto cara al parroco\u00a0 Don Mario Zanon. Ci fosse stata una strada taglia fuoco avrebbe probabilmente aiutato i pompieri nel loro lavoro. Ci fosse\u00a0 oggi,\u00a0 garantirebbe sicurezza in un paese che spesso ha fatto i conti con le fiamme in valle di San Lucano. E se ci fosse faciliterebbe il recupero degli schianti, ad oggi dopo 15 mesi sul fianco delle Pale di San Lucano, ben visibile da chi percorre la regionale 203 Agordina in uscita dalla tangenziale, le piante sono ancora tutte tristemente a terra, sotto la minaccia del bostrico e del fuoco perch\u00e9,\u00a0 in caso di incendio sarebbe ottimo combustibile. In paese c&#8217;\u00e8 chi ha raccolto firme, ma per ora non ci sono risposte in proposito.<\/p>\n<p>&nbsp;<\/p>\n<blockquote>\n<h3>DAL NOTIZIARIO DEL 12 NOVEMBRE 2019<\/h3>\n<\/blockquote>\n<p><strong><a class=\"dt-pswp-item\" href=\"http:\/\/www.radiopiu.net\/wordpress\/wp-content\/uploads\/2019\/11\/eb8bfb2b-b485-41cc-8a8f-d98b74284a9f.jpg\" data-dt-img-description=\"\" data-large_image_width=\"478\" data-large_image_height=\"704\"><img loading=\"lazy\" decoding=\"async\" class=\" wp-image-106018 alignleft\" src=\"http:\/\/www.radiopiu.net\/wordpress\/wp-content\/uploads\/2019\/11\/eb8bfb2b-b485-41cc-8a8f-d98b74284a9f-204x300.jpg\" alt=\"\" width=\"116\" height=\"171\" srcset=\"https:\/\/www.radiopiu.net\/wordpress\/wp-content\/uploads\/2019\/11\/eb8bfb2b-b485-41cc-8a8f-d98b74284a9f-204x300.jpg 204w, https:\/\/www.radiopiu.net\/wordpress\/wp-content\/uploads\/2019\/11\/eb8bfb2b-b485-41cc-8a8f-d98b74284a9f.jpg 478w\" sizes=\"auto, (max-width: 116px) 100vw, 116px\" \/><\/a>TAIBON<\/strong> Un paese la chiede anche attraverso una petizione, una strada tagliafuoco sopra l&#8217;abitato di Peden, Villanova e Fornoval, un costone messo a dura prova dal fuoco che ha minacciato anche le abitazioni nella zona pi\u00f9 a nord.<em> &#8220;Quell&#8217;incendio abbiamo dovuto dimenticarlo per l&#8217;arrivo di Vaia, ma l\u00ec il problema \u00e8 evidente, dalla necessit\u00e0 di togliere gli alberi al dissesto idrogeologico&#8221;.\u00a0<\/em>Per questo il sindaco lo ha messo nella lista delle priorit\u00e0. Per le strade silvopastorali stanziato pi\u00f9 di 1 milione di euro spesi per la strade danneggiate. La strada taglia fuoco \u00e8 vincolata ad eventuali nuove risorse, per un intervento di questo tipo l&#8217;avanzo di amministrazione \u00e8 poca cosa.<\/p>\n<h3>IL SINDACO DI TAIBON SILVIA TORMEN (archivio 12 novembre 2019)<\/h3>\n<audio class=\"wp-audio-shortcode\" id=\"audio-117444-1\" preload=\"none\" style=\"width: 100%;\" controls=\"controls\"><source type=\"audio\/mpeg\" src=\"http:\/\/www.radiopiu.net\/wordpress\/wp-content\/uploads\/2019\/11\/SILVIA-AUDIO.mp3?_=1\" \/><a href=\"http:\/\/www.radiopiu.net\/wordpress\/wp-content\/uploads\/2019\/11\/SILVIA-AUDIO.mp3\">http:\/\/www.radiopiu.net\/wordpress\/wp-content\/uploads\/2019\/11\/SILVIA-AUDIO.mp3<\/a><\/audio>\n<h3><\/h3>\n<p>&nbsp;<\/p><\/blockquote>\n<h3><\/h3>\n<h3><\/h3>\n<h3>IL SINDACO DI TAIBON SILVIA TORMEN (archivio 12 novembre 2019)<\/h3>\n<audio class=\"wp-audio-shortcode\" id=\"audio-117444-2\" preload=\"none\" style=\"width: 100%;\" controls=\"controls\"><source type=\"audio\/mpeg\" src=\"http:\/\/www.radiopiu.net\/wordpress\/wp-content\/uploads\/2019\/11\/SILVIA-AUDIO.mp3?_=2\" \/><a href=\"http:\/\/www.radiopiu.net\/wordpress\/wp-content\/uploads\/2019\/11\/SILVIA-AUDIO.mp3\">http:\/\/www.radiopiu.net\/wordpress\/wp-content\/uploads\/2019\/11\/SILVIA-AUDIO.mp3<\/a><\/audio>\n<h3>I<\/h3>\n","protected":false},"excerpt":{"rendered":"<p>TAIBON\u00a0 Eccome se il precedente insegna. Il rierimento \u00e8 l&#8217;incendio dell&#8217;altro giorno a Presenaio in Cadore. Le fiamme sono state circoscritte e spente prima che bruciasse una montagna grazie al sapiente intervento di volontari e addetti ai lavori dei servizi regionali. Ma una cosa non \u00e8 sfuggita, tre parole: &#8220;strada taglia fuoco&#8221;.\u00a0 Scrivevamo ieri che&hellip;<\/p>\n","protected":false},"author":1,"featured_media":117443,"comment_status":"closed","ping_status":"closed","sticky":false,"template":"","format":"standard","meta":{"_monsterinsights_skip_tracking":false,"_monsterinsights_sitenote_active":false,"_monsterinsights_sitenote_note":"","_monsterinsights_sitenote_category":0,"footnotes":""},"categories":[1,51,49],"tags":[],"class_list":["post-117444","post","type-post","status-publish","format-standard","has-post-thumbnail","hentry","category-senza-categoria","category-evidenza-top","category-news-18","category-1","category-51","category-49","description-off"],"img_url":"https:\/\/www.radiopiu.net\/wordpress\/wp-content\/uploads\/2019\/11\/WhatsApp-Image-2020-02-14-at-12.39.31.jpeg","_links":{"self":[{"href":"https:\/\/www.radiopiu.net\/wordpress\/wp-json\/wp\/v2\/posts\/117444","targetHints":{"allow":["GET"]}}],"collection":[{"href":"https:\/\/www.radiopiu.net\/wordpress\/wp-json\/wp\/v2\/posts"}],"about":[{"href":"https:\/\/www.radiopiu.net\/wordpress\/wp-json\/wp\/v2\/types\/post"}],"author":[{"embeddable":true,"href":"https:\/\/www.radiopiu.net\/wordpress\/wp-json\/wp\/v2\/users\/1"}],"replies":[{"embeddable":true,"href":"https:\/\/www.radiopiu.net\/wordpress\/wp-json\/wp\/v2\/comments?post=117444"}],"version-history":[{"count":0,"href":"https:\/\/www.radiopiu.net\/wordpress\/wp-json\/wp\/v2\/posts\/117444\/revisions"}],"wp:featuredmedia":[{"embeddable":true,"href":"https:\/\/www.radiopiu.net\/wordpress\/wp-json\/wp\/v2\/media\/117443"}],"wp:attachment":[{"href":"https:\/\/www.radiopiu.net\/wordpress\/wp-json\/wp\/v2\/media?parent=117444"}],"wp:term":[{"taxonomy":"category","embeddable":true,"href":"https:\/\/www.radiopiu.net\/wordpress\/wp-json\/wp\/v2\/categories?post=117444"},{"taxonomy":"post_tag","embeddable":true,"href":"https:\/\/www.radiopiu.net\/wordpress\/wp-json\/wp\/v2\/tags?post=117444"}],"curies":[{"name":"wp","href":"https:\/\/api.w.org\/{rel}","templated":true}]}}