{"id":117461,"date":"2020-02-14T16:05:20","date_gmt":"2020-02-14T15:05:20","guid":{"rendered":"https:\/\/www.radiopiu.net\/wordpress\/?p=117461"},"modified":"2020-02-14T16:05:20","modified_gmt":"2020-02-14T15:05:20","slug":"franco-fabbri-il-nuovo-comandante-della-polizia-stradale","status":"publish","type":"post","link":"https:\/\/www.radiopiu.net\/wordpress\/franco-fabbri-il-nuovo-comandante-della-polizia-stradale\/","title":{"rendered":"FRANCO FABBRI IL NUOVO COMANDANTE DELLA POLIZIA STRADALE"},"content":{"rendered":"<header class=\"amico-article__header\">\n<div class=\"amico-article__summary\">\n<p><img loading=\"lazy\" decoding=\"async\" class=\"alignleft\" src=\"https:\/\/www.radiopiu.net\/wordpress\/wp-content\/uploads\/2020\/02\/eb934c48-3270-4bd9-b42f-4eca32102aea.jpg\" width=\"227\" height=\"151\" \/><strong>BELLUNO <\/strong>Franco Fabbri,\u00a0 51 anni tra pochi giorni, originario di Lugo di Romagna (RA) da Novara a Belluno per dirigere la Polizia Stradale a Belluno. Uomo di esperienza per aver comandato anche gli uomini di Cuneo e\u00a0 Vercelli. Franco Fabbri \u00e8\u00a0 il nuovo comandante provinciale della Polizia Stradale di Belluno. \u00c8 arrivato luned\u00ec, si \u00e8 subito messo al lavoro e oggi, venerd\u00ec 14 febbraio, si \u00e8 presentato ufficialmente alla stampa nella sede della Questura. (FOTO LUCA ZANFRON)<\/p>\n<p><strong>DI MORENO GIOLI<\/strong><\/p>\n<\/div>\n<audio class=\"wp-audio-shortcode\" id=\"audio-117461-1\" preload=\"none\" style=\"width: 100%;\" controls=\"controls\"><source type=\"audio\/mpeg\" src=\"https:\/\/www.radiopiu.net\/wordpress\/wp-content\/uploads\/2020\/02\/GIOLI-OK.mp3?_=1\" \/><a href=\"https:\/\/www.radiopiu.net\/wordpress\/wp-content\/uploads\/2020\/02\/GIOLI-OK.mp3\">https:\/\/www.radiopiu.net\/wordpress\/wp-content\/uploads\/2020\/02\/GIOLI-OK.mp3<\/a><\/audio>\n<\/header>\n","protected":false},"excerpt":{"rendered":"<p>BELLUNO Franco Fabbri,\u00a0 51 anni tra pochi giorni, originario di Lugo di Romagna (RA) da Novara a Belluno per dirigere la Polizia Stradale a Belluno. Uomo di esperienza per aver comandato anche gli uomini di Cuneo e\u00a0 Vercelli. Franco Fabbri \u00e8\u00a0 il nuovo comandante provinciale della Polizia Stradale di Belluno. \u00c8 arrivato luned\u00ec, si \u00e8&hellip;<\/p>\n","protected":false},"author":1,"featured_media":117462,"comment_status":"closed","ping_status":"closed","sticky":false,"template":"","format":"standard","meta":{"_monsterinsights_skip_tracking":false,"_monsterinsights_sitenote_active":false,"_monsterinsights_sitenote_note":"","_monsterinsights_sitenote_category":0,"footnotes":""},"categories":[51,49],"tags":[],"class_list":["post-117461","post","type-post","status-publish","format-standard","has-post-thumbnail","hentry","category-evidenza-top","category-news-18","category-51","category-49","description-off"],"img_url":"https:\/\/www.radiopiu.net\/wordpress\/wp-content\/uploads\/2020\/02\/eb934c48-3270-4bd9-b42f-4eca32102aea.jpg","_links":{"self":[{"href":"https:\/\/www.radiopiu.net\/wordpress\/wp-json\/wp\/v2\/posts\/117461","targetHints":{"allow":["GET"]}}],"collection":[{"href":"https:\/\/www.radiopiu.net\/wordpress\/wp-json\/wp\/v2\/posts"}],"about":[{"href":"https:\/\/www.radiopiu.net\/wordpress\/wp-json\/wp\/v2\/types\/post"}],"author":[{"embeddable":true,"href":"https:\/\/www.radiopiu.net\/wordpress\/wp-json\/wp\/v2\/users\/1"}],"replies":[{"embeddable":true,"href":"https:\/\/www.radiopiu.net\/wordpress\/wp-json\/wp\/v2\/comments?post=117461"}],"version-history":[{"count":0,"href":"https:\/\/www.radiopiu.net\/wordpress\/wp-json\/wp\/v2\/posts\/117461\/revisions"}],"wp:featuredmedia":[{"embeddable":true,"href":"https:\/\/www.radiopiu.net\/wordpress\/wp-json\/wp\/v2\/media\/117462"}],"wp:attachment":[{"href":"https:\/\/www.radiopiu.net\/wordpress\/wp-json\/wp\/v2\/media?parent=117461"}],"wp:term":[{"taxonomy":"category","embeddable":true,"href":"https:\/\/www.radiopiu.net\/wordpress\/wp-json\/wp\/v2\/categories?post=117461"},{"taxonomy":"post_tag","embeddable":true,"href":"https:\/\/www.radiopiu.net\/wordpress\/wp-json\/wp\/v2\/tags?post=117461"}],"curies":[{"name":"wp","href":"https:\/\/api.w.org\/{rel}","templated":true}]}}