{"id":117493,"date":"2020-02-15T05:33:08","date_gmt":"2020-02-15T04:33:08","guid":{"rendered":"https:\/\/www.radiopiu.net\/wordpress\/?p=117493"},"modified":"2020-02-15T10:49:19","modified_gmt":"2020-02-15T09:49:19","slug":"giornale-radiopiu-15-febbraio-2020-direttore-mirko-mezzacasa","status":"publish","type":"post","link":"https:\/\/www.radiopiu.net\/wordpress\/giornale-radiopiu-15-febbraio-2020-direttore-mirko-mezzacasa\/","title":{"rendered":"GIORNALE RADIOPIU 15 FEBBRAIO 2020 direttore Mirko Mezzacasa"},"content":{"rendered":"<blockquote><p><strong><a class=\"dt-pswp-item\" href=\"https:\/\/www.radiopiu.net\/wordpress\/wp-content\/uploads\/2020\/02\/telegram-q-ok.jpg\" data-dt-img-description=\"\" data-large_image_width=\"800\" data-large_image_height=\"800\"><img loading=\"lazy\" decoding=\"async\" class=\"wp-image-117176 alignleft\" src=\"https:\/\/www.radiopiu.net\/wordpress\/wp-content\/uploads\/2020\/02\/telegram-q-ok-300x300.jpg\" alt=\"\" width=\"103\" height=\"103\" srcset=\"https:\/\/www.radiopiu.net\/wordpress\/wp-content\/uploads\/2020\/02\/telegram-q-ok-300x300.jpg 300w, https:\/\/www.radiopiu.net\/wordpress\/wp-content\/uploads\/2020\/02\/telegram-q-ok-150x150.jpg 150w, https:\/\/www.radiopiu.net\/wordpress\/wp-content\/uploads\/2020\/02\/telegram-q-ok-768x768.jpg 768w, https:\/\/www.radiopiu.net\/wordpress\/wp-content\/uploads\/2020\/02\/telegram-q-ok.jpg 800w\" sizes=\"auto, (max-width: 103px) 100vw, 103px\" \/><\/a>PER RICEVERE QUESTO NOTIZIARIO DIRETTAMENTE SUL TUO CELLULARE ISCRIVITI AL CANALE <span style=\"color: #0000ff;\">TELEGRAM<\/span><\/strong><\/p>\n<p><strong>&#8220;<span style=\"color: #ff0000;\">RADIO PIU\u00a0 INFORMAZIONE<span style=\"color: #000000;\">&#8221;\u00a0<\/span><\/span><\/strong><\/p><\/blockquote>\n<p>&nbsp;<\/p>\n<p>&nbsp;<\/p>\n<p>&nbsp;<\/p>\n<blockquote>\n<h2>INCIDENTE MORTALE AD ALLEGHE, PROBABILMENTE LA CAUSA UN MALORE<\/h2>\n<\/blockquote>\n<p>&nbsp;<\/p>\n<p><strong>ALLEGHE<\/strong> Alle 9\u00a0 incidente mortale lungo la regionale 203 Agordina, poco prima del centro abitato di Alleghe. Al volante\u00a0 un uomo\u00a0 Carlo Pini\u00e8, residente a Caprile da dove era partito\u00a0 diretto verso il centro del paese, fatta la curva\u00a0 l&#8217;improvvisa sbandata a sinistra e lo schianto contro il cemento. L&#8217;auto, una Clio \u00e8\u00a0 finita contro il muro dell&#8217;Albergo Dolomiti (chiuso da tempo), poco prima del&#8217;altra curva e della salita che porta in piazza Kennedy. Immediato l&#8217;intervento del\u00a0 118 con l&#8217;ambulanza della locale Croce Verde e dei Vigili del fuoco. Da Pieve di Cadore il Suem che ha sbarcato dall&#8217;elicottero il personale sanitario lungo la comunale di via lungo lago. Purtroppo per l&#8217;anziano non c&#8217;\u00e8 stato nulla da fare, sull&#8217;asfalto nessuno segno di frenata per questo l&#8217;ipotesi del malore. Per i rilievi sono intervenuti i Carabinieri di Caprile. Inevitabili gli incolonnamenti\u00a0 lungo la regionale 203 agordina in entrambe le direzioni. Carlo Pini\u00e8 era persona amata e conosciuta ad Alleghe, lascia due figli e i nipoti.<\/p>\n<p><strong>\u00a0<\/strong><\/p>\n\n\t\t\t<style type='text\/css'>\n\t\t\t\t#gallery-1 {\n\t\t\t\t\tmargin: auto;\n\t\t\t\t}\n\t\t\t\t#gallery-1 .gallery-item {\n\t\t\t\t\tfloat: left;\n\t\t\t\t\tmargin-top: 10px;\n\t\t\t\t\ttext-align: center;\n\t\t\t\t\twidth: 33%;\n\t\t\t\t}\n\t\t\t\t#gallery-1 img {\n\t\t\t\t\tborder: 2px solid #cfcfcf;\n\t\t\t\t}\n\t\t\t\t#gallery-1 .gallery-caption {\n\t\t\t\t\tmargin-left: 0;\n\t\t\t\t}\n\t\t\t\t\/* see gallery_shortcode() in wp-includes\/media.php *\/\n\t\t\t<\/style>\n\t\t<div id='gallery-1' class='dt-gallery-container gallery galleryid-117493 gallery-columns-3 gallery-size-thumbnail'><dl class='gallery-item'>\n\t\t\t\t<dt class='gallery-icon portrait'>\n\t\t\t\t\t<a class=\"rollover\" href='https:\/\/www.radiopiu.net\/wordpress\/bbbbb\/c1221fe6-3c79-4638-9949-87913cab6bdd\/'><img loading=\"lazy\" decoding=\"async\" width=\"150\" height=\"150\" src=\"https:\/\/www.radiopiu.net\/wordpress\/wp-content\/uploads\/2020\/02\/c1221fe6-3c79-4638-9949-87913cab6bdd-150x150.jpg\" class=\"attachment-thumbnail size-thumbnail\" alt=\"\" \/><\/a>\n\t\t\t\t<\/dt><\/dl><dl class='gallery-item'>\n\t\t\t\t<dt class='gallery-icon portrait'>\n\t\t\t\t\t<a class=\"rollover\" href='https:\/\/www.radiopiu.net\/wordpress\/bbbbb\/dcf0782b-9d9c-484f-967f-78abbadae1b2\/'><img loading=\"lazy\" decoding=\"async\" width=\"150\" height=\"150\" src=\"https:\/\/www.radiopiu.net\/wordpress\/wp-content\/uploads\/2020\/02\/dcf0782b-9d9c-484f-967f-78abbadae1b2-150x150.jpg\" class=\"attachment-thumbnail size-thumbnail\" alt=\"\" \/><\/a>\n\t\t\t\t<\/dt><\/dl><dl class='gallery-item'>\n\t\t\t\t<dt class='gallery-icon landscape'>\n\t\t\t\t\t<a class=\"rollover\" href='https:\/\/www.radiopiu.net\/wordpress\/bbbbb\/af90d648-07b4-48b5-9ff2-17adddbe8554\/'><img loading=\"lazy\" decoding=\"async\" width=\"150\" height=\"150\" src=\"https:\/\/www.radiopiu.net\/wordpress\/wp-content\/uploads\/2020\/02\/af90d648-07b4-48b5-9ff2-17adddbe8554-150x150.jpg\" class=\"attachment-thumbnail size-thumbnail\" alt=\"\" \/><\/a>\n\t\t\t\t<\/dt><\/dl><br style=\"clear: both\" \/><dl class='gallery-item'>\n\t\t\t\t<dt class='gallery-icon portrait'>\n\t\t\t\t\t<a class=\"rollover\" href='https:\/\/www.radiopiu.net\/wordpress\/bbbbb\/784e7286-2c09-4f65-ac4c-16df590eb2d3\/'><img loading=\"lazy\" decoding=\"async\" width=\"150\" height=\"150\" src=\"https:\/\/www.radiopiu.net\/wordpress\/wp-content\/uploads\/2020\/02\/784e7286-2c09-4f65-ac4c-16df590eb2d3-150x150.jpg\" class=\"attachment-thumbnail size-thumbnail\" alt=\"\" \/><\/a>\n\t\t\t\t<\/dt><\/dl><dl class='gallery-item'>\n\t\t\t\t<dt class='gallery-icon portrait'>\n\t\t\t\t\t<a class=\"rollover\" href='https:\/\/www.radiopiu.net\/wordpress\/bbbbb\/2b7c881f-8ab0-4898-8a2f-d3b020027a10\/'><img loading=\"lazy\" decoding=\"async\" width=\"150\" height=\"150\" src=\"https:\/\/www.radiopiu.net\/wordpress\/wp-content\/uploads\/2020\/02\/2b7c881f-8ab0-4898-8a2f-d3b020027a10-150x150.jpg\" class=\"attachment-thumbnail size-thumbnail\" alt=\"\" \/><\/a>\n\t\t\t\t<\/dt><\/dl><dl class='gallery-item'>\n\t\t\t\t<dt class='gallery-icon landscape'>\n\t\t\t\t\t<a class=\"rollover\" href='https:\/\/www.radiopiu.net\/wordpress\/bbbbb\/whatsapp-image-2020-02-15-at-09-20-22\/'><img loading=\"lazy\" decoding=\"async\" width=\"150\" height=\"150\" src=\"https:\/\/www.radiopiu.net\/wordpress\/wp-content\/uploads\/2020\/02\/WhatsApp-Image-2020-02-15-at-09.20.22-150x150.jpeg\" class=\"attachment-thumbnail size-thumbnail\" alt=\"\" srcset=\"https:\/\/www.radiopiu.net\/wordpress\/wp-content\/uploads\/2020\/02\/WhatsApp-Image-2020-02-15-at-09.20.22-150x150.jpeg 150w, https:\/\/www.radiopiu.net\/wordpress\/wp-content\/uploads\/2020\/02\/WhatsApp-Image-2020-02-15-at-09.20.22-300x300.jpeg 300w, https:\/\/www.radiopiu.net\/wordpress\/wp-content\/uploads\/2020\/02\/WhatsApp-Image-2020-02-15-at-09.20.22-1024x1024.jpeg 1024w, https:\/\/www.radiopiu.net\/wordpress\/wp-content\/uploads\/2020\/02\/WhatsApp-Image-2020-02-15-at-09.20.22-768x767.jpeg 768w, https:\/\/www.radiopiu.net\/wordpress\/wp-content\/uploads\/2020\/02\/WhatsApp-Image-2020-02-15-at-09.20.22.jpeg 1529w\" sizes=\"auto, (max-width: 150px) 100vw, 150px\" \/><\/a>\n\t\t\t\t<\/dt><\/dl><br style=\"clear: both\" \/><dl class='gallery-item'>\n\t\t\t\t<dt class='gallery-icon landscape'>\n\t\t\t\t\t<a class=\"rollover\" href='https:\/\/www.radiopiu.net\/wordpress\/bbbbb\/whatsapp-image-2020-02-15-at-09-20-21\/'><img loading=\"lazy\" decoding=\"async\" width=\"150\" height=\"150\" src=\"https:\/\/www.radiopiu.net\/wordpress\/wp-content\/uploads\/2020\/02\/WhatsApp-Image-2020-02-15-at-09.20.21-150x150.jpeg\" class=\"attachment-thumbnail size-thumbnail\" alt=\"\" srcset=\"https:\/\/www.radiopiu.net\/wordpress\/wp-content\/uploads\/2020\/02\/WhatsApp-Image-2020-02-15-at-09.20.21-150x150.jpeg 150w, https:\/\/www.radiopiu.net\/wordpress\/wp-content\/uploads\/2020\/02\/WhatsApp-Image-2020-02-15-at-09.20.21-300x300.jpeg 300w, https:\/\/www.radiopiu.net\/wordpress\/wp-content\/uploads\/2020\/02\/WhatsApp-Image-2020-02-15-at-09.20.21-1024x1021.jpeg 1024w, https:\/\/www.radiopiu.net\/wordpress\/wp-content\/uploads\/2020\/02\/WhatsApp-Image-2020-02-15-at-09.20.21-768x766.jpeg 768w, https:\/\/www.radiopiu.net\/wordpress\/wp-content\/uploads\/2020\/02\/WhatsApp-Image-2020-02-15-at-09.20.21-1536x1531.jpeg 1536w, https:\/\/www.radiopiu.net\/wordpress\/wp-content\/uploads\/2020\/02\/WhatsApp-Image-2020-02-15-at-09.20.21.jpeg 1565w\" sizes=\"auto, (max-width: 150px) 100vw, 150px\" \/><\/a>\n\t\t\t\t<\/dt><\/dl>\n\t\t\t\t<br style='clear: both' \/>\n\t\t\t<\/div>\n\n<p>&nbsp;<\/p>\n<p>&nbsp;<\/p>\n<hr \/>\n<p>&nbsp;<\/p>\n<p>&nbsp;<\/p>\n<blockquote>\n<h2>PISTA CHIUSA, MA IL TEDESCO SFIDA IL DIVIETO E FINISCE CONTRO I CAVI D&#8217;ACCIAIO. SOCCORSO E MULTATO<\/h2>\n<hr \/>\n<\/blockquote>\n<p><strong><a class=\"dt-pswp-item\" href=\"https:\/\/www.radiopiu.net\/wordpress\/wp-content\/uploads\/2020\/02\/cbadf909-089e-4498-8cb0-88fdf9526558.jpg\" data-dt-img-description=\"\" data-large_image_width=\"960\" data-large_image_height=\"1280\"><img loading=\"lazy\" decoding=\"async\" class=\"size-medium wp-image-117636 alignleft\" src=\"https:\/\/www.radiopiu.net\/wordpress\/wp-content\/uploads\/2020\/02\/cbadf909-089e-4498-8cb0-88fdf9526558-225x300.jpg\" alt=\"\" width=\"225\" height=\"300\" srcset=\"https:\/\/www.radiopiu.net\/wordpress\/wp-content\/uploads\/2020\/02\/cbadf909-089e-4498-8cb0-88fdf9526558-225x300.jpg 225w, https:\/\/www.radiopiu.net\/wordpress\/wp-content\/uploads\/2020\/02\/cbadf909-089e-4498-8cb0-88fdf9526558-768x1024.jpg 768w, https:\/\/www.radiopiu.net\/wordpress\/wp-content\/uploads\/2020\/02\/cbadf909-089e-4498-8cb0-88fdf9526558.jpg 960w\" sizes=\"auto, (max-width: 225px) 100vw, 225px\" \/><\/a>FALCADE<\/strong> Nel tardo pomeriggio di ieri i Carabinieri Sciatori della stazione di Falcade sono intervenuti in soccorso\u00a0 di uno sciatore tedesco di 50 anni. L&#8217;uomo C.K. a piste ormai chiuse \u00e8 risalito lungo la pista Rossignol con le pelli di foca\u00a0 e nella fase di discesa andava a collidere\u00a0 contro un verricello collegato al gatto delle nevi impegnato nella battitura della pista. Lo straniero \u00e8 stato portato\u00a0 all&#8217;ospedale di Agordo, prognosi 20 giorni per la frattura costale e alla mano. Sacrosanta la sanzione di 50 euro per aver violato il divieto di transito a pista chiusa. Un malcostume per il quale c&#8217;\u00e8 massima attenzione dei Carabinieri organizzati anche con servizi specifici.<\/p>\n<p>&nbsp;<\/p>\n<p>&nbsp;<\/p>\n<p>&nbsp;<\/p>\n<p>&nbsp;<\/p>\n<p>&nbsp;<\/p>\n<p>&nbsp;<\/p>\n<p>&nbsp;<\/p>\n<hr \/>\n<p>&nbsp;<\/p>\n<p>&nbsp;<\/p>\n<h3>Gestione Servizi Pubblici informa che, per lavori alla rete idrica comunale martedi dalle 08:30 a FINE LAVORI verr\u00e0 sospesa l\u2019erogazione dell\u2019acqua a SELVA DI CADORE nelle VIE DEI DENEVER, MONTE CERNERA E TALAMINI.<\/h3>\n<p>&nbsp;<\/p>\n<hr \/>\n<p>&nbsp;<\/p>\n<p>&nbsp;<\/p>\n<p>&nbsp;<\/p>\n<p><iframe loading=\"lazy\" title=\"Lo spot del Soccorso Alpino e Speleologico per RAI Comunicazione Sociale\" width=\"1200\" height=\"675\" src=\"https:\/\/www.youtube.com\/embed\/ZWzD6qQjDYA?feature=oembed\" frameborder=\"0\" allow=\"accelerometer; autoplay; encrypted-media; gyroscope; picture-in-picture\" allowfullscreen><\/iframe><\/p>\n<p>&nbsp;<\/p>\n<p>&nbsp;<\/p>\n<p>&nbsp;<\/p>\n<h2><span style=\"color: #ff0000;\">OGGI, AGORDINO E AUTO D&#8217;EPOCA<\/span><\/h2>\n<blockquote><p><strong>VOLTAGO<\/strong> Passaggio di auto storiche oggi nell&#8217;Agordino,\u00a0 \u00e8 la Coppa Attilio Bettega 2020. A Voltago passaggio attorno alle 16.30-17.20, le auto d&#8217;epoca\u00a0 arriveranno dal Primiero con direzione: Agordo, La Valle, Passo Duran, Passo Staulanza&#8230;.<br \/>\n<strong>tutti i particolari <span style=\"color: #0000ff;\"><a style=\"color: #0000ff;\" href=\"https:\/\/www.coppaattiliobettega.it\/\">CLICCA QUI<\/a><\/span><\/strong><\/p><\/blockquote>\n<p>&nbsp;<\/p>\n<hr \/>\n<h3><span style=\"color: #0000ff;\">GIOCO D&#8217;AZZARDO, LA RIFLESSIONE<\/span><\/h3>\n<p><strong>di Monsignor Giorgio Lise<\/strong><\/p>\n<p><strong>BELLUNO<\/strong> <em>&#8220;\u2026 L&#8217;azzardo \u00e8 un&#8217;industria e un business che, invece di creare valore, lo brucia, lo consuma desertificando legami sociali e dissipando il risparmio. Esso provoca un enorme problema per un numero crescente di persone, genera crescente povert\u00e0 e sofferenza. Ed \u00e8, in modo sempre pi\u00f9 manifesto, una questione di salute pubblica, di legalit\u00e0 e di malessere familiare e sociale. E questo &#8220;male&#8221;, come ha ricordato a pi\u00f9 riprese in questi tempi RadioPi\u00f9, sta aggredendo persone anche nel territorio agordino. Tanto per quantificare un po\u2019 il fenomeno: nel 2016 in Agordino sono stati bruciati 16 milioni e mezzo di euro, circa 45 mila euro al giorno, in media 866,55 euro a testa. <\/em><em>Ora al di l\u00e0 delle iniziative che speriamo vengano prese dalle Autorit\u00e0 per contrastare il fenomeno, da sacerdote sento il bisogno di ricordare che il primo impegno che tocca a ciascuno \u00e8 quello di \u201ccustodire\u201d s\u00e9 stessi, essere vigilanti, perch\u00e9 \u00e8 facile cadere nella spirale del gioco, un vortice nefasto che alla fine non lascia che disperazione&#8221;.<\/em><\/p>\n<h3><\/h3>\n<p>&nbsp;<\/p>\n<hr \/>\n<h3><\/h3>\n<p>&nbsp;<\/p>\n<blockquote>\n<h3>CLAUDIO DAL PAN RITROVATO SANO E SALVO<\/h3>\n<\/blockquote>\n<p><b><a class=\"dt-pswp-item\" href=\"https:\/\/www.radiopiu.net\/wordpress\/wp-content\/uploads\/2020\/02\/image001-2.png\" data-dt-img-description=\"\" data-large_image_width=\"288\" data-large_image_height=\"326\"><img loading=\"lazy\" decoding=\"async\" class=\" wp-image-117449 alignleft\" src=\"https:\/\/www.radiopiu.net\/wordpress\/wp-content\/uploads\/2020\/02\/image001-2-265x300.png\" alt=\"\" width=\"91\" height=\"103\" srcset=\"https:\/\/www.radiopiu.net\/wordpress\/wp-content\/uploads\/2020\/02\/image001-2-265x300.png 265w, https:\/\/www.radiopiu.net\/wordpress\/wp-content\/uploads\/2020\/02\/image001-2.png 288w\" sizes=\"auto, (max-width: 91px) 100vw, 91px\" \/><\/a>BELLUNO <\/b>La Prefettura di Belluno aveva attivato il piano per le persone scomparse, Claudio Dal Pan mancava da giovedi pomeriggio alle 13, scomparso a bordo della sua Dacia di colore bianco. Attorno alle 14.30 di ieri\u00a0 l&#8217;uomo \u00e8 stato trovato sano e salvo da un amico verso Lentiai. Sono intervenuti i Carabinieri.<\/p>\n<p>&nbsp;<\/p>\n<p>&nbsp;<\/p>\n<p>&nbsp;<\/p>\n<hr \/>\n<p>&nbsp;<\/p>\n<p>&nbsp;<\/p>\n<blockquote>\n<h3>SCOSSA DI TERREMOTO A PEDAVENA<\/h3>\n<\/blockquote>\n<p><strong>PEDAVENA<\/strong> Tre giorni fa a Voltago e a Forni di Sopra, l&#8217;altra sera a Pieve l&#8217;Alpago e ieri\u00a0 a Pedavena. La terra trema ancora in provincia anche se si tratta di scosse molto lievi tutte attestate tra 1,5 e 2 di magnitudo. Nel caso della scossa di ieri 1,7.<\/p>\n<p><strong>LE SCOSSE DEL GIORNO<\/strong><\/p>\n<p><a class=\"dt-pswp-item\" href=\"https:\/\/www.radiopiu.net\/wordpress\/wp-content\/uploads\/2020\/02\/beabf340-465e-49cc-ba03-c2f42f3bd8f1.jpg\" data-dt-img-description=\"\" data-large_image_width=\"709\" data-large_image_height=\"828\"><img loading=\"lazy\" decoding=\"async\" class=\"alignnone size-medium wp-image-117509\" src=\"https:\/\/www.radiopiu.net\/wordpress\/wp-content\/uploads\/2020\/02\/beabf340-465e-49cc-ba03-c2f42f3bd8f1-257x300.jpg\" alt=\"\" width=\"257\" height=\"300\" srcset=\"https:\/\/www.radiopiu.net\/wordpress\/wp-content\/uploads\/2020\/02\/beabf340-465e-49cc-ba03-c2f42f3bd8f1-257x300.jpg 257w, https:\/\/www.radiopiu.net\/wordpress\/wp-content\/uploads\/2020\/02\/beabf340-465e-49cc-ba03-c2f42f3bd8f1.jpg 709w\" sizes=\"auto, (max-width: 257px) 100vw, 257px\" \/><\/a><\/p>\n<p>&nbsp;<\/p>\n<p>&nbsp;<\/p>\n<hr \/>\n<h3><\/h3>\n<p>&nbsp;<\/p>\n<blockquote>\n<h3>INCENDIO A ZOPPE&#8217;, LE FIAMME DAL TETTO DEL MUNICIPIO<\/h3>\n<\/blockquote>\n<p><strong>ZOPPE&#8217; DI CADORE<\/strong> Vigili del fuoco in massa verso Zopp\u00e8 di Cadore a dar man forte ai volontari zoldani per un incendio al tetto del Muncipio. Dalle 17 del pomeriggio i vigili del fuoco hanno operato a Zopp\u00e8 di Cadore per l\u2019incendio del tetto dell\u2019edificio comunale. Ingenti i danni non solo al tetto tutto in scandole di legno appoggiate sulla lamiera e sotto tetto ma anche nella sala consigliare dichiarata inagibile. Salve le opere dei pittori Masi SImonetti e Fiorenzo Tomea, i 5 quadri sono stati messo al sicuro dai vigili del fuoco e dall&#8217;operaio del Comune. Dalle prime indicazioni le fiamme si sarebbero sviluppate dalla canna fumaria in prossimit\u00e0 della centrale termica.<\/p>\n<p><a class=\"dt-pswp-item\" href=\"https:\/\/www.radiopiu.net\/wordpress\/wp-content\/uploads\/2020\/02\/C.JPG-1.jpg\" data-dt-img-description=\"\" data-large_image_width=\"320\" data-large_image_height=\"240\"><img loading=\"lazy\" decoding=\"async\" class=\"alignnone size-medium wp-image-117531\" src=\"https:\/\/www.radiopiu.net\/wordpress\/wp-content\/uploads\/2020\/02\/C.JPG-1-300x225.jpg\" alt=\"\" width=\"300\" height=\"225\" srcset=\"https:\/\/www.radiopiu.net\/wordpress\/wp-content\/uploads\/2020\/02\/C.JPG-1-300x225.jpg 300w, https:\/\/www.radiopiu.net\/wordpress\/wp-content\/uploads\/2020\/02\/C.JPG-1.jpg 320w\" sizes=\"auto, (max-width: 300px) 100vw, 300px\" \/><\/a><a class=\"dt-pswp-item\" href=\"https:\/\/www.radiopiu.net\/wordpress\/wp-content\/uploads\/2020\/02\/C.JPG-2.jpg\" data-dt-img-description=\"\" data-large_image_width=\"320\" data-large_image_height=\"240\"><img loading=\"lazy\" decoding=\"async\" class=\"alignnone size-medium wp-image-117532\" src=\"https:\/\/www.radiopiu.net\/wordpress\/wp-content\/uploads\/2020\/02\/C.JPG-2-300x225.jpg\" alt=\"\" width=\"300\" height=\"225\" srcset=\"https:\/\/www.radiopiu.net\/wordpress\/wp-content\/uploads\/2020\/02\/C.JPG-2-300x225.jpg 300w, https:\/\/www.radiopiu.net\/wordpress\/wp-content\/uploads\/2020\/02\/C.JPG-2.jpg 320w\" sizes=\"auto, (max-width: 300px) 100vw, 300px\" \/><\/a><a class=\"dt-pswp-item\" href=\"https:\/\/www.radiopiu.net\/wordpress\/wp-content\/uploads\/2020\/02\/C.JPG-3.jpg\" data-dt-img-description=\"\" data-large_image_width=\"320\" data-large_image_height=\"240\"><img loading=\"lazy\" decoding=\"async\" class=\"alignnone size-medium wp-image-117533\" src=\"https:\/\/www.radiopiu.net\/wordpress\/wp-content\/uploads\/2020\/02\/C.JPG-3-300x225.jpg\" alt=\"\" width=\"300\" height=\"225\" srcset=\"https:\/\/www.radiopiu.net\/wordpress\/wp-content\/uploads\/2020\/02\/C.JPG-3-300x225.jpg 300w, https:\/\/www.radiopiu.net\/wordpress\/wp-content\/uploads\/2020\/02\/C.JPG-3.jpg 320w\" sizes=\"auto, (max-width: 300px) 100vw, 300px\" \/><\/a><\/p>\n<p>Ieri sera alle 20 i vigili del fuoco hanno dato l&#8217;attesa notizia: incendio sotto controllo i 17 operatori e 5 automezzi, sono riusciti a circoscrivere le fiamme, che hanno interessato principalmente la copertura in scandole e il tavolato. Per gran parte della notte sono continuate le operazioni di messa in sicurezza e di bonifica dell\u2019intera copertura che continueranno in giornata.<\/p>\n<p><a class=\"dt-pswp-item\" href=\"https:\/\/www.radiopiu.net\/wordpress\/wp-content\/uploads\/2020\/02\/GF.jpg\" data-dt-img-description=\"\" data-large_image_width=\"720\" data-large_image_height=\"350\"><img loading=\"lazy\" decoding=\"async\" class=\"alignnone wp-image-117567\" src=\"https:\/\/www.radiopiu.net\/wordpress\/wp-content\/uploads\/2020\/02\/GF-300x146.jpg\" alt=\"\" width=\"409\" height=\"199\" srcset=\"https:\/\/www.radiopiu.net\/wordpress\/wp-content\/uploads\/2020\/02\/GF-300x146.jpg 300w, https:\/\/www.radiopiu.net\/wordpress\/wp-content\/uploads\/2020\/02\/GF.jpg 720w\" sizes=\"auto, (max-width: 409px) 100vw, 409px\" \/><\/a><a class=\"dt-pswp-item\" href=\"https:\/\/www.radiopiu.net\/wordpress\/wp-content\/uploads\/2020\/02\/GF-2.jpg\" data-dt-img-description=\"\" data-large_image_width=\"610\" data-large_image_height=\"577\"><img loading=\"lazy\" decoding=\"async\" class=\"alignnone wp-image-117568\" src=\"https:\/\/www.radiopiu.net\/wordpress\/wp-content\/uploads\/2020\/02\/GF-2-300x284.jpg\" alt=\"\" width=\"210\" height=\"199\" srcset=\"https:\/\/www.radiopiu.net\/wordpress\/wp-content\/uploads\/2020\/02\/GF-2-300x284.jpg 300w, https:\/\/www.radiopiu.net\/wordpress\/wp-content\/uploads\/2020\/02\/GF-2.jpg 610w\" sizes=\"auto, (max-width: 210px) 100vw, 210px\" \/><\/a><a class=\"dt-pswp-item\" href=\"https:\/\/www.radiopiu.net\/wordpress\/wp-content\/uploads\/2020\/02\/GF-3.jpg\" data-dt-img-description=\"\" data-large_image_width=\"717\" data-large_image_height=\"715\"><img loading=\"lazy\" decoding=\"async\" class=\"alignnone wp-image-117569\" src=\"https:\/\/www.radiopiu.net\/wordpress\/wp-content\/uploads\/2020\/02\/GF-3-300x300.jpg\" alt=\"\" width=\"199\" height=\"199\" srcset=\"https:\/\/www.radiopiu.net\/wordpress\/wp-content\/uploads\/2020\/02\/GF-3-300x300.jpg 300w, https:\/\/www.radiopiu.net\/wordpress\/wp-content\/uploads\/2020\/02\/GF-3-150x150.jpg 150w, https:\/\/www.radiopiu.net\/wordpress\/wp-content\/uploads\/2020\/02\/GF-3.jpg 717w\" sizes=\"auto, (max-width: 199px) 100vw, 199px\" \/><\/a><\/p>\n<p>&nbsp;<\/p>\n<p>&nbsp;<\/p>\n<p>&nbsp;<\/p>\n<hr \/>\n<p>&nbsp;<\/p>\n<p>&nbsp;<\/p>\n<p>&nbsp;<\/p>\n<blockquote>\n<h2>L&#8217;INCENDIO IN CADORE, PRECEDENTE CHE FA LEZIONE<\/h2>\n<\/blockquote>\n<blockquote>\n<h1><\/h1>\n<\/blockquote>\n<p><strong><a class=\"dt-pswp-item\" href=\"https:\/\/www.radiopiu.net\/wordpress\/wp-content\/uploads\/2019\/11\/WhatsApp-Image-2020-02-14-at-12.39.31.jpeg\" data-dt-img-description=\"\" data-large_image_width=\"1599\" data-large_image_height=\"799\"><img loading=\"lazy\" decoding=\"async\" class=\" wp-image-117443 alignleft\" src=\"https:\/\/www.radiopiu.net\/wordpress\/wp-content\/uploads\/2019\/11\/WhatsApp-Image-2020-02-14-at-12.39.31-300x150.jpeg\" alt=\"\" width=\"418\" height=\"209\" srcset=\"https:\/\/www.radiopiu.net\/wordpress\/wp-content\/uploads\/2019\/11\/WhatsApp-Image-2020-02-14-at-12.39.31-300x150.jpeg 300w, https:\/\/www.radiopiu.net\/wordpress\/wp-content\/uploads\/2019\/11\/WhatsApp-Image-2020-02-14-at-12.39.31-1024x512.jpeg 1024w, https:\/\/www.radiopiu.net\/wordpress\/wp-content\/uploads\/2019\/11\/WhatsApp-Image-2020-02-14-at-12.39.31-768x384.jpeg 768w, https:\/\/www.radiopiu.net\/wordpress\/wp-content\/uploads\/2019\/11\/WhatsApp-Image-2020-02-14-at-12.39.31-1536x768.jpeg 1536w, https:\/\/www.radiopiu.net\/wordpress\/wp-content\/uploads\/2019\/11\/WhatsApp-Image-2020-02-14-at-12.39.31.jpeg 1599w\" sizes=\"auto, (max-width: 418px) 100vw, 418px\" \/><\/a>TAIBON\u00a0 <\/strong>Eccome se il precedente insegna. Il riferimento \u00e8 l&#8217;incendio dell&#8217;altro giorno a Presenaio in Cadore. Le fiamme sono state circoscritte e spente prima che bruciasse una montagna grazie al sapiente intervento di volontari e addetti ai lavori dei servizi regionali. Ma una cosa non \u00e8 sfuggita, tre parole: &#8220;strada taglia fuoco&#8221;.\u00a0 Scrivevamo ieri che<em> &#8220;Le squadre dei pompieri\u00a0 nel pomeriggio sono\u00a0 arrivate da Santo Stefano di Cadore e da Pieve con due automezzi sono riuscite a creare una pista taglia fuoco\u00a0 arrestandolo\u00a0 l\u2019avanzamento delle fiamme, rese particolarmente insidiose dal vento&#8221;<\/em>. Questa \u00e8 la lezione a chi abita a Taibon ha preso appunti. Perch\u00e9 se una strada taglia fuoco ci fosse stata a fine ottobre del 2018 (nei giorni e nelle notti che hanno preceduto la tempesta Vaia) gli abitanti delle frazioni di Peden, Coi, Villanova, Forno Val e La Merla avrebbero dormito sonni tranquilli, al contrario sono stati costretti con l&#8217;ansia a guardare su verso il bosco perch\u00e9 le fiamme d&#8217;abbassavano minuto dopo minuto,\u00a0 mentre il fumo riempiva il cielo della Regione, fino a Venezia. Bruci\u00f2 il bosco delle Pale di San Lucano fino in alto, Vigili del Fuoco e volontari evitarono il peggio fermando il fuoco a braccia, a San Lucano le fiamme hanno minacciato sia la chiesa che la casa parrocchiale tanto cara al parroco\u00a0 Don Mario Zanon. Ci fosse stata una strada taglia fuoco avrebbe probabilmente aiutato i pompieri nel loro lavoro. Ci fosse\u00a0 oggi,\u00a0 garantirebbe sicurezza in un paese che spesso ha fatto i conti con le fiamme in valle di San Lucano. E se ci fosse faciliterebbe il recupero degli schianti, ad oggi dopo 15 mesi sul fianco delle Pale di San Lucano, ben visibile da chi percorre la regionale 203 Agordina in uscita dalla tangenziale, le piante sono ancora tutte tristemente a terra, sotto la minaccia del bostrico e del fuoco perch\u00e9,\u00a0 in caso di incendio sarebbe ottimo combustibile. In paese c&#8217;\u00e8 chi ha raccolto firme, ma per ora non ci sono risposte in proposito.<\/p>\n<p>&nbsp;<\/p>\n<blockquote>\n<h3>DAL NOTIZIARIO DEL 12 NOVEMBRE 2019<\/h3>\n<\/blockquote>\n<p><strong><a class=\"dt-pswp-item\" href=\"http:\/\/www.radiopiu.net\/wordpress\/wp-content\/uploads\/2019\/11\/eb8bfb2b-b485-41cc-8a8f-d98b74284a9f.jpg\" data-dt-img-description=\"\" data-large_image_width=\"478\" data-large_image_height=\"704\"><img loading=\"lazy\" decoding=\"async\" class=\" wp-image-106018 alignleft\" src=\"http:\/\/www.radiopiu.net\/wordpress\/wp-content\/uploads\/2019\/11\/eb8bfb2b-b485-41cc-8a8f-d98b74284a9f-204x300.jpg\" alt=\"\" width=\"116\" height=\"171\" srcset=\"https:\/\/www.radiopiu.net\/wordpress\/wp-content\/uploads\/2019\/11\/eb8bfb2b-b485-41cc-8a8f-d98b74284a9f-204x300.jpg 204w, https:\/\/www.radiopiu.net\/wordpress\/wp-content\/uploads\/2019\/11\/eb8bfb2b-b485-41cc-8a8f-d98b74284a9f.jpg 478w\" sizes=\"auto, (max-width: 116px) 100vw, 116px\" \/><\/a>TAIBON<\/strong> Un paese la chiede anche attraverso una petizione, una strada tagliafuoco sopra l&#8217;abitato di Peden, Villanova e Fornoval, un costone messo a dura prova dal fuoco che ha minacciato anche le abitazioni nella zona pi\u00f9 a nord.<em> &#8220;Quell&#8217;incendio abbiamo dovuto dimenticarlo per l&#8217;arrivo di Vaia, ma l\u00ec il problema \u00e8 evidente, dalla necessit\u00e0 di togliere gli alberi al dissesto idrogeologico&#8221;.\u00a0<\/em>Per questo il sindaco lo ha messo nella lista delle priorit\u00e0. Per le strade silvopastorali stanziato pi\u00f9 di 1 milione di euro spesi per la strade danneggiate. La strada taglia fuoco \u00e8 vincolata ad eventuali nuove risorse, per un intervento di questo tipo l&#8217;avanzo di amministrazione \u00e8 poca cosa.<\/p>\n<h3>IL SINDACO DI TAIBON SILVIA TORMEN (archivio 12 novembre 2019)<\/h3>\n<audio class=\"wp-audio-shortcode\" id=\"audio-117493-1\" preload=\"none\" style=\"width: 100%;\" controls=\"controls\"><source type=\"audio\/mpeg\" src=\"http:\/\/www.radiopiu.net\/wordpress\/wp-content\/uploads\/2019\/11\/SILVIA-AUDIO.mp3?_=1\" \/><a href=\"http:\/\/www.radiopiu.net\/wordpress\/wp-content\/uploads\/2019\/11\/SILVIA-AUDIO.mp3\">http:\/\/www.radiopiu.net\/wordpress\/wp-content\/uploads\/2019\/11\/SILVIA-AUDIO.mp3<\/a><\/audio>\n<h3><\/h3>\n<p>&nbsp;<\/p>\n<hr \/>\n<p>&nbsp;<\/p>\n<p>&nbsp;<\/p>\n<blockquote>\n<h3>VIOLENZA DI GENERE, IN PROVINCIA UN CASO OGNI TRE GIORNI<\/h3>\n<\/blockquote>\n<p><strong>BELLUNO<\/strong> Arresti, allontanamenti da casa, libert\u00e0 vigilata, denunce il nucleo investivativo del Carabinieri di Belluno snocciola i numeri. A Belluno un caso ogni tre giorni<\/p>\n<p><strong>DI MORENO GIOLI<\/strong><\/p>\n<audio class=\"wp-audio-shortcode\" id=\"audio-117493-2\" preload=\"none\" style=\"width: 100%;\" controls=\"controls\"><source type=\"audio\/mpeg\" src=\"https:\/\/www.radiopiu.net\/wordpress\/wp-content\/uploads\/2020\/02\/gioli-stabilie.mp3?_=2\" \/><a href=\"https:\/\/www.radiopiu.net\/wordpress\/wp-content\/uploads\/2020\/02\/gioli-stabilie.mp3\">https:\/\/www.radiopiu.net\/wordpress\/wp-content\/uploads\/2020\/02\/gioli-stabilie.mp3<\/a><\/audio>\n<p><strong><a class=\"dt-pswp-item\" href=\"https:\/\/www.radiopiu.net\/wordpress\/wp-content\/uploads\/2020\/02\/download-8.jpg\" data-dt-img-description=\"\" data-large_image_width=\"259\" data-large_image_height=\"194\"><img loading=\"lazy\" decoding=\"async\" class=\"wp-image-117472 alignleft\" src=\"https:\/\/www.radiopiu.net\/wordpress\/wp-content\/uploads\/2020\/02\/download-8.jpg\" alt=\"\" width=\"171\" height=\"128\" \/><\/a><\/strong><\/p>\n<p>&nbsp;<\/p>\n<p>&nbsp;<\/p>\n<p><strong>IL MAGGIORE MARCO STABILE<\/strong><\/p>\n<p>foto radioclub 103<\/p>\n<audio class=\"wp-audio-shortcode\" id=\"audio-117493-3\" preload=\"none\" style=\"width: 100%;\" controls=\"controls\"><source type=\"audio\/mpeg\" src=\"https:\/\/www.radiopiu.net\/wordpress\/wp-content\/uploads\/2020\/02\/stabile.mp3?_=3\" \/><a href=\"https:\/\/www.radiopiu.net\/wordpress\/wp-content\/uploads\/2020\/02\/stabile.mp3\">https:\/\/www.radiopiu.net\/wordpress\/wp-content\/uploads\/2020\/02\/stabile.mp3<\/a><\/audio>\n<p>&nbsp;<\/p>\n<p>&nbsp;<\/p>\n<p>&nbsp;<\/p>\n<hr \/>\n<p>&nbsp;<\/p>\n<p>&nbsp;<\/p>\n<h3>CAMPAGNA DI SENSIBILIZZAZIONE CONTRO LA VIOLENZA DI GENERE<\/h3>\n<p><strong><a class=\"dt-pswp-item\" href=\"https:\/\/www.radiopiu.net\/wordpress\/wp-content\/uploads\/2017\/03\/no_violenza_sulle_donne_00018_stop.jpg\" data-dt-img-description=\"\" data-large_image_width=\"300\" data-large_image_height=\"224\"><img loading=\"lazy\" decoding=\"async\" class=\" wp-image-29489 alignleft\" src=\"https:\/\/www.radiopiu.net\/wordpress\/wp-content\/uploads\/2017\/03\/no_violenza_sulle_donne_00018_stop-300x224.jpg\" alt=\"\" width=\"177\" height=\"132\" \/><\/a>BELLUNO<\/strong> Inaugurata, al Liceo Artistico di Belluno \u201cCatullo\u201d, la mostra delle opere d\u2019arte consegnate dagli alunni del IV e V anno nell\u2019ambito del concorso promosso dalla Polizia di Stato della Questura di Belluno, all\u2019interno della campagna di sensibilizzazione denominata \u201cQuesto non \u00e8 amore\u201d. La mostra sar\u00e0 visitabile presso il chiostro dell\u2019antico edificio che ospita il liceo artistico Catullo, rimarr\u00e0 aperta, da sino all\u20198 marzo, tutti i pomeriggi dalle 14 alle 19, dal luned\u00ec al venerd\u00ec. Le opere d\u2019arte sono ispirate all\u2019impegno nel campo della prevenzione della violenza di genere. Durante la cerimonia di apertura, \u00e8 stata inoltre \u201cscoperta\u201d una scultura lignea creata da un anonimo artista poliziotto denominata \u201c\u2026Questo non \u00e8 amore\u201d , dall\u2019omonima campagna di sensibilizzazione. L\u2019opera sar\u00e0 il primo ed unico premio della lotteria, curata dalla Questura, finalizzata alla raccolta di fondi da destinare all\u2019impegno nella prevenzione e contrasto della violenza di genere tramite il centro Antiviolenza \u201cBelluno Donna\u201d. Nel suo saluto ai presenti il Prefetto, dr.ssa Adriana Cogode, si \u00e8 complimentato per la passione e l\u2019impegno con cui gli studenti sono riusciti ad esprimere autentica forza emotiva attraverso lavori artistici ricchi di significato e carichi di messaggi di attenzione e partecipazione sul tema della violenza di genere. Ha in particolare apprezzato la scrupolosit\u00e0 con la quale i ragazzi si sono immedesimati nel dramma della solitudine e dell\u2019odio, lasciando per\u00f2 intravedere spiragli di luce e di speranza, grazie alla cultura ed all\u2019impegno sempre crescenti verso la tutela delle donne. L\u2019iniziativa, cui la Polizia di Stato ha dedicato grande impegno, \u00e8 stata anche utile occasione per riaffermare la coesione tra scuola e istituzione nel condividere percorsi di crescita civile.<\/p>\n<p>&nbsp;<\/p>\n<p>&nbsp;<\/p>\n<p>&nbsp;<\/p>\n<hr \/>\n<p>&nbsp;<\/p>\n<p>&nbsp;<\/p>\n<blockquote>\n<h3>FRANCO FABBRI IL NUOVO COMANDANTE DELLA POLIZIA STRADALE<\/h3>\n<\/blockquote>\n<p>&nbsp;<\/p>\n<div class=\"amico-article__summary\">\n<p><img loading=\"lazy\" decoding=\"async\" class=\"alignleft\" src=\"https:\/\/www.radiopiu.net\/wordpress\/wp-content\/uploads\/2020\/02\/eb934c48-3270-4bd9-b42f-4eca32102aea.jpg\" width=\"227\" height=\"151\" \/><strong>BELLUNO <\/strong>Franco Fabbri,\u00a0 51 anni tra pochi giorni, originario di Lugo di Romagna (RA) da Novara a Belluno per dirigere la Polizia Stradale a Belluno. Uomo di esperienza per aver comandato anche gli uomini di Cuneo e\u00a0 Vercelli. Franco Fabbri \u00e8\u00a0 il nuovo comandante provinciale della Polizia Stradale di Belluno. \u00c8 arrivato luned\u00ec, si \u00e8 subito messo al lavoro e oggi, venerd\u00ec 14 febbraio, si \u00e8 presentato ufficialmente alla stampa nella sede della Questura. (FOTO LUCA ZANFRON)<\/p>\n<p><strong>DI MORENO GIOLI<\/strong><\/p>\n<\/div>\n<audio class=\"wp-audio-shortcode\" id=\"audio-117493-4\" preload=\"none\" style=\"width: 100%;\" controls=\"controls\"><source type=\"audio\/mpeg\" src=\"https:\/\/www.radiopiu.net\/wordpress\/wp-content\/uploads\/2020\/02\/GIOLI-OK.mp3?_=4\" \/><a href=\"https:\/\/www.radiopiu.net\/wordpress\/wp-content\/uploads\/2020\/02\/GIOLI-OK.mp3\">https:\/\/www.radiopiu.net\/wordpress\/wp-content\/uploads\/2020\/02\/GIOLI-OK.mp3<\/a><\/audio>\n<p>&nbsp;<\/p>\n<p>&nbsp;<\/p>\n<p>&nbsp;<\/p>\n<hr \/>\n<blockquote>\n<h3><\/h3>\n<h3><\/h3>\n<h3>LUXOTTICA, NUOVO PIANO PARCHEGGI CHE GUARDA ALLA SICUREZZA<\/h3>\n<\/blockquote>\n<blockquote><p><em><a class=\"dt-pswp-item\" href=\"https:\/\/www.radiopiu.net\/wordpress\/wp-content\/uploads\/2020\/02\/5e5785e9-a069-4e44-afd0-cd60ea1565d8.jpg\" data-dt-img-description=\"\" data-large_image_width=\"1024\" data-large_image_height=\"701\"><img loading=\"lazy\" decoding=\"async\" class=\"wp-image-117489 alignleft\" src=\"https:\/\/www.radiopiu.net\/wordpress\/wp-content\/uploads\/2020\/02\/5e5785e9-a069-4e44-afd0-cd60ea1565d8-300x205.jpg\" alt=\"\" width=\"146\" height=\"100\" srcset=\"https:\/\/www.radiopiu.net\/wordpress\/wp-content\/uploads\/2020\/02\/5e5785e9-a069-4e44-afd0-cd60ea1565d8-300x205.jpg 300w, https:\/\/www.radiopiu.net\/wordpress\/wp-content\/uploads\/2020\/02\/5e5785e9-a069-4e44-afd0-cd60ea1565d8-768x526.jpg 768w, https:\/\/www.radiopiu.net\/wordpress\/wp-content\/uploads\/2020\/02\/5e5785e9-a069-4e44-afd0-cd60ea1565d8.jpg 1024w\" sizes=\"auto, (max-width: 146px) 100vw, 146px\" \/><\/a><strong>AGORDO<\/strong>Approvato l&#8217;atto di indirizzo per la riorganizzazione dei parcheggi, sintonia tra Comune e Azienda. &#8220;Troviamo la soluzione di un problema che mette a rischio anche i lavoratori&#8221;, lo ha detto il Cavaliere Luigi Francavilla. A lavori ultimati centinaia di parcheggi in pi\u00f9, sar\u00e0 spostata anche la sosta degli autobus.<\/em><\/p>\n<p>&nbsp;<\/p><\/blockquote>\n<p><strong>DI \u00a0GIANNI SANTOMASO <span style=\"color: #ff0000;\">dal Corriere delle Alpi oggi in edicola<\/span><\/strong><\/p>\n<audio class=\"wp-audio-shortcode\" id=\"audio-117493-5\" preload=\"none\" style=\"width: 100%;\" controls=\"controls\"><source type=\"audio\/mpeg\" src=\"https:\/\/www.radiopiu.net\/wordpress\/wp-content\/uploads\/2020\/02\/gianni-agordo.mp3?_=5\" \/><a href=\"https:\/\/www.radiopiu.net\/wordpress\/wp-content\/uploads\/2020\/02\/gianni-agordo.mp3\">https:\/\/www.radiopiu.net\/wordpress\/wp-content\/uploads\/2020\/02\/gianni-agordo.mp3<\/a><\/audio>\n<p>&nbsp;<\/p>\n<p>&nbsp;<\/p>\n<p>&nbsp;<\/p>\n<hr \/>\n<h3><\/h3>\n<p>&nbsp;<\/p>\n<blockquote>\n<h3>A NOVE ANNI DALLA POSA DELLA PRIMA PIETRA LA CENTRALINA E&#8217; PRONTA A PRODURRE<\/h3>\n<\/blockquote>\n<p><strong><a class=\"dt-pswp-item\" href=\"https:\/\/www.radiopiu.net\/wordpress\/wp-content\/uploads\/2020\/02\/fade9513-7a06-4ffa-a416-d60e630ed3eb.jpg\" data-dt-img-description=\"\" data-large_image_width=\"1600\" data-large_image_height=\"1200\"><img loading=\"lazy\" decoding=\"async\" class=\" wp-image-117482 alignleft\" src=\"https:\/\/www.radiopiu.net\/wordpress\/wp-content\/uploads\/2020\/02\/fade9513-7a06-4ffa-a416-d60e630ed3eb-300x225.jpg\" alt=\"\" width=\"185\" height=\"139\" srcset=\"https:\/\/www.radiopiu.net\/wordpress\/wp-content\/uploads\/2020\/02\/fade9513-7a06-4ffa-a416-d60e630ed3eb-300x225.jpg 300w, https:\/\/www.radiopiu.net\/wordpress\/wp-content\/uploads\/2020\/02\/fade9513-7a06-4ffa-a416-d60e630ed3eb-1024x768.jpg 1024w, https:\/\/www.radiopiu.net\/wordpress\/wp-content\/uploads\/2020\/02\/fade9513-7a06-4ffa-a416-d60e630ed3eb-768x576.jpg 768w, https:\/\/www.radiopiu.net\/wordpress\/wp-content\/uploads\/2020\/02\/fade9513-7a06-4ffa-a416-d60e630ed3eb-1536x1152.jpg 1536w, https:\/\/www.radiopiu.net\/wordpress\/wp-content\/uploads\/2020\/02\/fade9513-7a06-4ffa-a416-d60e630ed3eb.jpg 1600w\" sizes=\"auto, (max-width: 185px) 100vw, 185px\" \/><\/a>SAN TOMASO<\/strong> Ci siamo, le turbine sono oliate al punto giusto, la centralina idroelettrica a San Tomaso dopo nove anni di gestazione ecco pronto l&#8217;impianto sul Ru delle Notole. A inizio marzo Comune e Bim Infrastrutture azioner\u00e0 l&#8217;interruttore. Ne da notizia con giustificata soddisfazione il sindaco Moreno De Val<\/p>\n<audio class=\"wp-audio-shortcode\" id=\"audio-117493-6\" preload=\"none\" style=\"width: 100%;\" controls=\"controls\"><source type=\"audio\/mpeg\" src=\"https:\/\/www.radiopiu.net\/wordpress\/wp-content\/uploads\/2020\/02\/moreno-acqua.mp3?_=6\" \/><a href=\"https:\/\/www.radiopiu.net\/wordpress\/wp-content\/uploads\/2020\/02\/moreno-acqua.mp3\">https:\/\/www.radiopiu.net\/wordpress\/wp-content\/uploads\/2020\/02\/moreno-acqua.mp3<\/a><\/audio>\n<p>&nbsp;<\/p>\n<p>&nbsp;<\/p>\n<p>&nbsp;<\/p>\n<hr \/>\n<h3><\/h3>\n<p>&nbsp;<\/p>\n<p>&nbsp;<\/p>\n<blockquote>\n<h2>SICUREZZA STRADALE, DAL ROTARY L&#8217;INIZIATIVA RIVOLTA AI GIOVANI<\/h2>\n<p><strong><img loading=\"lazy\" decoding=\"async\" class=\"alignleft\" src=\"https:\/\/www.radiopiu.net\/wordpress\/wp-content\/uploads\/2018\/10\/ROTARY.png\" width=\"121\" height=\"121\" \/>BELLUNO<\/strong><\/p>\n<p><strong>DI DAMIANO TORMEN<\/strong><\/p>\n<p>&nbsp;<\/p><\/blockquote>\n<p>&nbsp;<\/p>\n<p>&nbsp;<\/p>\n<audio class=\"wp-audio-shortcode\" id=\"audio-117493-7\" preload=\"none\" style=\"width: 100%;\" controls=\"controls\"><source type=\"audio\/mpeg\" src=\"https:\/\/www.radiopiu.net\/wordpress\/wp-content\/uploads\/2020\/02\/damiano-3.mp3?_=7\" \/><a href=\"https:\/\/www.radiopiu.net\/wordpress\/wp-content\/uploads\/2020\/02\/damiano-3.mp3\">https:\/\/www.radiopiu.net\/wordpress\/wp-content\/uploads\/2020\/02\/damiano-3.mp3<\/a><\/audio>\n<p>&nbsp;<\/p>\n<p>&nbsp;<\/p>\n<p>&nbsp;<\/p>\n<hr \/>\n<p>&nbsp;<\/p>\n<blockquote>\n<h2>CON CASCHETTO E RAMPONI NEI SERRAI DI SOTTOGUDA, IERI IL SOPRALLUOGO<\/h2>\n<\/blockquote>\n<p><strong>ROCCA PIETORE<\/strong> Eccoci di nuovo dentro di Serrai, ci porta una commissione oggi in Sopralluogo. Con loro il sindaco Andrea De Bernardin. Si parla di lavori da fare, cosa non facile e le foto sono significative<\/p>\n<h2>IL SINDACO ANDREA DE BERNARDIN<\/h2>\n<audio class=\"wp-audio-shortcode\" id=\"audio-117493-8\" preload=\"none\" style=\"width: 100%;\" controls=\"controls\"><source type=\"audio\/mpeg\" src=\"https:\/\/www.radiopiu.net\/wordpress\/wp-content\/uploads\/2020\/02\/andrea-1.mp3?_=8\" \/><a href=\"https:\/\/www.radiopiu.net\/wordpress\/wp-content\/uploads\/2020\/02\/andrea-1.mp3\">https:\/\/www.radiopiu.net\/wordpress\/wp-content\/uploads\/2020\/02\/andrea-1.mp3<\/a><\/audio>\n<p><a class=\"dt-pswp-item\" href=\"https:\/\/www.radiopiu.net\/wordpress\/wp-content\/uploads\/2020\/02\/6d88112e-6a37-4be3-967e-a4855025628d.jpg\" data-dt-img-description=\"\" data-large_image_width=\"1200\" data-large_image_height=\"1599\"><img loading=\"lazy\" decoding=\"async\" class=\"alignnone wp-image-117555\" src=\"https:\/\/www.radiopiu.net\/wordpress\/wp-content\/uploads\/2020\/02\/6d88112e-6a37-4be3-967e-a4855025628d-225x300.jpg\" alt=\"\" width=\"158\" height=\"211\" srcset=\"https:\/\/www.radiopiu.net\/wordpress\/wp-content\/uploads\/2020\/02\/6d88112e-6a37-4be3-967e-a4855025628d-225x300.jpg 225w, https:\/\/www.radiopiu.net\/wordpress\/wp-content\/uploads\/2020\/02\/6d88112e-6a37-4be3-967e-a4855025628d-768x1023.jpg 768w, https:\/\/www.radiopiu.net\/wordpress\/wp-content\/uploads\/2020\/02\/6d88112e-6a37-4be3-967e-a4855025628d-1153x1536.jpg 1153w, https:\/\/www.radiopiu.net\/wordpress\/wp-content\/uploads\/2020\/02\/6d88112e-6a37-4be3-967e-a4855025628d.jpg 1200w\" sizes=\"auto, (max-width: 158px) 100vw, 158px\" \/><\/a><a class=\"dt-pswp-item\" href=\"https:\/\/www.radiopiu.net\/wordpress\/wp-content\/uploads\/2020\/02\/ddebbb99-ebfa-4ff8-bd04-055b8a7afd3c.jpg\" data-dt-img-description=\"\" data-large_image_width=\"1599\" data-large_image_height=\"1200\"><img loading=\"lazy\" decoding=\"async\" class=\"alignnone wp-image-117554\" src=\"https:\/\/www.radiopiu.net\/wordpress\/wp-content\/uploads\/2020\/02\/ddebbb99-ebfa-4ff8-bd04-055b8a7afd3c-300x225.jpg\" alt=\"\" width=\"282\" height=\"211\" srcset=\"https:\/\/www.radiopiu.net\/wordpress\/wp-content\/uploads\/2020\/02\/ddebbb99-ebfa-4ff8-bd04-055b8a7afd3c-300x225.jpg 300w, https:\/\/www.radiopiu.net\/wordpress\/wp-content\/uploads\/2020\/02\/ddebbb99-ebfa-4ff8-bd04-055b8a7afd3c-1024x768.jpg 1024w, https:\/\/www.radiopiu.net\/wordpress\/wp-content\/uploads\/2020\/02\/ddebbb99-ebfa-4ff8-bd04-055b8a7afd3c-768x576.jpg 768w, https:\/\/www.radiopiu.net\/wordpress\/wp-content\/uploads\/2020\/02\/ddebbb99-ebfa-4ff8-bd04-055b8a7afd3c-1536x1153.jpg 1536w, https:\/\/www.radiopiu.net\/wordpress\/wp-content\/uploads\/2020\/02\/ddebbb99-ebfa-4ff8-bd04-055b8a7afd3c.jpg 1599w\" sizes=\"auto, (max-width: 282px) 100vw, 282px\" \/><\/a><a class=\"dt-pswp-item\" href=\"https:\/\/www.radiopiu.net\/wordpress\/wp-content\/uploads\/2020\/02\/c5f6ece8-41f1-4d56-9e69-0809f73f6c7c.jpg\" data-dt-img-description=\"\" data-large_image_width=\"1200\" data-large_image_height=\"1599\"><img loading=\"lazy\" decoding=\"async\" class=\"alignnone wp-image-117553\" src=\"https:\/\/www.radiopiu.net\/wordpress\/wp-content\/uploads\/2020\/02\/c5f6ece8-41f1-4d56-9e69-0809f73f6c7c-225x300.jpg\" alt=\"\" width=\"159\" height=\"212\" srcset=\"https:\/\/www.radiopiu.net\/wordpress\/wp-content\/uploads\/2020\/02\/c5f6ece8-41f1-4d56-9e69-0809f73f6c7c-225x300.jpg 225w, https:\/\/www.radiopiu.net\/wordpress\/wp-content\/uploads\/2020\/02\/c5f6ece8-41f1-4d56-9e69-0809f73f6c7c-768x1023.jpg 768w, https:\/\/www.radiopiu.net\/wordpress\/wp-content\/uploads\/2020\/02\/c5f6ece8-41f1-4d56-9e69-0809f73f6c7c-1153x1536.jpg 1153w, https:\/\/www.radiopiu.net\/wordpress\/wp-content\/uploads\/2020\/02\/c5f6ece8-41f1-4d56-9e69-0809f73f6c7c.jpg 1200w\" sizes=\"auto, (max-width: 159px) 100vw, 159px\" \/><\/a><a class=\"dt-pswp-item\" href=\"https:\/\/www.radiopiu.net\/wordpress\/wp-content\/uploads\/2020\/02\/82c882ef-2dce-4597-b8f2-0c596180c13a.jpg\" data-dt-img-description=\"\" data-large_image_width=\"1200\" data-large_image_height=\"1599\"><img loading=\"lazy\" decoding=\"async\" class=\"alignnone wp-image-117552\" src=\"https:\/\/www.radiopiu.net\/wordpress\/wp-content\/uploads\/2020\/02\/82c882ef-2dce-4597-b8f2-0c596180c13a-225x300.jpg\" alt=\"\" width=\"158\" height=\"211\" srcset=\"https:\/\/www.radiopiu.net\/wordpress\/wp-content\/uploads\/2020\/02\/82c882ef-2dce-4597-b8f2-0c596180c13a-225x300.jpg 225w, https:\/\/www.radiopiu.net\/wordpress\/wp-content\/uploads\/2020\/02\/82c882ef-2dce-4597-b8f2-0c596180c13a-768x1023.jpg 768w, https:\/\/www.radiopiu.net\/wordpress\/wp-content\/uploads\/2020\/02\/82c882ef-2dce-4597-b8f2-0c596180c13a-1153x1536.jpg 1153w, https:\/\/www.radiopiu.net\/wordpress\/wp-content\/uploads\/2020\/02\/82c882ef-2dce-4597-b8f2-0c596180c13a.jpg 1200w\" sizes=\"auto, (max-width: 158px) 100vw, 158px\" \/><\/a><a class=\"dt-pswp-item\" href=\"https:\/\/www.radiopiu.net\/wordpress\/wp-content\/uploads\/2020\/02\/9ed6ba30-f292-4076-ac6a-dcbaf7e68806.jpg\" data-dt-img-description=\"\" data-large_image_width=\"1599\" data-large_image_height=\"1200\"><img loading=\"lazy\" decoding=\"async\" class=\"alignnone wp-image-117551\" src=\"https:\/\/www.radiopiu.net\/wordpress\/wp-content\/uploads\/2020\/02\/9ed6ba30-f292-4076-ac6a-dcbaf7e68806-300x225.jpg\" alt=\"\" width=\"283\" height=\"212\" srcset=\"https:\/\/www.radiopiu.net\/wordpress\/wp-content\/uploads\/2020\/02\/9ed6ba30-f292-4076-ac6a-dcbaf7e68806-300x225.jpg 300w, https:\/\/www.radiopiu.net\/wordpress\/wp-content\/uploads\/2020\/02\/9ed6ba30-f292-4076-ac6a-dcbaf7e68806-1024x768.jpg 1024w, https:\/\/www.radiopiu.net\/wordpress\/wp-content\/uploads\/2020\/02\/9ed6ba30-f292-4076-ac6a-dcbaf7e68806-768x576.jpg 768w, https:\/\/www.radiopiu.net\/wordpress\/wp-content\/uploads\/2020\/02\/9ed6ba30-f292-4076-ac6a-dcbaf7e68806-1536x1153.jpg 1536w, https:\/\/www.radiopiu.net\/wordpress\/wp-content\/uploads\/2020\/02\/9ed6ba30-f292-4076-ac6a-dcbaf7e68806.jpg 1599w\" sizes=\"auto, (max-width: 283px) 100vw, 283px\" \/><\/a><\/p>\n<p>&nbsp;<\/p>\n<hr \/>\n<p>&nbsp;<\/p>\n<p>&nbsp;<\/p>\n<p>&nbsp;<\/p>\n<blockquote>\n<h3>WANBAO UN TAVOLO AL MESE&#8230;O UN TAVOLO AL MISE<\/h3>\n<\/blockquote>\n<p><b>BORGOVALBELLUNA\u00a0 <\/b><em>\u201cMarted\u00ec 25 febbraio, al Ministero dello Sviluppo Economico, si terr\u00e0 un nuovo tavolo dedicato alla vertenza Wanbao di Mel. Momento di confronto\u00a0 per trovare una soluzione allo stabilimento dopo l\u2019incontro di Mestre avvenuto lo scorso 31 gennaio assieme ai fornitori\u201d. <\/em>Lo annuncia Federico D\u2019Inc\u00e0, Ministro per i Rapporti con il Parlamento e all\u2019incontro saranno presenti, oltre allo stesso D\u2019Inc\u00e0, anche le organizzazioni sindacali, i rappresentanti della Regione Veneto, del Mise e dell\u2019azienda.<\/p>\n<blockquote><p><em><a class=\"dt-pswp-item\" href=\"https:\/\/www.radiopiu.net\/wordpress\/wp-content\/uploads\/2019\/02\/federic-b.jpg\" data-dt-img-description=\"\" data-large_image_width=\"600\" data-large_image_height=\"901\"><img loading=\"lazy\" decoding=\"async\" class=\" wp-image-77233 alignleft\" src=\"https:\/\/www.radiopiu.net\/wordpress\/wp-content\/uploads\/2019\/02\/federic-b-200x300.jpg\" alt=\"\" width=\"99\" height=\"149\" srcset=\"https:\/\/www.radiopiu.net\/wordpress\/wp-content\/uploads\/2019\/02\/federic-b-200x300.jpg 200w, https:\/\/www.radiopiu.net\/wordpress\/wp-content\/uploads\/2019\/02\/federic-b.jpg 600w\" sizes=\"auto, (max-width: 99px) 100vw, 99px\" \/><\/a>\u201cA fine gennaio ho espresso ai fornitori l\u2019attenzione da parte del Governo su questa delicata questione, invitando le parti coinvolte ad avere fiducia per trovare, insieme, gli strumenti necessari a dare continuit\u00e0 produttiva a questa azienda e assicurare un futuro ai 290 dipendenti che lavorano con impegno e sacrificio. Un\u2019attenzione che ribadir\u00f2 nuovamente alle organizzazioni sindacali. Continueremo a lavorare assieme alla Regione per rappresentare al meglio questa vertenza dedicata a un\u2019industria strategica per il settore del &#8216;freddo&#8217;\u201d.<\/em><\/p><\/blockquote>\n<p>&nbsp;<\/p>\n<p>&nbsp;<\/p>\n<p>&nbsp;<\/p>\n<hr \/>\n<h3><\/h3>\n<p>&nbsp;<\/p>\n<blockquote>\n<h3><\/h3>\n<h3>AUTONOMIA. INCONTRO AL BALBI SU DISEGNO DI LEGGE QUADRO<\/h3>\n<\/blockquote>\n<p style=\"text-align: left;\"><a class=\"dt-pswp-item\" href=\"https:\/\/www.radiopiu.net\/wordpress\/wp-content\/uploads\/2020\/02\/239-2020-incontro-delegazine-trattante-autonomia.jpg\" data-dt-img-description=\"\" data-large_image_width=\"1024\" data-large_image_height=\"768\"><img loading=\"lazy\" decoding=\"async\" class=\" wp-image-117512 alignleft\" src=\"https:\/\/www.radiopiu.net\/wordpress\/wp-content\/uploads\/2020\/02\/239-2020-incontro-delegazine-trattante-autonomia-300x225.jpg\" alt=\"\" width=\"216\" height=\"162\" srcset=\"https:\/\/www.radiopiu.net\/wordpress\/wp-content\/uploads\/2020\/02\/239-2020-incontro-delegazine-trattante-autonomia-300x225.jpg 300w, https:\/\/www.radiopiu.net\/wordpress\/wp-content\/uploads\/2020\/02\/239-2020-incontro-delegazine-trattante-autonomia-768x576.jpg 768w, https:\/\/www.radiopiu.net\/wordpress\/wp-content\/uploads\/2020\/02\/239-2020-incontro-delegazine-trattante-autonomia.jpg 1024w\" sizes=\"auto, (max-width: 216px) 100vw, 216px\" \/><\/a><strong>VENEZIA<\/strong>\u00a0 Il presidente della Regione Veneto ha incontrato\u00a0 a palazzo Balbi la delegazione trattante nel negoziato per il riconoscimento dell\u2019autonomia regionale, guidata dal costituzionalista Mario Bertolissi. Due i temi al centro dell\u2019incontro: il percorso di costituzione dell\u2019Osservatorio regionale sull\u2019autonomia differenziata, previsto dalla finanziaria regionale, che vedr\u00e0 anche il coinvolgimento del mondo accademico; e, in secondo luogo, la valutazione approfondita del disegno di legge \u201cquadro\u201d, al fine di riavviare il confronto con il governo per far approvare in temi rapidi il provvedimento che consentir\u00e0 l\u2019attuazione dell\u2019articolo116 della Costituzione.<\/p>\n<p>&nbsp;<\/p>\n<p>&nbsp;<\/p>\n<p>&nbsp;<\/p>\n<p>&nbsp;<\/p>\n<p>&nbsp;<\/p>\n<hr \/>\n<p>&nbsp;<\/p>\n<p>&nbsp;<\/p>\n<p>&nbsp;<\/p>\n<blockquote>\n<h3>ARIA IN VENETO. PM10: TREND IN MIGLIORAMENTO NEL LUNGO PERIODO<\/h3>\n<\/blockquote>\n<p><a class=\"dt-pswp-item\" href=\"https:\/\/www.radiopiu.net\/wordpress\/wp-content\/uploads\/2020\/02\/robot-pesatura-filtri-aria-laboratorio-scaled.jpg\" data-dt-img-description=\"\" data-large_image_width=\"2560\" data-large_image_height=\"1920\"><img loading=\"lazy\" decoding=\"async\" class=\"wp-image-117494 alignleft\" src=\"https:\/\/www.radiopiu.net\/wordpress\/wp-content\/uploads\/2020\/02\/robot-pesatura-filtri-aria-laboratorio-300x225.jpg\" alt=\"\" width=\"207\" height=\"155\" srcset=\"https:\/\/www.radiopiu.net\/wordpress\/wp-content\/uploads\/2020\/02\/robot-pesatura-filtri-aria-laboratorio-300x225.jpg 300w, https:\/\/www.radiopiu.net\/wordpress\/wp-content\/uploads\/2020\/02\/robot-pesatura-filtri-aria-laboratorio-1024x768.jpg 1024w, https:\/\/www.radiopiu.net\/wordpress\/wp-content\/uploads\/2020\/02\/robot-pesatura-filtri-aria-laboratorio-768x576.jpg 768w, https:\/\/www.radiopiu.net\/wordpress\/wp-content\/uploads\/2020\/02\/robot-pesatura-filtri-aria-laboratorio-1536x1152.jpg 1536w, https:\/\/www.radiopiu.net\/wordpress\/wp-content\/uploads\/2020\/02\/robot-pesatura-filtri-aria-laboratorio-2048x1536.jpg 2048w\" sizes=\"auto, (max-width: 207px) 100vw, 207px\" \/><\/a><strong>VENEZIA\u00a0<\/strong> La qualit\u00e0 dell\u2019aria in Veneto mostra un trend di lungo periodo in miglioramento per PM10, PM2.5 e biossido di azoto, con significative riduzioni delle concentrazioni di questi inquinanti rispetto ai primi anni 2000. Altri inquinanti, come il benzene, il monossido di carbonio e il biossido di zolfo, le concentrazioni rispettano i limiti oramai da molti anni, non rappresentando una criticit\u00e0 per la qualit\u00e0 dell\u2019aria. Una buona notizia in un contesto che per la posizione orografica, con Alpi e Appennini a sbarrare l\u2019ingresso di aria in tutta la pianura padana, richiede ancora molta attenzione. Per quanto riguarda il 2019 i dati misurati dalle 43 centraline della rete aria di Arpav hanno mostrato che il valore limite annuale del PM10 \u00e8 stato rispettato in tutti i siti, mentre 29 stazioni su 36 superano ancora il valore limite giornaliero. L&#8217;inizio del 2020 a causa della stabilit\u00e0 atmosferica e delle scarse precipitazioni registra per il PM10 superamenti del limite giornaliero (50 microgrammi\/metro cubo) in gran parte della pianura veneta. Alcuni capoluoghi di provincia hanno oltrepassato i 35 giorni di superamento: Treviso (38), Padova e Venezia (37) seguono Rovigo e Vicenza (34), Verona (30), Belluno (2).<\/p>\n<p>&nbsp;<\/p>\n<p>&nbsp;<\/p>\n<p>&nbsp;<\/p>\n<hr \/>\n<h3><\/h3>\n<p>&nbsp;<\/p>\n<blockquote>\n<h3>INFLUENZA. NUOVO REPORT VENETO. GIA\u2019 285.500 A LETTO<\/h3>\n<\/blockquote>\n<p><strong>VENEZIA<\/strong>\u00a0 Finora, l\u2019influenza stagionale 2019-2020 ha messo a letto 285.500 cittadini veneti, 55.700 dei quali l\u2019hanno contratta nella settimana dal 3 al 9 febbraio, per un\u2019incidenza generale pari a 11,35 casi per mille abitanti, inferiore a quella italiana, attestata a 12,65 casi per mille. Lo rivela l\u2019ultimo Rapporto Epidemiologico del Sistema di Sorveglianza dell\u2019Influenza, elaborato dalla Direzione Prevenzione della Regione e diffuso oggi dall\u2019Assessore alla Sanit\u00e0. La sorveglianza sulle forme gravi a fatto rilevare 12 segnalazioni di complicanze. Per 2 di questi pazienti \u00e8 stato necessario l\u2019utilizzo del macchinario Ecmo per l\u2019ossigenazione del sangue. Come nelle precedenti settimane, il conto dei decessi rimane fortunatamente fermo a uno. La fascia d\u2019et\u00e0 pi\u00f9 colpita risulta essere quella dei bimbi da 0 a 4 anni con un\u2019incidenza di 33,47 casi per mille. 25,64 per mille \u00e8 l\u2019incidenza tra i 5 e i 14 anni; incidenza che cala al 9,54 per mille nella fascia 15-64 anni, per toccare il minimo di 3,37 per mille tra gli ultrasessantacinquenni.<\/p>\n<h3><\/h3>\n<p>&nbsp;<\/p>\n<p>&nbsp;<\/p>\n<hr \/>\n<p>&nbsp;<\/p>\n<p>&nbsp;<\/p>\n<blockquote>\n<h3>NUOVE PROSPETTIVE DI CURA PER L&#8217;EPATITE C<\/h3>\n<\/blockquote>\n<p><strong>BELLUNO<\/strong> Mercoled\u00ec alle 18 in sala convegni all\u2019ospedale di Feltre incontro con la cittadinanza dedicato all\u2019approfondimento di tematiche di prevenzione e salute organizzati dall\u2019Ulss ODlomiti. Di Epatite C ne parleranno i dottori Manuela De Bona, responsabile della UOS epatologia dell\u2019ospedale di Feltre, Marco Tollardo della Gastoenterologia di Feltre e Valter Vincenzi dell\u2019ambulatorio multidisciplinare di epatologia di Belluno. In Veneto \u00e8 ipotizzabile che siano\u00a0 coinvolte circa 350000 soggetti e nella nostra provincia circa 1500. Nella ULSS1 ,ad oggi, sono stati curati circa 600 pazienti con questi\u00a0 nuovi farmaci. Altri, circa 400\u00a0 erano stati precedentemente trattati con la vecchia terapia basata sull&#8217;uso dell&#8217;Interferone(molto pi\u00f9 problematica per gli effetti collaterali e molto meno efficace). Pertanto \u00e8 ipotizzabile che nel nostro territorio siano presenti ancora circa 400-500\u00a0 soggetti con infezione da HCV.<\/p>\n<p>&nbsp;<\/p>\n<p>&nbsp;<\/p>\n<p>&nbsp;<\/p>\n<hr \/>\n<p>&nbsp;<\/p>\n<p>&nbsp;<\/p>\n<blockquote>\n<h3>NELLA SETTIMANA DEL CUORE OGGI SI PASSEGGIA AD ALANO<\/h3>\n<\/blockquote>\n<p><strong>FELTRE<\/strong>\u00a0 La Cardiologia di Feltre ha aderito alla Campagna nazionale per la prevenzione cardiovascolare e, dopo l&#8217;incontro\u00a0 sulla fibrillazione atriale con il direttore della Aldo Bonso, ecco la proposta: due passeggiate in collaborazione con l\u2019Associazione Amici del cuore. La prima \u00e8 in programma\u00a0 oggi alle 14 ad Alano. Sabato 29 febbraio \u00e8 stata organizzata un\u2019altra passeggiata di 6 km ad Arten con partenza alle 140 da piazza Italia. Le passeggiate hanno lo scopo di promuovere l\u2019esercizio fisico e l\u2019attivit\u00e0 motoria e di far conoscere le bellezze del territorio e godono del patrocinio dei comuni di Alano e Fonzaso.<\/p>\n<p>&nbsp;<\/p>\n<p>&nbsp;<\/p>\n<p>&nbsp;<\/p>\n<hr \/>\n<p>&nbsp;<\/p>\n<p>&nbsp;<\/p>\n<blockquote>\n<h3>APRE RI-COSTRUIRE 3.0 UN PROGRAMMA TANTE OPPORTUNITA&#8217;<\/h3>\n<\/blockquote>\n<p><strong><a class=\"dt-pswp-item\" href=\"https:\/\/www.radiopiu.net\/wordpress\/wp-content\/uploads\/2020\/02\/interni2.jpg\" data-dt-img-description=\"\" data-large_image_width=\"2000\" data-large_image_height=\"1333\"><img loading=\"lazy\" decoding=\"async\" class=\" wp-image-117514 alignleft\" src=\"https:\/\/www.radiopiu.net\/wordpress\/wp-content\/uploads\/2020\/02\/interni2-300x200.jpg\" alt=\"\" width=\"225\" height=\"150\" srcset=\"https:\/\/www.radiopiu.net\/wordpress\/wp-content\/uploads\/2020\/02\/interni2-300x200.jpg 300w, https:\/\/www.radiopiu.net\/wordpress\/wp-content\/uploads\/2020\/02\/interni2-1024x682.jpg 1024w, https:\/\/www.radiopiu.net\/wordpress\/wp-content\/uploads\/2020\/02\/interni2-768x512.jpg 768w, https:\/\/www.radiopiu.net\/wordpress\/wp-content\/uploads\/2020\/02\/interni2-1536x1024.jpg 1536w, https:\/\/www.radiopiu.net\/wordpress\/wp-content\/uploads\/2020\/02\/interni2.jpg 2000w\" sizes=\"auto, (max-width: 225px) 100vw, 225px\" \/><\/a>LONGARONE<\/strong> L\u2019attivit\u00e0 espositiva a Longarone Fiere riparte\u00a0 oggi\u00a0 con \u201cRi-Costruire 3.0\u201d, il Salone dell\u2019edilizia che giunge quest\u2019anno alla sua quindicesima edizione, proponendosi con una veste non solo rinnovata grazie ad una chiara filosofia attenta alle esigenze concrete dei cittadini e in particolare delle famiglie, per le quali la casa rappresenta il luogo principale di crescita e formazione delle generazioni future, ma anche agli altrettanto importanti principi e buone pratiche della sostenibilit\u00e0. La fiera apre alle 10.00, mentre alle 11.00 \u00e8 previsto il consueto taglio del nastro per una cerimonia che prevede momenti importanti come la consegna del 5\u00b0 Premio Ri-Costruire 2020 per le categorie Sistema Casa in Montagna e Green, la presentazione dell\u2019opera realizzata dai Mascherai Alpini ad Arredamont 2019 e a seguire l\u2019Ordine degli Architetti di Belluno in collaborazione con la Fondazione Architettura Belluno Dolomiti e gli Architetti Arco Alpino presentano la rassegna di 30 pannelli che rappresentano i migliori lavori e progetti di Architettura Alpina realizzati in Slovenia nel decennio 2008\u20132018. La fiera continuer\u00e0 poi fino alle 19.00 e domenica 16 con lo stesso orario per riprendere invece nel week end successivo, da venerd\u00ec 21 a domenica 23 febbraio<\/p>\n<p>&nbsp;<\/p>\n<p>&nbsp;<\/p>\n<p>&nbsp;<\/p>\n<hr \/>\n<h3><\/h3>\n<p>&nbsp;<\/p>\n<blockquote>\n<h3>GEOGRAFIE DELLA MEMORIA, AL VIA IL PROGETTO DI RECUPERO<\/h3>\n<\/blockquote>\n<p><a class=\"dt-pswp-item\" href=\"https:\/\/www.radiopiu.net\/wordpress\/wp-content\/uploads\/2020\/02\/3bf29349-2e7f-4048-af42-d5dd396d7214.jpg\" data-dt-img-description=\"\" data-large_image_width=\"1600\" data-large_image_height=\"1200\"><img loading=\"lazy\" decoding=\"async\" class=\" wp-image-117547 alignleft\" src=\"https:\/\/www.radiopiu.net\/wordpress\/wp-content\/uploads\/2020\/02\/3bf29349-2e7f-4048-af42-d5dd396d7214-300x225.jpg\" alt=\"\" width=\"248\" height=\"186\" srcset=\"https:\/\/www.radiopiu.net\/wordpress\/wp-content\/uploads\/2020\/02\/3bf29349-2e7f-4048-af42-d5dd396d7214-300x225.jpg 300w, https:\/\/www.radiopiu.net\/wordpress\/wp-content\/uploads\/2020\/02\/3bf29349-2e7f-4048-af42-d5dd396d7214-1024x768.jpg 1024w, https:\/\/www.radiopiu.net\/wordpress\/wp-content\/uploads\/2020\/02\/3bf29349-2e7f-4048-af42-d5dd396d7214-768x576.jpg 768w, https:\/\/www.radiopiu.net\/wordpress\/wp-content\/uploads\/2020\/02\/3bf29349-2e7f-4048-af42-d5dd396d7214-1536x1152.jpg 1536w, https:\/\/www.radiopiu.net\/wordpress\/wp-content\/uploads\/2020\/02\/3bf29349-2e7f-4048-af42-d5dd396d7214.jpg 1600w\" sizes=\"auto, (max-width: 248px) 100vw, 248px\" \/><\/a><strong>FELTRE<\/strong>\u00a0 Recuperare, attraverso i documenti e le fonti &#8211; anche orali &#8211; alcuni dei luoghi storici della citt\u00e0 di Feltre per renderne disponibile la storia e la conoscenza anche alle giovani generazioni, ma no solo. &#8220;Geografie della Memoria&#8221;, il progetto a pi\u00f9 mani che vede coinvolti direttamente gli assessori Li Castri (Politiche Sociali), Bonan (Beni Comuni) e Visalli (Patrimonio e Urbanistica) e le consigliere comunali di maggioranza, vuole dare un presente ed un futuro a questi luoghi. Con una operazione culturale che guardi avanti in maniera prospettica sino ad arrivare a favorire il ripensamento o il ridisegno di questi stessi ambienti cittadini. Si parte con due luoghi simbolo come l&#8217;ex manicomio di Borgo Ruga e il cimitero cittadino monumentale. All&#8217;ex ospedale psichiatrico, che aveva levatura provinciale e che arriv\u00f2 ad ospitare sino a mille persone, sar\u00e0 dedicata una rassegna culturale che si aprir\u00e0 sabato 29 febbraio all&#8217;Officinema con la proiezione del film &#8220;Caff\u00e8 La Mama&#8221; girato nel 1991 proprio all&#8217;interno dell&#8217;ex manicomio di Feltre.<\/p>\n<p><strong>L&#8217;ASSESSORE VALTER BONAN<\/strong><\/p>\n<audio class=\"wp-audio-shortcode\" id=\"audio-117493-9\" preload=\"none\" style=\"width: 100%;\" controls=\"controls\"><source type=\"audio\/mpeg\" src=\"https:\/\/www.radiopiu.net\/wordpress\/wp-content\/uploads\/2020\/02\/BONAN.mp3?_=9\" \/><a href=\"https:\/\/www.radiopiu.net\/wordpress\/wp-content\/uploads\/2020\/02\/BONAN.mp3\">https:\/\/www.radiopiu.net\/wordpress\/wp-content\/uploads\/2020\/02\/BONAN.mp3<\/a><\/audio>\n<p><strong>IL CONSIGLIERE DANIELA PERCO<\/strong><\/p>\n<audio class=\"wp-audio-shortcode\" id=\"audio-117493-10\" preload=\"none\" style=\"width: 100%;\" controls=\"controls\"><source type=\"audio\/mpeg\" src=\"https:\/\/www.radiopiu.net\/wordpress\/wp-content\/uploads\/2020\/02\/PERCO.mp3?_=10\" \/><a href=\"https:\/\/www.radiopiu.net\/wordpress\/wp-content\/uploads\/2020\/02\/PERCO.mp3\">https:\/\/www.radiopiu.net\/wordpress\/wp-content\/uploads\/2020\/02\/PERCO.mp3<\/a><\/audio>\n<p>&nbsp;<\/p>\n<p>&nbsp;<\/p>\n<hr \/>\n<p>&nbsp;<\/p>\n<p>&nbsp;<\/p>\n<blockquote>\n<h3>IL 19 FEBBRAIO SCADE IL BANDO PER MANAGER DEL DISTRETTO DEL COMMERCIO<\/h3>\n<\/blockquote>\n<p><strong>BELLUNO<\/strong>\u00a0 \u00c8 stata prorogata a mercoled\u00ec 19 febbraio la scadenza per la presentazione delle candidature a manager del Distretto del commercio nell&#8217;Ambito del progetto &#8220;Aumento della competitivit\u00e0 del Distretto territoriale Borghi delle Valli dolomitiche&#8221;. Il manager, a fronte di un impegno di almeno 800 ore e di un compenso di 50mila euro lordi, ricoprir\u00e0 l&#8217;incarico almeno fino all&#8217;11 maggio 2021 e avr\u00e0 il il compito di \u201cpromuovere tutte le attivit\u00e0 necessarie a garantire la completa realizzazione del progetto \u201cAumento della competitivit\u00e0 del Distretto Territoriale Borghi delle valli dolomitiche\u201d Il testo integrale del bando con i requisiti necessari e il modulo per la presentazione della domanda sono disponibili sul sito Internet del Comune di Belluno<\/p>\n<p>&nbsp;<\/p>\n<p>&nbsp;<\/p>\n<hr \/>\n<p>&nbsp;<\/p>\n<p>&nbsp;<\/p>\n<p>&nbsp;<\/p>\n<blockquote>\n<h3>CON I CONTRIBUTI CARIVERONA NUOVI PROGETTI<\/h3>\n<\/blockquote>\n<p><strong>FELTRE<\/strong> L&#8217;Associazione Palio Citt\u00e0 di Feltre sta mettendo a disposizione di tutte le scuole del Feltrino, il progetto &#8220;Palio di Feltre 2020&#8221;: laboratori dedicati ai bambini e ai ragazzi dai 5 ai 14 anni, totalmente finanziati da Fondazione Cariverona. Sono in programma anche interventi in alcune scuole dell\u2019infanzia che sperimenteranno entro la primavera il \u201cPalio dei bambini\u201d. L&#8217;ufficio cultura curer\u00e0 invece gli interventi alla scuola primaria. Insieme agli esperti del Comune i bambini impareremo a leggere uno stemma, a riconoscere i pi\u00f9 importanti che ci sono a Feltre, scopriranno gli animali misteriosi che li popolano, impareranno a costruire un proprio stemma. Lo disegneranno e giocheranno a riconoscersi.<\/p>\n<p><a class=\"dt-pswp-item\" href=\"https:\/\/www.radiopiu.net\/wordpress\/wp-content\/uploads\/2020\/02\/15-La-ludoteca-medievale-la-corsa-coi-sacchi-x-2-1-scaled.jpg\" data-dt-img-description=\"\" data-large_image_width=\"2560\" data-large_image_height=\"1759\"><img loading=\"lazy\" decoding=\"async\" class=\"alignnone wp-image-117495\" src=\"https:\/\/www.radiopiu.net\/wordpress\/wp-content\/uploads\/2020\/02\/15-La-ludoteca-medievale-la-corsa-coi-sacchi-x-2-1-300x206.jpg\" alt=\"\" width=\"202\" height=\"139\" srcset=\"https:\/\/www.radiopiu.net\/wordpress\/wp-content\/uploads\/2020\/02\/15-La-ludoteca-medievale-la-corsa-coi-sacchi-x-2-1-300x206.jpg 300w, https:\/\/www.radiopiu.net\/wordpress\/wp-content\/uploads\/2020\/02\/15-La-ludoteca-medievale-la-corsa-coi-sacchi-x-2-1-1024x704.jpg 1024w, https:\/\/www.radiopiu.net\/wordpress\/wp-content\/uploads\/2020\/02\/15-La-ludoteca-medievale-la-corsa-coi-sacchi-x-2-1-768x528.jpg 768w, https:\/\/www.radiopiu.net\/wordpress\/wp-content\/uploads\/2020\/02\/15-La-ludoteca-medievale-la-corsa-coi-sacchi-x-2-1-1536x1055.jpg 1536w, https:\/\/www.radiopiu.net\/wordpress\/wp-content\/uploads\/2020\/02\/15-La-ludoteca-medievale-la-corsa-coi-sacchi-x-2-1-2048x1407.jpg 2048w\" sizes=\"auto, (max-width: 202px) 100vw, 202px\" \/><\/a><a class=\"dt-pswp-item\" href=\"https:\/\/www.radiopiu.net\/wordpress\/wp-content\/uploads\/2020\/02\/14-La-ludoteca-medievale-la-giostra-x-2-1-1-scaled.jpg\" data-dt-img-description=\"\" data-large_image_width=\"2560\" data-large_image_height=\"1920\"><img loading=\"lazy\" decoding=\"async\" class=\"alignnone wp-image-117496\" src=\"https:\/\/www.radiopiu.net\/wordpress\/wp-content\/uploads\/2020\/02\/14-La-ludoteca-medievale-la-giostra-x-2-1-1-300x225.jpg\" alt=\"\" width=\"183\" height=\"137\" srcset=\"https:\/\/www.radiopiu.net\/wordpress\/wp-content\/uploads\/2020\/02\/14-La-ludoteca-medievale-la-giostra-x-2-1-1-300x225.jpg 300w, https:\/\/www.radiopiu.net\/wordpress\/wp-content\/uploads\/2020\/02\/14-La-ludoteca-medievale-la-giostra-x-2-1-1-1024x768.jpg 1024w, https:\/\/www.radiopiu.net\/wordpress\/wp-content\/uploads\/2020\/02\/14-La-ludoteca-medievale-la-giostra-x-2-1-1-768x576.jpg 768w, https:\/\/www.radiopiu.net\/wordpress\/wp-content\/uploads\/2020\/02\/14-La-ludoteca-medievale-la-giostra-x-2-1-1-1536x1152.jpg 1536w, https:\/\/www.radiopiu.net\/wordpress\/wp-content\/uploads\/2020\/02\/14-La-ludoteca-medievale-la-giostra-x-2-1-1-2048x1536.jpg 2048w\" sizes=\"auto, (max-width: 183px) 100vw, 183px\" \/><\/a><a class=\"dt-pswp-item\" href=\"https:\/\/www.radiopiu.net\/wordpress\/wp-content\/uploads\/2020\/02\/17-La-ludoteca-medievale-la-corsa-coi-cavalli-x-2-2-scaled.jpg\" data-dt-img-description=\"\" data-large_image_width=\"2560\" data-large_image_height=\"1707\"><img loading=\"lazy\" decoding=\"async\" class=\"alignnone wp-image-117497\" src=\"https:\/\/www.radiopiu.net\/wordpress\/wp-content\/uploads\/2020\/02\/17-La-ludoteca-medievale-la-corsa-coi-cavalli-x-2-2-300x200.jpg\" alt=\"\" width=\"207\" height=\"138\" srcset=\"https:\/\/www.radiopiu.net\/wordpress\/wp-content\/uploads\/2020\/02\/17-La-ludoteca-medievale-la-corsa-coi-cavalli-x-2-2-300x200.jpg 300w, https:\/\/www.radiopiu.net\/wordpress\/wp-content\/uploads\/2020\/02\/17-La-ludoteca-medievale-la-corsa-coi-cavalli-x-2-2-1024x683.jpg 1024w, https:\/\/www.radiopiu.net\/wordpress\/wp-content\/uploads\/2020\/02\/17-La-ludoteca-medievale-la-corsa-coi-cavalli-x-2-2-768x512.jpg 768w, https:\/\/www.radiopiu.net\/wordpress\/wp-content\/uploads\/2020\/02\/17-La-ludoteca-medievale-la-corsa-coi-cavalli-x-2-2-1536x1024.jpg 1536w, https:\/\/www.radiopiu.net\/wordpress\/wp-content\/uploads\/2020\/02\/17-La-ludoteca-medievale-la-corsa-coi-cavalli-x-2-2-2048x1365.jpg 2048w\" sizes=\"auto, (max-width: 207px) 100vw, 207px\" \/><\/a><\/p>\n<p>&nbsp;<\/p>\n<p>&nbsp;<\/p>\n<p>&nbsp;<\/p>\n<hr \/>\n<p>&nbsp;<\/p>\n<p>&nbsp;<\/p>\n<p>&nbsp;<\/p>\n<blockquote class=\"wp-embedded-content\" data-secret=\"aHF2arj7Gi\"><p><a href=\"https:\/\/www.radiopiu.net\/wordpress\/ad-alleghe-250-ragazzi-disabili-assieme-ai-campioni-di-motocross\/\">AD ALLEGHE  250 RAGAZZI DISABILI \u00a0ASSIEME AI CAMPIONI DI MOTOCROSS<\/a><\/p><\/blockquote>\n<p><iframe loading=\"lazy\" title=\"&#8220;AD ALLEGHE  250 RAGAZZI DISABILI \u00a0ASSIEME AI CAMPIONI DI MOTOCROSS&#8221; &#8212; Radio Pi\u00f9\" class=\"wp-embedded-content\" sandbox=\"allow-scripts\" security=\"restricted\" style=\"position: absolute; clip: rect(1px, 1px, 1px, 1px);\" src=\"https:\/\/www.radiopiu.net\/wordpress\/ad-alleghe-250-ragazzi-disabili-assieme-ai-campioni-di-motocross\/embed\/#?secret=aHF2arj7Gi\" data-secret=\"aHF2arj7Gi\" width=\"600\" height=\"338\" frameborder=\"0\" marginwidth=\"0\" marginheight=\"0\" scrolling=\"no\"><\/iframe><\/p>\n<p>&nbsp;<\/p>\n<p>&nbsp;<\/p>\n<p>&nbsp;<\/p>\n<hr \/>\n<p>&nbsp;<\/p>\n<p>&nbsp;<\/p>\n<p>&nbsp;<\/p>\n<p>&nbsp;<\/p>\n<p><a class=\"dt-pswp-item\" href=\"https:\/\/www.radiopiu.net\/wordpress\/wp-content\/uploads\/2020\/02\/orch-animali-2.jpg\" data-dt-img-description=\"\" data-large_image_width=\"436\" data-large_image_height=\"612\"><img loading=\"lazy\" decoding=\"async\" class=\" wp-image-117506 alignleft\" src=\"https:\/\/www.radiopiu.net\/wordpress\/wp-content\/uploads\/2020\/02\/orch-animali-2-214x300.jpg\" alt=\"\" width=\"155\" height=\"217\" srcset=\"https:\/\/www.radiopiu.net\/wordpress\/wp-content\/uploads\/2020\/02\/orch-animali-2-214x300.jpg 214w, https:\/\/www.radiopiu.net\/wordpress\/wp-content\/uploads\/2020\/02\/orch-animali-2.jpg 436w\" sizes=\"auto, (max-width: 155px) 100vw, 155px\" \/><\/a><strong>BELLUNO<\/strong> Mercoledi alle 10.15 presentazione della fiaba musicale &#8220;L&#8217;Orchestra degli aninali&#8221; alle scuole dell&#8217;infanzia di Mussoi e Mier. Replica\u00a0 alle 17 in occasione della consegna delle borse di studio nell&#8217;aula magna della secondaria Ricci. Iniziativa del Comprensivo di Belluno e scuola secondaria Ricci.<\/p>\n<p>&nbsp;<\/p>\n<p>&nbsp;<\/p>\n<p>&nbsp;<\/p>\n<p>&nbsp;<\/p>\n<p>&nbsp;<\/p>\n<p>&nbsp;<\/p>\n<p>&nbsp;<\/p>\n<p>&nbsp;<\/p>\n<p>&nbsp;<\/p>\n<hr \/>\n<p>&nbsp;<\/p>\n<p>&nbsp;<\/p>\n<p>&nbsp;<\/p>\n<blockquote>\n<h3>UN CUORE ALLE PESCHIERE PER SAN VALENTINO<\/h3>\n<\/blockquote>\n<p><strong>TAIBON<\/strong> Innamorato di una donna o viceversa? Oppure dell&#8217;incantevole luogo sotto al gigante Agner? Chi ha creato quel cuore di ghiaccio lo sa, solo lui, solo lei o entrambi. Di certo un gran bell&#8217;omaggio nel giorno di San Valentino&#8230; con tanti auguri.<\/p>\n<p><a class=\"dt-pswp-item\" href=\"https:\/\/www.radiopiu.net\/wordpress\/wp-content\/uploads\/2020\/02\/05c3692d-c755-4a3e-bb2d-e744a7ae28c3.jpg\" data-dt-img-description=\"\" data-large_image_width=\"1599\" data-large_image_height=\"799\"><img loading=\"lazy\" decoding=\"async\" class=\"alignnone size-medium wp-image-117468\" src=\"https:\/\/www.radiopiu.net\/wordpress\/wp-content\/uploads\/2020\/02\/05c3692d-c755-4a3e-bb2d-e744a7ae28c3-300x150.jpg\" alt=\"\" width=\"300\" height=\"150\" srcset=\"https:\/\/www.radiopiu.net\/wordpress\/wp-content\/uploads\/2020\/02\/05c3692d-c755-4a3e-bb2d-e744a7ae28c3-300x150.jpg 300w, https:\/\/www.radiopiu.net\/wordpress\/wp-content\/uploads\/2020\/02\/05c3692d-c755-4a3e-bb2d-e744a7ae28c3-1024x512.jpg 1024w, https:\/\/www.radiopiu.net\/wordpress\/wp-content\/uploads\/2020\/02\/05c3692d-c755-4a3e-bb2d-e744a7ae28c3-768x384.jpg 768w, https:\/\/www.radiopiu.net\/wordpress\/wp-content\/uploads\/2020\/02\/05c3692d-c755-4a3e-bb2d-e744a7ae28c3-1536x768.jpg 1536w, https:\/\/www.radiopiu.net\/wordpress\/wp-content\/uploads\/2020\/02\/05c3692d-c755-4a3e-bb2d-e744a7ae28c3.jpg 1599w\" sizes=\"auto, (max-width: 300px) 100vw, 300px\" \/><\/a><a class=\"dt-pswp-item\" href=\"https:\/\/www.radiopiu.net\/wordpress\/wp-content\/uploads\/2020\/02\/9fed8aad-5818-400f-a927-3a88eaf068af.jpg\" data-dt-img-description=\"\" data-large_image_width=\"1599\" data-large_image_height=\"799\"><img loading=\"lazy\" decoding=\"async\" class=\"alignnone size-medium wp-image-117466\" src=\"https:\/\/www.radiopiu.net\/wordpress\/wp-content\/uploads\/2020\/02\/9fed8aad-5818-400f-a927-3a88eaf068af-300x150.jpg\" alt=\"\" width=\"300\" height=\"150\" srcset=\"https:\/\/www.radiopiu.net\/wordpress\/wp-content\/uploads\/2020\/02\/9fed8aad-5818-400f-a927-3a88eaf068af-300x150.jpg 300w, https:\/\/www.radiopiu.net\/wordpress\/wp-content\/uploads\/2020\/02\/9fed8aad-5818-400f-a927-3a88eaf068af-1024x512.jpg 1024w, https:\/\/www.radiopiu.net\/wordpress\/wp-content\/uploads\/2020\/02\/9fed8aad-5818-400f-a927-3a88eaf068af-768x384.jpg 768w, https:\/\/www.radiopiu.net\/wordpress\/wp-content\/uploads\/2020\/02\/9fed8aad-5818-400f-a927-3a88eaf068af-1536x768.jpg 1536w, https:\/\/www.radiopiu.net\/wordpress\/wp-content\/uploads\/2020\/02\/9fed8aad-5818-400f-a927-3a88eaf068af.jpg 1599w\" sizes=\"auto, (max-width: 300px) 100vw, 300px\" \/><\/a><a class=\"dt-pswp-item\" href=\"https:\/\/www.radiopiu.net\/wordpress\/wp-content\/uploads\/2020\/02\/429804c0-fb38-4d49-b07d-27804a03c605.jpg\" data-dt-img-description=\"\" data-large_image_width=\"1599\" data-large_image_height=\"799\"><img loading=\"lazy\" decoding=\"async\" class=\"alignnone size-medium wp-image-117465\" src=\"https:\/\/www.radiopiu.net\/wordpress\/wp-content\/uploads\/2020\/02\/429804c0-fb38-4d49-b07d-27804a03c605-300x150.jpg\" alt=\"\" width=\"300\" height=\"150\" srcset=\"https:\/\/www.radiopiu.net\/wordpress\/wp-content\/uploads\/2020\/02\/429804c0-fb38-4d49-b07d-27804a03c605-300x150.jpg 300w, https:\/\/www.radiopiu.net\/wordpress\/wp-content\/uploads\/2020\/02\/429804c0-fb38-4d49-b07d-27804a03c605-1024x512.jpg 1024w, https:\/\/www.radiopiu.net\/wordpress\/wp-content\/uploads\/2020\/02\/429804c0-fb38-4d49-b07d-27804a03c605-768x384.jpg 768w, https:\/\/www.radiopiu.net\/wordpress\/wp-content\/uploads\/2020\/02\/429804c0-fb38-4d49-b07d-27804a03c605-1536x768.jpg 1536w, https:\/\/www.radiopiu.net\/wordpress\/wp-content\/uploads\/2020\/02\/429804c0-fb38-4d49-b07d-27804a03c605.jpg 1599w\" sizes=\"auto, (max-width: 300px) 100vw, 300px\" \/><\/a><a class=\"dt-pswp-item\" href=\"https:\/\/www.radiopiu.net\/wordpress\/wp-content\/uploads\/2020\/02\/3b90b773-936c-4d87-acba-07a5864c8716.jpg\" data-dt-img-description=\"\" data-large_image_width=\"1599\" data-large_image_height=\"799\"><img loading=\"lazy\" decoding=\"async\" class=\"alignnone size-medium wp-image-117464\" src=\"https:\/\/www.radiopiu.net\/wordpress\/wp-content\/uploads\/2020\/02\/3b90b773-936c-4d87-acba-07a5864c8716-300x150.jpg\" alt=\"\" width=\"300\" height=\"150\" srcset=\"https:\/\/www.radiopiu.net\/wordpress\/wp-content\/uploads\/2020\/02\/3b90b773-936c-4d87-acba-07a5864c8716-300x150.jpg 300w, https:\/\/www.radiopiu.net\/wordpress\/wp-content\/uploads\/2020\/02\/3b90b773-936c-4d87-acba-07a5864c8716-1024x512.jpg 1024w, https:\/\/www.radiopiu.net\/wordpress\/wp-content\/uploads\/2020\/02\/3b90b773-936c-4d87-acba-07a5864c8716-768x384.jpg 768w, https:\/\/www.radiopiu.net\/wordpress\/wp-content\/uploads\/2020\/02\/3b90b773-936c-4d87-acba-07a5864c8716-1536x768.jpg 1536w, https:\/\/www.radiopiu.net\/wordpress\/wp-content\/uploads\/2020\/02\/3b90b773-936c-4d87-acba-07a5864c8716.jpg 1599w\" sizes=\"auto, (max-width: 300px) 100vw, 300px\" \/><\/a><\/p>\n<p>&nbsp;<\/p>\n<p>&nbsp;<\/p>\n<hr \/>\n<p>&nbsp;<\/p>\n<p>&nbsp;<\/p>\n<p>&nbsp;<\/p>\n<p>&nbsp;<\/p>\n<p>&nbsp;<\/p>\n<blockquote class=\"wp-embedded-content\" data-secret=\"UVUtT6D9aP\"><p><a href=\"https:\/\/www.radiopiu.net\/wordpress\/fiaccole-e-cuori-di-san-valentino-fodom\/\">FIACCOLE E CUORI DI SAN VALENTINO FODOM<\/a><\/p><\/blockquote>\n<p><iframe loading=\"lazy\" title=\"&#8220;FIACCOLE E CUORI DI SAN VALENTINO FODOM&#8221; &#8212; Radio Pi\u00f9\" class=\"wp-embedded-content\" sandbox=\"allow-scripts\" security=\"restricted\" style=\"position: absolute; clip: rect(1px, 1px, 1px, 1px);\" src=\"https:\/\/www.radiopiu.net\/wordpress\/fiaccole-e-cuori-di-san-valentino-fodom\/embed\/#?secret=UVUtT6D9aP\" data-secret=\"UVUtT6D9aP\" width=\"600\" height=\"338\" frameborder=\"0\" marginwidth=\"0\" marginheight=\"0\" scrolling=\"no\"><\/iframe><\/p>\n<p>&nbsp;<\/p>\n<p>&nbsp;<\/p>\n<p>&nbsp;<\/p>\n<hr \/>\n<p>&nbsp;<\/p>\n<p>&nbsp;<\/p>\n<blockquote class=\"wp-embedded-content\" data-secret=\"g9Xa4EDUSK\"><p><a href=\"https:\/\/www.radiopiu.net\/wordpress\/un-incontro-su-cultura-e-turismo-il-21-nel-museo-diocesano-di-feltre-di-renato-bona\/\">UN INCONTRO SU \u201cCULTURA E TURISMO\u201d IL 21 NEL MUSEO DIOCESANO DI FELTRE di RENATO BONA<\/a><\/p><\/blockquote>\n<p><iframe loading=\"lazy\" title=\"&#8220;UN INCONTRO SU \u201cCULTURA E TURISMO\u201d IL 21 NEL MUSEO DIOCESANO DI FELTRE di RENATO BONA&#8221; &#8212; Radio Pi\u00f9\" class=\"wp-embedded-content\" sandbox=\"allow-scripts\" security=\"restricted\" style=\"position: absolute; clip: rect(1px, 1px, 1px, 1px);\" src=\"https:\/\/www.radiopiu.net\/wordpress\/un-incontro-su-cultura-e-turismo-il-21-nel-museo-diocesano-di-feltre-di-renato-bona\/embed\/#?secret=g9Xa4EDUSK\" data-secret=\"g9Xa4EDUSK\" width=\"600\" height=\"338\" frameborder=\"0\" marginwidth=\"0\" marginheight=\"0\" scrolling=\"no\"><\/iframe><\/p>\n<p>&nbsp;<\/p>\n<p>&nbsp;<\/p>\n<p>&nbsp;<\/p>\n<p><a class=\"dt-pswp-item\" href=\"https:\/\/www.radiopiu.net\/wordpress\/wp-content\/uploads\/2018\/09\/appuntamenti.jpeg\" data-dt-img-description=\"\" data-large_image_width=\"800\" data-large_image_height=\"100\"><img loading=\"lazy\" decoding=\"async\" class=\"alignnone wp-image-61958 size-full\" src=\"https:\/\/www.radiopiu.net\/wordpress\/wp-content\/uploads\/2018\/09\/appuntamenti.jpeg\" alt=\"\" width=\"800\" height=\"100\" srcset=\"https:\/\/www.radiopiu.net\/wordpress\/wp-content\/uploads\/2018\/09\/appuntamenti.jpeg 800w, https:\/\/www.radiopiu.net\/wordpress\/wp-content\/uploads\/2018\/09\/appuntamenti-300x38.jpeg 300w, https:\/\/www.radiopiu.net\/wordpress\/wp-content\/uploads\/2018\/09\/appuntamenti-768x96.jpeg 768w\" sizes=\"auto, (max-width: 800px) 100vw, 800px\" \/><\/a><\/p>\n<p>&nbsp;<\/p>\n<blockquote>\n<h3><a class=\"dt-pswp-item\" href=\"https:\/\/www.radiopiu.net\/wordpress\/wp-content\/uploads\/2020\/02\/db6b78f0-c3ee-4be0-8d49-396955cd04d3.jpg\" data-dt-img-description=\"\" data-large_image_width=\"432\" data-large_image_height=\"768\"><img loading=\"lazy\" decoding=\"async\" class=\"size-medium wp-image-117413 alignleft\" src=\"https:\/\/www.radiopiu.net\/wordpress\/wp-content\/uploads\/2020\/02\/db6b78f0-c3ee-4be0-8d49-396955cd04d3-169x300.jpg\" alt=\"\" width=\"169\" height=\"300\" srcset=\"https:\/\/www.radiopiu.net\/wordpress\/wp-content\/uploads\/2020\/02\/db6b78f0-c3ee-4be0-8d49-396955cd04d3-169x300.jpg 169w, https:\/\/www.radiopiu.net\/wordpress\/wp-content\/uploads\/2020\/02\/db6b78f0-c3ee-4be0-8d49-396955cd04d3.jpg 432w\" sizes=\"auto, (max-width: 169px) 100vw, 169px\" \/><\/a>CON CORRADO CATTADORI, C&#8217;ERA UNA VOLTA AGORDO. con il circolo fotografico GIGIA DE NARDIN<\/h3>\n<\/blockquote>\n<p><strong>AGORDO<\/strong> Una proposta del Circolo fotografico agordino Gigia De Nardin per marted\u00ec 18 febbraio alle\u00a0 20,30 alla palestra delle scuole piano inferiore in Viale Sommariva ad Agordo, ingresso gratuito.\u00a0 Corrado Cattadori\u00a0 attraverso le immagini di un tempo racconert\u00e0 la Vecchia Agordo. La Grande guerra, il Carnevale, la sagra patronale dei santi Pietro e Paolo, l&#8217;inaugurazione della ferrovia e molto altro.<\/p>\n<p>&nbsp;<\/p>\n<p>&nbsp;<\/p>\n<p>&nbsp;<\/p>\n<p>&nbsp;<\/p>\n<p>&nbsp;<\/p>\n<p>&nbsp;<\/p>\n<p>&nbsp;<\/p>\n<p>&nbsp;<\/p>\n<hr \/>\n<p>&nbsp;<\/p>\n<p>&nbsp;<\/p>\n<p>&nbsp;<\/p>\n<p><strong><a class=\"dt-pswp-item\" href=\"https:\/\/www.radiopiu.net\/wordpress\/wp-content\/uploads\/2020\/02\/02f01c2b-5230-448d-bc77-b681a1507035.png\" data-dt-img-description=\"\" data-large_image_width=\"1600\" data-large_image_height=\"901\"><img loading=\"lazy\" decoding=\"async\" class=\"size-medium wp-image-117423 alignleft\" src=\"https:\/\/www.radiopiu.net\/wordpress\/wp-content\/uploads\/2020\/02\/02f01c2b-5230-448d-bc77-b681a1507035-300x169.png\" alt=\"\" width=\"300\" height=\"169\" srcset=\"https:\/\/www.radiopiu.net\/wordpress\/wp-content\/uploads\/2020\/02\/02f01c2b-5230-448d-bc77-b681a1507035-300x169.png 300w, https:\/\/www.radiopiu.net\/wordpress\/wp-content\/uploads\/2020\/02\/02f01c2b-5230-448d-bc77-b681a1507035-1024x577.png 1024w, https:\/\/www.radiopiu.net\/wordpress\/wp-content\/uploads\/2020\/02\/02f01c2b-5230-448d-bc77-b681a1507035-768x432.png 768w, https:\/\/www.radiopiu.net\/wordpress\/wp-content\/uploads\/2020\/02\/02f01c2b-5230-448d-bc77-b681a1507035-1536x865.png 1536w, https:\/\/www.radiopiu.net\/wordpress\/wp-content\/uploads\/2020\/02\/02f01c2b-5230-448d-bc77-b681a1507035.png 1600w\" sizes=\"auto, (max-width: 300px) 100vw, 300px\" \/><\/a>BELLUNO<\/strong> Domani\u00a0 alle 18 al\u00a0 Museo Burel in Sala Bianchi conferenza con protagonista\u00a0 la maschera dell&#8217;Om Selvarech, raccontata dall&#8217;antropologo Cesare Poppi, analizzer\u00e0 il personaggio del Selvatico nei riti, nel folklore, nelle tradizioni, nelle feste e nei Carnevali alpini.<\/p>\n<p>&nbsp;<\/p>\n<p>&nbsp;<\/p>\n<hr \/>\n<p>&nbsp;<\/p>\n<p>&nbsp;<\/p>\n<p><strong>LIVINALLONGO<\/strong> Ad Arabba mostra fotografica &#8220;Le montagne del castello&#8221;, un viaggio per immagini attraverso le cime del Castello di Andraz&#8221; di Alberto Battarelli,\u00a0al piano terra dell&#8217;Ufficio Turistico tutti i giorni fino al 12 aprile dalle\u00a0 8:30 alle 12 e dalle\u00a0 15:30 alle\u00a0 18:30. L\u2019ingresso \u00e8 libero. L\u2019autore, Alberto Battarelli, \u00e8 nato e vissuto a Trento ed \u00e8 molto legato alle zone di Livinallongo: il nonno materno, Giacomo Crepaz, maestro elementare, nato a Larzonei, hhttps:\/\/www.radiopiu.net\/wordpress\/tiziano-vecellio-ed-otto-parenti-per-una-famiglia-di-grandi-pittori-di-renato-bona\/a vissuto ad Andraz di Livinallongo del Col di Lana.<\/p>\n<p>&nbsp;<\/p>\n<hr \/>\n<p>&nbsp;<\/p>\n<p>&nbsp;<\/p>\n<p><strong>FELTRE<\/strong> Un incontro \u201cplenario\u201d, a cui sono invitati tutti i commercianti della citt\u00e0 e del territorio comunale, segna il passo al percorso di condivisione sulle prospettive future delle politiche del commercio. L\u2019appuntamento \u00e8 fissato per marted\u00ec\u00a0 alle 20.30 presso la Casa dei Beni Comuni al campus \u201cTina Merlin\u201d di Borgo Ruga.<\/p>\n<p>&nbsp;<\/p>\n<p>&nbsp;<\/p>\n<hr \/>\n<blockquote><p>&nbsp;<\/p>\n<p>&nbsp;<\/p>\n<p>&nbsp;<\/p>\n<p><strong>CARNEVEL INTE VILA<\/strong><\/p><\/blockquote>\n<p><strong>ROCCA PIETORE<\/strong> Oggi carnevale a Sottoguda con l&#8217;associazione Borgo Sottoguda e gruppo folk Marmoleda. Programma: 13.30 partenza della mascoreda da Col di Rocca in direzione Sottoguda. Dalle 16 a Sottoguda giochi e premi in piazza con buffet e alle 17.30 arrivo della maschere a Sottoguda con premiazione. Immancabile il ballo, alle 20.30 al bar Althea con i Caladora Band.<\/p>\n<p>&nbsp;<\/p>\n<hr \/>\n<blockquote>\n<h3><strong><span style=\"font-size: 14px;\">IL CARNEVALE A RIVAMONTE &#8220;OLTA DA RIVA E COMPAGNIA BELA&#8221;<\/span><\/strong><\/h3>\n<\/blockquote>\n<p><strong>RIVAMONTE<\/strong> Domani 16 febbraio a Rivamonte si svolger\u00e0 la prima edizione di \u201c\u00d2lt da Riva e compagnia bela\u201d una mascherata di carnevale\u00a0 Alle 14 raduno delle maschere in piazza della chiesa e sfilata lungo le vie del paese; dalle 15.30 festa danzante con musica dal vivo nel piazzale del bar-ristorante \u201cAl Molin\u201d dove verr\u00e0 allestito per l\u2019occasione un tendone.<\/p>\n<p>&nbsp;<\/p>\n<hr \/>\n<blockquote><p><strong>IL CARNEVALE DI SOSPIROLO<\/strong><\/p><\/blockquote>\n<p><strong>SOSPIROLO<\/strong> Torna il carnevale firmato, come da tradizione, dalla Pro loco \u201cMonti del Sole\u201d. S\u2019inizia, con la passeggiata in maschera di domani 16 febbraio con partecipazione libera e gratuita. Tema di quest\u2019anno sono i giochi d&#8217;un tempo. Il raduno per la passeggiata \u00e8 alle 9.30.<\/p>\n<p>&nbsp;<\/p>\n<hr \/>\n<p>&nbsp;<\/p>\n<blockquote><p><strong>IL 23 FEBBRAIO LA ZINGHENESTA A CANALE<\/strong><\/p><\/blockquote>\n<p><strong>CANALE D&#8217;AGORDO<\/strong> L&#8217;appuntamento per l&#8217;ottava edizione de &#8220;La Zinghenesta&#8221; \u00e8 per il 23 febbraio prossimo. Il carnevale tipico di Canale D&#8217;Agordo avr\u00e0 una giornata tutta dedicata che inizier\u00e0 alle 8 del mattino per concludere verso le 16:30 quando ci sar\u00e0 il &#8220;processo al carnevale&#8221;.<\/p>\n<p>&nbsp;<\/p>\n<hr \/>\n<p>&nbsp;<\/p>\n<blockquote><p><strong>EL CARNEVAL DEI BOCE A TAIBON<\/strong><\/p><\/blockquote>\n<p><strong>TAIBON<\/strong> Domenica 23 febbraio consueto appuntamento con la mascherata dalla piazza del Municipio (ritrovo alle 14) che sfiler\u00e0 fino alla Casa di Soggiorno per persone anziane dell&#8217;Agordino. Invitati grandi e piccini<\/p>\n<p>&nbsp;<\/p>\n<hr \/>\n<p>&nbsp;<\/p>\n<blockquote><p><strong>EL CARNEVAL DEI BOCE A TEMA<\/strong><\/p><\/blockquote>\n<p><strong>LA VALLE<\/strong> Il carnevale a La Valle Agordina \u00e8 in calendario per il 23 febbraio quest&#8217;annno a tema con &#8220;Ti sorridono i monti&#8221;. Alle 14 gran sfilata dalla piazza, 15.30 festa in piazza con merenda, giochi e balli. Premi alla maschera, coppia e gruppo pi\u00f9 a tema e premi al gruppo pi\u00f9 numeroso. In caso di maltempo l&#8217;evento si terr\u00e0 alle scuole. Organizza la proloco di La Valle.<\/p>\n<p>&nbsp;<\/p>\n<hr \/>\n<h2><\/h2>\n<p>&nbsp;<\/p>\n<p>&nbsp;<\/p>\n<p>&nbsp;<\/p>\n<h2><span style=\"color: #ff0000;\">IERI ALLA RADIO, due minuti un libro<\/span><\/h2>\n<blockquote class=\"wp-embedded-content\" data-secret=\"nQxtvPqarM\"><p><a href=\"https:\/\/www.radiopiu.net\/wordpress\/il-destino-del-faraone\/\">IL DESTINO DEL FARAONE<\/a><\/p><\/blockquote>\n<p><iframe loading=\"lazy\" title=\"&#8220;IL DESTINO DEL FARAONE&#8221; &#8212; Radio Pi\u00f9\" class=\"wp-embedded-content\" sandbox=\"allow-scripts\" security=\"restricted\" style=\"position: absolute; clip: rect(1px, 1px, 1px, 1px);\" src=\"https:\/\/www.radiopiu.net\/wordpress\/il-destino-del-faraone\/embed\/#?secret=nQxtvPqarM\" data-secret=\"nQxtvPqarM\" width=\"600\" height=\"338\" frameborder=\"0\" marginwidth=\"0\" marginheight=\"0\" scrolling=\"no\"><\/iframe><\/p>\n<p><strong>LA COLLEZIONE COMPLETA<\/strong><\/p>\n<blockquote class=\"wp-embedded-content\" data-secret=\"PRPvwy9kv4\"><p><a href=\"https:\/\/www.radiopiu.net\/wordpress\/due-minuti-un-libro\/\">Due minuti un libro<\/a><\/p><\/blockquote>\n<p><iframe loading=\"lazy\" title=\"&#8220;Due minuti un libro&#8221; &#8212; Radio Pi\u00f9\" class=\"wp-embedded-content\" sandbox=\"allow-scripts\" security=\"restricted\" style=\"position: absolute; clip: rect(1px, 1px, 1px, 1px);\" src=\"https:\/\/www.radiopiu.net\/wordpress\/due-minuti-un-libro\/embed\/#?secret=PRPvwy9kv4\" data-secret=\"PRPvwy9kv4\" width=\"600\" height=\"338\" frameborder=\"0\" marginwidth=\"0\" marginheight=\"0\" scrolling=\"no\"><\/iframe><\/p>\n<p>&nbsp;<\/p>\n<p>&nbsp;<\/p>\n<p><a class=\"dt-pswp-item pspw-wrap-ready\" href=\"https:\/\/www.radiopiu.net\/wordpress\/wp-content\/uploads\/2018\/09\/viabilita.jpeg\" data-dt-img-description=\"\" data-large_image_width=\"800\" data-large_image_height=\"100\"><img loading=\"lazy\" decoding=\"async\" class=\"wp-image-61954 size-full aligncenter\" src=\"https:\/\/www.radiopiu.net\/wordpress\/wp-content\/uploads\/2018\/09\/viabilita.jpeg\" sizes=\"auto, (max-width: 800px) 100vw, 800px\" srcset=\"https:\/\/www.radiopiu.net\/wordpress\/wp-content\/uploads\/2018\/09\/viabilita.jpeg 800w, https:\/\/www.radiopiu.net\/wordpress\/wp-content\/uploads\/2018\/09\/viabilita-300x38.jpeg 300w, https:\/\/www.radiopiu.net\/wordpress\/wp-content\/uploads\/2018\/09\/viabilita-768x96.jpeg 768w\" alt=\"\" width=\"800\" height=\"100\" \/><\/a><\/p>\n<p>&nbsp;<\/p>\n<p><strong>PROVINCIALE 3 VAL IMPERINA,<\/strong> FINO\u00a0 A OGGI CHIUSURA DALLE 8 ALLE 9.45, 10-11.45, 13,30-15.15 E 15.30-1730\u00a0 localita&#8217; Corde Mole tra Rivamonte e Gosaldo<\/p>\n<p><strong>563 di SALESEI tra PIAN DI SALESEI E SALESEI\u00a0<\/strong> FINO AL 21 febbraio esclusi festivi e prefestivi INTERDIZIONE TOTALE AL TRAFFICO dalle 9 alle 17 per rimozione schianti. negli altri orari senso unico con semaforo<\/p>\n<p><strong>PONTE NELLE ALPI <\/strong><em>Fino al 27 marzo, il traffico della statale 50, all&#8217;altezza dell&#8217;innesto con via dei Zattieri (che verr\u00e0 chiusa), sar\u00e0 deviato nel tratto di nuova rotatoria realizzata all&#8217;interno dell&#8217;area ex Comedil.<\/em><\/p>\n<p>&nbsp;<\/p>\n<p>&nbsp;<\/p>\n<p>&nbsp;<\/p>\n<h2><span style=\"color: #ff0000;\">GLI SPECIALI DAL SITO DI RADIO PIU, EPCENTER DECIMA PUNTATA\u00a0<\/span><\/h2>\n<p><iframe loading=\"lazy\" title=\"EPCENTER DECIMA PUNTATA\" width=\"1200\" height=\"675\" src=\"https:\/\/www.youtube.com\/embed\/4HC4_Mt8OUk?feature=oembed\" frameborder=\"0\" allow=\"accelerometer; autoplay; encrypted-media; gyroscope; picture-in-picture\" allowfullscreen><\/iframe><\/p>\n<p><strong>LA COLLEZIONE COMPLETA<\/strong><\/p>\n<blockquote class=\"wp-embedded-content\" data-secret=\"OLiutM0JWt\"><p><a href=\"https:\/\/www.radiopiu.net\/wordpress\/ep-center-video-gallery\/\">EP CENTER video gallery<\/a><\/p><\/blockquote>\n<p><iframe loading=\"lazy\" title=\"&#8220;EP CENTER video gallery&#8221; &#8212; Radio Pi\u00f9\" class=\"wp-embedded-content\" sandbox=\"allow-scripts\" security=\"restricted\" style=\"position: absolute; clip: rect(1px, 1px, 1px, 1px);\" src=\"https:\/\/www.radiopiu.net\/wordpress\/ep-center-video-gallery\/embed\/#?secret=OLiutM0JWt\" data-secret=\"OLiutM0JWt\" width=\"600\" height=\"338\" frameborder=\"0\" marginwidth=\"0\" marginheight=\"0\" scrolling=\"no\"><\/iframe><\/p>\n<p>&nbsp;<\/p>\n<p>&nbsp;<\/p>\n<p>&nbsp;<\/p>\n<p><a class=\"dt-pswp-item\" href=\"https:\/\/www.radiopiu.net\/wordpress\/wp-content\/uploads\/2018\/09\/sport.jpg\" data-dt-img-description=\"\" data-large_image_width=\"800\" data-large_image_height=\"100\"><img loading=\"lazy\" decoding=\"async\" class=\"aligncenter wp-image-60761 size-full\" src=\"https:\/\/www.radiopiu.net\/wordpress\/wp-content\/uploads\/2018\/09\/sport.jpg\" alt=\"\" width=\"800\" height=\"100\" srcset=\"https:\/\/www.radiopiu.net\/wordpress\/wp-content\/uploads\/2018\/09\/sport.jpg 800w, https:\/\/www.radiopiu.net\/wordpress\/wp-content\/uploads\/2018\/09\/sport-300x38.jpg 300w, https:\/\/www.radiopiu.net\/wordpress\/wp-content\/uploads\/2018\/09\/sport-768x96.jpg 768w\" sizes=\"auto, (max-width: 800px) 100vw, 800px\" \/><\/a><\/p>\n<blockquote>\n<h2><\/h2>\n<h2 class=\"p1\"><span class=\"s1\">GLI APPUNTAMENTI SPORTIVI DEL WEEKEND<\/span><\/h2>\n<\/blockquote>\n<h2 class=\"p1\"><span class=\"s1\"><b>VOLLEY<\/b><\/span><\/h2>\n<p class=\"p1\"><span class=\"s1\">4 le partite in programma nel fine settimana per il Volley Club Agordino. La prima squadra giocher\u00e0 stasera alle 20:30 al Palarova di Agordo la prima giornata del girone di ritorno della Terza Divisione. Le agordine si troveranno di fronte il Castion. Doppio impegno per la under 16 che oggi e domani giocheranno in casa. La partita odierna alle 18 contro il Trichiana e domani alle 17 sfideranno il Team Spes Gialla. Le under 13 saranno in campo oggi pomeriggio alle 17 per giocare in trasferta contro il Santa Giustina. <\/span><\/p>\n<h2 class=\"p1\"><span class=\"s1\"><b>HOCKEY<\/b><\/span><\/h2>\n<p class=\"p1\"><span class=\"s1\">Stasera alle 20:30 l\u2019Alleghe Hockey giocher\u00e0 il big match di giornata contro il Caldaro all\u2019Alvise de Toni di Alleghe. La squadra di Matikainen, dopo 10 giorni di stop, dovr\u00e0 fare una grande prova contro gli altoatesini. Una vittoria vorrebbe dire essere quasi qualificati ai quarti di finale. Partita che Radio Pi\u00f9 seguir\u00e0 in diretta all\u2019interno di \u201cHockey Al Punto Giusto\u201d. Settore giovanile alleghese impegnato con la under 19 domani alle 16:30 quando giocher\u00e0 in trasferta con il Val Pusteria. Oggi alle 18:30 sar\u00e0 il turno del fassa\/Alleghe under 17 che affronter\u00e0 una lunga trasferta in terra lombarda per sfidare il Varese. Under 15 che domani al De Toni giocher\u00e0 la partita valida per la qualificazione alla Coppa Italia contro il Valli Del Noce alle 12. Under 13 che rispetter\u00e0 la giornata di riposo.<\/span><\/p>\n<h2 class=\"p1\"><span class=\"s1\"><b>CALCIO<\/b><\/span><\/h2>\n<p class=\"p1\"><span class=\"s1\">Allievi del San Giorgio Sedico che domani alle 10:30 giocheranno in casa contro i trevigiani dell\u2019Union QDP. Trasferta in terra trevigiana per il Fiori Barp Mas che domani alle 14:30 affronter\u00e0 il Cappella Maggiore per la 22\u00b0 giornata della Prima Categoria girone G del Veneto.<\/span><\/p>\n<blockquote>\n<p class=\"p1\" style=\"text-align: center;\"><span class=\"s1\"><b>DOMANI ALLE 14:30 APPUNTAMENTO CON \u201cDOMENICA PIU\u2019 SPORT\u201d PER SEGUIRE IN DIRETTA LA PARTITA DEL FIORI BARP MAS<\/b><\/span><\/p>\n<\/blockquote>\n<p>&nbsp;<\/p>\n<p>&nbsp;<\/p>\n<hr \/>\n<p>&nbsp;<\/p>\n<blockquote>\n<h2 class=\"p1\"><span class=\"s1\">OGGI AGORDINA IN CAMPO PER L\u2019AMICHEVOLE CONTRO IL LENTIAI<\/span><\/h2>\n<\/blockquote>\n<p class=\"p1\"><span class=\"s1\"><a class=\"dt-pswp-item\" href=\"https:\/\/www.radiopiu.net\/wordpress\/wp-content\/uploads\/2019\/09\/AGORDINA-CALCIO.jpeg\" data-dt-img-description=\"\" data-large_image_width=\"225\" data-large_image_height=\"225\"><img loading=\"lazy\" decoding=\"async\" class=\"size-full wp-image-97575 alignright\" src=\"https:\/\/www.radiopiu.net\/wordpress\/wp-content\/uploads\/2019\/09\/AGORDINA-CALCIO.jpeg\" alt=\"\" width=\"225\" height=\"225\" srcset=\"https:\/\/www.radiopiu.net\/wordpress\/wp-content\/uploads\/2019\/09\/AGORDINA-CALCIO.jpeg 225w, https:\/\/www.radiopiu.net\/wordpress\/wp-content\/uploads\/2019\/09\/AGORDINA-CALCIO-150x150.jpeg 150w\" sizes=\"auto, (max-width: 225px) 100vw, 225px\" \/><\/a>Prove tecniche di girone di ritorno per l\u2019Agordina di Marco Lorenzi. La squadra del presidente Cosmo Forcella sar\u00e0 in campo oggi all\u2019Ivano Dorigo di Agordo per un\u2019amichevole che far\u00e0 da test per il ritorno sul campo ufficiale in Terza Categoria. Mancano 15 giorni al via del girone di ritorno del torneo bellunese e la formazione di Agordo torna a calcare il terreno di gioco dopo pi\u00f9 di 2 mesi di stop. 60 giorni in cui gli uomini di Lorenzi non sono stati sicuramente a riposare, anzi, da 15 giorni, sono ritornati ad allenarsi in vista dei prossimi impegni, campionato e coppa. Un test importante per vedere la forma dell\u2019Agordina che ha chiuso l\u2019andata al primo posto conquistando il titolo di \u201ccampione d\u2019inverno\u201d. Oggi alle 15 arriva il Lentai all\u2019Ivano Dorigo, altra squadra di alta classifica della Terza Categoria. <\/span><\/p>\n<p>&nbsp;<\/p>\n<p>&nbsp;<\/p>\n<p>&nbsp;<\/p>\n<hr \/>\n<p>&nbsp;<\/p>\n<p>&nbsp;<\/p>\n<blockquote>\n<h2 class=\"p1\"><span class=\"s1\"><b>OGGI\u00a0 A SEDICO IL DERBY DI CALCIO A 5 SERIE B\u2026SI ENTRA GRATIS<\/b><\/span><\/h2>\n<\/blockquote>\n<p class=\"p3\"><span class=\"s1\"><a class=\"dt-pswp-item\" href=\"https:\/\/www.radiopiu.net\/wordpress\/wp-content\/uploads\/2020\/02\/DERBY-CALCIO-A-5-SPES-ARENA.jpeg\" data-dt-img-description=\"\" data-large_image_width=\"960\" data-large_image_height=\"637\"><img loading=\"lazy\" decoding=\"async\" class=\"size-medium wp-image-117366 alignright\" src=\"https:\/\/www.radiopiu.net\/wordpress\/wp-content\/uploads\/2020\/02\/DERBY-CALCIO-A-5-SPES-ARENA-300x199.jpeg\" alt=\"\" width=\"300\" height=\"199\" srcset=\"https:\/\/www.radiopiu.net\/wordpress\/wp-content\/uploads\/2020\/02\/DERBY-CALCIO-A-5-SPES-ARENA-300x199.jpeg 300w, https:\/\/www.radiopiu.net\/wordpress\/wp-content\/uploads\/2020\/02\/DERBY-CALCIO-A-5-SPES-ARENA-768x510.jpeg 768w, https:\/\/www.radiopiu.net\/wordpress\/wp-content\/uploads\/2020\/02\/DERBY-CALCIO-A-5-SPES-ARENA.jpeg 960w\" sizes=\"auto, (max-width: 300px) 100vw, 300px\" \/><\/a>Cresce l\u2019attesa per il derby di questa sera tra Giorik Sedico e Canottieri Belluno. Al Palaricolt di Sedico alle 20.30 \u00e8 in programma dunque la sfida tutta bellunese di serie B pronta a richiamare il pubblico delle grandi occasioni. Si entrer\u00e0 gratuitamente e all\u2019andata furono oltre 700 gli spettatori che assieparono gli spalti della Spes Arena <i>(nella foto di Giuseppe De Zanet)<\/i>.<\/span><\/p>\n<p>&nbsp;<\/p>\n<p>&nbsp;<\/p>\n<p>&nbsp;<\/p>\n<p>&nbsp;<\/p>\n<hr \/>\n<p>&nbsp;<\/p>\n<blockquote>\n<h2 class=\"p1\"><span class=\"s1\">SECONDO ORO PER LA NORVEGIA AD ANTERSELVA. VITOZZI SESTA E WIERER SETTIMA<\/span><\/h2>\n<\/blockquote>\n<p class=\"p1\"><span class=\"s1\"><b>DAL SITO FISI:<\/b> Marte Olsbu Roeiseland ha regalato alla Norvegia la seconda medaglia d&#8217;oro ai Mondiali di Anterselva. La scandinava si \u00e8 imposta nella sprint di 7,5 superando una battagliera Susan Dunklee, sempre a segno al poligono ma beffata di 6&#8243;8 nel finale. Bronzo a sorpresa per la ceca Lucie Charvatova, staccata di 21&#8243;3 e mai a podio in una rassegna iridata. Il vento ha condizionato fortemente la prova odierna: lo sanno bene Lisa Vittozzi e Dorothea Wierer, rispettivamente in sesta e settima posizione: le due hanno pagato i due errori nelle serie di tiro ma hanno chiuso la prova in crescendo dando segnali incoraggianti in vista della prova d&#8217;inseguimento di domenica.<\/span><\/p>\n<p class=\"p1\"><span class=\"s1\">La sappadina, molto performante sugli sci, ha effettuato una bella rimonta dopo i due bersagli mancati nelle serie a terra, la detentrice della sfera di cristallo invece, non ha mai trovato il feeling ideale per fare del suo meglio anche a causa di un fondo ghiacciato a lei poco favorevole. Al via c&#8217;erano anche Federica Sanfilippo, 45esima a 1&#8217;43&#8243;6 e Michela Carrara, 67esima a 2&#8217;30&#8243;7. Tante le big che hanno deluso: al primo posto c&#8217;\u00e8 Tiril Eckhoff, solo 59esima: la norvegese ha cos\u00ec perso la vetta della generale di Cdm a favore di Wierer, adesso in testa con 21 lunghezze di vantaggio. I Mondiali proseguiranno nella giornata di sabato con una sprint maschile a partire dalle ore 14,45.<\/span><\/p>\n<p class=\"p1\"><span class=\"s1\">Ordine d&#8217;arrivo sprint 7,5 km femminile Mondiali Anterselva (Ita): 1. ROEISELAND Marte Olsbu NOR 1 21:13.1, 2. DUNKLEE Susan USA 0 +6.8, 3. CHARVATOVA Lucie CZE 1 +21.3, 4. PIDHRUSHNA Olena UKR 1 +25.6, 5. HERRMANN Denise GER 3 +30.5, <b>6. VITTOZZI Lisa ITA 2 +37.6, 7. WIERER Dorothea ITA 2 +39.0<\/b><\/span><\/p>\n<p>&nbsp;<\/p>\n<p class=\"p1\"><span class=\"s1\"><b>IL PUNTO DI MASSIMILIANO AMBESI, COMMENTATORE DI EUROSPORT<\/b><\/span><\/p>\n<audio class=\"wp-audio-shortcode\" id=\"audio-117493-11\" preload=\"none\" style=\"width: 100%;\" controls=\"controls\"><source type=\"audio\/mpeg\" src=\"https:\/\/www.radiopiu.net\/wordpress\/wp-content\/uploads\/2020\/02\/AMBESI-SPRINT-FEMMINILE-14-FEBBRAIO-2020.mp3?_=11\" \/><a href=\"https:\/\/www.radiopiu.net\/wordpress\/wp-content\/uploads\/2020\/02\/AMBESI-SPRINT-FEMMINILE-14-FEBBRAIO-2020.mp3\">https:\/\/www.radiopiu.net\/wordpress\/wp-content\/uploads\/2020\/02\/AMBESI-SPRINT-FEMMINILE-14-FEBBRAIO-2020.mp3<\/a><\/audio>\n<p>&nbsp;<\/p>\n<p>&nbsp;<\/p>\n<p>&nbsp;<\/p>\n<hr \/>\n<p>&nbsp;<\/p>\n<p><a class=\"dt-pswp-item\" href=\"https:\/\/www.radiopiu.net\/wordpress\/wp-content\/uploads\/2018\/09\/WhatsApp-Image-2018-09-20-at-16.04.06.jpeg\" data-dt-img-description=\"\" data-large_image_width=\"800\" data-large_image_height=\"100\"><img loading=\"lazy\" decoding=\"async\" class=\"aligncenter wp-image-61378 size-full\" src=\"https:\/\/www.radiopiu.net\/wordpress\/wp-content\/uploads\/2018\/09\/WhatsApp-Image-2018-09-20-at-16.04.06.jpeg\" alt=\"\" width=\"800\" height=\"100\" srcset=\"https:\/\/www.radiopiu.net\/wordpress\/wp-content\/uploads\/2018\/09\/WhatsApp-Image-2018-09-20-at-16.04.06.jpeg 800w, https:\/\/www.radiopiu.net\/wordpress\/wp-content\/uploads\/2018\/09\/WhatsApp-Image-2018-09-20-at-16.04.06-300x38.jpeg 300w, https:\/\/www.radiopiu.net\/wordpress\/wp-content\/uploads\/2018\/09\/WhatsApp-Image-2018-09-20-at-16.04.06-768x96.jpeg 768w\" sizes=\"auto, (max-width: 800px) 100vw, 800px\" \/><\/a><\/p>\n<p>&nbsp;<\/p>\n<p>&nbsp;<\/p>\n<p><b>Sabato 15<\/b> <b>Tempo atteso: <\/b>Tempo parzialmente soleggiato per transito di nubi alte, pi\u00f9 estese al pomeriggio. Aria tersa ed ottima visibilit\u00e0 in montagna. Lievi foschie nei fondovalle prealpini durante le ore pi\u00f9 fredde. Clima diurno assai pi\u00f9 mite in quota, mentre l&#8217;assenza di Foehn e il transito di nubi alte potrebbero favorire un calo termico diurno nelle valli.<br \/>\n<b>Precipitazioni: <\/b>Assenti (0%)<br \/>\n<b>Temperature: <\/b>Minime in sensibile aumento in quota e in calo nelle valli; massime in netta ripresa in quota in diminuzione nelle valli. Sono previste punte di 9\/11\u00b0C nei fondovalle prealpini e di 6\/8\u00b0C a 1000\/1200 m. Su Prealpi a 1500 m min 2\u00b0C max 6\u00b0C, a 2000 m min 1\u00b0C max 4\u00b0C. Su Dolomiti a 2000 m min 0\u00b0C max 4\u00b0C, a 3000 m min -2\u00b0C max 1\u00b0C.<br \/>\n<b>Venti: <\/b>Nelle valli deboli di direzione variabile, salvo soliti rinforzi notturni in alcuni settori prealpini a ridosso della pedemontana. In quota venti deboli\/moderati da nord al mattino e da sud-ovest al pomeriggio, a 5\/10 km\/h a 2000 m e 10\/15 km\/h a 3000 m.<\/p>\n<hr \/>\n<p><b>Domenica 16<\/b> <b>Tempo atteso: <\/b>Tempo perlopi\u00f9 parzialmente soleggiato per passaggio di nubi alte, a tratti estese. Sui settori prealpini a ridosso della pianura probabili nubi basse, specie sulle Prealpi bellunesi. Lievi foschie nei fondovalle prealpini durante le ore pi\u00f9 fredde. Clima anormalmente mite in quota, anche di notte, mentre vi sar\u00e0 un po&#8217; d&#8217;inversione termica notturna nelle valli, senza valori altrettanto eccezionali per sole spesso velato.<br \/>\n<b>Precipitazioni: <\/b>Assenti (0%).<br \/>\n<b>Temperature: <\/b>In ulteriore aumento, specie in quota. Sono previste punte di 12\/14\u00b0C nei fondovalle prealpini (assai meno in caso di nubi basse) e di 10\/11\u00b0C a 1000\/1200 m, localmente di pi\u00f9 nei settori pi\u00f9 assolati. Su Prealpi a 1500 m min 4\u00b0C max 9\u00b0C, a 2000 m min 3\u00b0C max 6\u00b0C. Su Dolomiti a 2000 m min 3\u00b0C max 7\u00b0C, a 3000 m min 2\u00b0C max 5\u00b0C.<br \/>\n<b>Venti: <\/b>Nelle valli deboli di direzione variabile, salvo consueti rinforzi notturni in alcuni settori prealpini a ridosso della pedemontana; in quota venti deboli\/moderati da sud-ovest, a 5\/10 km\/h a 2000 m e 10\/20 km\/h a 3000 m.<\/p>\n<hr \/>\n<p><b>Lunedi 17<\/b>Inizialmente sole e velature del cielo sulle Dolomiti, nubi basse sulle Prealpi, poi aumento della nuvolosit\u00e0 stratiforme ovunque fino a cielo molto nuvoloso\/coperto al pomeriggio\/sera. Tra il tardo pomeriggio e la sera non escluse debolissime precipitazioni sotto forma di pioviggini e di fiocchi di neve sopra i 2000 m. Temperature minime in aumento e massime in contenuta flessione. Venti moderati\/tesi da sud-ovest in quota, deboli di direzione variabile nelle valli.<\/p>\n<hr \/>\n<p><b>Martedi 18<\/b>Variabilit\u00e0 notturna seguita da tempo ben soleggiato con aria tersa ed ottima visibilit\u00e0 in quota. Probabili lievi foschie nei fondovalle prealpini durante le ore pi\u00f9 fredde. Temperature minime in calo, specie in quota, massime in diminuzione in quota ed in rialzo nelle valli. Venti deboli\/moderati da nord-ovest in quota, deboli di direzione variabile nelle valli, salvo consueti rinforzi notturni nei settori in prossimit\u00e0 della pedemontana. Previsore: R.L.Th.<\/p>\n","protected":false},"excerpt":{"rendered":"<p>PER RICEVERE QUESTO NOTIZIARIO DIRETTAMENTE SUL TUO CELLULARE ISCRIVITI AL CANALE TELEGRAM &#8220;RADIO PIU\u00a0 INFORMAZIONE&#8221;\u00a0 &nbsp; &nbsp; &nbsp; INCIDENTE MORTALE AD ALLEGHE, PROBABILMENTE LA CAUSA UN MALORE &nbsp; ALLEGHE Alle 9\u00a0 incidente mortale lungo la regionale 203 Agordina, poco prima del centro abitato di Alleghe. Al volante\u00a0 un uomo\u00a0 Carlo Pini\u00e8, residente a Caprile da&hellip;<\/p>\n","protected":false},"author":1,"featured_media":117523,"comment_status":"closed","ping_status":"closed","sticky":false,"template":"","format":"standard","meta":{"_monsterinsights_skip_tracking":false,"_monsterinsights_sitenote_active":false,"_monsterinsights_sitenote_note":"","_monsterinsights_sitenote_category":0,"footnotes":""},"categories":[1,86,49],"tags":[],"class_list":["post-117493","post","type-post","status-publish","format-standard","has-post-thumbnail","hentry","category-senza-categoria","category-gr","category-news-18","category-1","category-86","category-49","description-off"],"img_url":"https:\/\/www.radiopiu.net\/wordpress\/wp-content\/uploads\/2020\/02\/0cd2ba24-fc99-4e41-9c4e-fbe9b9dc44ce.jpg","_links":{"self":[{"href":"https:\/\/www.radiopiu.net\/wordpress\/wp-json\/wp\/v2\/posts\/117493","targetHints":{"allow":["GET"]}}],"collection":[{"href":"https:\/\/www.radiopiu.net\/wordpress\/wp-json\/wp\/v2\/posts"}],"about":[{"href":"https:\/\/www.radiopiu.net\/wordpress\/wp-json\/wp\/v2\/types\/post"}],"author":[{"embeddable":true,"href":"https:\/\/www.radiopiu.net\/wordpress\/wp-json\/wp\/v2\/users\/1"}],"replies":[{"embeddable":true,"href":"https:\/\/www.radiopiu.net\/wordpress\/wp-json\/wp\/v2\/comments?post=117493"}],"version-history":[{"count":0,"href":"https:\/\/www.radiopiu.net\/wordpress\/wp-json\/wp\/v2\/posts\/117493\/revisions"}],"wp:featuredmedia":[{"embeddable":true,"href":"https:\/\/www.radiopiu.net\/wordpress\/wp-json\/wp\/v2\/media\/117523"}],"wp:attachment":[{"href":"https:\/\/www.radiopiu.net\/wordpress\/wp-json\/wp\/v2\/media?parent=117493"}],"wp:term":[{"taxonomy":"category","embeddable":true,"href":"https:\/\/www.radiopiu.net\/wordpress\/wp-json\/wp\/v2\/categories?post=117493"},{"taxonomy":"post_tag","embeddable":true,"href":"https:\/\/www.radiopiu.net\/wordpress\/wp-json\/wp\/v2\/tags?post=117493"}],"curies":[{"name":"wp","href":"https:\/\/api.w.org\/{rel}","templated":true}]}}