{"id":117549,"date":"2020-02-14T19:12:57","date_gmt":"2020-02-14T18:12:57","guid":{"rendered":"https:\/\/www.radiopiu.net\/wordpress\/?p=117549"},"modified":"2020-02-14T19:12:57","modified_gmt":"2020-02-14T18:12:57","slug":"geografie-della-memoria-al-via-il-progetto-di-recupero","status":"publish","type":"post","link":"https:\/\/www.radiopiu.net\/wordpress\/geografie-della-memoria-al-via-il-progetto-di-recupero\/","title":{"rendered":"GEOGRAFIE DELLA MEMORIA, AL VIA IL PROGETTO DI RECUPERO"},"content":{"rendered":"<blockquote>\n<h3><\/h3>\n<\/blockquote>\n<p><a class=\"dt-pswp-item\" href=\"https:\/\/www.radiopiu.net\/wordpress\/wp-content\/uploads\/2020\/02\/3bf29349-2e7f-4048-af42-d5dd396d7214.jpg\" data-dt-img-description=\"\" data-large_image_width=\"1600\" data-large_image_height=\"1200\"><img loading=\"lazy\" decoding=\"async\" class=\" wp-image-117547 alignleft\" src=\"https:\/\/www.radiopiu.net\/wordpress\/wp-content\/uploads\/2020\/02\/3bf29349-2e7f-4048-af42-d5dd396d7214-300x225.jpg\" alt=\"\" width=\"248\" height=\"186\" srcset=\"https:\/\/www.radiopiu.net\/wordpress\/wp-content\/uploads\/2020\/02\/3bf29349-2e7f-4048-af42-d5dd396d7214-300x225.jpg 300w, https:\/\/www.radiopiu.net\/wordpress\/wp-content\/uploads\/2020\/02\/3bf29349-2e7f-4048-af42-d5dd396d7214-1024x768.jpg 1024w, https:\/\/www.radiopiu.net\/wordpress\/wp-content\/uploads\/2020\/02\/3bf29349-2e7f-4048-af42-d5dd396d7214-768x576.jpg 768w, https:\/\/www.radiopiu.net\/wordpress\/wp-content\/uploads\/2020\/02\/3bf29349-2e7f-4048-af42-d5dd396d7214-1536x1152.jpg 1536w, https:\/\/www.radiopiu.net\/wordpress\/wp-content\/uploads\/2020\/02\/3bf29349-2e7f-4048-af42-d5dd396d7214.jpg 1600w\" sizes=\"auto, (max-width: 248px) 100vw, 248px\" \/><\/a><strong>FELTRE<\/strong>\u00a0 Recuperare, attraverso i documenti e le fonti &#8211; anche orali &#8211; alcuni dei luoghi storici della citt\u00e0 di Feltre per renderne disponibile la storia e la conoscenza anche alle giovani generazioni, ma no solo. &#8220;Geografie della Memoria&#8221;, il progetto a pi\u00f9 mani che vede coinvolti direttamente gli assessori Li Castri (Politiche Sociali), Bonan (Beni Comuni) e Visalli (Patrimonio e Urbanistica) e le consigliere comunali di maggioranza, vuole dare un presente ed un futuro a questi luoghi. Con una operazione culturale che guardi avanti in maniera prospettica sino ad arrivare a favorire il ripensamento o il ridisegno di questi stessi ambienti cittadini. Si parte con due luoghi simbolo come l&#8217;ex manicomio di Borgo Ruga e il cimitero cittadino monumentale. All&#8217;ex ospedale psichiatrico, che aveva levatura provinciale e che arriv\u00f2 ad ospitare sino a mille persone, sar\u00e0 dedicata una rassegna culturale che si aprir\u00e0 sabato 29 febbraio all&#8217;Officinema con la proiezione del film &#8220;Caff\u00e8 La Mama&#8221; girato nel 1991 proprio all&#8217;interno dell&#8217;ex manicomio di Feltre.<\/p>\n<p><strong>L&#8217;ASSESSORE VALTER BONAN<\/strong><\/p>\n<audio class=\"wp-audio-shortcode\" id=\"audio-117549-1\" preload=\"none\" style=\"width: 100%;\" controls=\"controls\"><source type=\"audio\/mpeg\" src=\"https:\/\/www.radiopiu.net\/wordpress\/wp-content\/uploads\/2020\/02\/BONAN.mp3?_=1\" \/><a href=\"https:\/\/www.radiopiu.net\/wordpress\/wp-content\/uploads\/2020\/02\/BONAN.mp3\">https:\/\/www.radiopiu.net\/wordpress\/wp-content\/uploads\/2020\/02\/BONAN.mp3<\/a><\/audio>\n<p><strong>IL CONSIGLIERE DANIELA PERCO<\/strong><\/p>\n<audio class=\"wp-audio-shortcode\" id=\"audio-117549-2\" preload=\"none\" style=\"width: 100%;\" controls=\"controls\"><source type=\"audio\/mpeg\" src=\"https:\/\/www.radiopiu.net\/wordpress\/wp-content\/uploads\/2020\/02\/PERCO.mp3?_=2\" \/><a href=\"https:\/\/www.radiopiu.net\/wordpress\/wp-content\/uploads\/2020\/02\/PERCO.mp3\">https:\/\/www.radiopiu.net\/wordpress\/wp-content\/uploads\/2020\/02\/PERCO.mp3<\/a><\/audio>\n<p>&nbsp;<\/p>\n","protected":false},"excerpt":{"rendered":"<p>FELTRE\u00a0 Recuperare, attraverso i documenti e le fonti &#8211; anche orali &#8211; alcuni dei luoghi storici della citt\u00e0 di Feltre per renderne disponibile la storia e la conoscenza anche alle giovani generazioni, ma no solo. &#8220;Geografie della Memoria&#8221;, il progetto a pi\u00f9 mani che vede coinvolti direttamente gli assessori Li Castri (Politiche Sociali), Bonan (Beni&hellip;<\/p>\n","protected":false},"author":1,"featured_media":117547,"comment_status":"closed","ping_status":"closed","sticky":false,"template":"","format":"standard","meta":{"_monsterinsights_skip_tracking":false,"_monsterinsights_sitenote_active":false,"_monsterinsights_sitenote_note":"","_monsterinsights_sitenote_category":0,"footnotes":""},"categories":[49],"tags":[],"class_list":["post-117549","post","type-post","status-publish","format-standard","has-post-thumbnail","hentry","category-news-18","category-49","description-off"],"img_url":"https:\/\/www.radiopiu.net\/wordpress\/wp-content\/uploads\/2020\/02\/3bf29349-2e7f-4048-af42-d5dd396d7214.jpg","_links":{"self":[{"href":"https:\/\/www.radiopiu.net\/wordpress\/wp-json\/wp\/v2\/posts\/117549","targetHints":{"allow":["GET"]}}],"collection":[{"href":"https:\/\/www.radiopiu.net\/wordpress\/wp-json\/wp\/v2\/posts"}],"about":[{"href":"https:\/\/www.radiopiu.net\/wordpress\/wp-json\/wp\/v2\/types\/post"}],"author":[{"embeddable":true,"href":"https:\/\/www.radiopiu.net\/wordpress\/wp-json\/wp\/v2\/users\/1"}],"replies":[{"embeddable":true,"href":"https:\/\/www.radiopiu.net\/wordpress\/wp-json\/wp\/v2\/comments?post=117549"}],"version-history":[{"count":0,"href":"https:\/\/www.radiopiu.net\/wordpress\/wp-json\/wp\/v2\/posts\/117549\/revisions"}],"wp:featuredmedia":[{"embeddable":true,"href":"https:\/\/www.radiopiu.net\/wordpress\/wp-json\/wp\/v2\/media\/117547"}],"wp:attachment":[{"href":"https:\/\/www.radiopiu.net\/wordpress\/wp-json\/wp\/v2\/media?parent=117549"}],"wp:term":[{"taxonomy":"category","embeddable":true,"href":"https:\/\/www.radiopiu.net\/wordpress\/wp-json\/wp\/v2\/categories?post=117549"},{"taxonomy":"post_tag","embeddable":true,"href":"https:\/\/www.radiopiu.net\/wordpress\/wp-json\/wp\/v2\/tags?post=117549"}],"curies":[{"name":"wp","href":"https:\/\/api.w.org\/{rel}","templated":true}]}}