{"id":117580,"date":"2020-02-14T23:56:27","date_gmt":"2020-02-14T22:56:27","guid":{"rendered":"https:\/\/www.radiopiu.net\/wordpress\/?p=117580"},"modified":"2020-02-15T05:51:27","modified_gmt":"2020-02-15T04:51:27","slug":"un-incontro-su-cultura-e-turismo-il-21-nel-museo-diocesano-di-feltre-di-renato-bona","status":"publish","type":"post","link":"https:\/\/www.radiopiu.net\/wordpress\/un-incontro-su-cultura-e-turismo-il-21-nel-museo-diocesano-di-feltre-di-renato-bona\/","title":{"rendered":"UN INCONTRO SU \u201cCULTURA E TURISMO\u201d IL 21 NEL MUSEO DIOCESANO DI FELTRE di RENATO BONA"},"content":{"rendered":"<p>Sul tema \u201cCultura e turismo\u201d \u00e8 in programma per venerd\u00ec 21, inizio alle 17, nella sede del Museo diocesano di arte sacra di Feltre in provincia di Belluno, un incontro aperto a tutti e rivolto in modo particolare agli insegnanti (di lingue, lettere, storia, storia dell\u2019arte e religione) ed agli operatori del turismo (Provincia, Comuni, associazioni Pro loco, Agenzie di viaggio, B &amp; B, Attivit\u00e0 ricettive in genere, organizzatori di eventi e a quanti operano nel campo della storia e del territorio come guide, accompagnatori ed organizzatori di conferenze). Da conto dell\u2019iniziativa il sito telematico chiesabellunofeltre precisando che \u201cL\u2019incontro \u00e8 articolato in tre momenti: intervento di Giuliano Vantaggi, direttore del Consorzio Dmo Dolomiti sul tema. \u201cLe sfide future del turismo\u201d; la presentazione del video con ricostruzione 3D, che racconta in inglese, tedesco e francese, la storia dell\u2019antico Palazzo del vescovo di Feltre, a cura di monsignor Giacomo Mazzorana e dell\u2019architetto Gloria Manera e con la partecipazione delle traduttrici che hanno anche prestato la loro voce per il video: per l\u2019inglese Manuela Salton, per il tedesco Idea Tarquilla, per il francese Isabella Pilo. Il video, oltre ad essere uno strumento per i visitatori che non parlano italiano, pu\u00f2 essere prezioso ausilio didattico per le scuole, un motivo in pi\u00f9 per \u2018muovere\u2019 turisti di ogni nazionalit\u00e0 verso il Museo diocesano, dove non si ammirano solo le splendide opere esposte, ma anche un palazzo straordinario, con una storia che affonda le radici nel primo millennio nonch\u00e9 un affaccio particolarmente affabulatorio, ma anche documentato e scientifico, sulla storia del palazzo e del patrimonio artistico del nostro territorio. Infine presentazione da parte di Veronica Menel dell\u2019App izi travel Combin\u2026arte concernente alcune opere esposte al Museo\u201d. Il Museo Diocesano di Feltre \u00e8 ospitato nell\u2019antico palazzo vescovile, in pieno centro storico, sul limite occidentale della citt\u00e0 murata. Costruito nella seconda met\u00e0 del Duecento e successivamente pi\u00f9 volte ristrutturato e ampliato varie volte, dopo decenni di abbandono, dal 1999 al 2018 \u00e8 stato oggetto di un complesso intervento di restauro e destinato ad accogliere le opere d\u2019arte sacra provenienti dal territorio delle antiche diocesi di Feltre e di Belluno.<\/p>\n\n\t\t\t<style type='text\/css'>\n\t\t\t\t#gallery-1 {\n\t\t\t\t\tmargin: auto;\n\t\t\t\t}\n\t\t\t\t#gallery-1 .gallery-item {\n\t\t\t\t\tfloat: left;\n\t\t\t\t\tmargin-top: 10px;\n\t\t\t\t\ttext-align: center;\n\t\t\t\t\twidth: 33%;\n\t\t\t\t}\n\t\t\t\t#gallery-1 img {\n\t\t\t\t\tborder: 2px solid #cfcfcf;\n\t\t\t\t}\n\t\t\t\t#gallery-1 .gallery-caption {\n\t\t\t\t\tmargin-left: 0;\n\t\t\t\t}\n\t\t\t\t\/* see gallery_shortcode() in wp-includes\/media.php *\/\n\t\t\t<\/style>\n\t\t<div id='gallery-1' class='dt-gallery-container gallery galleryid-117580 gallery-columns-3 gallery-size-thumbnail'><dl class='gallery-item'>\n\t\t\t\t<dt class='gallery-icon landscape'>\n\t\t\t\t\t<a class=\"rollover\" href='https:\/\/www.radiopiu.net\/wordpress\/un-incontro-su-cultura-e-turismo-il-21-nel-museo-diocesano-di-feltre-di-renato-bona\/86616232_191288651974471_1974626336915849216_n\/'><img loading=\"lazy\" decoding=\"async\" width=\"150\" height=\"150\" src=\"https:\/\/www.radiopiu.net\/wordpress\/wp-content\/uploads\/2020\/02\/86616232_191288651974471_1974626336915849216_n-150x150.png\" class=\"attachment-thumbnail size-thumbnail\" alt=\"\" \/><\/a>\n\t\t\t\t<\/dt><\/dl><dl class='gallery-item'>\n\t\t\t\t<dt class='gallery-icon landscape'>\n\t\t\t\t\t<a class=\"rollover\" href='https:\/\/www.radiopiu.net\/wordpress\/un-incontro-su-cultura-e-turismo-il-21-nel-museo-diocesano-di-feltre-di-renato-bona\/86461629_526206838011536_4119522331544518656_n\/'><img loading=\"lazy\" decoding=\"async\" width=\"150\" height=\"150\" src=\"https:\/\/www.radiopiu.net\/wordpress\/wp-content\/uploads\/2020\/02\/86461629_526206838011536_4119522331544518656_n-150x150.jpg\" class=\"attachment-thumbnail size-thumbnail\" alt=\"\" \/><\/a>\n\t\t\t\t<\/dt><\/dl><dl class='gallery-item'>\n\t\t\t\t<dt class='gallery-icon landscape'>\n\t\t\t\t\t<a class=\"rollover\" href='https:\/\/www.radiopiu.net\/wordpress\/un-incontro-su-cultura-e-turismo-il-21-nel-museo-diocesano-di-feltre-di-renato-bona\/86603424_230835421259683_481518898202542080_n\/'><img loading=\"lazy\" decoding=\"async\" width=\"150\" height=\"150\" src=\"https:\/\/www.radiopiu.net\/wordpress\/wp-content\/uploads\/2020\/02\/86603424_230835421259683_481518898202542080_n-150x150.jpg\" class=\"attachment-thumbnail size-thumbnail\" alt=\"\" \/><\/a>\n\t\t\t\t<\/dt><\/dl><br style=\"clear: both\" \/><dl class='gallery-item'>\n\t\t\t\t<dt class='gallery-icon landscape'>\n\t\t\t\t\t<a class=\"rollover\" href='https:\/\/www.radiopiu.net\/wordpress\/un-incontro-su-cultura-e-turismo-il-21-nel-museo-diocesano-di-feltre-di-renato-bona\/86501296_170822457685518_1760669444394188800_n\/'><img loading=\"lazy\" decoding=\"async\" width=\"150\" height=\"150\" src=\"https:\/\/www.radiopiu.net\/wordpress\/wp-content\/uploads\/2020\/02\/86501296_170822457685518_1760669444394188800_n-150x150.jpg\" class=\"attachment-thumbnail size-thumbnail\" alt=\"\" \/><\/a>\n\t\t\t\t<\/dt><\/dl>\n\t\t\t\t<br style='clear: both' \/>\n\t\t\t<\/div>\n\n<p>NELLE FOTO (sito chiesabellunofeltre e Google): Il Museo diocesano di arte sacra di Feltre; interno con preziose opere d\u2019arte; Giuliano Vantaggi; mons. Giacomo Mazzorana.<\/p>\n","protected":false},"excerpt":{"rendered":"<p>Sul tema \u201cCultura e turismo\u201d \u00e8 in programma per venerd\u00ec 21, inizio alle 17, nella sede del Museo diocesano di arte sacra di Feltre in provincia di Belluno, un incontro aperto a tutti e rivolto in modo particolare agli insegnanti (di lingue, lettere, storia, storia dell\u2019arte e religione) ed agli operatori del turismo (Provincia, Comuni,&hellip;<\/p>\n","protected":false},"author":1,"featured_media":117584,"comment_status":"closed","ping_status":"closed","sticky":false,"template":"","format":"standard","meta":{"_monsterinsights_skip_tracking":false,"_monsterinsights_sitenote_active":false,"_monsterinsights_sitenote_note":"","_monsterinsights_sitenote_category":0,"footnotes":""},"categories":[1,49],"tags":[],"class_list":["post-117580","post","type-post","status-publish","format-standard","has-post-thumbnail","hentry","category-senza-categoria","category-news-18","category-1","category-49","description-off"],"img_url":"https:\/\/www.radiopiu.net\/wordpress\/wp-content\/uploads\/2020\/02\/86616232_191288651974471_1974626336915849216_n.png","_links":{"self":[{"href":"https:\/\/www.radiopiu.net\/wordpress\/wp-json\/wp\/v2\/posts\/117580","targetHints":{"allow":["GET"]}}],"collection":[{"href":"https:\/\/www.radiopiu.net\/wordpress\/wp-json\/wp\/v2\/posts"}],"about":[{"href":"https:\/\/www.radiopiu.net\/wordpress\/wp-json\/wp\/v2\/types\/post"}],"author":[{"embeddable":true,"href":"https:\/\/www.radiopiu.net\/wordpress\/wp-json\/wp\/v2\/users\/1"}],"replies":[{"embeddable":true,"href":"https:\/\/www.radiopiu.net\/wordpress\/wp-json\/wp\/v2\/comments?post=117580"}],"version-history":[{"count":0,"href":"https:\/\/www.radiopiu.net\/wordpress\/wp-json\/wp\/v2\/posts\/117580\/revisions"}],"wp:featuredmedia":[{"embeddable":true,"href":"https:\/\/www.radiopiu.net\/wordpress\/wp-json\/wp\/v2\/media\/117584"}],"wp:attachment":[{"href":"https:\/\/www.radiopiu.net\/wordpress\/wp-json\/wp\/v2\/media?parent=117580"}],"wp:term":[{"taxonomy":"category","embeddable":true,"href":"https:\/\/www.radiopiu.net\/wordpress\/wp-json\/wp\/v2\/categories?post=117580"},{"taxonomy":"post_tag","embeddable":true,"href":"https:\/\/www.radiopiu.net\/wordpress\/wp-json\/wp\/v2\/tags?post=117580"}],"curies":[{"name":"wp","href":"https:\/\/api.w.org\/{rel}","templated":true}]}}