{"id":117701,"date":"2020-02-16T09:37:09","date_gmt":"2020-02-16T08:37:09","guid":{"rendered":"https:\/\/www.radiopiu.net\/wordpress\/?p=117701"},"modified":"2020-02-16T15:38:31","modified_gmt":"2020-02-16T14:38:31","slug":"117701-2","status":"publish","type":"post","link":"https:\/\/www.radiopiu.net\/wordpress\/117701-2\/","title":{"rendered":"LADRI, VANDALI, MALEDUCATI E SENZA RISPETTO PER IL BENE COMUNE"},"content":{"rendered":"<div><strong><img loading=\"lazy\" decoding=\"async\" class=\"alignleft\" src=\"https:\/\/www.radiopiu.net\/wordpress\/wp-content\/uploads\/2019\/05\/WhatsApp-Image-2019-05-03-at-22.26.16.jpeg\" width=\"293\" height=\"456\" \/>SAN TOMASO<\/strong> Il serbatoio dell&#8217;escavatore comunale \u00e8 rimasto a secco, gasolio finito. Nessun buco sul serbatoio, nessuna evaporazione per la stagione &#8220;calda&#8221;, ma un furto in piena regola. Trenta litri di combustibile rubato dopo aver manomesso serrature, dopo il vandalismo sui mezzi. C&#8217;\u00e8 poi l&#8217;altro episodio che ha preceduto il furto, l&#8217;accensione dei mezzi i piena notte. \u00a0Il serbatoio dell&#8217;escavatore comunale \u00e8 stato completamente svuotato un paio di settimane fa. Il mezzo \u00e8 stato donato al Comune dalla comunit\u00e0 di Caerano San Marco dopo la tempesta Vaia e gli operai di San Tomaso lo utilizzano per sistemare le strade ma anche per fare alcuni lavori nel bosco.\u00a0<em> \u00abAbbiamo fatto denuncia ai carabinieri ma non abbiamo dato molta pubblicit\u00e0 a questo fatto, perch\u00e9 speravamo di riuscire a individuare chi l&#8217;aveva commesso\u00bb. Purtroppo l&#8217;obiettivo non \u00e8 stato raggiunto.Non \u00e8 la prima volta che accadono episodi spiacevoli come questo. \u00abIn autunno gli operai sentivano alcuni mezzi accendersi nel cuore della notte\u00bb, <\/em>questa la dichiarazione del sindaco Moreno De Val<\/div>\n<div><\/div>\n","protected":false},"excerpt":{"rendered":"<p>SAN TOMASO Il serbatoio dell&#8217;escavatore comunale \u00e8 rimasto a secco, gasolio finito. Nessun buco sul serbatoio, nessuna evaporazione per la stagione &#8220;calda&#8221;, ma un furto in piena regola. Trenta litri di combustibile rubato dopo aver manomesso serrature, dopo il vandalismo sui mezzi. C&#8217;\u00e8 poi l&#8217;altro episodio che ha preceduto il furto, l&#8217;accensione dei mezzi i&hellip;<\/p>\n","protected":false},"author":1,"featured_media":117702,"comment_status":"closed","ping_status":"closed","sticky":false,"template":"","format":"standard","meta":{"_monsterinsights_skip_tracking":false,"_monsterinsights_sitenote_active":false,"_monsterinsights_sitenote_note":"","_monsterinsights_sitenote_category":0,"footnotes":""},"categories":[49],"tags":[],"class_list":["post-117701","post","type-post","status-publish","format-standard","has-post-thumbnail","hentry","category-news-18","category-49","description-off"],"img_url":"https:\/\/www.radiopiu.net\/wordpress\/wp-content\/uploads\/2019\/05\/mini-escavatore-schaeff.jpg","_links":{"self":[{"href":"https:\/\/www.radiopiu.net\/wordpress\/wp-json\/wp\/v2\/posts\/117701","targetHints":{"allow":["GET"]}}],"collection":[{"href":"https:\/\/www.radiopiu.net\/wordpress\/wp-json\/wp\/v2\/posts"}],"about":[{"href":"https:\/\/www.radiopiu.net\/wordpress\/wp-json\/wp\/v2\/types\/post"}],"author":[{"embeddable":true,"href":"https:\/\/www.radiopiu.net\/wordpress\/wp-json\/wp\/v2\/users\/1"}],"replies":[{"embeddable":true,"href":"https:\/\/www.radiopiu.net\/wordpress\/wp-json\/wp\/v2\/comments?post=117701"}],"version-history":[{"count":0,"href":"https:\/\/www.radiopiu.net\/wordpress\/wp-json\/wp\/v2\/posts\/117701\/revisions"}],"wp:featuredmedia":[{"embeddable":true,"href":"https:\/\/www.radiopiu.net\/wordpress\/wp-json\/wp\/v2\/media\/117702"}],"wp:attachment":[{"href":"https:\/\/www.radiopiu.net\/wordpress\/wp-json\/wp\/v2\/media?parent=117701"}],"wp:term":[{"taxonomy":"category","embeddable":true,"href":"https:\/\/www.radiopiu.net\/wordpress\/wp-json\/wp\/v2\/categories?post=117701"},{"taxonomy":"post_tag","embeddable":true,"href":"https:\/\/www.radiopiu.net\/wordpress\/wp-json\/wp\/v2\/tags?post=117701"}],"curies":[{"name":"wp","href":"https:\/\/api.w.org\/{rel}","templated":true}]}}