{"id":117704,"date":"2020-02-16T10:53:56","date_gmt":"2020-02-16T09:53:56","guid":{"rendered":"https:\/\/www.radiopiu.net\/wordpress\/?p=117704"},"modified":"2020-02-16T15:37:17","modified_gmt":"2020-02-16T14:37:17","slug":"soccorso-escursionista-in-comelico","status":"publish","type":"post","link":"https:\/\/www.radiopiu.net\/wordpress\/soccorso-escursionista-in-comelico\/","title":{"rendered":"SOCCORSO ESCURSIONISTA IN COMELICO"},"content":{"rendered":"<p>&nbsp;<\/p>\n<p>SAN PIETRO Ieri attorno alle 19.15 il Soccorso alpino della Val Comelico \u00e8 stato allertato per un escursionista in difficolt\u00e0. Scendendo dal Monte Curi\u00e8 infatti l&#8217;uomo, 48 anni, trevigiano, aveva smarrito il sentiero e non sapeva pi\u00f9 dove si trovava. Risaliti alle coordinate Gps del punto da lui raggiunto dopo averlo geolocalizzato, una squadra ha individuato il luogo, lungo la strada che dalla Val Visdende porta a Forcella Zovo, ed \u00e8 arrivata da lui in jeep per poi riaccompagnarlo alla macchina.<\/p>\n","protected":false},"excerpt":{"rendered":"<p>&nbsp; SAN PIETRO Ieri attorno alle 19.15 il Soccorso alpino della Val Comelico \u00e8 stato allertato per un escursionista in difficolt\u00e0. Scendendo dal Monte Curi\u00e8 infatti l&#8217;uomo, 48 anni, trevigiano, aveva smarrito il sentiero e non sapeva pi\u00f9 dove si trovava. Risaliti alle coordinate Gps del punto da lui raggiunto dopo averlo geolocalizzato, una squadra&hellip;<\/p>\n","protected":false},"author":1,"featured_media":86196,"comment_status":"closed","ping_status":"closed","sticky":false,"template":"","format":"standard","meta":{"_monsterinsights_skip_tracking":false,"_monsterinsights_sitenote_active":false,"_monsterinsights_sitenote_note":"","_monsterinsights_sitenote_category":0,"footnotes":""},"categories":[49],"tags":[],"class_list":["post-117704","post","type-post","status-publish","format-standard","has-post-thumbnail","hentry","category-news-18","category-49","description-off"],"img_url":"https:\/\/www.radiopiu.net\/wordpress\/wp-content\/uploads\/2019\/05\/ELI-SUEM-SOCC-5-1.jpg","_links":{"self":[{"href":"https:\/\/www.radiopiu.net\/wordpress\/wp-json\/wp\/v2\/posts\/117704","targetHints":{"allow":["GET"]}}],"collection":[{"href":"https:\/\/www.radiopiu.net\/wordpress\/wp-json\/wp\/v2\/posts"}],"about":[{"href":"https:\/\/www.radiopiu.net\/wordpress\/wp-json\/wp\/v2\/types\/post"}],"author":[{"embeddable":true,"href":"https:\/\/www.radiopiu.net\/wordpress\/wp-json\/wp\/v2\/users\/1"}],"replies":[{"embeddable":true,"href":"https:\/\/www.radiopiu.net\/wordpress\/wp-json\/wp\/v2\/comments?post=117704"}],"version-history":[{"count":0,"href":"https:\/\/www.radiopiu.net\/wordpress\/wp-json\/wp\/v2\/posts\/117704\/revisions"}],"wp:featuredmedia":[{"embeddable":true,"href":"https:\/\/www.radiopiu.net\/wordpress\/wp-json\/wp\/v2\/media\/86196"}],"wp:attachment":[{"href":"https:\/\/www.radiopiu.net\/wordpress\/wp-json\/wp\/v2\/media?parent=117704"}],"wp:term":[{"taxonomy":"category","embeddable":true,"href":"https:\/\/www.radiopiu.net\/wordpress\/wp-json\/wp\/v2\/categories?post=117704"},{"taxonomy":"post_tag","embeddable":true,"href":"https:\/\/www.radiopiu.net\/wordpress\/wp-json\/wp\/v2\/tags?post=117704"}],"curies":[{"name":"wp","href":"https:\/\/api.w.org\/{rel}","templated":true}]}}