{"id":117805,"date":"2020-02-17T05:49:41","date_gmt":"2020-02-17T04:49:41","guid":{"rendered":"https:\/\/www.radiopiu.net\/wordpress\/?p=117805"},"modified":"2020-02-17T05:49:37","modified_gmt":"2020-02-17T04:49:37","slug":"i-racconti-di-paolo-soppelsa-decima-puntata","status":"publish","type":"post","link":"https:\/\/www.radiopiu.net\/wordpress\/i-racconti-di-paolo-soppelsa-decima-puntata\/","title":{"rendered":"I RACCONTI DI PAOLO SOPPELSA DECIMA PUNTATA"},"content":{"rendered":"<h3>RADICI DOLOMITICHE<\/h3>\n<p>AUDIO<\/p>\n<audio class=\"wp-audio-shortcode\" id=\"audio-117805-1\" preload=\"none\" style=\"width: 100%;\" controls=\"controls\"><source type=\"audio\/mpeg\" src=\"https:\/\/www.radiopiu.net\/wordpress\/wp-content\/uploads\/2020\/02\/PAOLO-DIECI.mp3?_=1\" \/><a href=\"https:\/\/www.radiopiu.net\/wordpress\/wp-content\/uploads\/2020\/02\/PAOLO-DIECI.mp3\">https:\/\/www.radiopiu.net\/wordpress\/wp-content\/uploads\/2020\/02\/PAOLO-DIECI.mp3<\/a><\/audio>\n<p><a class=\"dt-pswp-item\" href=\"https:\/\/www.radiopiu.net\/wordpress\/wp-content\/uploads\/2020\/02\/WhatsApp-Image-2020-02-16-at-17.32.33.jpeg\" data-dt-img-description=\"\" data-large_image_width=\"1080\" data-large_image_height=\"810\"><img loading=\"lazy\" decoding=\"async\" class=\" wp-image-117807 alignleft\" src=\"https:\/\/www.radiopiu.net\/wordpress\/wp-content\/uploads\/2020\/02\/WhatsApp-Image-2020-02-16-at-17.32.33-300x225.jpeg\" alt=\"\" width=\"253\" height=\"190\" srcset=\"https:\/\/www.radiopiu.net\/wordpress\/wp-content\/uploads\/2020\/02\/WhatsApp-Image-2020-02-16-at-17.32.33-300x225.jpeg 300w, https:\/\/www.radiopiu.net\/wordpress\/wp-content\/uploads\/2020\/02\/WhatsApp-Image-2020-02-16-at-17.32.33-1024x768.jpeg 1024w, https:\/\/www.radiopiu.net\/wordpress\/wp-content\/uploads\/2020\/02\/WhatsApp-Image-2020-02-16-at-17.32.33-768x576.jpeg 768w, https:\/\/www.radiopiu.net\/wordpress\/wp-content\/uploads\/2020\/02\/WhatsApp-Image-2020-02-16-at-17.32.33.jpeg 1080w\" sizes=\"auto, (max-width: 253px) 100vw, 253px\" \/><\/a>Succede. Anche le radici hanno una voce. E sanno chiamare. Pu\u00f2 accadere in una serata qualunque. Magari mentre stai percorrendo la S.R. 203 Agordina in direzione Cencenighe. Guidando assorto nei pensieri quotidiani leggi i cartelli con i nomi di frazioni e paesi. Mentalmente li ripeti, con la pronuncia originale. RadioPi\u00f9, in sottofondo, snocciola pubblicit\u00e0 in dialetto. Sembra di essere a casa. Questa \u00e8 la lingua in cui pensi, ci\u00f2 che esprimi a voce, fuori di questa valle, \u00e8 traduzione simultanea. Intanto rifletti che sei nato nel paese appena attraversato. All&#8217;ombra delle cime di San Sebastiano, che in quei giorni d&#8217;estate, tua madre ammirava al tramonto dalle finestre dell&#8217; ospedale. Paesi cos\u00ec vicini a Belluno, dove abiti, eppure cos\u00ec diversi. Luoghi che hai amato e poi messo per un p\u00f2 da parte. Ed ora ripresi in mano. &#8220;E te li senti dentro quei legami, i riti antichi e i miti del passato, e te li senti dentro come mani, ma non comprendi pi\u00f9 il significato&#8230;&#8221; Cos\u00ec cantava Guccini nella canzone &#8220;Radici&#8221;. Anche tu fatichi a comprendere, ma le radici le senti dentro. Sono quelle che ti tengono ben saldo nella tua terra. Che ti chiamano. E che, nei momenti liberi, ti fanno salire in macchina ed andare \u201cin su\u201d. Appena sceso dall&#8217; auto ascolti i suoni che il paese ti propone. Il canto del Biois, i ritocchi delle campane. Il soffio del vento, diverso da quello di Belluno. Fuori della birreria in piazza due persone stanno parlando. Ascolti il fluire cantilenante del dialetto agordino, quello che hai sempre parlato in casa e che credi di aver un p\u00f2 perso col tempo. Ti chiedi dov&#8217; \u00e8 la luna stasera, a colpo sicuro la vedi fra le montagne. Ti sai orientare bene fra quelle cime. Ne conosci i nomi e, nel tempo, le hai salite tutte. Mentre apri casa, pensi che rinchiuso in questa valle ci sia tutto ci\u00f2 che serve per vivere felice. Sei sempre pi\u00f9 convinto che le radici sappiano quando e come chiamarti. &#8220;&#8230;e tu ricerchi l\u00e0 le tue radici, se vuoi capire l&#8217;anima che hai&#8230;&#8221; Cos\u00ec cantava ancora Guccini. E mai parole furono pi\u00f9 vere.<\/p>\n","protected":false},"excerpt":{"rendered":"<p>RADICI DOLOMITICHE AUDIO Succede. Anche le radici hanno una voce. E sanno chiamare. Pu\u00f2 accadere in una serata qualunque. Magari mentre stai percorrendo la S.R. 203 Agordina in direzione Cencenighe. Guidando assorto nei pensieri quotidiani leggi i cartelli con i nomi di frazioni e paesi. Mentalmente li ripeti, con la pronuncia originale. RadioPi\u00f9, in sottofondo,&hellip;<\/p>\n","protected":false},"author":1,"featured_media":117807,"comment_status":"closed","ping_status":"closed","sticky":false,"template":"","format":"standard","meta":{"_monsterinsights_skip_tracking":false,"_monsterinsights_sitenote_active":false,"_monsterinsights_sitenote_note":"","_monsterinsights_sitenote_category":0,"footnotes":""},"categories":[104,49,112],"tags":[],"class_list":["post-117805","post","type-post","status-publish","format-standard","has-post-thumbnail","hentry","category-evidenza_3","category-news-18","category-racconti-soppelsa","category-104","category-49","category-112","description-off"],"img_url":"https:\/\/www.radiopiu.net\/wordpress\/wp-content\/uploads\/2020\/02\/WhatsApp-Image-2020-02-16-at-17.32.33.jpeg","_links":{"self":[{"href":"https:\/\/www.radiopiu.net\/wordpress\/wp-json\/wp\/v2\/posts\/117805","targetHints":{"allow":["GET"]}}],"collection":[{"href":"https:\/\/www.radiopiu.net\/wordpress\/wp-json\/wp\/v2\/posts"}],"about":[{"href":"https:\/\/www.radiopiu.net\/wordpress\/wp-json\/wp\/v2\/types\/post"}],"author":[{"embeddable":true,"href":"https:\/\/www.radiopiu.net\/wordpress\/wp-json\/wp\/v2\/users\/1"}],"replies":[{"embeddable":true,"href":"https:\/\/www.radiopiu.net\/wordpress\/wp-json\/wp\/v2\/comments?post=117805"}],"version-history":[{"count":0,"href":"https:\/\/www.radiopiu.net\/wordpress\/wp-json\/wp\/v2\/posts\/117805\/revisions"}],"wp:featuredmedia":[{"embeddable":true,"href":"https:\/\/www.radiopiu.net\/wordpress\/wp-json\/wp\/v2\/media\/117807"}],"wp:attachment":[{"href":"https:\/\/www.radiopiu.net\/wordpress\/wp-json\/wp\/v2\/media?parent=117805"}],"wp:term":[{"taxonomy":"category","embeddable":true,"href":"https:\/\/www.radiopiu.net\/wordpress\/wp-json\/wp\/v2\/categories?post=117805"},{"taxonomy":"post_tag","embeddable":true,"href":"https:\/\/www.radiopiu.net\/wordpress\/wp-json\/wp\/v2\/tags?post=117805"}],"curies":[{"name":"wp","href":"https:\/\/api.w.org\/{rel}","templated":true}]}}