{"id":117819,"date":"2020-02-17T05:36:46","date_gmt":"2020-02-17T04:36:46","guid":{"rendered":"https:\/\/www.radiopiu.net\/wordpress\/?p=117819"},"modified":"2020-02-17T11:59:30","modified_gmt":"2020-02-17T10:59:30","slug":"giornale-radiopiu-17-febbraio-2020-direttore-mirko-mezzacasa","status":"publish","type":"post","link":"https:\/\/www.radiopiu.net\/wordpress\/giornale-radiopiu-17-febbraio-2020-direttore-mirko-mezzacasa\/","title":{"rendered":"GIORNALE RADIOPIU 17 FEBBRAIO 2020 direttore MIRKO MEZZACASA"},"content":{"rendered":"<p>&nbsp;<\/p>\n<h3><strong><a class=\"dt-pswp-item\" href=\"https:\/\/www.radiopiu.net\/wordpress\/wp-content\/uploads\/2020\/02\/telegram-q-ok.jpg\" data-dt-img-description=\"\" data-large_image_width=\"800\" data-large_image_height=\"800\"><img loading=\"lazy\" decoding=\"async\" class=\"wp-image-117176 alignleft\" src=\"https:\/\/www.radiopiu.net\/wordpress\/wp-content\/uploads\/2020\/02\/telegram-q-ok-300x300.jpg\" alt=\"\" width=\"103\" height=\"103\" srcset=\"https:\/\/www.radiopiu.net\/wordpress\/wp-content\/uploads\/2020\/02\/telegram-q-ok-300x300.jpg 300w, https:\/\/www.radiopiu.net\/wordpress\/wp-content\/uploads\/2020\/02\/telegram-q-ok-150x150.jpg 150w, https:\/\/www.radiopiu.net\/wordpress\/wp-content\/uploads\/2020\/02\/telegram-q-ok-768x768.jpg 768w, https:\/\/www.radiopiu.net\/wordpress\/wp-content\/uploads\/2020\/02\/telegram-q-ok.jpg 800w\" sizes=\"auto, (max-width: 103px) 100vw, 103px\" \/><\/a><\/strong><\/h3>\n<p>&nbsp;<\/p>\n<p><strong>PER RICEVERE QUESTO NOTIZIARIO DIRETTAMENTE SUL TUO CELLULARE ISCRIVITI AL CANALE <span style=\"color: #0000ff;\">TELEGRAM<\/span><\/strong><\/p>\n<p><strong>&#8220;<span style=\"color: #ff0000;\">RADIO PIU\u00a0 INFORMAZIONE<span style=\"color: #000000;\">&#8221;\u00a0<\/span><\/span><\/strong><\/p>\n<p>&nbsp;<\/p>\n<hr \/>\n<h3>Gestione Servizi Pubblici informa che, per lavori alla rete idrica comunale DOMANI dalle 08:30 a FINE LAVORI verr\u00e0 sospesa l\u2019erogazione dell\u2019acqua a SELVA DI CADORE nelle VIE DEI DENEVER, MONTE CERNERA E TALAMINI.<\/h3>\n<p>&nbsp;<\/p>\n<hr \/>\n<p>&nbsp;<\/p>\n<p>&nbsp;<\/p>\n<blockquote>\n<h3>QUANDO LA POLITICA SE NE INFISCHIA DEL CITTADINO<\/h3>\n<\/blockquote>\n<p><strong>BELLUNO<\/strong> La Provincia \u00e8 fatta e il segreto \u00e8 nell&#8217;urna. Il cittadino osserva e si chiede come sia possibile che il suo futuro sia deciso solo ed esclusivamente dagli amministratori. Tutto questo ha un responsabile: Del Rio e la sua riforma che dovrebbe essere riformata in fretta. Ieri oltre l&#8217;80 per cento di sindaci e consiglieri ha eletto il nuovo presidente della Provincia, oggi si conosceranno i risultati. Ieri a Belluno a documentare il &#8220;gioco&#8221; degli eletti c&#8217;era anche Report con Bernardo Iovene che ha intervistato i presenti, tra questi Primo Torre di Selva di Cadore, per il giornalista della Rai&#8230; Selva di Val Gardena, cio\u00e8 come al solito da 4 in geografia e da bocciatura senza appello autunnale.<\/p>\n<p>&nbsp;<\/p>\n<blockquote class=\"wp-embedded-content\" data-secret=\"6AdyWDaOYl\"><p><a href=\"https:\/\/www.radiopiu.net\/wordpress\/elezioni-provinciali-de-carlo-ottimo-risultato-per-bogana-e-fdi-subito-vertice-di-centrodestra-e-poi-incontro-con-il-presidente-padrin\/\">Elezioni provinciali. De Carlo: \u201cOttimo risultato per Bogana e FdI. Subito vertice di centrodestra e poi incontro con il presidente Padrin\u201d<\/a><\/p><\/blockquote>\n<p><iframe loading=\"lazy\" title=\"&#8220;Elezioni provinciali. De Carlo: \u201cOttimo risultato per Bogana e FdI. Subito vertice di centrodestra e poi incontro con il presidente Padrin\u201d&#8221; &#8212; Radio Pi\u00f9\" class=\"wp-embedded-content\" sandbox=\"allow-scripts\" security=\"restricted\" style=\"position: absolute; clip: rect(1px, 1px, 1px, 1px);\" src=\"https:\/\/www.radiopiu.net\/wordpress\/elezioni-provinciali-de-carlo-ottimo-risultato-per-bogana-e-fdi-subito-vertice-di-centrodestra-e-poi-incontro-con-il-presidente-padrin\/embed\/#?secret=6AdyWDaOYl\" data-secret=\"6AdyWDaOYl\" width=\"600\" height=\"338\" frameborder=\"0\" marginwidth=\"0\" marginheight=\"0\" scrolling=\"no\"><\/iframe><\/p>\n<p>&nbsp;<\/p>\n<hr \/>\n<p>&nbsp;<\/p>\n<p>&nbsp;<\/p>\n<p>&nbsp;<\/p>\n<blockquote>\n<h2>UN FINE SETTIMANA IMPEGNATIVO PER I SOCCORSI, INTERVENTI CON L&#8217;ELICOTTERO ANCHE OLTRE PROVINCIA.<\/h2>\n<\/blockquote>\n<h3><\/h3>\n<h3>RECUPERATA SCIALPINISTA DOPO L\u2019INFORTUNIO<\/h3>\n<p><strong>CORTINA<\/strong> Ieri\u00a0 alle 13 \u00e8 scattato l&#8217;allarme per una scialpinista infortunatasi scendendo dai Lastoni di Formin. La donna, che si trovava con una comitiva, 100 metri circa sotto la cima non ha visto un dosso ed \u00e8 caduta dopo il salto, riportando un probabile trauma alla spalla. Recuperata dall&#8217;elicottero del Suem di Pieve di Cadore, R.U., 48 anni, di Bressanone (BZ), \u00e8 stata trasportata all&#8217;ospedale di Cortina.<\/p>\n<p>&nbsp;<\/p>\n<p>&nbsp;<\/p>\n<p>&nbsp;<\/p>\n<hr \/>\n<p>&nbsp;<\/p>\n<p>&nbsp;<\/p>\n<blockquote>\n<h3>SOCCORSO ESCURSIONISTA IN COMELICO<\/h3>\n<\/blockquote>\n<p><strong>SAN PIETRO <\/strong>Sabato sera\u00a0il Soccorso alpino della Val Comelico \u00e8 stato allertato per un escursionista in difficolt\u00e0. Scendendo dal Monte Curi\u00e8 infatti l&#8217;uomo, 48 anni, trevigiano, aveva smarrito il sentiero e non sapeva pi\u00f9 dove si trovava. Risaliti alle coordinate Gps del punto da lui raggiunto dopo averlo geolocalizzato, una squadra ha individuato il luogo, lungo la strada che dalla Val Visdende porta a Forcella Zovo, ed \u00e8 arrivata da lui in jeep per poi riaccompagnarlo alla macchina.<\/p>\n<p>&nbsp;<\/p>\n<p>&nbsp;<\/p>\n<hr \/>\n<h3><\/h3>\n<p>&nbsp;<\/p>\n<p>&nbsp;<\/p>\n<blockquote>\n<h3>LA PRUDENZA IN MONTAGNA NON E&#8217; MAI TROPPA di Claudio Pra<\/h3>\n<\/blockquote>\n<p><a class=\"dt-pswp-item\" href=\"https:\/\/www.radiopiu.net\/wordpress\/wp-content\/uploads\/2020\/02\/WhatsApp-Image-2020-02-14-at-13.44.02.jpeg\" data-dt-img-description=\"\" data-large_image_width=\"1332\" data-large_image_height=\"750\"><img loading=\"lazy\" decoding=\"async\" class=\"size-medium wp-image-117670 alignleft\" src=\"https:\/\/www.radiopiu.net\/wordpress\/wp-content\/uploads\/2020\/02\/WhatsApp-Image-2020-02-14-at-13.44.02-300x169.jpeg\" alt=\"\" width=\"300\" height=\"169\" srcset=\"https:\/\/www.radiopiu.net\/wordpress\/wp-content\/uploads\/2020\/02\/WhatsApp-Image-2020-02-14-at-13.44.02-300x169.jpeg 300w, https:\/\/www.radiopiu.net\/wordpress\/wp-content\/uploads\/2020\/02\/WhatsApp-Image-2020-02-14-at-13.44.02-1024x577.jpeg 1024w, https:\/\/www.radiopiu.net\/wordpress\/wp-content\/uploads\/2020\/02\/WhatsApp-Image-2020-02-14-at-13.44.02-768x432.jpeg 768w, https:\/\/www.radiopiu.net\/wordpress\/wp-content\/uploads\/2020\/02\/WhatsApp-Image-2020-02-14-at-13.44.02.jpeg 1332w\" sizes=\"auto, (max-width: 300px) 100vw, 300px\" \/><\/a>La precoce primavera, o un inverno praticamente mai iniziato, rendono la stagione 2019-2020 di scialpinisti, ciaspisti e camminatori di difficile interpretazione, con i percorsi che possono presentarsi molto insidiosi, soprattutto a causa del ghiaccio. Se i pi\u00f9 esperti e attrezzati sono generalmente in grado di superare le difficolt\u00e0 che si presentano loro davanti, diverso \u00e8 il discorso per l&#8217;alpinista poco esperto o per chi frequenta percorsi facili, che in determinate condizioni nascondono per\u00f2 insidiose trappole. Basta un breve traverso esposto e ghiacciato o un pendio a sua volta ghiacciato per ritrovarsi in grandi difficolt\u00e0 o addirittura a rischiare la vita. Anche tante facili stradine forestali risultano ghiacciate e possono risultare pericolose se affrontate senza le dovute precauzioni. Le temperature sopra la media da mesi ed il rigelo notturno hanno compattato e indurito la neve che con queste caratteristiche va affrontata con molta prudenza, portandosi appresso almeno un paio di ramponcini, di quelli molto semplici e poco costosi, applicabili su ogni tipo di calzatura in un paio di minuti, che permettono una progressione sicura. Un&#8217;accortezza che, accompagnata da una adeguata pianificazione della gita in base alle proprie capacit\u00e0, pu\u00f2 fare la differenza ed evitare spiacevoli, se non irreparabili conseguenze.<\/p>\n<p>&nbsp;<\/p>\n<p>&nbsp;<\/p>\n<p>&nbsp;<\/p>\n<hr \/>\n<p>&nbsp;<\/p>\n<p>&nbsp;<\/p>\n<p>&nbsp;<\/p>\n<p>&nbsp;<\/p>\n<blockquote>\n<h3><a class=\"dt-pswp-item\" href=\"https:\/\/www.radiopiu.net\/wordpress\/wp-content\/uploads\/2020\/02\/86428961_10157015323007544_4443453820185346048_n.jpg\" data-dt-img-description=\"\" data-large_image_width=\"542\" data-large_image_height=\"960\"><img loading=\"lazy\" decoding=\"async\" class=\"size-medium wp-image-117824 alignleft\" src=\"https:\/\/www.radiopiu.net\/wordpress\/wp-content\/uploads\/2020\/02\/86428961_10157015323007544_4443453820185346048_n-169x300.jpg\" alt=\"\" width=\"169\" height=\"300\" srcset=\"https:\/\/www.radiopiu.net\/wordpress\/wp-content\/uploads\/2020\/02\/86428961_10157015323007544_4443453820185346048_n-169x300.jpg 169w, https:\/\/www.radiopiu.net\/wordpress\/wp-content\/uploads\/2020\/02\/86428961_10157015323007544_4443453820185346048_n.jpg 542w\" sizes=\"auto, (max-width: 169px) 100vw, 169px\" \/><\/a>DUE INCENDI IN DUE GIORNI: SPENTI.<\/h3>\n<\/blockquote>\n<p>Si sono chiuse le operazioni di bonifica degli incendi di Pedavena e Auronzo. In relazione al secondo, seppur di piccole dimensioni (circa 600mq), da registrare la velocit\u00e0 nelle operazioni, svoltesi in poco pi\u00f9 di due ore. Dalla pagina facebook ieri il grazie dell&#8217;assessore alla protezione\u00a0 civile Gianpaolo Bottacin. A Pedavena sul Col Melon c&#8217;\u00e8 comunque voluta una notte intera per spegnere le fiamme, una mattinata per la bonifica dell&#8217;area. In quanto alle cause \u00e8 ovvio che non \u00e8 stato n\u00e8 il vento n\u00e8 il surriscaldamento a provocarle, piuttosto la mano dell&#8217;uomo: \u00e8 caccia al piromane.<\/p>\n<p>&nbsp;<\/p>\n<p>&nbsp;<\/p>\n<p>&nbsp;<\/p>\n<p>&nbsp;<\/p>\n<hr \/>\n<blockquote>\n<h3><\/h3>\n<h3>DUE CONDOMINI IN FIAMME E UN CAPRIOLO TRA LE INFERRIATE.<\/h3>\n<\/blockquote>\n<p><strong>CORTINA<\/strong> Due principi d&#8217;incendio sabato sera, in un condominio a tre piani a Crignes dove \u00e8 bruciato il quadro elettrico per un corto circuito e in una palazzina di Chiamulera dove il fuoco ha interessato la fioriera a pian terreno. Ad evitare il peggio come sempre il rapido intervento dei vigli del fuoco che sono intervenuti anche a Calalzo per salvare un capriolo incastrato tra le inferriate di un&#8217;abitazione privata. L&#8217;animale \u00e8 stato consegnato al presidente della riserva di caccia e una volta guarito sar\u00e0 riportato nel bosco.<\/p>\n<p>&nbsp;<\/p>\n<p>&nbsp;<\/p>\n<hr \/>\n<p>&nbsp;<\/p>\n<p>&nbsp;<\/p>\n<blockquote>\n<h2>AUTO IN USO A LADRI E SEGNALATA NEL NORD ITALIA &#8211; RINTRACCIATA A BELLUNO.<\/h2>\n<\/blockquote>\n<p><strong><img loading=\"lazy\" decoding=\"async\" class=\"alignleft\" src=\"https:\/\/www.radiopiu.net\/wordpress\/wp-content\/uploads\/2018\/10\/IMG_5363.jpeg\" width=\"195\" height=\"141\" \/>BELLUNO<\/strong> Rintracciata a Belluno un\u2019autovettura segnalata nel nord Italia, gli\u00a0 utilizzatori possibili ladri.\u00a0 L&#8217;auto intercettata in zona Levego, una Fiat Punto di colore blu, in uso a persone dedite a reati contro il patrimonio. A bordo\u00a0 una donna ed un uomo\u00a0 di 38 e 33 anni, entrambi senza fissa dimora e di etnia nomade. Dalla verifica: entrambe le persone sono note alle Forze dell\u2019Ordine,\u00a0 l\u2019uomo in particolare per numerosi precedenti per reati che vanno dalla rapina ai furti in abitazione. E&#8217; stato trovato in possesso di un grosso cacciavite. I soggetti venivano accompagnati in Questura per ulteriori accertamenti. I due nomadi italiani, sinti di origine lombarda, oltre ad essere senza fissa dimora (solitamente riposano in qualche camper di propriet\u00e0 della famiglia), non svolgono nessuna attivit\u00e0 lavorativa e non hanno motivo per stazionare in provincia. Gli agenti, ritenendo quel cacciavite ricurvo uno strumento idoneo a forzare porte e finestre, lo hanno sequestrato,\u00a0 l\u2019uomo denunciato per possesso ingiustificato di chiavi alterate o grimaldelli.<\/p>\n<p>&nbsp;<\/p>\n<hr \/>\n<p>&nbsp;<\/p>\n<p>&nbsp;<\/p>\n<h2>NON PAGA L\u2019ASSICURAZIONE DELL\u2019AUTO, MA GIOCA ALLE SLOT MACHINE.<\/h2>\n<p><strong><img loading=\"lazy\" decoding=\"async\" class=\"alignleft\" src=\"https:\/\/www.radiopiu.net\/wordpress\/wp-content\/uploads\/2018\/04\/AZZARDOD.jpg\" width=\"164\" height=\"141\" \/>BELLUNO<\/strong><em> &#8220;Mi dispiace ho speso tutti i soldi alle slot e non ne ho pi\u00f9 nemmeno per pagare l&#8217;assicurazione della macchina&#8221;,<\/em> questa la sconcertante risposta agli uomini della Questura dell&#8217;uomo che alcuni giorni fa \u00e8 stato pizzicato dentro una sala slot a giocarsi i suoi soldi, fuori la Polo priva di assicurazione. Il personale delle \u201cvolanti\u201d della Questura, dopo aver effettuato un controllo hanno scoperto che l&#8217;uomo, pur di poter giocare, non pagava l\u2019assicurazione dell\u2019auto. I poliziotti, dopo aver identificato le persone all\u2019interno del locale, procedevano al controllo dei veicoli parcheggiati all\u2019esterno ed utilizzati dagli stessi avventori; tra i mezzi risultava che una Volkswagen Polo di propriet\u00e0 di S.G., residente in provincia, era priva di copertura assicurativa. L\u2019uomo, intento a giocare parecchi soldi all\u2019interno del locale, veniva informato dagli agenti che gli sarebbe stata elevata una contravvenzione pari a\u00a0 868 euro,\u00a0 \u00a0veicolo sequestrato ai fini della confisca.<\/p>\n<p>&nbsp;<\/p>\n<hr \/>\n<p>&nbsp;<\/p>\n<p>&nbsp;<\/p>\n<blockquote>\n<h3>CONTINUA IL CONTRASTO ALLA GUIDA IN STATO DI EBBREZZA DA PARTE DELLE VOLANTI DELLA QUESTURA.<\/h3>\n<blockquote><p><em>controlli della squadra volanti per il contrasto alla guida in stato di ebrezza<\/em><\/p><\/blockquote>\n<p><strong>BELLUNO<\/strong> Nella serata del 2 febbraio i poliziotti delle \u201cvolanti\u201d, mentre erano intenti ad effettuare dei controlli su alcuni veicoli in un\u2019area di sosta nel quartiere di Cavarzano,\u00a0 hanno notato manovre incerte e impacciate del conducente. Immediatamente l\u2019alt senza successo, infatti il conducente, dopo aver accennato con la mano un goffo saluto, ha proseguito la marcia. Rincorso dagli agenti e fermato alcune decine di metri pi\u00f9 avanti \u00e8 stato sottoposto a test con <img loading=\"lazy\" decoding=\"async\" class=\"alignleft\" src=\"https:\/\/www.radiopiu.net\/wordpress\/wp-content\/uploads\/2018\/07\/stradale.jpg\" width=\"253\" height=\"189\" \/>l\u2019etilometro, B.M. di 48 anni, aveva bevuto tanto, valori di alcool nel sangue oltre 5 volte superiori al limite &#8211; entrambe le prove superiori a 2,5 g\/l -. La patente\u00a0 ritirata per la sospensione da 1 a 2 anni, con la decurtazione di punti 10 e il veicolo posto sotto sequestro amministrativo. L&#8217;uomo\u00a0 rischia la sanzione penale dell\u2019ammenda da\u00a0 1.500 a 6.000 euro e l\u2019arresto da 6 mesi ad un anno.<\/p>\n<blockquote><p>Nella serata del 7 febbraio sempre gli operati delle \u201cvolanti\u201d della Questura, transitando in via Vittorio Veneto, incrociavano un\u2019autovettura, Ford Focus, il cui conducente mostrava una guida \u201canomala\u201d; una volta fermato il mezzo accertavano che il guidatore, T.V. di 45 anni, aveva assunto una quantit\u00e0 eccessiva di alcol, quasi 3 volte il limite consentito come accertato con l\u2019etilometro negli uffici della Polizia Stradale. Da archivi emergeva poi, che in altre due circostanze la patente gli era stata ritirata sempre per aver ecceduto con l\u2019alcol prima di mettersi alla guida. Praticamente negli ultimi anni ogni volta che la patente gli veniva restituita, dopo poco veniva ritirata sempre per lo stesso motivo. Il documento di guida ritirato per la sospensione da 6 mesi ad 1 anno (con decurtazione di punti 10),\u00a0 sanzione penale da 800 a\u00a0 3.200 euro e l\u2019arresto fino a 6 mesi.<\/p><\/blockquote>\n<\/blockquote>\n<p>&nbsp;<\/p>\n<p>&nbsp;<\/p>\n<hr \/>\n<blockquote>\n<h3><\/h3>\n<h3><\/h3>\n<h3>LADRI, VANDALI, MALEDUCATI E SENZA RISPETTO PER IL BENE COMUNE<\/h3>\n<\/blockquote>\n<p>&nbsp;<\/p>\n<p><strong><a class=\"dt-pswp-item\" href=\"https:\/\/www.radiopiu.net\/wordpress\/wp-content\/uploads\/2019\/05\/mini-escavatore-schaeff.jpg\" data-dt-img-description=\"\" data-large_image_width=\"458\" data-large_image_height=\"458\"><img loading=\"lazy\" decoding=\"async\" class=\"wp-image-117702 alignleft\" src=\"https:\/\/www.radiopiu.net\/wordpress\/wp-content\/uploads\/2019\/05\/mini-escavatore-schaeff-300x300.jpg\" alt=\"\" width=\"137\" height=\"137\" srcset=\"https:\/\/www.radiopiu.net\/wordpress\/wp-content\/uploads\/2019\/05\/mini-escavatore-schaeff-300x300.jpg 300w, https:\/\/www.radiopiu.net\/wordpress\/wp-content\/uploads\/2019\/05\/mini-escavatore-schaeff-150x150.jpg 150w, https:\/\/www.radiopiu.net\/wordpress\/wp-content\/uploads\/2019\/05\/mini-escavatore-schaeff.jpg 458w\" sizes=\"auto, (max-width: 137px) 100vw, 137px\" \/><\/a>SAN TOMASO<\/strong> Il serbatoio dell&#8217;escavatore comunale \u00e8 rimasto a secco, gasolio finito. Nessun buco sul serbatoio, nessuna evaporazione per la stagione &#8220;calda&#8221;, ma un furto in piena regola. Trenta litri di combustibile rubato dopo aver manomesso serrature, dopo il vandalismo sui mezzi. C&#8217;\u00e8 poi l&#8217;altro episodio che ha preceduto il furto, l&#8217;accensione dei mezzi i piena notte. \u00a0Il serbatoio dell&#8217;escavatore comunale \u00e8 stato completamente svuotato un paio di settimane fa. Il mezzo \u00e8 stato donato al Comune dalla comunit\u00e0 di Caerano San Marco dopo la tempesta Vaia e gli operai di San Tomaso lo utilizzano per sistemare le strade ma anche per fare alcuni lavori nel bosco.\u00a0<em> \u00abAbbiamo fatto denuncia ai carabinieri ma non abbiamo dato molta pubblicit\u00e0 a questo fatto, perch\u00e9 speravamo di riuscire a individuare chi l&#8217;aveva commesso\u00bb. Purtroppo l&#8217;obiettivo non \u00e8 stato raggiunto.Non \u00e8 la prima volta che accadono episodi spiacevoli come questo. \u00abIn autunno gli operai sentivano alcuni mezzi accendersi nel cuore della notte\u00bb, <\/em>questa la dichiarazione del sindaco Moreno De Val<\/p>\n<p>&nbsp;<\/p>\n<p>&nbsp;<\/p>\n<hr \/>\n<h3><\/h3>\n<blockquote>\n<h3>LADRI A FELTRE E IN VAL CORDEVOLE<\/h3>\n<\/blockquote>\n<p><strong>FELTRE<\/strong> Ancora furti nel feltrino, malviventi a Farra ed a Limana dove le persone sospette sono state segnalate ai Carabinieri e costrette a fuggire a mani vuote. Ieri pomeriggio dai microfoni e pagine social di RADIO PIU la segnalazione di un&#8217;auto sospetta con l&#8217;invito a chiamare il 112. Si tratta di possibili autori di furti negli alberghi.<\/p>\n<p>&nbsp;<\/p>\n<hr \/>\n<p>&nbsp;<\/p>\n<p>&nbsp;<\/p>\n<p>&nbsp;<\/p>\n<blockquote>\n<h1>COSA NON FARE CON I FONDI DI CONFINE<\/h1>\n<\/blockquote>\n<p>&nbsp;<\/p>\n<blockquote>\n<h3><a class=\"dt-pswp-item\" href=\"https:\/\/www.radiopiu.net\/wordpress\/wp-content\/uploads\/2020\/02\/WhatsApp-Image-2018-12-19-at-11.41.29.jpeg\" data-dt-img-description=\"\" data-large_image_width=\"1599\" data-large_image_height=\"799\"><img loading=\"lazy\" decoding=\"async\" class=\" wp-image-117835 alignleft\" src=\"https:\/\/www.radiopiu.net\/wordpress\/wp-content\/uploads\/2020\/02\/WhatsApp-Image-2018-12-19-at-11.41.29-300x150.jpeg\" alt=\"\" width=\"258\" height=\"129\" srcset=\"https:\/\/www.radiopiu.net\/wordpress\/wp-content\/uploads\/2020\/02\/WhatsApp-Image-2018-12-19-at-11.41.29-300x150.jpeg 300w, https:\/\/www.radiopiu.net\/wordpress\/wp-content\/uploads\/2020\/02\/WhatsApp-Image-2018-12-19-at-11.41.29-1024x512.jpeg 1024w, https:\/\/www.radiopiu.net\/wordpress\/wp-content\/uploads\/2020\/02\/WhatsApp-Image-2018-12-19-at-11.41.29-768x384.jpeg 768w, https:\/\/www.radiopiu.net\/wordpress\/wp-content\/uploads\/2020\/02\/WhatsApp-Image-2018-12-19-at-11.41.29-1536x768.jpeg 1536w, https:\/\/www.radiopiu.net\/wordpress\/wp-content\/uploads\/2020\/02\/WhatsApp-Image-2018-12-19-at-11.41.29.jpeg 1599w\" sizes=\"auto, (max-width: 258px) 100vw, 258px\" \/><\/a>BRUTTA FIGURA PER\u00a0 VOLTAGO COMUNE CAPOFILA. SOLDI NON NE TORNERANNO INDIETRO, NON ORA DOPO I FALLIMENTI, UN INSEGNAMENTO SUL COME NON SPENDERE I SOLDI PUBBLICI. PERALTRO A VOLTAGO NESSUNA OPERA DEL PROGETTONE E&#8217; PREVISTA.<\/h3>\n<h3>IN QUANTO AD AGORDO LA PRECEDENTE AMMINISTRAZIONE\u00a0 SARA&#8217; RICORDATA PER AVER &#8220;SPOSATO&#8221; QUEL CORAGGIOSO RIBASSO D&#8217;ASTA DI OLTRE IL 40 PER CENTO, LA MINORANZA AVEVA SOLO RAGIONE AD OPPORSI ALLE IPOTESI DI SISTO DA ROIT\u00a0 &amp; C. MA ORMAI E&#8217; TARDI, RESTANO LE FERITE E UNA VIA 5 MAGGIO IN CONDIZIONI VERGOGNOSE.<\/h3>\n<p><strong>A PROPOSITO DELL&#8217;OSTELLO EX FOLLADOR, LA CATTIVITA&#8217; EREDITA&#8217;\u00a0<\/strong><\/p><\/blockquote>\n<p><strong>DI GIANNI SANTOMASO\u00a0<\/strong><\/p>\n<audio class=\"wp-audio-shortcode\" id=\"audio-117819-1\" preload=\"none\" style=\"width: 100%;\" controls=\"controls\"><source type=\"audio\/mpeg\" src=\"https:\/\/www.radiopiu.net\/wordpress\/wp-content\/uploads\/2020\/02\/gianni-ostello.mp3?_=1\" \/><a href=\"https:\/\/www.radiopiu.net\/wordpress\/wp-content\/uploads\/2020\/02\/gianni-ostello.mp3\">https:\/\/www.radiopiu.net\/wordpress\/wp-content\/uploads\/2020\/02\/gianni-ostello.mp3<\/a><\/audio>\n<p>&nbsp;<\/p>\n<p>&nbsp;<\/p>\n<p>&nbsp;<\/p>\n<hr \/>\n<p>&nbsp;<\/p>\n<h1 style=\"text-align: center;\">LA NUOVA VIABILITA&#8217; IN LUXOTTICA I COMMENTI DEL GIORNO DOPO<\/h1>\n<p>&nbsp;<\/p>\n<blockquote>\n<h3><a class=\"dt-pswp-item\" href=\"https:\/\/www.radiopiu.net\/wordpress\/wp-content\/uploads\/2020\/02\/5e5785e9-a069-4e44-afd0-cd60ea1565d8.jpg\" data-dt-img-description=\"\" data-large_image_width=\"1024\" data-large_image_height=\"701\"><img loading=\"lazy\" decoding=\"async\" class=\"size-medium wp-image-117489 alignleft\" src=\"https:\/\/www.radiopiu.net\/wordpress\/wp-content\/uploads\/2020\/02\/5e5785e9-a069-4e44-afd0-cd60ea1565d8-300x205.jpg\" alt=\"\" width=\"300\" height=\"205\" srcset=\"https:\/\/www.radiopiu.net\/wordpress\/wp-content\/uploads\/2020\/02\/5e5785e9-a069-4e44-afd0-cd60ea1565d8-300x205.jpg 300w, https:\/\/www.radiopiu.net\/wordpress\/wp-content\/uploads\/2020\/02\/5e5785e9-a069-4e44-afd0-cd60ea1565d8-768x526.jpg 768w, https:\/\/www.radiopiu.net\/wordpress\/wp-content\/uploads\/2020\/02\/5e5785e9-a069-4e44-afd0-cd60ea1565d8.jpg 1024w\" sizes=\"auto, (max-width: 300px) 100vw, 300px\" \/><\/a><\/h3>\n<h3><\/h3>\n<h3><\/h3>\n<h3><\/h3>\n<h3>AGORDO<\/h3>\n<p>&nbsp;<\/p>\n<h3>DI GIANNI SANTOMASO<\/h3>\n<\/blockquote>\n<audio class=\"wp-audio-shortcode\" id=\"audio-117819-2\" preload=\"none\" style=\"width: 100%;\" controls=\"controls\"><source type=\"audio\/mpeg\" src=\"https:\/\/www.radiopiu.net\/wordpress\/wp-content\/uploads\/2020\/02\/gianni-luottica.mp3?_=2\" \/><a href=\"https:\/\/www.radiopiu.net\/wordpress\/wp-content\/uploads\/2020\/02\/gianni-luottica.mp3\">https:\/\/www.radiopiu.net\/wordpress\/wp-content\/uploads\/2020\/02\/gianni-luottica.mp3<\/a><\/audio>\n<p>&nbsp;<\/p>\n<p>&nbsp;<\/p>\n<blockquote>\n<h3>NUOVA VIABILITA&#8217; IN VALCOZZENA&#8230;VALENTINA DA ROLD CGIL FILCTEM AGORDO<\/h3>\n<\/blockquote>\n<p><strong><img loading=\"lazy\" decoding=\"async\" class=\"alignleft\" src=\"https:\/\/www.radiopiu.net\/wordpress\/wp-content\/uploads\/2020\/01\/NUOVA-INSEGNA-LUXOTTICA-scaled.jpg\" width=\"259\" height=\"194\" \/><\/strong><\/p>\n<p>&nbsp;<\/p>\n<p><strong>AGORDO<\/strong><\/p>\n<p>Dopo le precisazioni di Emilio Bez della Uiltec di Agordo, anche la CGIL Filctem \u00e8 voluta intervenire sulla nuova viabilit\u00e0 di Valcozzena ma non solo. Valentina Da Rold, che fa parte della RSU trasporti Luxottica di Agordo, ha voluto elencare anche tutti gli obbiettivi raggiunti in questi anni dalle tre sigle sindacali per quanto riguarda la mobilit\u00e0 per arrivare in azienda.<\/p>\n<p>&nbsp;<\/p>\n<p>&nbsp;<\/p>\n<p><strong>VALENTINA DA ROLD, COMMISSIONE TRASPORTI CGIL FILCTEM DI AGORDO<\/strong><\/p>\n<audio class=\"wp-audio-shortcode\" id=\"audio-117819-3\" preload=\"none\" style=\"width: 100%;\" controls=\"controls\"><source type=\"audio\/mpeg\" src=\"https:\/\/www.radiopiu.net\/wordpress\/wp-content\/uploads\/2020\/02\/VALENTINA-DA-ROLD-RSU-VIABILITA-AGORDO.mp3?_=3\" \/><a href=\"https:\/\/www.radiopiu.net\/wordpress\/wp-content\/uploads\/2020\/02\/VALENTINA-DA-ROLD-RSU-VIABILITA-AGORDO.mp3\">https:\/\/www.radiopiu.net\/wordpress\/wp-content\/uploads\/2020\/02\/VALENTINA-DA-ROLD-RSU-VIABILITA-AGORDO.mp3<\/a><\/audio>\n<p>&nbsp;<\/p>\n<blockquote>\n<h2>dal notiziario di sabato<\/h2>\n<\/blockquote>\n<blockquote class=\"wp-embedded-content\" data-secret=\"L4w9x8AP35\"><p><a href=\"https:\/\/www.radiopiu.net\/wordpress\/luxottica-nuovo-piano-parcheggi-che-guarda-alla-sicurezza\/\">LUXOTTICA, NUOVO PIANO PARCHEGGI CHE GUARDA ALLA SICUREZZA<\/a><\/p><\/blockquote>\n<p><iframe loading=\"lazy\" title=\"&#8220;LUXOTTICA, NUOVO PIANO PARCHEGGI CHE GUARDA ALLA SICUREZZA&#8221; &#8212; Radio Pi\u00f9\" class=\"wp-embedded-content\" sandbox=\"allow-scripts\" security=\"restricted\" style=\"position: absolute; clip: rect(1px, 1px, 1px, 1px);\" src=\"https:\/\/www.radiopiu.net\/wordpress\/luxottica-nuovo-piano-parcheggi-che-guarda-alla-sicurezza\/embed\/#?secret=L4w9x8AP35\" data-secret=\"L4w9x8AP35\" width=\"600\" height=\"338\" frameborder=\"0\" marginwidth=\"0\" marginheight=\"0\" scrolling=\"no\"><\/iframe><\/p>\n<p>&nbsp;<\/p>\n<hr \/>\n<p>&nbsp;<\/p>\n<blockquote>\n<h3>NUOVA VIABILIT\u00c0 IN VALCOZZENA&#8230;EMILIO BEZ UILTEC AGORDO<\/h3>\n<\/blockquote>\n<p><strong><a class=\"dt-pswp-item\" href=\"https:\/\/www.radiopiu.net\/wordpress\/wp-content\/uploads\/2018\/09\/BEZ-UIL.jpg\" data-dt-img-description=\"\" data-large_image_width=\"168\" data-large_image_height=\"300\"><img loading=\"lazy\" decoding=\"async\" class=\" wp-image-60016 alignleft\" src=\"https:\/\/www.radiopiu.net\/wordpress\/wp-content\/uploads\/2018\/09\/BEZ-UIL-168x300.jpg\" alt=\"\" width=\"112\" height=\"200\" \/><\/a>AGORDO<\/strong> Dopo la notizia della nuova viabilit\u00e0 in localit\u00e0 Valcozzena ad Agordo, la RSU dello stabilimento di Agordo prende parola e lo fa Emilio Bez della Uiltec. \u201cLe notizie apparse oggi sui media, riguardanti le future modifiche alla viabilit\u00e0 in Valcozzena e la previsione di nuovi parcheggi, sono sicuramente state ben accolte dai lavoratori del colosso dell&#8217;occhiale. Altrettanto contenti saranno i colleghi della Commissione Trasporti RSU, visto che buona parte di quanto annunciato \u00e8 anche frutto di nostre proposte e suggerimenti fatti all&#8217;Azienda dalla Commissione Trasporti nel corso degli ultimi anni &#8211; dice Bez &#8211; In primis, trattandosi anche di un problema di sicurezza, lo spostamento della strada verso l&#8217;argine: il conseguente riposizionamento degli stalli degli autobus a ridosso dell&#8217;Azienda permetter\u00e0 di evitare l&#8217;attraversamento quotidiano di centinaia di utenti e i conseguenti rischi di investimenti. Molti colleghi ci avevano chiesto di trovare una soluzione poich\u00e9, nei momenti di maggior flusso in entrata e uscita dalla fabbrica, la situazione attuale \u00e8 indiscutibilmente pericolosa. L&#8217;opzione di spostare la strada ci era parsa da subito la pi\u00f9 risolutiva e ne avevamo discusso, oltre che con l&#8217;Azienda, anche con Dolomiti Bus e con il Sindaco di Agordo\u201d. Per il rappresentante della Uil nell\u2019ultimo periodo sembra che il problema parcheggi si sia in parte risolto grazie alle navette. \u201cSe verr\u00e0 mantenuto l&#8217;attuale livello di utilizzo delle navette, ultimamente molto frequentate, probabilmente i parcheggi saranno adeguati e tutti troveranno posto. Di sicuro i lavori in previsione sono di notevole portata ed \u00e8 difficile pensare che l&#8217;Azienda possa fare di pi\u00f9, non fosse altro che per la mancanza di ulteriori aree effettivamente disponibili nelle vicinanze\u201d. Un pensiero va anche alla futura pista ciclabile in progetto. \u201cRiguardo la pista ciclabile vera e propria, la Commissione Trasporti aveva suggerito tempo fa all&#8217;amministrazione comunale e all&#8217;Azienda un semplice ma efficace percorso ciclabile di collegamento tra Valcozzena e la gi\u00e0 esistente pista ciclopedonale al di l\u00e0 del Cordevole, la quale sarebbe quindi diventata accessibile sfruttando il sottopassaggio vicino al ponte, senza dover pi\u00f9 attraversare la trafficata rotatoria della tangenziale &#8211; spiega Emilio Bez &#8211; Una semplice ridefinizione delle attuali corsie sul ponte avrebbe permesso di ricavare anche su di esso il tratto di ciclabile necessario senza creare alcun problema al flusso delle auto. L&#8217;intervento da noi proposto avrebbe quindi un costo relativamente limitato ma sarebbe potenzialmente fattibile in tempi brevi. Al momento sono invece stati annunciati degli studi di fattibilit\u00e0 per una pista ciclabile in direzione Ponte Alto e per una nuova passerella sul Cordevole, in sostituzione dell&#8217;ormai leggendaria passerella travolta dall&#8217;alluvione oltre mezzo secolo fa e mai pi\u00f9 ricostruita tra i rimpianti di molti<\/p>\n<p>&nbsp;<\/p>\n<p>&nbsp;<\/p>\n<hr \/>\n<p>&nbsp;<\/p>\n<p>&nbsp;<\/p>\n<blockquote>\n<h3>INGORDI! DON DARIO FONTANA SI SCHIERA CONTRO I NUOVI IMPIANTI ALLA VIGILIA DELL&#8217;INCONTRO FODOM<\/h3>\n<\/blockquote>\n<p><strong>LIVINALLONGO<\/strong> Domani\u00a0 sera al Taulach di Pieve di Livinallongo l&#8217;atteso incontro dal quale dovrebbe nascere il comitato per dire no al collegamento sciistico Cortina-Arabba lungo percorsi e luoghi della Grande Guerra. Anche il parroco Fodom decide di prendere posizione e lo fa con chiarezza scrivendo a chiare lettere il suo malessere sul foglietto domenicale<\/p>\n<p>&nbsp;<\/p>\n<p><a class=\"dt-pswp-item\" href=\"https:\/\/www.radiopiu.net\/wordpress\/wp-content\/uploads\/2020\/02\/WhatsApp-Image-2020-02-15-at-12.32.19.jpeg\" data-dt-img-description=\"\" data-large_image_width=\"714\" data-large_image_height=\"1024\"><img loading=\"lazy\" decoding=\"async\" class=\"alignnone wp-image-117697 \" src=\"https:\/\/www.radiopiu.net\/wordpress\/wp-content\/uploads\/2020\/02\/WhatsApp-Image-2020-02-15-at-12.32.19.jpeg\" alt=\"\" width=\"533\" height=\"764\" srcset=\"https:\/\/www.radiopiu.net\/wordpress\/wp-content\/uploads\/2020\/02\/WhatsApp-Image-2020-02-15-at-12.32.19.jpeg 714w, https:\/\/www.radiopiu.net\/wordpress\/wp-content\/uploads\/2020\/02\/WhatsApp-Image-2020-02-15-at-12.32.19-209x300.jpeg 209w\" sizes=\"auto, (max-width: 533px) 100vw, 533px\" \/><\/a><\/p>\n<p>&nbsp;<\/p>\n<p>&nbsp;<\/p>\n<hr \/>\n<p>&nbsp;<\/p>\n<p>&nbsp;<\/p>\n<blockquote>\n<h3>GIU&#8217; LE MANI DALLA NOSTRA TERRA: NO A NUOVI IMPIANTI. DOMANI L&#8217;INCONTRO<\/h3>\n<\/blockquote>\n<p>&nbsp;<\/p>\n<blockquote><p><em><a class=\"dt-pswp-item\" href=\"https:\/\/www.radiopiu.net\/wordpress\/wp-content\/uploads\/2020\/02\/69482436_10214380912104862_2307718836180221952_n.jpg\" data-dt-img-description=\"\" data-large_image_width=\"581\" data-large_image_height=\"581\"><img loading=\"lazy\" decoding=\"async\" class=\"wp-image-117357 alignleft\" src=\"https:\/\/www.radiopiu.net\/wordpress\/wp-content\/uploads\/2020\/02\/69482436_10214380912104862_2307718836180221952_n-300x300.jpg\" alt=\"\" width=\"135\" height=\"135\" srcset=\"https:\/\/www.radiopiu.net\/wordpress\/wp-content\/uploads\/2020\/02\/69482436_10214380912104862_2307718836180221952_n-300x300.jpg 300w, https:\/\/www.radiopiu.net\/wordpress\/wp-content\/uploads\/2020\/02\/69482436_10214380912104862_2307718836180221952_n-150x150.jpg 150w, https:\/\/www.radiopiu.net\/wordpress\/wp-content\/uploads\/2020\/02\/69482436_10214380912104862_2307718836180221952_n.jpg 581w\" sizes=\"auto, (max-width: 135px) 100vw, 135px\" \/><\/a>Dorigo: \u00ab\u00c8 un&#8217;iniziativa calata dall&#8217;alto, gran parte della popolazione \u00e8 contraria\u00bb<\/em><\/p><\/blockquote>\n<p><strong>LIVINALLONGO<\/strong>\u00a0 Domani alle 20.30 al Taulac di Pieve di Livinallongo il primo incontro di una preannunciata &#8220;battaglia&#8221; che non mancher\u00e0 di richiamare l&#8217;interesse non solo della gente del luogo. Primo obiettivo la creazione di un comitato per il No.<\/p>\n<p><strong><span style=\"color: #ff0000;\">IERI LO SPECIALE ALLA RADIO<\/span><\/strong><\/p>\n<p><strong><span style=\"color: #ff0000;\">CON DENNI DORIGO<\/span><\/strong><\/p>\n<audio class=\"wp-audio-shortcode\" id=\"audio-117819-4\" preload=\"none\" style=\"width: 100%;\" controls=\"controls\"><source type=\"audio\/mpeg\" src=\"https:\/\/www.radiopiu.net\/wordpress\/wp-content\/uploads\/2020\/02\/denni-dorigo-scade-martedi.mp3?_=4\" \/><a href=\"https:\/\/www.radiopiu.net\/wordpress\/wp-content\/uploads\/2020\/02\/denni-dorigo-scade-martedi.mp3\">https:\/\/www.radiopiu.net\/wordpress\/wp-content\/uploads\/2020\/02\/denni-dorigo-scade-martedi.mp3<\/a><\/audio>\n<p>&nbsp;<\/p>\n<p>&nbsp;<\/p>\n<p>&nbsp;<\/p>\n<hr \/>\n<p>&nbsp;<\/p>\n<p>&nbsp;<\/p>\n<blockquote>\n<h3>IL VOLONTARIO DA PREMIO SAN VALENTINO, IVO GASPERIN<\/h3>\n<\/blockquote>\n<p><strong><a class=\"dt-pswp-item\" href=\"https:\/\/www.radiopiu.net\/wordpress\/wp-content\/uploads\/2020\/02\/gasperin.jpg\" data-dt-img-description=\"\" data-large_image_width=\"410\" data-large_image_height=\"614\"><img loading=\"lazy\" decoding=\"async\" class=\"size-medium wp-image-117868 alignleft\" src=\"https:\/\/www.radiopiu.net\/wordpress\/wp-content\/uploads\/2020\/02\/gasperin-200x300.jpg\" alt=\"\" width=\"200\" height=\"300\" srcset=\"https:\/\/www.radiopiu.net\/wordpress\/wp-content\/uploads\/2020\/02\/gasperin-200x300.jpg 200w, https:\/\/www.radiopiu.net\/wordpress\/wp-content\/uploads\/2020\/02\/gasperin.jpg 410w\" sizes=\"auto, (max-width: 200px) 100vw, 200px\" \/><\/a><\/strong><\/p>\n<p>&nbsp;<\/p>\n<p>&nbsp;<\/p>\n<p>&nbsp;<\/p>\n<p>&nbsp;<\/p>\n<p>&nbsp;<\/p>\n<p>&nbsp;<\/p>\n<p><strong>LIMANA<\/strong><\/p>\n<p><strong>di DAMIANO TORMEN\u00a0<\/strong><\/p>\n<p>&nbsp;<\/p>\n<audio class=\"wp-audio-shortcode\" id=\"audio-117819-5\" preload=\"none\" style=\"width: 100%;\" controls=\"controls\"><source type=\"audio\/mpeg\" src=\"https:\/\/www.radiopiu.net\/wordpress\/wp-content\/uploads\/2020\/02\/ivo-damino.mp3?_=5\" \/><a href=\"https:\/\/www.radiopiu.net\/wordpress\/wp-content\/uploads\/2020\/02\/ivo-damino.mp3\">https:\/\/www.radiopiu.net\/wordpress\/wp-content\/uploads\/2020\/02\/ivo-damino.mp3<\/a><\/audio>\n<p>&nbsp;<\/p>\n<p>&nbsp;<\/p>\n<hr \/>\n<p>&nbsp;<\/p>\n<p>&nbsp;<\/p>\n<blockquote>\n<h3>RADIO PIU, IL RICORDO DI SILVIO &#8220;Chiri&#8221;<\/h3>\n<\/blockquote>\n<p>&nbsp;<\/p>\n<p><strong><a class=\"dt-pswp-item\" href=\"https:\/\/www.radiopiu.net\/wordpress\/wp-content\/uploads\/2020\/02\/26756878_1558827457558812_4928011788624630048_o.jpg\" data-dt-img-description=\"\" data-large_image_width=\"200\" data-large_image_height=\"200\"><img loading=\"lazy\" decoding=\"async\" class=\"size-full wp-image-117709 alignleft\" src=\"https:\/\/www.radiopiu.net\/wordpress\/wp-content\/uploads\/2020\/02\/26756878_1558827457558812_4928011788624630048_o.jpg\" alt=\"\" width=\"200\" height=\"200\" srcset=\"https:\/\/www.radiopiu.net\/wordpress\/wp-content\/uploads\/2020\/02\/26756878_1558827457558812_4928011788624630048_o.jpg 200w, https:\/\/www.radiopiu.net\/wordpress\/wp-content\/uploads\/2020\/02\/26756878_1558827457558812_4928011788624630048_o-150x150.jpg 150w\" sizes=\"auto, (max-width: 200px) 100vw, 200px\" \/><\/a>AGORDO<\/strong> E&#8217; mancato Silvio De Nardin &#8220;Chiri&#8221;, nome noto nell&#8217;Agordino negli ambienti dello sport. Radio Pi\u00f9 lo aveva avuto ospite a &#8220;El Darlin&#8221; di Luisa Alchini cinque anni fa. Oggi in suo ricordo riproponiamo l&#8217;intervista di allora.<\/p>\n<p>&nbsp;<\/p>\n<p>Un messaggio di condoglianze alla moglie Beatrice, ai figli Mario, Mirella, Orietta e Mara, al fratello Antonio<br \/>\nI funerali: OGGI\u00a0 ALLE 14 AD AGORDO<\/p>\n<p>&nbsp;<\/p>\n<p>&nbsp;<\/p>\n<p><strong>EL DARLIN PARTE 1<\/strong><\/p>\n<audio class=\"wp-audio-shortcode\" id=\"audio-117819-6\" preload=\"none\" style=\"width: 100%;\" controls=\"controls\"><source type=\"audio\/mpeg\" src=\"https:\/\/www.radiopiu.net\/wordpress\/wp-content\/uploads\/2020\/02\/chiri-1.mp3?_=6\" \/><a href=\"https:\/\/www.radiopiu.net\/wordpress\/wp-content\/uploads\/2020\/02\/chiri-1.mp3\">https:\/\/www.radiopiu.net\/wordpress\/wp-content\/uploads\/2020\/02\/chiri-1.mp3<\/a><\/audio>\n<p><strong>EL DARLIN P&#8217;ARTE 2\u00a0<\/strong><\/p>\n<audio class=\"wp-audio-shortcode\" id=\"audio-117819-7\" preload=\"none\" style=\"width: 100%;\" controls=\"controls\"><source type=\"audio\/mpeg\" src=\"https:\/\/www.radiopiu.net\/wordpress\/wp-content\/uploads\/2020\/02\/chiri2.mp3?_=7\" \/><a href=\"https:\/\/www.radiopiu.net\/wordpress\/wp-content\/uploads\/2020\/02\/chiri2.mp3\">https:\/\/www.radiopiu.net\/wordpress\/wp-content\/uploads\/2020\/02\/chiri2.mp3<\/a><\/audio>\n<p>&nbsp;<\/p>\n<p>&nbsp;<\/p>\n<p>&nbsp;<\/p>\n<hr \/>\n<p>&nbsp;<\/p>\n<p>&nbsp;<\/p>\n<p>&nbsp;<\/p>\n<h3 class=\"p1\"><span class=\"s1\"><b>SECONDA FASE DEL PROGETTO \u201cSICURAMENTE GUIDA SICURA\u201d<\/b><\/span><\/h3>\n<p class=\"p1\"><span class=\"s1\">Due giornate da non dimenticare. Due giornate per imparare. Sono quelle vissute da circa 350 studenti degli Istituti bellunesi \u201cCalvi\u201d, \u201cSegato\u201d, \u201cDa Vinci\u201d e \u201cCatullo\u201d &#8211; aderenti al progetto \u201cSicuramente Guida Sicura\u201d &#8211; venerd\u00ec 14 e sabato 15 febbraio, presso il piazzale della Epta Costan di Limana. <\/span><span class=\"s1\">Il programma dei due giorni prevedeva la divisione dei ragazzi in gruppi: da una parte i patentati e dall\u2019altra i non patentati, suddivisi ulteriormente in sottogruppi. <\/span><span class=\"s1\">I patentati hanno effettuato durante tutta la mattina quattro prove di guida sicura, con quattro esercizi diversi, ovvero SKID (controllo della stabilit\u00e0 della autovettura con sterzo e controsterzo), prova di frenata, controllo di ingresso ed esecuzione delle curve, controllo della guida. A supportare gli studenti quattro istruttori di \u201cGuida Sicura\u201d con una serie di autovetture e le relative hostess. <\/span><span class=\"s1\">I non patentati hanno invece incontrato e potuto conoscere meglio le attivit\u00e0 svolte dalla Polizia, Polizia Scientifica, Vigili del Fuoco e volontari dell\u2019autoambulanze. <\/span><span class=\"s1\">Sempre durante la giornata i ragazzi hanno assistito a una simulazione di incidente, con relativo intervento delle forze presenti, e alla messa in sicurezza del luogo dell\u2019incidente con l\u2019estrazione e soccorso di una donna coinvolta nel sinistro simulato con il taglio dell\u2019autovettura, rottura dei cristalli e soccorso fino al caricamento in un\u2019autoambulanza. <\/span><span class=\"s1\">Due giornate intense che hanno visto impegnati gli studenti dalle 8.30 alle 12.30. Il rientro delle scolaresche \u00e8 stato garantito dalla Dolomitibus, che ha messo a disposizione i mezzi di trasporto. <\/span><span class=\"s1\">\u00abSicuramente Guida Sicura\u00bb \u00e8 un progetto pluriennale nato per trasmettere la cultura della guida sicura ai ragazzi delle classi quinte degli istituti superiori della provincia di Belluno e ideato, promosso e organizzato dal Rotary Club Belluno &#8211; con Feltre, Cadore Cortina e Spittal -, CAG e CIAGI di Borgo Valbelluna e il pilota ed istruttore professionista Andrea Fontana di Ponte nelle Alpi.<\/span><\/p>\n<p><strong>LA FOTOGALLERY DELLE DUE GIORNATE<\/strong><\/p>\n\n\t\t\t<style type='text\/css'>\n\t\t\t\t#gallery-1 {\n\t\t\t\t\tmargin: auto;\n\t\t\t\t}\n\t\t\t\t#gallery-1 .gallery-item {\n\t\t\t\t\tfloat: left;\n\t\t\t\t\tmargin-top: 10px;\n\t\t\t\t\ttext-align: center;\n\t\t\t\t\twidth: 33%;\n\t\t\t\t}\n\t\t\t\t#gallery-1 img {\n\t\t\t\t\tborder: 2px solid #cfcfcf;\n\t\t\t\t}\n\t\t\t\t#gallery-1 .gallery-caption {\n\t\t\t\t\tmargin-left: 0;\n\t\t\t\t}\n\t\t\t\t\/* see gallery_shortcode() in wp-includes\/media.php *\/\n\t\t\t<\/style>\n\t\t<div id='gallery-1' class='dt-gallery-container gallery galleryid-117819 gallery-columns-3 gallery-size-medium'><dl class='gallery-item'>\n\t\t\t\t<dt class='gallery-icon landscape'>\n\t\t\t\t\t<a class=\"rollover\" href='https:\/\/www.radiopiu.net\/wordpress\/dcim100mediadji_0026-jpg\/'><img loading=\"lazy\" decoding=\"async\" width=\"300\" height=\"158\" src=\"https:\/\/www.radiopiu.net\/wordpress\/wp-content\/uploads\/2020\/02\/aerea-300x158.jpg\" class=\"attachment-medium size-medium\" alt=\"\" srcset=\"https:\/\/www.radiopiu.net\/wordpress\/wp-content\/uploads\/2020\/02\/aerea-300x158.jpg 300w, https:\/\/www.radiopiu.net\/wordpress\/wp-content\/uploads\/2020\/02\/aerea-1024x540.jpg 1024w, https:\/\/www.radiopiu.net\/wordpress\/wp-content\/uploads\/2020\/02\/aerea-768x405.jpg 768w, https:\/\/www.radiopiu.net\/wordpress\/wp-content\/uploads\/2020\/02\/aerea-1536x810.jpg 1536w, https:\/\/www.radiopiu.net\/wordpress\/wp-content\/uploads\/2020\/02\/aerea.jpg 1600w\" sizes=\"auto, (max-width: 300px) 100vw, 300px\" \/><\/a>\n\t\t\t\t<\/dt><\/dl><dl class='gallery-item'>\n\t\t\t\t<dt class='gallery-icon landscape'>\n\t\t\t\t\t<a class=\"rollover\" href='https:\/\/www.radiopiu.net\/wordpress\/dsc07530\/'><img loading=\"lazy\" decoding=\"async\" width=\"300\" height=\"200\" src=\"https:\/\/www.radiopiu.net\/wordpress\/wp-content\/uploads\/2020\/02\/DSC07530-300x200.jpg\" class=\"attachment-medium size-medium\" alt=\"\" srcset=\"https:\/\/www.radiopiu.net\/wordpress\/wp-content\/uploads\/2020\/02\/DSC07530-300x200.jpg 300w, https:\/\/www.radiopiu.net\/wordpress\/wp-content\/uploads\/2020\/02\/DSC07530-1024x683.jpg 1024w, https:\/\/www.radiopiu.net\/wordpress\/wp-content\/uploads\/2020\/02\/DSC07530-768x512.jpg 768w, https:\/\/www.radiopiu.net\/wordpress\/wp-content\/uploads\/2020\/02\/DSC07530.jpg 1400w\" sizes=\"auto, (max-width: 300px) 100vw, 300px\" \/><\/a>\n\t\t\t\t<\/dt><\/dl><dl class='gallery-item'>\n\t\t\t\t<dt class='gallery-icon landscape'>\n\t\t\t\t\t<a class=\"rollover\" href='https:\/\/www.radiopiu.net\/wordpress\/dsc07560\/'><img loading=\"lazy\" decoding=\"async\" width=\"300\" height=\"200\" src=\"https:\/\/www.radiopiu.net\/wordpress\/wp-content\/uploads\/2020\/02\/DSC07560-300x200.jpg\" class=\"attachment-medium size-medium\" alt=\"\" srcset=\"https:\/\/www.radiopiu.net\/wordpress\/wp-content\/uploads\/2020\/02\/DSC07560-300x200.jpg 300w, https:\/\/www.radiopiu.net\/wordpress\/wp-content\/uploads\/2020\/02\/DSC07560-1024x683.jpg 1024w, https:\/\/www.radiopiu.net\/wordpress\/wp-content\/uploads\/2020\/02\/DSC07560-768x512.jpg 768w, https:\/\/www.radiopiu.net\/wordpress\/wp-content\/uploads\/2020\/02\/DSC07560.jpg 1400w\" sizes=\"auto, (max-width: 300px) 100vw, 300px\" \/><\/a>\n\t\t\t\t<\/dt><\/dl><br style=\"clear: both\" \/><dl class='gallery-item'>\n\t\t\t\t<dt class='gallery-icon landscape'>\n\t\t\t\t\t<a class=\"rollover\" href='https:\/\/www.radiopiu.net\/wordpress\/dsc07564\/'><img loading=\"lazy\" decoding=\"async\" width=\"300\" height=\"200\" src=\"https:\/\/www.radiopiu.net\/wordpress\/wp-content\/uploads\/2020\/02\/DSC07564-300x200.jpg\" class=\"attachment-medium size-medium\" alt=\"\" srcset=\"https:\/\/www.radiopiu.net\/wordpress\/wp-content\/uploads\/2020\/02\/DSC07564-300x200.jpg 300w, https:\/\/www.radiopiu.net\/wordpress\/wp-content\/uploads\/2020\/02\/DSC07564-1024x683.jpg 1024w, https:\/\/www.radiopiu.net\/wordpress\/wp-content\/uploads\/2020\/02\/DSC07564-768x513.jpg 768w, https:\/\/www.radiopiu.net\/wordpress\/wp-content\/uploads\/2020\/02\/DSC07564.jpg 1500w\" sizes=\"auto, (max-width: 300px) 100vw, 300px\" \/><\/a>\n\t\t\t\t<\/dt><\/dl><dl class='gallery-item'>\n\t\t\t\t<dt class='gallery-icon landscape'>\n\t\t\t\t\t<a class=\"rollover\" href='https:\/\/www.radiopiu.net\/wordpress\/dsc07580\/'><img loading=\"lazy\" decoding=\"async\" width=\"300\" height=\"200\" src=\"https:\/\/www.radiopiu.net\/wordpress\/wp-content\/uploads\/2020\/02\/DSC07580-300x200.jpg\" class=\"attachment-medium size-medium\" alt=\"\" srcset=\"https:\/\/www.radiopiu.net\/wordpress\/wp-content\/uploads\/2020\/02\/DSC07580-300x200.jpg 300w, https:\/\/www.radiopiu.net\/wordpress\/wp-content\/uploads\/2020\/02\/DSC07580-1024x683.jpg 1024w, https:\/\/www.radiopiu.net\/wordpress\/wp-content\/uploads\/2020\/02\/DSC07580-768x513.jpg 768w, https:\/\/www.radiopiu.net\/wordpress\/wp-content\/uploads\/2020\/02\/DSC07580.jpg 1500w\" sizes=\"auto, (max-width: 300px) 100vw, 300px\" \/><\/a>\n\t\t\t\t<\/dt><\/dl><dl class='gallery-item'>\n\t\t\t\t<dt class='gallery-icon landscape'>\n\t\t\t\t\t<a class=\"rollover\" href='https:\/\/www.radiopiu.net\/wordpress\/dsc07637\/'><img loading=\"lazy\" decoding=\"async\" width=\"300\" height=\"200\" src=\"https:\/\/www.radiopiu.net\/wordpress\/wp-content\/uploads\/2020\/02\/DSC07637-300x200.jpg\" class=\"attachment-medium size-medium\" alt=\"\" srcset=\"https:\/\/www.radiopiu.net\/wordpress\/wp-content\/uploads\/2020\/02\/DSC07637-300x200.jpg 300w, https:\/\/www.radiopiu.net\/wordpress\/wp-content\/uploads\/2020\/02\/DSC07637-1024x683.jpg 1024w, https:\/\/www.radiopiu.net\/wordpress\/wp-content\/uploads\/2020\/02\/DSC07637-768x513.jpg 768w, https:\/\/www.radiopiu.net\/wordpress\/wp-content\/uploads\/2020\/02\/DSC07637.jpg 1500w\" sizes=\"auto, (max-width: 300px) 100vw, 300px\" \/><\/a>\n\t\t\t\t<\/dt><\/dl><br style=\"clear: both\" \/><dl class='gallery-item'>\n\t\t\t\t<dt class='gallery-icon landscape'>\n\t\t\t\t\t<a class=\"rollover\" href='https:\/\/www.radiopiu.net\/wordpress\/dsc07674\/'><img loading=\"lazy\" decoding=\"async\" width=\"300\" height=\"200\" src=\"https:\/\/www.radiopiu.net\/wordpress\/wp-content\/uploads\/2020\/02\/DSC07674-300x200.jpg\" class=\"attachment-medium size-medium\" alt=\"\" srcset=\"https:\/\/www.radiopiu.net\/wordpress\/wp-content\/uploads\/2020\/02\/DSC07674-300x200.jpg 300w, https:\/\/www.radiopiu.net\/wordpress\/wp-content\/uploads\/2020\/02\/DSC07674-1024x683.jpg 1024w, https:\/\/www.radiopiu.net\/wordpress\/wp-content\/uploads\/2020\/02\/DSC07674-768x513.jpg 768w, https:\/\/www.radiopiu.net\/wordpress\/wp-content\/uploads\/2020\/02\/DSC07674.jpg 1500w\" sizes=\"auto, (max-width: 300px) 100vw, 300px\" \/><\/a>\n\t\t\t\t<\/dt><\/dl>\n\t\t\t\t<br style='clear: both' \/>\n\t\t\t<\/div>\n\n<p>&nbsp;<\/p>\n<p>&nbsp;<\/p>\n<p>&nbsp;<\/p>\n<hr \/>\n<p>&nbsp;<\/p>\n<p>&nbsp;<\/p>\n<p>&nbsp;<\/p>\n<p>&nbsp;<\/p>\n<h1><span style=\"color: #ff0000;\">DALLA CGIA DI MESTRE\u00a0<\/span><\/h1>\n<blockquote class=\"wp-embedded-content\" data-secret=\"DwrRXIQnVR\"><p><a href=\"https:\/\/www.radiopiu.net\/wordpress\/veneto-quasi-4-neo-assunti-su-10-non-si-trovano\/\">VENETO: QUASI 4 NEO ASSUNTI SU 10 NON SI \u201cTROVANO\u201d<\/a><\/p><\/blockquote>\n<p><iframe loading=\"lazy\" title=\"&#8220;VENETO: QUASI 4 NEO ASSUNTI SU 10 NON SI \u201cTROVANO\u201d&#8221; &#8212; Radio Pi\u00f9\" class=\"wp-embedded-content\" sandbox=\"allow-scripts\" security=\"restricted\" style=\"position: absolute; clip: rect(1px, 1px, 1px, 1px);\" src=\"https:\/\/www.radiopiu.net\/wordpress\/veneto-quasi-4-neo-assunti-su-10-non-si-trovano\/embed\/#?secret=DwrRXIQnVR\" data-secret=\"DwrRXIQnVR\" width=\"600\" height=\"338\" frameborder=\"0\" marginwidth=\"0\" marginheight=\"0\" scrolling=\"no\"><\/iframe><\/p>\n<p>&nbsp;<\/p>\n<p>&nbsp;<\/p>\n<hr \/>\n<p>&nbsp;<\/p>\n<p>&nbsp;<\/p>\n<blockquote>\n<h2>Cosa vuol dire vivere a Gaza?<\/h2>\n<\/blockquote>\n<p><strong>BELLUNO<\/strong> Lo spiegher\u00e0\u00a0 chi quotidianamente si ritrova in una realt\u00e0 in precario equilibrio.\u00a0 Gioved\u00ec 27 febbraio alle 18.30 presso la Sala Luciani a Belluno. Interverranno Fabio Zampieri Presidente Cri comitato di Belluno, Pietro Orlandi del comitato internazionale delegato per la sicurezza, Valentina Sommacal\u00a0 esperta di cooperazione internazionale. Moderatrice Romana Da Via della Cri Belluno.<\/p>\n<p><a class=\"dt-pswp-item\" href=\"https:\/\/www.radiopiu.net\/wordpress\/wp-content\/uploads\/2020\/02\/86727281_2901855049881988_5262853397517697024_o.jpg\" data-dt-img-description=\"\" data-large_image_width=\"679\" data-large_image_height=\"960\"><img loading=\"lazy\" decoding=\"async\" class=\"alignnone wp-image-117829\" src=\"https:\/\/www.radiopiu.net\/wordpress\/wp-content\/uploads\/2020\/02\/86727281_2901855049881988_5262853397517697024_o-212x300.jpg\" alt=\"\" width=\"288\" height=\"407\" srcset=\"https:\/\/www.radiopiu.net\/wordpress\/wp-content\/uploads\/2020\/02\/86727281_2901855049881988_5262853397517697024_o-212x300.jpg 212w, https:\/\/www.radiopiu.net\/wordpress\/wp-content\/uploads\/2020\/02\/86727281_2901855049881988_5262853397517697024_o.jpg 679w\" sizes=\"auto, (max-width: 288px) 100vw, 288px\" \/><\/a><\/p>\n<p>&nbsp;<\/p>\n<p>&nbsp;<\/p>\n<hr \/>\n<p>&nbsp;<\/p>\n<p>&nbsp;<\/p>\n<p>&nbsp;<\/p>\n<blockquote>\n<h3>AD ALLEGHE 250 RAGAZZI DISABILI \u00a0ASSIEME AI CAMPIONI DI MOTOCROSS<\/h3>\n<\/blockquote>\n<h2><span class=\"\"><a class=\"dt-pswp-item\" href=\"https:\/\/www.radiopiu.net\/wordpress\/wp-content\/uploads\/2020\/02\/SledTerapia_Alleghe-2-scaled.jpg\" data-dt-img-description=\"\" data-large_image_width=\"2560\" data-large_image_height=\"1440\"><img loading=\"lazy\" decoding=\"async\" class=\"size-medium wp-image-117501 alignleft\" src=\"https:\/\/www.radiopiu.net\/wordpress\/wp-content\/uploads\/2020\/02\/SledTerapia_Alleghe-2-300x169.jpg\" alt=\"\" width=\"300\" height=\"169\" srcset=\"https:\/\/www.radiopiu.net\/wordpress\/wp-content\/uploads\/2020\/02\/SledTerapia_Alleghe-2-300x169.jpg 300w, https:\/\/www.radiopiu.net\/wordpress\/wp-content\/uploads\/2020\/02\/SledTerapia_Alleghe-2-1024x576.jpg 1024w, https:\/\/www.radiopiu.net\/wordpress\/wp-content\/uploads\/2020\/02\/SledTerapia_Alleghe-2-768x432.jpg 768w, https:\/\/www.radiopiu.net\/wordpress\/wp-content\/uploads\/2020\/02\/SledTerapia_Alleghe-2-1536x864.jpg 1536w, https:\/\/www.radiopiu.net\/wordpress\/wp-content\/uploads\/2020\/02\/SledTerapia_Alleghe-2-2048x1152.jpg 2048w\" sizes=\"auto, (max-width: 300px) 100vw, 300px\" \/><\/a><\/span><\/h2>\n<h2><\/h2>\n<h2><\/h2>\n<h2>ALLEGHE<\/h2>\n<h2>DI GIANNI SANTOMASO<\/h2>\n<audio class=\"wp-audio-shortcode\" id=\"audio-117819-8\" preload=\"none\" style=\"width: 100%;\" controls=\"controls\"><source type=\"audio\/mpeg\" src=\"https:\/\/www.radiopiu.net\/wordpress\/wp-content\/uploads\/2020\/02\/gianni-alleghe.mp3?_=8\" \/><a href=\"https:\/\/www.radiopiu.net\/wordpress\/wp-content\/uploads\/2020\/02\/gianni-alleghe.mp3\">https:\/\/www.radiopiu.net\/wordpress\/wp-content\/uploads\/2020\/02\/gianni-alleghe.mp3<\/a><\/audio>\n<p>&nbsp;<\/p>\n<p>&nbsp;<\/p>\n<hr \/>\n<p>&nbsp;<\/p>\n<p>&nbsp;<\/p>\n<p>&nbsp;<\/p>\n<blockquote>\n<h2>UN GRAN CARNEVALE A RIVAMONTE: IL RITORNO<\/h2>\n<\/blockquote>\n<p><strong>DI GIANNI SANTOMASO<\/strong><\/p>\n<audio class=\"wp-audio-shortcode\" id=\"audio-117819-9\" preload=\"none\" style=\"width: 100%;\" controls=\"controls\"><source type=\"audio\/mpeg\" src=\"https:\/\/www.radiopiu.net\/wordpress\/wp-content\/uploads\/2020\/02\/gianni-carnevale.mp3?_=9\" \/><a href=\"https:\/\/www.radiopiu.net\/wordpress\/wp-content\/uploads\/2020\/02\/gianni-carnevale.mp3\">https:\/\/www.radiopiu.net\/wordpress\/wp-content\/uploads\/2020\/02\/gianni-carnevale.mp3<\/a><\/audio>\n<p>&nbsp;<\/p>\n<p>&nbsp;<\/p>\n<p>&#8220;I barele da oltach&#8221; vincitori del primo concorso del carneval de riva augurano a Radio Pi\u00f9 una buona settimana<\/p>\n<p><a class=\"dt-pswp-item\" href=\"https:\/\/www.radiopiu.net\/wordpress\/wp-content\/uploads\/2020\/02\/56da5b5b-1e16-4502-9400-a224aaad8f80-1.jpg\" data-dt-img-description=\"\" data-large_image_width=\"1600\" data-large_image_height=\"1200\"><img loading=\"lazy\" decoding=\"async\" class=\"alignnone size-medium wp-image-117894\" src=\"https:\/\/www.radiopiu.net\/wordpress\/wp-content\/uploads\/2020\/02\/56da5b5b-1e16-4502-9400-a224aaad8f80-1-300x225.jpg\" alt=\"\" width=\"300\" height=\"225\" srcset=\"https:\/\/www.radiopiu.net\/wordpress\/wp-content\/uploads\/2020\/02\/56da5b5b-1e16-4502-9400-a224aaad8f80-1-300x225.jpg 300w, https:\/\/www.radiopiu.net\/wordpress\/wp-content\/uploads\/2020\/02\/56da5b5b-1e16-4502-9400-a224aaad8f80-1-1024x768.jpg 1024w, https:\/\/www.radiopiu.net\/wordpress\/wp-content\/uploads\/2020\/02\/56da5b5b-1e16-4502-9400-a224aaad8f80-1-768x576.jpg 768w, https:\/\/www.radiopiu.net\/wordpress\/wp-content\/uploads\/2020\/02\/56da5b5b-1e16-4502-9400-a224aaad8f80-1-1536x1152.jpg 1536w, https:\/\/www.radiopiu.net\/wordpress\/wp-content\/uploads\/2020\/02\/56da5b5b-1e16-4502-9400-a224aaad8f80-1.jpg 1600w\" sizes=\"auto, (max-width: 300px) 100vw, 300px\" \/><\/a><\/p>\n<p>&nbsp;<\/p>\n<hr \/>\n<p>&nbsp;<\/p>\n<p>&nbsp;<\/p>\n<p>&nbsp;<\/p>\n<h1><span style=\"color: #ff0000;\">VIDEO, FOTO E DIRETTA<\/span><\/h1>\n<blockquote class=\"wp-embedded-content\" data-secret=\"OdYO094pSZ\"><p><a href=\"https:\/\/www.radiopiu.net\/wordpress\/carnevale-a-rivamonte-agordino-foto-e-video\/\">CARNEVALE A RIVAMONTE AGORDINO. FOTO E VIDEO.<\/a><\/p><\/blockquote>\n<p><iframe loading=\"lazy\" title=\"&#8220;CARNEVALE A RIVAMONTE AGORDINO. FOTO E VIDEO.&#8221; &#8212; Radio Pi\u00f9\" class=\"wp-embedded-content\" sandbox=\"allow-scripts\" security=\"restricted\" style=\"position: absolute; clip: rect(1px, 1px, 1px, 1px);\" src=\"https:\/\/www.radiopiu.net\/wordpress\/carnevale-a-rivamonte-agordino-foto-e-video\/embed\/#?secret=OdYO094pSZ\" data-secret=\"OdYO094pSZ\" width=\"600\" height=\"338\" frameborder=\"0\" marginwidth=\"0\" marginheight=\"0\" scrolling=\"no\"><\/iframe><\/p>\n<p>&nbsp;<\/p>\n<p>&nbsp;<\/p>\n<hr \/>\n<p>&nbsp;<\/p>\n<p>&nbsp;<\/p>\n<p>&nbsp;<\/p>\n<p>&nbsp;<\/p>\n<blockquote class=\"wp-embedded-content\" data-secret=\"5hbQ2z8ZRD\"><p><a href=\"https:\/\/www.radiopiu.net\/wordpress\/dal-carnevale-di-sedico\/\">DAL CARNEVALE DI SEDICO<\/a><\/p><\/blockquote>\n<p><iframe loading=\"lazy\" title=\"&#8220;DAL CARNEVALE DI SEDICO&#8221; &#8212; Radio Pi\u00f9\" class=\"wp-embedded-content\" sandbox=\"allow-scripts\" security=\"restricted\" style=\"position: absolute; clip: rect(1px, 1px, 1px, 1px);\" src=\"https:\/\/www.radiopiu.net\/wordpress\/dal-carnevale-di-sedico\/embed\/#?secret=5hbQ2z8ZRD\" data-secret=\"5hbQ2z8ZRD\" width=\"600\" height=\"338\" frameborder=\"0\" marginwidth=\"0\" marginheight=\"0\" scrolling=\"no\"><\/iframe><\/p>\n<p>&nbsp;<\/p>\n<p>&nbsp;<\/p>\n<p>&nbsp;<\/p>\n<p>&nbsp;<\/p>\n<hr \/>\n<p>&nbsp;<\/p>\n<blockquote>\n<h3>I RACCONTI DI PAOLO SOPPELSA DECIMA PUNTATA<\/h3>\n<\/blockquote>\n<h3>RADICI DOLOMITICHE<\/h3>\n<p>AUDIO<\/p>\n<audio class=\"wp-audio-shortcode\" id=\"audio-117819-10\" preload=\"none\" style=\"width: 100%;\" controls=\"controls\"><source type=\"audio\/mpeg\" src=\"https:\/\/www.radiopiu.net\/wordpress\/wp-content\/uploads\/2020\/02\/PAOLO-DIECI.mp3?_=10\" \/><a href=\"https:\/\/www.radiopiu.net\/wordpress\/wp-content\/uploads\/2020\/02\/PAOLO-DIECI.mp3\">https:\/\/www.radiopiu.net\/wordpress\/wp-content\/uploads\/2020\/02\/PAOLO-DIECI.mp3<\/a><\/audio>\n<p><a class=\"dt-pswp-item\" href=\"https:\/\/www.radiopiu.net\/wordpress\/wp-content\/uploads\/2020\/02\/WhatsApp-Image-2020-02-16-at-17.32.33.jpeg\" data-dt-img-description=\"\" data-large_image_width=\"1080\" data-large_image_height=\"810\"><img loading=\"lazy\" decoding=\"async\" class=\" wp-image-117807 alignleft\" src=\"https:\/\/www.radiopiu.net\/wordpress\/wp-content\/uploads\/2020\/02\/WhatsApp-Image-2020-02-16-at-17.32.33-300x225.jpeg\" alt=\"\" width=\"253\" height=\"190\" srcset=\"https:\/\/www.radiopiu.net\/wordpress\/wp-content\/uploads\/2020\/02\/WhatsApp-Image-2020-02-16-at-17.32.33-300x225.jpeg 300w, https:\/\/www.radiopiu.net\/wordpress\/wp-content\/uploads\/2020\/02\/WhatsApp-Image-2020-02-16-at-17.32.33-1024x768.jpeg 1024w, https:\/\/www.radiopiu.net\/wordpress\/wp-content\/uploads\/2020\/02\/WhatsApp-Image-2020-02-16-at-17.32.33-768x576.jpeg 768w, https:\/\/www.radiopiu.net\/wordpress\/wp-content\/uploads\/2020\/02\/WhatsApp-Image-2020-02-16-at-17.32.33.jpeg 1080w\" sizes=\"auto, (max-width: 253px) 100vw, 253px\" \/><\/a>Succede. Anche le radici hanno una voce. E sanno chiamare. Pu\u00f2 accadere in una serata qualunque. Magari mentre stai percorrendo la S.R. 203 Agordina in direzione Cencenighe. Guidando assorto nei pensieri quotidiani leggi i cartelli con i nomi di frazioni e paesi. Mentalmente li ripeti, con la pronuncia originale. RadioPi\u00f9, in sottofondo, snocciola pubblicit\u00e0 in dialetto. Sembra di essere a casa. Questa \u00e8 la lingua in cui pensi, ci\u00f2 che esprimi a voce, fuori di questa valle, \u00e8 traduzione simultanea. Intanto rifletti che sei nato nel paese appena attraversato. All&#8217;ombra delle cime di San Sebastiano, che in quei giorni d&#8217;estate, tua madre ammirava al tramonto dalle finestre dell&#8217; ospedale. Paesi cos\u00ec vicini a Belluno, dove abiti, eppure cos\u00ec diversi. Luoghi che hai amato e poi messo per un p\u00f2 da parte. Ed ora ripresi in mano. &#8220;E te li senti dentro quei legami, i riti antichi e i miti del passato, e te li senti dentro come mani, ma non comprendi pi\u00f9 il significato&#8230;&#8221; Cos\u00ec cantava Guccini nella canzone &#8220;Radici&#8221;. Anche tu fatichi a comprendere, ma le radici le senti dentro. Sono quelle che ti tengono ben saldo nella tua terra. Che ti chiamano. E che, nei momenti liberi, ti fanno salire in macchina ed andare \u201cin su\u201d. Appena sceso dall&#8217; auto ascolti i suoni che il paese ti propone. Il canto del Biois, i ritocchi delle campane. Il soffio del vento, diverso da quello di Belluno. Fuori della birreria in piazza due persone stanno parlando. Ascolti il fluire cantilenante del dialetto agordino, quello che hai sempre parlato in casa e che credi di aver un p\u00f2 perso col tempo. Ti chiedi dov&#8217; \u00e8 la luna stasera, a colpo sicuro la vedi fra le montagne. Ti sai orientare bene fra quelle cime. Ne conosci i nomi e, nel tempo, le hai salite tutte. Mentre apri casa, pensi che rinchiuso in questa valle ci sia tutto ci\u00f2 che serve per vivere felice. Sei sempre pi\u00f9 convinto che le radici sappiano quando e come chiamarti. &#8220;&#8230;e tu ricerchi l\u00e0 le tue radici, se vuoi capire l&#8217;anima che hai&#8230;&#8221; Cos\u00ec cantava ancora Guccini. E mai parole furono pi\u00f9 vere.<\/p>\n<p>&nbsp;<\/p>\n<p>&nbsp;<\/p>\n<p>&nbsp;<\/p>\n<hr \/>\n<p>&nbsp;<\/p>\n<blockquote class=\"wp-embedded-content\" data-secret=\"jRkpaU4Fif\"><p><a href=\"https:\/\/www.radiopiu.net\/wordpress\/decorazione-al-prete-degli-alpini-don-pietro-zangrando-di-perarolo-di-renato-bona\/\">DECORAZIONE AL \u201cPRETE DEGLI ALPINI\u201d DON PIETRO ZANGRANDO DI PERAROLO di RENATO BONA<\/a><\/p><\/blockquote>\n<p><iframe loading=\"lazy\" title=\"&#8220;DECORAZIONE AL \u201cPRETE DEGLI ALPINI\u201d DON PIETRO ZANGRANDO DI PERAROLO di RENATO BONA&#8221; &#8212; Radio Pi\u00f9\" class=\"wp-embedded-content\" sandbox=\"allow-scripts\" security=\"restricted\" style=\"position: absolute; clip: rect(1px, 1px, 1px, 1px);\" src=\"https:\/\/www.radiopiu.net\/wordpress\/decorazione-al-prete-degli-alpini-don-pietro-zangrando-di-perarolo-di-renato-bona\/embed\/#?secret=jRkpaU4Fif\" data-secret=\"jRkpaU4Fif\" width=\"600\" height=\"338\" frameborder=\"0\" marginwidth=\"0\" marginheight=\"0\" scrolling=\"no\"><\/iframe><\/p>\n<p>&nbsp;<\/p>\n<p>&nbsp;<\/p>\n<p>&nbsp;<\/p>\n<hr \/>\n<p>&nbsp;<\/p>\n<p>&nbsp;<\/p>\n<p>&nbsp;<\/p>\n<p>&nbsp;<\/p>\n<blockquote>\n<h3>14 AGORDINI IN CANADA PER IL FONDO<\/h3>\n<\/blockquote>\n<h3 style=\"text-align: left;\"><a class=\"dt-pswp-item\" href=\"https:\/\/www.radiopiu.net\/wordpress\/wp-content\/uploads\/2020\/02\/WhatsApp-Image-2020-02-16-at-13.50.16.jpeg\" data-dt-img-description=\"\" data-large_image_width=\"1600\" data-large_image_height=\"1238\"><img loading=\"lazy\" decoding=\"async\" class=\"wp-image-117721 alignleft\" src=\"https:\/\/www.radiopiu.net\/wordpress\/wp-content\/uploads\/2020\/02\/WhatsApp-Image-2020-02-16-at-13.50.16-1024x792.jpeg\" alt=\"\" width=\"319\" height=\"247\" srcset=\"https:\/\/www.radiopiu.net\/wordpress\/wp-content\/uploads\/2020\/02\/WhatsApp-Image-2020-02-16-at-13.50.16-1024x792.jpeg 1024w, https:\/\/www.radiopiu.net\/wordpress\/wp-content\/uploads\/2020\/02\/WhatsApp-Image-2020-02-16-at-13.50.16-300x232.jpeg 300w, https:\/\/www.radiopiu.net\/wordpress\/wp-content\/uploads\/2020\/02\/WhatsApp-Image-2020-02-16-at-13.50.16-768x594.jpeg 768w, https:\/\/www.radiopiu.net\/wordpress\/wp-content\/uploads\/2020\/02\/WhatsApp-Image-2020-02-16-at-13.50.16-1536x1188.jpeg 1536w, https:\/\/www.radiopiu.net\/wordpress\/wp-content\/uploads\/2020\/02\/WhatsApp-Image-2020-02-16-at-13.50.16.jpeg 1600w\" sizes=\"auto, (max-width: 319px) 100vw, 319px\" \/><\/a><\/h3>\n<h3><\/h3>\n<h3 style=\"text-align: left;\">14 gli agordini\u00a0 hanno partecipato alla Gatineau Lopet e\u00a0 hanno concluso la loro gara in Canada.<\/h3>\n<p>&nbsp;<\/p>\n<p>&nbsp;<\/p>\n<p>&nbsp;<\/p>\n<p>&nbsp;<\/p>\n<p>&nbsp;<\/p>\n<p>&nbsp;<\/p>\n<p><strong>WILLIAM DA ROIT CHE HA CORSO LA GARA DI LUNGA DISTANZA<\/strong><\/p>\n<audio class=\"wp-audio-shortcode\" id=\"audio-117819-11\" preload=\"none\" style=\"width: 100%;\" controls=\"controls\"><source type=\"audio\/mpeg\" src=\"https:\/\/www.radiopiu.net\/wordpress\/wp-content\/uploads\/2020\/02\/WILLIAM-DA-ROIT-GATINEAU-LOPET.mp3?_=11\" \/><a href=\"https:\/\/www.radiopiu.net\/wordpress\/wp-content\/uploads\/2020\/02\/WILLIAM-DA-ROIT-GATINEAU-LOPET.mp3\">https:\/\/www.radiopiu.net\/wordpress\/wp-content\/uploads\/2020\/02\/WILLIAM-DA-ROIT-GATINEAU-LOPET.mp3<\/a><\/audio>\n<p>&nbsp;<\/p>\n<p>&nbsp;<\/p>\n<hr \/>\n<p>&nbsp;<\/p>\n<p>&nbsp;<\/p>\n<blockquote>\n<h1><span style=\"color: #ff0000;\">LA QUARTA PUNTATA\u00a0<\/span><\/h1>\n<\/blockquote>\n<blockquote class=\"wp-embedded-content\" data-secret=\"DYictLKLFE\"><p><a href=\"https:\/\/www.radiopiu.net\/wordpress\/sis\/\">QUARTA  PUNTATA, SIMONE GARAVANA, DUE ANNI  PER SCOPRIRE IL MONDO<\/a><\/p><\/blockquote>\n<p><iframe loading=\"lazy\" title=\"&#8220;QUARTA  PUNTATA, SIMONE GARAVANA, DUE ANNI  PER SCOPRIRE IL MONDO&#8221; &#8212; Radio Pi\u00f9\" class=\"wp-embedded-content\" sandbox=\"allow-scripts\" security=\"restricted\" style=\"position: absolute; clip: rect(1px, 1px, 1px, 1px);\" src=\"https:\/\/www.radiopiu.net\/wordpress\/sis\/embed\/#?secret=DYictLKLFE\" data-secret=\"DYictLKLFE\" width=\"600\" height=\"338\" frameborder=\"0\" marginwidth=\"0\" marginheight=\"0\" scrolling=\"no\"><\/iframe><\/p>\n<p>&nbsp;<\/p>\n<p>&nbsp;<\/p>\n<hr \/>\n<p>&nbsp;<\/p>\n<p>&nbsp;<\/p>\n<p><a class=\"dt-pswp-item\" href=\"https:\/\/www.radiopiu.net\/wordpress\/wp-content\/uploads\/2018\/09\/appuntamenti.jpeg\" data-dt-img-description=\"\" data-large_image_width=\"800\" data-large_image_height=\"100\"><img loading=\"lazy\" decoding=\"async\" class=\"alignnone wp-image-61958 size-full\" src=\"https:\/\/www.radiopiu.net\/wordpress\/wp-content\/uploads\/2018\/09\/appuntamenti.jpeg\" alt=\"\" width=\"800\" height=\"100\" srcset=\"https:\/\/www.radiopiu.net\/wordpress\/wp-content\/uploads\/2018\/09\/appuntamenti.jpeg 800w, https:\/\/www.radiopiu.net\/wordpress\/wp-content\/uploads\/2018\/09\/appuntamenti-300x38.jpeg 300w, https:\/\/www.radiopiu.net\/wordpress\/wp-content\/uploads\/2018\/09\/appuntamenti-768x96.jpeg 768w\" sizes=\"auto, (max-width: 800px) 100vw, 800px\" \/><\/a><\/p>\n<p>&nbsp;<\/p>\n<blockquote>\n<h3><a class=\"dt-pswp-item\" href=\"https:\/\/www.radiopiu.net\/wordpress\/wp-content\/uploads\/2020\/02\/db6b78f0-c3ee-4be0-8d49-396955cd04d3.jpg\" data-dt-img-description=\"\" data-large_image_width=\"432\" data-large_image_height=\"768\"><img loading=\"lazy\" decoding=\"async\" class=\"size-medium wp-image-117413 alignleft\" src=\"https:\/\/www.radiopiu.net\/wordpress\/wp-content\/uploads\/2020\/02\/db6b78f0-c3ee-4be0-8d49-396955cd04d3-169x300.jpg\" alt=\"\" width=\"169\" height=\"300\" srcset=\"https:\/\/www.radiopiu.net\/wordpress\/wp-content\/uploads\/2020\/02\/db6b78f0-c3ee-4be0-8d49-396955cd04d3-169x300.jpg 169w, https:\/\/www.radiopiu.net\/wordpress\/wp-content\/uploads\/2020\/02\/db6b78f0-c3ee-4be0-8d49-396955cd04d3.jpg 432w\" sizes=\"auto, (max-width: 169px) 100vw, 169px\" \/><\/a>CON CORRADO CATTADORI, C&#8217;ERA UNA VOLTA AGORDO. con il circolo fotografico GIGIA DE NARDIN<\/h3>\n<\/blockquote>\n<p><strong>AGORDO<\/strong> Una proposta del Circolo fotografico agordino Gigia De Nardin per domani\u00a0 alle\u00a0 20,30 alla palestra delle scuole piano inferiore in Viale Sommariva ad Agordo, ingresso gratuito.\u00a0 Corrado Cattadori\u00a0 attraverso le immagini di un tempo racconert\u00e0 la Vecchia Agordo. La Grande guerra, il Carnevale, la sagra patronale dei santi Pietro e Paolo, l&#8217;inaugurazione della ferrovia e molto altro.<\/p>\n<p>&nbsp;<\/p>\n<p>&nbsp;<\/p>\n<p>&nbsp;<\/p>\n<p>&nbsp;<\/p>\n<p>&nbsp;<\/p>\n<p>&nbsp;<\/p>\n<p>&nbsp;<\/p>\n<p>&nbsp;<\/p>\n<hr \/>\n<p>&nbsp;<\/p>\n<p>&nbsp;<\/p>\n<p>&nbsp;<\/p>\n<p><strong>FELTRE<\/strong> Un incontro \u201cplenario\u201d, a cui sono invitati tutti i commercianti della citt\u00e0 e del territorio comunale, segna il passo al percorso di condivisione sulle prospettive future delle politiche del commercio. L\u2019appuntamento \u00e8 fissato per domani \u00ec\u00a0 alle 20.30 presso la Casa dei Beni Comuni al campus \u201cTina Merlin\u201d di Borgo Ruga.<\/p>\n<p>&nbsp;<\/p>\n<p>&nbsp;<\/p>\n<p>&nbsp;<\/p>\n<hr \/>\n<p>&nbsp;<\/p>\n<blockquote><p><strong>IL 23 FEBBRAIO LA ZINGHENESTA A CANALE<\/strong><\/p><\/blockquote>\n<p><strong>CANALE D&#8217;AGORDO<\/strong> L&#8217;appuntamento per l&#8217;ottava edizione de &#8220;La Zinghenesta&#8221; \u00e8 per il 23 febbraio prossimo. Il carnevale tipico di Canale D&#8217;Agordo avr\u00e0 una giornata tutta dedicata che inizier\u00e0 alle 8 del mattino per concludere verso le 16:30 quando ci sar\u00e0 il &#8220;processo al carnevale&#8221;.<\/p>\n<p>&nbsp;<\/p>\n<hr \/>\n<p>&nbsp;<\/p>\n<blockquote><p><strong>EL CARNEVAL DEI BOCE A TAIBON<\/strong><\/p><\/blockquote>\n<p><strong>TAIBON<\/strong> Domenica 23 febbraio consueto appuntamento con la mascherata dalla piazza del Municipio (ritrovo alle 14) che sfiler\u00e0 fino alla Casa di Soggiorno per persone anziane dell&#8217;Agordino. Invitati grandi e piccini<\/p>\n<p>&nbsp;<\/p>\n<hr \/>\n<p>&nbsp;<\/p>\n<blockquote><p><strong>EL CARNEVAL DEI BOCE A TEMA<\/strong><\/p><\/blockquote>\n<p><strong>LA VALLE<\/strong> Il carnevale a La Valle Agordina \u00e8 in calendario per il 23 febbraio quest&#8217;annno a tema con &#8220;Ti sorridono i monti&#8221;. Alle 14 gran sfilata dalla piazza, 15.30 festa in piazza con merenda, giochi e balli. Premi alla maschera, coppia e gruppo pi\u00f9 a tema e premi al gruppo pi\u00f9 numeroso. In caso di maltempo l&#8217;evento si terr\u00e0 alle scuole. Organizza la proloco di La Valle.<\/p>\n<p>&nbsp;<\/p>\n<hr \/>\n<h2><\/h2>\n<p>&nbsp;<\/p>\n<p>&nbsp;<\/p>\n<p><a class=\"dt-pswp-item pspw-wrap-ready\" href=\"https:\/\/www.radiopiu.net\/wordpress\/wp-content\/uploads\/2018\/09\/viabilita.jpeg\" data-dt-img-description=\"\" data-large_image_width=\"800\" data-large_image_height=\"100\"><img loading=\"lazy\" decoding=\"async\" class=\"wp-image-61954 size-full aligncenter\" src=\"https:\/\/www.radiopiu.net\/wordpress\/wp-content\/uploads\/2018\/09\/viabilita.jpeg\" sizes=\"auto, (max-width: 800px) 100vw, 800px\" srcset=\"https:\/\/www.radiopiu.net\/wordpress\/wp-content\/uploads\/2018\/09\/viabilita.jpeg 800w, https:\/\/www.radiopiu.net\/wordpress\/wp-content\/uploads\/2018\/09\/viabilita-300x38.jpeg 300w, https:\/\/www.radiopiu.net\/wordpress\/wp-content\/uploads\/2018\/09\/viabilita-768x96.jpeg 768w\" alt=\"\" width=\"800\" height=\"100\" \/><\/a><\/p>\n<p>&nbsp;<\/p>\n<p>&nbsp;<\/p>\n<p><strong>563 di SALESEI tra PIAN DI SALESEI E SALE CSEI\u00a0<\/strong> FINO AL 21 febbraio esclusi festivi e prefestivi INTERDIZIONE TOTALE AL TRAFFICO dalle 9 alle 17 per rimozione schianti. negli altri orari senso unico con semaforo<\/p>\n<p><strong>PONTE NELLE ALPI <\/strong><em>Fino al 27 marzo, il traffico della statale 50, all&#8217;altezza dell&#8217;innesto con via dei Zattieri (che verr\u00e0 chiusa), sar\u00e0 deviato nel tratto di nuova rotatoria realizzata all&#8217;interno dell&#8217;area ex Comedil.<\/em><\/p>\n<p>&nbsp;<\/p>\n<p>&nbsp;<\/p>\n<p><a class=\"dt-pswp-item\" href=\"https:\/\/www.radiopiu.net\/wordpress\/wp-content\/uploads\/2018\/09\/sport.jpg\" data-dt-img-description=\"\" data-large_image_width=\"800\" data-large_image_height=\"100\"><img loading=\"lazy\" decoding=\"async\" class=\"aligncenter wp-image-60761 size-full\" src=\"https:\/\/www.radiopiu.net\/wordpress\/wp-content\/uploads\/2018\/09\/sport.jpg\" alt=\"\" width=\"800\" height=\"100\" srcset=\"https:\/\/www.radiopiu.net\/wordpress\/wp-content\/uploads\/2018\/09\/sport.jpg 800w, https:\/\/www.radiopiu.net\/wordpress\/wp-content\/uploads\/2018\/09\/sport-300x38.jpg 300w, https:\/\/www.radiopiu.net\/wordpress\/wp-content\/uploads\/2018\/09\/sport-768x96.jpg 768w\" sizes=\"auto, (max-width: 800px) 100vw, 800px\" \/><\/a><\/p>\n<p>&nbsp;<\/p>\n<p>&nbsp;<\/p>\n<blockquote>\n<h3>DOROTHEA WIERER REGALA IL PRIMO ORO ALL\u2019ITALIA NEI MONDIALI DI ANTERSELVA<\/h3>\n<\/blockquote>\n<p class=\"p1\"><span class=\"s1\"><b><a class=\"dt-pswp-item\" href=\"https:\/\/www.radiopiu.net\/wordpress\/wp-content\/uploads\/2020\/02\/86703056_1481285678700872_4262327455810846720_o.jpg\" data-dt-img-description=\"\" data-large_image_width=\"2048\" data-large_image_height=\"1044\"><img loading=\"lazy\" decoding=\"async\" class=\" wp-image-117828 alignright\" src=\"https:\/\/www.radiopiu.net\/wordpress\/wp-content\/uploads\/2020\/02\/86703056_1481285678700872_4262327455810846720_o-300x153.jpg\" alt=\"\" width=\"396\" height=\"202\" srcset=\"https:\/\/www.radiopiu.net\/wordpress\/wp-content\/uploads\/2020\/02\/86703056_1481285678700872_4262327455810846720_o-300x153.jpg 300w, https:\/\/www.radiopiu.net\/wordpress\/wp-content\/uploads\/2020\/02\/86703056_1481285678700872_4262327455810846720_o-1024x522.jpg 1024w, https:\/\/www.radiopiu.net\/wordpress\/wp-content\/uploads\/2020\/02\/86703056_1481285678700872_4262327455810846720_o-768x392.jpg 768w, https:\/\/www.radiopiu.net\/wordpress\/wp-content\/uploads\/2020\/02\/86703056_1481285678700872_4262327455810846720_o-1536x783.jpg 1536w, https:\/\/www.radiopiu.net\/wordpress\/wp-content\/uploads\/2020\/02\/86703056_1481285678700872_4262327455810846720_o.jpg 2048w\" sizes=\"auto, (max-width: 396px) 100vw, 396px\" \/><\/a>DAL SITO FISI:<\/b> Dorothea Wierer certifica la sua leadership ai Mondiali di biathlon di casa, sulla pista che conosce come le sue tasche, e vince un oro nell&#8217;inseguimento che rappresenta la sua opera migliore, quella inseguita, voluta e vinta con grande carattere e una freddezza impressionante.<\/span><span class=\"s1\">L&#8217;arrivo di Dorothea \u00e8 un autentico trionfo, con lo stadio tutto per lei, che la campionessa di casa saluta ed omaggia a braccia alzate. Era il sogno di bambina che diventa oggi la pi\u00f9 splendida realt\u00e0.<\/span><span class=\"s1\">Partita settima dopo la sprint, Dorothea \u00e8 salita gradualmente grazie alla precisione e alla velocit\u00e0 al tiro e ad un fondo ordinato e potente.<\/span><span class=\"s1\">La rivale diretta, la norvegese Roiseland, tiene il passo fino all&#8217;ultimo poligono, un po&#8217; ventoso, che costringe Dorothea all&#8217;errore, subito pareggiato anche da un errore della norvegese. Poi l&#8217;ultimo tiro, quello decisivo. Dorothea si ferma, non azzarda il tiro. Ragiona e spara solo a colpo sicuro, centrando il bersaglio. Cosa che Roiseland non fa e neppure Herrmann, pericolosa nella sua rimonta. Cos\u00ec l&#8217;azzurra parte sola, verso il traguardo posto a soli due chilometri. Ed \u00e8 una cavalcata trionfale. Si capisce subito che non sar\u00e0 pi\u00f9 ripresa da nessuna, e cos\u00ec \u00e8. Come si dice, non ce n&#8217;\u00e8 per nessuno: Dorothea Wierer rivince l&#8217;inseguimento ad Anterselva, esattamente come un anno fa ai pre Mondiali, ma questa volta \u00e8 un trionfo che vale oro. E&#8217; il secondo titolo Mondiale individuale per Wierer, che vince con il pettorale giallo di leader della Coppa del mondo.<\/span><span class=\"s1\">Una campionessa assoluta, che era attesa, nella gara di casa, e che non ha tremato: anzi si \u00e8 esaltata ed ha fatto esultare tutta l&#8217;Italia tifosa e appassionata.<\/span><\/p>\n<p class=\"p1\"><span class=\"s1\"><b>Ordine d&#8217;arrivo inseguimento femminile Mondiali Anterselva:<\/b><\/span><\/p>\n<p class=\"p1\"><span class=\"s1\"><b>1. D. Wierer ITA 1 29&#8217;22&#8243;0<\/b><\/span><\/p>\n<p class=\"p1\"><span class=\"s1\">2. D. Herrmann 3 +9&#8243;5<\/span><\/p>\n<p class=\"p1\"><span class=\"s1\">3. M. Roiseland NOR 3 +13\u201d8<\/span><\/p>\n<p class=\"p1\"><span class=\"s1\"><b>27. L. Vittozzi ITA 3 +1&#8217;57&#8243;4<\/b><\/span><\/p>\n<p class=\"p1\"><span class=\"s1\"><b>33. F. Sanfilippo ITA 2 +2\u201931&#8243;8<\/b><\/span><\/p>\n<p>&nbsp;<\/p>\n<p class=\"p1\"><span class=\"s1\"><b>LE CONSIDERAZIONI DI MASSIMILIANO AMBESI, COMMENTATORE DI EUROSPORT<\/b><\/span><\/p>\n<audio class=\"wp-audio-shortcode\" id=\"audio-117819-12\" preload=\"none\" style=\"width: 100%;\" controls=\"controls\"><source type=\"audio\/mpeg\" src=\"https:\/\/www.radiopiu.net\/wordpress\/wp-content\/uploads\/2020\/02\/MAX-AMBESI-WIERER-MEDAGLIA-DORO.mp3?_=12\" \/><a href=\"https:\/\/www.radiopiu.net\/wordpress\/wp-content\/uploads\/2020\/02\/MAX-AMBESI-WIERER-MEDAGLIA-DORO.mp3\">https:\/\/www.radiopiu.net\/wordpress\/wp-content\/uploads\/2020\/02\/MAX-AMBESI-WIERER-MEDAGLIA-DORO.mp3<\/a><\/audio>\n<p>&nbsp;<\/p>\n<p>Sulla pagina Facebook di <a href=\"https:\/\/www.facebook.com\/massimiliano.ambesi\">MASSIMILIANO AMBESI<\/a> tutte le principali notizie sugli sport invernali<\/p>\n<p>&nbsp;<\/p>\n<hr \/>\n<h3><\/h3>\n<p>&nbsp;<\/p>\n<h3>CALCIO HOCKEY E VOLLEY&#8230;IL FINE SETTIMANA DELLE SQUADRE SEGUITE DA RADIO PIU&#8217;<\/h3>\n<blockquote>\n<h2 class=\"p1\"><span class=\"s1\" style=\"color: #ff0000;\"><b>CALCIO<\/b><\/span><\/h2>\n<\/blockquote>\n<p class=\"p1\"><span class=\"s1\"><b>PRIMA CATEGORIA<\/b><\/span><\/p>\n<p class=\"p1\"><span class=\"s1\">CAPPELLA MAGGIORE &#8211; FIORI BARP MAS 1-0<\/span><\/p>\n<p class=\"p1\"><span class=\"s1\">Il Fiori Barp Mas torna dalla trasferta trevigiana col Cappella Maggiore a bocca asciutta. 0 punti per la squadra di De Battista che perde di misura. A decidere la partita un eurogol di Del Puppo nella ripresa. Nonostante tutto la squadra di Mas rimane terza in classifica e in piena zona playoff. Per la prima volta in stagione la formazione allenata da De Battista non riesce a segnare un gol nei canonici 90\u2019.<\/span>Trevigiani che partono subito bene ma non riescono ad impensierire gli avversari. Prova a rispondere la squadra di Mas ma la partita sembra non volersi sbloccare. Al 12\u2019 Masoch ci prova ma il pallone viene bloccato dalla difesa del Cappella. La partita non regala grosse emozioni anche perch\u00e9 le squadre stentano a concludere in porta. Al 33\u2019 ci riprova Masoch ma il suo tiro a giro non entra. Anche Faran si fa vivo ma il Fiori Barp non riesce a trovare la rete. Nel finale di primo tempo i padroni di casa si fanno pericolosi ma si va a riposo a reti bianche. Nella ripresa la squadra di De Battista ingrana la marcia giusta ma i trevigiani si difendono bene. Al 55\u2019 il Cappella Maggiore sblocca la partita quando Del Puppo si trova smarcato, entra in area e, dopo essersi smarcato, con un tiro a giro spedisce il pallone sotto l\u2019incrocio. Sedicensi che accusano il colpo non trovando la tranquillit\u00e0 mentale. Nel finale di gara il Fiori Barp prova l\u2019assedio ma il portiere del Cappella sembra una saracinesca.<\/p>\n<p class=\"p1\"><span class=\"s1\"><b>ALLIEVI REGIONALI <\/b><\/span>UNION SAN GIORGIO &#8211; UNION QDP 2-4 <span class=\"s1\">Gli allievi dell\u2019Union San Giorgio non riescono ad imporsi su l\u2019Union QDP. I trevigiani calano il poker sul campo di Sedico e i sedicensi vanno a segno 2 volte, con Dal Mas e Pilotti. La squadra di Tormen perde la seconda partita del girone di ritorno del campionato regionale e rimane a 21 punti in classifica, a ridosso della zona salvezza. <\/span><\/p>\n<p class=\"p1\"><span class=\"s1\"><b>AMICHEVOLE TERZA CATEGORIA <\/b><\/span><span class=\"s1\">AGORDINA &#8211; LENTIAI 4-1 <\/span><span class=\"s1\">GOL AGORDINA: 2 Federico Fossen, Dal Don, Sibillon<\/span><\/p>\n<p class=\"p1\"><span class=\"s1\">L\u2019Agordina si aggiudica l\u2019amichevole pre girone di ritorno di Terza Categoria contro il Lentiai. Un test importante in vista degli impegni veri e propri che inizieranno con la prima domenica di marzo. Una partita in cui mister Lorenzi ha potuto testare la forma dei ragazzi e provare dei nuovi schemi. Poker degli agordini che vanno a segno con Federico Fossen il quale chiude la contesa con una doppietta. Gli altri due gol sono di Dal Don e Sibillon. Il Lentiai trova il gol della bandiera su calcio di rigore.<\/span><\/p>\n<blockquote>\n<h2 class=\"p1\"><span class=\"s1\" style=\"color: #ff0000;\"><b>HOCKEY<\/b><\/span><\/h2>\n<\/blockquote>\n<p class=\"p1\"><span class=\"s1\"><b>ITALIAN HOCKEY LEAGUE &#8211; QUALIFICATION ROUND<\/b><\/span><\/p>\n<p class=\"p1\"><span class=\"s1\">ALLEGHE &#8211; CALDARO 3-4 dot <\/span><span class=\"s1\">PARZIALI: 1-0, 2-2, 0-1, 0-1 <\/span><span class=\"s1\">GOL: pt. 12\u201916\u201d Kiviranta. st. 1\u201946\u201d e 12\u201937\u201d Felderer, 6\u201958\u201d Huovinen, 16\u201909\u201d Kiviranta. tt. 14\u201941\u201d De Don\u00e0. ot. 4\u201917\u201d Felderer<\/span><\/p>\n<p class=\"p1\"><span class=\"s1\">Il Caldaro espugna il De Toni di Alleghe all\u2019overtime dopo una partita in cui le civette avevano detto la loro. Una sfida strana quella valida per l\u2019ottava giornata del qualification round. Un continuo botta e risposta con gli altoatesini che hanno avuto la meglio grazie ad un Felderer in serata che va a segno 3 volte. Ora i biancorossi, per avere la matematica certezza di qualificarsi ai playoff, dovranno vincere nello scontro diretto di gioved\u00ec sera in trasferta contro l\u2019Unterland Cavaliers. <\/span><span class=\"s1\">Alleghe che inizia la partita con una doppia superiorit\u00e0 numerica che per\u00f2 non viene sfruttata a dovere. Il Caldaro sembra in difficolt\u00e0 e non riesce a creare occasioni degne di nota. Le civette iniziano ad ingranare la marcia giusta e riescono a sbloccare la sfida grazie a Kiviranta che, servito da De Toni, scappa in contropiede e a tu per tu con il golie altoatesino lo fredda. Seconda frazione che inizia con il pareggio del Caldaro. In panca puniti termina Huovinen e Felderer trova la rete dalla distanza. Alleghesi che rispondono poco dopo e Huovinen si fa perdonare siglando il 2 a 1 dopo pochi secondi di superiorit\u00e0 numerica. La partita viene condizionata da alcune scelte arbitrali e<span class=\"Apple-converted-space\">\u00a0 <\/span>gli ospiti pareggiano i conti ancora una volta con Felderer. Il gioco viene spezzettato pi\u00f9 volte e lo spettacolo stenta a decollare. A riportare in vantaggio gli agordini ci pensa di nuovo Kiviranta che approfitta di una disattenzione difensiva per siglare la doppietta personale. Terzo drittel pi\u00f9 piacevole con le squadre che giocano a viso aperto. Un vero e proprio botta e risposta tra le due compagini ma il gol non arriva. Nel momento migliore dell\u2019Alleghe, il Caldaro pareggia di nuovo i conti sfruttando il powerplay con De Don\u00e0. Si va all\u2019overtime dove Felderer chiude la sfida consegnando il punto aggiuntivo al Caldaro.<\/span><\/p>\n<p class=\"p1\"><span class=\"s1\"><b>UNDER 19 <\/b><\/span><span class=\"s1\">VAL PUSTERIA &#8211; ALLEGHE 5-3 <\/span><span class=\"s1\">PARZIALI: 1-0, 2-2, 2-1 <\/span><span class=\"s1\">GOL ALLEGHE: st. De Silvestro, Deluca. tt. Manfroi<\/span><\/p>\n<p class=\"p1\"><span class=\"s1\">Sconfitta in terra altoatesina per l\u2019under 19 alleghese che le prova tutte ma non riesce racimolare punti contro il Val Pusteria. Alleghe matematicamente fuori dai giochi che non riesce a qualificarsi per la fase finale del torneo. Prima frazione con i padroni di casa che passano in vantaggio dopo 13\u2019 di gioco. Nel drittel centrale l\u2019Alleghe pareggia subito i conti con De Silvestro ma i pusteresi allungano mettendo a segno altre 2 marcature. Sul finale di tempo ci pensa Deluca ad accorciare le distanze. Manfroi pareggia i conti ad inizio terzo tempo ma il Val Pusteria riesce a chiudere la partita mettendo a segno altre 2 marcature.<\/span><\/p>\n<p class=\"p1\"><span class=\"s1\"><b>UNDER 17 <\/b><\/span>VARESE &#8211; FASSA\/ALLEGHE 4-7 <span class=\"s1\">PARZIALI: 3-2, 1-3, 0-2 <\/span><span class=\"s1\">GOL FASSA\/ALLEGHE: pt. Voulfson, Angoletta. st. Martini, Ganz, Pezzei. tt. Martini, Dantone<\/span><\/p>\n<p class=\"p1\"><span class=\"s1\">Il Fassa\/Alleghe torna dalla trasferta in terra lombarda con 3 punti in saccoccia. Bella prestazione della squadra mista che a Varese vince in rimonta dopo che i padroni di casa erano passati in vantaggio, questo grazie anche agli ultimi 30\u2019 di gioco perfettamente gestiti dai fassani\/agordini. Nel primo tempo Voulfson e Angoletta siglano le prime due reti ospiti ma i padroni di casa chiudono la frazione in vantaggio. Varese che allunga ma il Fassa\/Alleghe risponde con Martini, Ganz e Pezzei. La squadra mista chiude il match nel terzo tempo con le reti di Martini e Dantone.<\/span><\/p>\n<p class=\"p1\"><span class=\"s1\"><b>UNDER 15 COPPA ITALIA <\/b><\/span><span class=\"s1\">ALLEGHE &#8211; VALLI DEL NOCE 2-22<\/span><\/p>\n<p class=\"p1\"><span class=\"s1\">Ancora una sonora sconfitta per gli alleghesi under 15 che nella partita di qualificazione alla Coppa Italia vengono sotterrati di gol dal Valli Del Noce. Solo 2 gol messi a segno dalle civette che tornano a casa con 22 gol in saccoccia e l\u2019ultima posizione in classifica nel girone.<\/span><\/p>\n<p class=\"p1\"><span class=\"s1\"><b>UNDER 13 <\/b><\/span><span class=\"s1\">CAMPIONATO FERMO<\/span><\/p>\n<blockquote>\n<h2 class=\"p1\"><span class=\"s1\" style=\"color: #ff0000;\"><b>VOLLEY<\/b><\/span><\/h2>\n<\/blockquote>\n<p class=\"p1\"><span class=\"s1\"><b>CAMPIONATO TERZA DIVISIONE <\/b><\/span><span class=\"s1\">VOLLEY CLUB AGORDINO &#8211; CASTION 3-2 <\/span><span class=\"s1\">PARZIALI: 19-25, 23-25, 25-21, 25-23, 15-9<\/span><\/p>\n<p class=\"p1\"><span class=\"s1\">Vittoria al tie break per il Volley Club Agordino contro il Castion. La squadra di Agordo fatica contro la terza forza del campionato ma riesce ad aggiungere 2 punti in classifica consolidando la prima posizione del torneo. Primi due set con il Castion che fa la voce grossa. Le ragazze di De Nardin si svegliano e riescono a portare al tie break la sfida dove vincono con un bel passivo.<\/span><\/p>\n<p class=\"p1\"><span class=\"s1\"><b>UNDER 16 TERZA DIVISIONE <\/b><\/span><span class=\"s1\">VOLLEY CLUB AGORDINO &#8211; TRICHIANA 1-3 <\/span><span class=\"s1\">PARZIALI: 25-23, 14-25, 21-25, 20-25<\/span><\/p>\n<p class=\"p1\"><span class=\"s1\">Ancora una sconfitta nella sfida di sabato sera per il Volley Club Agordino under 16 che non riesce ad impensierire il Trichiana. La squadra di Agordo parte bene vincendo il primo set ma poi crolla e lascia un\u2019autostrada alle avversarie che fanno un filotto chiudendo la contesa. Agordine in fondo alla classifica con 0 punti.<\/span><\/p>\n<p class=\"p1\"><span class=\"s1\">VOLLEY CLUB AGORDINO &#8211; TEAM SPES GIALLA 0-3 <\/span><span class=\"s1\">PARZIALI: 14-25, 12-25, 16-25<\/span><\/p>\n<p class=\"p1\"><span class=\"s1\">Nella seconda partita del fine settimana per le under 16, il Volley Club Agordino crolla contro il Team Giallo Spes che al Palarova di Agordo fa la voce grossa chiudendo la sfida con un secco 3 a 0. Poco da dire per una partita che ha visto praticamente solo una squadra in campo.<\/span><\/p>\n<p class=\"p1\"><span class=\"s1\"><b>UNDER 13<\/b><\/span><\/p>\n<p class=\"p1\"><span class=\"s1\">SANTA GIUSTINA &#8211; VOLLEY CLUB AGORDINO 4-0 <\/span><span class=\"s1\">PARZIALI:25-13, 25-16, 25-9, 25-17<\/span><\/p>\n<p class=\"p1\"><span class=\"s1\">Nella trasferta a Santa Giustina, le ragazze under 13 agordine non riescono ad incamerare i primi punti stagionali. Una disfatta per il Volley Club Agordino che perde tutti e 4 i set. Terza sconfitta consecutiva in altrettante partite giocate.<\/span><\/p>\n<p>&nbsp;<\/p>\n<p>&nbsp;<\/p>\n<p>&nbsp;<\/p>\n<hr \/>\n<p>&nbsp;<\/p>\n<p>&nbsp;<\/p>\n<h3 class=\"p1\"><span class=\"s1\"><b><a class=\"dt-pswp-item\" href=\"https:\/\/www.radiopiu.net\/wordpress\/wp-content\/uploads\/2019\/12\/LORENZO-BUSIN-2019-1.jpeg\" data-dt-img-description=\"\" data-large_image_width=\"1200\" data-large_image_height=\"1600\"><img loading=\"lazy\" decoding=\"async\" class=\"size-medium wp-image-110057 alignleft\" src=\"https:\/\/www.radiopiu.net\/wordpress\/wp-content\/uploads\/2019\/12\/LORENZO-BUSIN-2019-1-225x300.jpeg\" alt=\"\" width=\"225\" height=\"300\" srcset=\"https:\/\/www.radiopiu.net\/wordpress\/wp-content\/uploads\/2019\/12\/LORENZO-BUSIN-2019-1-225x300.jpeg 225w, https:\/\/www.radiopiu.net\/wordpress\/wp-content\/uploads\/2019\/12\/LORENZO-BUSIN-2019-1-768x1024.jpeg 768w, https:\/\/www.radiopiu.net\/wordpress\/wp-content\/uploads\/2019\/12\/LORENZO-BUSIN-2019-1-1152x1536.jpeg 1152w, https:\/\/www.radiopiu.net\/wordpress\/wp-content\/uploads\/2019\/12\/LORENZO-BUSIN-2019-1.jpeg 1200w\" sizes=\"auto, (max-width: 225px) 100vw, 225px\" \/><\/a><\/b><\/span><\/h3>\n<h3><\/h3>\n<h3 class=\"p1\"><span class=\"s1\"><b>LORENZO BUSIN SECONDO ALLA GRAN FONDO DELLA VAL CASIES<\/b><\/span><\/h3>\n<blockquote><p><span style=\"color: #ff0000;\"><em>La 42 chilometri porta la firma della fortissima Sara Pellegrini e la zoldana punta al rientro in Coppa del Mondo. Podio nella 30 chilometri per la comeliana Rebecca Bergagnin (terza)<\/em><\/span><\/p><\/blockquote>\n<p class=\"p1\"><span class=\"s1\">Seconda posizione per Lorenzo Busin alla Gran Fondo della Val Casies. Il fondista di Canale D\u2019Agordo non ha vinto per un nulla in Trentino Alto Adige. Un testa a testa con Mauro Brigadoi dopo 42 km di gara e un finale al fotofinish in cui il ragazzo della Valle del Biois ha dovuto accontentarsi della seconda posizione.<\/span><\/p>\n<p class=\"p1\"><span class=\"s1\"><b>LORENZO BUSIN AI MICROFONI DI RADIO PIU\u2019<\/b><\/span><\/p>\n<audio class=\"wp-audio-shortcode\" id=\"audio-117819-13\" preload=\"none\" style=\"width: 100%;\" controls=\"controls\"><source type=\"audio\/mpeg\" src=\"https:\/\/www.radiopiu.net\/wordpress\/wp-content\/uploads\/2020\/02\/LORENZO-BUSIN-VAL-CASIES-2020.mp3?_=13\" \/><a href=\"https:\/\/www.radiopiu.net\/wordpress\/wp-content\/uploads\/2020\/02\/LORENZO-BUSIN-VAL-CASIES-2020.mp3\">https:\/\/www.radiopiu.net\/wordpress\/wp-content\/uploads\/2020\/02\/LORENZO-BUSIN-VAL-CASIES-2020.mp3<\/a><\/audio>\n<p>&nbsp;<\/p>\n<p>&nbsp;<\/p>\n<p>&nbsp;<\/p>\n<hr \/>\n<p>&nbsp;<\/p>\n<p>&nbsp;<\/p>\n<blockquote>\n<h3><strong>CROSS DI BORGO VALBELLUNA NEL SEGNO DEL CSI ATLETICA PROVINCIA DI VICENZA <\/strong><\/h3>\n<\/blockquote>\n<p><em><strong>\u00a0<\/strong><strong>Il club berico si \u00e8 aggiudicato il titolo regionale giovanile di societ\u00e0 di combinata, primeggiando anche nelle categorie cadetti e ragazzi. <\/strong><strong>Bellunoatletica M.G.B. vince tra le cadette, le Fiamme Oro tra le ragazze. Titoli master di societ\u00e0 a Valdobbiadene (uomini) e Riviera del Brenta (donne). Ottocento atleti al via \u00a0<\/strong><\/em><\/p>\n<p><em><strong>\u00a0<\/strong><\/em>La carica degli 800 nel <strong>1<\/strong><strong>\u00b0<\/strong><strong> cross del Comune di Borgo Valbelluna<\/strong>. Giovani e master si sono dati battaglia, per l\u2019intera mattinata, sui prati di <strong>Mel (Belluno)<\/strong>, in casa del <strong>Gs La Piave 2000<\/strong>, societ\u00e0 che festeggia i 20 anni di attivit\u00e0 e in autunno potr\u00e0 disporre di una nuova pista che sorger\u00e0 proprio in localit\u00e0 La Lora, dove oggi \u00e8 andata in scena la corsa campestre. Era la terza e conclusiva prova dei campionati regionali di societ\u00e0, dopo le gare di Galliera Veneta (12 gennaio) e Vittorio Veneto (26 gennaio). Un trionfo per il <strong>Csi Atletica Provincia di Vicenza<\/strong>, leader nella classifica combinata giovanile (somma dei risultati ottenuti in tutte le categorie), davanti alle <strong>Fiamme Oro<\/strong> e all\u2019<strong>Expandia Atletica Insieme Verona<\/strong>. A conferma della sua supremazia, il Csi Atletica Provincia di Vicenza ha anche vinto i titolo regionali di categoria tra i cadetti e i ragazzi. Gli altri allori a squadre sono andati invece a <strong>Bellunoatletica M.G.B.<\/strong> tra le cadette e alle <strong>Fiamme Oro<\/strong> tra le ragazze. Vittorie individuali di giornata per <strong>Lorenzo De Fanti<\/strong>\u00a0 (Gs Quantin Alpenplus) tra i cadetti ed <strong>Elisa Clementi<\/strong> (Csi Atl. Provincia di Vicenza) tra le cadette. Tra i pi\u00f9 giovani, doppietta per il Gruppo Atletico Coin Venezia, primo con <strong>Raffaele Faronato<\/strong> tra i ragazzi e <strong>Alessia Miniutti<\/strong> tra le ragazze. Una prova generale del campionato regionale individuale che, per il settore giovanile, si terr\u00e0 il 1\u00b0 marzo a Marostica. Tra i master, titoli di societ\u00e0 per l\u2019<strong>Atletica Valdobbiadene <\/strong>tra gli uomini e per l\u2019<strong>Atletica Riviera del Brenta<\/strong> tra le donne. <strong>Said Dourmi<\/strong> (Atl. Biotekna Marcon) ha dominato la batteria maschile under 60. Tra le donne, netta supremazia invece per <strong>Manuela Bulf<\/strong> (Atl. Agordina), mentre <strong>Gianni De Conti<\/strong> (Atl. Trichiana) \u00e8 stato il pi\u00f9 veloce tra gli ultrasessantenni.<\/p>\n<p><strong>RISULTATI. MASCHILI. Settore promozionale. Cadetti (2,5 km): <\/strong>1. Lorenzo De Fanti (Gs Quantin Alpenplus) 7\u201953\u201d, 2. Federico Morona (Atl. Sernaglia) 8\u201916\u201d, 3. Christian Da Rold (Bellunoatletica M.G.B.) 8\u201917\u201d.\u00a0 <strong>Societ\u00e0 (finale): <\/strong>1. Csi Atl. Provincia di Vicenza 640, 2. Gs Fiamme Oro 533, 3. Trevisatletica 462.<\/p>\n<p><strong>Ragazzi (1,5 km): <\/strong>1. Raffaele Faronato (G.A. Aristide Coin Venezia) 5\u201932\u201d, 2. Sebastiano Di Tos (Atl. Jesolo Turismo) 5\u201940\u201d, 3. Luca Stocchero (Athletic Club Firex Belluno) 5\u201945\u201d.\u00a0 <strong>Societ\u00e0 (finale): <\/strong>1. Csi Atl. Provincia di Vicenza 659, 2. Athletic Club Firex Belluno 437, 3. Expandia Atl. Insieme Verona 333.<\/p>\n<p><strong>Settore master. SM35 (6 km): <\/strong>1. Said Dourmi (Atl. Biotekna Marcon) 18\u201940\u201d. <strong>SM40 (6 km): <\/strong>1. Paolo La Placa (HRobert Running Team) 19\u201947\u201d.\u00a0 <strong>SM45 (6 km): <\/strong>1. Ivan Basso (HRobert Running Team) 19\u201954\u201d.<strong> SM50 (6 km): <\/strong>1. Hamid Nfafta (Atl. Valdobbiadene) 20\u201932\u201d. <strong>SM55 (6 km): <\/strong>1. Lucio Fregona (Gs Astra) 20\u201921\u201d. <strong>SM60 (4 km): <\/strong>1. Gianni De Conti (Atl. Trichiana) 15\u201903\u201d.\u00a0 <strong>SM65 (4 km): <\/strong>1. Dante Passuello (Pol. Vodo di Cadore) 15\u201950\u201d. <strong>SM70 (4 km): <\/strong>1. Antonio Maccagnan (Atl. San Biagio) 17\u201941\u201d. <strong>SM75 (4 km): <\/strong>1. Roberto Smali (Gs Quantin Alpenplus) 19\u201903\u201d. <strong>SM85 (4 km):<\/strong> 1. Mario Lorenzon (Atl. Valdobbiadene) 28\u201928\u201d. <strong>Societ\u00e0 (finale):<\/strong> 1. Atl. Valdobbiadene 383, 2. Atl. Biotekna Marcon 332, 3. HRobert Running Team 243.<\/p>\n<p><strong>FEMMINILI.<\/strong> <strong>Settore promozionale. Cadette (2 km): <\/strong>1. Elisa Clementi (Csi Atl. Provincia di Vicenza) 7\u201906\u201d, 2. Lucia Arnoldo (Bellunoatletica M.G.B.) 7\u201915\u201d, 3. Caterina Zorzi (Trevisatletica) 7\u201917\u201d.\u00a0 <strong>Societ\u00e0 (finale): <\/strong>1. Bellunoatletica M.G.B. 466, 2. Ana Atletica Feltre 432, 3. Csi Atl. Provincia di Vicenza 378.<\/p>\n<p><strong>Ragazze (1 km): <\/strong>1. Alessia Miniutti (G.A. Aristide Coin Venezia) 3\u201947\u201d, 2. Linda Sanarini (Atl. Vis Abano) 3\u201955\u201d, 3. Sofia Isaurico (Athletic Club Firex Belluno) 3\u201957\u201d.\u00a0 <strong>Societ\u00e0 (finale): <\/strong>1. Gs Fiamme Oro 521, 2. Expandia Atl. Insieme 483, 3. G.A. Coin Venezia 394. <strong>Societ\u00e0 (combinata finale):<\/strong> 1. Csi Atl. Provincia di Vicenza 1.990, 2. Gs Fiamme Oro 1.455, 3. Expandia Atl. Insieme Verona 1.137, 4. Silca Ultralite 942, 5. Gs La Piave 2000 850, 6. Trevisatletica 844.<\/p>\n<p><strong>Settore master. SF35 (4 km):<\/strong> 1. Manuela Bulf (Atl. Agordina) 14\u201912\u201d. <strong>SF40 (4 km):<\/strong> 1. Jessica Doria (Tornado) 15\u201946\u201d. <strong>SF45 (4 km):<\/strong> 1. Patrizia Zanette (Dolomiti BL) 15\u201930\u201d. <strong>SF50\u00a0 (4 km):<\/strong> 1. Michela Ipino (Atl. Bassano Running Store) 17\u201938\u201d. <strong>SF55 (4 km):<\/strong> 1. Olivetta De Conti (Atl. Sernaglia) 17\u201944\u201d.<\/p>\n<p><strong>SF60 (4 km):<\/strong> 1. Carla Faggin (Runners Padova) 17\u201959\u201d.\u00a0 <strong>SF65 (4 km):<\/strong> 1. Luigino Salvagno (Gs Quantin Alpenplus) 20\u201913\u201d.\u00a0 <strong>SF70 (4 km):<\/strong> 1. Pasqualina Da Re (Atl. Vittorio Veneto) 24\u201909\u201d.\u00a0 <strong>SF75 (4 km):<\/strong> 1. Maria Grazia De Colle (Gs Quantin Alpenplus) 23\u201946\u201d. <strong>Societ\u00e0:<\/strong> 1. Atl. Riviera del Brenta 90, 2. Atl. Valdobbiadene 82, 3. Atl. Biotekna Marcon 60.<\/p>\n<p><a href=\"https:\/\/tds.sport\/it\/race\/11358\">CLASSIFICHE COMPLETE<\/a><\/p>\n\n\t\t\t<style type='text\/css'>\n\t\t\t\t#gallery-2 {\n\t\t\t\t\tmargin: auto;\n\t\t\t\t}\n\t\t\t\t#gallery-2 .gallery-item {\n\t\t\t\t\tfloat: left;\n\t\t\t\t\tmargin-top: 10px;\n\t\t\t\t\ttext-align: center;\n\t\t\t\t\twidth: 33%;\n\t\t\t\t}\n\t\t\t\t#gallery-2 img {\n\t\t\t\t\tborder: 2px solid #cfcfcf;\n\t\t\t\t}\n\t\t\t\t#gallery-2 .gallery-caption {\n\t\t\t\t\tmargin-left: 0;\n\t\t\t\t}\n\t\t\t\t\/* see gallery_shortcode() in wp-includes\/media.php *\/\n\t\t\t<\/style>\n\t\t<div id='gallery-2' class='dt-gallery-container gallery galleryid-117819 gallery-columns-3 gallery-size-thumbnail'><dl class='gallery-item'>\n\t\t\t\t<dt class='gallery-icon landscape'>\n\t\t\t\t\t<a class=\"rollover\" href='https:\/\/www.radiopiu.net\/wordpress\/giornale-radiopiu-17-febbraio-2020-direttore-mirko-mezzacasa\/mel_la-partenza-dei-master_b\/'><img loading=\"lazy\" decoding=\"async\" width=\"150\" height=\"150\" src=\"https:\/\/www.radiopiu.net\/wordpress\/wp-content\/uploads\/2020\/02\/Mel_La-partenza-dei-master_b-150x150.jpg\" class=\"attachment-thumbnail size-thumbnail\" alt=\"\" \/><\/a>\n\t\t\t\t<\/dt><\/dl><dl class='gallery-item'>\n\t\t\t\t<dt class='gallery-icon portrait'>\n\t\t\t\t\t<a class=\"rollover\" href='https:\/\/www.radiopiu.net\/wordpress\/giornale-radiopiu-17-febbraio-2020-direttore-mirko-mezzacasa\/mel_le-cadette-clementi-a-sinistra-e-zorzi_b\/'><img loading=\"lazy\" decoding=\"async\" width=\"150\" height=\"150\" src=\"https:\/\/www.radiopiu.net\/wordpress\/wp-content\/uploads\/2020\/02\/Mel_le-cadette-Clementi-a-sinistra-e-Zorzi_b-150x150.jpg\" class=\"attachment-thumbnail size-thumbnail\" alt=\"\" \/><\/a>\n\t\t\t\t<\/dt><\/dl><dl class='gallery-item'>\n\t\t\t\t<dt class='gallery-icon portrait'>\n\t\t\t\t\t<a class=\"rollover\" href='https:\/\/www.radiopiu.net\/wordpress\/giornale-radiopiu-17-febbraio-2020-direttore-mirko-mezzacasa\/mel_la-ragazza-alessia-miniutti_b\/'><img loading=\"lazy\" decoding=\"async\" width=\"150\" height=\"150\" src=\"https:\/\/www.radiopiu.net\/wordpress\/wp-content\/uploads\/2020\/02\/Mel_La-ragazza-Alessia-Miniutti_b-150x150.jpg\" class=\"attachment-thumbnail size-thumbnail\" alt=\"\" \/><\/a>\n\t\t\t\t<\/dt><\/dl><br style=\"clear: both\" \/><dl class='gallery-item'>\n\t\t\t\t<dt class='gallery-icon portrait'>\n\t\t\t\t\t<a class=\"rollover\" href='https:\/\/www.radiopiu.net\/wordpress\/giornale-radiopiu-17-febbraio-2020-direttore-mirko-mezzacasa\/mel_manuela-bulf_b\/'><img loading=\"lazy\" decoding=\"async\" width=\"150\" height=\"150\" src=\"https:\/\/www.radiopiu.net\/wordpress\/wp-content\/uploads\/2020\/02\/Mel_Manuela-Bulf_b-150x150.jpg\" class=\"attachment-thumbnail size-thumbnail\" alt=\"\" \/><\/a>\n\t\t\t\t<\/dt><\/dl><dl class='gallery-item'>\n\t\t\t\t<dt class='gallery-icon portrait'>\n\t\t\t\t\t<a class=\"rollover\" href='https:\/\/www.radiopiu.net\/wordpress\/giornale-radiopiu-17-febbraio-2020-direttore-mirko-mezzacasa\/mel_il-cadetto-lorenzo-de-fanti_b\/'><img loading=\"lazy\" decoding=\"async\" width=\"150\" height=\"150\" src=\"https:\/\/www.radiopiu.net\/wordpress\/wp-content\/uploads\/2020\/02\/Mel_Il-cadetto-Lorenzo-De-Fanti_b-150x150.jpg\" class=\"attachment-thumbnail size-thumbnail\" alt=\"\" \/><\/a>\n\t\t\t\t<\/dt><\/dl><dl class='gallery-item'>\n\t\t\t\t<dt class='gallery-icon portrait'>\n\t\t\t\t\t<a class=\"rollover\" href='https:\/\/www.radiopiu.net\/wordpress\/giornale-radiopiu-17-febbraio-2020-direttore-mirko-mezzacasa\/mel_passaggio-gara-cadette_b\/'><img loading=\"lazy\" decoding=\"async\" width=\"150\" height=\"150\" src=\"https:\/\/www.radiopiu.net\/wordpress\/wp-content\/uploads\/2020\/02\/Mel_Passaggio-gara-cadette_b-150x150.jpg\" class=\"attachment-thumbnail size-thumbnail\" alt=\"\" \/><\/a>\n\t\t\t\t<\/dt><\/dl><br style=\"clear: both\" \/><dl class='gallery-item'>\n\t\t\t\t<dt class='gallery-icon portrait'>\n\t\t\t\t\t<a class=\"rollover\" href='https:\/\/www.radiopiu.net\/wordpress\/giornale-radiopiu-17-febbraio-2020-direttore-mirko-mezzacasa\/mel_il-ragazzo-raffaele-faronato_b\/'><img loading=\"lazy\" decoding=\"async\" width=\"150\" height=\"150\" src=\"https:\/\/www.radiopiu.net\/wordpress\/wp-content\/uploads\/2020\/02\/Mel_il-ragazzo-Raffaele-Faronato_b-150x150.jpg\" class=\"attachment-thumbnail size-thumbnail\" alt=\"\" \/><\/a>\n\t\t\t\t<\/dt><\/dl>\n\t\t\t\t<br style='clear: both' \/>\n\t\t\t<\/div>\n\n<p>&nbsp;<\/p>\n<p>&nbsp;<\/p>\n<p><a class=\"dt-pswp-item\" href=\"https:\/\/www.radiopiu.net\/wordpress\/wp-content\/uploads\/2018\/09\/WhatsApp-Image-2018-09-20-at-16.04.06.jpeg\" data-dt-img-description=\"\" data-large_image_width=\"800\" data-large_image_height=\"100\"><img loading=\"lazy\" decoding=\"async\" class=\"aligncenter wp-image-61378 size-full\" src=\"https:\/\/www.radiopiu.net\/wordpress\/wp-content\/uploads\/2018\/09\/WhatsApp-Image-2018-09-20-at-16.04.06.jpeg\" alt=\"\" width=\"800\" height=\"100\" srcset=\"https:\/\/www.radiopiu.net\/wordpress\/wp-content\/uploads\/2018\/09\/WhatsApp-Image-2018-09-20-at-16.04.06.jpeg 800w, https:\/\/www.radiopiu.net\/wordpress\/wp-content\/uploads\/2018\/09\/WhatsApp-Image-2018-09-20-at-16.04.06-300x38.jpeg 300w, https:\/\/www.radiopiu.net\/wordpress\/wp-content\/uploads\/2018\/09\/WhatsApp-Image-2018-09-20-at-16.04.06-768x96.jpeg 768w\" sizes=\"auto, (max-width: 800px) 100vw, 800px\" \/><\/a><\/p>\n<p>&nbsp;<\/p>\n<p>&nbsp;<\/p>\n<p><b>Lunedi 17<\/b> <b>Tempo atteso: <\/b>Inizialmente brevi tratti di sole e nubi medio-alte sulle Dolomiti, nubi basse sulle Prealpi, poi aumento della nuvolosit\u00e0 stratiforme ovunque fino a cielo molto nuvoloso\/coperto al pomeriggio\/sera, quando non sar\u00e0 da escludere un lieve peggioramento con qualche debolissimo fenomeno sparso. Clima diurno un po&#8217; meno mite a tutte le quote.<br \/>\n<b>Precipitazioni: <\/b>fino a met\u00e0 pomeriggio fenomeni assenti (0%). Poi probabilit\u00e0 piuttosto bassa (10\/20%) di debolissime precipitazioni sotto forma di pioviggini e di qualche fiocco di neve sopra i 1800\/2000 m, specie tra il tardo pomeriggio e la sera.<br \/>\n<b>Temperature: <\/b>Minime in aumento nelle valli ed in calo in quota, dove saranno osservate alla sera; massime in contenuta flessione. Sono previste punte di 9\/11\u00b0C nei fondovalle prealpini e di 7\/8\u00b0C a 1000\/1200 m. Su Prealpi a 1500 m min 2\u00b0C max 6\u00b0C, a 2000 m min 1\u00b0C max 5\u00b0C. Su Dolomiti a 2000 m min 0\u00b0C max 5\u00b0C, a 3000 m min -4\u00b0C max 3\u00b0C.<br \/>\n<b>Venti: <\/b>nelle valli deboli di direzione variabile nelle valli, salvo consueti rinforzi notturni su alcuni settori prealpini a ridosso delle pedemontana; in quota moderati\/tesi dai quadranti occidentali, in attenuazione alla sera, a 5\/20 km\/h a 2000 m, a 15\/35 km\/h a 3000 m.<\/p>\n<hr \/>\n<p><b>Martedi 18<\/b> <b>Tempo atteso: <\/b>Variabilit\u00e0 notturna associata a qualche debole fenomeno. Al mattino intervallo di tempo soleggiato sulle Dolomiti e parzialmente soleggiato sulle Prealpi. Al pomeriggio nuvolosit\u00e0 in aumento fino a cielo molto nuvoloso\/coperto alla sera per nubi stratiforme medio-basse, associate a fenomeni sparsi. Clima assai pi\u00f9 freddo a tutte le quote.<br \/>\n<b>Precipitazioni: <\/b>Nella notte qualche sopradico fenomeno (40\/50%), con qualche fiocco di neve sopra i 1400\/1600 m. Al mattino assenti (0%). Al pomeriggio e soprattutto alla sera probabilit\u00e0 in aumento fino a media (50\/60%) per debolissime precipitazioni, nevose oltre i 1100\/1200 m. Gli apporti saranno modesti, con 1\/4 mm ed altrettanti cm di neve oltre i 1500 m, in alcuni casi anche solo tracce.<br \/>\n<b>Temperature: <\/b>In generale diminuzione in quota, con valori minimi osservati alla sera; nelle valli minime in calo e massime senza notevoli variazioni. Su Prealpi a 1500 m min -1\u00b0C max 3\u00b0C, a 2000 m min -3\u00b0C max 0\u00b0C. Su Dolomiti a 2000 m min -4\u00b0C max -1\u00b0C, a 3000 m min -11\u00b0C max -5\u00b0C.<br \/>\n<b>Venti: <\/b>Nelle valli deboli di direzione variabile, salvo un po&#8217; di Foehn mattutino; in quota deboli dai quadranti occidentali, eccetto rinforzi tra la nottata e l&#8217;alba, a 5\/20 km\/h a 2000 m, a 15\/30 km\/h a 3000 m.<\/p>\n<hr \/>\n<p><b>Mercoledi 19<\/b>Cielo molto nuvoloso\/coperto con probabili deboli precipitazioni sparse, nevose oltre i 900\/1100 m tra la notte e le prime ore del mattino. Dalle ore centrali miglioramento del tempo con cielo sempre pi\u00f9 sereno. Calo termico a tutte le quote. Venti deboli di direzione variabile nelle valli; in quota deboli\/moderati da ovest al mattino, in netto rinforzo fino a tesi\/forti da nord-ovest nel tardo pomeriggio\/sera, assieme a episodi di Foehn nelle valli.<\/p>\n<hr \/>\n<p><b>Giovedi 20<\/b>Ben soleggiato, con cielo sereno, aria tersa ed ottima visibilit\u00e0. Clima notturno freddo con diffuse gelate a tutte le quote, ancora freddo in quota di giorno, mentre il generoso soleggiamento favorir\u00e0 un certo rialzo termico diurno nelle valli. Venti moderati\/tesi da nord-ovest in quota al mattino, deboli\/moderati al pomeriggio; perlopi\u00f9 deboli di direzione variabile nelle valli, salvo consueti rinforzi notturni. Previsore: R.L.Th.<\/p>\n","protected":false},"excerpt":{"rendered":"<p>&nbsp; &nbsp; PER RICEVERE QUESTO NOTIZIARIO DIRETTAMENTE SUL TUO CELLULARE ISCRIVITI AL CANALE TELEGRAM &#8220;RADIO PIU\u00a0 INFORMAZIONE&#8221;\u00a0 &nbsp; Gestione Servizi Pubblici informa che, per lavori alla rete idrica comunale DOMANI dalle 08:30 a FINE LAVORI verr\u00e0 sospesa l\u2019erogazione dell\u2019acqua a SELVA DI CADORE nelle VIE DEI DENEVER, MONTE CERNERA E TALAMINI. &nbsp; &nbsp; &nbsp; QUANDO&hellip;<\/p>\n","protected":false},"author":1,"featured_media":117742,"comment_status":"closed","ping_status":"closed","sticky":false,"template":"","format":"standard","meta":{"_monsterinsights_skip_tracking":false,"_monsterinsights_sitenote_active":false,"_monsterinsights_sitenote_note":"","_monsterinsights_sitenote_category":0,"footnotes":""},"categories":[1,86,49],"tags":[],"class_list":["post-117819","post","type-post","status-publish","format-standard","has-post-thumbnail","hentry","category-senza-categoria","category-gr","category-news-18","category-1","category-86","category-49","description-off"],"img_url":"https:\/\/www.radiopiu.net\/wordpress\/wp-content\/uploads\/2020\/02\/1ae216f8-0780-4c3e-8924-2cb1abc77355.jpg","_links":{"self":[{"href":"https:\/\/www.radiopiu.net\/wordpress\/wp-json\/wp\/v2\/posts\/117819","targetHints":{"allow":["GET"]}}],"collection":[{"href":"https:\/\/www.radiopiu.net\/wordpress\/wp-json\/wp\/v2\/posts"}],"about":[{"href":"https:\/\/www.radiopiu.net\/wordpress\/wp-json\/wp\/v2\/types\/post"}],"author":[{"embeddable":true,"href":"https:\/\/www.radiopiu.net\/wordpress\/wp-json\/wp\/v2\/users\/1"}],"replies":[{"embeddable":true,"href":"https:\/\/www.radiopiu.net\/wordpress\/wp-json\/wp\/v2\/comments?post=117819"}],"version-history":[{"count":0,"href":"https:\/\/www.radiopiu.net\/wordpress\/wp-json\/wp\/v2\/posts\/117819\/revisions"}],"wp:featuredmedia":[{"embeddable":true,"href":"https:\/\/www.radiopiu.net\/wordpress\/wp-json\/wp\/v2\/media\/117742"}],"wp:attachment":[{"href":"https:\/\/www.radiopiu.net\/wordpress\/wp-json\/wp\/v2\/media?parent=117819"}],"wp:term":[{"taxonomy":"category","embeddable":true,"href":"https:\/\/www.radiopiu.net\/wordpress\/wp-json\/wp\/v2\/categories?post=117819"},{"taxonomy":"post_tag","embeddable":true,"href":"https:\/\/www.radiopiu.net\/wordpress\/wp-json\/wp\/v2\/tags?post=117819"}],"curies":[{"name":"wp","href":"https:\/\/api.w.org\/{rel}","templated":true}]}}