{"id":117951,"date":"2020-02-17T16:17:15","date_gmt":"2020-02-17T15:17:15","guid":{"rendered":"https:\/\/www.radiopiu.net\/wordpress\/?p=117951"},"modified":"2020-02-18T09:32:17","modified_gmt":"2020-02-18T08:32:17","slug":"giornale-radiopiu-17-febbraio-2020-direttore-mirko-mezzacasa-2","status":"publish","type":"post","link":"https:\/\/www.radiopiu.net\/wordpress\/giornale-radiopiu-17-febbraio-2020-direttore-mirko-mezzacasa-2\/","title":{"rendered":"GIORNALE RADIOPIU 18 FEBBRAIO 2020 direttore MIRKO MEZZACASA"},"content":{"rendered":"<h3><strong><a class=\"dt-pswp-item\" href=\"https:\/\/www.radiopiu.net\/wordpress\/wp-content\/uploads\/2020\/02\/telegram-q-ok.jpg\" data-dt-img-description=\"\" data-large_image_width=\"800\" data-large_image_height=\"800\"><img loading=\"lazy\" decoding=\"async\" class=\"wp-image-117176 alignleft\" src=\"https:\/\/www.radiopiu.net\/wordpress\/wp-content\/uploads\/2020\/02\/telegram-q-ok-300x300.jpg\" alt=\"\" width=\"103\" height=\"103\" srcset=\"https:\/\/www.radiopiu.net\/wordpress\/wp-content\/uploads\/2020\/02\/telegram-q-ok-300x300.jpg 300w, https:\/\/www.radiopiu.net\/wordpress\/wp-content\/uploads\/2020\/02\/telegram-q-ok-150x150.jpg 150w, https:\/\/www.radiopiu.net\/wordpress\/wp-content\/uploads\/2020\/02\/telegram-q-ok-768x768.jpg 768w, https:\/\/www.radiopiu.net\/wordpress\/wp-content\/uploads\/2020\/02\/telegram-q-ok.jpg 800w\" sizes=\"auto, (max-width: 103px) 100vw, 103px\" \/><\/a><\/strong><strong>PER RICEVERE QUESTO NOTIZIARIO DIRETTAMENTE SUL TUO CELLULARE ISCRIVITI AL CANALE <span style=\"color: #0000ff;\">TELEGRAM<\/span><\/strong><\/h3>\n<p><strong>&#8220;<span style=\"color: #ff0000;\">RADIO PIU\u00a0 INFORMAZIONE<span style=\"color: #000000;\">&#8221;\u00a0<\/span><\/span><\/strong><\/p>\n<p>&nbsp;<\/p>\n<hr \/>\n<h3><strong>563 di SALESEI tra PIAN DI SALESEI E SALESEI\u00a0<\/strong> FINO AL 21 febbraio esclusi festivi e prefestivi INTERDIZIONE TOTALE AL TRAFFICO dalle 9 alle 17 per rimozione schianti. negli altri orari senso unico con semaforo<\/h3>\n<hr \/>\n<h3>Gestione Servizi Pubblici informa che, per lavori alla rete idrica comunale OGGI\u00a0 dalle 08:30 a FINE LAVORI verr\u00e0 sospesa l\u2019erogazione dell\u2019acqua a SELVA DI CADORE nelle VIE DEI DENEVER, MONTE CERNERA E TALAMINI.<\/h3>\n<hr \/>\n<p>&nbsp;<\/p>\n<p><strong>Autostrade per l\u2019Italia ha comunicato che per consentire l\u2019esecuzione dei lavori di ispezioni galleria, si rende necessario chiudere al traffico le seguenti rampe di svincolo<\/strong>: Chiusura A, RAMPA DI SVINCOLO IN USCITA DA PONTE NELLE ALPI PER CADOLA; Chiusura B,\u00a0 RAMPA DI SVINCOLO IN ENTRATA DA CADOLA PER VENEZIA dalle\u00a0 21 del 19 febbraio alle\u00a0 6 del 20 febbraio. I Percorsi Alternativi sono: CHIUSURA A Il traffico proveniente da SS51 (Ponte nelle Alpi) e diretto a Cadola, dovr\u00e0 proseguire sulla stessa SS 51 di Alemagna, in direzione Sud fino alla predetta localit\u00e0 CHIUSURA B Il traffico in entrata allo svincolo di Cadola e diretto a Venezia dovr\u00e0 proseguire sulla SS51 Alemagna in direzione Sud, per poi entrare in autostrada presso la Stazione A27 Fadalto-Lago Santa Croce.<\/p>\n<hr \/>\n<p>&nbsp;<\/p>\n<p>&nbsp;<\/p>\n<blockquote>\n<h3>DOMANI L&#8217;ULTIMO SALUTO A CARLO<\/h3>\n<\/blockquote>\n<p><strong><a class=\"dt-pswp-item\" href=\"https:\/\/www.radiopiu.net\/wordpress\/wp-content\/uploads\/2020\/02\/a2768c0f-3ec2-4a32-a58e-8d6f10c7f146.jpg\" data-dt-img-description=\"\" data-large_image_width=\"720\" data-large_image_height=\"1440\"><img loading=\"lazy\" decoding=\"async\" class=\" wp-image-118035 alignleft\" src=\"https:\/\/www.radiopiu.net\/wordpress\/wp-content\/uploads\/2020\/02\/a2768c0f-3ec2-4a32-a58e-8d6f10c7f146-150x300.jpg\" alt=\"\" width=\"70\" height=\"140\" srcset=\"https:\/\/www.radiopiu.net\/wordpress\/wp-content\/uploads\/2020\/02\/a2768c0f-3ec2-4a32-a58e-8d6f10c7f146-150x300.jpg 150w, https:\/\/www.radiopiu.net\/wordpress\/wp-content\/uploads\/2020\/02\/a2768c0f-3ec2-4a32-a58e-8d6f10c7f146-512x1024.jpg 512w, https:\/\/www.radiopiu.net\/wordpress\/wp-content\/uploads\/2020\/02\/a2768c0f-3ec2-4a32-a58e-8d6f10c7f146.jpg 720w\" sizes=\"auto, (max-width: 70px) 100vw, 70px\" \/><\/a>ALLEGHE<\/strong> Un malore e la morte improvvisa. Cos\u00ec Carlo Pini\u00e8 ha lasciato nel dolore i figli Fabio e Gianni, la nuora, gli amati nipoti parenti ed amici. Il drammatico incidente sabato mattina ad Alleghe, sulla porta di casa lungo una strada che Carlo ha percorso per una vita intera.\u00a0 Domani alle 14.30 i funerali nella parrocchiale di San Biagio, seguir\u00e0 la cremazione.<\/p>\n<p>&nbsp;<\/p>\n<p>&nbsp;<\/p>\n<p>&nbsp;<\/p>\n<p>&nbsp;<\/p>\n<hr \/>\n<h3><\/h3>\n<p>&nbsp;<\/p>\n<blockquote>\n<h3>E&#8217; MANCATO ANTONIO MARRONE, GIA&#8217; CONSIGLIERE COMUNALE, ASSESSORE\u00a0 E VOLONTARIO<\/h3>\n<\/blockquote>\n<p><strong><a class=\"dt-pswp-item\" href=\"https:\/\/www.radiopiu.net\/wordpress\/wp-content\/uploads\/2020\/02\/81490528_2521517681509080_1275870608516710400_n.jpg\" data-dt-img-description=\"\" data-large_image_width=\"160\" data-large_image_height=\"160\"><img loading=\"lazy\" decoding=\"async\" class=\" wp-image-118052 alignleft\" src=\"https:\/\/www.radiopiu.net\/wordpress\/wp-content\/uploads\/2020\/02\/81490528_2521517681509080_1275870608516710400_n.jpg\" alt=\"\" width=\"116\" height=\"116\" srcset=\"https:\/\/www.radiopiu.net\/wordpress\/wp-content\/uploads\/2020\/02\/81490528_2521517681509080_1275870608516710400_n.jpg 160w, https:\/\/www.radiopiu.net\/wordpress\/wp-content\/uploads\/2020\/02\/81490528_2521517681509080_1275870608516710400_n-150x150.jpg 150w\" sizes=\"auto, (max-width: 116px) 100vw, 116px\" \/><\/a><\/strong><\/p>\n<p><strong>BELLUNO<\/strong> Nel pomeriggio di ieri\u00a0 Antonio Marrone \u00e8 &#8220;andato avanti&#8221;.\u00a0 La famiglia ringrazia per la vicinanza.<\/p>\n<p>Il Sindaco di Belluno si unisce al cordoglio della famiglia per la scomparsa di Antonio Marrone, professionista e amministratore molto attivo e noto in citt\u00e0, gi\u00e0 assessore e consigliere comunale nel capoluogo e consigliere provinciale. \u00abHo avuto modo di confrontarmi con Marrone in consiglio comunale, quando tra il 2007 e il 2012 sedevamo sui due fronti opposti;\u00a0 nonostante le differenti visioni politiche, ci siamo sempre confrontati con rispetto e lealt\u00e0: il mio ricordo \u00e8 quello di una persona sempre corretta e costruttiva. Mi dispiace quindi per la Citt\u00e0 di Belluno e mi unisco alla famiglia in questo momento di grande dolore<\/p>\n<p><strong>IL RICORDO DI DARIO BOND <\/strong><\/p>\n<audio class=\"wp-audio-shortcode\" id=\"audio-117951-1\" preload=\"none\" style=\"width: 100%;\" controls=\"controls\"><source type=\"audio\/mpeg\" src=\"https:\/\/www.radiopiu.net\/wordpress\/wp-content\/uploads\/2020\/02\/BOND-5.mp3?_=1\" \/><a href=\"https:\/\/www.radiopiu.net\/wordpress\/wp-content\/uploads\/2020\/02\/BOND-5.mp3\">https:\/\/www.radiopiu.net\/wordpress\/wp-content\/uploads\/2020\/02\/BOND-5.mp3<\/a><\/audio>\n<p>&nbsp;<\/p>\n<p>&nbsp;<\/p>\n<p>&nbsp;<\/p>\n<hr \/>\n<p>&nbsp;<\/p>\n<h2><\/h2>\n<h2><span style=\"color: #ff0000;\">CENTROSINISTRA 6, CENTRODESTRA 4 E PADRIN PROMETTE DELEGHE A TUTTI<\/span><\/h2>\n<blockquote>\n<h3>ELEZIONI IN PROVINCIA: PER IL PRESIDENTE RISULTATO PREVEDIBILE. PER L&#8217;AGORDINO LUCHETTA E DE TONI<\/h3>\n<\/blockquote>\n<p><strong>DI MORENO GIOLI<\/strong><\/p>\n<audio class=\"wp-audio-shortcode\" id=\"audio-117951-2\" preload=\"none\" style=\"width: 100%;\" controls=\"controls\"><source type=\"audio\/mpeg\" src=\"https:\/\/www.radiopiu.net\/wordpress\/wp-content\/uploads\/2020\/02\/moreno-1.mp3?_=2\" \/><a href=\"https:\/\/www.radiopiu.net\/wordpress\/wp-content\/uploads\/2020\/02\/moreno-1.mp3\">https:\/\/www.radiopiu.net\/wordpress\/wp-content\/uploads\/2020\/02\/moreno-1.mp3<\/a><\/audio>\n<blockquote><p>&nbsp;<\/p><\/blockquote>\n<p><strong> <img loading=\"lazy\" decoding=\"async\" class=\"alignleft\" src=\"https:\/\/www.radiopiu.net\/wordpress\/wp-content\/uploads\/2015\/10\/roberto-padrin-2.jpg\" width=\"107\" height=\"126\" \/>BELLUNO<\/strong> Elezione tra addetti ai lavori con il centro destra che non ha presentato un programma diversamente dal centro sinistra. Vittoria del centrosinistra con\u00a0 50 mila punti\u00a0 \u00a0contro 38 mila del centro destra, Percentuale alta di votanti, la pi\u00f9 alta di sempre con quasi l&#8217;84%. Due gli agordini eletti, Danilo De Toni sindaco di Alleghe e Fabio Luchetta di Vallada. Un eletto dal Cadore e uno dall&#8217;Alpago.<\/p>\n<blockquote><p><span style=\"color: #ff0000;\">GLI ELETTI del centro sinistra: PAOLO VENDRAMINI 8005,\u00a0 WALTER CIBIEN 7381,\u00a0 FABIO LUCHETTA 6164,\u00a0 FRANCO DE BON 5938, SIMONE\u00a0 DEOLA 5904 E PAOLO PERENZIN 5038.<\/span><br \/>\n<span style=\"color: #0000ff;\">GLI ELETTI del centro destra: MASSIMO BORTOLUZZI 9015, SERENELLA BOGANA 8014,\u00a0 DARIO SCOPEL 7385\u00a0 DANILO DE TONI 5643<\/span><\/p>\n<h3>rimangono fuori:\u00a0 Minella 4377, Gaffarini 2859, Forlin 962, Toffoli 118, Cordella e Monticello (centro destra),\u00a0 De Bortoli 3412, De SIlvestro 2908,\u00a0 Pauletti 2057 (centro sinistra)<\/h3>\n<\/blockquote>\n<p><strong>PRIME DICHIARAZIONI DI ROBERTO PADRIN<\/strong><\/p>\n<audio class=\"wp-audio-shortcode\" id=\"audio-117951-3\" preload=\"none\" style=\"width: 100%;\" controls=\"controls\"><source type=\"audio\/mpeg\" src=\"https:\/\/www.radiopiu.net\/wordpress\/wp-content\/uploads\/2020\/02\/psftin.mp3?_=3\" \/><a href=\"https:\/\/www.radiopiu.net\/wordpress\/wp-content\/uploads\/2020\/02\/psftin.mp3\">https:\/\/www.radiopiu.net\/wordpress\/wp-content\/uploads\/2020\/02\/psftin.mp3<\/a><\/audio>\n<p><strong>PAOLO PERENZIN SINDACO DI FELTRE<\/strong><\/p>\n<audio class=\"wp-audio-shortcode\" id=\"audio-117951-4\" preload=\"none\" style=\"width: 100%;\" controls=\"controls\"><source type=\"audio\/mpeg\" src=\"https:\/\/www.radiopiu.net\/wordpress\/wp-content\/uploads\/2020\/02\/perenzion.mp3?_=4\" \/><a href=\"https:\/\/www.radiopiu.net\/wordpress\/wp-content\/uploads\/2020\/02\/perenzion.mp3\">https:\/\/www.radiopiu.net\/wordpress\/wp-content\/uploads\/2020\/02\/perenzion.mp3<\/a><\/audio>\n<p><strong>IL SINDACO DI ALLEGHE DANILO DE TONI<\/strong><\/p>\n<audio class=\"wp-audio-shortcode\" id=\"audio-117951-5\" preload=\"none\" style=\"width: 100%;\" controls=\"controls\"><source type=\"audio\/mpeg\" src=\"https:\/\/www.radiopiu.net\/wordpress\/wp-content\/uploads\/2020\/02\/danilo.mp3?_=5\" \/><a href=\"https:\/\/www.radiopiu.net\/wordpress\/wp-content\/uploads\/2020\/02\/danilo.mp3\">https:\/\/www.radiopiu.net\/wordpress\/wp-content\/uploads\/2020\/02\/danilo.mp3<\/a><\/audio>\n<p><strong>IL SINDACO DI VALLADA FABIO LUCHETTA<\/strong><\/p>\n<audio class=\"wp-audio-shortcode\" id=\"audio-117951-6\" preload=\"none\" style=\"width: 100%;\" controls=\"controls\"><source type=\"audio\/mpeg\" src=\"https:\/\/www.radiopiu.net\/wordpress\/wp-content\/uploads\/2020\/02\/FABIO-LUCHETTA.mp3?_=6\" \/><a href=\"https:\/\/www.radiopiu.net\/wordpress\/wp-content\/uploads\/2020\/02\/FABIO-LUCHETTA.mp3\">https:\/\/www.radiopiu.net\/wordpress\/wp-content\/uploads\/2020\/02\/FABIO-LUCHETTA.mp3<\/a><\/audio>\n<p><strong>L DEPUTATO DARIO BOND SI COMPLIMENTA CON VINCITORI E SCONFITTI<\/strong><\/p>\n<audio class=\"wp-audio-shortcode\" id=\"audio-117951-7\" preload=\"none\" style=\"width: 100%;\" controls=\"controls\"><source type=\"audio\/mpeg\" src=\"https:\/\/www.radiopiu.net\/wordpress\/wp-content\/uploads\/2020\/02\/BOND-4.mp3?_=7\" \/><a href=\"https:\/\/www.radiopiu.net\/wordpress\/wp-content\/uploads\/2020\/02\/BOND-4.mp3\">https:\/\/www.radiopiu.net\/wordpress\/wp-content\/uploads\/2020\/02\/BOND-4.mp3<\/a><\/audio>\n<p>&nbsp;<\/p>\n<p><span style=\"color: #0000ff;\">Monica Lotto<\/span> segretaria provinciale PD <em>\u201cPer una manciata di voti non abbiamo portato a casa anche il settimo consigliere. <\/em><\/p>\n<p><span style=\"color: #0000ff;\"><a class=\"_6qw4\" style=\"color: #0000ff;\" href=\"https:\/\/www.facebook.com\/moira.fiorot\" data-hovercard=\"\/ajax\/hovercard\/user.php?id=1291345154&amp;extragetparams={&quot;directed_target_id&quot;: &quot;61488111720&quot;}\">Moira Fiorot<\/a>\u00a0<\/span><em><span dir=\"ltr\"><span class=\"_3l3x\">nel consiglio provinciale sono stati eletti 6 consiglieri della lista di centro sinistra che rappresentano in modo uniforme i diversi territori della Provincia &#8211; OTTIMO RISULTATO avendo ottenuto la maggioranza nel consiglio provinciale<\/span><\/span><\/em><\/p>\n<p><span style=\"color: #0000ff;\"><a id=\"js_vp\" class=\"_6qw4\" style=\"color: #0000ff;\" href=\"https:\/\/www.facebook.com\/danilo.marmolada\" data-hovercard=\"\/ajax\/hovercard\/user.php?id=100000649831704&amp;extragetparams={&quot;directed_target_id&quot;: &quot;61488111720&quot;}\" aria-describedby=\"u_29_1\" aria-owns=\"js_vd\">Danilo Marmolada<\/a>\u00a0<\/span><em><span dir=\"ltr\"><span class=\"_3l3x\">Certo che la legge Delrio \u00e9 proprio pessima.<\/span><\/span><\/em><\/p>\n<p><span style=\"color: #0000ff;\">Luca De Carlo<\/span> <em>Ottimo risultato per Bogana e FdI. Subito vertice di centrodestra e poi incontro con il presidente Padrin. Oggi il destino politico della Provincia \u00e8 nelle mani dei soli sindaci e consiglieri comunali: spero che questa sia stata l&#8217;ultima volta.<\/em><\/p>\n<h2><\/h2>\n<p>&nbsp;<\/p>\n<p>&nbsp;<\/p>\n<hr \/>\n<h3><\/h3>\n<p>&nbsp;<\/p>\n<p>&nbsp;<\/p>\n<p>&nbsp;<\/p>\n<h3>DAL 9 MARZO PIAZZA CHIUSA, DEVIAZIONI IN TANGENZIALE.<\/h3>\n<blockquote>\n<h4><em>NUOVO LOOK PER PIAZZA LIBERTA&#8217;<\/em><\/h4>\n<\/blockquote>\n<p><strong><span style=\"color: #ff0000;\">DIVIETI DI TRANSITO VEICOLARE E PEDONALE:<\/span><\/strong> in Via Santa Maria, Corso Degli Alpini, Piazza Santa Maria; impossibile una viabilit\u00e0 alternativa interna, stante anche la presenza del mercato settimanale che implicherebbe una ulteriore modifica nel giorno di svolgimento. Transito interdetto in toto\u00a0 in Piazza Della Libert\u00e0, con deviazione dei mezzi, che provengono da sud quelli\u00a0 e che vengono da nord, lungo la tangenziale di Agordo. Quindi l&#8217;ordinanza di\u00a0 \u201cDivieto di transito ai veicoli di massa superiore a 3,50 \u00e8 estesa a tutti gli automezzi, compreso il servizio di trasporto pubblico<\/p>\n<blockquote>\n<h3><strong style=\"font-size: 14px;\"><img loading=\"lazy\" decoding=\"async\" class=\"alignleft\" src=\"https:\/\/www.radiopiu.net\/wordpress\/wp-content\/uploads\/2019\/07\/1-AGORDO-10-8-2018-4.jpg\" width=\"193\" height=\"129\" \/><\/strong><\/h3>\n<\/blockquote>\n<p><strong>AGORDO<\/strong> Nuovi lavori alla pavimentazione in Piazza della Libert\u00e0, ne ne occuper\u00e0 la ditta DM di Marino Dalle Mule. Per questo da lunedi 9 marzo\u00a0 e\u00a0 fino ad ultimazione dei lavori (presumibilmente fine marzo) \u00e8: interdetto il transito a tutti gli autoveicoli, compreso il servizio di trasporto pubblico. Vietato il transito pedonale e veicolare, la sosta e il parcheggio, con rimozione forzata dei veicoli, lungo la S.R. 203 Agordina in Piazza Libert\u00e0, dall\u2019innesto Piazza lato nord, civico n. 29 (davanti all\u2019Istituto Unicredit) e fino al civico n. 27 (corrispondenza dell\u2019attivit\u00e0 Dersut) , ivi compresi tutti gli stalli presenti nel tratto interessato. Vietato il transito in Via Santa Maria, Corso Degli Alpini, Piazza Santa Maria. Sono esclusi dal\u00a0 provvedimento, fatta salva la zona delimitata quale cantiere di lavoro: i residenti; i mezzi aventi come origine\/destinazione punti interni al centro abitato di Agordo; i mezzi di soccorso, di emergenza, di pronto intervento, delle Forze dell\u2019Ordine e della manutenzione stradale; i mezzi della pubblica amministrazione, o in via generica di soggetti gestori di servizi pubblici, aventi come origine\/destinazione punti interni alla zona delimitata, purch\u00e9 la destinazione sia accessibile.<\/p>\n<p>&nbsp;<\/p>\n<p>&nbsp;<\/p>\n<hr \/>\n<p>&nbsp;<\/p>\n<p>&nbsp;<\/p>\n<h2><span style=\"color: #ff0000;\">LA BELLA NOTIZIA\u00a0<\/span><\/h2>\n<blockquote>\n<h2>ACQUA FRESCA E POTABILE A SAN TOMASO, ANCHE AD AVOSCAN. SI MUOVE IL CONSIGLIO DI BACINO<\/h2>\n<\/blockquote>\n<p><strong><a class=\"dt-pswp-item\" href=\"https:\/\/www.radiopiu.net\/wordpress\/wp-content\/uploads\/2015\/10\/300px-San_Tomaso_Ag.jpg\" data-dt-img-description=\"\" data-large_image_width=\"300\" data-large_image_height=\"225\"><img loading=\"lazy\" decoding=\"async\" class=\"size-medium wp-image-11619 alignleft\" src=\"https:\/\/www.radiopiu.net\/wordpress\/wp-content\/uploads\/2015\/10\/300px-San_Tomaso_Ag-300x225.jpg\" alt=\"\" width=\"300\" height=\"225\" \/><\/a>SAN TOMASO<\/strong> Dalle parole ai fatti, entro breve l&#8217;inizio dei lavori, gi\u00e0 alla fine di aprile. Per Avoscan sar\u00e0 la fine dei problemi, per le frazioni Piaia e Pecol buone notizie dal capitolo finanziamenti per mettere in condizione Gsp di poter operare sulle opere di presa dopo l&#8217;uragano vaia. I cittadini avranno un&#8217;acqua degna del suo nome e delle sue qualit\u00e0.<\/p>\n<p>&nbsp;<\/p>\n<p><strong>MORENO DE VAL SINDACO DI SAN TOMASO\u00a0<\/strong><\/p>\n<audio class=\"wp-audio-shortcode\" id=\"audio-117951-8\" preload=\"none\" style=\"width: 100%;\" controls=\"controls\"><source type=\"audio\/mpeg\" src=\"https:\/\/www.radiopiu.net\/wordpress\/wp-content\/uploads\/2020\/02\/acqua-potabile-moreno.mp3?_=8\" \/><a href=\"https:\/\/www.radiopiu.net\/wordpress\/wp-content\/uploads\/2020\/02\/acqua-potabile-moreno.mp3\">https:\/\/www.radiopiu.net\/wordpress\/wp-content\/uploads\/2020\/02\/acqua-potabile-moreno.mp3<\/a><\/audio>\n<h2><\/h2>\n<p>&nbsp;<\/p>\n<hr \/>\n<blockquote>\n<h2><\/h2>\n<h2><\/h2>\n<h2>LA STRADA TAGLIA FUOCO&#8230; CHE NON C&#8217;E&#8217;<\/h2>\n<\/blockquote>\n<p><strong>TAIBON<\/strong> Nel notiziario della scorsa settimana abbiamo riproposto il problema della strada taglia fuoco che non c&#8217;\u00e8. Anche il sindaco Silvia Tormen si \u00e8 espressa a favore di una simile progettualit\u00e0. Vale la pena a questo proposito rispolverare anche un contributo del novembre 2018. Quella strada sopra Forno di Val poteva essere gi\u00e0 stata fatta da alcuni anni dai privati senza alcun intervento economico da parte del Comune.<\/p>\n<div class=\"\">\n<div class=\"_42ef\">\n<div>\n<div class=\"_6c7i\">\n<div class=\"_680y\">\n<div class=\"_6cuy\">\n<div>\n<div class=\" _6qw3\" data-ft=\"{&quot;tn&quot;:&quot;K&quot;}\" data-testid=\"UFI2Comment\/body\">\n<div class=\"_72vr\"><span style=\"color: #0000ff;\"><em><a class=\"dt-pswp-item\" href=\"https:\/\/www.radiopiu.net\/wordpress\/wp-content\/uploads\/2020\/02\/68725733_10217461230115545_5822742289092444160_o.jpg\" data-dt-img-description=\"\" data-large_image_width=\"466\" data-large_image_height=\"960\"><img loading=\"lazy\" decoding=\"async\" class=\"wp-image-117986 alignleft\" src=\"https:\/\/www.radiopiu.net\/wordpress\/wp-content\/uploads\/2020\/02\/68725733_10217461230115545_5822742289092444160_o-146x300.jpg\" alt=\"\" width=\"81\" height=\"166\" srcset=\"https:\/\/www.radiopiu.net\/wordpress\/wp-content\/uploads\/2020\/02\/68725733_10217461230115545_5822742289092444160_o-146x300.jpg 146w, https:\/\/www.radiopiu.net\/wordpress\/wp-content\/uploads\/2020\/02\/68725733_10217461230115545_5822742289092444160_o.jpg 466w\" sizes=\"auto, (max-width: 81px) 100vw, 81px\" \/><\/a><a class=\"_6qw4\" style=\"color: #0000ff;\" href=\"https:\/\/www.facebook.com\/gianni.pezze\" data-hovercard=\"\/ajax\/hovercard\/user.php?id=100000528468724&amp;extragetparams={&quot;directed_target_id&quot;: &quot;61488111720&quot;}\">Gianni Pezze&#8217;*<\/a> (consigliere comunale Rocca Pietore) <\/em><\/span><em><span dir=\"ltr\"><span class=\"_3l3x _1n4g\">Riguardo le strade taglia fuoco, secondo me, visto che si andranno a fare dei mega lavori, con ripari per caduta massi e para valanghe, a protezione dei paesi,strade e quant&#8217;altro. Questo \u00e8 il momento di porre in essere la decisione di creare delle strade silvo pastorali per accedere ai vari cantieri, invece che utilizzare elicotteri per le opere. Queste potranno servire nel futuro come strade Taglia Fuoco e di accesso alle zone boschive interessate dagli incendi ai mezzi di soccorso a terra. <\/span><\/span><\/em><\/div>\n<\/div>\n<\/div>\n<\/div>\n<div><\/div>\n<\/div>\n<\/div>\n<\/div>\n<\/div>\n<\/div>\n<p><strong>ARCHIVIO RADIOPIU 26 NOVEMBRE 2018<\/strong><\/p>\n<blockquote class=\"wp-embedded-content\" data-secret=\"6knP5O9yqU\"><p><a href=\"https:\/\/www.radiopiu.net\/wordpress\/limportanza-delle-strade-forestali-e-silvopastorali-per-il-comune-di-taibon-agordino\/\">L\u2019IMPORTANZA DELLE STRADE FORESTALI E SILVOPASTORALI PER IL COMUNE DI TAIBON AGORDINO<\/a><\/p><\/blockquote>\n<p><iframe loading=\"lazy\" title=\"&#8220;L\u2019IMPORTANZA DELLE STRADE FORESTALI E SILVOPASTORALI PER IL COMUNE DI TAIBON AGORDINO&#8221; &#8212; Radio Pi\u00f9\" class=\"wp-embedded-content\" sandbox=\"allow-scripts\" security=\"restricted\" style=\"position: absolute; clip: rect(1px, 1px, 1px, 1px);\" src=\"https:\/\/www.radiopiu.net\/wordpress\/limportanza-delle-strade-forestali-e-silvopastorali-per-il-comune-di-taibon-agordino\/embed\/#?secret=6knP5O9yqU\" data-secret=\"6knP5O9yqU\" width=\"600\" height=\"338\" frameborder=\"0\" marginwidth=\"0\" marginheight=\"0\" scrolling=\"no\"><\/iframe><\/p>\n<p>&nbsp;<\/p>\n<p>&nbsp;<\/p>\n<hr \/>\n<p>&nbsp;<\/p>\n<p>&nbsp;<\/p>\n<p>&nbsp;<\/p>\n<blockquote>\n<h3>LE ORDINANZE CHE NON HANNO EFFETTO, L&#8217;INVITO AL SINDACO E UFFICIO TECNICO.<\/h3>\n<\/blockquote>\n<p><strong><a class=\"dt-pswp-item\" href=\"https:\/\/www.radiopiu.net\/wordpress\/wp-content\/uploads\/2020\/02\/86384361_10219382564229041_6708736485400510464_n.jpg\" data-dt-img-description=\"\" data-large_image_width=\"488\" data-large_image_height=\"960\"><img loading=\"lazy\" decoding=\"async\" class=\"size-medium wp-image-118091 alignleft\" src=\"https:\/\/www.radiopiu.net\/wordpress\/wp-content\/uploads\/2020\/02\/86384361_10219382564229041_6708736485400510464_n-153x300.jpg\" alt=\"\" width=\"153\" height=\"300\" srcset=\"https:\/\/www.radiopiu.net\/wordpress\/wp-content\/uploads\/2020\/02\/86384361_10219382564229041_6708736485400510464_n-153x300.jpg 153w, https:\/\/www.radiopiu.net\/wordpress\/wp-content\/uploads\/2020\/02\/86384361_10219382564229041_6708736485400510464_n.jpg 488w\" sizes=\"auto, (max-width: 153px) 100vw, 153px\" \/><\/a>RIVAMONTE<\/strong> Tre mesi fa l&#8217;ordinanza di chiusura della strada comunale per Sep e Schena per la caduta di calcinacci da un rudere. Il sindaco ha quindi firmato l&#8217;ordinanza con una precisa scadenza, i proprietari del rudere avrebbero dovuto intervenire ma il 24 gennaio (giorno di scadenza) la situazione era esattamente come due mesi prima. La strada oggi \u00e8 ancora chiusa nonostante sembrasse dovesse riaprire\u00a0 quasi un mese fa. Ora anche il consigliere Giuliano Laveder, eletto con il sindaco Giovanni Nino Deon,\u00a0 interviene chiedendo il rispetto dell&#8217;ordinanza, ma anche il rispetto per quei cittadini che non possono tornare a casa con i loro mezzi ma sono costretti a lunghe camminate dal punto dell&#8217;interruzione.<\/p>\n<p><strong>DUE PESI DUE MISURE<\/strong><\/p>\n<blockquote><p><em> &#8220;Come gi\u00e0 avevo detto &#8211; ricorda Laveder &#8211; quando le ordinanze si fanno devono essere rispettate e non modificate a piacimento. Se si danno 15 giorni per demolire una vecchia casa e i proprietari non lo fanno, il Comune deve intervenire e poi mandare il conto ai proprietari. Come si fa a lasciare gli abitanti di una frazione senza strada? In altri casi l&#8217;ordinanza prevedeva 5 giorni di tempo e al sesto il Comune interveniva anche se non c&#8217;erano abitanti isolati&#8230;&#8221;<\/em><\/p><\/blockquote>\n<p>&nbsp;<\/p>\n<hr \/>\n<p>&nbsp;<\/p>\n<p>&nbsp;<\/p>\n<h2>\u00a0NOTIZIARIO DEL 23 GENNAIO 2020<\/h2>\n<blockquote class=\"wp-embedded-content\" data-secret=\"aq5OLfPUOm\"><p><a href=\"https:\/\/www.radiopiu.net\/wordpress\/sep\/\">CADONO I CALCINACCI E LA GIA&#8217; DISSESTATA STRADA COMUNALE RIMANE CHIUSA<\/a><\/p><\/blockquote>\n<p><iframe loading=\"lazy\" title=\"&#8220;CADONO I CALCINACCI E LA GIA&#8217; DISSESTATA STRADA COMUNALE RIMANE CHIUSA&#8221; &#8212; Radio Pi\u00f9\" class=\"wp-embedded-content\" sandbox=\"allow-scripts\" security=\"restricted\" style=\"position: absolute; clip: rect(1px, 1px, 1px, 1px);\" src=\"https:\/\/www.radiopiu.net\/wordpress\/sep\/embed\/#?secret=aq5OLfPUOm\" data-secret=\"aq5OLfPUOm\" width=\"600\" height=\"338\" frameborder=\"0\" marginwidth=\"0\" marginheight=\"0\" scrolling=\"no\"><\/iframe><\/p>\n<p>&nbsp;<\/p>\n<p>&nbsp;<\/p>\n<p>&nbsp;<\/p>\n<hr \/>\n<p>&nbsp;<\/p>\n<p>&nbsp;<\/p>\n<p>&nbsp;<\/p>\n<blockquote>\n<h3>PM 10 UNDICI SFORAMENTI NEL FELTRINO, LA PIOGGIA AIUTERA&#8217;<\/h3>\n<\/blockquote>\n<p><strong><a class=\"dt-pswp-item\" href=\"https:\/\/www.radiopiu.net\/wordpress\/wp-content\/uploads\/2020\/01\/Feltre-catino.jpg\" data-dt-img-description=\"\" data-large_image_width=\"2000\" data-large_image_height=\"1500\"><img loading=\"lazy\" decoding=\"async\" class=\"alignnone size-medium wp-image-111853\" src=\"https:\/\/www.radiopiu.net\/wordpress\/wp-content\/uploads\/2020\/01\/Feltre-catino-300x225.jpg\" alt=\"\" width=\"300\" height=\"225\" srcset=\"https:\/\/www.radiopiu.net\/wordpress\/wp-content\/uploads\/2020\/01\/Feltre-catino-300x225.jpg 300w, https:\/\/www.radiopiu.net\/wordpress\/wp-content\/uploads\/2020\/01\/Feltre-catino-1024x768.jpg 1024w, https:\/\/www.radiopiu.net\/wordpress\/wp-content\/uploads\/2020\/01\/Feltre-catino-768x576.jpg 768w, https:\/\/www.radiopiu.net\/wordpress\/wp-content\/uploads\/2020\/01\/Feltre-catino-1536x1152.jpg 1536w, https:\/\/www.radiopiu.net\/wordpress\/wp-content\/uploads\/2020\/01\/Feltre-catino.jpg 2000w\" sizes=\"auto, (max-width: 300px) 100vw, 300px\" \/> \u00a0 \u00a0 <\/a><\/strong><\/p>\n<p><strong>F<\/strong><strong>ELTRE<\/strong><\/p>\n<p><strong>DI DAMIANO TORMEN\u00a0<\/strong><\/p>\n<audio class=\"wp-audio-shortcode\" id=\"audio-117951-9\" preload=\"none\" style=\"width: 100%;\" controls=\"controls\"><source type=\"audio\/mpeg\" src=\"https:\/\/www.radiopiu.net\/wordpress\/wp-content\/uploads\/2020\/02\/damiano-4.mp3?_=9\" \/><a href=\"https:\/\/www.radiopiu.net\/wordpress\/wp-content\/uploads\/2020\/02\/damiano-4.mp3\">https:\/\/www.radiopiu.net\/wordpress\/wp-content\/uploads\/2020\/02\/damiano-4.mp3<\/a><\/audio>\n<p>&nbsp;<\/p>\n<p>&nbsp;<\/p>\n<hr \/>\n<p>&nbsp;<\/p>\n<p>&nbsp;<\/p>\n<blockquote>\n<h3>UN NUOVO FUTURO PER L\u2019IMPRESA F. LLI ROMOR<\/h3>\n<\/blockquote>\n<p><strong>BELLUNO<\/strong> <em>\u00abSapevamo che poteva succedere e per questo abbiamo puntato negli anni a sviluppare una professionalit\u00e0 che sapesse vivere anche senza gli impianti di inerte e calcestruzzo\u00bb.<\/em> Con queste parole Gino Romor titolare dell\u2019impresa F.lli Romor assieme ai fratelli Enrico e Tiziano spiega la scelta di lasciare gli impianti per la produzione di calcestruzzo, parte del ramo d\u2019impresa, preso in affitto nel 2013. L\u2019auspicio era certamente quello di portare avanti al meglio una tradizione \u201cdi famiglia\u201d, ma pi\u00f9 importante \u00e8 stata la scelta di puntare su investimenti che potessero garantire all\u2019impresa F.lli Romor, nata sulle ceneri della vecchia \u201cRomor\u201d, un futuro all\u2019altezza delle sfide che i cantieri oggi impongono. <em>\u00abChiaramente \u2013 continua il titolare \u2013 in questi anni abbiamo cercato di gestire al meglio gli impianti con un grosso impegno anche a fronte dei danni di Vaia, e sapere che tanto lavoro andr\u00e0 un po\u2019 perso ha il suo peso; inoltre ancora una volta \u00e8 un\u2019impresa non bellunese quella che a colpi di migliaia di euro ha acquisito all&#8217;asta gli impianti, con un danno in termini di concorrenza che temo si ripercuoter\u00e0 in tutto il segmento . Sono certo \u2013 conclude Romor &#8211; che sapremo valorizzare l\u2019esperienza accumulata in questi anni, e punteremo con maggiore impegno, all&#8217;obiettivo di far crescere l\u2019impresa<\/em><\/p>\n<p>&nbsp;<\/p>\n<p>&nbsp;<\/p>\n<hr \/>\n<p>&nbsp;<\/p>\n<p>&nbsp;<\/p>\n<blockquote>\n<h3>OCCHIALERIA TRA CADORE E FELTRINO \u2013 I CORSI \u201cIN LOCO\u201d DI REVIVISCAR PER AFFRONTARE I MERCATI INTERNAZIONALI<\/h3>\n<\/blockquote>\n<p><strong>BELLUNO\u00a0 <\/strong>\u00a0Nel mare agitato dell\u2019economia globale, tra effetto coronavirus, dazi e Brexit, Reviviscar offre una bussola ai naviganti dell\u2019occhialeria. Dopo le tappe di Feltre arriva in Cadore il corso di formazione (16 ore)\u00a0 dedicato ai nuovi scenari internazionali, accordi commerciali e mercati, dedicato ai dipendenti del comparto eyewear.\u00a0 \u00a0Per informazioni rivolgersi a Reviviscar all\u2019indirizzo mail\u00a0info@reviviscar.it\u00a0o al numero 0437 951111.<\/p>\n<p>&nbsp;<\/p>\n<p>&nbsp;<\/p>\n<hr \/>\n<p>&nbsp;<\/p>\n<p>&nbsp;<\/p>\n<blockquote>\n<h1>\u201cLa professione del Preparatore Atletico: dalla programmazione al campo passando dall\u2019interazione con atleti e staff\u201d<\/h1>\n<\/blockquote>\n<p><strong><a class=\"dt-pswp-item\" href=\"https:\/\/www.radiopiu.net\/wordpress\/wp-content\/uploads\/2020\/02\/15936885_748434531985956_6251999130008167725_o.jpg\" data-dt-img-description=\"\" data-large_image_width=\"2048\" data-large_image_height=\"1808\"><img loading=\"lazy\" decoding=\"async\" class=\"size-medium wp-image-118077 alignleft\" src=\"https:\/\/www.radiopiu.net\/wordpress\/wp-content\/uploads\/2020\/02\/15936885_748434531985956_6251999130008167725_o-300x265.jpg\" alt=\"\" width=\"300\" height=\"265\" srcset=\"https:\/\/www.radiopiu.net\/wordpress\/wp-content\/uploads\/2020\/02\/15936885_748434531985956_6251999130008167725_o-300x265.jpg 300w, https:\/\/www.radiopiu.net\/wordpress\/wp-content\/uploads\/2020\/02\/15936885_748434531985956_6251999130008167725_o-1024x904.jpg 1024w, https:\/\/www.radiopiu.net\/wordpress\/wp-content\/uploads\/2020\/02\/15936885_748434531985956_6251999130008167725_o-768x678.jpg 768w, https:\/\/www.radiopiu.net\/wordpress\/wp-content\/uploads\/2020\/02\/15936885_748434531985956_6251999130008167725_o-1536x1356.jpg 1536w, https:\/\/www.radiopiu.net\/wordpress\/wp-content\/uploads\/2020\/02\/15936885_748434531985956_6251999130008167725_o.jpg 2048w\" sizes=\"auto, (max-width: 300px) 100vw, 300px\" \/><\/a>AGORDO<\/strong> L\u2019Istituto d\u2019Istruzione Superiore \u201cFollador \u2013 De Rossi\u201d presenta la conferenza \u201cLa professione del Preparatore Atletico: dalla programmazione al campo passando dall\u2019interazione con atleti e staff\u201d che si terr\u00e0 presso il nostro Istituto gioved\u00ec 20 febbraio 2020 dalle ore 10:00 alle ore 13:00. La conferenza \u00e8 indirizzata agli studenti degli ultimi tre anni del Liceo Scientifico ad Indirizzo Sportivo dell\u2019IIS Follador de Rossi di Agordo\/Falcade e si inserisce, oltre che negli argomenti curricolari, come ad esempio la <strong><a class=\"dt-pswp-item\" href=\"https:\/\/www.radiopiu.net\/wordpress\/wp-content\/uploads\/2019\/08\/follador2.jpg\" data-dt-img-description=\"\" data-large_image_width=\"1599\" data-large_image_height=\"799\"><img loading=\"lazy\" decoding=\"async\" class=\"size-medium wp-image-95030 alignright\" src=\"https:\/\/www.radiopiu.net\/wordpress\/wp-content\/uploads\/2019\/08\/follador2-300x150.jpg\" alt=\"\" width=\"300\" height=\"150\" srcset=\"https:\/\/www.radiopiu.net\/wordpress\/wp-content\/uploads\/2019\/08\/follador2-300x150.jpg 300w, https:\/\/www.radiopiu.net\/wordpress\/wp-content\/uploads\/2019\/08\/follador2-768x384.jpg 768w, https:\/\/www.radiopiu.net\/wordpress\/wp-content\/uploads\/2019\/08\/follador2-1024x512.jpg 1024w, https:\/\/www.radiopiu.net\/wordpress\/wp-content\/uploads\/2019\/08\/follador2.jpg 1599w\" sizes=\"auto, (max-width: 300px) 100vw, 300px\" \/><\/a><\/strong>programmazione dell\u2019allenamento, la metodologia dell\u2019allenamento sportivo, la modulazione del carico di allenamento ecc&#8230; anche nel progetto di Precorsi per le Competenze Trasversali e l\u2019Orientamento (PCTO) che ha come obiettivo il far conoscere i diversi percorsi lavorativi che i diplomati potrebbero intraprendere attraverso la conoscenza, ma anche la sperimentazione diretta, di professioni e mansioni particolari, ma sempre nell\u2019ambito sportivo. Per far questo l\u2019Istituto si \u00e8 dotato, da due anni a questa parte, di due laboratori che permettono agli studenti del secondo biennio e del quinto anno di conoscere il mondo del lavoro che gira attorno alle palestre e ad alcune professioni dello sport e del fitness. Si tratta, in buona sostanza, di una sala pesi completa, anche se non molto ampia, e di un laboratorio\/palestra dove svolgere alcuni test posturali, alcune misurazioni antropometriche ed \u201cLa professione del Preparatore Atletico: dalla programmazione al campo passando dall\u2019interazione con atleti e staff\u201d<\/p>\n<p>&nbsp;<\/p>\n<p>&nbsp;<\/p>\n<hr \/>\n<p>&nbsp;<\/p>\n<p>&nbsp;<\/p>\n<blockquote>\n<h3>50 STUDENTI ADERISCONO AL CONSIGLIO COMUNALE DEI RAGAZZI<\/h3>\n<\/blockquote>\n<p><a class=\"dt-pswp-item\" href=\"https:\/\/www.radiopiu.net\/wordpress\/wp-content\/uploads\/2020\/02\/a35429c4-5477-460d-b2f1-74681bf7efb6.jpg\" data-dt-img-description=\"\" data-large_image_width=\"1600\" data-large_image_height=\"1200\"><img loading=\"lazy\" decoding=\"async\" class=\" wp-image-117954 alignleft\" src=\"https:\/\/www.radiopiu.net\/wordpress\/wp-content\/uploads\/2020\/02\/a35429c4-5477-460d-b2f1-74681bf7efb6-300x225.jpg\" alt=\"\" width=\"211\" height=\"158\" srcset=\"https:\/\/www.radiopiu.net\/wordpress\/wp-content\/uploads\/2020\/02\/a35429c4-5477-460d-b2f1-74681bf7efb6-300x225.jpg 300w, https:\/\/www.radiopiu.net\/wordpress\/wp-content\/uploads\/2020\/02\/a35429c4-5477-460d-b2f1-74681bf7efb6-1024x768.jpg 1024w, https:\/\/www.radiopiu.net\/wordpress\/wp-content\/uploads\/2020\/02\/a35429c4-5477-460d-b2f1-74681bf7efb6-768x576.jpg 768w, https:\/\/www.radiopiu.net\/wordpress\/wp-content\/uploads\/2020\/02\/a35429c4-5477-460d-b2f1-74681bf7efb6-1536x1152.jpg 1536w, https:\/\/www.radiopiu.net\/wordpress\/wp-content\/uploads\/2020\/02\/a35429c4-5477-460d-b2f1-74681bf7efb6.jpg 1600w\" sizes=\"auto, (max-width: 211px) 100vw, 211px\" \/><\/a><strong>ALPAGO<\/strong> Sono gi\u00e0 oltre una cinquantina gli studenti delle scuole medie di Puos e Farra che hanno aderito al progetto del Consiglio comunale dei ragazzi. L&#8217;iniziativa, nata alcuni anni fa a Pieve, \u00e8 stata estesa dall&#8217;Amministrazione, con la fattiva collaborazione degli insegnanti, al territorio del nuovo comune unico, con l&#8217;intento evidente di avvicinare i pi\u00f9 giovani alle istituzioni locali e renderli attivamente partecipi della vita comunitaria. Nei giorni scorsi, alla presenza del sindaco e del vicesindaco con delega all\u2019istruzione di Alpago, si \u00e8 tenuto il primo incontro di presentazione dell&#8217;iniziativa.\u00a0Tra i primi impegni del nuovo Consiglio comunale dei ragazzi di Alpago vi sono la redazione del regolamento e dello statuto, oltre alle elezioni che porteranno all&#8217;individuazione delle cariche rappresentative. La dirigente dell&#8217;Istituto Comprensivo, Orietta Isotton, ha espresso la sua soddisfazione per l&#8217;esperienza fatta nell&#8217;ambito del consiglio comunale di Lozzo che si \u00e8 distinto negli anni per il ricco ventaglio di attivit\u00e0 e per l&#8217;entusiasmo con cui \u00e8 cresciuto nel tempo, tanto che nel 2019 i ragazzi sono risultati vincitori di un importante riconoscimento da parte del Prefetto di Belluno per il progetto &#8220;La Costituzione entra nei nostri paesi&#8221;.<\/p>\n<p>&nbsp;<\/p>\n<p>&nbsp;<\/p>\n<hr \/>\n<p>&nbsp;<\/p>\n<blockquote>\n<h3>AL VIA I \u201cTANDEM LINGUISTICI\u201d DEL COMITATO D&#8217;INTESA<\/h3>\n<\/blockquote>\n<p><a class=\"dt-pswp-item\" href=\"https:\/\/www.radiopiu.net\/wordpress\/wp-content\/uploads\/2020\/02\/i-giovani-del-corpo-europeo-di-solidariet\u00e0.jpeg\" data-dt-img-description=\"\" data-large_image_width=\"1600\" data-large_image_height=\"1200\"><img loading=\"lazy\" decoding=\"async\" class=\" wp-image-117952 alignleft\" src=\"https:\/\/www.radiopiu.net\/wordpress\/wp-content\/uploads\/2020\/02\/i-giovani-del-corpo-europeo-di-solidariet\u00e0-300x225.jpeg\" alt=\"\" width=\"255\" height=\"191\" srcset=\"https:\/\/www.radiopiu.net\/wordpress\/wp-content\/uploads\/2020\/02\/i-giovani-del-corpo-europeo-di-solidariet\u00e0-300x225.jpeg 300w, https:\/\/www.radiopiu.net\/wordpress\/wp-content\/uploads\/2020\/02\/i-giovani-del-corpo-europeo-di-solidariet\u00e0-1024x768.jpeg 1024w, https:\/\/www.radiopiu.net\/wordpress\/wp-content\/uploads\/2020\/02\/i-giovani-del-corpo-europeo-di-solidariet\u00e0-768x576.jpeg 768w, https:\/\/www.radiopiu.net\/wordpress\/wp-content\/uploads\/2020\/02\/i-giovani-del-corpo-europeo-di-solidariet\u00e0-1536x1152.jpeg 1536w, https:\/\/www.radiopiu.net\/wordpress\/wp-content\/uploads\/2020\/02\/i-giovani-del-corpo-europeo-di-solidariet\u00e0.jpeg 1600w\" sizes=\"auto, (max-width: 255px) 100vw, 255px\" \/><\/a><strong>BELLUNO<\/strong> Incontri di conversazione in lingua, gratuiti, individuali o di gruppo. Sono i \u201cTandem linguistici\u201d promossi dai volontari dell&#8217;Area Europa del Comitato d&#8217;intesa. Domani \u00a0dalle 15 alle 17 presso il Comitato d&#8217;intesa avr\u00e0 luogo l&#8217;inaugurazione dell&#8217;iniziativa \u201cTandem\u201d. Per l&#8217;occasione vi sar\u00e0 anche la presentazione dei programmi Erasmus+ e Corpo Europeo di Solidariet\u00e0 con l&#8217;obiettivo di coinvolgere giovani potenzialmente interessati a scambi culturali. Dopo il primo appuntamento, gli incontri \u201cTandem\u201d avranno luogo ogni mercoled\u00ec pomeriggio, sempre al Comitato dalle 15 alle 17.\u00a0 Si tratta di conversazioni individuali o di gruppo in lingua inglese, francese o spagnola. Protagonisti delle conversazioni saranno i giovani volontari del progetto Corpo Europeo di Solidariet\u00e0, ora ospiti a Belluno, e provenienti da Albania, Kosovo, Spagna e Tunisia. Per questioni organizzative \u00e8 necessaria l&#8217;iscrizione alla mail europa@csvbelluno.it<\/p>\n<p>&nbsp;<\/p>\n<p>&nbsp;<\/p>\n<p>&nbsp;<\/p>\n<hr \/>\n<p>&nbsp;<\/p>\n<p>&nbsp;<\/p>\n<blockquote>\n<h3>GIU&#8217; LE MANI DALLA NOSTRA TERRA: NO A NUOVI IMPIANTI. QUESTA SERA L&#8217;INCONTRO<\/h3>\n<\/blockquote>\n<blockquote><p><em><a class=\"dt-pswp-item\" href=\"https:\/\/www.radiopiu.net\/wordpress\/wp-content\/uploads\/2020\/02\/69482436_10214380912104862_2307718836180221952_n.jpg\" data-dt-img-description=\"\" data-large_image_width=\"581\" data-large_image_height=\"581\"><img loading=\"lazy\" decoding=\"async\" class=\"wp-image-117357 alignleft\" src=\"https:\/\/www.radiopiu.net\/wordpress\/wp-content\/uploads\/2020\/02\/69482436_10214380912104862_2307718836180221952_n-300x300.jpg\" alt=\"\" width=\"135\" height=\"135\" srcset=\"https:\/\/www.radiopiu.net\/wordpress\/wp-content\/uploads\/2020\/02\/69482436_10214380912104862_2307718836180221952_n-300x300.jpg 300w, https:\/\/www.radiopiu.net\/wordpress\/wp-content\/uploads\/2020\/02\/69482436_10214380912104862_2307718836180221952_n-150x150.jpg 150w, https:\/\/www.radiopiu.net\/wordpress\/wp-content\/uploads\/2020\/02\/69482436_10214380912104862_2307718836180221952_n.jpg 581w\" sizes=\"auto, (max-width: 135px) 100vw, 135px\" \/><\/a>Dorigo: \u00ab\u00c8 un&#8217;iniziativa calata dall&#8217;alto, gran parte della popolazione \u00e8 contraria\u00bb<\/em><\/p><\/blockquote>\n<p><strong>LIVINALLONGO<\/strong>\u00a0 \u00a0Questa sera alle 20.30 al Taulac di Pieve di Livinallongo il primo incontro di una preannunciata &#8220;battaglia&#8221; che non mancher\u00e0 di richiamare l&#8217;interesse non solo della gente del luogo. Primo obiettivo la creazione di un comitato per il No.<\/p>\n<p><strong><span style=\"color: #ff0000;\">IERI LO SPECIALE ALLA RADIO<\/span><\/strong><\/p>\n<p><strong><span style=\"color: #ff0000;\">CON DENNI DORIGO<\/span><\/strong><\/p>\n<audio class=\"wp-audio-shortcode\" id=\"audio-117951-10\" preload=\"none\" style=\"width: 100%;\" controls=\"controls\"><source type=\"audio\/mpeg\" src=\"https:\/\/www.radiopiu.net\/wordpress\/wp-content\/uploads\/2020\/02\/denni-dorigo-scade-martedi.mp3?_=10\" \/><a href=\"https:\/\/www.radiopiu.net\/wordpress\/wp-content\/uploads\/2020\/02\/denni-dorigo-scade-martedi.mp3\">https:\/\/www.radiopiu.net\/wordpress\/wp-content\/uploads\/2020\/02\/denni-dorigo-scade-martedi.mp3<\/a><\/audio>\n<p>&nbsp;<\/p>\n<p>&nbsp;<\/p>\n<p>&nbsp;<\/p>\n<hr \/>\n<p>&nbsp;<\/p>\n<p>&nbsp;<\/p>\n<blockquote>\n<h3>FELTRE HA IL NUOVO SEGRETARIO COMUNALE<\/h3>\n<\/blockquote>\n<p><strong> <span style=\"font-size: large;\"><b><a class=\"dt-pswp-item\" href=\"https:\/\/www.radiopiu.net\/wordpress\/wp-content\/uploads\/2020\/02\/826c110e-d6a0-4ea1-9b8a-d3d9d784b99f-1.jpg\" data-dt-img-description=\"\" data-large_image_width=\"1600\" data-large_image_height=\"1200\"><img loading=\"lazy\" decoding=\"async\" class=\" wp-image-118059 alignleft\" src=\"https:\/\/www.radiopiu.net\/wordpress\/wp-content\/uploads\/2020\/02\/826c110e-d6a0-4ea1-9b8a-d3d9d784b99f-1-300x225.jpg\" alt=\"\" width=\"151\" height=\"113\" srcset=\"https:\/\/www.radiopiu.net\/wordpress\/wp-content\/uploads\/2020\/02\/826c110e-d6a0-4ea1-9b8a-d3d9d784b99f-1-300x225.jpg 300w, https:\/\/www.radiopiu.net\/wordpress\/wp-content\/uploads\/2020\/02\/826c110e-d6a0-4ea1-9b8a-d3d9d784b99f-1-1024x768.jpg 1024w, https:\/\/www.radiopiu.net\/wordpress\/wp-content\/uploads\/2020\/02\/826c110e-d6a0-4ea1-9b8a-d3d9d784b99f-1-768x576.jpg 768w, https:\/\/www.radiopiu.net\/wordpress\/wp-content\/uploads\/2020\/02\/826c110e-d6a0-4ea1-9b8a-d3d9d784b99f-1-1536x1152.jpg 1536w, https:\/\/www.radiopiu.net\/wordpress\/wp-content\/uploads\/2020\/02\/826c110e-d6a0-4ea1-9b8a-d3d9d784b99f-1.jpg 1600w\" sizes=\"auto, (max-width: 151px) 100vw, 151px\" \/><\/a><\/b><\/span>FELTRE<\/strong>\u00a0 Si \u00e8 insediato\u00a0 il nuovo segretario generale del Comune. Manuela Bassani. Il nuovo segretario generale ha incontrato in mattinata, in Sala degli Stemmi, il personale del Comune di Feltre per una prima presentazione; nel pomeriggio ha poi avuto modo di incontrare anche i membri della Giunta e, in serata, quelli del Consiglio Comunale. Da parte del Sindaco, dell&#8217;Amministrazione e dei Consiglieri, oltre che di tutto il personale del Comune di Feltre, sono giunti al nuovo segretario un sincero \u201cben arrivata\u201d e rinnovati auguri di un lavoro proficuo.<\/p>\n<p>&nbsp;<\/p>\n<p>&nbsp;<\/p>\n<hr \/>\n<h3><\/h3>\n<p>&nbsp;<\/p>\n<p>&nbsp;<\/p>\n<blockquote>\n<h2>A 15 MESI DA VAIA ANCORA AIUTI PER ROCCA PIETORE<\/h2>\n<\/blockquote>\n<p><strong>ROCCA PIETORE<\/strong> Il grazie di Andrea De Bernardin ai dipendenti Oras di Motta di Livenza e quelli del Codivilla Putti di Cortina per il contributo donato a seguito della calamit\u00e0 Vaia. Di soliti i Comuni porgono una mano agli ospedali (vedi fondi di confine per il Pronto Soccorso), in questo caso c&#8217;\u00e8 chi negli ospedali rinuncia a una parte del proprio stipendio per il post Vaia, e sono passati 15 mesi. Il sindaco di Rocca Pietore ringrazia e promette che saranno usati nel modo migliore quei contributi che commuovono.<em> &#8220;Parti importanti verranno messe in collaborazione con l&#8217;Ana regionale e nazionale per la costruzione di una sede della protezione civile con relativo eliporto, forse anche una sede pi\u00f9 dignitosa per i vigili del fuoco volontari&#8221;<\/em><\/p>\n<p><strong>IL GRAZIE DEL SINDACO\u00a0<\/strong><\/p>\n<h2><span style=\"color: #0000ff;\"><a style=\"color: #0000ff;\" href=\"https:\/\/m.facebook.com\/story.php?story_fbid=2436137956698689&amp;id=1499136710398823&amp;sfnsn=scwspwa&amp;extid=aBQvsmByYZt07tA9&amp;d=w&amp;vh=e\">CLICCA QUI<\/a><\/span><\/h2>\n<p>&nbsp;<\/p>\n<p>&nbsp;<\/p>\n<hr \/>\n<h3><\/h3>\n<p>&nbsp;<\/p>\n<p>&nbsp;<\/p>\n<p>&nbsp;<\/p>\n<blockquote>\n<h3>ESSERE GENITORI NELLA DISABILIT\u00c0<\/h3>\n<\/blockquote>\n<p><a class=\"dt-pswp-item\" href=\"https:\/\/www.radiopiu.net\/wordpress\/wp-content\/uploads\/2020\/02\/cuciti-al-cuore.jpeg\" data-dt-img-description=\"\" data-large_image_width=\"1200\" data-large_image_height=\"600\"><img loading=\"lazy\" decoding=\"async\" class=\" wp-image-117995 alignleft\" src=\"https:\/\/www.radiopiu.net\/wordpress\/wp-content\/uploads\/2020\/02\/cuciti-al-cuore-300x150.jpeg\" alt=\"\" width=\"244\" height=\"122\" srcset=\"https:\/\/www.radiopiu.net\/wordpress\/wp-content\/uploads\/2020\/02\/cuciti-al-cuore-300x150.jpeg 300w, https:\/\/www.radiopiu.net\/wordpress\/wp-content\/uploads\/2020\/02\/cuciti-al-cuore-1024x512.jpeg 1024w, https:\/\/www.radiopiu.net\/wordpress\/wp-content\/uploads\/2020\/02\/cuciti-al-cuore-768x384.jpeg 768w, https:\/\/www.radiopiu.net\/wordpress\/wp-content\/uploads\/2020\/02\/cuciti-al-cuore.jpeg 1200w\" sizes=\"auto, (max-width: 244px) 100vw, 244px\" \/><\/a><strong>BELLUNO<\/strong> Essere genitori nella disabilit\u00e0 \u00e8 un&#8217;abilit\u00e0 da apprendere. Pi\u00f9 facile a dirsi che a farsi e, per questo, \u00e8 necessario un confronto. Cos\u00ec Assi, associazione sociale sportiva invalidi, organizza l&#8217;incontro \u201cQuattro chiacchiere con Francesco Cannadoro\u201d, pap\u00e0 di Tommi e autore del libro &#8220;Cucitialcuore&#8221; oltre che curatore del blog www.diariodiunpadrefortunato.it. Si terr\u00e0 sabato 22 febbraio a Belluno, alle 17.30 presso la sede dell&#8217;Ana in via Tissi 10. Francesco Cannadoro \u00e8 un padre che ha scelto di condividere con il mondo la sua \u201cepica battaglia contro il drago\u201d, come lui stesso chiama la vita quotidiana quando si ha un bambino con disabilit\u00e0. Questo pap\u00e0 ha la capacit\u00e0 di dare voce, in modo ironico, dritto e reale, al mondo delle famiglie che affrontano battaglie simili alla sua, approfondendo argomenti di varia natura, spesso ma non esclusivamente legati al mondo della disabilit\u00e0. L&#8217;incontro \u00e8 a ingresso libero e, per ulteriori informazioni, si pu\u00f2 scrivere a dalpananna@gmail.com<\/p>\n<p>&nbsp;<\/p>\n<p>&nbsp;<\/p>\n<hr \/>\n<p>&nbsp;<\/p>\n<p>&nbsp;<\/p>\n<blockquote>\n<h2>Progetto di prevenzione del bullismo e del ciberbullismo<\/h2>\n<\/blockquote>\n<p><strong>BELLUNO<\/strong> Bisogno dei genitori e bisogni dei bambini in un mondo digitale. E&#8217; la traccia degli incontri che inizieranno giovedi alle 18 nell&#8217; Aula Magna della Scuola \u201cRicci\u201d.\u00a0 La partecipazione \u00e8 libera e aperta a tutti. Il parcheggio interno sar\u00e0 accessibile. Organizza l&#8217;Istituto Comprensivo1 Belluno. Giovedi\u00a0 primo incontro di presentazione del progetto rivolto<br \/>\nai genitori dei bambini che frequentano la scuola dell\u2019infanzia e le prime classi della scuola primaria con Giorgia Dal Mas e Paola Zambelli. Altri appuntamenti, 5 marzo: Bambini e nuove tecnologie\u00a0 (Filippo Tha); 19 marzo: Bambini, gioco e movimento\u00a0 (psicomotricista<br \/>\nEnrico Bogo). 2 aprile: Regole e limiti\u00a0 (Paola Costantini); 21 aprile: Le emozioni dei bambini (Anna Dal Pan).<\/p>\n<p>&nbsp;<\/p>\n<p>&nbsp;<\/p>\n<hr \/>\n<p>&nbsp;<\/p>\n<p>&nbsp;<\/p>\n<p>&nbsp;<\/p>\n<blockquote>\n<h2>DAI BALCANI UNA LEZIONE PER L&#8217;EUROPA<\/h2>\n<\/blockquote>\n<p style=\"text-align: left;\"><a class=\"dt-pswp-item\" href=\"https:\/\/www.radiopiu.net\/wordpress\/wp-content\/uploads\/2020\/02\/20200109_143836.jpg\" data-dt-img-description=\"\" data-large_image_width=\"1280\" data-large_image_height=\"960\"><img loading=\"lazy\" decoding=\"async\" class=\"size-medium wp-image-117996 alignleft\" src=\"https:\/\/www.radiopiu.net\/wordpress\/wp-content\/uploads\/2020\/02\/20200109_143836-300x225.jpg\" alt=\"\" width=\"300\" height=\"225\" srcset=\"https:\/\/www.radiopiu.net\/wordpress\/wp-content\/uploads\/2020\/02\/20200109_143836-300x225.jpg 300w, https:\/\/www.radiopiu.net\/wordpress\/wp-content\/uploads\/2020\/02\/20200109_143836-1024x768.jpg 1024w, https:\/\/www.radiopiu.net\/wordpress\/wp-content\/uploads\/2020\/02\/20200109_143836-768x576.jpg 768w, https:\/\/www.radiopiu.net\/wordpress\/wp-content\/uploads\/2020\/02\/20200109_143836.jpg 1280w\" sizes=\"auto, (max-width: 300px) 100vw, 300px\" \/><\/a><strong>BELLUNO<\/strong> Settimana importante per le Scuole in Rete per un Mondo di solidariet\u00e0 e Pace. Gioved\u00ec\u00a0 al teatro Comunale alla mattina\u00a0 &#8220;La scelta&#8221;, spettacolo teatrale di Marco Cortesi e Mara Moschini che racconta i perch\u00e9 e i come della guerra nella ex Jugoslavia. Alle 17:30, la presentazione del viaggio lungo i Balcani che 82 studenti ed insegnanti intraprenderanno a partire da domenica, parteciper\u00e0 anche Gianbattista Rigoni Stern, il figlio di Mario lo scrittore di Asiago, che presenter\u00e0 il proprio libro &#8220;Ti ho sconfitto Felce Aquilina&#8221; e presenter\u00e0 &#8220;la Transumanza della Pace&#8221;, il progetto di sostegno alla comunit\u00e0 e alle vedove di Srebrenica a cui, nel 25\u00b0 della tragedia le Scuole in rete dedicano una raccolta di fondi. A concludere la serata la proiezione, alla presenza degli attori, del pluripremiato film &#8220;Rwanda&#8221; con la regia di Riccardo Salvetti.<\/p>\n<p>&nbsp;<\/p>\n<p>&nbsp;<\/p>\n<p>&nbsp;<\/p>\n<p>&nbsp;<\/p>\n<hr \/>\n<p>&nbsp;<\/p>\n<h1><span style=\"color: #993366;\">CARNEVALE 2020 IN PROVINCIA\u00a0<\/span><\/h1>\n<p>&nbsp;<\/p>\n<h2>IL CARNEVALE NEL BORGO DI SOTTOGUDA<\/h2>\n<div style=\"width: 640px;\" class=\"wp-video\"><video class=\"wp-video-shortcode\" id=\"video-117951-1\" width=\"640\" height=\"352\" preload=\"metadata\" controls=\"controls\"><source type=\"video\/mp4\" src=\"https:\/\/www.radiopiu.net\/wordpress\/wp-content\/uploads\/2020\/02\/WhatsApp-Video-2020-02-17-at-19.33.16.mp4?_=1\" \/><a href=\"https:\/\/www.radiopiu.net\/wordpress\/wp-content\/uploads\/2020\/02\/WhatsApp-Video-2020-02-17-at-19.33.16.mp4\">https:\/\/www.radiopiu.net\/wordpress\/wp-content\/uploads\/2020\/02\/WhatsApp-Video-2020-02-17-at-19.33.16.mp4<\/a><\/video><\/div>\n<p>&nbsp;<\/p>\n<blockquote><p><strong>IL 23 FEBBRAIO LA ZINGHENESTA A CANALE<\/strong><\/p><\/blockquote>\n<p><strong>CANALE D&#8217;AGORDO<\/strong> L&#8217;appuntamento per l&#8217;ottava edizione de &#8220;La Zinghenesta&#8221; \u00e8 per il 23 febbraio prossimo. Il carnevale tipico di Canale D&#8217;Agordo avr\u00e0 una giornata tutta dedicata che inizier\u00e0 alle 8 del mattino per concludere verso le 16:30 quando ci sar\u00e0 il &#8220;processo al carnevale&#8221;.<\/p>\n<p>&nbsp;<\/p>\n<hr \/>\n<p>&nbsp;<\/p>\n<blockquote><p><strong>EL CARNEVAL DEI BOCE A TAIBON<\/strong><\/p><\/blockquote>\n<p><strong>TAIBON<\/strong> Domenica 23 febbraio consueto appuntamento con la mascherata dalla piazza del Municipio (ritrovo alle 14) che sfiler\u00e0 fino alla Casa di Soggiorno per persone anziane dell&#8217;Agordino. Invitati grandi e piccini<\/p>\n<p>&nbsp;<\/p>\n<hr \/>\n<p>&nbsp;<\/p>\n<blockquote><p><strong>EL CARNEVAL DEI BOCE A TEMA<\/strong><\/p><\/blockquote>\n<p><strong>LA VALLE<\/strong> Il carnevale a La Valle Agordina \u00e8 in calendario per il 23 febbraio quest&#8217;annno a tema con &#8220;Ti sorridono i monti&#8221;. Alle 14 gran sfilata dalla piazza, 15.30 festa in piazza con merenda, giochi e balli. Premi alla maschera, coppia e gruppo pi\u00f9 a tema e premi al gruppo pi\u00f9 numeroso. In caso di maltempo l&#8217;evento si terr\u00e0 alle scuole. Organizza la proloco di La Valle.<\/p>\n<p>&nbsp;<\/p>\n<hr \/>\n<p>&nbsp;<\/p>\n<p><strong>SAN GREGORIO<\/strong> Domenica alle 15 sar\u00e0 carnevale nella palestra comunale con la sfilata delle maschere, animazione e premiazioni.<\/p>\n<hr \/>\n<p>&nbsp;<\/p>\n<p>&nbsp;<\/p>\n<p>&nbsp;<\/p>\n<p>&nbsp;<\/p>\n<p>&nbsp;<\/p>\n<p><a class=\"dt-pswp-item\" href=\"https:\/\/www.radiopiu.net\/wordpress\/wp-content\/uploads\/2018\/09\/appuntamenti.jpeg\" data-dt-img-description=\"\" data-large_image_width=\"800\" data-large_image_height=\"100\"><img loading=\"lazy\" decoding=\"async\" class=\"alignnone wp-image-61958 size-full\" src=\"https:\/\/www.radiopiu.net\/wordpress\/wp-content\/uploads\/2018\/09\/appuntamenti.jpeg\" alt=\"\" width=\"800\" height=\"100\" srcset=\"https:\/\/www.radiopiu.net\/wordpress\/wp-content\/uploads\/2018\/09\/appuntamenti.jpeg 800w, https:\/\/www.radiopiu.net\/wordpress\/wp-content\/uploads\/2018\/09\/appuntamenti-300x38.jpeg 300w, https:\/\/www.radiopiu.net\/wordpress\/wp-content\/uploads\/2018\/09\/appuntamenti-768x96.jpeg 768w\" sizes=\"auto, (max-width: 800px) 100vw, 800px\" \/><\/a><\/p>\n<p>&nbsp;<\/p>\n<p>&nbsp;<\/p>\n<blockquote>\n<h3><a class=\"dt-pswp-item\" href=\"https:\/\/www.radiopiu.net\/wordpress\/wp-content\/uploads\/2020\/02\/db6b78f0-c3ee-4be0-8d49-396955cd04d3.jpg\" data-dt-img-description=\"\" data-large_image_width=\"432\" data-large_image_height=\"768\"><img loading=\"lazy\" decoding=\"async\" class=\"size-medium wp-image-117413 alignleft\" src=\"https:\/\/www.radiopiu.net\/wordpress\/wp-content\/uploads\/2020\/02\/db6b78f0-c3ee-4be0-8d49-396955cd04d3-169x300.jpg\" alt=\"\" width=\"169\" height=\"300\" srcset=\"https:\/\/www.radiopiu.net\/wordpress\/wp-content\/uploads\/2020\/02\/db6b78f0-c3ee-4be0-8d49-396955cd04d3-169x300.jpg 169w, https:\/\/www.radiopiu.net\/wordpress\/wp-content\/uploads\/2020\/02\/db6b78f0-c3ee-4be0-8d49-396955cd04d3.jpg 432w\" sizes=\"auto, (max-width: 169px) 100vw, 169px\" \/><\/a>CON CORRADO CATTADORI, C&#8217;ERA UNA VOLTA AGORDO. con il circolo fotografico GIGIA DE NARDIN<\/h3>\n<\/blockquote>\n<p><strong>AGORDO<\/strong> Una proposta del Circolo fotografico agordino Gigia De Nardin per questa sera\u00a0 \u00a0alle\u00a0 20,30 alla palestra delle scuole piano inferiore in Viale Sommariva ad Agordo, ingresso gratuito.\u00a0 Corrado Cattadori\u00a0 attraverso le immagini di un tempo racconert\u00e0 la Vecchia Agordo. La Grande guerra, il Carnevale, la sagra patronale dei santi Pietro e Paolo, l&#8217;inaugurazione della ferrovia e molto altro.<\/p>\n<p>&nbsp;<\/p>\n<p>&nbsp;<\/p>\n<p>&nbsp;<\/p>\n<p>&nbsp;<\/p>\n<p>&nbsp;<\/p>\n<p>&nbsp;<\/p>\n<p>&nbsp;<\/p>\n<hr \/>\n<p>&nbsp;<\/p>\n<p>&nbsp;<\/p>\n<p><strong>FELTRE<\/strong> Un incontro \u201cplenario\u201d, a cui sono invitati tutti i commercianti della citt\u00e0 e del territorio comunale, segna il passo al percorso di condivisione sulle prospettive future delle politiche del commercio. L\u2019appuntamento \u00e8 fissato per oggi alle 20.30 presso la Casa dei Beni Comuni al campus \u201cTina Merlin\u201d di Borgo Ruga.<\/p>\n<p>&nbsp;<\/p>\n<p>&nbsp;<\/p>\n<hr \/>\n<p>&nbsp;<\/p>\n<p><strong>BELLUNO <\/strong>Cosa vuol dire vivere a Gaza? \u00a0Lo spiegher\u00e0\u00a0 chi quotidianamente si ritrova in una realt\u00e0 in precario equilibrio.\u00a0 Gioved\u00ec 27 febbraio alle 18.30 presso la Sala Luciani a Belluno. Interverranno Fabio Zampieri Presidente Cri comitato di Belluno, Pietro Orlandi del comitato internazionale delegato per la sicurezza, Valentina Sommacal\u00a0 esperta di cooperazione internazionale. Moderatrice Romana Da Via della Cri Belluno.<\/p>\n<p>&nbsp;<\/p>\n<p>&nbsp;<\/p>\n<hr \/>\n<p>&nbsp;<\/p>\n<p>&nbsp;<\/p>\n<h2><span style=\"color: #ff0000;\">IERI ALLA\u00a0 RADIO, IN VIVO VERSO di Brunella Moro<\/span><\/h2>\n<blockquote class=\"wp-embedded-content\" data-secret=\"NigHAZm9EX\"><p><a href=\"https:\/\/www.radiopiu.net\/wordpress\/buon-compleanno-di-cinzia-tanzini-gessa\/\">BUON COMPLEANNO DI CINZIA TANZINI GESSA<\/a><\/p><\/blockquote>\n<p><iframe loading=\"lazy\" title=\"&#8220;BUON COMPLEANNO DI CINZIA TANZINI GESSA&#8221; &#8212; Radio Pi\u00f9\" class=\"wp-embedded-content\" sandbox=\"allow-scripts\" security=\"restricted\" style=\"position: absolute; clip: rect(1px, 1px, 1px, 1px);\" src=\"https:\/\/www.radiopiu.net\/wordpress\/buon-compleanno-di-cinzia-tanzini-gessa\/embed\/#?secret=NigHAZm9EX\" data-secret=\"NigHAZm9EX\" width=\"600\" height=\"338\" frameborder=\"0\" marginwidth=\"0\" marginheight=\"0\" scrolling=\"no\"><\/iframe><\/p>\n<h2>LA COLLEZIONE COMPLETA<\/h2>\n<blockquote class=\"wp-embedded-content\" data-secret=\"1NQbBlPd3E\"><p><a href=\"https:\/\/www.radiopiu.net\/wordpress\/in-vivo-verso\/\">In Vivo Verso<\/a><\/p><\/blockquote>\n<p><iframe loading=\"lazy\" title=\"&#8220;In Vivo Verso&#8221; &#8212; Radio Pi\u00f9\" class=\"wp-embedded-content\" sandbox=\"allow-scripts\" security=\"restricted\" style=\"position: absolute; clip: rect(1px, 1px, 1px, 1px);\" src=\"https:\/\/www.radiopiu.net\/wordpress\/in-vivo-verso\/embed\/#?secret=1NQbBlPd3E\" data-secret=\"1NQbBlPd3E\" width=\"600\" height=\"338\" frameborder=\"0\" marginwidth=\"0\" marginheight=\"0\" scrolling=\"no\"><\/iframe><\/p>\n<hr \/>\n<p>&nbsp;<\/p>\n<p>&nbsp;<\/p>\n<blockquote class=\"wp-embedded-content\" data-secret=\"f6wHIVoZsd\"><p><a href=\"https:\/\/www.radiopiu.net\/wordpress\/la-processione-che-da-borgo-pra-raggiungeva-il-quartier-cadore-di-renato-bona\/\">LA PROCESSIONE CHE DA BORGO PRA RAGGIUNGEVA IL QUARTIER CADORE di RENATO BONA<\/a><\/p><\/blockquote>\n<p><iframe loading=\"lazy\" title=\"&#8220;LA PROCESSIONE CHE DA BORGO PRA RAGGIUNGEVA IL QUARTIER CADORE di RENATO BONA&#8221; &#8212; Radio Pi\u00f9\" class=\"wp-embedded-content\" sandbox=\"allow-scripts\" security=\"restricted\" style=\"position: absolute; clip: rect(1px, 1px, 1px, 1px);\" src=\"https:\/\/www.radiopiu.net\/wordpress\/la-processione-che-da-borgo-pra-raggiungeva-il-quartier-cadore-di-renato-bona\/embed\/#?secret=f6wHIVoZsd\" data-secret=\"f6wHIVoZsd\" width=\"600\" height=\"338\" frameborder=\"0\" marginwidth=\"0\" marginheight=\"0\" scrolling=\"no\"><\/iframe><\/p>\n<p>&nbsp;<\/p>\n<p>&nbsp;<\/p>\n<p>&nbsp;<\/p>\n<p>&nbsp;<\/p>\n<p>&nbsp;<\/p>\n<p><a class=\"dt-pswp-item pspw-wrap-ready\" href=\"https:\/\/www.radiopiu.net\/wordpress\/wp-content\/uploads\/2018\/09\/viabilita.jpeg\" data-dt-img-description=\"\" data-large_image_width=\"800\" data-large_image_height=\"100\"><img loading=\"lazy\" decoding=\"async\" class=\"wp-image-61954 size-full aligncenter\" src=\"https:\/\/www.radiopiu.net\/wordpress\/wp-content\/uploads\/2018\/09\/viabilita.jpeg\" sizes=\"auto, (max-width: 800px) 100vw, 800px\" srcset=\"https:\/\/www.radiopiu.net\/wordpress\/wp-content\/uploads\/2018\/09\/viabilita.jpeg 800w, https:\/\/www.radiopiu.net\/wordpress\/wp-content\/uploads\/2018\/09\/viabilita-300x38.jpeg 300w, https:\/\/www.radiopiu.net\/wordpress\/wp-content\/uploads\/2018\/09\/viabilita-768x96.jpeg 768w\" alt=\"\" width=\"800\" height=\"100\" \/><\/a><\/p>\n<p>&nbsp;<\/p>\n<p>&nbsp;<\/p>\n<p><strong>563 di SALESEI tra PIAN DI SALESEI E SALESEI\u00a0<\/strong> FINO AL 21 febbraio esclusi festivi e prefestivi INTERDIZIONE TOTALE AL TRAFFICO dalle 9 alle 17 per rimozione schianti. negli altri orari senso unico con semaforo<\/p>\n<p><strong>PONTE NELLE ALPI <\/strong><em>Fino al 27 marzo, il traffico della statale 50, all&#8217;altezza dell&#8217;innesto con via dei Zattieri (che verr\u00e0 chiusa), sar\u00e0 deviato nel tratto di nuova rotatoria realizzata all&#8217;interno dell&#8217;area ex Comedil.<\/em><\/p>\n<p>&nbsp;<\/p>\n<p>&nbsp;<\/p>\n<p>&nbsp;<\/p>\n<p>&nbsp;<\/p>\n<hr \/>\n<p>&nbsp;<\/p>\n<h2><span style=\"color: #ff0000;\">IERI ALLA RADIO<\/span><\/h2>\n<blockquote>\n<h2>007 IN CONDOTTA, IL PROGRAMMA CON LA PROF. MARIA ROSA SALMAZO<\/h2>\n<\/blockquote>\n<blockquote class=\"wp-embedded-content\" data-secret=\"TITZQ1lQV7\"><p><a href=\"https:\/\/www.radiopiu.net\/wordpress\/il-carnevale-2\/\">Il carnevale<\/a><\/p><\/blockquote>\n<p><iframe loading=\"lazy\" title=\"&#8220;Il carnevale&#8221; &#8212; Radio Pi\u00f9\" class=\"wp-embedded-content\" sandbox=\"allow-scripts\" security=\"restricted\" style=\"position: absolute; clip: rect(1px, 1px, 1px, 1px);\" src=\"https:\/\/www.radiopiu.net\/wordpress\/il-carnevale-2\/embed\/#?secret=TITZQ1lQV7\" data-secret=\"TITZQ1lQV7\" width=\"600\" height=\"338\" frameborder=\"0\" marginwidth=\"0\" marginheight=\"0\" scrolling=\"no\"><\/iframe><\/p>\n<p>&nbsp;<\/p>\n<p>&nbsp;<\/p>\n<hr \/>\n<p>&nbsp;<\/p>\n<p>&nbsp;<\/p>\n<blockquote class=\"wp-embedded-content\" data-secret=\"DTpW3Ai20j\"><p><a href=\"https:\/\/www.radiopiu.net\/wordpress\/antica-madre\/\">ANTICA MADRE<\/a><\/p><\/blockquote>\n<p><iframe loading=\"lazy\" title=\"&#8220;ANTICA MADRE&#8221; &#8212; Radio Pi\u00f9\" class=\"wp-embedded-content\" sandbox=\"allow-scripts\" security=\"restricted\" style=\"position: absolute; clip: rect(1px, 1px, 1px, 1px);\" src=\"https:\/\/www.radiopiu.net\/wordpress\/antica-madre\/embed\/#?secret=DTpW3Ai20j\" data-secret=\"DTpW3Ai20j\" width=\"600\" height=\"338\" frameborder=\"0\" marginwidth=\"0\" marginheight=\"0\" scrolling=\"no\"><\/iframe><\/p>\n<h2>LA COLLEZIONE COMPLETA<\/h2>\n<blockquote class=\"wp-embedded-content\" data-secret=\"fwJD7qz4ks\"><p><a href=\"https:\/\/www.radiopiu.net\/wordpress\/due-minuti-un-libro\/\">Due minuti un libro<\/a><\/p><\/blockquote>\n<p><iframe loading=\"lazy\" title=\"&#8220;Due minuti un libro&#8221; &#8212; Radio Pi\u00f9\" class=\"wp-embedded-content\" sandbox=\"allow-scripts\" security=\"restricted\" style=\"position: absolute; clip: rect(1px, 1px, 1px, 1px);\" src=\"https:\/\/www.radiopiu.net\/wordpress\/due-minuti-un-libro\/embed\/#?secret=fwJD7qz4ks\" data-secret=\"fwJD7qz4ks\" width=\"600\" height=\"338\" frameborder=\"0\" marginwidth=\"0\" marginheight=\"0\" scrolling=\"no\"><\/iframe><\/p>\n<p>&nbsp;<\/p>\n<hr \/>\n<p>&nbsp;<\/p>\n<p>&nbsp;<\/p>\n<blockquote class=\"wp-embedded-content\" data-secret=\"2WNlzgTAOU\"><p><a href=\"https:\/\/www.radiopiu.net\/wordpress\/i-racconti-di-paolo-soppelsa-decima-puntata\/\">I RACCONTI DI PAOLO SOPPELSA DECIMA PUNTATA<\/a><\/p><\/blockquote>\n<p><iframe loading=\"lazy\" title=\"&#8220;I RACCONTI DI PAOLO SOPPELSA DECIMA PUNTATA&#8221; &#8212; Radio Pi\u00f9\" class=\"wp-embedded-content\" sandbox=\"allow-scripts\" security=\"restricted\" style=\"position: absolute; clip: rect(1px, 1px, 1px, 1px);\" src=\"https:\/\/www.radiopiu.net\/wordpress\/i-racconti-di-paolo-soppelsa-decima-puntata\/embed\/#?secret=2WNlzgTAOU\" data-secret=\"2WNlzgTAOU\" width=\"600\" height=\"338\" frameborder=\"0\" marginwidth=\"0\" marginheight=\"0\" scrolling=\"no\"><\/iframe><\/p>\n<h2>LA COLLEZIONE COMPLETA<\/h2>\n<blockquote class=\"wp-embedded-content\" data-secret=\"Gmt0IQmftK\"><p><a href=\"https:\/\/www.radiopiu.net\/wordpress\/i-racconti-di-paolo-soppelsa\/\">I racconti di Paolo Soppelsa<\/a><\/p><\/blockquote>\n<p><iframe loading=\"lazy\" title=\"&#8220;I racconti di Paolo Soppelsa&#8221; &#8212; Radio Pi\u00f9\" class=\"wp-embedded-content\" sandbox=\"allow-scripts\" security=\"restricted\" style=\"position: absolute; clip: rect(1px, 1px, 1px, 1px);\" src=\"https:\/\/www.radiopiu.net\/wordpress\/i-racconti-di-paolo-soppelsa\/embed\/#?secret=Gmt0IQmftK\" data-secret=\"Gmt0IQmftK\" width=\"600\" height=\"338\" frameborder=\"0\" marginwidth=\"0\" marginheight=\"0\" scrolling=\"no\"><\/iframe><\/p>\n<p>&nbsp;<\/p>\n<p>&nbsp;<\/p>\n<p>&nbsp;<\/p>\n<p><a class=\"dt-pswp-item\" href=\"https:\/\/www.radiopiu.net\/wordpress\/wp-content\/uploads\/2018\/09\/sport.jpg\" data-dt-img-description=\"\" data-large_image_width=\"800\" data-large_image_height=\"100\"><img loading=\"lazy\" decoding=\"async\" class=\"aligncenter wp-image-60761 size-full\" src=\"https:\/\/www.radiopiu.net\/wordpress\/wp-content\/uploads\/2018\/09\/sport.jpg\" alt=\"\" width=\"800\" height=\"100\" srcset=\"https:\/\/www.radiopiu.net\/wordpress\/wp-content\/uploads\/2018\/09\/sport.jpg 800w, https:\/\/www.radiopiu.net\/wordpress\/wp-content\/uploads\/2018\/09\/sport-300x38.jpg 300w, https:\/\/www.radiopiu.net\/wordpress\/wp-content\/uploads\/2018\/09\/sport-768x96.jpg 768w\" sizes=\"auto, (max-width: 800px) 100vw, 800px\" \/><\/a><\/p>\n<h3><\/h3>\n<h3 class=\"p1\"><span class=\"s1\"><b>THOMAS SERAFINI CAMPIONE ITALIANO NEI 1500 METRI INDOOR AD ANCONA<\/b><\/span><\/h3>\n<p class=\"p1\"><span class=\"s1\">Thomas Serafini, bellunese ma con mamma e pap\u00e0 di origini agordine, ha vinto il Campionato Italiano Indor ad Ancona nei 1500 metri. L\u2019atleta dell\u2019Athletic Club Firex Belluno si \u00e8 imposto nella gara nelle Marche concludendo la prova con il tempo di 4\u201904\u201d33 staccando di 12 centesimi il secondo arrivato. Classe 2003, il pap\u00e0 \u00e8 originario di Falcade mentre la mamma \u00e8 di Arabba. Thomas si \u00e8 specializzato nei 1500 metri ed ha avuto anche dei buoni risulti, specialmente nell\u2019ultimo periodo. La passione per l\u2019atletica \u00e8 iniziata con le prime gare di corsa campestre, poi il salto di qualit\u00e0 specializzandosi nelle discipline su pista. E\u2019 tesserato FIDAL dal 2011 ed \u00e8 allenato da Roberto Celato. Domenica \u00e8 arrivato il titolo italiano al Palaindor di Ancona che lo ha visto nelle prime posizioni per gran parte della gara. Nel finale uno sprint a tre, con Serafini che sul rettilineo finale ingrana la marcia giusta beffando per pochi centimetri il diretto avversario. Non solo la vittoria ma con il tempo di 4\u201904\u201d33 fa il primato stagionale di categoria. Thomas studia al Liceo Scentifico Galilei di Belluno e tra i risultati ottenuti spicca la vittoria del Campionato Italiano di corsa campestre CSI nel 2018. Sempre nello stesso anno un quarto posto nei 2000 metri FIDAL nazionali a Rieti e lo scorso anno ha partecipato sempre agli italiani ad Agropoli nei 1500<span class=\"Apple-converted-space\">\u00a0 <\/span>e 3000 metri.<\/span><\/p>\n<p><strong>LA FOTOGALLERY DEL FINE SETTIMANA AD ANCONA<\/strong><\/p>\n\n\t\t\t<style type='text\/css'>\n\t\t\t\t#gallery-1 {\n\t\t\t\t\tmargin: auto;\n\t\t\t\t}\n\t\t\t\t#gallery-1 .gallery-item {\n\t\t\t\t\tfloat: left;\n\t\t\t\t\tmargin-top: 10px;\n\t\t\t\t\ttext-align: center;\n\t\t\t\t\twidth: 33%;\n\t\t\t\t}\n\t\t\t\t#gallery-1 img {\n\t\t\t\t\tborder: 2px solid #cfcfcf;\n\t\t\t\t}\n\t\t\t\t#gallery-1 .gallery-caption {\n\t\t\t\t\tmargin-left: 0;\n\t\t\t\t}\n\t\t\t\t\/* see gallery_shortcode() in wp-includes\/media.php *\/\n\t\t\t<\/style>\n\t\t<div id='gallery-1' class='dt-gallery-container gallery galleryid-117951 gallery-columns-3 gallery-size-medium'><dl class='gallery-item'>\n\t\t\t\t<dt class='gallery-icon portrait'>\n\t\t\t\t\t<a class=\"rollover\" href='https:\/\/www.radiopiu.net\/wordpress\/tho\/whatsapp-image-2020-02-17-at-20-31-00-1\/'><img loading=\"lazy\" decoding=\"async\" width=\"225\" height=\"300\" src=\"https:\/\/www.radiopiu.net\/wordpress\/wp-content\/uploads\/2020\/02\/WhatsApp-Image-2020-02-17-at-20.31.00-1-225x300.jpeg\" class=\"attachment-medium size-medium\" alt=\"\" srcset=\"https:\/\/www.radiopiu.net\/wordpress\/wp-content\/uploads\/2020\/02\/WhatsApp-Image-2020-02-17-at-20.31.00-1-225x300.jpeg 225w, https:\/\/www.radiopiu.net\/wordpress\/wp-content\/uploads\/2020\/02\/WhatsApp-Image-2020-02-17-at-20.31.00-1-768x1024.jpeg 768w, https:\/\/www.radiopiu.net\/wordpress\/wp-content\/uploads\/2020\/02\/WhatsApp-Image-2020-02-17-at-20.31.00-1-1152x1536.jpeg 1152w, https:\/\/www.radiopiu.net\/wordpress\/wp-content\/uploads\/2020\/02\/WhatsApp-Image-2020-02-17-at-20.31.00-1.jpeg 1200w\" sizes=\"auto, (max-width: 225px) 100vw, 225px\" \/><\/a>\n\t\t\t\t<\/dt><\/dl><dl class='gallery-item'>\n\t\t\t\t<dt class='gallery-icon portrait'>\n\t\t\t\t\t<a class=\"rollover\" href='https:\/\/www.radiopiu.net\/wordpress\/tho\/whatsapp-image-2020-02-17-at-20-31-00\/'><img loading=\"lazy\" decoding=\"async\" width=\"225\" height=\"300\" src=\"https:\/\/www.radiopiu.net\/wordpress\/wp-content\/uploads\/2020\/02\/WhatsApp-Image-2020-02-17-at-20.31.00-225x300.jpeg\" class=\"attachment-medium size-medium\" alt=\"\" srcset=\"https:\/\/www.radiopiu.net\/wordpress\/wp-content\/uploads\/2020\/02\/WhatsApp-Image-2020-02-17-at-20.31.00-225x300.jpeg 225w, https:\/\/www.radiopiu.net\/wordpress\/wp-content\/uploads\/2020\/02\/WhatsApp-Image-2020-02-17-at-20.31.00-768x1024.jpeg 768w, https:\/\/www.radiopiu.net\/wordpress\/wp-content\/uploads\/2020\/02\/WhatsApp-Image-2020-02-17-at-20.31.00-1152x1536.jpeg 1152w, https:\/\/www.radiopiu.net\/wordpress\/wp-content\/uploads\/2020\/02\/WhatsApp-Image-2020-02-17-at-20.31.00.jpeg 1200w\" sizes=\"auto, (max-width: 225px) 100vw, 225px\" \/><\/a>\n\t\t\t\t<\/dt><\/dl><dl class='gallery-item'>\n\t\t\t\t<dt class='gallery-icon portrait'>\n\t\t\t\t\t<a class=\"rollover\" href='https:\/\/www.radiopiu.net\/wordpress\/tho\/whatsapp-image-2020-02-17-at-20-30-59\/'><img loading=\"lazy\" decoding=\"async\" width=\"225\" height=\"300\" src=\"https:\/\/www.radiopiu.net\/wordpress\/wp-content\/uploads\/2020\/02\/WhatsApp-Image-2020-02-17-at-20.30.59-225x300.jpeg\" class=\"attachment-medium size-medium\" alt=\"\" srcset=\"https:\/\/www.radiopiu.net\/wordpress\/wp-content\/uploads\/2020\/02\/WhatsApp-Image-2020-02-17-at-20.30.59-225x300.jpeg 225w, https:\/\/www.radiopiu.net\/wordpress\/wp-content\/uploads\/2020\/02\/WhatsApp-Image-2020-02-17-at-20.30.59-768x1024.jpeg 768w, https:\/\/www.radiopiu.net\/wordpress\/wp-content\/uploads\/2020\/02\/WhatsApp-Image-2020-02-17-at-20.30.59-1152x1536.jpeg 1152w, https:\/\/www.radiopiu.net\/wordpress\/wp-content\/uploads\/2020\/02\/WhatsApp-Image-2020-02-17-at-20.30.59.jpeg 1200w\" sizes=\"auto, (max-width: 225px) 100vw, 225px\" \/><\/a>\n\t\t\t\t<\/dt><\/dl><br style=\"clear: both\" \/>\n\t\t\t<\/div>\n\n<p>&nbsp;<\/p>\n<p>&nbsp;<\/p>\n<hr \/>\n<p>&nbsp;<\/p>\n<p>&nbsp;<\/p>\n<h3 class=\"p1\"><span class=\"s1\"><b>ULTIMA SETTIMANA DI QUALIFICATION ROUND PER L\u2019ALLEGHE<\/b><\/span><\/h3>\n<p class=\"p1\"><span class=\"s1\"><a class=\"dt-pswp-item\" href=\"https:\/\/www.radiopiu.net\/wordpress\/wp-content\/uploads\/2019\/08\/logo-alleghe-hockey.png\" data-dt-img-description=\"\" data-large_image_width=\"547\" data-large_image_height=\"512\"><img loading=\"lazy\" decoding=\"async\" class=\"size-medium wp-image-95699 alignright\" src=\"https:\/\/www.radiopiu.net\/wordpress\/wp-content\/uploads\/2019\/08\/logo-alleghe-hockey-300x281.png\" alt=\"\" width=\"300\" height=\"281\" srcset=\"https:\/\/www.radiopiu.net\/wordpress\/wp-content\/uploads\/2019\/08\/logo-alleghe-hockey-300x281.png 300w, https:\/\/www.radiopiu.net\/wordpress\/wp-content\/uploads\/2019\/08\/logo-alleghe-hockey.png 547w\" sizes=\"auto, (max-width: 300px) 100vw, 300px\" \/><\/a>Sar\u00e0 una settimana impegnativa per l\u2019Alleghe Hockey che giocher\u00e0 le ultime due partite del Qualification Round per la IHL. La squadra di Matikainen non \u00e8 riuscita a vincere sabato scorso in casa con il Caldaro. Un match combattuto con le squadre che non se le sono mandate a dire. Per ben 3 volte le civette si sono portate in vantaggio ma i lucci hanno sempre pareggiato i conti e portato la sfida all\u2019overtime dove il Caldaro ha conquistato il punto aggiuntivo con un gol a pochi secondi dalla fine. Ai biancorossi bastano 2 punti per strappare il pass valido per i quarti di finale ma non sar\u00e0 un gioco da ragazzi. 2 le partite ancora da giocare: si parte gioved\u00ec sera quando gli agordini dovranno affrontare l\u2019insidiosa trasferta ad Egna per giocare contro l\u2019Unterland Cavaliers. Gli altoatesini arrivano da due vittorie consecutive, con Como e Fiemme, e sono ancora in corsa per accedere alla fase finale. Una sconfitta per l\u2019Alleghe vorrebbe dire mettere in discussione la qualificazione anche se sabato prossimo al De Toni arriva il Como fanalino di coda della classifica. Quella di gioved\u00ec sera sar\u00e0 una finale secca per le civette che dovranno tirare fuori le unghie per conquistare quei benedetti 2 punti che valgono la qualificazione ai playoff. <\/span><\/p>\n<p class=\"p1\"><span class=\"s1\"><b>LORIS DE VAL, GIOCATORE DELL\u2019ALLEGHE HOCKEY<\/b><\/span><\/p>\n<audio class=\"wp-audio-shortcode\" id=\"audio-117951-11\" preload=\"none\" style=\"width: 100%;\" controls=\"controls\"><source type=\"audio\/mpeg\" src=\"https:\/\/www.radiopiu.net\/wordpress\/wp-content\/uploads\/2020\/02\/LORIS-DE-VAL-DOPO-CALDARO-17-FEB-2020.mp3?_=11\" \/><a href=\"https:\/\/www.radiopiu.net\/wordpress\/wp-content\/uploads\/2020\/02\/LORIS-DE-VAL-DOPO-CALDARO-17-FEB-2020.mp3\">https:\/\/www.radiopiu.net\/wordpress\/wp-content\/uploads\/2020\/02\/LORIS-DE-VAL-DOPO-CALDARO-17-FEB-2020.mp3<\/a><\/audio>\n<p>&nbsp;<\/p>\n<hr \/>\n<p>&nbsp;<\/p>\n<p>&nbsp;<\/p>\n<p>&nbsp;<\/p>\n<blockquote>\n<h2>TRICOLORI A FALCADE: ECCO GLI ATLETI.<\/h2>\n<\/blockquote>\n<p><strong><a class=\"dt-pswp-item\" href=\"https:\/\/www.radiopiu.net\/wordpress\/wp-content\/uploads\/2020\/02\/IMG_9255.jpg\" data-dt-img-description=\"\" data-large_image_width=\"1500\" data-large_image_height=\"1000\"><img loading=\"lazy\" decoding=\"async\" class=\"size-medium wp-image-118103 alignleft\" src=\"https:\/\/www.radiopiu.net\/wordpress\/wp-content\/uploads\/2020\/02\/IMG_9255-300x200.jpg\" alt=\"\" width=\"300\" height=\"200\" srcset=\"https:\/\/www.radiopiu.net\/wordpress\/wp-content\/uploads\/2020\/02\/IMG_9255-300x200.jpg 300w, https:\/\/www.radiopiu.net\/wordpress\/wp-content\/uploads\/2020\/02\/IMG_9255-1024x683.jpg 1024w, https:\/\/www.radiopiu.net\/wordpress\/wp-content\/uploads\/2020\/02\/IMG_9255-768x512.jpg 768w, https:\/\/www.radiopiu.net\/wordpress\/wp-content\/uploads\/2020\/02\/IMG_9255.jpg 1500w\" sizes=\"auto, (max-width: 300px) 100vw, 300px\" \/><\/a><\/strong>Sabato 22 e domenica 23 febbraio a Falcade si svolgeranno i Campionati italiani di fondo delle categorie Aspiranti e Giovani. In programma nella prima giornata le prove sprint, nella seconda le distance. Questa la selezione regionale: Giulia Facen (Polisportiva Sovramonte), Verena De Grandi (Sci nordico Marmolada), Maria Sole Cona (Sc Bosco), Iris De Martin Pinter (Valpadola), Roberta Cenci (Enego Lisser), Giorgia Da Ben (Sc Bosco), Giorgia Rigoni (Carabinieri), Giacomo Schivo (Sc Gallio), Andrea Zorzi (Ski College Veneto Falcade), Alex Massella (Sc Bosco), Filippo Sartori (Sc Gallio), Pietro Pomari (Fiamme Gialle), Elia Barp (Fiamme Gialle), Riccardo Lorenzo Masiero (Carabinieri). Oltre ai ragazzi delle squadre di comitato, ci sar\u00e0 una nutrita schiera di aggregati: Gabriele Carli, Stefano Carli, Leonardo Saccardi, Matteo Stander, Mattia Corso, Leonardo Doro, Alberto Ferro, Mattia Dimai, Simone Gaspari, Thomas Zovi, Giacomo Facco, Stefano Dal Magro, Giovanni De Col, Leonardo Busin, Emanuele Busin, Davide Costantin, Alex Serafini, Luca Brancaleone, Riccardo Munari, Alberto Vagretti, Antonella Dallago, Melissa Dandrea, Chiara De Cia, Alice Menegazzi, Jessica Pavan, Sara Zannin, Roberta Saltari, Gaia Alver\u00e0, Gioia Vagretti, Maria Stella Pellegrinon. I tecnici, coordinati da Elvezio Antoniol, saranno Simone Antoniol, Federico Maioni, Omar Genuin, Albert Walder, Elio De Martin Pinter, Alberto Pertile, Mirco Pezzo e Lara Menegazzi.<\/p>\n<p>&nbsp;<\/p>\n<p><strong>IL PRESIDENTE DELLO SCI CLUB MATTEO CAGNATI<\/strong><\/p>\n<audio class=\"wp-audio-shortcode\" id=\"audio-117951-12\" preload=\"none\" style=\"width: 100%;\" controls=\"controls\"><source type=\"audio\/mpeg\" src=\"https:\/\/www.radiopiu.net\/wordpress\/wp-content\/uploads\/2020\/02\/Matteo-Cagnati-Presidente-Sci-Club-Val-Biois.mp3?_=12\" \/><a href=\"https:\/\/www.radiopiu.net\/wordpress\/wp-content\/uploads\/2020\/02\/Matteo-Cagnati-Presidente-Sci-Club-Val-Biois.mp3\">https:\/\/www.radiopiu.net\/wordpress\/wp-content\/uploads\/2020\/02\/Matteo-Cagnati-Presidente-Sci-Club-Val-Biois.mp3<\/a><\/audio>\n<p><strong>L&#8217;ALLENATORE OMAR GENUIN\u00a0<\/strong><\/p>\n<audio class=\"wp-audio-shortcode\" id=\"audio-117951-13\" preload=\"none\" style=\"width: 100%;\" controls=\"controls\"><source type=\"audio\/mpeg\" src=\"https:\/\/www.radiopiu.net\/wordpress\/wp-content\/uploads\/2020\/02\/Omar-Genuin-Allenatore-Sci-Club-Val-Biois.mp3?_=13\" \/><a href=\"https:\/\/www.radiopiu.net\/wordpress\/wp-content\/uploads\/2020\/02\/Omar-Genuin-Allenatore-Sci-Club-Val-Biois.mp3\">https:\/\/www.radiopiu.net\/wordpress\/wp-content\/uploads\/2020\/02\/Omar-Genuin-Allenatore-Sci-Club-Val-Biois.mp3<\/a><\/audio>\n<p>&nbsp;<\/p>\n<p>&nbsp;<\/p>\n<p>&nbsp;<\/p>\n<hr \/>\n<h2><\/h2>\n<h2><\/h2>\n<h2>SPORTIVAMENTE BELLUNO: CINQUE QUALIFICATI AI CAMPIONATI REGIONALI<\/h2>\n<p><strong>BELLUNO<\/strong>\u00a0 Sportivamente Belluno sugli scudi a Bassano e Ros\u00e0, dove si sono svolte le eliminatorie di ammissione ai Campionati regionali. Brilla, in particolare, Gabriele Porta: il nuotatore, classe 2004, si era gi\u00e0 assicurato la qualificazione alla rassegna veneta nei 50 stile, ma \u00e8 riuscito a migliorare ulteriormente il suo personale, portandolo a 25\u201d51. Sempre nei 50 stile, limano di qualche decimo il loro miglior tempo anche Matias Boccanegra (26\u201d36), Giacomo Sponga (28\u201d19), Sara Sommacal (30\u201d35) e Minerva Dall\u2019O\u2019 (30\u201d98). Ottima pure la prestazione di Davide Marsala Zambito (classe 2006), che nei 100 stile abbatte il suo record di quasi un secondo (1\u201907\u201d75). E buone, inoltre, le prove di Giacomo Sponga (1\u201902\u201d05) e di Minerva Dall\u2019O\u2019 (1\u201907\u201d75). A Ros\u00e0, invece, si distingue Davide Marsala Zambito: anche lui, come Porta, era gi\u00e0 qualificato. E abbassa di un secondo il suo personale nei 100 dorso, chiusi in 1\u201906\u201d80, mentre nei 200 stile ferma il cronometro a 2\u201910\u201d13, due secondi in meno rispetto al suo \u201cbest time\u201d. E Maddalena Rossi? Oltre ad andare forte nei 50 delfino (31\u201d47), conquista il pass per i Regionali nei 100 con il tempo di 1\u201907\u201d77. Da sottolineare poi le buone prestazioni di Marinella Petten\u00f2 nei 200 stile (2\u201917\u201d20) e nei 100 dorso (1\u201913\u201d53). Sempre nei 100 dorso, bene Sara Sommacal (1\u201915\u201d86) ed Eleonora Cibien (1\u201916\u201d20), cos\u00ec come Minerva Dall\u2019O\u2019 nei 100 delfino (1\u201915\u201d06). Esprimono grande soddisfazione i tecnici Alberto Cassol e Giulia Bortot, che accompagneranno Gabriele Porta, Vittoria Schincariol, Maddalena Rossi, Marinella Petten\u00f2 e Davide Marsala Zambito ai campionati regionali, il 15 marzo in vasca a Verona e a Ros\u00e0.<\/p>\n<p>&nbsp;<\/p>\n<p>&nbsp;<\/p>\n<p>&nbsp;<\/p>\n<hr \/>\n<p>&nbsp;<\/p>\n<p>&nbsp;<\/p>\n<p>&nbsp;<\/p>\n<p><a class=\"dt-pswp-item\" href=\"https:\/\/www.radiopiu.net\/wordpress\/wp-content\/uploads\/2018\/09\/WhatsApp-Image-2018-09-20-at-16.04.06.jpeg\" data-dt-img-description=\"\" data-large_image_width=\"800\" data-large_image_height=\"100\"><img loading=\"lazy\" decoding=\"async\" class=\"aligncenter wp-image-61378 size-full\" src=\"https:\/\/www.radiopiu.net\/wordpress\/wp-content\/uploads\/2018\/09\/WhatsApp-Image-2018-09-20-at-16.04.06.jpeg\" alt=\"\" width=\"800\" height=\"100\" srcset=\"https:\/\/www.radiopiu.net\/wordpress\/wp-content\/uploads\/2018\/09\/WhatsApp-Image-2018-09-20-at-16.04.06.jpeg 800w, https:\/\/www.radiopiu.net\/wordpress\/wp-content\/uploads\/2018\/09\/WhatsApp-Image-2018-09-20-at-16.04.06-300x38.jpeg 300w, https:\/\/www.radiopiu.net\/wordpress\/wp-content\/uploads\/2018\/09\/WhatsApp-Image-2018-09-20-at-16.04.06-768x96.jpeg 768w\" sizes=\"auto, (max-width: 800px) 100vw, 800px\" \/><\/a><\/p>\n<p>&nbsp;<\/p>\n<p><center><b>Martedi 18<\/b><\/center><b>Tempo atteso: <\/b>Dopo la nuvolosit\u00e0 e i possibili fenomeni notturni, essenzialmente sulle Dolomiti, durante il giorno il cielo sar\u00e0 in genere poco nuvoloso sulle Dolomiti, mentre sulle Prealpi il cielo sar\u00e0 irregolarmente nuvoloso, con ampie schiarite mattutine e possibili addensamenti pomeridiani, associati a qualche breve fenomeno d&#8217;instabilit\u00e0.<br \/>\n<b>Precipitazioni: <\/b>Sulle Dolomiti rischio contenuto nella notte (20-30%), nevose oltre i 1300-1400 m, assenti in giornata. Sulle Prealpi assenti al mattino (0%), non esclusi al pomeriggio (30%) sotto forma di qualche breve e debole rovescio, nevoso oltre i 1100-1300 m.<br \/>\n<b>Temperature: <\/b>Minime in lieve diminuzione in quota, raggiunte in tarda serata, massime in aumento nelle valli. Su Prealpi a 1500 m min 0\u00b0C max 2\u00b0C, a 2000 m min -2\u00b0C max -1\u00b0C. Su Dolomiti a 2000 m min -3\u00b0C max 0\u00b0C, a 3000 m min -11\u00b0C max -7\u00b0C.<br \/>\n<b>Venti: <\/b>Nelle valli deboli di direzione variabile, salvo un po&#8217; di F\u00f6hn al primo mattino in qualche valle dolomitica; in quota deboli dai quadranti occidentali, al pi\u00f9 a tratti moderati, a 5-20 km\/h a 2000 m, a 10-20 km\/h a 3000 m.<\/p>\n<hr \/>\n<p><center><b>Mercoledi 19<\/b><\/center><b>Tempo atteso: <\/b>Giornata variabile e pi\u00f9 fredda in quota, con tendenza a miglioramento nel pomeriggio-sera. Il cielo sar\u00e0 irregolarmente nuvoloso al mattino con possibili deboli fenomeni, mentre nel pomeriggio si apriranno ampie schiarite, pur con qualche residuo fenomeno. Possibili addensamenti sulle creste di confine fin verso sera.<br \/>\n<b>Precipitazioni: <\/b>Possibilit\u00e0 di deboli e brevi precipitazioni, sia al mattino che nel pomeriggio, specie su Vicentino e Bellunese (40-60%). Limite delle eventuali, deboli nevicate fra i 900 e i 1100 m. Verso sera fenomeni in esaurimento, salvo residue burrasche di neve sulle creste di confine.<br \/>\n<b>Temperature: <\/b>In diminuzione. Su Prealpi a 1500 m min -2\u00b0C max 0\u00b0C, a 2000 m min -5\u00b0C max -3\u00b0C. Su Dolomiti a 2000 m min -9\u00b0C max -3\u00b0C, a 3000 m min -17\u00b0C max -12\u00b0C.<br \/>\n<b>Venti: <\/b>Nelle valli inizialmente deboli o moderati, poi probabili raffiche di F\u00f6hn dal tardo pomeriggio; in quota in graduale rotazione da ovest a nord-ovest durante la giornata, fino a nord in serata, in intensificazione da moderati\/tesi a tesi\/forti, 5-35 km\/h a 2000 m, 20-60 km\/h a 3000 m.<\/p>\n<hr \/>\n<p><center><b>Giovedi 20<\/b><\/center>Giornata splendida, ma relativamente fredda e un po&#8217; ventilata in quota. Il cielo risulter\u00e0 sereno e terso. Temperature minime in diminuzione, massime stazionarie. Venti in quota moderati o tesi da nord-ovest.<\/p>\n<hr \/>\n<p><center><b>Venerdi 21<\/b><\/center>Tempo bello e pi\u00f9 mite di giorno, con cielo sereno o poco nuvoloso. Temperature massime in aumento. Venti in quota ancora moderati o tesi da nord-ovest. Previsore: B.R.<\/p>\n","protected":false},"excerpt":{"rendered":"<p>PER RICEVERE QUESTO NOTIZIARIO DIRETTAMENTE SUL TUO CELLULARE ISCRIVITI AL CANALE TELEGRAM &#8220;RADIO PIU\u00a0 INFORMAZIONE&#8221;\u00a0 &nbsp; 563 di SALESEI tra PIAN DI SALESEI E SALESEI\u00a0 FINO AL 21 febbraio esclusi festivi e prefestivi INTERDIZIONE TOTALE AL TRAFFICO dalle 9 alle 17 per rimozione schianti. negli altri orari senso unico con semaforo Gestione Servizi Pubblici informa&hellip;<\/p>\n","protected":false},"author":1,"featured_media":117980,"comment_status":"closed","ping_status":"closed","sticky":false,"template":"","format":"standard","meta":{"_monsterinsights_skip_tracking":false,"_monsterinsights_sitenote_active":false,"_monsterinsights_sitenote_note":"","_monsterinsights_sitenote_category":0,"footnotes":""},"categories":[1,86],"tags":[],"class_list":["post-117951","post","type-post","status-publish","format-standard","has-post-thumbnail","hentry","category-senza-categoria","category-gr","category-1","category-86","description-off"],"img_url":"https:\/\/www.radiopiu.net\/wordpress\/wp-content\/uploads\/2020\/02\/A.jpg","_links":{"self":[{"href":"https:\/\/www.radiopiu.net\/wordpress\/wp-json\/wp\/v2\/posts\/117951","targetHints":{"allow":["GET"]}}],"collection":[{"href":"https:\/\/www.radiopiu.net\/wordpress\/wp-json\/wp\/v2\/posts"}],"about":[{"href":"https:\/\/www.radiopiu.net\/wordpress\/wp-json\/wp\/v2\/types\/post"}],"author":[{"embeddable":true,"href":"https:\/\/www.radiopiu.net\/wordpress\/wp-json\/wp\/v2\/users\/1"}],"replies":[{"embeddable":true,"href":"https:\/\/www.radiopiu.net\/wordpress\/wp-json\/wp\/v2\/comments?post=117951"}],"version-history":[{"count":0,"href":"https:\/\/www.radiopiu.net\/wordpress\/wp-json\/wp\/v2\/posts\/117951\/revisions"}],"wp:featuredmedia":[{"embeddable":true,"href":"https:\/\/www.radiopiu.net\/wordpress\/wp-json\/wp\/v2\/media\/117980"}],"wp:attachment":[{"href":"https:\/\/www.radiopiu.net\/wordpress\/wp-json\/wp\/v2\/media?parent=117951"}],"wp:term":[{"taxonomy":"category","embeddable":true,"href":"https:\/\/www.radiopiu.net\/wordpress\/wp-json\/wp\/v2\/categories?post=117951"},{"taxonomy":"post_tag","embeddable":true,"href":"https:\/\/www.radiopiu.net\/wordpress\/wp-json\/wp\/v2\/tags?post=117951"}],"curies":[{"name":"wp","href":"https:\/\/api.w.org\/{rel}","templated":true}]}}